{"id":9094,"date":"2020-12-11T10:37:37","date_gmt":"2020-12-11T09:37:37","guid":{"rendered":"http:\/\/www.salesianos.edu\/familiasalesiana\/10-anos-de-una-historia-de-agradecimientos-en-salesianos-cadiz\/"},"modified":"2020-12-11T10:37:37","modified_gmt":"2020-12-11T09:37:37","slug":"10-anos-de-una-historia-de-agradecimientos-en-salesianos-cadiz","status":"publish","type":"post","link":"https:\/\/www.salesianos.edu\/familiasalesiana\/10-anos-de-una-historia-de-agradecimientos-en-salesianos-cadiz\/","title":{"rendered":"10 a\u00f1os de una historia de agradecimientos en Salesianos C\u00e1diz"},"content":{"rendered":"<div id=\"fb-root\"><\/div>\n<p>[et_pb_section fb_built=\u00bb1&#8243; admin_label=\u00bbsection\u00bb _builder_version=\u00bb3.22&#8243;][et_pb_row admin_label=\u00bbrow\u00bb _builder_version=\u00bb3.25&#8243; background_size=\u00bbinitial\u00bb background_position=\u00bbtop_left\u00bb background_repeat=\u00bbrepeat\u00bb][et_pb_column type=\u00bb4_4&#8243; _builder_version=\u00bb3.25&#8243; custom_padding=\u00bb|||\u00bb custom_padding__hover=\u00bb|||\u00bb][et_pb_text _builder_version=\u00bb4.7.4&#8243;]<\/p>\n<p><em><span style=\"font-size: 10pt;\">Por Marco V\u00e1zquez<\/span><\/em><\/p>\n<p>[\/et_pb_text][et_pb_text _builder_version=\u00bb4.7.4&#8243;]<\/p>\n<p>Seg\u00fan vamos creciendo y madurando con experiencias de todo tipo, nos vamos dando cuenta que en la vida van perdiendo fuerza los momentos especiales, brillantes y culminantes en favor de los momentos sencillos y cotidianos; esos encuentros \u00edntimos con gente de confianza, la satisfacci\u00f3n de una tarea bien hecha o el calor y afecto de los nuestros.<\/p>\n<p>Es cierto que la playa est\u00e1 llena de granos de arena al igual que la vida est\u00e1 llena de instantes y aunque agradecemos las buenas y grandes celebraciones, tambi\u00e9n son necesarias y tonificadoras las pausas serenas en esa playa llena de peque\u00f1os momentos.<\/p>\n<p>La casa de C\u00e1diz celebra una de esas efem\u00e9rides que re\u00fanen y justifican esos grandes eventos. Sin embargo, 10 a\u00f1os de vida de la devoci\u00f3n a la Sant\u00edsima Virgen de la Concepci\u00f3n, est\u00e1n llenas de cuentas de rosarios, de confidencias a sus pies, de cientos y miles de suspiros que son instantes que han dado vida a cuantos se han acercado a su mirada.<\/p>\n<p>Si bien, la devoci\u00f3n a Mar\u00eda estaba bien arraigada ya en la casa de C\u00e1diz y en el barrio con advocaciones que, como un jard\u00edn bien regado y cuidado, desprenden a su paso fragancias y colorido sin par; Mar\u00eda Sant\u00edsima de la Concepci\u00f3n viene a dar plenitud y riqueza a un coraz\u00f3n creyente que como tierra f\u00e9rtil, concede frutos de misericordia y caridad.<\/p>\n<p>La que oyendo la Palabra, se identifica con ella hasta tal punto que la hace en su seno carne de su carne por la gracia del Esp\u00edritu, nos marca con sencillez la senda que todos los seguidores de Jes\u00fas de Nazaret debemos seguir. Sensibles a la voz De Dios en nuestras vidas, hacemos hueco profundo para que se asiente y la semilla de la fe pueda crecer robusta.<\/p>\n<p>Estamos de fiesta, estamos de celebraci\u00f3n y las mejores galas sirven para mostrar el amor que anida en nuestro interior. Toda una historia, la historia De la Iglesia desde su nacimiento hasta nuestros d\u00edas, son una prueba impecable para comprobar la riqueza que ha significado la presencia de Mar\u00eda en nuestra existencia. Damos gracias a Dios por la compa\u00f1\u00eda de Mar\u00eda en nuestro caminar y damos gracias a Dios por estos diez a\u00f1os de regalos a su paso. Rezamos juntos para que como mejor regalo en esta fiesta, podamos ofrecer un coraz\u00f3n generoso que se entrega por los m\u00e1s pobres: esa es la mayor garant\u00eda de hondura y continuidad de esta querida devoci\u00f3n.<\/p>\n<p>[\/et_pb_text][et_pb_button button_url=\u00bbhttp:\/\/despojadocadiz.blogspot.com\/\u00bb url_new_window=\u00bbon\u00bb button_text=\u00bbPara conocer m\u00e1s sobre la Hermandad Salesiana. \u00bb button_alignment=\u00bbleft\u00bb _builder_version=\u00bb4.7.4&#8243; custom_button=\u00bbon\u00bb button_text_size=\u00bb15px\u00bb button_text_color=\u00bb#ffffff\u00bb button_bg_color=\u00bb#dc001b\u00bb button_border_radius=\u00bb26px\u00bb][\/et_pb_button][\/et_pb_column][\/et_pb_row][\/et_pb_section]<\/p>\n","protected":false},"excerpt":{"rendered":"<p>Por Marco V\u00e1zquezSeg\u00fan vamos creciendo y madurando con experiencias de todo tipo, nos vamos dando cuenta que en la vida van perdiendo fuerza los momentos especiales, brillantes y culminantes en favor de los momentos sencillos y cotidianos; esos encuentros \u00edntimos con gente de confianza, la satisfacci\u00f3n de una tarea bien hecha o el calor y [&hellip;]<\/p>\n","protected":false},"author":12,"featured_media":9095,"comment_status":"open","ping_status":"open","sticky":false,"template":"","format":"standard","meta":{"_et_pb_use_builder":"on","_et_pb_old_content":"","_et_gb_content_width":"","footnotes":""},"categories":[46,27],"tags":[],"class_list":["post-9094","post","type-post","status-publish","format-standard","has-post-thumbnail","hentry","category-curso20-21","category-fasa"],"yoast_head":"<!-- This site is optimized with the Yoast SEO plugin v27.5 - https:\/\/yoast.com\/product\/yoast-seo-wordpress\/ -->\n<title>10 a\u00f1os de una historia de agradecimientos en Salesianos C\u00e1diz - Familia Salesiana<\/title>\n<meta name=\"robots\" content=\"index, follow, max-snippet:-1, max-image-preview:large, max-video-preview:-1\" \/>\n<link rel=\"canonical\" href=\"https:\/\/www.salesianos.edu\/familiasalesiana\/10-anos-de-una-historia-de-agradecimientos-en-salesianos-cadiz\/\" \/>\n<meta property=\"og:locale\" content=\"es_ES\" \/>\n<meta property=\"og:type\" content=\"article\" \/>\n<meta property=\"og:title\" content=\"10 a\u00f1os de una historia de agradecimientos en Salesianos C\u00e1diz - Familia Salesiana\" \/>\n<meta property=\"og:description\" content=\"Titulo p\u00e1ginas Subtitulo 1 Lorem Ipsum es simplemente el texto de relleno de las imprentas y archivos de texto. Lorem Ipsum ha sido el texto de relleno est\u00e1ndar de las industrias desde el a\u00f1o 1500, cuando un impresor (N. del T. persona que se dedica a la imprenta) desconocido us\u00f3 una galer\u00eda de textos y [&hellip;]\" \/>\n<meta property=\"og:url\" content=\"https:\/\/www.salesianos.edu\/familiasalesiana\/10-anos-de-una-historia-de-agradecimientos-en-salesianos-cadiz\/\" \/>\n<meta property=\"og:site_name\" content=\"Familia Salesiana\" \/>\n<meta property=\"article:published_time\" content=\"2020-12-11T09:37:37+00:00\" \/>\n<meta property=\"og:image\" content=\"https:\/\/www.salesianos.edu\/familiasalesiana\/wp-content\/uploads\/sites\/5\/2020\/12\/Cadiz_HS-scaled.jpg\" \/>\n\t<meta property=\"og:image:width\" content=\"2560\" \/>\n\t<meta property=\"og:image:height\" content=\"1639\" \/>\n\t<meta property=\"og:image:type\" content=\"image\/jpeg\" \/>\n<meta name=\"author\" content=\"joseluisgarciamoscoso\" \/>\n<meta name=\"twitter:card\" content=\"summary_large_image\" \/>\n<meta name=\"twitter:label1\" content=\"Escrito por\" \/>\n\t<meta name=\"twitter:data1\" content=\"joseluisgarciamoscoso\" \/>\n\t<meta name=\"twitter:label2\" content=\"Tiempo de lectura\" \/>\n\t<meta name=\"twitter:data2\" content=\"3 minutos\" \/>\n<script type=\"application\/ld+json\" class=\"yoast-schema-graph\">{\"@context\":\"https:\\\/\\\/schema.org\",\"@graph\":[{\"@type\":\"Article\",\"@id\":\"https:\\\/\\\/www.salesianos.edu\\\/familiasalesiana\\\/10-anos-de-una-historia-de-agradecimientos-en-salesianos-cadiz\\\/#article\",\"isPartOf\":{\"@id\":\"https:\\\/\\\/www.salesianos.edu\\\/familiasalesiana\\\/10-anos-de-una-historia-de-agradecimientos-en-salesianos-cadiz\\\/\"},\"author\":{\"name\":\"joseluisgarciamoscoso\",\"@id\":\"http:\\\/\\\/www.salesianos.edu\\\/familiasalesiana\\\/#\\\/schema\\\/person\\\/a1d72ee5373cce7347fb2993ba9f47d6\"},\"headline\":\"10 a\u00f1os de una historia de agradecimientos en Salesianos C\u00e1diz\",\"datePublished\":\"2020-12-11T09:37:37+00:00\",\"mainEntityOfPage\":{\"@id\":\"https:\\\/\\\/www.salesianos.edu\\\/familiasalesiana\\\/10-anos-de-una-historia-de-agradecimientos-en-salesianos-cadiz\\\/\"},\"wordCount\":570,\"commentCount\":0,\"image\":{\"@id\":\"https:\\\/\\\/www.salesianos.edu\\\/familiasalesiana\\\/10-anos-de-una-historia-de-agradecimientos-en-salesianos-cadiz\\\/#primaryimage\"},\"thumbnailUrl\":\"https:\\\/\\\/www.salesianos.edu\\\/familiasalesiana\\\/wp-content\\\/uploads\\\/sites\\\/5\\\/2020\\\/12\\\/Cadiz_HS-scaled.jpg\",\"articleSection\":[\"Curso20-21\",\"Familia Salesiana\"],\"inLanguage\":\"es\",\"potentialAction\":[{\"@type\":\"CommentAction\",\"name\":\"Comment\",\"target\":[\"https:\\\/\\\/www.salesianos.edu\\\/familiasalesiana\\\/10-anos-de-una-historia-de-agradecimientos-en-salesianos-cadiz\\\/#respond\"]}]},{\"@type\":\"WebPage\",\"@id\":\"https:\\\/\\\/www.salesianos.edu\\\/familiasalesiana\\\/10-anos-de-una-historia-de-agradecimientos-en-salesianos-cadiz\\\/\",\"url\":\"https:\\\/\\\/www.salesianos.edu\\\/familiasalesiana\\\/10-anos-de-una-historia-de-agradecimientos-en-salesianos-cadiz\\\/\",\"name\":\"10 a\u00f1os de una historia de agradecimientos en Salesianos C\u00e1diz - Familia Salesiana\",\"isPartOf\":{\"@id\":\"http:\\\/\\\/www.salesianos.edu\\\/familiasalesiana\\\/#website\"},\"primaryImageOfPage\":{\"@id\":\"https:\\\/\\\/www.salesianos.edu\\\/familiasalesiana\\\/10-anos-de-una-historia-de-agradecimientos-en-salesianos-cadiz\\\/#primaryimage\"},\"image\":{\"@id\":\"https:\\\/\\\/www.salesianos.edu\\\/familiasalesiana\\\/10-anos-de-una-historia-de-agradecimientos-en-salesianos-cadiz\\\/#primaryimage\"},\"thumbnailUrl\":\"https:\\\/\\\/www.salesianos.edu\\\/familiasalesiana\\\/wp-content\\\/uploads\\\/sites\\\/5\\\/2020\\\/12\\\/Cadiz_HS-scaled.jpg\",\"datePublished\":\"2020-12-11T09:37:37+00:00\",\"author\":{\"@id\":\"http:\\\/\\\/www.salesianos.edu\\\/familiasalesiana\\\/#\\\/schema\\\/person\\\/a1d72ee5373cce7347fb2993ba9f47d6\"},\"breadcrumb\":{\"@id\":\"https:\\\/\\\/www.salesianos.edu\\\/familiasalesiana\\\/10-anos-de-una-historia-de-agradecimientos-en-salesianos-cadiz\\\/#breadcrumb\"},\"inLanguage\":\"es\",\"potentialAction\":[{\"@type\":\"ReadAction\",\"target\":[\"https:\\\/\\\/www.salesianos.edu\\\/familiasalesiana\\\/10-anos-de-una-historia-de-agradecimientos-en-salesianos-cadiz\\\/\"]}]},{\"@type\":\"ImageObject\",\"inLanguage\":\"es\",\"@id\":\"https:\\\/\\\/www.salesianos.edu\\\/familiasalesiana\\\/10-anos-de-una-historia-de-agradecimientos-en-salesianos-cadiz\\\/#primaryimage\",\"url\":\"https:\\\/\\\/www.salesianos.edu\\\/familiasalesiana\\\/wp-content\\\/uploads\\\/sites\\\/5\\\/2020\\\/12\\\/Cadiz_HS-scaled.jpg\",\"contentUrl\":\"https:\\\/\\\/www.salesianos.edu\\\/familiasalesiana\\\/wp-content\\\/uploads\\\/sites\\\/5\\\/2020\\\/12\\\/Cadiz_HS-scaled.jpg\",\"width\":2560,\"height\":1639},{\"@type\":\"BreadcrumbList\",\"@id\":\"https:\\\/\\\/www.salesianos.edu\\\/familiasalesiana\\\/10-anos-de-una-historia-de-agradecimientos-en-salesianos-cadiz\\\/#breadcrumb\",\"itemListElement\":[{\"@type\":\"ListItem\",\"position\":1,\"name\":\"Portada\",\"item\":\"http:\\\/\\\/www.salesianos.edu\\\/familiasalesiana\\\/\"},{\"@type\":\"ListItem\",\"position\":2,\"name\":\"10 a\u00f1os de una historia de agradecimientos en Salesianos C\u00e1diz\"}]},{\"@type\":\"WebSite\",\"@id\":\"http:\\\/\\\/www.salesianos.edu\\\/familiasalesiana\\\/#website\",\"url\":\"http:\\\/\\\/www.salesianos.edu\\\/familiasalesiana\\\/\",\"name\":\"Familia Salesiana\",\"description\":\"P\u00e1gina oficial de Inspector\u00eda Salesiana Mar\u00eda Auxiliadora\",\"potentialAction\":[{\"@type\":\"SearchAction\",\"target\":{\"@type\":\"EntryPoint\",\"urlTemplate\":\"http:\\\/\\\/www.salesianos.edu\\\/familiasalesiana\\\/?s={search_term_string}\"},\"query-input\":{\"@type\":\"PropertyValueSpecification\",\"valueRequired\":true,\"valueName\":\"search_term_string\"}}],\"inLanguage\":\"es\"},{\"@type\":\"Person\",\"@id\":\"http:\\\/\\\/www.salesianos.edu\\\/familiasalesiana\\\/#\\\/schema\\\/person\\\/a1d72ee5373cce7347fb2993ba9f47d6\",\"name\":\"joseluisgarciamoscoso\",\"image\":{\"@type\":\"ImageObject\",\"inLanguage\":\"es\",\"@id\":\"https:\\\/\\\/secure.gravatar.com\\\/avatar\\\/3fda3a0b2db3bc9a39871e47cbd526b42d6c3b74755b7ae1400a87b2913fea6a?s=96&d=mm&r=g\",\"url\":\"https:\\\/\\\/secure.gravatar.com\\\/avatar\\\/3fda3a0b2db3bc9a39871e47cbd526b42d6c3b74755b7ae1400a87b2913fea6a?s=96&d=mm&r=g\",\"contentUrl\":\"https:\\\/\\\/secure.gravatar.com\\\/avatar\\\/3fda3a0b2db3bc9a39871e47cbd526b42d6c3b74755b7ae1400a87b2913fea6a?s=96&d=mm&r=g\",\"caption\":\"joseluisgarciamoscoso\"}}]}<\/script>\n<!-- \/ Yoast SEO plugin. -->","yoast_head_json":{"title":"10 a\u00f1os de una historia de agradecimientos en Salesianos C\u00e1diz - Familia Salesiana","robots":{"index":"index","follow":"follow","max-snippet":"max-snippet:-1","max-image-preview":"max-image-preview:large","max-video-preview":"max-video-preview:-1"},"canonical":"https:\/\/www.salesianos.edu\/familiasalesiana\/10-anos-de-una-historia-de-agradecimientos-en-salesianos-cadiz\/","og_locale":"es_ES","og_type":"article","og_title":"10 a\u00f1os de una historia de agradecimientos en Salesianos C\u00e1diz - Familia Salesiana","og_description":"Titulo p\u00e1ginas Subtitulo 1 Lorem Ipsum es simplemente el texto de relleno de las imprentas y archivos de texto. Lorem Ipsum ha sido el texto de relleno est\u00e1ndar de las industrias desde el a\u00f1o 1500, cuando un impresor (N. del T. persona que se dedica a la imprenta) desconocido us\u00f3 una galer\u00eda de textos y [&hellip;]","og_url":"https:\/\/www.salesianos.edu\/familiasalesiana\/10-anos-de-una-historia-de-agradecimientos-en-salesianos-cadiz\/","og_site_name":"Familia Salesiana","article_published_time":"2020-12-11T09:37:37+00:00","og_image":[{"width":2560,"height":1639,"url":"https:\/\/www.salesianos.edu\/familiasalesiana\/wp-content\/uploads\/sites\/5\/2020\/12\/Cadiz_HS-scaled.jpg","type":"image\/jpeg"}],"author":"joseluisgarciamoscoso","twitter_card":"summary_large_image","twitter_misc":{"Escrito por":"joseluisgarciamoscoso","Tiempo de lectura":"3 minutos"},"schema":{"@context":"https:\/\/schema.org","@graph":[{"@type":"Article","@id":"https:\/\/www.salesianos.edu\/familiasalesiana\/10-anos-de-una-historia-de-agradecimientos-en-salesianos-cadiz\/#article","isPartOf":{"@id":"https:\/\/www.salesianos.edu\/familiasalesiana\/10-anos-de-una-historia-de-agradecimientos-en-salesianos-cadiz\/"},"author":{"name":"joseluisgarciamoscoso","@id":"http:\/\/www.salesianos.edu\/familiasalesiana\/#\/schema\/person\/a1d72ee5373cce7347fb2993ba9f47d6"},"headline":"10 a\u00f1os de una historia de agradecimientos en Salesianos C\u00e1diz","datePublished":"2020-12-11T09:37:37+00:00","mainEntityOfPage":{"@id":"https:\/\/www.salesianos.edu\/familiasalesiana\/10-anos-de-una-historia-de-agradecimientos-en-salesianos-cadiz\/"},"wordCount":570,"commentCount":0,"image":{"@id":"https:\/\/www.salesianos.edu\/familiasalesiana\/10-anos-de-una-historia-de-agradecimientos-en-salesianos-cadiz\/#primaryimage"},"thumbnailUrl":"https:\/\/www.salesianos.edu\/familiasalesiana\/wp-content\/uploads\/sites\/5\/2020\/12\/Cadiz_HS-scaled.jpg","articleSection":["Curso20-21","Familia Salesiana"],"inLanguage":"es","potentialAction":[{"@type":"CommentAction","name":"Comment","target":["https:\/\/www.salesianos.edu\/familiasalesiana\/10-anos-de-una-historia-de-agradecimientos-en-salesianos-cadiz\/#respond"]}]},{"@type":"WebPage","@id":"https:\/\/www.salesianos.edu\/familiasalesiana\/10-anos-de-una-historia-de-agradecimientos-en-salesianos-cadiz\/","url":"https:\/\/www.salesianos.edu\/familiasalesiana\/10-anos-de-una-historia-de-agradecimientos-en-salesianos-cadiz\/","name":"10 a\u00f1os de una historia de agradecimientos en Salesianos C\u00e1diz - Familia Salesiana","isPartOf":{"@id":"http:\/\/www.salesianos.edu\/familiasalesiana\/#website"},"primaryImageOfPage":{"@id":"https:\/\/www.salesianos.edu\/familiasalesiana\/10-anos-de-una-historia-de-agradecimientos-en-salesianos-cadiz\/#primaryimage"},"image":{"@id":"https:\/\/www.salesianos.edu\/familiasalesiana\/10-anos-de-una-historia-de-agradecimientos-en-salesianos-cadiz\/#primaryimage"},"thumbnailUrl":"https:\/\/www.salesianos.edu\/familiasalesiana\/wp-content\/uploads\/sites\/5\/2020\/12\/Cadiz_HS-scaled.jpg","datePublished":"2020-12-11T09:37:37+00:00","author":{"@id":"http:\/\/www.salesianos.edu\/familiasalesiana\/#\/schema\/person\/a1d72ee5373cce7347fb2993ba9f47d6"},"breadcrumb":{"@id":"https:\/\/www.salesianos.edu\/familiasalesiana\/10-anos-de-una-historia-de-agradecimientos-en-salesianos-cadiz\/#breadcrumb"},"inLanguage":"es","potentialAction":[{"@type":"ReadAction","target":["https:\/\/www.salesianos.edu\/familiasalesiana\/10-anos-de-una-historia-de-agradecimientos-en-salesianos-cadiz\/"]}]},{"@type":"ImageObject","inLanguage":"es","@id":"https:\/\/www.salesianos.edu\/familiasalesiana\/10-anos-de-una-historia-de-agradecimientos-en-salesianos-cadiz\/#primaryimage","url":"https:\/\/www.salesianos.edu\/familiasalesiana\/wp-content\/uploads\/sites\/5\/2020\/12\/Cadiz_HS-scaled.jpg","contentUrl":"https:\/\/www.salesianos.edu\/familiasalesiana\/wp-content\/uploads\/sites\/5\/2020\/12\/Cadiz_HS-scaled.jpg","width":2560,"height":1639},{"@type":"BreadcrumbList","@id":"https:\/\/www.salesianos.edu\/familiasalesiana\/10-anos-de-una-historia-de-agradecimientos-en-salesianos-cadiz\/#breadcrumb","itemListElement":[{"@type":"ListItem","position":1,"name":"Portada","item":"http:\/\/www.salesianos.edu\/familiasalesiana\/"},{"@type":"ListItem","position":2,"name":"10 a\u00f1os de una historia de agradecimientos en Salesianos C\u00e1diz"}]},{"@type":"WebSite","@id":"http:\/\/www.salesianos.edu\/familiasalesiana\/#website","url":"http:\/\/www.salesianos.edu\/familiasalesiana\/","name":"Familia Salesiana","description":"P\u00e1gina oficial de Inspector\u00eda Salesiana Mar\u00eda Auxiliadora","potentialAction":[{"@type":"SearchAction","target":{"@type":"EntryPoint","urlTemplate":"http:\/\/www.salesianos.edu\/familiasalesiana\/?s={search_term_string}"},"query-input":{"@type":"PropertyValueSpecification","valueRequired":true,"valueName":"search_term_string"}}],"inLanguage":"es"},{"@type":"Person","@id":"http:\/\/www.salesianos.edu\/familiasalesiana\/#\/schema\/person\/a1d72ee5373cce7347fb2993ba9f47d6","name":"joseluisgarciamoscoso","image":{"@type":"ImageObject","inLanguage":"es","@id":"https:\/\/secure.gravatar.com\/avatar\/3fda3a0b2db3bc9a39871e47cbd526b42d6c3b74755b7ae1400a87b2913fea6a?s=96&d=mm&r=g","url":"https:\/\/secure.gravatar.com\/avatar\/3fda3a0b2db3bc9a39871e47cbd526b42d6c3b74755b7ae1400a87b2913fea6a?s=96&d=mm&r=g","contentUrl":"https:\/\/secure.gravatar.com\/avatar\/3fda3a0b2db3bc9a39871e47cbd526b42d6c3b74755b7ae1400a87b2913fea6a?s=96&d=mm&r=g","caption":"joseluisgarciamoscoso"}}]}},"_links":{"self":[{"href":"https:\/\/www.salesianos.edu\/familiasalesiana\/wp-json\/wp\/v2\/posts\/9094","targetHints":{"allow":["GET"]}}],"collection":[{"href":"https:\/\/www.salesianos.edu\/familiasalesiana\/wp-json\/wp\/v2\/posts"}],"about":[{"href":"https:\/\/www.salesianos.edu\/familiasalesiana\/wp-json\/wp\/v2\/types\/post"}],"author":[{"embeddable":true,"href":"https:\/\/www.salesianos.edu\/familiasalesiana\/wp-json\/wp\/v2\/users\/12"}],"replies":[{"embeddable":true,"href":"https:\/\/www.salesianos.edu\/familiasalesiana\/wp-json\/wp\/v2\/comments?post=9094"}],"version-history":[{"count":0,"href":"https:\/\/www.salesianos.edu\/familiasalesiana\/wp-json\/wp\/v2\/posts\/9094\/revisions"}],"wp:featuredmedia":[{"embeddable":true,"href":"https:\/\/www.salesianos.edu\/familiasalesiana\/wp-json\/wp\/v2\/media\/9095"}],"wp:attachment":[{"href":"https:\/\/www.salesianos.edu\/familiasalesiana\/wp-json\/wp\/v2\/media?parent=9094"}],"wp:term":[{"taxonomy":"category","embeddable":true,"href":"https:\/\/www.salesianos.edu\/familiasalesiana\/wp-json\/wp\/v2\/categories?post=9094"},{"taxonomy":"post_tag","embeddable":true,"href":"https:\/\/www.salesianos.edu\/familiasalesiana\/wp-json\/wp\/v2\/tags?post=9094"}],"curies":[{"name":"wp","href":"https:\/\/api.w.org\/{rel}","templated":true}]}}