{"id":9092,"date":"2020-12-09T12:28:54","date_gmt":"2020-12-09T11:28:54","guid":{"rendered":"http:\/\/www.salesianos.edu\/familiasalesiana\/el-senor-de-la-redencion-de-jerez-de-la-frontera-regreso-a-maria-auxiliadora\/"},"modified":"2021-03-03T13:40:25","modified_gmt":"2021-03-03T12:40:25","slug":"el-senor-de-la-redencion-de-jerez-de-la-frontera-regreso-a-maria-auxiliadora","status":"publish","type":"post","link":"https:\/\/www.salesianos.edu\/familiasalesiana\/el-senor-de-la-redencion-de-jerez-de-la-frontera-regreso-a-maria-auxiliadora\/","title":{"rendered":"El Se\u00f1or de la Redenci\u00f3n de Jerez de la Frontera regres\u00f3 a Mar\u00eda Auxiliadora"},"content":{"rendered":"<div id=\"fb-root\"><\/div>\n<p>[et_pb_section fb_built=\u00bb1&#8243; admin_label=\u00bbsection\u00bb _builder_version=\u00bb3.22&#8243;][et_pb_row admin_label=\u00bbrow\u00bb _builder_version=\u00bb3.25&#8243; background_size=\u00bbinitial\u00bb background_position=\u00bbtop_left\u00bb background_repeat=\u00bbrepeat\u00bb][et_pb_column type=\u00bb4_4&#8243; _builder_version=\u00bb3.25&#8243; custom_padding=\u00bb|||\u00bb custom_padding__hover=\u00bb|||\u00bb][et_pb_text _builder_version=\u00bb4.7.4&#8243; hover_enabled=\u00bb0&#8243; sticky_enabled=\u00bb0&#8243;]<\/p>\n<p><em><span style=\"font-size: 10pt;\">Por Diario de Jerez<\/span><\/em><\/p>\n<p>[\/et_pb_text][et_pb_text _builder_version=\u00bb4.7.4&#8243; hover_enabled=\u00bb0&#8243; sticky_enabled=\u00bb0&#8243;]<\/p>\n<div>\n<p>Nuestro Padre Jes\u00fas de la Redenci\u00f3n fue repuesto al culto en el santuario de Mar\u00eda Auxiliadora de Jerez de la\u00a0Frontera tras unos meses en el taller sevillano de Juan Ventura \u2014su creador\u2014 y donde ha sido sometida a una profunda reestructuraci\u00f3n de la imagen.<\/p>\n<p>La hermandad de la Redenci\u00f3n recibi\u00f3 a su imagen titular en el contexto de una misa que tuvo lugar el 7 de diciembre en el mismo santuario. Una celebraci\u00f3n que fue presidida por el sacerdote salesiano Mario Pardos Ruesca, director espiritual de la cofrad\u00eda del Jueves Santo.<\/p>\n<\/div>\n<div>\u00a0<\/div>\n<div>\n<p>Al estar vinculada la hermandad con toda la comunidad escolar del colegio Lora Tamayo, el d\u00eda 9 durante toda la ma\u00f1ana pas\u00f3 la totalidad del alumnado del centro de ense\u00f1anza para visitar al Se\u00f1or de la Redenci\u00f3n.<\/p>\n<\/div>\n<p>[\/et_pb_text][et_pb_code _builder_version=\u00bb4.7.4&#8243; _module_preset=\u00bbdefault\u00bb hover_enabled=\u00bb0&#8243; sticky_enabled=\u00bb0&#8243;]<iframe loading=\"lazy\" src=\"https:\/\/www.facebook.com\/plugins\/video.php?height=314&#038;href=https%3A%2F%2Fwww.facebook.com%2Fcofrademaniacom%2Fvideos%2F658939324776488%2F&#038;show_text=false&#038;width=560\" width=\"1080\" height=\"620\" style=\"border:none;overflow:hidden\" scrolling=\"no\" frameborder=\"0\" allowfullscreen=\"true\" allow=\"autoplay; clipboard-write; encrypted-media; picture-in-picture; web-share\" allowFullScreen=\"true\"><\/iframe>[\/et_pb_code][et_pb_button url_new_window=\u00bbon\u00bb button_text=\u00bbPuedes leer la noticia completa en el Diario de Jerez\u00bb button_alignment=\u00bbleft\u00bb _builder_version=\u00bb4.7.4&#8243; custom_button=\u00bbon\u00bb button_text_size=\u00bb15px\u00bb button_text_color=\u00bb#ffffff\u00bb button_bg_color=\u00bb#dc001b\u00bb button_border_radius=\u00bb26px\u00bb hover_enabled=\u00bb0&#8243; button_url=\u00bbhttps:\/\/www.diariodejerez.es\/semanasanta\/Redencion-regresa-Maria-Auxiliadora_0_1526247675.html\u00bb sticky_enabled=\u00bb0&#8243;][\/et_pb_button][\/et_pb_column][\/et_pb_row][\/et_pb_section]<\/p>\n","protected":false},"excerpt":{"rendered":"<p>La imagen ha sido sometida a una reestructuraci\u00f3n por su autor, el imaginero Juan Ventura<\/p>\n","protected":false},"author":12,"featured_media":9093,"comment_status":"open","ping_status":"open","sticky":false,"template":"","format":"standard","meta":{"_et_pb_use_builder":"on","_et_pb_old_content":"","_et_gb_content_width":"","footnotes":""},"categories":[53,46,27],"tags":[],"class_list":["post-9092","post","type-post","status-publish","format-standard","has-post-thumbnail","hentry","category-adma","category-curso20-21","category-fasa"],"yoast_head":"<!-- This site is optimized with the Yoast SEO plugin v27.5 - https:\/\/yoast.com\/product\/yoast-seo-wordpress\/ -->\n<title>El Se\u00f1or de la Redenci\u00f3n de Jerez de la Frontera regres\u00f3 a Mar\u00eda Auxiliadora - Familia Salesiana<\/title>\n<meta name=\"robots\" content=\"index, follow, max-snippet:-1, max-image-preview:large, max-video-preview:-1\" \/>\n<link rel=\"canonical\" href=\"https:\/\/www.salesianos.edu\/familiasalesiana\/el-senor-de-la-redencion-de-jerez-de-la-frontera-regreso-a-maria-auxiliadora\/\" \/>\n<meta property=\"og:locale\" content=\"es_ES\" \/>\n<meta property=\"og:type\" content=\"article\" \/>\n<meta property=\"og:title\" content=\"El Se\u00f1or de la Redenci\u00f3n de Jerez de la Frontera regres\u00f3 a Mar\u00eda Auxiliadora - Familia Salesiana\" \/>\n<meta property=\"og:description\" content=\"La imagen ha sido sometida a una reestructuraci\u00f3n por su autor, el imaginero Juan Ventura\" \/>\n<meta property=\"og:url\" content=\"https:\/\/www.salesianos.edu\/familiasalesiana\/el-senor-de-la-redencion-de-jerez-de-la-frontera-regreso-a-maria-auxiliadora\/\" \/>\n<meta property=\"og:site_name\" content=\"Familia Salesiana\" \/>\n<meta property=\"article:published_time\" content=\"2020-12-09T11:28:54+00:00\" \/>\n<meta property=\"article:modified_time\" content=\"2021-03-03T12:40:25+00:00\" \/>\n<meta property=\"og:image\" content=\"https:\/\/www.salesianos.edu\/familiasalesiana\/wp-content\/uploads\/sites\/5\/2020\/12\/Jerez-Redencion.jpg\" \/>\n\t<meta property=\"og:image:width\" content=\"960\" \/>\n\t<meta property=\"og:image:height\" content=\"718\" \/>\n\t<meta property=\"og:image:type\" content=\"image\/jpeg\" \/>\n<meta name=\"author\" content=\"joseluisgarciamoscoso\" \/>\n<meta name=\"twitter:card\" content=\"summary_large_image\" \/>\n<meta name=\"twitter:label1\" content=\"Escrito por\" \/>\n\t<meta name=\"twitter:data1\" content=\"joseluisgarciamoscoso\" \/>\n\t<meta name=\"twitter:label2\" content=\"Tiempo de lectura\" \/>\n\t<meta name=\"twitter:data2\" content=\"1 minuto\" \/>\n<script type=\"application\/ld+json\" class=\"yoast-schema-graph\">{\"@context\":\"https:\\\/\\\/schema.org\",\"@graph\":[{\"@type\":\"Article\",\"@id\":\"https:\\\/\\\/www.salesianos.edu\\\/familiasalesiana\\\/el-senor-de-la-redencion-de-jerez-de-la-frontera-regreso-a-maria-auxiliadora\\\/#article\",\"isPartOf\":{\"@id\":\"https:\\\/\\\/www.salesianos.edu\\\/familiasalesiana\\\/el-senor-de-la-redencion-de-jerez-de-la-frontera-regreso-a-maria-auxiliadora\\\/\"},\"author\":{\"name\":\"joseluisgarciamoscoso\",\"@id\":\"http:\\\/\\\/www.salesianos.edu\\\/familiasalesiana\\\/#\\\/schema\\\/person\\\/a1d72ee5373cce7347fb2993ba9f47d6\"},\"headline\":\"El Se\u00f1or de la Redenci\u00f3n de Jerez de la Frontera regres\u00f3 a Mar\u00eda Auxiliadora\",\"datePublished\":\"2020-12-09T11:28:54+00:00\",\"dateModified\":\"2021-03-03T12:40:25+00:00\",\"mainEntityOfPage\":{\"@id\":\"https:\\\/\\\/www.salesianos.edu\\\/familiasalesiana\\\/el-senor-de-la-redencion-de-jerez-de-la-frontera-regreso-a-maria-auxiliadora\\\/\"},\"wordCount\":307,\"commentCount\":0,\"image\":{\"@id\":\"https:\\\/\\\/www.salesianos.edu\\\/familiasalesiana\\\/el-senor-de-la-redencion-de-jerez-de-la-frontera-regreso-a-maria-auxiliadora\\\/#primaryimage\"},\"thumbnailUrl\":\"https:\\\/\\\/www.salesianos.edu\\\/familiasalesiana\\\/wp-content\\\/uploads\\\/sites\\\/5\\\/2020\\\/12\\\/Jerez-Redencion.jpg\",\"articleSection\":[\"ADMA\",\"Curso20-21\",\"Familia Salesiana\"],\"inLanguage\":\"es\",\"potentialAction\":[{\"@type\":\"CommentAction\",\"name\":\"Comment\",\"target\":[\"https:\\\/\\\/www.salesianos.edu\\\/familiasalesiana\\\/el-senor-de-la-redencion-de-jerez-de-la-frontera-regreso-a-maria-auxiliadora\\\/#respond\"]}]},{\"@type\":\"WebPage\",\"@id\":\"https:\\\/\\\/www.salesianos.edu\\\/familiasalesiana\\\/el-senor-de-la-redencion-de-jerez-de-la-frontera-regreso-a-maria-auxiliadora\\\/\",\"url\":\"https:\\\/\\\/www.salesianos.edu\\\/familiasalesiana\\\/el-senor-de-la-redencion-de-jerez-de-la-frontera-regreso-a-maria-auxiliadora\\\/\",\"name\":\"El Se\u00f1or de la Redenci\u00f3n de Jerez de la Frontera regres\u00f3 a Mar\u00eda Auxiliadora - Familia Salesiana\",\"isPartOf\":{\"@id\":\"http:\\\/\\\/www.salesianos.edu\\\/familiasalesiana\\\/#website\"},\"primaryImageOfPage\":{\"@id\":\"https:\\\/\\\/www.salesianos.edu\\\/familiasalesiana\\\/el-senor-de-la-redencion-de-jerez-de-la-frontera-regreso-a-maria-auxiliadora\\\/#primaryimage\"},\"image\":{\"@id\":\"https:\\\/\\\/www.salesianos.edu\\\/familiasalesiana\\\/el-senor-de-la-redencion-de-jerez-de-la-frontera-regreso-a-maria-auxiliadora\\\/#primaryimage\"},\"thumbnailUrl\":\"https:\\\/\\\/www.salesianos.edu\\\/familiasalesiana\\\/wp-content\\\/uploads\\\/sites\\\/5\\\/2020\\\/12\\\/Jerez-Redencion.jpg\",\"datePublished\":\"2020-12-09T11:28:54+00:00\",\"dateModified\":\"2021-03-03T12:40:25+00:00\",\"author\":{\"@id\":\"http:\\\/\\\/www.salesianos.edu\\\/familiasalesiana\\\/#\\\/schema\\\/person\\\/a1d72ee5373cce7347fb2993ba9f47d6\"},\"breadcrumb\":{\"@id\":\"https:\\\/\\\/www.salesianos.edu\\\/familiasalesiana\\\/el-senor-de-la-redencion-de-jerez-de-la-frontera-regreso-a-maria-auxiliadora\\\/#breadcrumb\"},\"inLanguage\":\"es\",\"potentialAction\":[{\"@type\":\"ReadAction\",\"target\":[\"https:\\\/\\\/www.salesianos.edu\\\/familiasalesiana\\\/el-senor-de-la-redencion-de-jerez-de-la-frontera-regreso-a-maria-auxiliadora\\\/\"]}]},{\"@type\":\"ImageObject\",\"inLanguage\":\"es\",\"@id\":\"https:\\\/\\\/www.salesianos.edu\\\/familiasalesiana\\\/el-senor-de-la-redencion-de-jerez-de-la-frontera-regreso-a-maria-auxiliadora\\\/#primaryimage\",\"url\":\"https:\\\/\\\/www.salesianos.edu\\\/familiasalesiana\\\/wp-content\\\/uploads\\\/sites\\\/5\\\/2020\\\/12\\\/Jerez-Redencion.jpg\",\"contentUrl\":\"https:\\\/\\\/www.salesianos.edu\\\/familiasalesiana\\\/wp-content\\\/uploads\\\/sites\\\/5\\\/2020\\\/12\\\/Jerez-Redencion.jpg\",\"width\":960,\"height\":718},{\"@type\":\"BreadcrumbList\",\"@id\":\"https:\\\/\\\/www.salesianos.edu\\\/familiasalesiana\\\/el-senor-de-la-redencion-de-jerez-de-la-frontera-regreso-a-maria-auxiliadora\\\/#breadcrumb\",\"itemListElement\":[{\"@type\":\"ListItem\",\"position\":1,\"name\":\"Portada\",\"item\":\"http:\\\/\\\/www.salesianos.edu\\\/familiasalesiana\\\/\"},{\"@type\":\"ListItem\",\"position\":2,\"name\":\"El Se\u00f1or de la Redenci\u00f3n de Jerez de la Frontera regres\u00f3 a Mar\u00eda Auxiliadora\"}]},{\"@type\":\"WebSite\",\"@id\":\"http:\\\/\\\/www.salesianos.edu\\\/familiasalesiana\\\/#website\",\"url\":\"http:\\\/\\\/www.salesianos.edu\\\/familiasalesiana\\\/\",\"name\":\"Familia Salesiana\",\"description\":\"P\u00e1gina oficial de Inspector\u00eda Salesiana Mar\u00eda Auxiliadora\",\"potentialAction\":[{\"@type\":\"SearchAction\",\"target\":{\"@type\":\"EntryPoint\",\"urlTemplate\":\"http:\\\/\\\/www.salesianos.edu\\\/familiasalesiana\\\/?s={search_term_string}\"},\"query-input\":{\"@type\":\"PropertyValueSpecification\",\"valueRequired\":true,\"valueName\":\"search_term_string\"}}],\"inLanguage\":\"es\"},{\"@type\":\"Person\",\"@id\":\"http:\\\/\\\/www.salesianos.edu\\\/familiasalesiana\\\/#\\\/schema\\\/person\\\/a1d72ee5373cce7347fb2993ba9f47d6\",\"name\":\"joseluisgarciamoscoso\",\"image\":{\"@type\":\"ImageObject\",\"inLanguage\":\"es\",\"@id\":\"https:\\\/\\\/secure.gravatar.com\\\/avatar\\\/3fda3a0b2db3bc9a39871e47cbd526b42d6c3b74755b7ae1400a87b2913fea6a?s=96&d=mm&r=g\",\"url\":\"https:\\\/\\\/secure.gravatar.com\\\/avatar\\\/3fda3a0b2db3bc9a39871e47cbd526b42d6c3b74755b7ae1400a87b2913fea6a?s=96&d=mm&r=g\",\"contentUrl\":\"https:\\\/\\\/secure.gravatar.com\\\/avatar\\\/3fda3a0b2db3bc9a39871e47cbd526b42d6c3b74755b7ae1400a87b2913fea6a?s=96&d=mm&r=g\",\"caption\":\"joseluisgarciamoscoso\"}}]}<\/script>\n<!-- \/ Yoast SEO plugin. -->","yoast_head_json":{"title":"El Se\u00f1or de la Redenci\u00f3n de Jerez de la Frontera regres\u00f3 a Mar\u00eda Auxiliadora - Familia Salesiana","robots":{"index":"index","follow":"follow","max-snippet":"max-snippet:-1","max-image-preview":"max-image-preview:large","max-video-preview":"max-video-preview:-1"},"canonical":"https:\/\/www.salesianos.edu\/familiasalesiana\/el-senor-de-la-redencion-de-jerez-de-la-frontera-regreso-a-maria-auxiliadora\/","og_locale":"es_ES","og_type":"article","og_title":"El Se\u00f1or de la Redenci\u00f3n de Jerez de la Frontera regres\u00f3 a Mar\u00eda Auxiliadora - Familia Salesiana","og_description":"La imagen ha sido sometida a una reestructuraci\u00f3n por su autor, el imaginero Juan Ventura","og_url":"https:\/\/www.salesianos.edu\/familiasalesiana\/el-senor-de-la-redencion-de-jerez-de-la-frontera-regreso-a-maria-auxiliadora\/","og_site_name":"Familia Salesiana","article_published_time":"2020-12-09T11:28:54+00:00","article_modified_time":"2021-03-03T12:40:25+00:00","og_image":[{"width":960,"height":718,"url":"https:\/\/www.salesianos.edu\/familiasalesiana\/wp-content\/uploads\/sites\/5\/2020\/12\/Jerez-Redencion.jpg","type":"image\/jpeg"}],"author":"joseluisgarciamoscoso","twitter_card":"summary_large_image","twitter_misc":{"Escrito por":"joseluisgarciamoscoso","Tiempo de lectura":"1 minuto"},"schema":{"@context":"https:\/\/schema.org","@graph":[{"@type":"Article","@id":"https:\/\/www.salesianos.edu\/familiasalesiana\/el-senor-de-la-redencion-de-jerez-de-la-frontera-regreso-a-maria-auxiliadora\/#article","isPartOf":{"@id":"https:\/\/www.salesianos.edu\/familiasalesiana\/el-senor-de-la-redencion-de-jerez-de-la-frontera-regreso-a-maria-auxiliadora\/"},"author":{"name":"joseluisgarciamoscoso","@id":"http:\/\/www.salesianos.edu\/familiasalesiana\/#\/schema\/person\/a1d72ee5373cce7347fb2993ba9f47d6"},"headline":"El Se\u00f1or de la Redenci\u00f3n de Jerez de la Frontera regres\u00f3 a Mar\u00eda Auxiliadora","datePublished":"2020-12-09T11:28:54+00:00","dateModified":"2021-03-03T12:40:25+00:00","mainEntityOfPage":{"@id":"https:\/\/www.salesianos.edu\/familiasalesiana\/el-senor-de-la-redencion-de-jerez-de-la-frontera-regreso-a-maria-auxiliadora\/"},"wordCount":307,"commentCount":0,"image":{"@id":"https:\/\/www.salesianos.edu\/familiasalesiana\/el-senor-de-la-redencion-de-jerez-de-la-frontera-regreso-a-maria-auxiliadora\/#primaryimage"},"thumbnailUrl":"https:\/\/www.salesianos.edu\/familiasalesiana\/wp-content\/uploads\/sites\/5\/2020\/12\/Jerez-Redencion.jpg","articleSection":["ADMA","Curso20-21","Familia Salesiana"],"inLanguage":"es","potentialAction":[{"@type":"CommentAction","name":"Comment","target":["https:\/\/www.salesianos.edu\/familiasalesiana\/el-senor-de-la-redencion-de-jerez-de-la-frontera-regreso-a-maria-auxiliadora\/#respond"]}]},{"@type":"WebPage","@id":"https:\/\/www.salesianos.edu\/familiasalesiana\/el-senor-de-la-redencion-de-jerez-de-la-frontera-regreso-a-maria-auxiliadora\/","url":"https:\/\/www.salesianos.edu\/familiasalesiana\/el-senor-de-la-redencion-de-jerez-de-la-frontera-regreso-a-maria-auxiliadora\/","name":"El Se\u00f1or de la Redenci\u00f3n de Jerez de la Frontera regres\u00f3 a Mar\u00eda Auxiliadora - Familia Salesiana","isPartOf":{"@id":"http:\/\/www.salesianos.edu\/familiasalesiana\/#website"},"primaryImageOfPage":{"@id":"https:\/\/www.salesianos.edu\/familiasalesiana\/el-senor-de-la-redencion-de-jerez-de-la-frontera-regreso-a-maria-auxiliadora\/#primaryimage"},"image":{"@id":"https:\/\/www.salesianos.edu\/familiasalesiana\/el-senor-de-la-redencion-de-jerez-de-la-frontera-regreso-a-maria-auxiliadora\/#primaryimage"},"thumbnailUrl":"https:\/\/www.salesianos.edu\/familiasalesiana\/wp-content\/uploads\/sites\/5\/2020\/12\/Jerez-Redencion.jpg","datePublished":"2020-12-09T11:28:54+00:00","dateModified":"2021-03-03T12:40:25+00:00","author":{"@id":"http:\/\/www.salesianos.edu\/familiasalesiana\/#\/schema\/person\/a1d72ee5373cce7347fb2993ba9f47d6"},"breadcrumb":{"@id":"https:\/\/www.salesianos.edu\/familiasalesiana\/el-senor-de-la-redencion-de-jerez-de-la-frontera-regreso-a-maria-auxiliadora\/#breadcrumb"},"inLanguage":"es","potentialAction":[{"@type":"ReadAction","target":["https:\/\/www.salesianos.edu\/familiasalesiana\/el-senor-de-la-redencion-de-jerez-de-la-frontera-regreso-a-maria-auxiliadora\/"]}]},{"@type":"ImageObject","inLanguage":"es","@id":"https:\/\/www.salesianos.edu\/familiasalesiana\/el-senor-de-la-redencion-de-jerez-de-la-frontera-regreso-a-maria-auxiliadora\/#primaryimage","url":"https:\/\/www.salesianos.edu\/familiasalesiana\/wp-content\/uploads\/sites\/5\/2020\/12\/Jerez-Redencion.jpg","contentUrl":"https:\/\/www.salesianos.edu\/familiasalesiana\/wp-content\/uploads\/sites\/5\/2020\/12\/Jerez-Redencion.jpg","width":960,"height":718},{"@type":"BreadcrumbList","@id":"https:\/\/www.salesianos.edu\/familiasalesiana\/el-senor-de-la-redencion-de-jerez-de-la-frontera-regreso-a-maria-auxiliadora\/#breadcrumb","itemListElement":[{"@type":"ListItem","position":1,"name":"Portada","item":"http:\/\/www.salesianos.edu\/familiasalesiana\/"},{"@type":"ListItem","position":2,"name":"El Se\u00f1or de la Redenci\u00f3n de Jerez de la Frontera regres\u00f3 a Mar\u00eda Auxiliadora"}]},{"@type":"WebSite","@id":"http:\/\/www.salesianos.edu\/familiasalesiana\/#website","url":"http:\/\/www.salesianos.edu\/familiasalesiana\/","name":"Familia Salesiana","description":"P\u00e1gina oficial de Inspector\u00eda Salesiana Mar\u00eda Auxiliadora","potentialAction":[{"@type":"SearchAction","target":{"@type":"EntryPoint","urlTemplate":"http:\/\/www.salesianos.edu\/familiasalesiana\/?s={search_term_string}"},"query-input":{"@type":"PropertyValueSpecification","valueRequired":true,"valueName":"search_term_string"}}],"inLanguage":"es"},{"@type":"Person","@id":"http:\/\/www.salesianos.edu\/familiasalesiana\/#\/schema\/person\/a1d72ee5373cce7347fb2993ba9f47d6","name":"joseluisgarciamoscoso","image":{"@type":"ImageObject","inLanguage":"es","@id":"https:\/\/secure.gravatar.com\/avatar\/3fda3a0b2db3bc9a39871e47cbd526b42d6c3b74755b7ae1400a87b2913fea6a?s=96&d=mm&r=g","url":"https:\/\/secure.gravatar.com\/avatar\/3fda3a0b2db3bc9a39871e47cbd526b42d6c3b74755b7ae1400a87b2913fea6a?s=96&d=mm&r=g","contentUrl":"https:\/\/secure.gravatar.com\/avatar\/3fda3a0b2db3bc9a39871e47cbd526b42d6c3b74755b7ae1400a87b2913fea6a?s=96&d=mm&r=g","caption":"joseluisgarciamoscoso"}}]}},"_links":{"self":[{"href":"https:\/\/www.salesianos.edu\/familiasalesiana\/wp-json\/wp\/v2\/posts\/9092","targetHints":{"allow":["GET"]}}],"collection":[{"href":"https:\/\/www.salesianos.edu\/familiasalesiana\/wp-json\/wp\/v2\/posts"}],"about":[{"href":"https:\/\/www.salesianos.edu\/familiasalesiana\/wp-json\/wp\/v2\/types\/post"}],"author":[{"embeddable":true,"href":"https:\/\/www.salesianos.edu\/familiasalesiana\/wp-json\/wp\/v2\/users\/12"}],"replies":[{"embeddable":true,"href":"https:\/\/www.salesianos.edu\/familiasalesiana\/wp-json\/wp\/v2\/comments?post=9092"}],"version-history":[{"count":1,"href":"https:\/\/www.salesianos.edu\/familiasalesiana\/wp-json\/wp\/v2\/posts\/9092\/revisions"}],"predecessor-version":[{"id":9380,"href":"https:\/\/www.salesianos.edu\/familiasalesiana\/wp-json\/wp\/v2\/posts\/9092\/revisions\/9380"}],"wp:featuredmedia":[{"embeddable":true,"href":"https:\/\/www.salesianos.edu\/familiasalesiana\/wp-json\/wp\/v2\/media\/9093"}],"wp:attachment":[{"href":"https:\/\/www.salesianos.edu\/familiasalesiana\/wp-json\/wp\/v2\/media?parent=9092"}],"wp:term":[{"taxonomy":"category","embeddable":true,"href":"https:\/\/www.salesianos.edu\/familiasalesiana\/wp-json\/wp\/v2\/categories?post=9092"},{"taxonomy":"post_tag","embeddable":true,"href":"https:\/\/www.salesianos.edu\/familiasalesiana\/wp-json\/wp\/v2\/tags?post=9092"}],"curies":[{"name":"wp","href":"https:\/\/api.w.org\/{rel}","templated":true}]}}