{"id":9050,"date":"2020-11-27T08:55:46","date_gmt":"2020-11-27T07:55:46","guid":{"rendered":"http:\/\/www.salesianos.edu\/familiasalesiana\/un-camino-para-celebrar-con-esperanza-el-adviento-y-la-navidad\/"},"modified":"2020-11-27T08:55:46","modified_gmt":"2020-11-27T07:55:46","slug":"un-camino-para-celebrar-con-esperanza-el-adviento-y-la-navidad","status":"publish","type":"post","link":"https:\/\/www.salesianos.edu\/familiasalesiana\/un-camino-para-celebrar-con-esperanza-el-adviento-y-la-navidad\/","title":{"rendered":"Un camino para celebrar con esperanza el Adviento y la Navidad"},"content":{"rendered":"<div id=\"fb-root\"><\/div>\n<p>[et_pb_section fb_built=\u00bb1&#8243; admin_label=\u00bbsection\u00bb _builder_version=\u00bb3.22&#8243;][et_pb_row admin_label=\u00bbrow\u00bb _builder_version=\u00bb3.25&#8243; background_size=\u00bbinitial\u00bb background_position=\u00bbtop_left\u00bb background_repeat=\u00bbrepeat\u00bb][et_pb_column type=\u00bb4_4&#8243; _builder_version=\u00bb3.25&#8243; custom_padding=\u00bb|||\u00bb custom_padding__hover=\u00bb|||\u00bb][et_pb_text _builder_version=\u00bb4.7.3&#8243;]<\/p>\n<p><em><span style=\"font-size: 10pt;\">Por <a href=\"http:\/\/www.salesianos.edu\/comunicacion\">Comunicaci\u00f3n<\/a><\/span><\/em><\/p>\n<p>[\/et_pb_text][et_pb_text _builder_version=\u00bb4.7.3&#8243;]<\/p>\n<p>Este domingo se estrena un nuevo a\u00f1o lit\u00fargico con el Adviento, un tiempo fuerte con el que los cristianos nos preparamos para celebrar que Dios nace entre nosotros. Para vivir con intensidad el Adviento y celebrar la Navidad en medio de la complicada situaci\u00f3n actual, los Salesianos en Espa\u00f1a han preparado una propuesta de oraci\u00f3n y reflexi\u00f3n diarias desde este domingo, 29 de noviembre, hasta el domingo 10 de enero, d\u00eda del Bautismo del Se\u00f1or.<\/p>\n<p>Cada d\u00eda del calendario incluye el Evangelio del d\u00eda y un comentario sobre el mismo a cargo del salesiano Jos\u00e9 J. G\u00f3mez. Tambi\u00e9n se puede acceder a sugerencias para las homil\u00edas de estos d\u00edas, tanto para la Misa ordinaria como para la Misa con ni\u00f1os. Otro recurso es el de \u2018Comunidades en oraci\u00f3n\u2019, confeccionado para profundizar en la reflexi\u00f3n durante la semana. La propuesta diaria se completa con una frase destacada, un v\u00eddeo o una canci\u00f3n con valores y materiales para las celebraciones en los colegios.<\/p>\n<p>[\/et_pb_text][et_pb_button button_url=\u00bbhttps:\/\/recursos.salesianos.info\/adviento-navidad\/\u00bb url_new_window=\u00bbon\u00bb button_text=\u00bbPuedes acceder al calendario de Adviento y Navidad a trav\u00e9s de este enlace\u00bb button_alignment=\u00bbleft\u00bb _builder_version=\u00bb4.7.3&#8243; custom_button=\u00bbon\u00bb button_text_size=\u00bb15px\u00bb button_text_color=\u00bb#ffffff\u00bb button_bg_color=\u00bb#dc001b\u00bb button_border_radius=\u00bb26px\u00bb][\/et_pb_button][\/et_pb_column][\/et_pb_row][\/et_pb_section]<\/p>\n","protected":false},"excerpt":{"rendered":"<p>Gracias a un calendario para el nuevo a\u00f1o lit\u00fargico con propuestas de oraci\u00f3n y reflexi\u00f3n desde el 29 de noviembre hasta el 10 de enero.<\/p>\n","protected":false},"author":12,"featured_media":9051,"comment_status":"open","ping_status":"open","sticky":false,"template":"","format":"standard","meta":{"_et_pb_use_builder":"on","_et_pb_old_content":"","_et_gb_content_width":"","footnotes":""},"categories":[29,46,27,24,15],"tags":[],"class_list":["post-9050","post","type-post","status-publish","format-standard","has-post-thumbnail","hentry","category-comunicacion","category-curso20-21","category-fasa","category-pastoral-juvenil","category-portada"],"yoast_head":"<!-- This site is optimized with the Yoast SEO plugin v27.5 - https:\/\/yoast.com\/product\/yoast-seo-wordpress\/ -->\n<title>Un camino para celebrar con esperanza el Adviento y la Navidad - Familia Salesiana<\/title>\n<meta name=\"robots\" content=\"index, follow, max-snippet:-1, max-image-preview:large, max-video-preview:-1\" \/>\n<link rel=\"canonical\" href=\"http:\/\/www.salesianos.edu\/familiasalesiana\/un-camino-para-celebrar-con-esperanza-el-adviento-y-la-navidad\/\" \/>\n<meta property=\"og:locale\" content=\"es_ES\" \/>\n<meta property=\"og:type\" content=\"article\" \/>\n<meta property=\"og:title\" content=\"Un camino para celebrar con esperanza el Adviento y la Navidad - Familia Salesiana\" \/>\n<meta property=\"og:description\" content=\"Gracias a un calendario para el nuevo a\u00f1o lit\u00fargico con propuestas de oraci\u00f3n y reflexi\u00f3n desde el 29 de noviembre hasta el 10 de enero.\" \/>\n<meta property=\"og:url\" content=\"http:\/\/www.salesianos.edu\/familiasalesiana\/un-camino-para-celebrar-con-esperanza-el-adviento-y-la-navidad\/\" \/>\n<meta property=\"og:site_name\" content=\"Familia Salesiana\" \/>\n<meta property=\"article:published_time\" content=\"2020-11-27T07:55:46+00:00\" \/>\n<meta property=\"og:image\" content=\"http:\/\/www.salesianos.edu\/familiasalesiana\/wp-content\/uploads\/sites\/5\/2020\/11\/Captura-de-pantalla-2020-11-27-a-las-8.51.41.png\" \/>\n\t<meta property=\"og:image:width\" content=\"1673\" \/>\n\t<meta property=\"og:image:height\" content=\"988\" \/>\n\t<meta property=\"og:image:type\" content=\"image\/png\" \/>\n<meta name=\"author\" content=\"joseluisgarciamoscoso\" \/>\n<meta name=\"twitter:card\" content=\"summary_large_image\" \/>\n<meta name=\"twitter:label1\" content=\"Escrito por\" \/>\n\t<meta name=\"twitter:data1\" content=\"joseluisgarciamoscoso\" \/>\n\t<meta name=\"twitter:label2\" content=\"Tiempo de lectura\" \/>\n\t<meta name=\"twitter:data2\" content=\"2 minutos\" \/>\n<script type=\"application\/ld+json\" class=\"yoast-schema-graph\">{\"@context\":\"https:\\\/\\\/schema.org\",\"@graph\":[{\"@type\":\"Article\",\"@id\":\"http:\\\/\\\/www.salesianos.edu\\\/familiasalesiana\\\/un-camino-para-celebrar-con-esperanza-el-adviento-y-la-navidad\\\/#article\",\"isPartOf\":{\"@id\":\"http:\\\/\\\/www.salesianos.edu\\\/familiasalesiana\\\/un-camino-para-celebrar-con-esperanza-el-adviento-y-la-navidad\\\/\"},\"author\":{\"name\":\"joseluisgarciamoscoso\",\"@id\":\"http:\\\/\\\/www.salesianos.edu\\\/familiasalesiana\\\/#\\\/schema\\\/person\\\/a1d72ee5373cce7347fb2993ba9f47d6\"},\"headline\":\"Un camino para celebrar con esperanza el Adviento y la Navidad\",\"datePublished\":\"2020-11-27T07:55:46+00:00\",\"mainEntityOfPage\":{\"@id\":\"http:\\\/\\\/www.salesianos.edu\\\/familiasalesiana\\\/un-camino-para-celebrar-con-esperanza-el-adviento-y-la-navidad\\\/\"},\"wordCount\":314,\"commentCount\":0,\"image\":{\"@id\":\"http:\\\/\\\/www.salesianos.edu\\\/familiasalesiana\\\/un-camino-para-celebrar-con-esperanza-el-adviento-y-la-navidad\\\/#primaryimage\"},\"thumbnailUrl\":\"https:\\\/\\\/www.salesianos.edu\\\/familiasalesiana\\\/wp-content\\\/uploads\\\/sites\\\/5\\\/2020\\\/11\\\/Captura-de-pantalla-2020-11-27-a-las-8.51.41.png\",\"articleSection\":[\"Comunicaci\u00f3n\",\"Curso20-21\",\"Familia Salesiana\",\"Pastoral Juvenil\",\"portada\"],\"inLanguage\":\"es\",\"potentialAction\":[{\"@type\":\"CommentAction\",\"name\":\"Comment\",\"target\":[\"http:\\\/\\\/www.salesianos.edu\\\/familiasalesiana\\\/un-camino-para-celebrar-con-esperanza-el-adviento-y-la-navidad\\\/#respond\"]}]},{\"@type\":\"WebPage\",\"@id\":\"http:\\\/\\\/www.salesianos.edu\\\/familiasalesiana\\\/un-camino-para-celebrar-con-esperanza-el-adviento-y-la-navidad\\\/\",\"url\":\"http:\\\/\\\/www.salesianos.edu\\\/familiasalesiana\\\/un-camino-para-celebrar-con-esperanza-el-adviento-y-la-navidad\\\/\",\"name\":\"Un camino para celebrar con esperanza el Adviento y la Navidad - Familia Salesiana\",\"isPartOf\":{\"@id\":\"http:\\\/\\\/www.salesianos.edu\\\/familiasalesiana\\\/#website\"},\"primaryImageOfPage\":{\"@id\":\"http:\\\/\\\/www.salesianos.edu\\\/familiasalesiana\\\/un-camino-para-celebrar-con-esperanza-el-adviento-y-la-navidad\\\/#primaryimage\"},\"image\":{\"@id\":\"http:\\\/\\\/www.salesianos.edu\\\/familiasalesiana\\\/un-camino-para-celebrar-con-esperanza-el-adviento-y-la-navidad\\\/#primaryimage\"},\"thumbnailUrl\":\"https:\\\/\\\/www.salesianos.edu\\\/familiasalesiana\\\/wp-content\\\/uploads\\\/sites\\\/5\\\/2020\\\/11\\\/Captura-de-pantalla-2020-11-27-a-las-8.51.41.png\",\"datePublished\":\"2020-11-27T07:55:46+00:00\",\"author\":{\"@id\":\"http:\\\/\\\/www.salesianos.edu\\\/familiasalesiana\\\/#\\\/schema\\\/person\\\/a1d72ee5373cce7347fb2993ba9f47d6\"},\"breadcrumb\":{\"@id\":\"http:\\\/\\\/www.salesianos.edu\\\/familiasalesiana\\\/un-camino-para-celebrar-con-esperanza-el-adviento-y-la-navidad\\\/#breadcrumb\"},\"inLanguage\":\"es\",\"potentialAction\":[{\"@type\":\"ReadAction\",\"target\":[\"http:\\\/\\\/www.salesianos.edu\\\/familiasalesiana\\\/un-camino-para-celebrar-con-esperanza-el-adviento-y-la-navidad\\\/\"]}]},{\"@type\":\"ImageObject\",\"inLanguage\":\"es\",\"@id\":\"http:\\\/\\\/www.salesianos.edu\\\/familiasalesiana\\\/un-camino-para-celebrar-con-esperanza-el-adviento-y-la-navidad\\\/#primaryimage\",\"url\":\"https:\\\/\\\/www.salesianos.edu\\\/familiasalesiana\\\/wp-content\\\/uploads\\\/sites\\\/5\\\/2020\\\/11\\\/Captura-de-pantalla-2020-11-27-a-las-8.51.41.png\",\"contentUrl\":\"https:\\\/\\\/www.salesianos.edu\\\/familiasalesiana\\\/wp-content\\\/uploads\\\/sites\\\/5\\\/2020\\\/11\\\/Captura-de-pantalla-2020-11-27-a-las-8.51.41.png\",\"width\":1673,\"height\":988},{\"@type\":\"BreadcrumbList\",\"@id\":\"http:\\\/\\\/www.salesianos.edu\\\/familiasalesiana\\\/un-camino-para-celebrar-con-esperanza-el-adviento-y-la-navidad\\\/#breadcrumb\",\"itemListElement\":[{\"@type\":\"ListItem\",\"position\":1,\"name\":\"Portada\",\"item\":\"http:\\\/\\\/www.salesianos.edu\\\/familiasalesiana\\\/\"},{\"@type\":\"ListItem\",\"position\":2,\"name\":\"Un camino para celebrar con esperanza el Adviento y la Navidad\"}]},{\"@type\":\"WebSite\",\"@id\":\"http:\\\/\\\/www.salesianos.edu\\\/familiasalesiana\\\/#website\",\"url\":\"http:\\\/\\\/www.salesianos.edu\\\/familiasalesiana\\\/\",\"name\":\"Familia Salesiana\",\"description\":\"P\u00e1gina oficial de Inspector\u00eda Salesiana Mar\u00eda Auxiliadora\",\"potentialAction\":[{\"@type\":\"SearchAction\",\"target\":{\"@type\":\"EntryPoint\",\"urlTemplate\":\"http:\\\/\\\/www.salesianos.edu\\\/familiasalesiana\\\/?s={search_term_string}\"},\"query-input\":{\"@type\":\"PropertyValueSpecification\",\"valueRequired\":true,\"valueName\":\"search_term_string\"}}],\"inLanguage\":\"es\"},{\"@type\":\"Person\",\"@id\":\"http:\\\/\\\/www.salesianos.edu\\\/familiasalesiana\\\/#\\\/schema\\\/person\\\/a1d72ee5373cce7347fb2993ba9f47d6\",\"name\":\"joseluisgarciamoscoso\",\"image\":{\"@type\":\"ImageObject\",\"inLanguage\":\"es\",\"@id\":\"https:\\\/\\\/secure.gravatar.com\\\/avatar\\\/3fda3a0b2db3bc9a39871e47cbd526b42d6c3b74755b7ae1400a87b2913fea6a?s=96&d=mm&r=g\",\"url\":\"https:\\\/\\\/secure.gravatar.com\\\/avatar\\\/3fda3a0b2db3bc9a39871e47cbd526b42d6c3b74755b7ae1400a87b2913fea6a?s=96&d=mm&r=g\",\"contentUrl\":\"https:\\\/\\\/secure.gravatar.com\\\/avatar\\\/3fda3a0b2db3bc9a39871e47cbd526b42d6c3b74755b7ae1400a87b2913fea6a?s=96&d=mm&r=g\",\"caption\":\"joseluisgarciamoscoso\"}}]}<\/script>\n<!-- \/ Yoast SEO plugin. -->","yoast_head_json":{"title":"Un camino para celebrar con esperanza el Adviento y la Navidad - Familia Salesiana","robots":{"index":"index","follow":"follow","max-snippet":"max-snippet:-1","max-image-preview":"max-image-preview:large","max-video-preview":"max-video-preview:-1"},"canonical":"http:\/\/www.salesianos.edu\/familiasalesiana\/un-camino-para-celebrar-con-esperanza-el-adviento-y-la-navidad\/","og_locale":"es_ES","og_type":"article","og_title":"Un camino para celebrar con esperanza el Adviento y la Navidad - Familia Salesiana","og_description":"Gracias a un calendario para el nuevo a\u00f1o lit\u00fargico con propuestas de oraci\u00f3n y reflexi\u00f3n desde el 29 de noviembre hasta el 10 de enero.","og_url":"http:\/\/www.salesianos.edu\/familiasalesiana\/un-camino-para-celebrar-con-esperanza-el-adviento-y-la-navidad\/","og_site_name":"Familia Salesiana","article_published_time":"2020-11-27T07:55:46+00:00","og_image":[{"width":1673,"height":988,"url":"http:\/\/www.salesianos.edu\/familiasalesiana\/wp-content\/uploads\/sites\/5\/2020\/11\/Captura-de-pantalla-2020-11-27-a-las-8.51.41.png","type":"image\/png"}],"author":"joseluisgarciamoscoso","twitter_card":"summary_large_image","twitter_misc":{"Escrito por":"joseluisgarciamoscoso","Tiempo de lectura":"2 minutos"},"schema":{"@context":"https:\/\/schema.org","@graph":[{"@type":"Article","@id":"http:\/\/www.salesianos.edu\/familiasalesiana\/un-camino-para-celebrar-con-esperanza-el-adviento-y-la-navidad\/#article","isPartOf":{"@id":"http:\/\/www.salesianos.edu\/familiasalesiana\/un-camino-para-celebrar-con-esperanza-el-adviento-y-la-navidad\/"},"author":{"name":"joseluisgarciamoscoso","@id":"http:\/\/www.salesianos.edu\/familiasalesiana\/#\/schema\/person\/a1d72ee5373cce7347fb2993ba9f47d6"},"headline":"Un camino para celebrar con esperanza el Adviento y la Navidad","datePublished":"2020-11-27T07:55:46+00:00","mainEntityOfPage":{"@id":"http:\/\/www.salesianos.edu\/familiasalesiana\/un-camino-para-celebrar-con-esperanza-el-adviento-y-la-navidad\/"},"wordCount":314,"commentCount":0,"image":{"@id":"http:\/\/www.salesianos.edu\/familiasalesiana\/un-camino-para-celebrar-con-esperanza-el-adviento-y-la-navidad\/#primaryimage"},"thumbnailUrl":"https:\/\/www.salesianos.edu\/familiasalesiana\/wp-content\/uploads\/sites\/5\/2020\/11\/Captura-de-pantalla-2020-11-27-a-las-8.51.41.png","articleSection":["Comunicaci\u00f3n","Curso20-21","Familia Salesiana","Pastoral Juvenil","portada"],"inLanguage":"es","potentialAction":[{"@type":"CommentAction","name":"Comment","target":["http:\/\/www.salesianos.edu\/familiasalesiana\/un-camino-para-celebrar-con-esperanza-el-adviento-y-la-navidad\/#respond"]}]},{"@type":"WebPage","@id":"http:\/\/www.salesianos.edu\/familiasalesiana\/un-camino-para-celebrar-con-esperanza-el-adviento-y-la-navidad\/","url":"http:\/\/www.salesianos.edu\/familiasalesiana\/un-camino-para-celebrar-con-esperanza-el-adviento-y-la-navidad\/","name":"Un camino para celebrar con esperanza el Adviento y la Navidad - Familia Salesiana","isPartOf":{"@id":"http:\/\/www.salesianos.edu\/familiasalesiana\/#website"},"primaryImageOfPage":{"@id":"http:\/\/www.salesianos.edu\/familiasalesiana\/un-camino-para-celebrar-con-esperanza-el-adviento-y-la-navidad\/#primaryimage"},"image":{"@id":"http:\/\/www.salesianos.edu\/familiasalesiana\/un-camino-para-celebrar-con-esperanza-el-adviento-y-la-navidad\/#primaryimage"},"thumbnailUrl":"https:\/\/www.salesianos.edu\/familiasalesiana\/wp-content\/uploads\/sites\/5\/2020\/11\/Captura-de-pantalla-2020-11-27-a-las-8.51.41.png","datePublished":"2020-11-27T07:55:46+00:00","author":{"@id":"http:\/\/www.salesianos.edu\/familiasalesiana\/#\/schema\/person\/a1d72ee5373cce7347fb2993ba9f47d6"},"breadcrumb":{"@id":"http:\/\/www.salesianos.edu\/familiasalesiana\/un-camino-para-celebrar-con-esperanza-el-adviento-y-la-navidad\/#breadcrumb"},"inLanguage":"es","potentialAction":[{"@type":"ReadAction","target":["http:\/\/www.salesianos.edu\/familiasalesiana\/un-camino-para-celebrar-con-esperanza-el-adviento-y-la-navidad\/"]}]},{"@type":"ImageObject","inLanguage":"es","@id":"http:\/\/www.salesianos.edu\/familiasalesiana\/un-camino-para-celebrar-con-esperanza-el-adviento-y-la-navidad\/#primaryimage","url":"https:\/\/www.salesianos.edu\/familiasalesiana\/wp-content\/uploads\/sites\/5\/2020\/11\/Captura-de-pantalla-2020-11-27-a-las-8.51.41.png","contentUrl":"https:\/\/www.salesianos.edu\/familiasalesiana\/wp-content\/uploads\/sites\/5\/2020\/11\/Captura-de-pantalla-2020-11-27-a-las-8.51.41.png","width":1673,"height":988},{"@type":"BreadcrumbList","@id":"http:\/\/www.salesianos.edu\/familiasalesiana\/un-camino-para-celebrar-con-esperanza-el-adviento-y-la-navidad\/#breadcrumb","itemListElement":[{"@type":"ListItem","position":1,"name":"Portada","item":"http:\/\/www.salesianos.edu\/familiasalesiana\/"},{"@type":"ListItem","position":2,"name":"Un camino para celebrar con esperanza el Adviento y la Navidad"}]},{"@type":"WebSite","@id":"http:\/\/www.salesianos.edu\/familiasalesiana\/#website","url":"http:\/\/www.salesianos.edu\/familiasalesiana\/","name":"Familia Salesiana","description":"P\u00e1gina oficial de Inspector\u00eda Salesiana Mar\u00eda Auxiliadora","potentialAction":[{"@type":"SearchAction","target":{"@type":"EntryPoint","urlTemplate":"http:\/\/www.salesianos.edu\/familiasalesiana\/?s={search_term_string}"},"query-input":{"@type":"PropertyValueSpecification","valueRequired":true,"valueName":"search_term_string"}}],"inLanguage":"es"},{"@type":"Person","@id":"http:\/\/www.salesianos.edu\/familiasalesiana\/#\/schema\/person\/a1d72ee5373cce7347fb2993ba9f47d6","name":"joseluisgarciamoscoso","image":{"@type":"ImageObject","inLanguage":"es","@id":"https:\/\/secure.gravatar.com\/avatar\/3fda3a0b2db3bc9a39871e47cbd526b42d6c3b74755b7ae1400a87b2913fea6a?s=96&d=mm&r=g","url":"https:\/\/secure.gravatar.com\/avatar\/3fda3a0b2db3bc9a39871e47cbd526b42d6c3b74755b7ae1400a87b2913fea6a?s=96&d=mm&r=g","contentUrl":"https:\/\/secure.gravatar.com\/avatar\/3fda3a0b2db3bc9a39871e47cbd526b42d6c3b74755b7ae1400a87b2913fea6a?s=96&d=mm&r=g","caption":"joseluisgarciamoscoso"}}]}},"_links":{"self":[{"href":"https:\/\/www.salesianos.edu\/familiasalesiana\/wp-json\/wp\/v2\/posts\/9050","targetHints":{"allow":["GET"]}}],"collection":[{"href":"https:\/\/www.salesianos.edu\/familiasalesiana\/wp-json\/wp\/v2\/posts"}],"about":[{"href":"https:\/\/www.salesianos.edu\/familiasalesiana\/wp-json\/wp\/v2\/types\/post"}],"author":[{"embeddable":true,"href":"https:\/\/www.salesianos.edu\/familiasalesiana\/wp-json\/wp\/v2\/users\/12"}],"replies":[{"embeddable":true,"href":"https:\/\/www.salesianos.edu\/familiasalesiana\/wp-json\/wp\/v2\/comments?post=9050"}],"version-history":[{"count":0,"href":"https:\/\/www.salesianos.edu\/familiasalesiana\/wp-json\/wp\/v2\/posts\/9050\/revisions"}],"wp:featuredmedia":[{"embeddable":true,"href":"https:\/\/www.salesianos.edu\/familiasalesiana\/wp-json\/wp\/v2\/media\/9051"}],"wp:attachment":[{"href":"https:\/\/www.salesianos.edu\/familiasalesiana\/wp-json\/wp\/v2\/media?parent=9050"}],"wp:term":[{"taxonomy":"category","embeddable":true,"href":"https:\/\/www.salesianos.edu\/familiasalesiana\/wp-json\/wp\/v2\/categories?post=9050"},{"taxonomy":"post_tag","embeddable":true,"href":"https:\/\/www.salesianos.edu\/familiasalesiana\/wp-json\/wp\/v2\/tags?post=9050"}],"curies":[{"name":"wp","href":"https:\/\/api.w.org\/{rel}","templated":true}]}}