{"id":9024,"date":"2020-11-25T08:22:40","date_gmt":"2020-11-25T07:22:40","guid":{"rendered":"http:\/\/www.salesianos.edu\/familiasalesiana\/el-consejo-de-adma-sevilla-se-reune\/"},"modified":"2021-03-03T13:41:32","modified_gmt":"2021-03-03T12:41:32","slug":"el-consejo-de-adma-sevilla-se-reune","status":"publish","type":"post","link":"https:\/\/www.salesianos.edu\/familiasalesiana\/el-consejo-de-adma-sevilla-se-reune\/","title":{"rendered":"El consejo de ADMA Sevilla se re\u00fane para llevar a cabo una puesta en com\u00fan de las realidades y expectativas de c\u00f3mo est\u00e1n llevando la situaci\u00f3n del Covid-19."},"content":{"rendered":"<div id=\"fb-root\"><\/div>\n<p>[et_pb_section fb_built=\u00bb1&#8243; admin_label=\u00bbsection\u00bb _builder_version=\u00bb3.22&#8243;][et_pb_row admin_label=\u00bbrow\u00bb _builder_version=\u00bb3.25&#8243; background_size=\u00bbinitial\u00bb background_position=\u00bbtop_left\u00bb background_repeat=\u00bbrepeat\u00bb][et_pb_column type=\u00bb4_4&#8243; _builder_version=\u00bb3.25&#8243; custom_padding=\u00bb|||\u00bb custom_padding__hover=\u00bb|||\u00bb][et_pb_text _builder_version=\u00bb4.7.3&#8243; hover_enabled=\u00bb0&#8243; sticky_enabled=\u00bb0&#8243;]<\/p>\n<p><em><span style=\"font-size: 10pt;\">Por ADMA Sevilla<\/span><\/em><\/p>\n<p>[\/et_pb_text][et_pb_text _builder_version=\u00bb4.7.3&#8243; hover_enabled=\u00bb0&#8243; sticky_enabled=\u00bb0&#8243;]<\/p>\n<p>El Consejo Inspectorial de ADMA zona Sevilla se re\u00fane telem\u00e1ticamente el 7 de Noviembre en su primera reuni\u00f3n del curso 2020-21 aunque el curso ya se inici\u00f3 con una reuni\u00f3n online, por zonas, con todas las Asociaciones para llevar a cabo una puesta en com\u00fan de las realidades y expectativas de c\u00f3mo est\u00e1n llevando la situaci\u00f3n del Covid-19. Se inici\u00f3 la reuni\u00f3n con la presentaci\u00f3n de D. Lu\u00eds Fernando nuevo Delegado de FASA el que a\u00f1adi\u00f3 que el Consejo deb\u00eda de seguir adelante con todas sus actividades previstas con total normalidad. Seguidamente se presentaron D. Juan Manuel Melgar (Delegado SDB) y Sor Ana Linares (Delegada FMA). <\/p>\n<p>Finalmente el Consejo organiz\u00f3 las pr\u00f3ximas actividades programadas como son el encuentro de formaci\u00f3n, en el que se aprob\u00f3 de llamar al encuentro que tenemos de forma permanente cada Noviembre, \u00abEncuentro Sor Pilar Chinchilla\u00bb, como recuerdo y homenaje a nuestra delegada que tanto trabaj\u00f3 y tanto disfrut\u00f3 con las Asociaciones de Mar\u00eda Auxiliadora; el encuentro por zonas y La Asamblea virtual que se celebrar\u00e1 durante el mes de Abril.<\/p>\n<p>[\/et_pb_text][et_pb_button url_new_window=\u00bbon\u00bb button_text=\u00bbIr a la secci\u00f3n de ADMA\u00bb button_alignment=\u00bbleft\u00bb _builder_version=\u00bb4.7.3&#8243; custom_button=\u00bbon\u00bb button_text_size=\u00bb15px\u00bb button_text_color=\u00bb#ffffff\u00bb button_bg_color=\u00bb#dc001b\u00bb button_border_radius=\u00bb26px\u00bb hover_enabled=\u00bb0&#8243; button_url=\u00bbhttps:\/\/www.salesianos.edu\/familiasalesiana\/asociacion-maria-auxiliadora\/\u00bb sticky_enabled=\u00bb0&#8243;][\/et_pb_button][\/et_pb_column][\/et_pb_row][\/et_pb_section]<\/p>\n","protected":false},"excerpt":{"rendered":"<p>Por ADMA Sevilla El Consejo Inspectorial de ADMA zona Sevilla se re\u00fane telem\u00e1ticamente el 7 de Noviembre en su primera reuni\u00f3n del curso 2020-21 aunque el curso ya se inici\u00f3 con una reuni\u00f3n online, por zonas, con todas las Asociaciones para llevar a cabo una puesta en com\u00fan de las realidades y expectativas de c\u00f3mo [&hellip;]<\/p>\n","protected":false},"author":12,"featured_media":9025,"comment_status":"open","ping_status":"open","sticky":false,"template":"","format":"standard","meta":{"_et_pb_use_builder":"on","_et_pb_old_content":"","_et_gb_content_width":"","footnotes":""},"categories":[53,46,27,15],"tags":[],"class_list":["post-9024","post","type-post","status-publish","format-standard","has-post-thumbnail","hentry","category-adma","category-curso20-21","category-fasa","category-portada"],"yoast_head":"<!-- This site is optimized with the Yoast SEO plugin v27.5 - https:\/\/yoast.com\/product\/yoast-seo-wordpress\/ -->\n<title>El consejo de ADMA Sevilla se re\u00fane para llevar a cabo una puesta en com\u00fan de las realidades y expectativas de c\u00f3mo est\u00e1n llevando la situaci\u00f3n del Covid-19. - Familia Salesiana<\/title>\n<meta name=\"robots\" content=\"index, follow, max-snippet:-1, max-image-preview:large, max-video-preview:-1\" \/>\n<link rel=\"canonical\" href=\"https:\/\/www.salesianos.edu\/familiasalesiana\/el-consejo-de-adma-sevilla-se-reune\/\" \/>\n<meta property=\"og:locale\" content=\"es_ES\" \/>\n<meta property=\"og:type\" content=\"article\" \/>\n<meta property=\"og:title\" content=\"El consejo de ADMA Sevilla se re\u00fane para llevar a cabo una puesta en com\u00fan de las realidades y expectativas de c\u00f3mo est\u00e1n llevando la situaci\u00f3n del Covid-19. - Familia Salesiana\" \/>\n<meta property=\"og:description\" content=\"Titulo p\u00e1ginas Subtitulo 1 Lorem Ipsum es simplemente el texto de relleno de las imprentas y archivos de texto. Lorem Ipsum ha sido el texto de relleno est\u00e1ndar de las industrias desde el a\u00f1o 1500, cuando un impresor (N. del T. persona que se dedica a la imprenta) desconocido us\u00f3 una galer\u00eda de textos y [&hellip;]\" \/>\n<meta property=\"og:url\" content=\"https:\/\/www.salesianos.edu\/familiasalesiana\/el-consejo-de-adma-sevilla-se-reune\/\" \/>\n<meta property=\"og:site_name\" content=\"Familia Salesiana\" \/>\n<meta property=\"article:published_time\" content=\"2020-11-25T07:22:40+00:00\" \/>\n<meta property=\"article:modified_time\" content=\"2021-03-03T12:41:32+00:00\" \/>\n<meta property=\"og:image\" content=\"https:\/\/www.salesianos.edu\/familiasalesiana\/wp-content\/uploads\/sites\/5\/2020\/11\/IMG-1200.jpg\" \/>\n\t<meta property=\"og:image:width\" content=\"818\" \/>\n\t<meta property=\"og:image:height\" content=\"434\" \/>\n\t<meta property=\"og:image:type\" content=\"image\/jpeg\" \/>\n<meta name=\"author\" content=\"joseluisgarciamoscoso\" \/>\n<meta name=\"twitter:card\" content=\"summary_large_image\" \/>\n<meta name=\"twitter:label1\" content=\"Escrito por\" \/>\n\t<meta name=\"twitter:data1\" content=\"joseluisgarciamoscoso\" \/>\n\t<meta name=\"twitter:label2\" content=\"Tiempo de lectura\" \/>\n\t<meta name=\"twitter:data2\" content=\"2 minutos\" \/>\n<script type=\"application\/ld+json\" class=\"yoast-schema-graph\">{\"@context\":\"https:\\\/\\\/schema.org\",\"@graph\":[{\"@type\":\"Article\",\"@id\":\"https:\\\/\\\/www.salesianos.edu\\\/familiasalesiana\\\/el-consejo-de-adma-sevilla-se-reune\\\/#article\",\"isPartOf\":{\"@id\":\"https:\\\/\\\/www.salesianos.edu\\\/familiasalesiana\\\/el-consejo-de-adma-sevilla-se-reune\\\/\"},\"author\":{\"name\":\"joseluisgarciamoscoso\",\"@id\":\"http:\\\/\\\/www.salesianos.edu\\\/familiasalesiana\\\/#\\\/schema\\\/person\\\/a1d72ee5373cce7347fb2993ba9f47d6\"},\"headline\":\"El consejo de ADMA Sevilla se re\u00fane para llevar a cabo una puesta en com\u00fan de las realidades y expectativas de c\u00f3mo est\u00e1n llevando la situaci\u00f3n del Covid-19.\",\"datePublished\":\"2020-11-25T07:22:40+00:00\",\"dateModified\":\"2021-03-03T12:41:32+00:00\",\"mainEntityOfPage\":{\"@id\":\"https:\\\/\\\/www.salesianos.edu\\\/familiasalesiana\\\/el-consejo-de-adma-sevilla-se-reune\\\/\"},\"wordCount\":354,\"commentCount\":1,\"image\":{\"@id\":\"https:\\\/\\\/www.salesianos.edu\\\/familiasalesiana\\\/el-consejo-de-adma-sevilla-se-reune\\\/#primaryimage\"},\"thumbnailUrl\":\"https:\\\/\\\/www.salesianos.edu\\\/familiasalesiana\\\/wp-content\\\/uploads\\\/sites\\\/5\\\/2020\\\/11\\\/IMG-1200.jpg\",\"articleSection\":[\"ADMA\",\"Curso20-21\",\"Familia Salesiana\",\"portada\"],\"inLanguage\":\"es\",\"potentialAction\":[{\"@type\":\"CommentAction\",\"name\":\"Comment\",\"target\":[\"https:\\\/\\\/www.salesianos.edu\\\/familiasalesiana\\\/el-consejo-de-adma-sevilla-se-reune\\\/#respond\"]}]},{\"@type\":\"WebPage\",\"@id\":\"https:\\\/\\\/www.salesianos.edu\\\/familiasalesiana\\\/el-consejo-de-adma-sevilla-se-reune\\\/\",\"url\":\"https:\\\/\\\/www.salesianos.edu\\\/familiasalesiana\\\/el-consejo-de-adma-sevilla-se-reune\\\/\",\"name\":\"El consejo de ADMA Sevilla se re\u00fane para llevar a cabo una puesta en com\u00fan de las realidades y expectativas de c\u00f3mo est\u00e1n llevando la situaci\u00f3n del Covid-19. - Familia Salesiana\",\"isPartOf\":{\"@id\":\"http:\\\/\\\/www.salesianos.edu\\\/familiasalesiana\\\/#website\"},\"primaryImageOfPage\":{\"@id\":\"https:\\\/\\\/www.salesianos.edu\\\/familiasalesiana\\\/el-consejo-de-adma-sevilla-se-reune\\\/#primaryimage\"},\"image\":{\"@id\":\"https:\\\/\\\/www.salesianos.edu\\\/familiasalesiana\\\/el-consejo-de-adma-sevilla-se-reune\\\/#primaryimage\"},\"thumbnailUrl\":\"https:\\\/\\\/www.salesianos.edu\\\/familiasalesiana\\\/wp-content\\\/uploads\\\/sites\\\/5\\\/2020\\\/11\\\/IMG-1200.jpg\",\"datePublished\":\"2020-11-25T07:22:40+00:00\",\"dateModified\":\"2021-03-03T12:41:32+00:00\",\"author\":{\"@id\":\"http:\\\/\\\/www.salesianos.edu\\\/familiasalesiana\\\/#\\\/schema\\\/person\\\/a1d72ee5373cce7347fb2993ba9f47d6\"},\"breadcrumb\":{\"@id\":\"https:\\\/\\\/www.salesianos.edu\\\/familiasalesiana\\\/el-consejo-de-adma-sevilla-se-reune\\\/#breadcrumb\"},\"inLanguage\":\"es\",\"potentialAction\":[{\"@type\":\"ReadAction\",\"target\":[\"https:\\\/\\\/www.salesianos.edu\\\/familiasalesiana\\\/el-consejo-de-adma-sevilla-se-reune\\\/\"]}]},{\"@type\":\"ImageObject\",\"inLanguage\":\"es\",\"@id\":\"https:\\\/\\\/www.salesianos.edu\\\/familiasalesiana\\\/el-consejo-de-adma-sevilla-se-reune\\\/#primaryimage\",\"url\":\"https:\\\/\\\/www.salesianos.edu\\\/familiasalesiana\\\/wp-content\\\/uploads\\\/sites\\\/5\\\/2020\\\/11\\\/IMG-1200.jpg\",\"contentUrl\":\"https:\\\/\\\/www.salesianos.edu\\\/familiasalesiana\\\/wp-content\\\/uploads\\\/sites\\\/5\\\/2020\\\/11\\\/IMG-1200.jpg\",\"width\":818,\"height\":434},{\"@type\":\"BreadcrumbList\",\"@id\":\"https:\\\/\\\/www.salesianos.edu\\\/familiasalesiana\\\/el-consejo-de-adma-sevilla-se-reune\\\/#breadcrumb\",\"itemListElement\":[{\"@type\":\"ListItem\",\"position\":1,\"name\":\"Portada\",\"item\":\"http:\\\/\\\/www.salesianos.edu\\\/familiasalesiana\\\/\"},{\"@type\":\"ListItem\",\"position\":2,\"name\":\"El consejo de ADMA Sevilla se re\u00fane para llevar a cabo una puesta en com\u00fan de las realidades y expectativas de c\u00f3mo est\u00e1n llevando la situaci\u00f3n del Covid-19.\"}]},{\"@type\":\"WebSite\",\"@id\":\"http:\\\/\\\/www.salesianos.edu\\\/familiasalesiana\\\/#website\",\"url\":\"http:\\\/\\\/www.salesianos.edu\\\/familiasalesiana\\\/\",\"name\":\"Familia Salesiana\",\"description\":\"P\u00e1gina oficial de Inspector\u00eda Salesiana Mar\u00eda Auxiliadora\",\"potentialAction\":[{\"@type\":\"SearchAction\",\"target\":{\"@type\":\"EntryPoint\",\"urlTemplate\":\"http:\\\/\\\/www.salesianos.edu\\\/familiasalesiana\\\/?s={search_term_string}\"},\"query-input\":{\"@type\":\"PropertyValueSpecification\",\"valueRequired\":true,\"valueName\":\"search_term_string\"}}],\"inLanguage\":\"es\"},{\"@type\":\"Person\",\"@id\":\"http:\\\/\\\/www.salesianos.edu\\\/familiasalesiana\\\/#\\\/schema\\\/person\\\/a1d72ee5373cce7347fb2993ba9f47d6\",\"name\":\"joseluisgarciamoscoso\",\"image\":{\"@type\":\"ImageObject\",\"inLanguage\":\"es\",\"@id\":\"https:\\\/\\\/secure.gravatar.com\\\/avatar\\\/3fda3a0b2db3bc9a39871e47cbd526b42d6c3b74755b7ae1400a87b2913fea6a?s=96&d=mm&r=g\",\"url\":\"https:\\\/\\\/secure.gravatar.com\\\/avatar\\\/3fda3a0b2db3bc9a39871e47cbd526b42d6c3b74755b7ae1400a87b2913fea6a?s=96&d=mm&r=g\",\"contentUrl\":\"https:\\\/\\\/secure.gravatar.com\\\/avatar\\\/3fda3a0b2db3bc9a39871e47cbd526b42d6c3b74755b7ae1400a87b2913fea6a?s=96&d=mm&r=g\",\"caption\":\"joseluisgarciamoscoso\"}}]}<\/script>\n<!-- \/ Yoast SEO plugin. -->","yoast_head_json":{"title":"El consejo de ADMA Sevilla se re\u00fane para llevar a cabo una puesta en com\u00fan de las realidades y expectativas de c\u00f3mo est\u00e1n llevando la situaci\u00f3n del Covid-19. - Familia Salesiana","robots":{"index":"index","follow":"follow","max-snippet":"max-snippet:-1","max-image-preview":"max-image-preview:large","max-video-preview":"max-video-preview:-1"},"canonical":"https:\/\/www.salesianos.edu\/familiasalesiana\/el-consejo-de-adma-sevilla-se-reune\/","og_locale":"es_ES","og_type":"article","og_title":"El consejo de ADMA Sevilla se re\u00fane para llevar a cabo una puesta en com\u00fan de las realidades y expectativas de c\u00f3mo est\u00e1n llevando la situaci\u00f3n del Covid-19. - Familia Salesiana","og_description":"Titulo p\u00e1ginas Subtitulo 1 Lorem Ipsum es simplemente el texto de relleno de las imprentas y archivos de texto. Lorem Ipsum ha sido el texto de relleno est\u00e1ndar de las industrias desde el a\u00f1o 1500, cuando un impresor (N. del T. persona que se dedica a la imprenta) desconocido us\u00f3 una galer\u00eda de textos y [&hellip;]","og_url":"https:\/\/www.salesianos.edu\/familiasalesiana\/el-consejo-de-adma-sevilla-se-reune\/","og_site_name":"Familia Salesiana","article_published_time":"2020-11-25T07:22:40+00:00","article_modified_time":"2021-03-03T12:41:32+00:00","og_image":[{"width":818,"height":434,"url":"https:\/\/www.salesianos.edu\/familiasalesiana\/wp-content\/uploads\/sites\/5\/2020\/11\/IMG-1200.jpg","type":"image\/jpeg"}],"author":"joseluisgarciamoscoso","twitter_card":"summary_large_image","twitter_misc":{"Escrito por":"joseluisgarciamoscoso","Tiempo de lectura":"2 minutos"},"schema":{"@context":"https:\/\/schema.org","@graph":[{"@type":"Article","@id":"https:\/\/www.salesianos.edu\/familiasalesiana\/el-consejo-de-adma-sevilla-se-reune\/#article","isPartOf":{"@id":"https:\/\/www.salesianos.edu\/familiasalesiana\/el-consejo-de-adma-sevilla-se-reune\/"},"author":{"name":"joseluisgarciamoscoso","@id":"http:\/\/www.salesianos.edu\/familiasalesiana\/#\/schema\/person\/a1d72ee5373cce7347fb2993ba9f47d6"},"headline":"El consejo de ADMA Sevilla se re\u00fane para llevar a cabo una puesta en com\u00fan de las realidades y expectativas de c\u00f3mo est\u00e1n llevando la situaci\u00f3n del Covid-19.","datePublished":"2020-11-25T07:22:40+00:00","dateModified":"2021-03-03T12:41:32+00:00","mainEntityOfPage":{"@id":"https:\/\/www.salesianos.edu\/familiasalesiana\/el-consejo-de-adma-sevilla-se-reune\/"},"wordCount":354,"commentCount":1,"image":{"@id":"https:\/\/www.salesianos.edu\/familiasalesiana\/el-consejo-de-adma-sevilla-se-reune\/#primaryimage"},"thumbnailUrl":"https:\/\/www.salesianos.edu\/familiasalesiana\/wp-content\/uploads\/sites\/5\/2020\/11\/IMG-1200.jpg","articleSection":["ADMA","Curso20-21","Familia Salesiana","portada"],"inLanguage":"es","potentialAction":[{"@type":"CommentAction","name":"Comment","target":["https:\/\/www.salesianos.edu\/familiasalesiana\/el-consejo-de-adma-sevilla-se-reune\/#respond"]}]},{"@type":"WebPage","@id":"https:\/\/www.salesianos.edu\/familiasalesiana\/el-consejo-de-adma-sevilla-se-reune\/","url":"https:\/\/www.salesianos.edu\/familiasalesiana\/el-consejo-de-adma-sevilla-se-reune\/","name":"El consejo de ADMA Sevilla se re\u00fane para llevar a cabo una puesta en com\u00fan de las realidades y expectativas de c\u00f3mo est\u00e1n llevando la situaci\u00f3n del Covid-19. - Familia Salesiana","isPartOf":{"@id":"http:\/\/www.salesianos.edu\/familiasalesiana\/#website"},"primaryImageOfPage":{"@id":"https:\/\/www.salesianos.edu\/familiasalesiana\/el-consejo-de-adma-sevilla-se-reune\/#primaryimage"},"image":{"@id":"https:\/\/www.salesianos.edu\/familiasalesiana\/el-consejo-de-adma-sevilla-se-reune\/#primaryimage"},"thumbnailUrl":"https:\/\/www.salesianos.edu\/familiasalesiana\/wp-content\/uploads\/sites\/5\/2020\/11\/IMG-1200.jpg","datePublished":"2020-11-25T07:22:40+00:00","dateModified":"2021-03-03T12:41:32+00:00","author":{"@id":"http:\/\/www.salesianos.edu\/familiasalesiana\/#\/schema\/person\/a1d72ee5373cce7347fb2993ba9f47d6"},"breadcrumb":{"@id":"https:\/\/www.salesianos.edu\/familiasalesiana\/el-consejo-de-adma-sevilla-se-reune\/#breadcrumb"},"inLanguage":"es","potentialAction":[{"@type":"ReadAction","target":["https:\/\/www.salesianos.edu\/familiasalesiana\/el-consejo-de-adma-sevilla-se-reune\/"]}]},{"@type":"ImageObject","inLanguage":"es","@id":"https:\/\/www.salesianos.edu\/familiasalesiana\/el-consejo-de-adma-sevilla-se-reune\/#primaryimage","url":"https:\/\/www.salesianos.edu\/familiasalesiana\/wp-content\/uploads\/sites\/5\/2020\/11\/IMG-1200.jpg","contentUrl":"https:\/\/www.salesianos.edu\/familiasalesiana\/wp-content\/uploads\/sites\/5\/2020\/11\/IMG-1200.jpg","width":818,"height":434},{"@type":"BreadcrumbList","@id":"https:\/\/www.salesianos.edu\/familiasalesiana\/el-consejo-de-adma-sevilla-se-reune\/#breadcrumb","itemListElement":[{"@type":"ListItem","position":1,"name":"Portada","item":"http:\/\/www.salesianos.edu\/familiasalesiana\/"},{"@type":"ListItem","position":2,"name":"El consejo de ADMA Sevilla se re\u00fane para llevar a cabo una puesta en com\u00fan de las realidades y expectativas de c\u00f3mo est\u00e1n llevando la situaci\u00f3n del Covid-19."}]},{"@type":"WebSite","@id":"http:\/\/www.salesianos.edu\/familiasalesiana\/#website","url":"http:\/\/www.salesianos.edu\/familiasalesiana\/","name":"Familia Salesiana","description":"P\u00e1gina oficial de Inspector\u00eda Salesiana Mar\u00eda Auxiliadora","potentialAction":[{"@type":"SearchAction","target":{"@type":"EntryPoint","urlTemplate":"http:\/\/www.salesianos.edu\/familiasalesiana\/?s={search_term_string}"},"query-input":{"@type":"PropertyValueSpecification","valueRequired":true,"valueName":"search_term_string"}}],"inLanguage":"es"},{"@type":"Person","@id":"http:\/\/www.salesianos.edu\/familiasalesiana\/#\/schema\/person\/a1d72ee5373cce7347fb2993ba9f47d6","name":"joseluisgarciamoscoso","image":{"@type":"ImageObject","inLanguage":"es","@id":"https:\/\/secure.gravatar.com\/avatar\/3fda3a0b2db3bc9a39871e47cbd526b42d6c3b74755b7ae1400a87b2913fea6a?s=96&d=mm&r=g","url":"https:\/\/secure.gravatar.com\/avatar\/3fda3a0b2db3bc9a39871e47cbd526b42d6c3b74755b7ae1400a87b2913fea6a?s=96&d=mm&r=g","contentUrl":"https:\/\/secure.gravatar.com\/avatar\/3fda3a0b2db3bc9a39871e47cbd526b42d6c3b74755b7ae1400a87b2913fea6a?s=96&d=mm&r=g","caption":"joseluisgarciamoscoso"}}]}},"_links":{"self":[{"href":"https:\/\/www.salesianos.edu\/familiasalesiana\/wp-json\/wp\/v2\/posts\/9024","targetHints":{"allow":["GET"]}}],"collection":[{"href":"https:\/\/www.salesianos.edu\/familiasalesiana\/wp-json\/wp\/v2\/posts"}],"about":[{"href":"https:\/\/www.salesianos.edu\/familiasalesiana\/wp-json\/wp\/v2\/types\/post"}],"author":[{"embeddable":true,"href":"https:\/\/www.salesianos.edu\/familiasalesiana\/wp-json\/wp\/v2\/users\/12"}],"replies":[{"embeddable":true,"href":"https:\/\/www.salesianos.edu\/familiasalesiana\/wp-json\/wp\/v2\/comments?post=9024"}],"version-history":[{"count":1,"href":"https:\/\/www.salesianos.edu\/familiasalesiana\/wp-json\/wp\/v2\/posts\/9024\/revisions"}],"predecessor-version":[{"id":9389,"href":"https:\/\/www.salesianos.edu\/familiasalesiana\/wp-json\/wp\/v2\/posts\/9024\/revisions\/9389"}],"wp:featuredmedia":[{"embeddable":true,"href":"https:\/\/www.salesianos.edu\/familiasalesiana\/wp-json\/wp\/v2\/media\/9025"}],"wp:attachment":[{"href":"https:\/\/www.salesianos.edu\/familiasalesiana\/wp-json\/wp\/v2\/media?parent=9024"}],"wp:term":[{"taxonomy":"category","embeddable":true,"href":"https:\/\/www.salesianos.edu\/familiasalesiana\/wp-json\/wp\/v2\/categories?post=9024"},{"taxonomy":"post_tag","embeddable":true,"href":"https:\/\/www.salesianos.edu\/familiasalesiana\/wp-json\/wp\/v2\/tags?post=9024"}],"curies":[{"name":"wp","href":"https:\/\/api.w.org\/{rel}","templated":true}]}}