{"id":8980,"date":"2020-11-11T09:51:00","date_gmt":"2020-11-11T08:51:00","guid":{"rendered":"http:\/\/www.salesianos.edu\/familiasalesiana\/montilla-muestra-que-el-amor-sale-a-la-calle-4\/"},"modified":"2021-03-22T14:38:45","modified_gmt":"2021-03-22T13:38:45","slug":"montilla-muestra-que-el-amor-sale-a-la-calle","status":"publish","type":"post","link":"https:\/\/www.salesianos.edu\/familiasalesiana\/montilla-muestra-que-el-amor-sale-a-la-calle\/","title":{"rendered":"Montilla muestra que \u00abEl amor sale a la calle\u00bb"},"content":{"rendered":"<div id=\"fb-root\"><\/div>\n<p>[et_pb_section fb_built=\u00bb1&#8243; admin_label=\u00bbsection\u00bb _builder_version=\u00bb3.22&#8243;][et_pb_row admin_label=\u00bbrow\u00bb _builder_version=\u00bb3.25&#8243; background_size=\u00bbinitial\u00bb background_position=\u00bbtop_left\u00bb background_repeat=\u00bbrepeat\u00bb][et_pb_column type=\u00bb4_4&#8243; _builder_version=\u00bb3.25&#8243; custom_padding=\u00bb|||\u00bb custom_padding__hover=\u00bb|||\u00bb][et_pb_text _builder_version=\u00bb4.6.1&#8243;]<\/p>\n<p><em><span style=\"font-size: 10pt;\">Por <b>Hermandades y Cofrad\u00edas Salesianas<\/b><\/span><\/em><\/p>\n<p>[\/et_pb_text][et_pb_text _builder_version=\u00bb4.6.1&#8243;]<\/p>\n<div>\n<p>El pasado d\u00eda 2 de noviembre daba elpistoletazo de salida la nueva campa\u00f1a solidaria de la Hermandad Salesiana del Sant\u00edsimo Cristo del Amor bajo el lema \u00abEl amor sale a la calle\u00bb. Debido a que este a\u00f1o 2020 no se han podido realizar las actividades propias de la hermandad con las que anualmente se recog\u00edan fondos solidarios para invertirlos en acci\u00f3n y ayuda social, se decidi\u00f3 lanzar esta campa\u00f1a solidaria para \u00abno dejar de poner nuestro granito de arena y ayudar en todo lo posible dentro de nuestras capacidades\u00bb.<\/p>\n<\/div>\n<div>\n<p>Para preparar el lanzamiento de la misma se fue configurando una serie de acciones previas entre las que destaca la pegada de globos con forma de coraz\u00f3n durante el fin de semana del 31 de octubre y 1 de noviembre. \u00abCon esta pegada de globos an\u00f3nima pretend\u00edamos llamar la atenci\u00f3n de todos los montillanos, intentando levantar, en la medida de la posible, el \u00e1nimo antes las dificultades que se nos est\u00e1n presentando y hacerles ver que ahora m\u00e1s que nunca nos necesitamos a nosotros mismos para ayudar y colaborar\u00bb, comparten desde la hermandad salesiana.<\/p>\n<\/div>\n<p>En el caso de Carlos Castillo, al superar los 61 a\u00f1os, pasar\u00e1 a tener un contrato de relevo, en el colegio Salesianos de C\u00f3rdoba, lo que reducir\u00e1 su carga docente. Echa de menos igualmente no haber podido despedirse de sus alumnos al acabar este curso at\u00edpico y un ciclo, pues pasar\u00e1n ahora a Secundaria, \u00abhemos extra\u00f1ado mucho a los ni\u00f1os, que han sido los verdaderos campeones ante la adversidad que ha supuesto no poder impartir las clases de forma presencial por la crisis sanitaria. El alumnado se merece un diez\u00bb, resalta.<\/p>\n<p>[\/et_pb_text][et_pb_code _builder_version=\u00bb4.6.1&#8243; _module_preset=\u00bbdefault\u00bb]<iframe loading=\"lazy\" src=\"https:\/\/www.facebook.com\/plugins\/video.php?height=314&#038;href=https%3A%2F%2Fwww.facebook.com%2Fcristodelamormontilla%2Fvideos%2F356772105399096%2F&#038;show_text=false&#038;width=560\" width=\"1080\" height=\"600\" style=\"border:none;overflow:hidden\" scrolling=\"no\" frameborder=\"0\" allowTransparency=\"true\" allow=\"encrypted-media\" allowFullScreen=\"true\"><\/iframe>[\/et_pb_code][et_pb_text _builder_version=\u00bb4.6.1&#8243; _module_preset=\u00bbdefault\u00bb]<\/p>\n<blockquote>\n<p>\u00abEntendemos que la mejor forma de amar es ayudar. A la vista de las personas que est\u00e1n sufriendo situaciones de desempleo que los est\u00e1n llevando a dificultades econ\u00f3micas, personas que est\u00e1n sufriendo en sus carnes la enfermedad, o que tienen dificultad para encontrar un techo\u00bb, a\u00f1ade Carlos Raig\u00f3n, hermano mayor de la hermandad.<\/p>\n<\/blockquote>\n<p>[\/et_pb_text][et_pb_text _builder_version=\u00bb4.6.6&#8243; _module_preset=\u00bbdefault\u00bb hover_enabled=\u00bb0&#8243; sticky_enabled=\u00bb0&#8243;]<\/p>\n<p>Por todo ello se ha\u00a0decidido que todos los fondos recaudados durante la campa\u00f1a tendr\u00e1n como foco los siguientes destinatarios:<\/p>\n<ul>\n<li dir=\"ltr\">Ayuda a C\u00e1ritas Parroquial.<\/li>\n<li dir=\"ltr\">Ayuda al Hogar de Tardes Mam\u00e1 Margarita.<\/li>\n<li dir=\"ltr\">Proyecto Buzzetti de acogida a j\u00f3venes sin hogar.<\/li>\n<li dir=\"ltr\">Ayudas a escolares con necesidades. (Becas comedor, material escolar,&#8230;)<\/li>\n<li dir=\"ltr\">Ayudas a familias con problemas derivados de la COVID-19.<\/li>\n<\/ul>\n<p>Para colaborar se habilit\u00f3 un n\u00famero \u00abBizum solidario\u00bb (00618) y un n\u00famero de cuenta (ES43 2100 17 09490200083868) con\u00a0el que apoyar los proyectos solidarios.<\/p>\n<p>[\/et_pb_text][et_pb_text _builder_version=\u00bb4.6.6&#8243; _module_preset=\u00bbdefault\u00bb hover_enabled=\u00bb0&#8243; sticky_enabled=\u00bb0&#8243;]<\/p>\n<div><b>Sobre la Hermandad Salesiana<\/b><\/div>\n<div>\u00a0<\/div>\n<div>\n<p>La Hermandad del Sant\u00edsimo Cristo del Amor, est\u00e1 constituida en el seno de la Asociaci\u00f3n de AA. AA. Salesianos.<\/p>\n<p>Nace a ra\u00edz del fervor y devoci\u00f3n que se le ten\u00eda y sigue teniendo a esta imagen, y por consecuencia, fruto de esta piedad y de las inquietudes de la Junta Directiva de la Asociaci\u00f3n, en corto espacio de tiempo y tras laboriosas gestiones llevadas a cabo por la comisi\u00f3n organizadora creada para tal fin, y presidida por Manuel Luque Velasco (q.e.p.d.), que con su cuidado y esmero se convirti\u00f3 en el primer Hermano Mayor y alma de la Cofrad\u00eda. Se funda esta Hermandad en el a\u00f1o 1940, haciendo su primera Estaci\u00f3n Penitencial el Mi\u00e9rcoles Santo d\u00eda 9 de Abril de 1941<\/p><\/div>\n<p>[\/et_pb_text][\/et_pb_column][\/et_pb_row][\/et_pb_section]<\/p>\n","protected":false},"excerpt":{"rendered":"<p>La Hermandad Salesiana del Sant\u00edsimo Cristo del Amor lanza su nueva campa\u00f1a solidaria con este lema.<\/p>\n","protected":false},"author":12,"featured_media":8981,"comment_status":"open","ping_status":"open","sticky":false,"template":"","format":"standard","meta":{"_et_pb_use_builder":"on","_et_pb_old_content":"","_et_gb_content_width":"","footnotes":""},"categories":[59,1],"tags":[],"class_list":["post-8980","post","type-post","status-publish","format-standard","has-post-thumbnail","hentry","category-hermandades","category-uncategorized"],"yoast_head":"<!-- This site is optimized with the Yoast SEO plugin v27.5 - https:\/\/yoast.com\/product\/yoast-seo-wordpress\/ -->\n<title>Montilla muestra que \u00abEl amor sale a la calle\u00bb - Familia Salesiana<\/title>\n<meta name=\"robots\" content=\"index, follow, max-snippet:-1, max-image-preview:large, max-video-preview:-1\" \/>\n<link rel=\"canonical\" href=\"https:\/\/www.salesianos.edu\/familiasalesiana\/montilla-muestra-que-el-amor-sale-a-la-calle\/\" \/>\n<meta property=\"og:locale\" content=\"es_ES\" \/>\n<meta property=\"og:type\" content=\"article\" \/>\n<meta property=\"og:title\" content=\"Montilla muestra que \u00abEl amor sale a la calle\u00bb - Familia Salesiana\" \/>\n<meta property=\"og:description\" content=\"La Hermandad Salesiana del Sant\u00edsimo Cristo del Amor lanza su nueva campa\u00f1a solidaria con este lema.\" \/>\n<meta property=\"og:url\" content=\"https:\/\/www.salesianos.edu\/familiasalesiana\/montilla-muestra-que-el-amor-sale-a-la-calle\/\" \/>\n<meta property=\"og:site_name\" content=\"Familia Salesiana\" \/>\n<meta property=\"article:published_time\" content=\"2020-11-11T08:51:00+00:00\" \/>\n<meta property=\"article:modified_time\" content=\"2021-03-22T13:38:45+00:00\" \/>\n<meta property=\"og:image\" content=\"https:\/\/www.salesianos.edu\/familiasalesiana\/wp-content\/uploads\/sites\/5\/2020\/11\/salesimontilla-1024x714.png\" \/>\n\t<meta property=\"og:image:width\" content=\"1024\" \/>\n\t<meta property=\"og:image:height\" content=\"714\" \/>\n\t<meta property=\"og:image:type\" content=\"image\/png\" \/>\n<meta name=\"author\" content=\"joseluisgarciamoscoso\" \/>\n<meta name=\"twitter:card\" content=\"summary_large_image\" \/>\n<meta name=\"twitter:label1\" content=\"Escrito por\" \/>\n\t<meta name=\"twitter:data1\" content=\"joseluisgarciamoscoso\" \/>\n\t<meta name=\"twitter:label2\" content=\"Tiempo de lectura\" \/>\n\t<meta name=\"twitter:data2\" content=\"3 minutos\" \/>\n<script type=\"application\/ld+json\" class=\"yoast-schema-graph\">{\"@context\":\"https:\\\/\\\/schema.org\",\"@graph\":[{\"@type\":\"Article\",\"@id\":\"https:\\\/\\\/www.salesianos.edu\\\/familiasalesiana\\\/montilla-muestra-que-el-amor-sale-a-la-calle\\\/#article\",\"isPartOf\":{\"@id\":\"https:\\\/\\\/www.salesianos.edu\\\/familiasalesiana\\\/montilla-muestra-que-el-amor-sale-a-la-calle\\\/\"},\"author\":{\"name\":\"joseluisgarciamoscoso\",\"@id\":\"http:\\\/\\\/www.salesianos.edu\\\/familiasalesiana\\\/#\\\/schema\\\/person\\\/a1d72ee5373cce7347fb2993ba9f47d6\"},\"headline\":\"Montilla muestra que \u00abEl amor sale a la calle\u00bb\",\"datePublished\":\"2020-11-11T08:51:00+00:00\",\"dateModified\":\"2021-03-22T13:38:45+00:00\",\"mainEntityOfPage\":{\"@id\":\"https:\\\/\\\/www.salesianos.edu\\\/familiasalesiana\\\/montilla-muestra-que-el-amor-sale-a-la-calle\\\/\"},\"wordCount\":699,\"commentCount\":0,\"image\":{\"@id\":\"https:\\\/\\\/www.salesianos.edu\\\/familiasalesiana\\\/montilla-muestra-que-el-amor-sale-a-la-calle\\\/#primaryimage\"},\"thumbnailUrl\":\"https:\\\/\\\/www.salesianos.edu\\\/familiasalesiana\\\/wp-content\\\/uploads\\\/sites\\\/5\\\/2020\\\/11\\\/salesimontilla.png\",\"articleSection\":[\"Hermandades\",\"Uncategorized\"],\"inLanguage\":\"es\",\"potentialAction\":[{\"@type\":\"CommentAction\",\"name\":\"Comment\",\"target\":[\"https:\\\/\\\/www.salesianos.edu\\\/familiasalesiana\\\/montilla-muestra-que-el-amor-sale-a-la-calle\\\/#respond\"]}]},{\"@type\":\"WebPage\",\"@id\":\"https:\\\/\\\/www.salesianos.edu\\\/familiasalesiana\\\/montilla-muestra-que-el-amor-sale-a-la-calle\\\/\",\"url\":\"https:\\\/\\\/www.salesianos.edu\\\/familiasalesiana\\\/montilla-muestra-que-el-amor-sale-a-la-calle\\\/\",\"name\":\"Montilla muestra que \u00abEl amor sale a la calle\u00bb - Familia Salesiana\",\"isPartOf\":{\"@id\":\"http:\\\/\\\/www.salesianos.edu\\\/familiasalesiana\\\/#website\"},\"primaryImageOfPage\":{\"@id\":\"https:\\\/\\\/www.salesianos.edu\\\/familiasalesiana\\\/montilla-muestra-que-el-amor-sale-a-la-calle\\\/#primaryimage\"},\"image\":{\"@id\":\"https:\\\/\\\/www.salesianos.edu\\\/familiasalesiana\\\/montilla-muestra-que-el-amor-sale-a-la-calle\\\/#primaryimage\"},\"thumbnailUrl\":\"https:\\\/\\\/www.salesianos.edu\\\/familiasalesiana\\\/wp-content\\\/uploads\\\/sites\\\/5\\\/2020\\\/11\\\/salesimontilla.png\",\"datePublished\":\"2020-11-11T08:51:00+00:00\",\"dateModified\":\"2021-03-22T13:38:45+00:00\",\"author\":{\"@id\":\"http:\\\/\\\/www.salesianos.edu\\\/familiasalesiana\\\/#\\\/schema\\\/person\\\/a1d72ee5373cce7347fb2993ba9f47d6\"},\"breadcrumb\":{\"@id\":\"https:\\\/\\\/www.salesianos.edu\\\/familiasalesiana\\\/montilla-muestra-que-el-amor-sale-a-la-calle\\\/#breadcrumb\"},\"inLanguage\":\"es\",\"potentialAction\":[{\"@type\":\"ReadAction\",\"target\":[\"https:\\\/\\\/www.salesianos.edu\\\/familiasalesiana\\\/montilla-muestra-que-el-amor-sale-a-la-calle\\\/\"]}]},{\"@type\":\"ImageObject\",\"inLanguage\":\"es\",\"@id\":\"https:\\\/\\\/www.salesianos.edu\\\/familiasalesiana\\\/montilla-muestra-que-el-amor-sale-a-la-calle\\\/#primaryimage\",\"url\":\"https:\\\/\\\/www.salesianos.edu\\\/familiasalesiana\\\/wp-content\\\/uploads\\\/sites\\\/5\\\/2020\\\/11\\\/salesimontilla.png\",\"contentUrl\":\"https:\\\/\\\/www.salesianos.edu\\\/familiasalesiana\\\/wp-content\\\/uploads\\\/sites\\\/5\\\/2020\\\/11\\\/salesimontilla.png\",\"width\":2755,\"height\":1920},{\"@type\":\"BreadcrumbList\",\"@id\":\"https:\\\/\\\/www.salesianos.edu\\\/familiasalesiana\\\/montilla-muestra-que-el-amor-sale-a-la-calle\\\/#breadcrumb\",\"itemListElement\":[{\"@type\":\"ListItem\",\"position\":1,\"name\":\"Portada\",\"item\":\"http:\\\/\\\/www.salesianos.edu\\\/familiasalesiana\\\/\"},{\"@type\":\"ListItem\",\"position\":2,\"name\":\"Montilla muestra que \u00abEl amor sale a la calle\u00bb\"}]},{\"@type\":\"WebSite\",\"@id\":\"http:\\\/\\\/www.salesianos.edu\\\/familiasalesiana\\\/#website\",\"url\":\"http:\\\/\\\/www.salesianos.edu\\\/familiasalesiana\\\/\",\"name\":\"Familia Salesiana\",\"description\":\"P\u00e1gina oficial de Inspector\u00eda Salesiana Mar\u00eda Auxiliadora\",\"potentialAction\":[{\"@type\":\"SearchAction\",\"target\":{\"@type\":\"EntryPoint\",\"urlTemplate\":\"http:\\\/\\\/www.salesianos.edu\\\/familiasalesiana\\\/?s={search_term_string}\"},\"query-input\":{\"@type\":\"PropertyValueSpecification\",\"valueRequired\":true,\"valueName\":\"search_term_string\"}}],\"inLanguage\":\"es\"},{\"@type\":\"Person\",\"@id\":\"http:\\\/\\\/www.salesianos.edu\\\/familiasalesiana\\\/#\\\/schema\\\/person\\\/a1d72ee5373cce7347fb2993ba9f47d6\",\"name\":\"joseluisgarciamoscoso\",\"image\":{\"@type\":\"ImageObject\",\"inLanguage\":\"es\",\"@id\":\"https:\\\/\\\/secure.gravatar.com\\\/avatar\\\/3fda3a0b2db3bc9a39871e47cbd526b42d6c3b74755b7ae1400a87b2913fea6a?s=96&d=mm&r=g\",\"url\":\"https:\\\/\\\/secure.gravatar.com\\\/avatar\\\/3fda3a0b2db3bc9a39871e47cbd526b42d6c3b74755b7ae1400a87b2913fea6a?s=96&d=mm&r=g\",\"contentUrl\":\"https:\\\/\\\/secure.gravatar.com\\\/avatar\\\/3fda3a0b2db3bc9a39871e47cbd526b42d6c3b74755b7ae1400a87b2913fea6a?s=96&d=mm&r=g\",\"caption\":\"joseluisgarciamoscoso\"}}]}<\/script>\n<!-- \/ Yoast SEO plugin. -->","yoast_head_json":{"title":"Montilla muestra que \u00abEl amor sale a la calle\u00bb - Familia Salesiana","robots":{"index":"index","follow":"follow","max-snippet":"max-snippet:-1","max-image-preview":"max-image-preview:large","max-video-preview":"max-video-preview:-1"},"canonical":"https:\/\/www.salesianos.edu\/familiasalesiana\/montilla-muestra-que-el-amor-sale-a-la-calle\/","og_locale":"es_ES","og_type":"article","og_title":"Montilla muestra que \u00abEl amor sale a la calle\u00bb - Familia Salesiana","og_description":"La Hermandad Salesiana del Sant\u00edsimo Cristo del Amor lanza su nueva campa\u00f1a solidaria con este lema.","og_url":"https:\/\/www.salesianos.edu\/familiasalesiana\/montilla-muestra-que-el-amor-sale-a-la-calle\/","og_site_name":"Familia Salesiana","article_published_time":"2020-11-11T08:51:00+00:00","article_modified_time":"2021-03-22T13:38:45+00:00","og_image":[{"width":1024,"height":714,"url":"https:\/\/www.salesianos.edu\/familiasalesiana\/wp-content\/uploads\/sites\/5\/2020\/11\/salesimontilla-1024x714.png","type":"image\/png"}],"author":"joseluisgarciamoscoso","twitter_card":"summary_large_image","twitter_misc":{"Escrito por":"joseluisgarciamoscoso","Tiempo de lectura":"3 minutos"},"schema":{"@context":"https:\/\/schema.org","@graph":[{"@type":"Article","@id":"https:\/\/www.salesianos.edu\/familiasalesiana\/montilla-muestra-que-el-amor-sale-a-la-calle\/#article","isPartOf":{"@id":"https:\/\/www.salesianos.edu\/familiasalesiana\/montilla-muestra-que-el-amor-sale-a-la-calle\/"},"author":{"name":"joseluisgarciamoscoso","@id":"http:\/\/www.salesianos.edu\/familiasalesiana\/#\/schema\/person\/a1d72ee5373cce7347fb2993ba9f47d6"},"headline":"Montilla muestra que \u00abEl amor sale a la calle\u00bb","datePublished":"2020-11-11T08:51:00+00:00","dateModified":"2021-03-22T13:38:45+00:00","mainEntityOfPage":{"@id":"https:\/\/www.salesianos.edu\/familiasalesiana\/montilla-muestra-que-el-amor-sale-a-la-calle\/"},"wordCount":699,"commentCount":0,"image":{"@id":"https:\/\/www.salesianos.edu\/familiasalesiana\/montilla-muestra-que-el-amor-sale-a-la-calle\/#primaryimage"},"thumbnailUrl":"https:\/\/www.salesianos.edu\/familiasalesiana\/wp-content\/uploads\/sites\/5\/2020\/11\/salesimontilla.png","articleSection":["Hermandades","Uncategorized"],"inLanguage":"es","potentialAction":[{"@type":"CommentAction","name":"Comment","target":["https:\/\/www.salesianos.edu\/familiasalesiana\/montilla-muestra-que-el-amor-sale-a-la-calle\/#respond"]}]},{"@type":"WebPage","@id":"https:\/\/www.salesianos.edu\/familiasalesiana\/montilla-muestra-que-el-amor-sale-a-la-calle\/","url":"https:\/\/www.salesianos.edu\/familiasalesiana\/montilla-muestra-que-el-amor-sale-a-la-calle\/","name":"Montilla muestra que \u00abEl amor sale a la calle\u00bb - Familia Salesiana","isPartOf":{"@id":"http:\/\/www.salesianos.edu\/familiasalesiana\/#website"},"primaryImageOfPage":{"@id":"https:\/\/www.salesianos.edu\/familiasalesiana\/montilla-muestra-que-el-amor-sale-a-la-calle\/#primaryimage"},"image":{"@id":"https:\/\/www.salesianos.edu\/familiasalesiana\/montilla-muestra-que-el-amor-sale-a-la-calle\/#primaryimage"},"thumbnailUrl":"https:\/\/www.salesianos.edu\/familiasalesiana\/wp-content\/uploads\/sites\/5\/2020\/11\/salesimontilla.png","datePublished":"2020-11-11T08:51:00+00:00","dateModified":"2021-03-22T13:38:45+00:00","author":{"@id":"http:\/\/www.salesianos.edu\/familiasalesiana\/#\/schema\/person\/a1d72ee5373cce7347fb2993ba9f47d6"},"breadcrumb":{"@id":"https:\/\/www.salesianos.edu\/familiasalesiana\/montilla-muestra-que-el-amor-sale-a-la-calle\/#breadcrumb"},"inLanguage":"es","potentialAction":[{"@type":"ReadAction","target":["https:\/\/www.salesianos.edu\/familiasalesiana\/montilla-muestra-que-el-amor-sale-a-la-calle\/"]}]},{"@type":"ImageObject","inLanguage":"es","@id":"https:\/\/www.salesianos.edu\/familiasalesiana\/montilla-muestra-que-el-amor-sale-a-la-calle\/#primaryimage","url":"https:\/\/www.salesianos.edu\/familiasalesiana\/wp-content\/uploads\/sites\/5\/2020\/11\/salesimontilla.png","contentUrl":"https:\/\/www.salesianos.edu\/familiasalesiana\/wp-content\/uploads\/sites\/5\/2020\/11\/salesimontilla.png","width":2755,"height":1920},{"@type":"BreadcrumbList","@id":"https:\/\/www.salesianos.edu\/familiasalesiana\/montilla-muestra-que-el-amor-sale-a-la-calle\/#breadcrumb","itemListElement":[{"@type":"ListItem","position":1,"name":"Portada","item":"http:\/\/www.salesianos.edu\/familiasalesiana\/"},{"@type":"ListItem","position":2,"name":"Montilla muestra que \u00abEl amor sale a la calle\u00bb"}]},{"@type":"WebSite","@id":"http:\/\/www.salesianos.edu\/familiasalesiana\/#website","url":"http:\/\/www.salesianos.edu\/familiasalesiana\/","name":"Familia Salesiana","description":"P\u00e1gina oficial de Inspector\u00eda Salesiana Mar\u00eda Auxiliadora","potentialAction":[{"@type":"SearchAction","target":{"@type":"EntryPoint","urlTemplate":"http:\/\/www.salesianos.edu\/familiasalesiana\/?s={search_term_string}"},"query-input":{"@type":"PropertyValueSpecification","valueRequired":true,"valueName":"search_term_string"}}],"inLanguage":"es"},{"@type":"Person","@id":"http:\/\/www.salesianos.edu\/familiasalesiana\/#\/schema\/person\/a1d72ee5373cce7347fb2993ba9f47d6","name":"joseluisgarciamoscoso","image":{"@type":"ImageObject","inLanguage":"es","@id":"https:\/\/secure.gravatar.com\/avatar\/3fda3a0b2db3bc9a39871e47cbd526b42d6c3b74755b7ae1400a87b2913fea6a?s=96&d=mm&r=g","url":"https:\/\/secure.gravatar.com\/avatar\/3fda3a0b2db3bc9a39871e47cbd526b42d6c3b74755b7ae1400a87b2913fea6a?s=96&d=mm&r=g","contentUrl":"https:\/\/secure.gravatar.com\/avatar\/3fda3a0b2db3bc9a39871e47cbd526b42d6c3b74755b7ae1400a87b2913fea6a?s=96&d=mm&r=g","caption":"joseluisgarciamoscoso"}}]}},"_links":{"self":[{"href":"https:\/\/www.salesianos.edu\/familiasalesiana\/wp-json\/wp\/v2\/posts\/8980","targetHints":{"allow":["GET"]}}],"collection":[{"href":"https:\/\/www.salesianos.edu\/familiasalesiana\/wp-json\/wp\/v2\/posts"}],"about":[{"href":"https:\/\/www.salesianos.edu\/familiasalesiana\/wp-json\/wp\/v2\/types\/post"}],"author":[{"embeddable":true,"href":"https:\/\/www.salesianos.edu\/familiasalesiana\/wp-json\/wp\/v2\/users\/12"}],"replies":[{"embeddable":true,"href":"https:\/\/www.salesianos.edu\/familiasalesiana\/wp-json\/wp\/v2\/comments?post=8980"}],"version-history":[{"count":2,"href":"https:\/\/www.salesianos.edu\/familiasalesiana\/wp-json\/wp\/v2\/posts\/8980\/revisions"}],"predecessor-version":[{"id":8988,"href":"https:\/\/www.salesianos.edu\/familiasalesiana\/wp-json\/wp\/v2\/posts\/8980\/revisions\/8988"}],"wp:featuredmedia":[{"embeddable":true,"href":"https:\/\/www.salesianos.edu\/familiasalesiana\/wp-json\/wp\/v2\/media\/8981"}],"wp:attachment":[{"href":"https:\/\/www.salesianos.edu\/familiasalesiana\/wp-json\/wp\/v2\/media?parent=8980"}],"wp:term":[{"taxonomy":"category","embeddable":true,"href":"https:\/\/www.salesianos.edu\/familiasalesiana\/wp-json\/wp\/v2\/categories?post=8980"},{"taxonomy":"post_tag","embeddable":true,"href":"https:\/\/www.salesianos.edu\/familiasalesiana\/wp-json\/wp\/v2\/tags?post=8980"}],"curies":[{"name":"wp","href":"https:\/\/api.w.org\/{rel}","templated":true}]}}