{"id":8972,"date":"2020-11-09T12:30:12","date_gmt":"2020-11-09T11:30:12","guid":{"rendered":"http:\/\/www.salesianos.edu\/familiasalesiana\/el-obispo-de-cordoba-propone-como-modelo-para-los-jovenes-el-amor-y-la-fe-de-bartolome-blanco\/"},"modified":"2020-11-09T12:30:12","modified_gmt":"2020-11-09T11:30:12","slug":"el-obispo-de-cordoba-propone-como-modelo-para-los-jovenes-el-amor-y-la-fe-de-bartolome-blanco","status":"publish","type":"post","link":"https:\/\/www.salesianos.edu\/familiasalesiana\/el-obispo-de-cordoba-propone-como-modelo-para-los-jovenes-el-amor-y-la-fe-de-bartolome-blanco\/","title":{"rendered":"El Obispo de C\u00f3rdoba propone como modelo para los j\u00f3venes el amor y la fe de Bartolom\u00e9 Blanco"},"content":{"rendered":"<div id=\"fb-root\"><\/div>\n<p>[et_pb_section fb_built=\u00bb1&#8243; admin_label=\u00bbsection\u00bb _builder_version=\u00bb3.22&#8243;][et_pb_row admin_label=\u00bbrow\u00bb _builder_version=\u00bb3.25&#8243; background_size=\u00bbinitial\u00bb background_position=\u00bbtop_left\u00bb background_repeat=\u00bbrepeat\u00bb][et_pb_column type=\u00bb4_4&#8243; _builder_version=\u00bb3.25&#8243; custom_padding=\u00bb|||\u00bb custom_padding__hover=\u00bb|||\u00bb][et_pb_text _builder_version=\u00bb4.6.1&#8243; hover_enabled=\u00bb0&#8243; sticky_enabled=\u00bb0&#8243;]<\/p>\n<div>\n<p>El pasado viernes 6 de noviembre no tocaba ver a un famoso, ni echarse una foto con el cantante de moda; tampoco ver la pel\u00edcula m\u00e1s taquillera\u2026Era el d\u00eda de mirar, recordar, sentir la figura y vida de Bartolom\u00e9 Blanco y comprobar que es m\u00e1s fuerte que la muerte.<\/p>\n<\/div>\n<div>Un vecino de Pozoblanco, un joven normal, con novia, con proyectos, con familia y amigos que, al decirse y proclamarse cristiano, por seguir afirmando que Cristo es su Rey y por seguir su fe, le cuesta la vida. Lo mismo que a Teresa Cejudo, madre, catequista, mujer de caridad; tambi\u00e9n a don Antonio Rodr\u00edguez, el P\u00e1rroco de Santa Catalina y antiguo alumno de Los Salesianos de Utrera.<\/div>\n<div>\u00a0<\/div>\n<div>El obispo de C\u00f3rdoba, monse\u00f1or Demetrio Fern\u00e1ndez, presidi\u00f3 una celebraci\u00f3n en la casa salesiana en la que propuso con fuerza y profundidad la santidad valiente y sencilla de los beatos m\u00e1rtires de Pozoblanco; y especialmente propuso al buen grupo de j\u00f3venes que rezaron ante \u00e9l, y que animaron la celebraci\u00f3n con sus cantos, sus moniciones y detalles, que atendieran al amor hecho fe y vida de Bartolom\u00e9 Blanco. Les propuso vivir con pasi\u00f3n y decisi\u00f3n, como \u00e9l, con su vida en plenitud, lejos de posicionamientos que los despersonalizan, firmemente arraigados en la fe, como Bartolom\u00e9, como Teresa, como don Antonio.<\/div>\n<div>\u00a0<\/div>\n<div>El Beato Bartolom\u00e9 Blanco M\u00e1rquez es uno de los 498 m\u00e1rtires de la persecuci\u00f3n religiosa en Espa\u00f1a del siglo XX, beatificado el 28 de octubre de 2007, es considerado el patrono de la juventud cordobesa. La familia de Bartolom\u00e9 Blanco ofreci\u00f3 durante la celebraci\u00f3n un relicario con sus reliquias y la de sus compa\u00f1eros en la entrega de la vida, as\u00ed como el pan y el vino de la Eucarist\u00eda. Su presencia confirm\u00f3 la fecundidad de la vida y el testimonio de Bartolom\u00e9.<\/div>\n<div>\u00abHoy el coraz\u00f3n salesiano ten\u00eda un nombre: Bartolom\u00e9; y con \u00e9l, los de Teresa y Antonio. El tel\u00f3n se abr\u00eda para una hermosa historia de amor. Y el siguiente cap\u00edtulo lo escribimos nosotros. Cada una de nuestras vidas est\u00e1 llamada a ser un nuevo cap\u00edtulo de amor, aprendido y vivido en la Escuela Salesiana. Una vez m\u00e1s, Somos Uno. Ellos nos ense\u00f1an que nada es imposible\u00bb, compart\u00edan desde la casa salesiana tras la\u00a0celebraci\u00f3n.<\/div>\n<p>[\/et_pb_text][et_pb_gallery gallery_ids=\u00bb53266,53265,53263,53264,53262,53261,53257,53260,53258,53259&#8243; show_title_and_caption=\u00bboff\u00bb show_pagination=\u00bboff\u00bb zoom_icon_color=\u00bb#dc001b\u00bb hover_overlay_color=\u00bbrgba(255,255,255,0.55)\u00bb hover_icon=\u00bb%%51%%\u00bb _builder_version=\u00bb4.6.1&#8243; _module_preset=\u00bbdefault\u00bb hover_enabled=\u00bb0&#8243; border_radii=\u00bbon|14px|14px|14px|14px\u00bb border_width_all=\u00bb3px\u00bb border_color_all=\u00bb#dc001b\u00bb sticky_enabled=\u00bb0&#8243;][\/et_pb_gallery][\/et_pb_column][\/et_pb_row][\/et_pb_section]<\/p>\n","protected":false},"excerpt":{"rendered":"<p>En la tarde del d\u00eda 6 fue recordado el patrono de la juventud cordobesa en un acto que tuvo lugar en la casa salesiana de Pozoblanco presidido por monse\u00f1or Demetrio Fern\u00e1ndez. <\/p>\n","protected":false},"author":12,"featured_media":8973,"comment_status":"open","ping_status":"open","sticky":false,"template":"","format":"standard","meta":{"_et_pb_use_builder":"on","_et_pb_old_content":"","_et_gb_content_width":"","footnotes":""},"categories":[27,24,15],"tags":[],"class_list":["post-8972","post","type-post","status-publish","format-standard","has-post-thumbnail","hentry","category-fasa","category-pastoral-juvenil","category-portada"],"yoast_head":"<!-- This site is optimized with the Yoast SEO plugin v27.5 - https:\/\/yoast.com\/product\/yoast-seo-wordpress\/ -->\n<title>El Obispo de C\u00f3rdoba propone como modelo para los j\u00f3venes el amor y la fe de Bartolom\u00e9 Blanco - Familia Salesiana<\/title>\n<meta name=\"robots\" content=\"index, follow, max-snippet:-1, max-image-preview:large, max-video-preview:-1\" \/>\n<link rel=\"canonical\" href=\"https:\/\/www.salesianos.edu\/familiasalesiana\/el-obispo-de-cordoba-propone-como-modelo-para-los-jovenes-el-amor-y-la-fe-de-bartolome-blanco\/\" \/>\n<meta property=\"og:locale\" content=\"es_ES\" \/>\n<meta property=\"og:type\" content=\"article\" \/>\n<meta property=\"og:title\" content=\"El Obispo de C\u00f3rdoba propone como modelo para los j\u00f3venes el amor y la fe de Bartolom\u00e9 Blanco - Familia Salesiana\" \/>\n<meta property=\"og:description\" content=\"En la tarde del d\u00eda 6 fue recordado el patrono de la juventud cordobesa en un acto que tuvo lugar en la casa salesiana de Pozoblanco presidido por monse\u00f1or Demetrio Fern\u00e1ndez.\" \/>\n<meta property=\"og:url\" content=\"https:\/\/www.salesianos.edu\/familiasalesiana\/el-obispo-de-cordoba-propone-como-modelo-para-los-jovenes-el-amor-y-la-fe-de-bartolome-blanco\/\" \/>\n<meta property=\"og:site_name\" content=\"Familia Salesiana\" \/>\n<meta property=\"article:published_time\" content=\"2020-11-09T11:30:12+00:00\" \/>\n<meta property=\"og:image\" content=\"https:\/\/www.salesianos.edu\/familiasalesiana\/wp-content\/uploads\/sites\/5\/2020\/11\/BartolomeBlancoPozoblanco1.jpg\" \/>\n\t<meta property=\"og:image:width\" content=\"960\" \/>\n\t<meta property=\"og:image:height\" content=\"720\" \/>\n\t<meta property=\"og:image:type\" content=\"image\/jpeg\" \/>\n<meta name=\"author\" content=\"joseluisgarciamoscoso\" \/>\n<meta name=\"twitter:card\" content=\"summary_large_image\" \/>\n<meta name=\"twitter:label1\" content=\"Escrito por\" \/>\n\t<meta name=\"twitter:data1\" content=\"joseluisgarciamoscoso\" \/>\n\t<meta name=\"twitter:label2\" content=\"Tiempo de lectura\" \/>\n\t<meta name=\"twitter:data2\" content=\"3 minutos\" \/>\n<script type=\"application\/ld+json\" class=\"yoast-schema-graph\">{\"@context\":\"https:\\\/\\\/schema.org\",\"@graph\":[{\"@type\":\"Article\",\"@id\":\"https:\\\/\\\/www.salesianos.edu\\\/familiasalesiana\\\/el-obispo-de-cordoba-propone-como-modelo-para-los-jovenes-el-amor-y-la-fe-de-bartolome-blanco\\\/#article\",\"isPartOf\":{\"@id\":\"https:\\\/\\\/www.salesianos.edu\\\/familiasalesiana\\\/el-obispo-de-cordoba-propone-como-modelo-para-los-jovenes-el-amor-y-la-fe-de-bartolome-blanco\\\/\"},\"author\":{\"name\":\"joseluisgarciamoscoso\",\"@id\":\"http:\\\/\\\/www.salesianos.edu\\\/familiasalesiana\\\/#\\\/schema\\\/person\\\/a1d72ee5373cce7347fb2993ba9f47d6\"},\"headline\":\"El Obispo de C\u00f3rdoba propone como modelo para los j\u00f3venes el amor y la fe de Bartolom\u00e9 Blanco\",\"datePublished\":\"2020-11-09T11:30:12+00:00\",\"mainEntityOfPage\":{\"@id\":\"https:\\\/\\\/www.salesianos.edu\\\/familiasalesiana\\\/el-obispo-de-cordoba-propone-como-modelo-para-los-jovenes-el-amor-y-la-fe-de-bartolome-blanco\\\/\"},\"wordCount\":535,\"commentCount\":0,\"image\":{\"@id\":\"https:\\\/\\\/www.salesianos.edu\\\/familiasalesiana\\\/el-obispo-de-cordoba-propone-como-modelo-para-los-jovenes-el-amor-y-la-fe-de-bartolome-blanco\\\/#primaryimage\"},\"thumbnailUrl\":\"https:\\\/\\\/www.salesianos.edu\\\/familiasalesiana\\\/wp-content\\\/uploads\\\/sites\\\/5\\\/2020\\\/11\\\/BartolomeBlancoPozoblanco1.jpg\",\"articleSection\":[\"Familia Salesiana\",\"Pastoral Juvenil\",\"portada\"],\"inLanguage\":\"es\",\"potentialAction\":[{\"@type\":\"CommentAction\",\"name\":\"Comment\",\"target\":[\"https:\\\/\\\/www.salesianos.edu\\\/familiasalesiana\\\/el-obispo-de-cordoba-propone-como-modelo-para-los-jovenes-el-amor-y-la-fe-de-bartolome-blanco\\\/#respond\"]}]},{\"@type\":\"WebPage\",\"@id\":\"https:\\\/\\\/www.salesianos.edu\\\/familiasalesiana\\\/el-obispo-de-cordoba-propone-como-modelo-para-los-jovenes-el-amor-y-la-fe-de-bartolome-blanco\\\/\",\"url\":\"https:\\\/\\\/www.salesianos.edu\\\/familiasalesiana\\\/el-obispo-de-cordoba-propone-como-modelo-para-los-jovenes-el-amor-y-la-fe-de-bartolome-blanco\\\/\",\"name\":\"El Obispo de C\u00f3rdoba propone como modelo para los j\u00f3venes el amor y la fe de Bartolom\u00e9 Blanco - Familia Salesiana\",\"isPartOf\":{\"@id\":\"http:\\\/\\\/www.salesianos.edu\\\/familiasalesiana\\\/#website\"},\"primaryImageOfPage\":{\"@id\":\"https:\\\/\\\/www.salesianos.edu\\\/familiasalesiana\\\/el-obispo-de-cordoba-propone-como-modelo-para-los-jovenes-el-amor-y-la-fe-de-bartolome-blanco\\\/#primaryimage\"},\"image\":{\"@id\":\"https:\\\/\\\/www.salesianos.edu\\\/familiasalesiana\\\/el-obispo-de-cordoba-propone-como-modelo-para-los-jovenes-el-amor-y-la-fe-de-bartolome-blanco\\\/#primaryimage\"},\"thumbnailUrl\":\"https:\\\/\\\/www.salesianos.edu\\\/familiasalesiana\\\/wp-content\\\/uploads\\\/sites\\\/5\\\/2020\\\/11\\\/BartolomeBlancoPozoblanco1.jpg\",\"datePublished\":\"2020-11-09T11:30:12+00:00\",\"author\":{\"@id\":\"http:\\\/\\\/www.salesianos.edu\\\/familiasalesiana\\\/#\\\/schema\\\/person\\\/a1d72ee5373cce7347fb2993ba9f47d6\"},\"breadcrumb\":{\"@id\":\"https:\\\/\\\/www.salesianos.edu\\\/familiasalesiana\\\/el-obispo-de-cordoba-propone-como-modelo-para-los-jovenes-el-amor-y-la-fe-de-bartolome-blanco\\\/#breadcrumb\"},\"inLanguage\":\"es\",\"potentialAction\":[{\"@type\":\"ReadAction\",\"target\":[\"https:\\\/\\\/www.salesianos.edu\\\/familiasalesiana\\\/el-obispo-de-cordoba-propone-como-modelo-para-los-jovenes-el-amor-y-la-fe-de-bartolome-blanco\\\/\"]}]},{\"@type\":\"ImageObject\",\"inLanguage\":\"es\",\"@id\":\"https:\\\/\\\/www.salesianos.edu\\\/familiasalesiana\\\/el-obispo-de-cordoba-propone-como-modelo-para-los-jovenes-el-amor-y-la-fe-de-bartolome-blanco\\\/#primaryimage\",\"url\":\"https:\\\/\\\/www.salesianos.edu\\\/familiasalesiana\\\/wp-content\\\/uploads\\\/sites\\\/5\\\/2020\\\/11\\\/BartolomeBlancoPozoblanco1.jpg\",\"contentUrl\":\"https:\\\/\\\/www.salesianos.edu\\\/familiasalesiana\\\/wp-content\\\/uploads\\\/sites\\\/5\\\/2020\\\/11\\\/BartolomeBlancoPozoblanco1.jpg\",\"width\":960,\"height\":720},{\"@type\":\"BreadcrumbList\",\"@id\":\"https:\\\/\\\/www.salesianos.edu\\\/familiasalesiana\\\/el-obispo-de-cordoba-propone-como-modelo-para-los-jovenes-el-amor-y-la-fe-de-bartolome-blanco\\\/#breadcrumb\",\"itemListElement\":[{\"@type\":\"ListItem\",\"position\":1,\"name\":\"Portada\",\"item\":\"http:\\\/\\\/www.salesianos.edu\\\/familiasalesiana\\\/\"},{\"@type\":\"ListItem\",\"position\":2,\"name\":\"El Obispo de C\u00f3rdoba propone como modelo para los j\u00f3venes el amor y la fe de Bartolom\u00e9 Blanco\"}]},{\"@type\":\"WebSite\",\"@id\":\"http:\\\/\\\/www.salesianos.edu\\\/familiasalesiana\\\/#website\",\"url\":\"http:\\\/\\\/www.salesianos.edu\\\/familiasalesiana\\\/\",\"name\":\"Familia Salesiana\",\"description\":\"P\u00e1gina oficial de Inspector\u00eda Salesiana Mar\u00eda Auxiliadora\",\"potentialAction\":[{\"@type\":\"SearchAction\",\"target\":{\"@type\":\"EntryPoint\",\"urlTemplate\":\"http:\\\/\\\/www.salesianos.edu\\\/familiasalesiana\\\/?s={search_term_string}\"},\"query-input\":{\"@type\":\"PropertyValueSpecification\",\"valueRequired\":true,\"valueName\":\"search_term_string\"}}],\"inLanguage\":\"es\"},{\"@type\":\"Person\",\"@id\":\"http:\\\/\\\/www.salesianos.edu\\\/familiasalesiana\\\/#\\\/schema\\\/person\\\/a1d72ee5373cce7347fb2993ba9f47d6\",\"name\":\"joseluisgarciamoscoso\",\"image\":{\"@type\":\"ImageObject\",\"inLanguage\":\"es\",\"@id\":\"https:\\\/\\\/secure.gravatar.com\\\/avatar\\\/3fda3a0b2db3bc9a39871e47cbd526b42d6c3b74755b7ae1400a87b2913fea6a?s=96&d=mm&r=g\",\"url\":\"https:\\\/\\\/secure.gravatar.com\\\/avatar\\\/3fda3a0b2db3bc9a39871e47cbd526b42d6c3b74755b7ae1400a87b2913fea6a?s=96&d=mm&r=g\",\"contentUrl\":\"https:\\\/\\\/secure.gravatar.com\\\/avatar\\\/3fda3a0b2db3bc9a39871e47cbd526b42d6c3b74755b7ae1400a87b2913fea6a?s=96&d=mm&r=g\",\"caption\":\"joseluisgarciamoscoso\"}}]}<\/script>\n<!-- \/ Yoast SEO plugin. -->","yoast_head_json":{"title":"El Obispo de C\u00f3rdoba propone como modelo para los j\u00f3venes el amor y la fe de Bartolom\u00e9 Blanco - Familia Salesiana","robots":{"index":"index","follow":"follow","max-snippet":"max-snippet:-1","max-image-preview":"max-image-preview:large","max-video-preview":"max-video-preview:-1"},"canonical":"https:\/\/www.salesianos.edu\/familiasalesiana\/el-obispo-de-cordoba-propone-como-modelo-para-los-jovenes-el-amor-y-la-fe-de-bartolome-blanco\/","og_locale":"es_ES","og_type":"article","og_title":"El Obispo de C\u00f3rdoba propone como modelo para los j\u00f3venes el amor y la fe de Bartolom\u00e9 Blanco - Familia Salesiana","og_description":"En la tarde del d\u00eda 6 fue recordado el patrono de la juventud cordobesa en un acto que tuvo lugar en la casa salesiana de Pozoblanco presidido por monse\u00f1or Demetrio Fern\u00e1ndez.","og_url":"https:\/\/www.salesianos.edu\/familiasalesiana\/el-obispo-de-cordoba-propone-como-modelo-para-los-jovenes-el-amor-y-la-fe-de-bartolome-blanco\/","og_site_name":"Familia Salesiana","article_published_time":"2020-11-09T11:30:12+00:00","og_image":[{"width":960,"height":720,"url":"https:\/\/www.salesianos.edu\/familiasalesiana\/wp-content\/uploads\/sites\/5\/2020\/11\/BartolomeBlancoPozoblanco1.jpg","type":"image\/jpeg"}],"author":"joseluisgarciamoscoso","twitter_card":"summary_large_image","twitter_misc":{"Escrito por":"joseluisgarciamoscoso","Tiempo de lectura":"3 minutos"},"schema":{"@context":"https:\/\/schema.org","@graph":[{"@type":"Article","@id":"https:\/\/www.salesianos.edu\/familiasalesiana\/el-obispo-de-cordoba-propone-como-modelo-para-los-jovenes-el-amor-y-la-fe-de-bartolome-blanco\/#article","isPartOf":{"@id":"https:\/\/www.salesianos.edu\/familiasalesiana\/el-obispo-de-cordoba-propone-como-modelo-para-los-jovenes-el-amor-y-la-fe-de-bartolome-blanco\/"},"author":{"name":"joseluisgarciamoscoso","@id":"http:\/\/www.salesianos.edu\/familiasalesiana\/#\/schema\/person\/a1d72ee5373cce7347fb2993ba9f47d6"},"headline":"El Obispo de C\u00f3rdoba propone como modelo para los j\u00f3venes el amor y la fe de Bartolom\u00e9 Blanco","datePublished":"2020-11-09T11:30:12+00:00","mainEntityOfPage":{"@id":"https:\/\/www.salesianos.edu\/familiasalesiana\/el-obispo-de-cordoba-propone-como-modelo-para-los-jovenes-el-amor-y-la-fe-de-bartolome-blanco\/"},"wordCount":535,"commentCount":0,"image":{"@id":"https:\/\/www.salesianos.edu\/familiasalesiana\/el-obispo-de-cordoba-propone-como-modelo-para-los-jovenes-el-amor-y-la-fe-de-bartolome-blanco\/#primaryimage"},"thumbnailUrl":"https:\/\/www.salesianos.edu\/familiasalesiana\/wp-content\/uploads\/sites\/5\/2020\/11\/BartolomeBlancoPozoblanco1.jpg","articleSection":["Familia Salesiana","Pastoral Juvenil","portada"],"inLanguage":"es","potentialAction":[{"@type":"CommentAction","name":"Comment","target":["https:\/\/www.salesianos.edu\/familiasalesiana\/el-obispo-de-cordoba-propone-como-modelo-para-los-jovenes-el-amor-y-la-fe-de-bartolome-blanco\/#respond"]}]},{"@type":"WebPage","@id":"https:\/\/www.salesianos.edu\/familiasalesiana\/el-obispo-de-cordoba-propone-como-modelo-para-los-jovenes-el-amor-y-la-fe-de-bartolome-blanco\/","url":"https:\/\/www.salesianos.edu\/familiasalesiana\/el-obispo-de-cordoba-propone-como-modelo-para-los-jovenes-el-amor-y-la-fe-de-bartolome-blanco\/","name":"El Obispo de C\u00f3rdoba propone como modelo para los j\u00f3venes el amor y la fe de Bartolom\u00e9 Blanco - Familia Salesiana","isPartOf":{"@id":"http:\/\/www.salesianos.edu\/familiasalesiana\/#website"},"primaryImageOfPage":{"@id":"https:\/\/www.salesianos.edu\/familiasalesiana\/el-obispo-de-cordoba-propone-como-modelo-para-los-jovenes-el-amor-y-la-fe-de-bartolome-blanco\/#primaryimage"},"image":{"@id":"https:\/\/www.salesianos.edu\/familiasalesiana\/el-obispo-de-cordoba-propone-como-modelo-para-los-jovenes-el-amor-y-la-fe-de-bartolome-blanco\/#primaryimage"},"thumbnailUrl":"https:\/\/www.salesianos.edu\/familiasalesiana\/wp-content\/uploads\/sites\/5\/2020\/11\/BartolomeBlancoPozoblanco1.jpg","datePublished":"2020-11-09T11:30:12+00:00","author":{"@id":"http:\/\/www.salesianos.edu\/familiasalesiana\/#\/schema\/person\/a1d72ee5373cce7347fb2993ba9f47d6"},"breadcrumb":{"@id":"https:\/\/www.salesianos.edu\/familiasalesiana\/el-obispo-de-cordoba-propone-como-modelo-para-los-jovenes-el-amor-y-la-fe-de-bartolome-blanco\/#breadcrumb"},"inLanguage":"es","potentialAction":[{"@type":"ReadAction","target":["https:\/\/www.salesianos.edu\/familiasalesiana\/el-obispo-de-cordoba-propone-como-modelo-para-los-jovenes-el-amor-y-la-fe-de-bartolome-blanco\/"]}]},{"@type":"ImageObject","inLanguage":"es","@id":"https:\/\/www.salesianos.edu\/familiasalesiana\/el-obispo-de-cordoba-propone-como-modelo-para-los-jovenes-el-amor-y-la-fe-de-bartolome-blanco\/#primaryimage","url":"https:\/\/www.salesianos.edu\/familiasalesiana\/wp-content\/uploads\/sites\/5\/2020\/11\/BartolomeBlancoPozoblanco1.jpg","contentUrl":"https:\/\/www.salesianos.edu\/familiasalesiana\/wp-content\/uploads\/sites\/5\/2020\/11\/BartolomeBlancoPozoblanco1.jpg","width":960,"height":720},{"@type":"BreadcrumbList","@id":"https:\/\/www.salesianos.edu\/familiasalesiana\/el-obispo-de-cordoba-propone-como-modelo-para-los-jovenes-el-amor-y-la-fe-de-bartolome-blanco\/#breadcrumb","itemListElement":[{"@type":"ListItem","position":1,"name":"Portada","item":"http:\/\/www.salesianos.edu\/familiasalesiana\/"},{"@type":"ListItem","position":2,"name":"El Obispo de C\u00f3rdoba propone como modelo para los j\u00f3venes el amor y la fe de Bartolom\u00e9 Blanco"}]},{"@type":"WebSite","@id":"http:\/\/www.salesianos.edu\/familiasalesiana\/#website","url":"http:\/\/www.salesianos.edu\/familiasalesiana\/","name":"Familia Salesiana","description":"P\u00e1gina oficial de Inspector\u00eda Salesiana Mar\u00eda Auxiliadora","potentialAction":[{"@type":"SearchAction","target":{"@type":"EntryPoint","urlTemplate":"http:\/\/www.salesianos.edu\/familiasalesiana\/?s={search_term_string}"},"query-input":{"@type":"PropertyValueSpecification","valueRequired":true,"valueName":"search_term_string"}}],"inLanguage":"es"},{"@type":"Person","@id":"http:\/\/www.salesianos.edu\/familiasalesiana\/#\/schema\/person\/a1d72ee5373cce7347fb2993ba9f47d6","name":"joseluisgarciamoscoso","image":{"@type":"ImageObject","inLanguage":"es","@id":"https:\/\/secure.gravatar.com\/avatar\/3fda3a0b2db3bc9a39871e47cbd526b42d6c3b74755b7ae1400a87b2913fea6a?s=96&d=mm&r=g","url":"https:\/\/secure.gravatar.com\/avatar\/3fda3a0b2db3bc9a39871e47cbd526b42d6c3b74755b7ae1400a87b2913fea6a?s=96&d=mm&r=g","contentUrl":"https:\/\/secure.gravatar.com\/avatar\/3fda3a0b2db3bc9a39871e47cbd526b42d6c3b74755b7ae1400a87b2913fea6a?s=96&d=mm&r=g","caption":"joseluisgarciamoscoso"}}]}},"_links":{"self":[{"href":"https:\/\/www.salesianos.edu\/familiasalesiana\/wp-json\/wp\/v2\/posts\/8972","targetHints":{"allow":["GET"]}}],"collection":[{"href":"https:\/\/www.salesianos.edu\/familiasalesiana\/wp-json\/wp\/v2\/posts"}],"about":[{"href":"https:\/\/www.salesianos.edu\/familiasalesiana\/wp-json\/wp\/v2\/types\/post"}],"author":[{"embeddable":true,"href":"https:\/\/www.salesianos.edu\/familiasalesiana\/wp-json\/wp\/v2\/users\/12"}],"replies":[{"embeddable":true,"href":"https:\/\/www.salesianos.edu\/familiasalesiana\/wp-json\/wp\/v2\/comments?post=8972"}],"version-history":[{"count":0,"href":"https:\/\/www.salesianos.edu\/familiasalesiana\/wp-json\/wp\/v2\/posts\/8972\/revisions"}],"wp:featuredmedia":[{"embeddable":true,"href":"https:\/\/www.salesianos.edu\/familiasalesiana\/wp-json\/wp\/v2\/media\/8973"}],"wp:attachment":[{"href":"https:\/\/www.salesianos.edu\/familiasalesiana\/wp-json\/wp\/v2\/media?parent=8972"}],"wp:term":[{"taxonomy":"category","embeddable":true,"href":"https:\/\/www.salesianos.edu\/familiasalesiana\/wp-json\/wp\/v2\/categories?post=8972"},{"taxonomy":"post_tag","embeddable":true,"href":"https:\/\/www.salesianos.edu\/familiasalesiana\/wp-json\/wp\/v2\/tags?post=8972"}],"curies":[{"name":"wp","href":"https:\/\/api.w.org\/{rel}","templated":true}]}}