{"id":8956,"date":"2020-10-21T08:46:07","date_gmt":"2020-10-21T07:46:07","guid":{"rendered":"http:\/\/www.salesianos.edu\/familiasalesiana\/?p=8956"},"modified":"2020-10-21T08:46:07","modified_gmt":"2020-10-21T07:46:07","slug":"tiempo-para-la-solidaridad-con-las-hermandades-salesianas","status":"publish","type":"post","link":"https:\/\/www.salesianos.edu\/familiasalesiana\/tiempo-para-la-solidaridad-con-las-hermandades-salesianas\/","title":{"rendered":"Tiempo para la solidaridad con las Hermandades Salesianas"},"content":{"rendered":"<div id=\"fb-root\"><\/div>\n<p>[et_pb_section fb_built=\u00bb1&#8243; admin_label=\u00bbsection\u00bb _builder_version=\u00bb3.22&#8243;][et_pb_row admin_label=\u00bbrow\u00bb _builder_version=\u00bb3.25&#8243; background_size=\u00bbinitial\u00bb background_position=\u00bbtop_left\u00bb background_repeat=\u00bbrepeat\u00bb][et_pb_column type=\u00bb4_4&#8243; _builder_version=\u00bb3.25&#8243; custom_padding=\u00bb|||\u00bb custom_padding__hover=\u00bb|||\u00bb][et_pb_text _builder_version=\u00bb4.6.1&#8243;]<\/p>\n<p><em><span style=\"font-size: 10pt;\">Por <a href=\"http:\/\/www.salesianos.edu\/comunicacion\">Salesianos Comunicaci\u00f3n.<\/a><\/span><\/em><\/p>\n<p>[\/et_pb_text][et_pb_text _builder_version=\u00bb4.6.1&#8243;]<\/p>\n<div dir=\"ltr\">\n<p>No son pocas las realidades eclesiales que est\u00e1n tratando de hacer m\u00e1s llevadera la crisis social y sanitaria provocada por la COVID19. Entre las mismas cabe destacar el papel desempe\u00f1ado por las hermandades salesianas que se han volcado desde el inicio de la pandemia con iniciativas solidarias para hacer m\u00e1s llevadera la situaci\u00f3n.<\/p>\n<\/div>\n<div dir=\"ltr\">\n<p>Algunos ejemplos han podido verse en los \u00faltimos d\u00edas en ciudades como C\u00e1diz o M\u00e1laga que han llevado a cabo acciones centradas en aquellas personas que no cuentan con recursos suficientes para hacer frente a las nuevas necesidades generadas.<\/p>\n<\/div>\n<div dir=\"ltr\">\n<p>Con la llegada del fr\u00edo, la vocal\u00eda de caridad de la Hermandad del Despojado de C\u00e1diz comenz\u00f3 un a\u00f1o m\u00e1s la campa\u00f1a de recogida de ropa de abrigo, mantas y sacos de dormir, cuyo destino ser\u00e1n aquellas personas sin recursos y sin hogar de la ciudad gaditana. \u00abHacemos un llamamiento a todos aquellos hermanos y devotos para que aporten su gesto solidario con todas aquella personas necesitadas. Dios bendice m\u00e1s al que da que al que recibe\u201d, comparten desde la corporaci\u00f3n sobre una recogida que se llevar\u00e1 a cabo en la Casa de Hermandad de lunes a jueves, de 18:30 a 20:00.<\/p>\n<\/div>\n<div dir=\"ltr\">\n<p>Por otra parte, la Hermandad Salesiana de M\u00e1laga, arraigada ya en la red de Cofrad\u00edas malague\u00f1as de Semana Santa, se ha sumado a la campa\u00f1a de recogida de alimentos no perecederos y productos de higiene personal organizada por la Hermandad de Vi\u00f1eros y la Cofrad\u00eda de la Columna.<\/p>\n<\/div>\n<div dir=\"ltr\">\n<p>Con el toque del esp\u00edritu salesiano, abierta a la acci\u00f3n social y con buena organizaci\u00f3n y trabajo generoso por parte de los cofrades, pusieron su granito de arena el s\u00e1bado 17 en varios supermercados de la ciudad con el objetivo de ayudar a las familias m\u00e1s afectadas por la recesi\u00f3n econ\u00f3mica que ha provocado la pandemia.<\/p>\n<\/div>\n<div dir=\"ltr\">\n<p>Esta\u00a0iniciativa cont\u00f3 con el respaldo de 20 hermandades y cofrad\u00edas de M\u00e1laga que animaron a participar y colaborar \u00abpara seguir apoyando a quienes realmente lo necesitan, con el esp\u00edritu cofrade y cristiano que nos identifica\u00bb.<\/p>\n<\/div>\n<div dir=\"ltr\"><\/div>\n<h4><b><span style=\"color: #ff0000;\">Hermandades Salesianas<\/span><\/b><\/h4>\n<p><span style=\"font-size: 16px;\">Las Hermandades como entidades de fieles, dependen directamente de la Diocesis correspondiente en cada provincia.<\/span><\/p>\n<p>Nacen en su gran mayor\u00eda con un carisma salesiano, dentro de las Asociaciones de los Antiguos Alumnos de Don Bosco, con los cuales, tienen una gran y estrecha vinculaci\u00f3n y compromiso.<br \/> <b><\/b><\/p>\n<div dir=\"ltr\">\n<p>Las HHCCSS est\u00e1n representados por un Consejo consultivo y organizativo, dependiente directamente del delegado de la Familia Salesiana y por consiguiente con el Inspector. Y a su vez su Coordinador, pertenece al Consejo Familia Salesiana, abarca la totalidad de la Inspector\u00eda Mar\u00eda Auxiliadora.<\/p>\n<\/div>\n<p>[\/et_pb_text][\/et_pb_column][\/et_pb_row][et_pb_row column_structure=\u00bb1_4,1_4,1_4,1_4&#8243; _builder_version=\u00bb4.6.1&#8243; _module_preset=\u00bbdefault\u00bb][et_pb_column type=\u00bb1_4&#8243; _builder_version=\u00bb4.6.1&#8243; _module_preset=\u00bbdefault\u00bb][et_pb_image src=\u00bbhttps:\/\/www.salesianos.edu\/wp-content\/uploads\/2020\/10\/Ma\u0301lagaHermandad.jpeg\u00bb title_text=\u00bbMa\u0301lagaHermandad\u00bb _builder_version=\u00bb4.6.1&#8243; _module_preset=\u00bbdefault\u00bb border_radii=\u00bbon|19px|19px|19px|19px\u00bb border_width_all=\u00bb3px\u00bb border_color_all=\u00bb#dc001b\u00bb][\/et_pb_image][\/et_pb_column][et_pb_column type=\u00bb1_4&#8243; _builder_version=\u00bb4.6.1&#8243; _module_preset=\u00bbdefault\u00bb][et_pb_image src=\u00bbhttps:\/\/www.salesianos.edu\/wp-content\/uploads\/2020\/10\/Ma\u0301laga3.jpeg\u00bb title_text=\u00bbMa\u0301laga3&#8243; _builder_version=\u00bb4.6.1&#8243; _module_preset=\u00bbdefault\u00bb border_radii=\u00bbon|19px|19px|19px|19px\u00bb border_width_all=\u00bb3px\u00bb border_color_all=\u00bb#dc001b\u00bb][\/et_pb_image][\/et_pb_column][et_pb_column type=\u00bb1_4&#8243; _builder_version=\u00bb4.6.1&#8243; _module_preset=\u00bbdefault\u00bb][et_pb_image src=\u00bbhttps:\/\/www.salesianos.edu\/wp-content\/uploads\/2020\/10\/Ma\u0301laga2.jpeg\u00bb title_text=\u00bbMa\u0301laga2&#8243; _builder_version=\u00bb4.6.1&#8243; _module_preset=\u00bbdefault\u00bb border_radii=\u00bbon|19px|19px|19px|19px\u00bb border_width_all=\u00bb3px\u00bb border_color_all=\u00bb#dc001b\u00bb][\/et_pb_image][\/et_pb_column][et_pb_column type=\u00bb1_4&#8243; _builder_version=\u00bb4.6.1&#8243; _module_preset=\u00bbdefault\u00bb][et_pb_image src=\u00bbhttps:\/\/www.salesianos.edu\/wp-content\/uploads\/2020\/10\/CadizRecogida.jpeg\u00bb title_text=\u00bbCadizRecogida\u00bb _builder_version=\u00bb4.6.1&#8243; _module_preset=\u00bbdefault\u00bb border_radii=\u00bbon|19px|19px|19px|19px\u00bb border_width_all=\u00bb3px\u00bb border_color_all=\u00bb#dc001b\u00bb][\/et_pb_image][\/et_pb_column][\/et_pb_row][\/et_pb_section]<\/p>\n","protected":false},"excerpt":{"rendered":"<p>Iniciativas como las desarrolladas por la Hermandad del Despojado de C\u00e1diz y la Hermandad Salesiana de M\u00e1laga se suman a la recogida de alimentos y ropa de abrigo para personas sin recursos.<\/p>\n","protected":false},"author":12,"featured_media":8957,"comment_status":"open","ping_status":"open","sticky":false,"template":"","format":"standard","meta":{"_et_pb_use_builder":"on","_et_pb_old_content":"","_et_gb_content_width":"","footnotes":""},"categories":[46,27,24,15],"tags":[],"class_list":["post-8956","post","type-post","status-publish","format-standard","has-post-thumbnail","hentry","category-curso20-21","category-fasa","category-pastoral-juvenil","category-portada"],"yoast_head":"<!-- This site is optimized with the Yoast SEO plugin v27.5 - https:\/\/yoast.com\/product\/yoast-seo-wordpress\/ -->\n<title>Tiempo para la solidaridad con las Hermandades Salesianas - Familia Salesiana<\/title>\n<meta name=\"robots\" content=\"index, follow, max-snippet:-1, max-image-preview:large, max-video-preview:-1\" \/>\n<link rel=\"canonical\" href=\"https:\/\/www.salesianos.edu\/familiasalesiana\/tiempo-para-la-solidaridad-con-las-hermandades-salesianas\/\" \/>\n<meta property=\"og:locale\" content=\"es_ES\" \/>\n<meta property=\"og:type\" content=\"article\" \/>\n<meta property=\"og:title\" content=\"Tiempo para la solidaridad con las Hermandades Salesianas - Familia Salesiana\" \/>\n<meta property=\"og:description\" content=\"Iniciativas como las desarrolladas por la Hermandad del Despojado de C\u00e1diz y la Hermandad Salesiana de M\u00e1laga se suman a la recogida de alimentos y ropa de abrigo para personas sin recursos.\" \/>\n<meta property=\"og:url\" content=\"https:\/\/www.salesianos.edu\/familiasalesiana\/tiempo-para-la-solidaridad-con-las-hermandades-salesianas\/\" \/>\n<meta property=\"og:site_name\" content=\"Familia Salesiana\" \/>\n<meta property=\"article:published_time\" content=\"2020-10-21T07:46:07+00:00\" \/>\n<meta property=\"og:image\" content=\"https:\/\/www.salesianos.edu\/familiasalesiana\/wp-content\/uploads\/sites\/5\/2020\/10\/xMalaga1.jpeg.pagespeed.ic_.shE3IgIYbU-copia.jpg\" \/>\n\t<meta property=\"og:image:width\" content=\"1600\" \/>\n\t<meta property=\"og:image:height\" content=\"923\" \/>\n\t<meta property=\"og:image:type\" content=\"image\/jpeg\" \/>\n<meta name=\"author\" content=\"joseluisgarciamoscoso\" \/>\n<meta name=\"twitter:card\" content=\"summary_large_image\" \/>\n<meta name=\"twitter:label1\" content=\"Escrito por\" \/>\n\t<meta name=\"twitter:data1\" content=\"joseluisgarciamoscoso\" \/>\n\t<meta name=\"twitter:label2\" content=\"Tiempo de lectura\" \/>\n\t<meta name=\"twitter:data2\" content=\"4 minutos\" \/>\n<script type=\"application\/ld+json\" class=\"yoast-schema-graph\">{\"@context\":\"https:\\\/\\\/schema.org\",\"@graph\":[{\"@type\":\"Article\",\"@id\":\"https:\\\/\\\/www.salesianos.edu\\\/familiasalesiana\\\/tiempo-para-la-solidaridad-con-las-hermandades-salesianas\\\/#article\",\"isPartOf\":{\"@id\":\"https:\\\/\\\/www.salesianos.edu\\\/familiasalesiana\\\/tiempo-para-la-solidaridad-con-las-hermandades-salesianas\\\/\"},\"author\":{\"name\":\"joseluisgarciamoscoso\",\"@id\":\"http:\\\/\\\/www.salesianos.edu\\\/familiasalesiana\\\/#\\\/schema\\\/person\\\/a1d72ee5373cce7347fb2993ba9f47d6\"},\"headline\":\"Tiempo para la solidaridad con las Hermandades Salesianas\",\"datePublished\":\"2020-10-21T07:46:07+00:00\",\"mainEntityOfPage\":{\"@id\":\"https:\\\/\\\/www.salesianos.edu\\\/familiasalesiana\\\/tiempo-para-la-solidaridad-con-las-hermandades-salesianas\\\/\"},\"wordCount\":758,\"commentCount\":0,\"image\":{\"@id\":\"https:\\\/\\\/www.salesianos.edu\\\/familiasalesiana\\\/tiempo-para-la-solidaridad-con-las-hermandades-salesianas\\\/#primaryimage\"},\"thumbnailUrl\":\"https:\\\/\\\/www.salesianos.edu\\\/familiasalesiana\\\/wp-content\\\/uploads\\\/sites\\\/5\\\/2020\\\/10\\\/xMalaga1.jpeg.pagespeed.ic_.shE3IgIYbU-copia.jpg\",\"articleSection\":[\"Curso20-21\",\"Familia Salesiana\",\"Pastoral Juvenil\",\"portada\"],\"inLanguage\":\"es\",\"potentialAction\":[{\"@type\":\"CommentAction\",\"name\":\"Comment\",\"target\":[\"https:\\\/\\\/www.salesianos.edu\\\/familiasalesiana\\\/tiempo-para-la-solidaridad-con-las-hermandades-salesianas\\\/#respond\"]}]},{\"@type\":\"WebPage\",\"@id\":\"https:\\\/\\\/www.salesianos.edu\\\/familiasalesiana\\\/tiempo-para-la-solidaridad-con-las-hermandades-salesianas\\\/\",\"url\":\"https:\\\/\\\/www.salesianos.edu\\\/familiasalesiana\\\/tiempo-para-la-solidaridad-con-las-hermandades-salesianas\\\/\",\"name\":\"Tiempo para la solidaridad con las Hermandades Salesianas - Familia Salesiana\",\"isPartOf\":{\"@id\":\"http:\\\/\\\/www.salesianos.edu\\\/familiasalesiana\\\/#website\"},\"primaryImageOfPage\":{\"@id\":\"https:\\\/\\\/www.salesianos.edu\\\/familiasalesiana\\\/tiempo-para-la-solidaridad-con-las-hermandades-salesianas\\\/#primaryimage\"},\"image\":{\"@id\":\"https:\\\/\\\/www.salesianos.edu\\\/familiasalesiana\\\/tiempo-para-la-solidaridad-con-las-hermandades-salesianas\\\/#primaryimage\"},\"thumbnailUrl\":\"https:\\\/\\\/www.salesianos.edu\\\/familiasalesiana\\\/wp-content\\\/uploads\\\/sites\\\/5\\\/2020\\\/10\\\/xMalaga1.jpeg.pagespeed.ic_.shE3IgIYbU-copia.jpg\",\"datePublished\":\"2020-10-21T07:46:07+00:00\",\"author\":{\"@id\":\"http:\\\/\\\/www.salesianos.edu\\\/familiasalesiana\\\/#\\\/schema\\\/person\\\/a1d72ee5373cce7347fb2993ba9f47d6\"},\"breadcrumb\":{\"@id\":\"https:\\\/\\\/www.salesianos.edu\\\/familiasalesiana\\\/tiempo-para-la-solidaridad-con-las-hermandades-salesianas\\\/#breadcrumb\"},\"inLanguage\":\"es\",\"potentialAction\":[{\"@type\":\"ReadAction\",\"target\":[\"https:\\\/\\\/www.salesianos.edu\\\/familiasalesiana\\\/tiempo-para-la-solidaridad-con-las-hermandades-salesianas\\\/\"]}]},{\"@type\":\"ImageObject\",\"inLanguage\":\"es\",\"@id\":\"https:\\\/\\\/www.salesianos.edu\\\/familiasalesiana\\\/tiempo-para-la-solidaridad-con-las-hermandades-salesianas\\\/#primaryimage\",\"url\":\"https:\\\/\\\/www.salesianos.edu\\\/familiasalesiana\\\/wp-content\\\/uploads\\\/sites\\\/5\\\/2020\\\/10\\\/xMalaga1.jpeg.pagespeed.ic_.shE3IgIYbU-copia.jpg\",\"contentUrl\":\"https:\\\/\\\/www.salesianos.edu\\\/familiasalesiana\\\/wp-content\\\/uploads\\\/sites\\\/5\\\/2020\\\/10\\\/xMalaga1.jpeg.pagespeed.ic_.shE3IgIYbU-copia.jpg\",\"width\":1600,\"height\":923},{\"@type\":\"BreadcrumbList\",\"@id\":\"https:\\\/\\\/www.salesianos.edu\\\/familiasalesiana\\\/tiempo-para-la-solidaridad-con-las-hermandades-salesianas\\\/#breadcrumb\",\"itemListElement\":[{\"@type\":\"ListItem\",\"position\":1,\"name\":\"Portada\",\"item\":\"http:\\\/\\\/www.salesianos.edu\\\/familiasalesiana\\\/\"},{\"@type\":\"ListItem\",\"position\":2,\"name\":\"Tiempo para la solidaridad con las Hermandades Salesianas\"}]},{\"@type\":\"WebSite\",\"@id\":\"http:\\\/\\\/www.salesianos.edu\\\/familiasalesiana\\\/#website\",\"url\":\"http:\\\/\\\/www.salesianos.edu\\\/familiasalesiana\\\/\",\"name\":\"Familia Salesiana\",\"description\":\"P\u00e1gina oficial de Inspector\u00eda Salesiana Mar\u00eda Auxiliadora\",\"potentialAction\":[{\"@type\":\"SearchAction\",\"target\":{\"@type\":\"EntryPoint\",\"urlTemplate\":\"http:\\\/\\\/www.salesianos.edu\\\/familiasalesiana\\\/?s={search_term_string}\"},\"query-input\":{\"@type\":\"PropertyValueSpecification\",\"valueRequired\":true,\"valueName\":\"search_term_string\"}}],\"inLanguage\":\"es\"},{\"@type\":\"Person\",\"@id\":\"http:\\\/\\\/www.salesianos.edu\\\/familiasalesiana\\\/#\\\/schema\\\/person\\\/a1d72ee5373cce7347fb2993ba9f47d6\",\"name\":\"joseluisgarciamoscoso\",\"image\":{\"@type\":\"ImageObject\",\"inLanguage\":\"es\",\"@id\":\"https:\\\/\\\/secure.gravatar.com\\\/avatar\\\/3fda3a0b2db3bc9a39871e47cbd526b42d6c3b74755b7ae1400a87b2913fea6a?s=96&d=mm&r=g\",\"url\":\"https:\\\/\\\/secure.gravatar.com\\\/avatar\\\/3fda3a0b2db3bc9a39871e47cbd526b42d6c3b74755b7ae1400a87b2913fea6a?s=96&d=mm&r=g\",\"contentUrl\":\"https:\\\/\\\/secure.gravatar.com\\\/avatar\\\/3fda3a0b2db3bc9a39871e47cbd526b42d6c3b74755b7ae1400a87b2913fea6a?s=96&d=mm&r=g\",\"caption\":\"joseluisgarciamoscoso\"}}]}<\/script>\n<!-- \/ Yoast SEO plugin. -->","yoast_head_json":{"title":"Tiempo para la solidaridad con las Hermandades Salesianas - Familia Salesiana","robots":{"index":"index","follow":"follow","max-snippet":"max-snippet:-1","max-image-preview":"max-image-preview:large","max-video-preview":"max-video-preview:-1"},"canonical":"https:\/\/www.salesianos.edu\/familiasalesiana\/tiempo-para-la-solidaridad-con-las-hermandades-salesianas\/","og_locale":"es_ES","og_type":"article","og_title":"Tiempo para la solidaridad con las Hermandades Salesianas - Familia Salesiana","og_description":"Iniciativas como las desarrolladas por la Hermandad del Despojado de C\u00e1diz y la Hermandad Salesiana de M\u00e1laga se suman a la recogida de alimentos y ropa de abrigo para personas sin recursos.","og_url":"https:\/\/www.salesianos.edu\/familiasalesiana\/tiempo-para-la-solidaridad-con-las-hermandades-salesianas\/","og_site_name":"Familia Salesiana","article_published_time":"2020-10-21T07:46:07+00:00","og_image":[{"width":1600,"height":923,"url":"https:\/\/www.salesianos.edu\/familiasalesiana\/wp-content\/uploads\/sites\/5\/2020\/10\/xMalaga1.jpeg.pagespeed.ic_.shE3IgIYbU-copia.jpg","type":"image\/jpeg"}],"author":"joseluisgarciamoscoso","twitter_card":"summary_large_image","twitter_misc":{"Escrito por":"joseluisgarciamoscoso","Tiempo de lectura":"4 minutos"},"schema":{"@context":"https:\/\/schema.org","@graph":[{"@type":"Article","@id":"https:\/\/www.salesianos.edu\/familiasalesiana\/tiempo-para-la-solidaridad-con-las-hermandades-salesianas\/#article","isPartOf":{"@id":"https:\/\/www.salesianos.edu\/familiasalesiana\/tiempo-para-la-solidaridad-con-las-hermandades-salesianas\/"},"author":{"name":"joseluisgarciamoscoso","@id":"http:\/\/www.salesianos.edu\/familiasalesiana\/#\/schema\/person\/a1d72ee5373cce7347fb2993ba9f47d6"},"headline":"Tiempo para la solidaridad con las Hermandades Salesianas","datePublished":"2020-10-21T07:46:07+00:00","mainEntityOfPage":{"@id":"https:\/\/www.salesianos.edu\/familiasalesiana\/tiempo-para-la-solidaridad-con-las-hermandades-salesianas\/"},"wordCount":758,"commentCount":0,"image":{"@id":"https:\/\/www.salesianos.edu\/familiasalesiana\/tiempo-para-la-solidaridad-con-las-hermandades-salesianas\/#primaryimage"},"thumbnailUrl":"https:\/\/www.salesianos.edu\/familiasalesiana\/wp-content\/uploads\/sites\/5\/2020\/10\/xMalaga1.jpeg.pagespeed.ic_.shE3IgIYbU-copia.jpg","articleSection":["Curso20-21","Familia Salesiana","Pastoral Juvenil","portada"],"inLanguage":"es","potentialAction":[{"@type":"CommentAction","name":"Comment","target":["https:\/\/www.salesianos.edu\/familiasalesiana\/tiempo-para-la-solidaridad-con-las-hermandades-salesianas\/#respond"]}]},{"@type":"WebPage","@id":"https:\/\/www.salesianos.edu\/familiasalesiana\/tiempo-para-la-solidaridad-con-las-hermandades-salesianas\/","url":"https:\/\/www.salesianos.edu\/familiasalesiana\/tiempo-para-la-solidaridad-con-las-hermandades-salesianas\/","name":"Tiempo para la solidaridad con las Hermandades Salesianas - Familia Salesiana","isPartOf":{"@id":"http:\/\/www.salesianos.edu\/familiasalesiana\/#website"},"primaryImageOfPage":{"@id":"https:\/\/www.salesianos.edu\/familiasalesiana\/tiempo-para-la-solidaridad-con-las-hermandades-salesianas\/#primaryimage"},"image":{"@id":"https:\/\/www.salesianos.edu\/familiasalesiana\/tiempo-para-la-solidaridad-con-las-hermandades-salesianas\/#primaryimage"},"thumbnailUrl":"https:\/\/www.salesianos.edu\/familiasalesiana\/wp-content\/uploads\/sites\/5\/2020\/10\/xMalaga1.jpeg.pagespeed.ic_.shE3IgIYbU-copia.jpg","datePublished":"2020-10-21T07:46:07+00:00","author":{"@id":"http:\/\/www.salesianos.edu\/familiasalesiana\/#\/schema\/person\/a1d72ee5373cce7347fb2993ba9f47d6"},"breadcrumb":{"@id":"https:\/\/www.salesianos.edu\/familiasalesiana\/tiempo-para-la-solidaridad-con-las-hermandades-salesianas\/#breadcrumb"},"inLanguage":"es","potentialAction":[{"@type":"ReadAction","target":["https:\/\/www.salesianos.edu\/familiasalesiana\/tiempo-para-la-solidaridad-con-las-hermandades-salesianas\/"]}]},{"@type":"ImageObject","inLanguage":"es","@id":"https:\/\/www.salesianos.edu\/familiasalesiana\/tiempo-para-la-solidaridad-con-las-hermandades-salesianas\/#primaryimage","url":"https:\/\/www.salesianos.edu\/familiasalesiana\/wp-content\/uploads\/sites\/5\/2020\/10\/xMalaga1.jpeg.pagespeed.ic_.shE3IgIYbU-copia.jpg","contentUrl":"https:\/\/www.salesianos.edu\/familiasalesiana\/wp-content\/uploads\/sites\/5\/2020\/10\/xMalaga1.jpeg.pagespeed.ic_.shE3IgIYbU-copia.jpg","width":1600,"height":923},{"@type":"BreadcrumbList","@id":"https:\/\/www.salesianos.edu\/familiasalesiana\/tiempo-para-la-solidaridad-con-las-hermandades-salesianas\/#breadcrumb","itemListElement":[{"@type":"ListItem","position":1,"name":"Portada","item":"http:\/\/www.salesianos.edu\/familiasalesiana\/"},{"@type":"ListItem","position":2,"name":"Tiempo para la solidaridad con las Hermandades Salesianas"}]},{"@type":"WebSite","@id":"http:\/\/www.salesianos.edu\/familiasalesiana\/#website","url":"http:\/\/www.salesianos.edu\/familiasalesiana\/","name":"Familia Salesiana","description":"P\u00e1gina oficial de Inspector\u00eda Salesiana Mar\u00eda Auxiliadora","potentialAction":[{"@type":"SearchAction","target":{"@type":"EntryPoint","urlTemplate":"http:\/\/www.salesianos.edu\/familiasalesiana\/?s={search_term_string}"},"query-input":{"@type":"PropertyValueSpecification","valueRequired":true,"valueName":"search_term_string"}}],"inLanguage":"es"},{"@type":"Person","@id":"http:\/\/www.salesianos.edu\/familiasalesiana\/#\/schema\/person\/a1d72ee5373cce7347fb2993ba9f47d6","name":"joseluisgarciamoscoso","image":{"@type":"ImageObject","inLanguage":"es","@id":"https:\/\/secure.gravatar.com\/avatar\/3fda3a0b2db3bc9a39871e47cbd526b42d6c3b74755b7ae1400a87b2913fea6a?s=96&d=mm&r=g","url":"https:\/\/secure.gravatar.com\/avatar\/3fda3a0b2db3bc9a39871e47cbd526b42d6c3b74755b7ae1400a87b2913fea6a?s=96&d=mm&r=g","contentUrl":"https:\/\/secure.gravatar.com\/avatar\/3fda3a0b2db3bc9a39871e47cbd526b42d6c3b74755b7ae1400a87b2913fea6a?s=96&d=mm&r=g","caption":"joseluisgarciamoscoso"}}]}},"_links":{"self":[{"href":"https:\/\/www.salesianos.edu\/familiasalesiana\/wp-json\/wp\/v2\/posts\/8956","targetHints":{"allow":["GET"]}}],"collection":[{"href":"https:\/\/www.salesianos.edu\/familiasalesiana\/wp-json\/wp\/v2\/posts"}],"about":[{"href":"https:\/\/www.salesianos.edu\/familiasalesiana\/wp-json\/wp\/v2\/types\/post"}],"author":[{"embeddable":true,"href":"https:\/\/www.salesianos.edu\/familiasalesiana\/wp-json\/wp\/v2\/users\/12"}],"replies":[{"embeddable":true,"href":"https:\/\/www.salesianos.edu\/familiasalesiana\/wp-json\/wp\/v2\/comments?post=8956"}],"version-history":[{"count":0,"href":"https:\/\/www.salesianos.edu\/familiasalesiana\/wp-json\/wp\/v2\/posts\/8956\/revisions"}],"wp:featuredmedia":[{"embeddable":true,"href":"https:\/\/www.salesianos.edu\/familiasalesiana\/wp-json\/wp\/v2\/media\/8957"}],"wp:attachment":[{"href":"https:\/\/www.salesianos.edu\/familiasalesiana\/wp-json\/wp\/v2\/media?parent=8956"}],"wp:term":[{"taxonomy":"category","embeddable":true,"href":"https:\/\/www.salesianos.edu\/familiasalesiana\/wp-json\/wp\/v2\/categories?post=8956"},{"taxonomy":"post_tag","embeddable":true,"href":"https:\/\/www.salesianos.edu\/familiasalesiana\/wp-json\/wp\/v2\/tags?post=8956"}],"curies":[{"name":"wp","href":"https:\/\/api.w.org\/{rel}","templated":true}]}}