{"id":8896,"date":"2020-09-26T00:11:05","date_gmt":"2020-09-25T23:11:05","guid":{"rendered":"http:\/\/www.salesianos.edu\/familiasalesiana\/primeros-pasos-de-un-nuevo-sexenio-para-la-familia-salesiana\/"},"modified":"2020-09-26T00:11:05","modified_gmt":"2020-09-25T23:11:05","slug":"primeros-pasos-de-un-nuevo-sexenio-para-la-familia-salesiana","status":"publish","type":"post","link":"https:\/\/www.salesianos.edu\/familiasalesiana\/primeros-pasos-de-un-nuevo-sexenio-para-la-familia-salesiana\/","title":{"rendered":"Primeros pasos de un nuevo sexenio para la Familia Salesiana"},"content":{"rendered":"<div id=\"fb-root\"><\/div>\n<p>[et_pb_section fb_built=\u00bb1&#8243; admin_label=\u00bbsection\u00bb _builder_version=\u00bb3.22&#8243;][et_pb_row admin_label=\u00bbrow\u00bb _builder_version=\u00bb3.25&#8243; background_size=\u00bbinitial\u00bb background_position=\u00bbtop_left\u00bb background_repeat=\u00bbrepeat\u00bb][et_pb_column type=\u00bb4_4&#8243; _builder_version=\u00bb3.25&#8243; custom_padding=\u00bb|||\u00bb custom_padding__hover=\u00bb|||\u00bb][et_pb_text _builder_version=\u00bb4.6.1&#8243;]<\/p>\n<p><em><span style=\"font-size: 10pt\">Por ANS.<\/span><\/em><\/p>\n<p>[\/et_pb_text][et_pb_text _builder_version=\u00bb4.6.1&#8243;]<\/p>\n<div class=\"itemIntroText\">\n<p>La Familia Salesiana, ese vasto movimiento de personas dedicado a la salvaci\u00f3n de los j\u00f3venes siguiendo las huellas de Don Bosco, es un organismo vivo y activo, que ha tomado un papel cada vez m\u00e1s central en consideraci\u00f3n y en el apostolado de la Congregaci\u00f3n. \u00a0La referencia a la Familia Salesiana por parte del Rector en el discurso de clausura del CG fue muy expresiva: \u201cLa Familia salesiana, junto con la realidad de la misi\u00f3n compartida con los seglares, ser\u00e1 el punto de llegada y la garant\u00eda de la misi\u00f3n salesiana\u2026 Es un elemento carism\u00e1tico esencial, hoy mucho m\u00e1s fuerte que en los tiempos de Don Bosco\u2026\u00a0 Por eso os invito a seguir creyendo en la Familia Salesiana\u201d.<\/p>\n<\/div>\n<div class=\"itemFullText\">\n<p>El primer punto de novedad fue la renovaci\u00f3n del equipo SDB del Secretariado: Junto al padre Joan Llu\u00eds Play\u00e0 que sustitu\u00eda al padre Eusebio Mu\u00f1oz como delegado del Rector Mayor para la Familia Salesiana, y a padre Pierluigi Cameroni que como postulador general para la causa de los santos segu\u00edan formando parte de \u00e9l, se unieron el Sr. Domenico Nam como delegado para los SSCC y los EXDB en sustituci\u00f3n del padre Giuseppe Casti y del padre Jayapalan Raphael, y el padre Alejandro Guevara como Animador Espiritual del ADMA.<\/p>\n<p>Despu\u00e9s se mantuvieron los primeros contactos online y la atenci\u00f3n a los requerimientos provenientes de las Inspector\u00edas o de Grupos concretos de la FS que llegaban de diversas partes del mundo: animaci\u00f3n de EEEE, participaci\u00f3n en encuentros inspectoriales, encuentros con los EXDB de las inspector\u00edas de Asia Oriental, encuentro con la ADMA Primaria, el seguimiento de la traducci\u00f3n del libro de la Familia Salesiana\u2026<\/p>\n<p>Los d\u00edas 10, 11 y 12 de septiembre el Equipo SDB se ha podido reunir de nuevo, y el 11 adem\u00e1s, con el Pleno del Secretariado, es decir, con Mar\u00eda Luisa Miranda y Dina Moscioni, del que ya formaban parte; y con Margarita F. y Antonio Boccia a quienes el Rector Mayor ha nombrado recientemente como miembros del Secretariado.<\/p>\n<p>Han sido d\u00edas de toma de conciencia m\u00e1s plena sobre el car\u00e1cter del Secretariado como \u00f3rgano al servicio del Rector Mayor para la animaci\u00f3n, formaci\u00f3n y coordinaci\u00f3n de la Familia Salesiana; de reflexi\u00f3n sobre las funciones que se asumen y el modo de organizarse; de preparaci\u00f3n de la parte de la programaci\u00f3n del sexenio correspondiente a la Familia Salesiana a la luz de los n\u00facleos de animaci\u00f3n propuestos por el Rector Mayor; y de c\u00f3mo encarar las pr\u00f3ximas Jornadas de Espiritualidad de la Familia Salesiana.<\/p>\n<h4><strong>Jornada Mariana de la Asociaci\u00f3n de Mar\u00eda Auxiliadora (ADMA) en Tur\u00edn<\/strong><\/h4>\n<p>\u201cSue\u00f1en y hagan so\u00f1ar\u201d. Este es el lema de la XXX Jornada Mariana de la Asociaci\u00f3n de Mar\u00eda Auxiliadora (ADMA) que se realiz\u00f3 en Tur\u00edn el domingo 20 de septiembre, con unos 400 participantes entre j\u00f3venes y adultos. Una Jornada particularmente especial, porque marcada por el paso de mando de la animaci\u00f3n de la Asociaci\u00f3n, entregada por\u00a0 Pierluigi Cameroni a Alejandro Guevara de la Inspector\u00eda Mar\u00eda Auxiliadora. Un clima de fiesta y de reconocimiento ha marcado el evento, con momentos de participaci\u00f3n y emoci\u00f3n, como la entrega de un hermoso \u00e1lbum fotogr\u00e1fico y dos estolas marianas.<\/p>\n<p>Alejandro Guevara a su vez, comparti\u00f3 su historia de vida y narr\u00f3 c\u00f3mo ha llegado a esta misi\u00f3n que le confi\u00f3 el Rector Mayor. Por su parte el padre Roberto Carrelli ha presentado el camino formativo del a\u00f1o 2020-2021 con el t\u00edtulo \u201cSue\u00f1en y hagan so\u00f1ar\u201d, inspirado al eslogan del Papa Francesco a los salesianos, al concluir el Cap\u00edtulo General.<\/p>\n<\/div>\n<p>[\/et_pb_text][\/et_pb_column][\/et_pb_row][\/et_pb_section]<\/p>\n","protected":false},"excerpt":{"rendered":"<p>La Familia Salesiana, ese vasto movimiento de personas dedicado a la salvaci\u00f3n de los j\u00f3venes siguiendo las huellas de Don Bosco<\/p>\n","protected":false},"author":12,"featured_media":8897,"comment_status":"open","ping_status":"open","sticky":false,"template":"","format":"standard","meta":{"_et_pb_use_builder":"on","_et_pb_old_content":"","_et_gb_content_width":"","footnotes":""},"categories":[38,46,27,15],"tags":[],"class_list":["post-8896","post","type-post","status-publish","format-standard","has-post-thumbnail","hentry","category-congregacion","category-curso20-21","category-fasa","category-portada"],"yoast_head":"<!-- This site is optimized with the Yoast SEO plugin v27.5 - https:\/\/yoast.com\/product\/yoast-seo-wordpress\/ -->\n<title>Primeros pasos de un nuevo sexenio para la Familia Salesiana - Familia Salesiana<\/title>\n<meta name=\"robots\" content=\"index, follow, max-snippet:-1, max-image-preview:large, max-video-preview:-1\" \/>\n<link rel=\"canonical\" href=\"https:\/\/www.salesianos.edu\/familiasalesiana\/primeros-pasos-de-un-nuevo-sexenio-para-la-familia-salesiana\/\" \/>\n<meta property=\"og:locale\" content=\"es_ES\" \/>\n<meta property=\"og:type\" content=\"article\" \/>\n<meta property=\"og:title\" content=\"Primeros pasos de un nuevo sexenio para la Familia Salesiana - Familia Salesiana\" \/>\n<meta property=\"og:description\" content=\"La Familia Salesiana, ese vasto movimiento de personas dedicado a la salvaci\u00f3n de los j\u00f3venes siguiendo las huellas de Don Bosco\" \/>\n<meta property=\"og:url\" content=\"https:\/\/www.salesianos.edu\/familiasalesiana\/primeros-pasos-de-un-nuevo-sexenio-para-la-familia-salesiana\/\" \/>\n<meta property=\"og:site_name\" content=\"Familia Salesiana\" \/>\n<meta property=\"article:published_time\" content=\"2020-09-25T23:11:05+00:00\" \/>\n<meta property=\"og:image\" content=\"https:\/\/www.salesianos.edu\/familiasalesiana\/wp-content\/uploads\/sites\/5\/2020\/10\/Captura-de-pantalla-2020-09-25-a-las-9.27.32.png\" \/>\n\t<meta property=\"og:image:width\" content=\"644\" \/>\n\t<meta property=\"og:image:height\" content=\"430\" \/>\n\t<meta property=\"og:image:type\" content=\"image\/png\" \/>\n<meta name=\"author\" content=\"joseluisgarciamoscoso\" \/>\n<meta name=\"twitter:card\" content=\"summary_large_image\" \/>\n<meta name=\"twitter:label1\" content=\"Escrito por\" \/>\n\t<meta name=\"twitter:data1\" content=\"joseluisgarciamoscoso\" \/>\n\t<meta name=\"twitter:label2\" content=\"Tiempo de lectura\" \/>\n\t<meta name=\"twitter:data2\" content=\"4 minutos\" \/>\n<script type=\"application\/ld+json\" class=\"yoast-schema-graph\">{\"@context\":\"https:\\\/\\\/schema.org\",\"@graph\":[{\"@type\":\"Article\",\"@id\":\"https:\\\/\\\/www.salesianos.edu\\\/familiasalesiana\\\/primeros-pasos-de-un-nuevo-sexenio-para-la-familia-salesiana\\\/#article\",\"isPartOf\":{\"@id\":\"https:\\\/\\\/www.salesianos.edu\\\/familiasalesiana\\\/primeros-pasos-de-un-nuevo-sexenio-para-la-familia-salesiana\\\/\"},\"author\":{\"name\":\"joseluisgarciamoscoso\",\"@id\":\"http:\\\/\\\/www.salesianos.edu\\\/familiasalesiana\\\/#\\\/schema\\\/person\\\/a1d72ee5373cce7347fb2993ba9f47d6\"},\"headline\":\"Primeros pasos de un nuevo sexenio para la Familia Salesiana\",\"datePublished\":\"2020-09-25T23:11:05+00:00\",\"mainEntityOfPage\":{\"@id\":\"https:\\\/\\\/www.salesianos.edu\\\/familiasalesiana\\\/primeros-pasos-de-un-nuevo-sexenio-para-la-familia-salesiana\\\/\"},\"wordCount\":714,\"commentCount\":0,\"image\":{\"@id\":\"https:\\\/\\\/www.salesianos.edu\\\/familiasalesiana\\\/primeros-pasos-de-un-nuevo-sexenio-para-la-familia-salesiana\\\/#primaryimage\"},\"thumbnailUrl\":\"https:\\\/\\\/www.salesianos.edu\\\/familiasalesiana\\\/wp-content\\\/uploads\\\/sites\\\/5\\\/2020\\\/10\\\/Captura-de-pantalla-2020-09-25-a-las-9.27.32.png\",\"articleSection\":[\"Congregaci\u00f3n\",\"Curso20-21\",\"Familia Salesiana\",\"portada\"],\"inLanguage\":\"es\",\"potentialAction\":[{\"@type\":\"CommentAction\",\"name\":\"Comment\",\"target\":[\"https:\\\/\\\/www.salesianos.edu\\\/familiasalesiana\\\/primeros-pasos-de-un-nuevo-sexenio-para-la-familia-salesiana\\\/#respond\"]}]},{\"@type\":\"WebPage\",\"@id\":\"https:\\\/\\\/www.salesianos.edu\\\/familiasalesiana\\\/primeros-pasos-de-un-nuevo-sexenio-para-la-familia-salesiana\\\/\",\"url\":\"https:\\\/\\\/www.salesianos.edu\\\/familiasalesiana\\\/primeros-pasos-de-un-nuevo-sexenio-para-la-familia-salesiana\\\/\",\"name\":\"Primeros pasos de un nuevo sexenio para la Familia Salesiana - Familia Salesiana\",\"isPartOf\":{\"@id\":\"http:\\\/\\\/www.salesianos.edu\\\/familiasalesiana\\\/#website\"},\"primaryImageOfPage\":{\"@id\":\"https:\\\/\\\/www.salesianos.edu\\\/familiasalesiana\\\/primeros-pasos-de-un-nuevo-sexenio-para-la-familia-salesiana\\\/#primaryimage\"},\"image\":{\"@id\":\"https:\\\/\\\/www.salesianos.edu\\\/familiasalesiana\\\/primeros-pasos-de-un-nuevo-sexenio-para-la-familia-salesiana\\\/#primaryimage\"},\"thumbnailUrl\":\"https:\\\/\\\/www.salesianos.edu\\\/familiasalesiana\\\/wp-content\\\/uploads\\\/sites\\\/5\\\/2020\\\/10\\\/Captura-de-pantalla-2020-09-25-a-las-9.27.32.png\",\"datePublished\":\"2020-09-25T23:11:05+00:00\",\"author\":{\"@id\":\"http:\\\/\\\/www.salesianos.edu\\\/familiasalesiana\\\/#\\\/schema\\\/person\\\/a1d72ee5373cce7347fb2993ba9f47d6\"},\"breadcrumb\":{\"@id\":\"https:\\\/\\\/www.salesianos.edu\\\/familiasalesiana\\\/primeros-pasos-de-un-nuevo-sexenio-para-la-familia-salesiana\\\/#breadcrumb\"},\"inLanguage\":\"es\",\"potentialAction\":[{\"@type\":\"ReadAction\",\"target\":[\"https:\\\/\\\/www.salesianos.edu\\\/familiasalesiana\\\/primeros-pasos-de-un-nuevo-sexenio-para-la-familia-salesiana\\\/\"]}]},{\"@type\":\"ImageObject\",\"inLanguage\":\"es\",\"@id\":\"https:\\\/\\\/www.salesianos.edu\\\/familiasalesiana\\\/primeros-pasos-de-un-nuevo-sexenio-para-la-familia-salesiana\\\/#primaryimage\",\"url\":\"https:\\\/\\\/www.salesianos.edu\\\/familiasalesiana\\\/wp-content\\\/uploads\\\/sites\\\/5\\\/2020\\\/10\\\/Captura-de-pantalla-2020-09-25-a-las-9.27.32.png\",\"contentUrl\":\"https:\\\/\\\/www.salesianos.edu\\\/familiasalesiana\\\/wp-content\\\/uploads\\\/sites\\\/5\\\/2020\\\/10\\\/Captura-de-pantalla-2020-09-25-a-las-9.27.32.png\",\"width\":644,\"height\":430},{\"@type\":\"BreadcrumbList\",\"@id\":\"https:\\\/\\\/www.salesianos.edu\\\/familiasalesiana\\\/primeros-pasos-de-un-nuevo-sexenio-para-la-familia-salesiana\\\/#breadcrumb\",\"itemListElement\":[{\"@type\":\"ListItem\",\"position\":1,\"name\":\"Portada\",\"item\":\"http:\\\/\\\/www.salesianos.edu\\\/familiasalesiana\\\/\"},{\"@type\":\"ListItem\",\"position\":2,\"name\":\"Primeros pasos de un nuevo sexenio para la Familia Salesiana\"}]},{\"@type\":\"WebSite\",\"@id\":\"http:\\\/\\\/www.salesianos.edu\\\/familiasalesiana\\\/#website\",\"url\":\"http:\\\/\\\/www.salesianos.edu\\\/familiasalesiana\\\/\",\"name\":\"Familia Salesiana\",\"description\":\"P\u00e1gina oficial de Inspector\u00eda Salesiana Mar\u00eda Auxiliadora\",\"potentialAction\":[{\"@type\":\"SearchAction\",\"target\":{\"@type\":\"EntryPoint\",\"urlTemplate\":\"http:\\\/\\\/www.salesianos.edu\\\/familiasalesiana\\\/?s={search_term_string}\"},\"query-input\":{\"@type\":\"PropertyValueSpecification\",\"valueRequired\":true,\"valueName\":\"search_term_string\"}}],\"inLanguage\":\"es\"},{\"@type\":\"Person\",\"@id\":\"http:\\\/\\\/www.salesianos.edu\\\/familiasalesiana\\\/#\\\/schema\\\/person\\\/a1d72ee5373cce7347fb2993ba9f47d6\",\"name\":\"joseluisgarciamoscoso\",\"image\":{\"@type\":\"ImageObject\",\"inLanguage\":\"es\",\"@id\":\"https:\\\/\\\/secure.gravatar.com\\\/avatar\\\/3fda3a0b2db3bc9a39871e47cbd526b42d6c3b74755b7ae1400a87b2913fea6a?s=96&d=mm&r=g\",\"url\":\"https:\\\/\\\/secure.gravatar.com\\\/avatar\\\/3fda3a0b2db3bc9a39871e47cbd526b42d6c3b74755b7ae1400a87b2913fea6a?s=96&d=mm&r=g\",\"contentUrl\":\"https:\\\/\\\/secure.gravatar.com\\\/avatar\\\/3fda3a0b2db3bc9a39871e47cbd526b42d6c3b74755b7ae1400a87b2913fea6a?s=96&d=mm&r=g\",\"caption\":\"joseluisgarciamoscoso\"}}]}<\/script>\n<!-- \/ Yoast SEO plugin. -->","yoast_head_json":{"title":"Primeros pasos de un nuevo sexenio para la Familia Salesiana - Familia Salesiana","robots":{"index":"index","follow":"follow","max-snippet":"max-snippet:-1","max-image-preview":"max-image-preview:large","max-video-preview":"max-video-preview:-1"},"canonical":"https:\/\/www.salesianos.edu\/familiasalesiana\/primeros-pasos-de-un-nuevo-sexenio-para-la-familia-salesiana\/","og_locale":"es_ES","og_type":"article","og_title":"Primeros pasos de un nuevo sexenio para la Familia Salesiana - Familia Salesiana","og_description":"La Familia Salesiana, ese vasto movimiento de personas dedicado a la salvaci\u00f3n de los j\u00f3venes siguiendo las huellas de Don Bosco","og_url":"https:\/\/www.salesianos.edu\/familiasalesiana\/primeros-pasos-de-un-nuevo-sexenio-para-la-familia-salesiana\/","og_site_name":"Familia Salesiana","article_published_time":"2020-09-25T23:11:05+00:00","og_image":[{"width":644,"height":430,"url":"https:\/\/www.salesianos.edu\/familiasalesiana\/wp-content\/uploads\/sites\/5\/2020\/10\/Captura-de-pantalla-2020-09-25-a-las-9.27.32.png","type":"image\/png"}],"author":"joseluisgarciamoscoso","twitter_card":"summary_large_image","twitter_misc":{"Escrito por":"joseluisgarciamoscoso","Tiempo de lectura":"4 minutos"},"schema":{"@context":"https:\/\/schema.org","@graph":[{"@type":"Article","@id":"https:\/\/www.salesianos.edu\/familiasalesiana\/primeros-pasos-de-un-nuevo-sexenio-para-la-familia-salesiana\/#article","isPartOf":{"@id":"https:\/\/www.salesianos.edu\/familiasalesiana\/primeros-pasos-de-un-nuevo-sexenio-para-la-familia-salesiana\/"},"author":{"name":"joseluisgarciamoscoso","@id":"http:\/\/www.salesianos.edu\/familiasalesiana\/#\/schema\/person\/a1d72ee5373cce7347fb2993ba9f47d6"},"headline":"Primeros pasos de un nuevo sexenio para la Familia Salesiana","datePublished":"2020-09-25T23:11:05+00:00","mainEntityOfPage":{"@id":"https:\/\/www.salesianos.edu\/familiasalesiana\/primeros-pasos-de-un-nuevo-sexenio-para-la-familia-salesiana\/"},"wordCount":714,"commentCount":0,"image":{"@id":"https:\/\/www.salesianos.edu\/familiasalesiana\/primeros-pasos-de-un-nuevo-sexenio-para-la-familia-salesiana\/#primaryimage"},"thumbnailUrl":"https:\/\/www.salesianos.edu\/familiasalesiana\/wp-content\/uploads\/sites\/5\/2020\/10\/Captura-de-pantalla-2020-09-25-a-las-9.27.32.png","articleSection":["Congregaci\u00f3n","Curso20-21","Familia Salesiana","portada"],"inLanguage":"es","potentialAction":[{"@type":"CommentAction","name":"Comment","target":["https:\/\/www.salesianos.edu\/familiasalesiana\/primeros-pasos-de-un-nuevo-sexenio-para-la-familia-salesiana\/#respond"]}]},{"@type":"WebPage","@id":"https:\/\/www.salesianos.edu\/familiasalesiana\/primeros-pasos-de-un-nuevo-sexenio-para-la-familia-salesiana\/","url":"https:\/\/www.salesianos.edu\/familiasalesiana\/primeros-pasos-de-un-nuevo-sexenio-para-la-familia-salesiana\/","name":"Primeros pasos de un nuevo sexenio para la Familia Salesiana - Familia Salesiana","isPartOf":{"@id":"http:\/\/www.salesianos.edu\/familiasalesiana\/#website"},"primaryImageOfPage":{"@id":"https:\/\/www.salesianos.edu\/familiasalesiana\/primeros-pasos-de-un-nuevo-sexenio-para-la-familia-salesiana\/#primaryimage"},"image":{"@id":"https:\/\/www.salesianos.edu\/familiasalesiana\/primeros-pasos-de-un-nuevo-sexenio-para-la-familia-salesiana\/#primaryimage"},"thumbnailUrl":"https:\/\/www.salesianos.edu\/familiasalesiana\/wp-content\/uploads\/sites\/5\/2020\/10\/Captura-de-pantalla-2020-09-25-a-las-9.27.32.png","datePublished":"2020-09-25T23:11:05+00:00","author":{"@id":"http:\/\/www.salesianos.edu\/familiasalesiana\/#\/schema\/person\/a1d72ee5373cce7347fb2993ba9f47d6"},"breadcrumb":{"@id":"https:\/\/www.salesianos.edu\/familiasalesiana\/primeros-pasos-de-un-nuevo-sexenio-para-la-familia-salesiana\/#breadcrumb"},"inLanguage":"es","potentialAction":[{"@type":"ReadAction","target":["https:\/\/www.salesianos.edu\/familiasalesiana\/primeros-pasos-de-un-nuevo-sexenio-para-la-familia-salesiana\/"]}]},{"@type":"ImageObject","inLanguage":"es","@id":"https:\/\/www.salesianos.edu\/familiasalesiana\/primeros-pasos-de-un-nuevo-sexenio-para-la-familia-salesiana\/#primaryimage","url":"https:\/\/www.salesianos.edu\/familiasalesiana\/wp-content\/uploads\/sites\/5\/2020\/10\/Captura-de-pantalla-2020-09-25-a-las-9.27.32.png","contentUrl":"https:\/\/www.salesianos.edu\/familiasalesiana\/wp-content\/uploads\/sites\/5\/2020\/10\/Captura-de-pantalla-2020-09-25-a-las-9.27.32.png","width":644,"height":430},{"@type":"BreadcrumbList","@id":"https:\/\/www.salesianos.edu\/familiasalesiana\/primeros-pasos-de-un-nuevo-sexenio-para-la-familia-salesiana\/#breadcrumb","itemListElement":[{"@type":"ListItem","position":1,"name":"Portada","item":"http:\/\/www.salesianos.edu\/familiasalesiana\/"},{"@type":"ListItem","position":2,"name":"Primeros pasos de un nuevo sexenio para la Familia Salesiana"}]},{"@type":"WebSite","@id":"http:\/\/www.salesianos.edu\/familiasalesiana\/#website","url":"http:\/\/www.salesianos.edu\/familiasalesiana\/","name":"Familia Salesiana","description":"P\u00e1gina oficial de Inspector\u00eda Salesiana Mar\u00eda Auxiliadora","potentialAction":[{"@type":"SearchAction","target":{"@type":"EntryPoint","urlTemplate":"http:\/\/www.salesianos.edu\/familiasalesiana\/?s={search_term_string}"},"query-input":{"@type":"PropertyValueSpecification","valueRequired":true,"valueName":"search_term_string"}}],"inLanguage":"es"},{"@type":"Person","@id":"http:\/\/www.salesianos.edu\/familiasalesiana\/#\/schema\/person\/a1d72ee5373cce7347fb2993ba9f47d6","name":"joseluisgarciamoscoso","image":{"@type":"ImageObject","inLanguage":"es","@id":"https:\/\/secure.gravatar.com\/avatar\/3fda3a0b2db3bc9a39871e47cbd526b42d6c3b74755b7ae1400a87b2913fea6a?s=96&d=mm&r=g","url":"https:\/\/secure.gravatar.com\/avatar\/3fda3a0b2db3bc9a39871e47cbd526b42d6c3b74755b7ae1400a87b2913fea6a?s=96&d=mm&r=g","contentUrl":"https:\/\/secure.gravatar.com\/avatar\/3fda3a0b2db3bc9a39871e47cbd526b42d6c3b74755b7ae1400a87b2913fea6a?s=96&d=mm&r=g","caption":"joseluisgarciamoscoso"}}]}},"_links":{"self":[{"href":"https:\/\/www.salesianos.edu\/familiasalesiana\/wp-json\/wp\/v2\/posts\/8896","targetHints":{"allow":["GET"]}}],"collection":[{"href":"https:\/\/www.salesianos.edu\/familiasalesiana\/wp-json\/wp\/v2\/posts"}],"about":[{"href":"https:\/\/www.salesianos.edu\/familiasalesiana\/wp-json\/wp\/v2\/types\/post"}],"author":[{"embeddable":true,"href":"https:\/\/www.salesianos.edu\/familiasalesiana\/wp-json\/wp\/v2\/users\/12"}],"replies":[{"embeddable":true,"href":"https:\/\/www.salesianos.edu\/familiasalesiana\/wp-json\/wp\/v2\/comments?post=8896"}],"version-history":[{"count":0,"href":"https:\/\/www.salesianos.edu\/familiasalesiana\/wp-json\/wp\/v2\/posts\/8896\/revisions"}],"wp:featuredmedia":[{"embeddable":true,"href":"https:\/\/www.salesianos.edu\/familiasalesiana\/wp-json\/wp\/v2\/media\/8897"}],"wp:attachment":[{"href":"https:\/\/www.salesianos.edu\/familiasalesiana\/wp-json\/wp\/v2\/media?parent=8896"}],"wp:term":[{"taxonomy":"category","embeddable":true,"href":"https:\/\/www.salesianos.edu\/familiasalesiana\/wp-json\/wp\/v2\/categories?post=8896"},{"taxonomy":"post_tag","embeddable":true,"href":"https:\/\/www.salesianos.edu\/familiasalesiana\/wp-json\/wp\/v2\/tags?post=8896"}],"curies":[{"name":"wp","href":"https:\/\/api.w.org\/{rel}","templated":true}]}}