{"id":8890,"date":"2020-09-29T00:01:48","date_gmt":"2020-09-28T23:01:48","guid":{"rendered":"http:\/\/www.salesianos.edu\/familiasalesiana\/sale-el-poster-del-aguinaldo-2021\/"},"modified":"2021-03-03T13:41:36","modified_gmt":"2021-03-03T12:41:36","slug":"sale-el-poster-del-aguinaldo-2021","status":"publish","type":"post","link":"https:\/\/www.salesianos.edu\/familiasalesiana\/sale-el-poster-del-aguinaldo-2021\/","title":{"rendered":"Sale el p\u00f3ster del Aguinaldo 2021"},"content":{"rendered":"<div id=\"fb-root\"><\/div>\n<p>[et_pb_section fb_built=\u00bb1&#8243; admin_label=\u00bbsection\u00bb _builder_version=\u00bb3.22&#8243;][et_pb_row admin_label=\u00bbrow\u00bb _builder_version=\u00bb3.25&#8243; background_size=\u00bbinitial\u00bb background_position=\u00bbtop_left\u00bb background_repeat=\u00bbrepeat\u00bb custom_padding=\u00bb||0px|||\u00bb][et_pb_column type=\u00bb4_4&#8243; _builder_version=\u00bb3.25&#8243; custom_padding=\u00bb|||\u00bb custom_padding__hover=\u00bb|||\u00bb][et_pb_text _builder_version=\u00bb4.6.1&#8243;]<\/p>\n<p><em><span style=\"font-size: 10pt\">Por ANS<\/span><\/em><\/p>\n<p>[\/et_pb_text][et_pb_text _builder_version=\u00bb4.6.1&#8243;]<\/p>\n<div class=\"itemIntroText\">\n<p>\u00abMovidos por la esperanza: \u201cEh aqu\u00ed, yo hago nuevas todas las cosas\u201d (Ap 21,5)\u00bb, este es el t\u00edtulo que el Rector Mayor, el padre \u00c1ngel Fern\u00e1ndez Artime, ha elegido para el tema del Aguinaldo del 2021. Como todos los a\u00f1os, su mensaje est\u00e1 acompa\u00f1ado por una imagen que traduce gr\u00e1ficamente sus intuiciones y los directivas que el Padre y centro de unidad de la Familia Salesiana ofrece a todos los seguidores de Don Bosco y que ser\u00e1 enviado a las casas salesianas de todo el mundo, justamente en estos d\u00edas.<\/p>\n<\/div>\n<div class=\"itemFullText\">\n<p>Dando continuaci\u00f3n al camino emprendido hace algunos a\u00f1os, el de encargar la elaboraci\u00f3n del p\u00f3ster del Aguinaldo a artistas de diversos contextos y or\u00edgenes geogr\u00e1ficos &#8211; de manera que recojan cada vez las diversas sensibilidades presentes en el universo salesiano &#8211; el Dicasterio de Comunicaci\u00f3n Social quiso privilegiar para esta edici\u00f3n las percepciones de Am\u00e9rica Latina.<\/p>\n<p>Entre los varios borradores propuestos result\u00f3 ganador el del dibujante argentino Gustavo Daguerre, 41 a\u00f1os de edad y una vida entera en los ambientes salesianos, que actualmente trabaja como coordinador de pastoral en un instituto de las Hijas de Mar\u00eda Auxiliadora y que hab\u00eda participado en\u00a0 el Bolet\u00edn salesiano como ilustrador.<\/p>\n<p>A continuaci\u00f3n el dibujante presenta la imagen:<\/p>\n<blockquote>\n<p><em>\u201cCuando me enter\u00e9 de la frase que acompa\u00f1ar\u00eda el aguinaldo 2021: \u201cNos mueve la Esperanza\u2026 Har\u00e9 nuevas todas las cosas\u201d, pens\u00e9 en la necesidad de ofrecer mediante la imagen, lo que para m\u00ed es contundente en esa oraci\u00f3n\u2026 ESPERANZA. Y nosotros, como comunidad de creyentes nuestra esperanza esta puesta en Jes\u00fas. A menudo escuchamos en estos tiempos que nos tocan vivir, que la gente est\u00e1 desahuciada. Ha bastado una pandemia para que la humanidad \u201ctiemble\u201d y se vuelva mucho m\u00e1s vulnerable. Y en esa humanidad herida est\u00e1n incluidos nuestros j\u00f3venes\u2026 los privilegiados de nuestro carisma.<\/em><\/p>\n<\/blockquote>\n<p><em>Por este motivo en la imagen, Jes\u00fas est\u00e1 en el medio, sosteniendo, levantando no solo tendiendo su mano, sino tambi\u00e9n con la mirada comprensiva que dignifica. Un ambiente que tiende a convertirse, de un escenario gris, oscuro, denso a otro lleno de color, con la claridad necesaria para ver en los rostros de quienes nos reciben, el testimonio de Cristo.<\/em><\/p>\n<p><em>Que nuestro gran desaf\u00edo como Familia Salesiana sea sencillamente ser signos de Esperanza, de poner luz y color, de mirar con la mirada comprensiva, de seguir sanando y acompa\u00f1ando lo que esta pandemia lastim\u00f3, de seguir estando atentos a las necesidades de los dem\u00e1s como nos ense\u00f1aron Mar\u00eda Mazzarello y Don Bosco<\/em>\u201d.<\/p>\n<p>El p\u00f3ster llegar\u00e1 a las casas salesianas antes de finales de octubre. Los ilustradores salesianos de todo el mundo podr\u00e1n adem\u00e1s modificar el fondo del p\u00f3ster para representar las diversas realidades locales.<\/p>\n<\/div>\n<p>[\/et_pb_text][\/et_pb_column][\/et_pb_row][et_pb_row column_structure=\u00bb1_2,1_2&#8243; _builder_version=\u00bb4.6.1&#8243; _module_preset=\u00bbdefault\u00bb][et_pb_column type=\u00bb1_2&#8243; _builder_version=\u00bb4.6.1&#8243; _module_preset=\u00bbdefault\u00bb][et_pb_button button_url=\u00bbhttps:\/\/www.salesianos.edu\/wp-content\/uploads\/2020\/09\/SMX_Poster-AGUINALDO-2021_caste-scaled.jpg\u00bb url_new_window=\u00bbon\u00bb button_text=\u00bbDescarga el p\u00f3ster en alta calidad\u00bb button_alignment=\u00bbcenter\u00bb _builder_version=\u00bb4.6.1&#8243; custom_button=\u00bbon\u00bb button_text_size=\u00bb16px\u00bb button_text_color=\u00bb#ffffff\u00bb button_bg_color=\u00bb#dc001b\u00bb button_border_radius=\u00bb26px\u00bb][\/et_pb_button][\/et_pb_column][et_pb_column type=\u00bb1_2&#8243; _builder_version=\u00bb4.6.1&#8243; _module_preset=\u00bbdefault\u00bb][et_pb_button button_url=\u00bbhttps:\/\/www.salesianos.edu\/aguinaldo-2021-nos-mueve-la-esperanza-quiero-hacer-nuevas-todas-las-cosas\/\u00bb url_new_window=\u00bbon\u00bb button_text=\u00bbPresentaci\u00f3n del Aguinaldo 2021&#8243; button_alignment=\u00bbcenter\u00bb _builder_version=\u00bb4.6.1&#8243; custom_button=\u00bbon\u00bb button_text_size=\u00bb16px\u00bb button_text_color=\u00bb#ffffff\u00bb button_bg_color=\u00bb#dc001b\u00bb button_border_radius=\u00bb26px\u00bb][\/et_pb_button][\/et_pb_column][\/et_pb_row][\/et_pb_section]<\/p>\n","protected":false},"excerpt":{"rendered":"<p>\u00abMovidos por la esperanza: \u201cEh aqu\u00ed, yo hago nuevas todas las cosas\u201d (Ap 21,5)\u00bb<\/p>\n","protected":false},"author":12,"featured_media":8891,"comment_status":"open","ping_status":"open","sticky":false,"template":"","format":"standard","meta":{"_et_pb_use_builder":"on","_et_pb_old_content":"","_et_gb_content_width":"","footnotes":""},"categories":[53,47,38,46,15],"tags":[],"class_list":["post-8890","post","type-post","status-publish","format-standard","has-post-thumbnail","hentry","category-adma","category-aguinaldo","category-congregacion","category-curso20-21","category-portada"],"yoast_head":"<!-- This site is optimized with the Yoast SEO plugin v27.5 - https:\/\/yoast.com\/product\/yoast-seo-wordpress\/ -->\n<title>Sale el p\u00f3ster del Aguinaldo 2021 - Familia Salesiana<\/title>\n<meta name=\"robots\" content=\"index, follow, max-snippet:-1, max-image-preview:large, max-video-preview:-1\" \/>\n<link rel=\"canonical\" href=\"https:\/\/www.salesianos.edu\/familiasalesiana\/sale-el-poster-del-aguinaldo-2021\/\" \/>\n<meta property=\"og:locale\" content=\"es_ES\" \/>\n<meta property=\"og:type\" content=\"article\" \/>\n<meta property=\"og:title\" content=\"Sale el p\u00f3ster del Aguinaldo 2021 - Familia Salesiana\" \/>\n<meta property=\"og:description\" content=\"\u00abMovidos por la esperanza: \u201cEh aqu\u00ed, yo hago nuevas todas las cosas\u201d (Ap 21,5)\u00bb\" \/>\n<meta property=\"og:url\" content=\"https:\/\/www.salesianos.edu\/familiasalesiana\/sale-el-poster-del-aguinaldo-2021\/\" \/>\n<meta property=\"og:site_name\" content=\"Familia Salesiana\" \/>\n<meta property=\"article:published_time\" content=\"2020-09-28T23:01:48+00:00\" \/>\n<meta property=\"article:modified_time\" content=\"2021-03-03T12:41:36+00:00\" \/>\n<meta property=\"og:image\" content=\"https:\/\/www.salesianos.edu\/familiasalesiana\/wp-content\/uploads\/sites\/5\/2020\/10\/SMX_Poster-AGUINALDO-2021_caste-scaled.jpg\" \/>\n\t<meta property=\"og:image:width\" content=\"2560\" \/>\n\t<meta property=\"og:image:height\" content=\"1787\" \/>\n\t<meta property=\"og:image:type\" content=\"image\/jpeg\" \/>\n<meta name=\"author\" content=\"joseluisgarciamoscoso\" \/>\n<meta name=\"twitter:card\" content=\"summary_large_image\" \/>\n<meta name=\"twitter:label1\" content=\"Escrito por\" \/>\n\t<meta name=\"twitter:data1\" content=\"joseluisgarciamoscoso\" \/>\n\t<meta name=\"twitter:label2\" content=\"Tiempo de lectura\" \/>\n\t<meta name=\"twitter:data2\" content=\"3 minutos\" \/>\n<script type=\"application\/ld+json\" class=\"yoast-schema-graph\">{\"@context\":\"https:\\\/\\\/schema.org\",\"@graph\":[{\"@type\":\"Article\",\"@id\":\"https:\\\/\\\/www.salesianos.edu\\\/familiasalesiana\\\/sale-el-poster-del-aguinaldo-2021\\\/#article\",\"isPartOf\":{\"@id\":\"https:\\\/\\\/www.salesianos.edu\\\/familiasalesiana\\\/sale-el-poster-del-aguinaldo-2021\\\/\"},\"author\":{\"name\":\"joseluisgarciamoscoso\",\"@id\":\"http:\\\/\\\/www.salesianos.edu\\\/familiasalesiana\\\/#\\\/schema\\\/person\\\/a1d72ee5373cce7347fb2993ba9f47d6\"},\"headline\":\"Sale el p\u00f3ster del Aguinaldo 2021\",\"datePublished\":\"2020-09-28T23:01:48+00:00\",\"dateModified\":\"2021-03-03T12:41:36+00:00\",\"mainEntityOfPage\":{\"@id\":\"https:\\\/\\\/www.salesianos.edu\\\/familiasalesiana\\\/sale-el-poster-del-aguinaldo-2021\\\/\"},\"wordCount\":694,\"commentCount\":0,\"image\":{\"@id\":\"https:\\\/\\\/www.salesianos.edu\\\/familiasalesiana\\\/sale-el-poster-del-aguinaldo-2021\\\/#primaryimage\"},\"thumbnailUrl\":\"https:\\\/\\\/www.salesianos.edu\\\/familiasalesiana\\\/wp-content\\\/uploads\\\/sites\\\/5\\\/2020\\\/10\\\/SMX_Poster-AGUINALDO-2021_caste-scaled.jpg\",\"articleSection\":[\"ADMA\",\"Aguinaldo\",\"Congregaci\u00f3n\",\"Curso20-21\",\"portada\"],\"inLanguage\":\"es\",\"potentialAction\":[{\"@type\":\"CommentAction\",\"name\":\"Comment\",\"target\":[\"https:\\\/\\\/www.salesianos.edu\\\/familiasalesiana\\\/sale-el-poster-del-aguinaldo-2021\\\/#respond\"]}]},{\"@type\":\"WebPage\",\"@id\":\"https:\\\/\\\/www.salesianos.edu\\\/familiasalesiana\\\/sale-el-poster-del-aguinaldo-2021\\\/\",\"url\":\"https:\\\/\\\/www.salesianos.edu\\\/familiasalesiana\\\/sale-el-poster-del-aguinaldo-2021\\\/\",\"name\":\"Sale el p\u00f3ster del Aguinaldo 2021 - Familia Salesiana\",\"isPartOf\":{\"@id\":\"http:\\\/\\\/www.salesianos.edu\\\/familiasalesiana\\\/#website\"},\"primaryImageOfPage\":{\"@id\":\"https:\\\/\\\/www.salesianos.edu\\\/familiasalesiana\\\/sale-el-poster-del-aguinaldo-2021\\\/#primaryimage\"},\"image\":{\"@id\":\"https:\\\/\\\/www.salesianos.edu\\\/familiasalesiana\\\/sale-el-poster-del-aguinaldo-2021\\\/#primaryimage\"},\"thumbnailUrl\":\"https:\\\/\\\/www.salesianos.edu\\\/familiasalesiana\\\/wp-content\\\/uploads\\\/sites\\\/5\\\/2020\\\/10\\\/SMX_Poster-AGUINALDO-2021_caste-scaled.jpg\",\"datePublished\":\"2020-09-28T23:01:48+00:00\",\"dateModified\":\"2021-03-03T12:41:36+00:00\",\"author\":{\"@id\":\"http:\\\/\\\/www.salesianos.edu\\\/familiasalesiana\\\/#\\\/schema\\\/person\\\/a1d72ee5373cce7347fb2993ba9f47d6\"},\"breadcrumb\":{\"@id\":\"https:\\\/\\\/www.salesianos.edu\\\/familiasalesiana\\\/sale-el-poster-del-aguinaldo-2021\\\/#breadcrumb\"},\"inLanguage\":\"es\",\"potentialAction\":[{\"@type\":\"ReadAction\",\"target\":[\"https:\\\/\\\/www.salesianos.edu\\\/familiasalesiana\\\/sale-el-poster-del-aguinaldo-2021\\\/\"]}]},{\"@type\":\"ImageObject\",\"inLanguage\":\"es\",\"@id\":\"https:\\\/\\\/www.salesianos.edu\\\/familiasalesiana\\\/sale-el-poster-del-aguinaldo-2021\\\/#primaryimage\",\"url\":\"https:\\\/\\\/www.salesianos.edu\\\/familiasalesiana\\\/wp-content\\\/uploads\\\/sites\\\/5\\\/2020\\\/10\\\/SMX_Poster-AGUINALDO-2021_caste-scaled.jpg\",\"contentUrl\":\"https:\\\/\\\/www.salesianos.edu\\\/familiasalesiana\\\/wp-content\\\/uploads\\\/sites\\\/5\\\/2020\\\/10\\\/SMX_Poster-AGUINALDO-2021_caste-scaled.jpg\",\"width\":2560,\"height\":1787},{\"@type\":\"BreadcrumbList\",\"@id\":\"https:\\\/\\\/www.salesianos.edu\\\/familiasalesiana\\\/sale-el-poster-del-aguinaldo-2021\\\/#breadcrumb\",\"itemListElement\":[{\"@type\":\"ListItem\",\"position\":1,\"name\":\"Portada\",\"item\":\"http:\\\/\\\/www.salesianos.edu\\\/familiasalesiana\\\/\"},{\"@type\":\"ListItem\",\"position\":2,\"name\":\"Sale el p\u00f3ster del Aguinaldo 2021\"}]},{\"@type\":\"WebSite\",\"@id\":\"http:\\\/\\\/www.salesianos.edu\\\/familiasalesiana\\\/#website\",\"url\":\"http:\\\/\\\/www.salesianos.edu\\\/familiasalesiana\\\/\",\"name\":\"Familia Salesiana\",\"description\":\"P\u00e1gina oficial de Inspector\u00eda Salesiana Mar\u00eda Auxiliadora\",\"potentialAction\":[{\"@type\":\"SearchAction\",\"target\":{\"@type\":\"EntryPoint\",\"urlTemplate\":\"http:\\\/\\\/www.salesianos.edu\\\/familiasalesiana\\\/?s={search_term_string}\"},\"query-input\":{\"@type\":\"PropertyValueSpecification\",\"valueRequired\":true,\"valueName\":\"search_term_string\"}}],\"inLanguage\":\"es\"},{\"@type\":\"Person\",\"@id\":\"http:\\\/\\\/www.salesianos.edu\\\/familiasalesiana\\\/#\\\/schema\\\/person\\\/a1d72ee5373cce7347fb2993ba9f47d6\",\"name\":\"joseluisgarciamoscoso\",\"image\":{\"@type\":\"ImageObject\",\"inLanguage\":\"es\",\"@id\":\"https:\\\/\\\/secure.gravatar.com\\\/avatar\\\/3fda3a0b2db3bc9a39871e47cbd526b42d6c3b74755b7ae1400a87b2913fea6a?s=96&d=mm&r=g\",\"url\":\"https:\\\/\\\/secure.gravatar.com\\\/avatar\\\/3fda3a0b2db3bc9a39871e47cbd526b42d6c3b74755b7ae1400a87b2913fea6a?s=96&d=mm&r=g\",\"contentUrl\":\"https:\\\/\\\/secure.gravatar.com\\\/avatar\\\/3fda3a0b2db3bc9a39871e47cbd526b42d6c3b74755b7ae1400a87b2913fea6a?s=96&d=mm&r=g\",\"caption\":\"joseluisgarciamoscoso\"}}]}<\/script>\n<!-- \/ Yoast SEO plugin. -->","yoast_head_json":{"title":"Sale el p\u00f3ster del Aguinaldo 2021 - Familia Salesiana","robots":{"index":"index","follow":"follow","max-snippet":"max-snippet:-1","max-image-preview":"max-image-preview:large","max-video-preview":"max-video-preview:-1"},"canonical":"https:\/\/www.salesianos.edu\/familiasalesiana\/sale-el-poster-del-aguinaldo-2021\/","og_locale":"es_ES","og_type":"article","og_title":"Sale el p\u00f3ster del Aguinaldo 2021 - Familia Salesiana","og_description":"\u00abMovidos por la esperanza: \u201cEh aqu\u00ed, yo hago nuevas todas las cosas\u201d (Ap 21,5)\u00bb","og_url":"https:\/\/www.salesianos.edu\/familiasalesiana\/sale-el-poster-del-aguinaldo-2021\/","og_site_name":"Familia Salesiana","article_published_time":"2020-09-28T23:01:48+00:00","article_modified_time":"2021-03-03T12:41:36+00:00","og_image":[{"width":2560,"height":1787,"url":"https:\/\/www.salesianos.edu\/familiasalesiana\/wp-content\/uploads\/sites\/5\/2020\/10\/SMX_Poster-AGUINALDO-2021_caste-scaled.jpg","type":"image\/jpeg"}],"author":"joseluisgarciamoscoso","twitter_card":"summary_large_image","twitter_misc":{"Escrito por":"joseluisgarciamoscoso","Tiempo de lectura":"3 minutos"},"schema":{"@context":"https:\/\/schema.org","@graph":[{"@type":"Article","@id":"https:\/\/www.salesianos.edu\/familiasalesiana\/sale-el-poster-del-aguinaldo-2021\/#article","isPartOf":{"@id":"https:\/\/www.salesianos.edu\/familiasalesiana\/sale-el-poster-del-aguinaldo-2021\/"},"author":{"name":"joseluisgarciamoscoso","@id":"http:\/\/www.salesianos.edu\/familiasalesiana\/#\/schema\/person\/a1d72ee5373cce7347fb2993ba9f47d6"},"headline":"Sale el p\u00f3ster del Aguinaldo 2021","datePublished":"2020-09-28T23:01:48+00:00","dateModified":"2021-03-03T12:41:36+00:00","mainEntityOfPage":{"@id":"https:\/\/www.salesianos.edu\/familiasalesiana\/sale-el-poster-del-aguinaldo-2021\/"},"wordCount":694,"commentCount":0,"image":{"@id":"https:\/\/www.salesianos.edu\/familiasalesiana\/sale-el-poster-del-aguinaldo-2021\/#primaryimage"},"thumbnailUrl":"https:\/\/www.salesianos.edu\/familiasalesiana\/wp-content\/uploads\/sites\/5\/2020\/10\/SMX_Poster-AGUINALDO-2021_caste-scaled.jpg","articleSection":["ADMA","Aguinaldo","Congregaci\u00f3n","Curso20-21","portada"],"inLanguage":"es","potentialAction":[{"@type":"CommentAction","name":"Comment","target":["https:\/\/www.salesianos.edu\/familiasalesiana\/sale-el-poster-del-aguinaldo-2021\/#respond"]}]},{"@type":"WebPage","@id":"https:\/\/www.salesianos.edu\/familiasalesiana\/sale-el-poster-del-aguinaldo-2021\/","url":"https:\/\/www.salesianos.edu\/familiasalesiana\/sale-el-poster-del-aguinaldo-2021\/","name":"Sale el p\u00f3ster del Aguinaldo 2021 - Familia Salesiana","isPartOf":{"@id":"http:\/\/www.salesianos.edu\/familiasalesiana\/#website"},"primaryImageOfPage":{"@id":"https:\/\/www.salesianos.edu\/familiasalesiana\/sale-el-poster-del-aguinaldo-2021\/#primaryimage"},"image":{"@id":"https:\/\/www.salesianos.edu\/familiasalesiana\/sale-el-poster-del-aguinaldo-2021\/#primaryimage"},"thumbnailUrl":"https:\/\/www.salesianos.edu\/familiasalesiana\/wp-content\/uploads\/sites\/5\/2020\/10\/SMX_Poster-AGUINALDO-2021_caste-scaled.jpg","datePublished":"2020-09-28T23:01:48+00:00","dateModified":"2021-03-03T12:41:36+00:00","author":{"@id":"http:\/\/www.salesianos.edu\/familiasalesiana\/#\/schema\/person\/a1d72ee5373cce7347fb2993ba9f47d6"},"breadcrumb":{"@id":"https:\/\/www.salesianos.edu\/familiasalesiana\/sale-el-poster-del-aguinaldo-2021\/#breadcrumb"},"inLanguage":"es","potentialAction":[{"@type":"ReadAction","target":["https:\/\/www.salesianos.edu\/familiasalesiana\/sale-el-poster-del-aguinaldo-2021\/"]}]},{"@type":"ImageObject","inLanguage":"es","@id":"https:\/\/www.salesianos.edu\/familiasalesiana\/sale-el-poster-del-aguinaldo-2021\/#primaryimage","url":"https:\/\/www.salesianos.edu\/familiasalesiana\/wp-content\/uploads\/sites\/5\/2020\/10\/SMX_Poster-AGUINALDO-2021_caste-scaled.jpg","contentUrl":"https:\/\/www.salesianos.edu\/familiasalesiana\/wp-content\/uploads\/sites\/5\/2020\/10\/SMX_Poster-AGUINALDO-2021_caste-scaled.jpg","width":2560,"height":1787},{"@type":"BreadcrumbList","@id":"https:\/\/www.salesianos.edu\/familiasalesiana\/sale-el-poster-del-aguinaldo-2021\/#breadcrumb","itemListElement":[{"@type":"ListItem","position":1,"name":"Portada","item":"http:\/\/www.salesianos.edu\/familiasalesiana\/"},{"@type":"ListItem","position":2,"name":"Sale el p\u00f3ster del Aguinaldo 2021"}]},{"@type":"WebSite","@id":"http:\/\/www.salesianos.edu\/familiasalesiana\/#website","url":"http:\/\/www.salesianos.edu\/familiasalesiana\/","name":"Familia Salesiana","description":"P\u00e1gina oficial de Inspector\u00eda Salesiana Mar\u00eda Auxiliadora","potentialAction":[{"@type":"SearchAction","target":{"@type":"EntryPoint","urlTemplate":"http:\/\/www.salesianos.edu\/familiasalesiana\/?s={search_term_string}"},"query-input":{"@type":"PropertyValueSpecification","valueRequired":true,"valueName":"search_term_string"}}],"inLanguage":"es"},{"@type":"Person","@id":"http:\/\/www.salesianos.edu\/familiasalesiana\/#\/schema\/person\/a1d72ee5373cce7347fb2993ba9f47d6","name":"joseluisgarciamoscoso","image":{"@type":"ImageObject","inLanguage":"es","@id":"https:\/\/secure.gravatar.com\/avatar\/3fda3a0b2db3bc9a39871e47cbd526b42d6c3b74755b7ae1400a87b2913fea6a?s=96&d=mm&r=g","url":"https:\/\/secure.gravatar.com\/avatar\/3fda3a0b2db3bc9a39871e47cbd526b42d6c3b74755b7ae1400a87b2913fea6a?s=96&d=mm&r=g","contentUrl":"https:\/\/secure.gravatar.com\/avatar\/3fda3a0b2db3bc9a39871e47cbd526b42d6c3b74755b7ae1400a87b2913fea6a?s=96&d=mm&r=g","caption":"joseluisgarciamoscoso"}}]}},"_links":{"self":[{"href":"https:\/\/www.salesianos.edu\/familiasalesiana\/wp-json\/wp\/v2\/posts\/8890","targetHints":{"allow":["GET"]}}],"collection":[{"href":"https:\/\/www.salesianos.edu\/familiasalesiana\/wp-json\/wp\/v2\/posts"}],"about":[{"href":"https:\/\/www.salesianos.edu\/familiasalesiana\/wp-json\/wp\/v2\/types\/post"}],"author":[{"embeddable":true,"href":"https:\/\/www.salesianos.edu\/familiasalesiana\/wp-json\/wp\/v2\/users\/12"}],"replies":[{"embeddable":true,"href":"https:\/\/www.salesianos.edu\/familiasalesiana\/wp-json\/wp\/v2\/comments?post=8890"}],"version-history":[{"count":1,"href":"https:\/\/www.salesianos.edu\/familiasalesiana\/wp-json\/wp\/v2\/posts\/8890\/revisions"}],"predecessor-version":[{"id":9390,"href":"https:\/\/www.salesianos.edu\/familiasalesiana\/wp-json\/wp\/v2\/posts\/8890\/revisions\/9390"}],"wp:featuredmedia":[{"embeddable":true,"href":"https:\/\/www.salesianos.edu\/familiasalesiana\/wp-json\/wp\/v2\/media\/8891"}],"wp:attachment":[{"href":"https:\/\/www.salesianos.edu\/familiasalesiana\/wp-json\/wp\/v2\/media?parent=8890"}],"wp:term":[{"taxonomy":"category","embeddable":true,"href":"https:\/\/www.salesianos.edu\/familiasalesiana\/wp-json\/wp\/v2\/categories?post=8890"},{"taxonomy":"post_tag","embeddable":true,"href":"https:\/\/www.salesianos.edu\/familiasalesiana\/wp-json\/wp\/v2\/tags?post=8890"}],"curies":[{"name":"wp","href":"https:\/\/api.w.org\/{rel}","templated":true}]}}