{"id":8888,"date":"2020-10-01T20:32:34","date_gmt":"2020-10-01T19:32:34","guid":{"rendered":"http:\/\/www.salesianos.edu\/familiasalesiana\/todo-listo-para-una-nueva-edicion-del-encuentro-de-consejos-locales-de-familia-salesiana-de-sevilla\/"},"modified":"2020-10-01T20:32:34","modified_gmt":"2020-10-01T19:32:34","slug":"todo-listo-para-una-nueva-edicion-del-encuentro-de-consejos-locales-de-familia-salesiana-de-sevilla","status":"publish","type":"post","link":"https:\/\/www.salesianos.edu\/familiasalesiana\/todo-listo-para-una-nueva-edicion-del-encuentro-de-consejos-locales-de-familia-salesiana-de-sevilla\/","title":{"rendered":"Todo listo para una nueva edici\u00f3n del encuentro de Consejos Locales de Familia Salesiana de Sevilla"},"content":{"rendered":"<div id=\"fb-root\"><\/div>\n<p>[et_pb_section fb_built=\u00bb1&#8243; admin_label=\u00bbsection\u00bb _builder_version=\u00bb3.22&#8243;][et_pb_row admin_label=\u00bbrow\u00bb _builder_version=\u00bb3.25&#8243; background_size=\u00bbinitial\u00bb background_position=\u00bbtop_left\u00bb background_repeat=\u00bbrepeat\u00bb column_structure=\u00bb2_5,3_5&#8243;][et_pb_column type=\u00bb2_5&#8243; _builder_version=\u00bb3.25&#8243; custom_padding=\u00bb|||\u00bb custom_padding__hover=\u00bb|||\u00bb][et_pb_image _builder_version=\u00bb4.6.1&#8243; _module_preset=\u00bbdefault\u00bb title_text=\u00bbCartelEncuentroFASA\u00bb src=\u00bbhttps:\/\/www.salesianos.edu\/wp-content\/uploads\/2020\/10\/CartelEncuentroFASA.jpeg\u00bb hover_enabled=\u00bb0&#8243; sticky_enabled=\u00bb0&#8243;][\/et_pb_image][\/et_pb_column][et_pb_column type=\u00bb3_5&#8243; _builder_version=\u00bb3.25&#8243; custom_padding=\u00bb|||\u00bb custom_padding__hover=\u00bb|||\u00bb][et_pb_text _builder_version=\u00bb4.6.1&#8243;]<\/p>\n<div>\n<p>El pr\u00f3ximo <strong>s\u00e1bado 3 de octubre<\/strong> tendr\u00e1 lugar el <strong>encuentro de los Consejos Locales de la Familia Salesiana de Andaluc\u00eda, Extremadura y Canarias,<\/strong> momento que simboliza el inicio del curso en el que los distintos grupos se congregan para empezar unidos, rezando y avivando el carisma recibido.<\/p>\n<\/div>\n<div><\/div>\n<div>\n<p>Esta edici\u00f3n, con motivo de la situaci\u00f3n sanitaria provocada por la Covid19, apostar\u00e1 por el formato on line tras las cinco ediciones presenciales anteriores. El cambio de formato no impedir\u00e1 que se comparta una jornada de encuentro, comuni\u00f3n, fraternidad y familia.<\/p>\n<\/div>\n<div>\n<p>Tras la eucarist\u00eda de las 10:00 se lanzar\u00e1 el programa RADIOFASA como una forma creativa de lanzar el curso pastoral de la Familia Salesiana para este curso tan especial que comienza. \u00abDesde primeros de septiembre ha arrancado un nuevo Consejo de Familia Salesiana y este encuentro on line servir\u00e1 de forma din\u00e1mica para presentarlo y darlo a conocer a los consejos locales de Familia Salesiana y a quienes quieran conectarse ya que ser\u00e1 un programa en abierto\u00bb, comparten desde la organizaci\u00f3n.<\/p>\n<\/div>\n<div><\/div>\n<div>\n<p>Desde las 11:15, momento en el que arrancar\u00e1 la sinton\u00eda del programa con el himno &#8216;Somos Uno&#8217; se pondr\u00e1 en marcha un amplio abanico de contenidos en\u00a0el que se\u00a0entrevistar\u00e1 al nuevo delegado, don Luis Fernando \u00c1lvarez, para dar paso a conexiones con diferentes localidades para presentar los distintos grupos.<\/p>\n<\/div>\n<div><\/div>\n<div>\n<p>Una jornada para vivir un momento como familia salesiana que se lanza a compartir los v\u00ednculos de unidad y seguir construyendo el sentido de pertenencia.<\/p>\n<\/div>\n<p>[\/et_pb_text][\/et_pb_column][\/et_pb_row][et_pb_row column_structure=\u00bb1_2,1_2&#8243; _builder_version=\u00bb4.6.1&#8243; _module_preset=\u00bbdefault\u00bb min_height=\u00bb103px\u00bb custom_margin=\u00bb-34px|auto||auto||\u00bb][et_pb_column type=\u00bb1_2&#8243; _builder_version=\u00bb4.6.1&#8243; _module_preset=\u00bbdefault\u00bb][et_pb_button button_url=\u00bbhttp:\/\/youtube.com\/salesianostrinidadsev\u00bb url_new_window=\u00bbon\u00bb button_text=\u00bbDesde las 10:00 puedes celebrar la eucarist\u00eda en el siguiente\u00bb button_alignment=\u00bbcenter\u00bb _builder_version=\u00bb4.6.1&#8243; custom_button=\u00bbon\u00bb button_text_size=\u00bb16px\u00bb button_text_color=\u00bb#ffffff\u00bb button_bg_color=\u00bb#dc001b\u00bb button_border_radius=\u00bb26px\u00bb][\/et_pb_button][\/et_pb_column][et_pb_column type=\u00bb1_2&#8243; _builder_version=\u00bb4.6.1&#8243; _module_preset=\u00bbdefault\u00bb][et_pb_button button_url=\u00bbhttp:\/\/meet.google.com\/bys-cvyr-xpo\u00bb url_new_window=\u00bbon\u00bb button_text=\u00bbDisfrutar del programa RadioFASA\u00bb button_alignment=\u00bbcenter\u00bb _builder_version=\u00bb4.6.1&#8243; custom_button=\u00bbon\u00bb button_text_size=\u00bb16px\u00bb button_text_color=\u00bb#ffffff\u00bb button_bg_color=\u00bb#dc001b\u00bb button_border_radius=\u00bb26px\u00bb][\/et_pb_button][\/et_pb_column][\/et_pb_row][\/et_pb_section]<\/p>\n","protected":false},"excerpt":{"rendered":"<p>El pr\u00f3ximo s\u00e1bado 3 de octubre tendr\u00e1 lugar el encuentro de los Consejos Locales de la Familia Salesiana de Andaluc\u00eda, Extremadura y Canarias, momento que simboliza el inicio del curso en el que los distintos grupos se congregan para empezar unidos, rezando y avivando el carisma recibido.<\/p>\n","protected":false},"author":12,"featured_media":8889,"comment_status":"open","ping_status":"open","sticky":false,"template":"","format":"standard","meta":{"_et_pb_use_builder":"on","_et_pb_old_content":"","_et_gb_content_width":"","footnotes":""},"categories":[46,27,15],"tags":[],"class_list":["post-8888","post","type-post","status-publish","format-standard","has-post-thumbnail","hentry","category-curso20-21","category-fasa","category-portada"],"yoast_head":"<!-- This site is optimized with the Yoast SEO plugin v27.5 - https:\/\/yoast.com\/product\/yoast-seo-wordpress\/ -->\n<title>Todo listo para una nueva edici\u00f3n del encuentro de Consejos Locales de Familia Salesiana de Sevilla - Familia Salesiana<\/title>\n<meta name=\"robots\" content=\"index, follow, max-snippet:-1, max-image-preview:large, max-video-preview:-1\" \/>\n<link rel=\"canonical\" href=\"https:\/\/www.salesianos.edu\/familiasalesiana\/todo-listo-para-una-nueva-edicion-del-encuentro-de-consejos-locales-de-familia-salesiana-de-sevilla\/\" \/>\n<meta property=\"og:locale\" content=\"es_ES\" \/>\n<meta property=\"og:type\" content=\"article\" \/>\n<meta property=\"og:title\" content=\"Todo listo para una nueva edici\u00f3n del encuentro de Consejos Locales de Familia Salesiana de Sevilla - Familia Salesiana\" \/>\n<meta property=\"og:description\" content=\"El pr\u00f3ximo s\u00e1bado 3 de octubre tendr\u00e1 lugar el encuentro de los Consejos Locales de la Familia Salesiana de Andaluc\u00eda, Extremadura y Canarias, momento que simboliza el inicio del curso en el que los distintos grupos se congregan para empezar unidos, rezando y avivando el carisma recibido.\" \/>\n<meta property=\"og:url\" content=\"https:\/\/www.salesianos.edu\/familiasalesiana\/todo-listo-para-una-nueva-edicion-del-encuentro-de-consejos-locales-de-familia-salesiana-de-sevilla\/\" \/>\n<meta property=\"og:site_name\" content=\"Familia Salesiana\" \/>\n<meta property=\"article:published_time\" content=\"2020-10-01T19:32:34+00:00\" \/>\n<meta property=\"og:image\" content=\"https:\/\/www.salesianos.edu\/familiasalesiana\/wp-content\/uploads\/sites\/5\/2020\/10\/SomosFASA-scaled.jpg\" \/>\n\t<meta property=\"og:image:width\" content=\"2560\" \/>\n\t<meta property=\"og:image:height\" content=\"1233\" \/>\n\t<meta property=\"og:image:type\" content=\"image\/jpeg\" \/>\n<meta name=\"author\" content=\"joseluisgarciamoscoso\" \/>\n<meta name=\"twitter:card\" content=\"summary_large_image\" \/>\n<meta name=\"twitter:label1\" content=\"Escrito por\" \/>\n\t<meta name=\"twitter:data1\" content=\"joseluisgarciamoscoso\" \/>\n\t<meta name=\"twitter:label2\" content=\"Tiempo de lectura\" \/>\n\t<meta name=\"twitter:data2\" content=\"2 minutos\" \/>\n<script type=\"application\/ld+json\" class=\"yoast-schema-graph\">{\"@context\":\"https:\\\/\\\/schema.org\",\"@graph\":[{\"@type\":\"Article\",\"@id\":\"https:\\\/\\\/www.salesianos.edu\\\/familiasalesiana\\\/todo-listo-para-una-nueva-edicion-del-encuentro-de-consejos-locales-de-familia-salesiana-de-sevilla\\\/#article\",\"isPartOf\":{\"@id\":\"https:\\\/\\\/www.salesianos.edu\\\/familiasalesiana\\\/todo-listo-para-una-nueva-edicion-del-encuentro-de-consejos-locales-de-familia-salesiana-de-sevilla\\\/\"},\"author\":{\"name\":\"joseluisgarciamoscoso\",\"@id\":\"http:\\\/\\\/www.salesianos.edu\\\/familiasalesiana\\\/#\\\/schema\\\/person\\\/a1d72ee5373cce7347fb2993ba9f47d6\"},\"headline\":\"Todo listo para una nueva edici\u00f3n del encuentro de Consejos Locales de Familia Salesiana de Sevilla\",\"datePublished\":\"2020-10-01T19:32:34+00:00\",\"mainEntityOfPage\":{\"@id\":\"https:\\\/\\\/www.salesianos.edu\\\/familiasalesiana\\\/todo-listo-para-una-nueva-edicion-del-encuentro-de-consejos-locales-de-familia-salesiana-de-sevilla\\\/\"},\"wordCount\":516,\"commentCount\":0,\"image\":{\"@id\":\"https:\\\/\\\/www.salesianos.edu\\\/familiasalesiana\\\/todo-listo-para-una-nueva-edicion-del-encuentro-de-consejos-locales-de-familia-salesiana-de-sevilla\\\/#primaryimage\"},\"thumbnailUrl\":\"https:\\\/\\\/www.salesianos.edu\\\/familiasalesiana\\\/wp-content\\\/uploads\\\/sites\\\/5\\\/2020\\\/10\\\/SomosFASA-scaled.jpg\",\"articleSection\":[\"Curso20-21\",\"Familia Salesiana\",\"portada\"],\"inLanguage\":\"es\",\"potentialAction\":[{\"@type\":\"CommentAction\",\"name\":\"Comment\",\"target\":[\"https:\\\/\\\/www.salesianos.edu\\\/familiasalesiana\\\/todo-listo-para-una-nueva-edicion-del-encuentro-de-consejos-locales-de-familia-salesiana-de-sevilla\\\/#respond\"]}]},{\"@type\":\"WebPage\",\"@id\":\"https:\\\/\\\/www.salesianos.edu\\\/familiasalesiana\\\/todo-listo-para-una-nueva-edicion-del-encuentro-de-consejos-locales-de-familia-salesiana-de-sevilla\\\/\",\"url\":\"https:\\\/\\\/www.salesianos.edu\\\/familiasalesiana\\\/todo-listo-para-una-nueva-edicion-del-encuentro-de-consejos-locales-de-familia-salesiana-de-sevilla\\\/\",\"name\":\"Todo listo para una nueva edici\u00f3n del encuentro de Consejos Locales de Familia Salesiana de Sevilla - Familia Salesiana\",\"isPartOf\":{\"@id\":\"http:\\\/\\\/www.salesianos.edu\\\/familiasalesiana\\\/#website\"},\"primaryImageOfPage\":{\"@id\":\"https:\\\/\\\/www.salesianos.edu\\\/familiasalesiana\\\/todo-listo-para-una-nueva-edicion-del-encuentro-de-consejos-locales-de-familia-salesiana-de-sevilla\\\/#primaryimage\"},\"image\":{\"@id\":\"https:\\\/\\\/www.salesianos.edu\\\/familiasalesiana\\\/todo-listo-para-una-nueva-edicion-del-encuentro-de-consejos-locales-de-familia-salesiana-de-sevilla\\\/#primaryimage\"},\"thumbnailUrl\":\"https:\\\/\\\/www.salesianos.edu\\\/familiasalesiana\\\/wp-content\\\/uploads\\\/sites\\\/5\\\/2020\\\/10\\\/SomosFASA-scaled.jpg\",\"datePublished\":\"2020-10-01T19:32:34+00:00\",\"author\":{\"@id\":\"http:\\\/\\\/www.salesianos.edu\\\/familiasalesiana\\\/#\\\/schema\\\/person\\\/a1d72ee5373cce7347fb2993ba9f47d6\"},\"breadcrumb\":{\"@id\":\"https:\\\/\\\/www.salesianos.edu\\\/familiasalesiana\\\/todo-listo-para-una-nueva-edicion-del-encuentro-de-consejos-locales-de-familia-salesiana-de-sevilla\\\/#breadcrumb\"},\"inLanguage\":\"es\",\"potentialAction\":[{\"@type\":\"ReadAction\",\"target\":[\"https:\\\/\\\/www.salesianos.edu\\\/familiasalesiana\\\/todo-listo-para-una-nueva-edicion-del-encuentro-de-consejos-locales-de-familia-salesiana-de-sevilla\\\/\"]}]},{\"@type\":\"ImageObject\",\"inLanguage\":\"es\",\"@id\":\"https:\\\/\\\/www.salesianos.edu\\\/familiasalesiana\\\/todo-listo-para-una-nueva-edicion-del-encuentro-de-consejos-locales-de-familia-salesiana-de-sevilla\\\/#primaryimage\",\"url\":\"https:\\\/\\\/www.salesianos.edu\\\/familiasalesiana\\\/wp-content\\\/uploads\\\/sites\\\/5\\\/2020\\\/10\\\/SomosFASA-scaled.jpg\",\"contentUrl\":\"https:\\\/\\\/www.salesianos.edu\\\/familiasalesiana\\\/wp-content\\\/uploads\\\/sites\\\/5\\\/2020\\\/10\\\/SomosFASA-scaled.jpg\",\"width\":2560,\"height\":1233},{\"@type\":\"BreadcrumbList\",\"@id\":\"https:\\\/\\\/www.salesianos.edu\\\/familiasalesiana\\\/todo-listo-para-una-nueva-edicion-del-encuentro-de-consejos-locales-de-familia-salesiana-de-sevilla\\\/#breadcrumb\",\"itemListElement\":[{\"@type\":\"ListItem\",\"position\":1,\"name\":\"Portada\",\"item\":\"http:\\\/\\\/www.salesianos.edu\\\/familiasalesiana\\\/\"},{\"@type\":\"ListItem\",\"position\":2,\"name\":\"Todo listo para una nueva edici\u00f3n del encuentro de Consejos Locales de Familia Salesiana de Sevilla\"}]},{\"@type\":\"WebSite\",\"@id\":\"http:\\\/\\\/www.salesianos.edu\\\/familiasalesiana\\\/#website\",\"url\":\"http:\\\/\\\/www.salesianos.edu\\\/familiasalesiana\\\/\",\"name\":\"Familia Salesiana\",\"description\":\"P\u00e1gina oficial de Inspector\u00eda Salesiana Mar\u00eda Auxiliadora\",\"potentialAction\":[{\"@type\":\"SearchAction\",\"target\":{\"@type\":\"EntryPoint\",\"urlTemplate\":\"http:\\\/\\\/www.salesianos.edu\\\/familiasalesiana\\\/?s={search_term_string}\"},\"query-input\":{\"@type\":\"PropertyValueSpecification\",\"valueRequired\":true,\"valueName\":\"search_term_string\"}}],\"inLanguage\":\"es\"},{\"@type\":\"Person\",\"@id\":\"http:\\\/\\\/www.salesianos.edu\\\/familiasalesiana\\\/#\\\/schema\\\/person\\\/a1d72ee5373cce7347fb2993ba9f47d6\",\"name\":\"joseluisgarciamoscoso\",\"image\":{\"@type\":\"ImageObject\",\"inLanguage\":\"es\",\"@id\":\"https:\\\/\\\/secure.gravatar.com\\\/avatar\\\/3fda3a0b2db3bc9a39871e47cbd526b42d6c3b74755b7ae1400a87b2913fea6a?s=96&d=mm&r=g\",\"url\":\"https:\\\/\\\/secure.gravatar.com\\\/avatar\\\/3fda3a0b2db3bc9a39871e47cbd526b42d6c3b74755b7ae1400a87b2913fea6a?s=96&d=mm&r=g\",\"contentUrl\":\"https:\\\/\\\/secure.gravatar.com\\\/avatar\\\/3fda3a0b2db3bc9a39871e47cbd526b42d6c3b74755b7ae1400a87b2913fea6a?s=96&d=mm&r=g\",\"caption\":\"joseluisgarciamoscoso\"}}]}<\/script>\n<!-- \/ Yoast SEO plugin. -->","yoast_head_json":{"title":"Todo listo para una nueva edici\u00f3n del encuentro de Consejos Locales de Familia Salesiana de Sevilla - Familia Salesiana","robots":{"index":"index","follow":"follow","max-snippet":"max-snippet:-1","max-image-preview":"max-image-preview:large","max-video-preview":"max-video-preview:-1"},"canonical":"https:\/\/www.salesianos.edu\/familiasalesiana\/todo-listo-para-una-nueva-edicion-del-encuentro-de-consejos-locales-de-familia-salesiana-de-sevilla\/","og_locale":"es_ES","og_type":"article","og_title":"Todo listo para una nueva edici\u00f3n del encuentro de Consejos Locales de Familia Salesiana de Sevilla - Familia Salesiana","og_description":"El pr\u00f3ximo s\u00e1bado 3 de octubre tendr\u00e1 lugar el encuentro de los Consejos Locales de la Familia Salesiana de Andaluc\u00eda, Extremadura y Canarias, momento que simboliza el inicio del curso en el que los distintos grupos se congregan para empezar unidos, rezando y avivando el carisma recibido.","og_url":"https:\/\/www.salesianos.edu\/familiasalesiana\/todo-listo-para-una-nueva-edicion-del-encuentro-de-consejos-locales-de-familia-salesiana-de-sevilla\/","og_site_name":"Familia Salesiana","article_published_time":"2020-10-01T19:32:34+00:00","og_image":[{"width":2560,"height":1233,"url":"https:\/\/www.salesianos.edu\/familiasalesiana\/wp-content\/uploads\/sites\/5\/2020\/10\/SomosFASA-scaled.jpg","type":"image\/jpeg"}],"author":"joseluisgarciamoscoso","twitter_card":"summary_large_image","twitter_misc":{"Escrito por":"joseluisgarciamoscoso","Tiempo de lectura":"2 minutos"},"schema":{"@context":"https:\/\/schema.org","@graph":[{"@type":"Article","@id":"https:\/\/www.salesianos.edu\/familiasalesiana\/todo-listo-para-una-nueva-edicion-del-encuentro-de-consejos-locales-de-familia-salesiana-de-sevilla\/#article","isPartOf":{"@id":"https:\/\/www.salesianos.edu\/familiasalesiana\/todo-listo-para-una-nueva-edicion-del-encuentro-de-consejos-locales-de-familia-salesiana-de-sevilla\/"},"author":{"name":"joseluisgarciamoscoso","@id":"http:\/\/www.salesianos.edu\/familiasalesiana\/#\/schema\/person\/a1d72ee5373cce7347fb2993ba9f47d6"},"headline":"Todo listo para una nueva edici\u00f3n del encuentro de Consejos Locales de Familia Salesiana de Sevilla","datePublished":"2020-10-01T19:32:34+00:00","mainEntityOfPage":{"@id":"https:\/\/www.salesianos.edu\/familiasalesiana\/todo-listo-para-una-nueva-edicion-del-encuentro-de-consejos-locales-de-familia-salesiana-de-sevilla\/"},"wordCount":516,"commentCount":0,"image":{"@id":"https:\/\/www.salesianos.edu\/familiasalesiana\/todo-listo-para-una-nueva-edicion-del-encuentro-de-consejos-locales-de-familia-salesiana-de-sevilla\/#primaryimage"},"thumbnailUrl":"https:\/\/www.salesianos.edu\/familiasalesiana\/wp-content\/uploads\/sites\/5\/2020\/10\/SomosFASA-scaled.jpg","articleSection":["Curso20-21","Familia Salesiana","portada"],"inLanguage":"es","potentialAction":[{"@type":"CommentAction","name":"Comment","target":["https:\/\/www.salesianos.edu\/familiasalesiana\/todo-listo-para-una-nueva-edicion-del-encuentro-de-consejos-locales-de-familia-salesiana-de-sevilla\/#respond"]}]},{"@type":"WebPage","@id":"https:\/\/www.salesianos.edu\/familiasalesiana\/todo-listo-para-una-nueva-edicion-del-encuentro-de-consejos-locales-de-familia-salesiana-de-sevilla\/","url":"https:\/\/www.salesianos.edu\/familiasalesiana\/todo-listo-para-una-nueva-edicion-del-encuentro-de-consejos-locales-de-familia-salesiana-de-sevilla\/","name":"Todo listo para una nueva edici\u00f3n del encuentro de Consejos Locales de Familia Salesiana de Sevilla - Familia Salesiana","isPartOf":{"@id":"http:\/\/www.salesianos.edu\/familiasalesiana\/#website"},"primaryImageOfPage":{"@id":"https:\/\/www.salesianos.edu\/familiasalesiana\/todo-listo-para-una-nueva-edicion-del-encuentro-de-consejos-locales-de-familia-salesiana-de-sevilla\/#primaryimage"},"image":{"@id":"https:\/\/www.salesianos.edu\/familiasalesiana\/todo-listo-para-una-nueva-edicion-del-encuentro-de-consejos-locales-de-familia-salesiana-de-sevilla\/#primaryimage"},"thumbnailUrl":"https:\/\/www.salesianos.edu\/familiasalesiana\/wp-content\/uploads\/sites\/5\/2020\/10\/SomosFASA-scaled.jpg","datePublished":"2020-10-01T19:32:34+00:00","author":{"@id":"http:\/\/www.salesianos.edu\/familiasalesiana\/#\/schema\/person\/a1d72ee5373cce7347fb2993ba9f47d6"},"breadcrumb":{"@id":"https:\/\/www.salesianos.edu\/familiasalesiana\/todo-listo-para-una-nueva-edicion-del-encuentro-de-consejos-locales-de-familia-salesiana-de-sevilla\/#breadcrumb"},"inLanguage":"es","potentialAction":[{"@type":"ReadAction","target":["https:\/\/www.salesianos.edu\/familiasalesiana\/todo-listo-para-una-nueva-edicion-del-encuentro-de-consejos-locales-de-familia-salesiana-de-sevilla\/"]}]},{"@type":"ImageObject","inLanguage":"es","@id":"https:\/\/www.salesianos.edu\/familiasalesiana\/todo-listo-para-una-nueva-edicion-del-encuentro-de-consejos-locales-de-familia-salesiana-de-sevilla\/#primaryimage","url":"https:\/\/www.salesianos.edu\/familiasalesiana\/wp-content\/uploads\/sites\/5\/2020\/10\/SomosFASA-scaled.jpg","contentUrl":"https:\/\/www.salesianos.edu\/familiasalesiana\/wp-content\/uploads\/sites\/5\/2020\/10\/SomosFASA-scaled.jpg","width":2560,"height":1233},{"@type":"BreadcrumbList","@id":"https:\/\/www.salesianos.edu\/familiasalesiana\/todo-listo-para-una-nueva-edicion-del-encuentro-de-consejos-locales-de-familia-salesiana-de-sevilla\/#breadcrumb","itemListElement":[{"@type":"ListItem","position":1,"name":"Portada","item":"http:\/\/www.salesianos.edu\/familiasalesiana\/"},{"@type":"ListItem","position":2,"name":"Todo listo para una nueva edici\u00f3n del encuentro de Consejos Locales de Familia Salesiana de Sevilla"}]},{"@type":"WebSite","@id":"http:\/\/www.salesianos.edu\/familiasalesiana\/#website","url":"http:\/\/www.salesianos.edu\/familiasalesiana\/","name":"Familia Salesiana","description":"P\u00e1gina oficial de Inspector\u00eda Salesiana Mar\u00eda Auxiliadora","potentialAction":[{"@type":"SearchAction","target":{"@type":"EntryPoint","urlTemplate":"http:\/\/www.salesianos.edu\/familiasalesiana\/?s={search_term_string}"},"query-input":{"@type":"PropertyValueSpecification","valueRequired":true,"valueName":"search_term_string"}}],"inLanguage":"es"},{"@type":"Person","@id":"http:\/\/www.salesianos.edu\/familiasalesiana\/#\/schema\/person\/a1d72ee5373cce7347fb2993ba9f47d6","name":"joseluisgarciamoscoso","image":{"@type":"ImageObject","inLanguage":"es","@id":"https:\/\/secure.gravatar.com\/avatar\/3fda3a0b2db3bc9a39871e47cbd526b42d6c3b74755b7ae1400a87b2913fea6a?s=96&d=mm&r=g","url":"https:\/\/secure.gravatar.com\/avatar\/3fda3a0b2db3bc9a39871e47cbd526b42d6c3b74755b7ae1400a87b2913fea6a?s=96&d=mm&r=g","contentUrl":"https:\/\/secure.gravatar.com\/avatar\/3fda3a0b2db3bc9a39871e47cbd526b42d6c3b74755b7ae1400a87b2913fea6a?s=96&d=mm&r=g","caption":"joseluisgarciamoscoso"}}]}},"_links":{"self":[{"href":"https:\/\/www.salesianos.edu\/familiasalesiana\/wp-json\/wp\/v2\/posts\/8888","targetHints":{"allow":["GET"]}}],"collection":[{"href":"https:\/\/www.salesianos.edu\/familiasalesiana\/wp-json\/wp\/v2\/posts"}],"about":[{"href":"https:\/\/www.salesianos.edu\/familiasalesiana\/wp-json\/wp\/v2\/types\/post"}],"author":[{"embeddable":true,"href":"https:\/\/www.salesianos.edu\/familiasalesiana\/wp-json\/wp\/v2\/users\/12"}],"replies":[{"embeddable":true,"href":"https:\/\/www.salesianos.edu\/familiasalesiana\/wp-json\/wp\/v2\/comments?post=8888"}],"version-history":[{"count":0,"href":"https:\/\/www.salesianos.edu\/familiasalesiana\/wp-json\/wp\/v2\/posts\/8888\/revisions"}],"wp:featuredmedia":[{"embeddable":true,"href":"https:\/\/www.salesianos.edu\/familiasalesiana\/wp-json\/wp\/v2\/media\/8889"}],"wp:attachment":[{"href":"https:\/\/www.salesianos.edu\/familiasalesiana\/wp-json\/wp\/v2\/media?parent=8888"}],"wp:term":[{"taxonomy":"category","embeddable":true,"href":"https:\/\/www.salesianos.edu\/familiasalesiana\/wp-json\/wp\/v2\/categories?post=8888"},{"taxonomy":"post_tag","embeddable":true,"href":"https:\/\/www.salesianos.edu\/familiasalesiana\/wp-json\/wp\/v2\/tags?post=8888"}],"curies":[{"name":"wp","href":"https:\/\/api.w.org\/{rel}","templated":true}]}}