{"id":8884,"date":"2020-07-17T11:43:55","date_gmt":"2020-07-17T10:43:55","guid":{"rendered":"http:\/\/www.salesianos.edu\/familiasalesiana\/?p=8884"},"modified":"2021-03-03T13:41:09","modified_gmt":"2021-03-03T12:41:09","slug":"siempre-alegres-unas-mascarillas-solidarias-desde-el-corazon-de-la-familia-salesiana","status":"publish","type":"post","link":"https:\/\/www.salesianos.edu\/familiasalesiana\/siempre-alegres-unas-mascarillas-solidarias-desde-el-corazon-de-la-familia-salesiana\/","title":{"rendered":"&#8216;Siempre Alegres&#8217;, unas mascarillas solidarias desde el coraz\u00f3n de la Familia Salesiana"},"content":{"rendered":"<div id=\"fb-root\"><\/div>\n<p>[et_pb_section fb_built=\u00bb1&#8243; admin_label=\u00bbsection\u00bb _builder_version=\u00bb3.22&#8243;][et_pb_row admin_label=\u00bbrow\u00bb _builder_version=\u00bb3.25&#8243; background_size=\u00bbinitial\u00bb background_position=\u00bbtop_left\u00bb background_repeat=\u00bbrepeat\u00bb][et_pb_column type=\u00bb4_4&#8243; _builder_version=\u00bb3.25&#8243; custom_padding=\u00bb|||\u00bb custom_padding__hover=\u00bb|||\u00bb][et_pb_text _builder_version=\u00bb4.5.0&#8243;]<\/p>\n<div dir=\"ltr\">\n<p>La <a href=\"http:\/\/www.cooperadores-pma.org\">Provincia Mar\u00eda Auxiliadora de los Salesianos Cooperadores<\/a> celebraba el pasado mes de mayo su XV Asamblea Provincial. Fue una cita online obligada por el periodo de\u00a0confinamiento, pero coincidiendo con el 144 cumplea\u00f1os de la Asociaci\u00f3n de Salesianos Cooperadores.<\/p>\n<\/div>\n<div dir=\"ltr\"><\/div>\n<div>\n<p>En este foro nac\u00eda un proyecto con el que se miraba de forma comprometida al contexto en el que la Familia Salesiana desarrolla su labor. A partir de aportaciones simb\u00f3licas naci\u00f3\u00a0el proyecto &#8216;Mascarillas Siempre Alegres&#8217; con el que se destinaban m\u00e1s de 2000\u20ac recaudados para la elaboraci\u00f3n de m\u00e1s de 1700 mascarillas de protecci\u00f3n personalizadas con el lema que Don Bosco ense\u00f1\u00f3.<\/p>\n<\/div>\n<div><\/div>\n<div>\n<p>Estas mascarillas, encargadas al proyecto sociolaboral Suman2+ de la Fundaci\u00f3n Marcelino Champagnat en M\u00e1laga, han permitido favorecer la integraci\u00f3n de j\u00f3venes en riesgo de exclusi\u00f3n y colaborar en la protecci\u00f3n para prevenir la pandemia.<\/p>\n<\/div>\n<div><\/div>\n<div>\n<p>Estas mascarillas han sido entregadas durante las \u00faltimas semanas -seg\u00fan explica su Coordinador, Jos\u00e9 Ram\u00f3n Alcal\u00e1 \u2013 a los Salesianos y a las Hijas de Mar\u00eda Auxiliadora de todas las casas de la provincia llegando a m\u00e1s de 34 localidades. \u00abEllos son un regalo de Dios para nuestras vidas y con este gesto queremos proteger las suyas, gastadas con frecuencia en favor de los \u00a0j\u00f3venes y de la familia salesiana\u00bb.<\/p>\n<\/div>\n<div><b>\u00a0<\/b><\/div>\n<h3><b>Un proyecto cargado de gestos<\/b><\/h3>\n<div><\/div>\n<div>\n<p>Por otra parte, hace algunas semanas los Servicios Centrales de la Fundaci\u00f3n Don Bosco recibieron este regalo hecho con mucho amor y enviado los j\u00f3venes de los Pisos de Autonom\u00eda Buzzetti: un nuevo modelo de mascarillas repletas de color que permitir\u00e1n a destinatarios cuidarse a s\u00ed mismos y cuidar de los dem\u00e1s, haciendo uso de este elemento clave de protecci\u00f3n frente al COVID-19.<\/p>\n<\/div>\n<div>\n<p>\u00abMuchas gracias por un regalo \u00fanico para todos los buzzeteros y buzzeteras. A pesar de la excepcionalidad de los tiempos que estamos viviendo, gestos como estos nos hacen estar siempre alegres como quer\u00eda nuestro querido Don Bosco\u00bb, comparten desde la entidad salesiana.<\/p>\n<\/div>\n<p>[\/et_pb_text][et_pb_gallery gallery_ids=\u00bb48559,48562,48554,48560,48561,48558,48557,48556,48563,48555,48553&#8243; show_title_and_caption=\u00bboff\u00bb show_pagination=\u00bboff\u00bb zoom_icon_color=\u00bb#dc001b\u00bb hover_overlay_color=\u00bbrgba(255,255,255,0.55)\u00bb hover_icon=\u00bb%%51%%\u00bb _builder_version=\u00bb4.5.0&#8243; _module_preset=\u00bbdefault\u00bb border_radii=\u00bbon|14px|14px|14px|14px\u00bb border_width_all=\u00bb3px\u00bb border_color_all=\u00bb#dc001b\u00bb][\/et_pb_gallery][\/et_pb_column][\/et_pb_row][\/et_pb_section]<\/p>\n","protected":false},"excerpt":{"rendered":"<p> Proyecto la Provincia Mar\u00eda Auxiliadora de los Salesianos Cooperadores en colaboraci\u00f3n con la Fundaci\u00f3n Marcelino Champagnat en M\u00e1laga para proteger a los Salesianos, Hijas de Mar\u00eda Auxiliadora y  j\u00f3venes de los Pisos de Autonom\u00eda Buzzetti.<\/p>\n","protected":false},"author":12,"featured_media":8885,"comment_status":"open","ping_status":"open","sticky":false,"template":"","format":"standard","meta":{"_et_pb_use_builder":"on","_et_pb_old_content":"","_et_gb_content_width":"","footnotes":""},"categories":[53,43,27],"tags":[],"class_list":["post-8884","post","type-post","status-publish","format-standard","has-post-thumbnail","hentry","category-adma","category-curso19-20","category-fasa"],"yoast_head":"<!-- This site is optimized with the Yoast SEO plugin v27.5 - https:\/\/yoast.com\/product\/yoast-seo-wordpress\/ -->\n<title>&#8216;Siempre Alegres&#8217;, unas mascarillas solidarias desde el coraz\u00f3n de la Familia Salesiana - Familia Salesiana<\/title>\n<meta name=\"robots\" content=\"index, follow, max-snippet:-1, max-image-preview:large, max-video-preview:-1\" \/>\n<link rel=\"canonical\" href=\"https:\/\/www.salesianos.edu\/familiasalesiana\/siempre-alegres-unas-mascarillas-solidarias-desde-el-corazon-de-la-familia-salesiana\/\" \/>\n<meta property=\"og:locale\" content=\"es_ES\" \/>\n<meta property=\"og:type\" content=\"article\" \/>\n<meta property=\"og:title\" content=\"&#8216;Siempre Alegres&#8217;, unas mascarillas solidarias desde el coraz\u00f3n de la Familia Salesiana - Familia Salesiana\" \/>\n<meta property=\"og:description\" content=\"Proyecto la Provincia Mar\u00eda Auxiliadora de los Salesianos Cooperadores en colaboraci\u00f3n con la Fundaci\u00f3n Marcelino Champagnat en M\u00e1laga para proteger a los Salesianos, Hijas de Mar\u00eda Auxiliadora y j\u00f3venes de los Pisos de Autonom\u00eda Buzzetti.\" \/>\n<meta property=\"og:url\" content=\"https:\/\/www.salesianos.edu\/familiasalesiana\/siempre-alegres-unas-mascarillas-solidarias-desde-el-corazon-de-la-familia-salesiana\/\" \/>\n<meta property=\"og:site_name\" content=\"Familia Salesiana\" \/>\n<meta property=\"article:published_time\" content=\"2020-07-17T10:43:55+00:00\" \/>\n<meta property=\"article:modified_time\" content=\"2021-03-03T12:41:09+00:00\" \/>\n<meta property=\"og:image\" content=\"https:\/\/www.salesianos.edu\/familiasalesiana\/wp-content\/uploads\/sites\/5\/2020\/07\/Mascarillas1EValle.jpg\" \/>\n\t<meta property=\"og:image:width\" content=\"2048\" \/>\n\t<meta property=\"og:image:height\" content=\"1152\" \/>\n\t<meta property=\"og:image:type\" content=\"image\/jpeg\" \/>\n<meta name=\"author\" content=\"joseluisgarciamoscoso\" \/>\n<meta name=\"twitter:card\" content=\"summary_large_image\" \/>\n<meta name=\"twitter:label1\" content=\"Escrito por\" \/>\n\t<meta name=\"twitter:data1\" content=\"joseluisgarciamoscoso\" \/>\n\t<meta name=\"twitter:label2\" content=\"Tiempo de lectura\" \/>\n\t<meta name=\"twitter:data2\" content=\"2 minutos\" \/>\n<script type=\"application\/ld+json\" class=\"yoast-schema-graph\">{\"@context\":\"https:\\\/\\\/schema.org\",\"@graph\":[{\"@type\":\"Article\",\"@id\":\"https:\\\/\\\/www.salesianos.edu\\\/familiasalesiana\\\/siempre-alegres-unas-mascarillas-solidarias-desde-el-corazon-de-la-familia-salesiana\\\/#article\",\"isPartOf\":{\"@id\":\"https:\\\/\\\/www.salesianos.edu\\\/familiasalesiana\\\/siempre-alegres-unas-mascarillas-solidarias-desde-el-corazon-de-la-familia-salesiana\\\/\"},\"author\":{\"name\":\"joseluisgarciamoscoso\",\"@id\":\"http:\\\/\\\/www.salesianos.edu\\\/familiasalesiana\\\/#\\\/schema\\\/person\\\/a1d72ee5373cce7347fb2993ba9f47d6\"},\"headline\":\"&#8216;Siempre Alegres&#8217;, unas mascarillas solidarias desde el coraz\u00f3n de la Familia Salesiana\",\"datePublished\":\"2020-07-17T10:43:55+00:00\",\"dateModified\":\"2021-03-03T12:41:09+00:00\",\"mainEntityOfPage\":{\"@id\":\"https:\\\/\\\/www.salesianos.edu\\\/familiasalesiana\\\/siempre-alegres-unas-mascarillas-solidarias-desde-el-corazon-de-la-familia-salesiana\\\/\"},\"wordCount\":456,\"commentCount\":0,\"image\":{\"@id\":\"https:\\\/\\\/www.salesianos.edu\\\/familiasalesiana\\\/siempre-alegres-unas-mascarillas-solidarias-desde-el-corazon-de-la-familia-salesiana\\\/#primaryimage\"},\"thumbnailUrl\":\"https:\\\/\\\/www.salesianos.edu\\\/familiasalesiana\\\/wp-content\\\/uploads\\\/sites\\\/5\\\/2020\\\/07\\\/Mascarillas1EValle.jpg\",\"articleSection\":[\"ADMA\",\"Curso19-20\",\"Familia Salesiana\"],\"inLanguage\":\"es\",\"potentialAction\":[{\"@type\":\"CommentAction\",\"name\":\"Comment\",\"target\":[\"https:\\\/\\\/www.salesianos.edu\\\/familiasalesiana\\\/siempre-alegres-unas-mascarillas-solidarias-desde-el-corazon-de-la-familia-salesiana\\\/#respond\"]}]},{\"@type\":\"WebPage\",\"@id\":\"https:\\\/\\\/www.salesianos.edu\\\/familiasalesiana\\\/siempre-alegres-unas-mascarillas-solidarias-desde-el-corazon-de-la-familia-salesiana\\\/\",\"url\":\"https:\\\/\\\/www.salesianos.edu\\\/familiasalesiana\\\/siempre-alegres-unas-mascarillas-solidarias-desde-el-corazon-de-la-familia-salesiana\\\/\",\"name\":\"&#8216;Siempre Alegres&#8217;, unas mascarillas solidarias desde el coraz\u00f3n de la Familia Salesiana - Familia Salesiana\",\"isPartOf\":{\"@id\":\"http:\\\/\\\/www.salesianos.edu\\\/familiasalesiana\\\/#website\"},\"primaryImageOfPage\":{\"@id\":\"https:\\\/\\\/www.salesianos.edu\\\/familiasalesiana\\\/siempre-alegres-unas-mascarillas-solidarias-desde-el-corazon-de-la-familia-salesiana\\\/#primaryimage\"},\"image\":{\"@id\":\"https:\\\/\\\/www.salesianos.edu\\\/familiasalesiana\\\/siempre-alegres-unas-mascarillas-solidarias-desde-el-corazon-de-la-familia-salesiana\\\/#primaryimage\"},\"thumbnailUrl\":\"https:\\\/\\\/www.salesianos.edu\\\/familiasalesiana\\\/wp-content\\\/uploads\\\/sites\\\/5\\\/2020\\\/07\\\/Mascarillas1EValle.jpg\",\"datePublished\":\"2020-07-17T10:43:55+00:00\",\"dateModified\":\"2021-03-03T12:41:09+00:00\",\"author\":{\"@id\":\"http:\\\/\\\/www.salesianos.edu\\\/familiasalesiana\\\/#\\\/schema\\\/person\\\/a1d72ee5373cce7347fb2993ba9f47d6\"},\"breadcrumb\":{\"@id\":\"https:\\\/\\\/www.salesianos.edu\\\/familiasalesiana\\\/siempre-alegres-unas-mascarillas-solidarias-desde-el-corazon-de-la-familia-salesiana\\\/#breadcrumb\"},\"inLanguage\":\"es\",\"potentialAction\":[{\"@type\":\"ReadAction\",\"target\":[\"https:\\\/\\\/www.salesianos.edu\\\/familiasalesiana\\\/siempre-alegres-unas-mascarillas-solidarias-desde-el-corazon-de-la-familia-salesiana\\\/\"]}]},{\"@type\":\"ImageObject\",\"inLanguage\":\"es\",\"@id\":\"https:\\\/\\\/www.salesianos.edu\\\/familiasalesiana\\\/siempre-alegres-unas-mascarillas-solidarias-desde-el-corazon-de-la-familia-salesiana\\\/#primaryimage\",\"url\":\"https:\\\/\\\/www.salesianos.edu\\\/familiasalesiana\\\/wp-content\\\/uploads\\\/sites\\\/5\\\/2020\\\/07\\\/Mascarillas1EValle.jpg\",\"contentUrl\":\"https:\\\/\\\/www.salesianos.edu\\\/familiasalesiana\\\/wp-content\\\/uploads\\\/sites\\\/5\\\/2020\\\/07\\\/Mascarillas1EValle.jpg\",\"width\":2048,\"height\":1152},{\"@type\":\"BreadcrumbList\",\"@id\":\"https:\\\/\\\/www.salesianos.edu\\\/familiasalesiana\\\/siempre-alegres-unas-mascarillas-solidarias-desde-el-corazon-de-la-familia-salesiana\\\/#breadcrumb\",\"itemListElement\":[{\"@type\":\"ListItem\",\"position\":1,\"name\":\"Portada\",\"item\":\"http:\\\/\\\/www.salesianos.edu\\\/familiasalesiana\\\/\"},{\"@type\":\"ListItem\",\"position\":2,\"name\":\"&#8216;Siempre Alegres&#8217;, unas mascarillas solidarias desde el coraz\u00f3n de la Familia Salesiana\"}]},{\"@type\":\"WebSite\",\"@id\":\"http:\\\/\\\/www.salesianos.edu\\\/familiasalesiana\\\/#website\",\"url\":\"http:\\\/\\\/www.salesianos.edu\\\/familiasalesiana\\\/\",\"name\":\"Familia Salesiana\",\"description\":\"P\u00e1gina oficial de Inspector\u00eda Salesiana Mar\u00eda Auxiliadora\",\"potentialAction\":[{\"@type\":\"SearchAction\",\"target\":{\"@type\":\"EntryPoint\",\"urlTemplate\":\"http:\\\/\\\/www.salesianos.edu\\\/familiasalesiana\\\/?s={search_term_string}\"},\"query-input\":{\"@type\":\"PropertyValueSpecification\",\"valueRequired\":true,\"valueName\":\"search_term_string\"}}],\"inLanguage\":\"es\"},{\"@type\":\"Person\",\"@id\":\"http:\\\/\\\/www.salesianos.edu\\\/familiasalesiana\\\/#\\\/schema\\\/person\\\/a1d72ee5373cce7347fb2993ba9f47d6\",\"name\":\"joseluisgarciamoscoso\",\"image\":{\"@type\":\"ImageObject\",\"inLanguage\":\"es\",\"@id\":\"https:\\\/\\\/secure.gravatar.com\\\/avatar\\\/3fda3a0b2db3bc9a39871e47cbd526b42d6c3b74755b7ae1400a87b2913fea6a?s=96&d=mm&r=g\",\"url\":\"https:\\\/\\\/secure.gravatar.com\\\/avatar\\\/3fda3a0b2db3bc9a39871e47cbd526b42d6c3b74755b7ae1400a87b2913fea6a?s=96&d=mm&r=g\",\"contentUrl\":\"https:\\\/\\\/secure.gravatar.com\\\/avatar\\\/3fda3a0b2db3bc9a39871e47cbd526b42d6c3b74755b7ae1400a87b2913fea6a?s=96&d=mm&r=g\",\"caption\":\"joseluisgarciamoscoso\"}}]}<\/script>\n<!-- \/ Yoast SEO plugin. -->","yoast_head_json":{"title":"&#8216;Siempre Alegres&#8217;, unas mascarillas solidarias desde el coraz\u00f3n de la Familia Salesiana - Familia Salesiana","robots":{"index":"index","follow":"follow","max-snippet":"max-snippet:-1","max-image-preview":"max-image-preview:large","max-video-preview":"max-video-preview:-1"},"canonical":"https:\/\/www.salesianos.edu\/familiasalesiana\/siempre-alegres-unas-mascarillas-solidarias-desde-el-corazon-de-la-familia-salesiana\/","og_locale":"es_ES","og_type":"article","og_title":"&#8216;Siempre Alegres&#8217;, unas mascarillas solidarias desde el coraz\u00f3n de la Familia Salesiana - Familia Salesiana","og_description":"Proyecto la Provincia Mar\u00eda Auxiliadora de los Salesianos Cooperadores en colaboraci\u00f3n con la Fundaci\u00f3n Marcelino Champagnat en M\u00e1laga para proteger a los Salesianos, Hijas de Mar\u00eda Auxiliadora y j\u00f3venes de los Pisos de Autonom\u00eda Buzzetti.","og_url":"https:\/\/www.salesianos.edu\/familiasalesiana\/siempre-alegres-unas-mascarillas-solidarias-desde-el-corazon-de-la-familia-salesiana\/","og_site_name":"Familia Salesiana","article_published_time":"2020-07-17T10:43:55+00:00","article_modified_time":"2021-03-03T12:41:09+00:00","og_image":[{"width":2048,"height":1152,"url":"https:\/\/www.salesianos.edu\/familiasalesiana\/wp-content\/uploads\/sites\/5\/2020\/07\/Mascarillas1EValle.jpg","type":"image\/jpeg"}],"author":"joseluisgarciamoscoso","twitter_card":"summary_large_image","twitter_misc":{"Escrito por":"joseluisgarciamoscoso","Tiempo de lectura":"2 minutos"},"schema":{"@context":"https:\/\/schema.org","@graph":[{"@type":"Article","@id":"https:\/\/www.salesianos.edu\/familiasalesiana\/siempre-alegres-unas-mascarillas-solidarias-desde-el-corazon-de-la-familia-salesiana\/#article","isPartOf":{"@id":"https:\/\/www.salesianos.edu\/familiasalesiana\/siempre-alegres-unas-mascarillas-solidarias-desde-el-corazon-de-la-familia-salesiana\/"},"author":{"name":"joseluisgarciamoscoso","@id":"http:\/\/www.salesianos.edu\/familiasalesiana\/#\/schema\/person\/a1d72ee5373cce7347fb2993ba9f47d6"},"headline":"&#8216;Siempre Alegres&#8217;, unas mascarillas solidarias desde el coraz\u00f3n de la Familia Salesiana","datePublished":"2020-07-17T10:43:55+00:00","dateModified":"2021-03-03T12:41:09+00:00","mainEntityOfPage":{"@id":"https:\/\/www.salesianos.edu\/familiasalesiana\/siempre-alegres-unas-mascarillas-solidarias-desde-el-corazon-de-la-familia-salesiana\/"},"wordCount":456,"commentCount":0,"image":{"@id":"https:\/\/www.salesianos.edu\/familiasalesiana\/siempre-alegres-unas-mascarillas-solidarias-desde-el-corazon-de-la-familia-salesiana\/#primaryimage"},"thumbnailUrl":"https:\/\/www.salesianos.edu\/familiasalesiana\/wp-content\/uploads\/sites\/5\/2020\/07\/Mascarillas1EValle.jpg","articleSection":["ADMA","Curso19-20","Familia Salesiana"],"inLanguage":"es","potentialAction":[{"@type":"CommentAction","name":"Comment","target":["https:\/\/www.salesianos.edu\/familiasalesiana\/siempre-alegres-unas-mascarillas-solidarias-desde-el-corazon-de-la-familia-salesiana\/#respond"]}]},{"@type":"WebPage","@id":"https:\/\/www.salesianos.edu\/familiasalesiana\/siempre-alegres-unas-mascarillas-solidarias-desde-el-corazon-de-la-familia-salesiana\/","url":"https:\/\/www.salesianos.edu\/familiasalesiana\/siempre-alegres-unas-mascarillas-solidarias-desde-el-corazon-de-la-familia-salesiana\/","name":"&#8216;Siempre Alegres&#8217;, unas mascarillas solidarias desde el coraz\u00f3n de la Familia Salesiana - Familia Salesiana","isPartOf":{"@id":"http:\/\/www.salesianos.edu\/familiasalesiana\/#website"},"primaryImageOfPage":{"@id":"https:\/\/www.salesianos.edu\/familiasalesiana\/siempre-alegres-unas-mascarillas-solidarias-desde-el-corazon-de-la-familia-salesiana\/#primaryimage"},"image":{"@id":"https:\/\/www.salesianos.edu\/familiasalesiana\/siempre-alegres-unas-mascarillas-solidarias-desde-el-corazon-de-la-familia-salesiana\/#primaryimage"},"thumbnailUrl":"https:\/\/www.salesianos.edu\/familiasalesiana\/wp-content\/uploads\/sites\/5\/2020\/07\/Mascarillas1EValle.jpg","datePublished":"2020-07-17T10:43:55+00:00","dateModified":"2021-03-03T12:41:09+00:00","author":{"@id":"http:\/\/www.salesianos.edu\/familiasalesiana\/#\/schema\/person\/a1d72ee5373cce7347fb2993ba9f47d6"},"breadcrumb":{"@id":"https:\/\/www.salesianos.edu\/familiasalesiana\/siempre-alegres-unas-mascarillas-solidarias-desde-el-corazon-de-la-familia-salesiana\/#breadcrumb"},"inLanguage":"es","potentialAction":[{"@type":"ReadAction","target":["https:\/\/www.salesianos.edu\/familiasalesiana\/siempre-alegres-unas-mascarillas-solidarias-desde-el-corazon-de-la-familia-salesiana\/"]}]},{"@type":"ImageObject","inLanguage":"es","@id":"https:\/\/www.salesianos.edu\/familiasalesiana\/siempre-alegres-unas-mascarillas-solidarias-desde-el-corazon-de-la-familia-salesiana\/#primaryimage","url":"https:\/\/www.salesianos.edu\/familiasalesiana\/wp-content\/uploads\/sites\/5\/2020\/07\/Mascarillas1EValle.jpg","contentUrl":"https:\/\/www.salesianos.edu\/familiasalesiana\/wp-content\/uploads\/sites\/5\/2020\/07\/Mascarillas1EValle.jpg","width":2048,"height":1152},{"@type":"BreadcrumbList","@id":"https:\/\/www.salesianos.edu\/familiasalesiana\/siempre-alegres-unas-mascarillas-solidarias-desde-el-corazon-de-la-familia-salesiana\/#breadcrumb","itemListElement":[{"@type":"ListItem","position":1,"name":"Portada","item":"http:\/\/www.salesianos.edu\/familiasalesiana\/"},{"@type":"ListItem","position":2,"name":"&#8216;Siempre Alegres&#8217;, unas mascarillas solidarias desde el coraz\u00f3n de la Familia Salesiana"}]},{"@type":"WebSite","@id":"http:\/\/www.salesianos.edu\/familiasalesiana\/#website","url":"http:\/\/www.salesianos.edu\/familiasalesiana\/","name":"Familia Salesiana","description":"P\u00e1gina oficial de Inspector\u00eda Salesiana Mar\u00eda Auxiliadora","potentialAction":[{"@type":"SearchAction","target":{"@type":"EntryPoint","urlTemplate":"http:\/\/www.salesianos.edu\/familiasalesiana\/?s={search_term_string}"},"query-input":{"@type":"PropertyValueSpecification","valueRequired":true,"valueName":"search_term_string"}}],"inLanguage":"es"},{"@type":"Person","@id":"http:\/\/www.salesianos.edu\/familiasalesiana\/#\/schema\/person\/a1d72ee5373cce7347fb2993ba9f47d6","name":"joseluisgarciamoscoso","image":{"@type":"ImageObject","inLanguage":"es","@id":"https:\/\/secure.gravatar.com\/avatar\/3fda3a0b2db3bc9a39871e47cbd526b42d6c3b74755b7ae1400a87b2913fea6a?s=96&d=mm&r=g","url":"https:\/\/secure.gravatar.com\/avatar\/3fda3a0b2db3bc9a39871e47cbd526b42d6c3b74755b7ae1400a87b2913fea6a?s=96&d=mm&r=g","contentUrl":"https:\/\/secure.gravatar.com\/avatar\/3fda3a0b2db3bc9a39871e47cbd526b42d6c3b74755b7ae1400a87b2913fea6a?s=96&d=mm&r=g","caption":"joseluisgarciamoscoso"}}]}},"_links":{"self":[{"href":"https:\/\/www.salesianos.edu\/familiasalesiana\/wp-json\/wp\/v2\/posts\/8884","targetHints":{"allow":["GET"]}}],"collection":[{"href":"https:\/\/www.salesianos.edu\/familiasalesiana\/wp-json\/wp\/v2\/posts"}],"about":[{"href":"https:\/\/www.salesianos.edu\/familiasalesiana\/wp-json\/wp\/v2\/types\/post"}],"author":[{"embeddable":true,"href":"https:\/\/www.salesianos.edu\/familiasalesiana\/wp-json\/wp\/v2\/users\/12"}],"replies":[{"embeddable":true,"href":"https:\/\/www.salesianos.edu\/familiasalesiana\/wp-json\/wp\/v2\/comments?post=8884"}],"version-history":[{"count":1,"href":"https:\/\/www.salesianos.edu\/familiasalesiana\/wp-json\/wp\/v2\/posts\/8884\/revisions"}],"predecessor-version":[{"id":9388,"href":"https:\/\/www.salesianos.edu\/familiasalesiana\/wp-json\/wp\/v2\/posts\/8884\/revisions\/9388"}],"wp:featuredmedia":[{"embeddable":true,"href":"https:\/\/www.salesianos.edu\/familiasalesiana\/wp-json\/wp\/v2\/media\/8885"}],"wp:attachment":[{"href":"https:\/\/www.salesianos.edu\/familiasalesiana\/wp-json\/wp\/v2\/media?parent=8884"}],"wp:term":[{"taxonomy":"category","embeddable":true,"href":"https:\/\/www.salesianos.edu\/familiasalesiana\/wp-json\/wp\/v2\/categories?post=8884"},{"taxonomy":"post_tag","embeddable":true,"href":"https:\/\/www.salesianos.edu\/familiasalesiana\/wp-json\/wp\/v2\/tags?post=8884"}],"curies":[{"name":"wp","href":"https:\/\/api.w.org\/{rel}","templated":true}]}}