{"id":8871,"date":"2020-06-05T09:54:02","date_gmt":"2020-06-05T08:54:02","guid":{"rendered":"http:\/\/www.salesianos.edu\/familiasalesiana\/el-rector-mayor-agradece-la-solidaridad-de-la-familia-salesiana\/"},"modified":"2020-06-05T09:54:02","modified_gmt":"2020-06-05T08:54:02","slug":"el-rector-mayor-agradece-la-solidaridad-de-la-familia-salesiana","status":"publish","type":"post","link":"https:\/\/www.salesianos.edu\/familiasalesiana\/el-rector-mayor-agradece-la-solidaridad-de-la-familia-salesiana\/","title":{"rendered":"El Rector Mayor agradece la solidaridad de la Familia Salesiana"},"content":{"rendered":"<div id=\"fb-root\"><\/div>\n<p>[et_pb_section fb_built=\u00bb1&#8243; _builder_version=\u00bb4.4.7&#8243;][et_pb_row _builder_version=\u00bb4.4.7&#8243;][et_pb_column type=\u00bb4_4&#8243; _builder_version=\u00bb4.4.7&#8243;][et_pb_text _builder_version=\u00bb4.4.7&#8243;]<\/p>\n<p><em>Por Familia Salesiana<\/em><\/p>\n<blockquote>\n<p><strong>\u201cS\u00e9 que esta terrible pandemia que estamos viviendo ha dejado caer tant\u00edsimos sue\u00f1os y momentos que esper\u00e1bamos. Entre ellos pensaba estar con ustedes en abril en el segundo Congreso de la Familia Salesiana, pero no ha sido posible. Lo lamento mucho<\/strong>\u00ab, de esta forma se iniciaba el v\u00eddeo mensaje que el Rector Mayor, don \u00c1ngel Fern\u00e1ndez Artime, dirigi\u00f3 a todos los miembros de la Familia Salesiana de la Inspector\u00eda salesiana Mar\u00eda Auxiliadora en el que transmit\u00eda el deseo de seguir siendo una familia viva \u00aben un tiempo donde la realidad nos interpela\u00bb.<\/p>\n<\/blockquote>\n<p>[\/et_pb_text][et_pb_video src=\u00bbhttps:\/\/youtu.be\/dxXT9cmIsLU\u00bb _builder_version=\u00bb4.4.7&#8243;][\/et_pb_video][et_pb_text _builder_version=\u00bb4.4.7&#8243;]<\/p>\n<p>El Rector Mayor record\u00f3 en este breve saludo que <span style=\"color: #ff0000\"><strong>\u00abno somos solo Familia Salesiana para estar c\u00f3modamente entre nosotros\u00bb<\/strong><\/span> y agradeci\u00f3 la oraci\u00f3n y el pensar en aquellos que m\u00e1s sufren. En este sentido, el d\u00e9cimo sucesor de Don Bosco reconoci\u00f3 el gesto solidario de la entrega de 7000 \u20ac recaudados como parte del fondo para la celebraci\u00f3n de dicho congreso que tuvo que ser suspendido a causa de la pandemia. \u00abEl gesto de caridad, fraternidad, solidaridad y de generosidad, y lo m\u00e1s importante, este sentimiento y conciencia profunda\u00a0que como Familia Salesiana ustedes tienen para seguir siendo una familia muy viva. <strong>Hoy\u00a0nuestro mundo y nuestra Iglesia nos necesita<\/strong>. Necesita de lo m\u00e1s genuino de nuestro carisma, y todos nosotros como Familia Salesiana lo brindamos\u00bb, compart\u00eda tras dar a conocer que el destino de dicho suma se dirigir\u00e1 a la Inspector\u00eda de M\u00e9xico Guadalajara para paliar las dificultades de las presencias del pa\u00eds.<\/p>\n<p>[\/et_pb_text][et_pb_video _builder_version=\u00bb4.4.7&#8243;][\/et_pb_video][\/et_pb_column][\/et_pb_row][\/et_pb_section]<\/p>\n","protected":false},"excerpt":{"rendered":"<p>Desde la Inspector\u00eda Salesiana Mar\u00eda Auxiliadora se destinan 7000 euros para colaborar con las necesidades de la Inspector\u00eda de M\u00e9xico-Guadalajara.<\/p>\n","protected":false},"author":12,"featured_media":8872,"comment_status":"open","ping_status":"open","sticky":false,"template":"","format":"standard","meta":{"_et_pb_use_builder":"on","_et_pb_old_content":"","_et_gb_content_width":"","footnotes":""},"categories":[38,43,27,15,41],"tags":[44],"class_list":["post-8871","post","type-post","status-publish","format-standard","has-post-thumbnail","hentry","category-congregacion","category-curso19-20","category-fasa","category-portada","category-rector-mayor","tag-rector-mayor-congregacion"],"yoast_head":"<!-- This site is optimized with the Yoast SEO plugin v27.5 - https:\/\/yoast.com\/product\/yoast-seo-wordpress\/ -->\n<title>El Rector Mayor agradece la solidaridad de la Familia Salesiana - Familia Salesiana<\/title>\n<meta name=\"description\" content=\"Desde la Inspector\u00eda Salesiana Mar\u00eda Auxiliadora se destinan 7000 euros para colaborar con las necesidades de la Inspector\u00eda de M\u00e9xico-Guadalajara.\" \/>\n<meta name=\"robots\" content=\"index, follow, max-snippet:-1, max-image-preview:large, max-video-preview:-1\" \/>\n<link rel=\"canonical\" href=\"https:\/\/www.salesianos.edu\/familiasalesiana\/el-rector-mayor-agradece-la-solidaridad-de-la-familia-salesiana\/\" \/>\n<meta property=\"og:locale\" content=\"es_ES\" \/>\n<meta property=\"og:type\" content=\"article\" \/>\n<meta property=\"og:title\" content=\"El Rector Mayor agradece la solidaridad de la Familia Salesiana - Familia Salesiana\" \/>\n<meta property=\"og:description\" content=\"Desde la Inspector\u00eda Salesiana Mar\u00eda Auxiliadora se destinan 7000 euros para colaborar con las necesidades de la Inspector\u00eda de M\u00e9xico-Guadalajara.\" \/>\n<meta property=\"og:url\" content=\"https:\/\/www.salesianos.edu\/familiasalesiana\/el-rector-mayor-agradece-la-solidaridad-de-la-familia-salesiana\/\" \/>\n<meta property=\"og:site_name\" content=\"Familia Salesiana\" \/>\n<meta property=\"article:published_time\" content=\"2020-06-05T08:54:02+00:00\" \/>\n<meta property=\"og:image\" content=\"https:\/\/www.salesianos.edu\/familiasalesiana\/wp-content\/uploads\/sites\/5\/2020\/06\/49740944013_531ce3463a_c.jpg\" \/>\n\t<meta property=\"og:image:width\" content=\"800\" \/>\n\t<meta property=\"og:image:height\" content=\"418\" \/>\n\t<meta property=\"og:image:type\" content=\"image\/jpeg\" \/>\n<meta name=\"author\" content=\"joseluisgarciamoscoso\" \/>\n<meta name=\"twitter:card\" content=\"summary_large_image\" \/>\n<meta name=\"twitter:label1\" content=\"Escrito por\" \/>\n\t<meta name=\"twitter:data1\" content=\"joseluisgarciamoscoso\" \/>\n\t<meta name=\"twitter:label2\" content=\"Tiempo de lectura\" \/>\n\t<meta name=\"twitter:data2\" content=\"2 minutos\" \/>\n<script type=\"application\/ld+json\" class=\"yoast-schema-graph\">{\"@context\":\"https:\\\/\\\/schema.org\",\"@graph\":[{\"@type\":\"Article\",\"@id\":\"https:\\\/\\\/www.salesianos.edu\\\/familiasalesiana\\\/el-rector-mayor-agradece-la-solidaridad-de-la-familia-salesiana\\\/#article\",\"isPartOf\":{\"@id\":\"https:\\\/\\\/www.salesianos.edu\\\/familiasalesiana\\\/el-rector-mayor-agradece-la-solidaridad-de-la-familia-salesiana\\\/\"},\"author\":{\"name\":\"joseluisgarciamoscoso\",\"@id\":\"http:\\\/\\\/www.salesianos.edu\\\/familiasalesiana\\\/#\\\/schema\\\/person\\\/a1d72ee5373cce7347fb2993ba9f47d6\"},\"headline\":\"El Rector Mayor agradece la solidaridad de la Familia Salesiana\",\"datePublished\":\"2020-06-05T08:54:02+00:00\",\"mainEntityOfPage\":{\"@id\":\"https:\\\/\\\/www.salesianos.edu\\\/familiasalesiana\\\/el-rector-mayor-agradece-la-solidaridad-de-la-familia-salesiana\\\/\"},\"wordCount\":341,\"commentCount\":0,\"image\":{\"@id\":\"https:\\\/\\\/www.salesianos.edu\\\/familiasalesiana\\\/el-rector-mayor-agradece-la-solidaridad-de-la-familia-salesiana\\\/#primaryimage\"},\"thumbnailUrl\":\"https:\\\/\\\/www.salesianos.edu\\\/familiasalesiana\\\/wp-content\\\/uploads\\\/sites\\\/5\\\/2020\\\/06\\\/49740944013_531ce3463a_c.jpg\",\"keywords\":[\"RECTOR MAYOR CONGREGACION\"],\"articleSection\":[\"Congregaci\u00f3n\",\"Curso19-20\",\"Familia Salesiana\",\"portada\",\"Rector Mayor\"],\"inLanguage\":\"es\",\"potentialAction\":[{\"@type\":\"CommentAction\",\"name\":\"Comment\",\"target\":[\"https:\\\/\\\/www.salesianos.edu\\\/familiasalesiana\\\/el-rector-mayor-agradece-la-solidaridad-de-la-familia-salesiana\\\/#respond\"]}]},{\"@type\":\"WebPage\",\"@id\":\"https:\\\/\\\/www.salesianos.edu\\\/familiasalesiana\\\/el-rector-mayor-agradece-la-solidaridad-de-la-familia-salesiana\\\/\",\"url\":\"https:\\\/\\\/www.salesianos.edu\\\/familiasalesiana\\\/el-rector-mayor-agradece-la-solidaridad-de-la-familia-salesiana\\\/\",\"name\":\"El Rector Mayor agradece la solidaridad de la Familia Salesiana - Familia Salesiana\",\"isPartOf\":{\"@id\":\"http:\\\/\\\/www.salesianos.edu\\\/familiasalesiana\\\/#website\"},\"primaryImageOfPage\":{\"@id\":\"https:\\\/\\\/www.salesianos.edu\\\/familiasalesiana\\\/el-rector-mayor-agradece-la-solidaridad-de-la-familia-salesiana\\\/#primaryimage\"},\"image\":{\"@id\":\"https:\\\/\\\/www.salesianos.edu\\\/familiasalesiana\\\/el-rector-mayor-agradece-la-solidaridad-de-la-familia-salesiana\\\/#primaryimage\"},\"thumbnailUrl\":\"https:\\\/\\\/www.salesianos.edu\\\/familiasalesiana\\\/wp-content\\\/uploads\\\/sites\\\/5\\\/2020\\\/06\\\/49740944013_531ce3463a_c.jpg\",\"datePublished\":\"2020-06-05T08:54:02+00:00\",\"author\":{\"@id\":\"http:\\\/\\\/www.salesianos.edu\\\/familiasalesiana\\\/#\\\/schema\\\/person\\\/a1d72ee5373cce7347fb2993ba9f47d6\"},\"description\":\"Desde la Inspector\u00eda Salesiana Mar\u00eda Auxiliadora se destinan 7000 euros para colaborar con las necesidades de la Inspector\u00eda de M\u00e9xico-Guadalajara.\",\"breadcrumb\":{\"@id\":\"https:\\\/\\\/www.salesianos.edu\\\/familiasalesiana\\\/el-rector-mayor-agradece-la-solidaridad-de-la-familia-salesiana\\\/#breadcrumb\"},\"inLanguage\":\"es\",\"potentialAction\":[{\"@type\":\"ReadAction\",\"target\":[\"https:\\\/\\\/www.salesianos.edu\\\/familiasalesiana\\\/el-rector-mayor-agradece-la-solidaridad-de-la-familia-salesiana\\\/\"]}]},{\"@type\":\"ImageObject\",\"inLanguage\":\"es\",\"@id\":\"https:\\\/\\\/www.salesianos.edu\\\/familiasalesiana\\\/el-rector-mayor-agradece-la-solidaridad-de-la-familia-salesiana\\\/#primaryimage\",\"url\":\"https:\\\/\\\/www.salesianos.edu\\\/familiasalesiana\\\/wp-content\\\/uploads\\\/sites\\\/5\\\/2020\\\/06\\\/49740944013_531ce3463a_c.jpg\",\"contentUrl\":\"https:\\\/\\\/www.salesianos.edu\\\/familiasalesiana\\\/wp-content\\\/uploads\\\/sites\\\/5\\\/2020\\\/06\\\/49740944013_531ce3463a_c.jpg\",\"width\":800,\"height\":418},{\"@type\":\"BreadcrumbList\",\"@id\":\"https:\\\/\\\/www.salesianos.edu\\\/familiasalesiana\\\/el-rector-mayor-agradece-la-solidaridad-de-la-familia-salesiana\\\/#breadcrumb\",\"itemListElement\":[{\"@type\":\"ListItem\",\"position\":1,\"name\":\"Portada\",\"item\":\"http:\\\/\\\/www.salesianos.edu\\\/familiasalesiana\\\/\"},{\"@type\":\"ListItem\",\"position\":2,\"name\":\"El Rector Mayor agradece la solidaridad de la Familia Salesiana\"}]},{\"@type\":\"WebSite\",\"@id\":\"http:\\\/\\\/www.salesianos.edu\\\/familiasalesiana\\\/#website\",\"url\":\"http:\\\/\\\/www.salesianos.edu\\\/familiasalesiana\\\/\",\"name\":\"Familia Salesiana\",\"description\":\"P\u00e1gina oficial de Inspector\u00eda Salesiana Mar\u00eda Auxiliadora\",\"potentialAction\":[{\"@type\":\"SearchAction\",\"target\":{\"@type\":\"EntryPoint\",\"urlTemplate\":\"http:\\\/\\\/www.salesianos.edu\\\/familiasalesiana\\\/?s={search_term_string}\"},\"query-input\":{\"@type\":\"PropertyValueSpecification\",\"valueRequired\":true,\"valueName\":\"search_term_string\"}}],\"inLanguage\":\"es\"},{\"@type\":\"Person\",\"@id\":\"http:\\\/\\\/www.salesianos.edu\\\/familiasalesiana\\\/#\\\/schema\\\/person\\\/a1d72ee5373cce7347fb2993ba9f47d6\",\"name\":\"joseluisgarciamoscoso\",\"image\":{\"@type\":\"ImageObject\",\"inLanguage\":\"es\",\"@id\":\"https:\\\/\\\/secure.gravatar.com\\\/avatar\\\/3fda3a0b2db3bc9a39871e47cbd526b42d6c3b74755b7ae1400a87b2913fea6a?s=96&d=mm&r=g\",\"url\":\"https:\\\/\\\/secure.gravatar.com\\\/avatar\\\/3fda3a0b2db3bc9a39871e47cbd526b42d6c3b74755b7ae1400a87b2913fea6a?s=96&d=mm&r=g\",\"contentUrl\":\"https:\\\/\\\/secure.gravatar.com\\\/avatar\\\/3fda3a0b2db3bc9a39871e47cbd526b42d6c3b74755b7ae1400a87b2913fea6a?s=96&d=mm&r=g\",\"caption\":\"joseluisgarciamoscoso\"}}]}<\/script>\n<!-- \/ Yoast SEO plugin. -->","yoast_head_json":{"title":"El Rector Mayor agradece la solidaridad de la Familia Salesiana - Familia Salesiana","description":"Desde la Inspector\u00eda Salesiana Mar\u00eda Auxiliadora se destinan 7000 euros para colaborar con las necesidades de la Inspector\u00eda de M\u00e9xico-Guadalajara.","robots":{"index":"index","follow":"follow","max-snippet":"max-snippet:-1","max-image-preview":"max-image-preview:large","max-video-preview":"max-video-preview:-1"},"canonical":"https:\/\/www.salesianos.edu\/familiasalesiana\/el-rector-mayor-agradece-la-solidaridad-de-la-familia-salesiana\/","og_locale":"es_ES","og_type":"article","og_title":"El Rector Mayor agradece la solidaridad de la Familia Salesiana - Familia Salesiana","og_description":"Desde la Inspector\u00eda Salesiana Mar\u00eda Auxiliadora se destinan 7000 euros para colaborar con las necesidades de la Inspector\u00eda de M\u00e9xico-Guadalajara.","og_url":"https:\/\/www.salesianos.edu\/familiasalesiana\/el-rector-mayor-agradece-la-solidaridad-de-la-familia-salesiana\/","og_site_name":"Familia Salesiana","article_published_time":"2020-06-05T08:54:02+00:00","og_image":[{"width":800,"height":418,"url":"https:\/\/www.salesianos.edu\/familiasalesiana\/wp-content\/uploads\/sites\/5\/2020\/06\/49740944013_531ce3463a_c.jpg","type":"image\/jpeg"}],"author":"joseluisgarciamoscoso","twitter_card":"summary_large_image","twitter_misc":{"Escrito por":"joseluisgarciamoscoso","Tiempo de lectura":"2 minutos"},"schema":{"@context":"https:\/\/schema.org","@graph":[{"@type":"Article","@id":"https:\/\/www.salesianos.edu\/familiasalesiana\/el-rector-mayor-agradece-la-solidaridad-de-la-familia-salesiana\/#article","isPartOf":{"@id":"https:\/\/www.salesianos.edu\/familiasalesiana\/el-rector-mayor-agradece-la-solidaridad-de-la-familia-salesiana\/"},"author":{"name":"joseluisgarciamoscoso","@id":"http:\/\/www.salesianos.edu\/familiasalesiana\/#\/schema\/person\/a1d72ee5373cce7347fb2993ba9f47d6"},"headline":"El Rector Mayor agradece la solidaridad de la Familia Salesiana","datePublished":"2020-06-05T08:54:02+00:00","mainEntityOfPage":{"@id":"https:\/\/www.salesianos.edu\/familiasalesiana\/el-rector-mayor-agradece-la-solidaridad-de-la-familia-salesiana\/"},"wordCount":341,"commentCount":0,"image":{"@id":"https:\/\/www.salesianos.edu\/familiasalesiana\/el-rector-mayor-agradece-la-solidaridad-de-la-familia-salesiana\/#primaryimage"},"thumbnailUrl":"https:\/\/www.salesianos.edu\/familiasalesiana\/wp-content\/uploads\/sites\/5\/2020\/06\/49740944013_531ce3463a_c.jpg","keywords":["RECTOR MAYOR CONGREGACION"],"articleSection":["Congregaci\u00f3n","Curso19-20","Familia Salesiana","portada","Rector Mayor"],"inLanguage":"es","potentialAction":[{"@type":"CommentAction","name":"Comment","target":["https:\/\/www.salesianos.edu\/familiasalesiana\/el-rector-mayor-agradece-la-solidaridad-de-la-familia-salesiana\/#respond"]}]},{"@type":"WebPage","@id":"https:\/\/www.salesianos.edu\/familiasalesiana\/el-rector-mayor-agradece-la-solidaridad-de-la-familia-salesiana\/","url":"https:\/\/www.salesianos.edu\/familiasalesiana\/el-rector-mayor-agradece-la-solidaridad-de-la-familia-salesiana\/","name":"El Rector Mayor agradece la solidaridad de la Familia Salesiana - Familia Salesiana","isPartOf":{"@id":"http:\/\/www.salesianos.edu\/familiasalesiana\/#website"},"primaryImageOfPage":{"@id":"https:\/\/www.salesianos.edu\/familiasalesiana\/el-rector-mayor-agradece-la-solidaridad-de-la-familia-salesiana\/#primaryimage"},"image":{"@id":"https:\/\/www.salesianos.edu\/familiasalesiana\/el-rector-mayor-agradece-la-solidaridad-de-la-familia-salesiana\/#primaryimage"},"thumbnailUrl":"https:\/\/www.salesianos.edu\/familiasalesiana\/wp-content\/uploads\/sites\/5\/2020\/06\/49740944013_531ce3463a_c.jpg","datePublished":"2020-06-05T08:54:02+00:00","author":{"@id":"http:\/\/www.salesianos.edu\/familiasalesiana\/#\/schema\/person\/a1d72ee5373cce7347fb2993ba9f47d6"},"description":"Desde la Inspector\u00eda Salesiana Mar\u00eda Auxiliadora se destinan 7000 euros para colaborar con las necesidades de la Inspector\u00eda de M\u00e9xico-Guadalajara.","breadcrumb":{"@id":"https:\/\/www.salesianos.edu\/familiasalesiana\/el-rector-mayor-agradece-la-solidaridad-de-la-familia-salesiana\/#breadcrumb"},"inLanguage":"es","potentialAction":[{"@type":"ReadAction","target":["https:\/\/www.salesianos.edu\/familiasalesiana\/el-rector-mayor-agradece-la-solidaridad-de-la-familia-salesiana\/"]}]},{"@type":"ImageObject","inLanguage":"es","@id":"https:\/\/www.salesianos.edu\/familiasalesiana\/el-rector-mayor-agradece-la-solidaridad-de-la-familia-salesiana\/#primaryimage","url":"https:\/\/www.salesianos.edu\/familiasalesiana\/wp-content\/uploads\/sites\/5\/2020\/06\/49740944013_531ce3463a_c.jpg","contentUrl":"https:\/\/www.salesianos.edu\/familiasalesiana\/wp-content\/uploads\/sites\/5\/2020\/06\/49740944013_531ce3463a_c.jpg","width":800,"height":418},{"@type":"BreadcrumbList","@id":"https:\/\/www.salesianos.edu\/familiasalesiana\/el-rector-mayor-agradece-la-solidaridad-de-la-familia-salesiana\/#breadcrumb","itemListElement":[{"@type":"ListItem","position":1,"name":"Portada","item":"http:\/\/www.salesianos.edu\/familiasalesiana\/"},{"@type":"ListItem","position":2,"name":"El Rector Mayor agradece la solidaridad de la Familia Salesiana"}]},{"@type":"WebSite","@id":"http:\/\/www.salesianos.edu\/familiasalesiana\/#website","url":"http:\/\/www.salesianos.edu\/familiasalesiana\/","name":"Familia Salesiana","description":"P\u00e1gina oficial de Inspector\u00eda Salesiana Mar\u00eda Auxiliadora","potentialAction":[{"@type":"SearchAction","target":{"@type":"EntryPoint","urlTemplate":"http:\/\/www.salesianos.edu\/familiasalesiana\/?s={search_term_string}"},"query-input":{"@type":"PropertyValueSpecification","valueRequired":true,"valueName":"search_term_string"}}],"inLanguage":"es"},{"@type":"Person","@id":"http:\/\/www.salesianos.edu\/familiasalesiana\/#\/schema\/person\/a1d72ee5373cce7347fb2993ba9f47d6","name":"joseluisgarciamoscoso","image":{"@type":"ImageObject","inLanguage":"es","@id":"https:\/\/secure.gravatar.com\/avatar\/3fda3a0b2db3bc9a39871e47cbd526b42d6c3b74755b7ae1400a87b2913fea6a?s=96&d=mm&r=g","url":"https:\/\/secure.gravatar.com\/avatar\/3fda3a0b2db3bc9a39871e47cbd526b42d6c3b74755b7ae1400a87b2913fea6a?s=96&d=mm&r=g","contentUrl":"https:\/\/secure.gravatar.com\/avatar\/3fda3a0b2db3bc9a39871e47cbd526b42d6c3b74755b7ae1400a87b2913fea6a?s=96&d=mm&r=g","caption":"joseluisgarciamoscoso"}}]}},"_links":{"self":[{"href":"https:\/\/www.salesianos.edu\/familiasalesiana\/wp-json\/wp\/v2\/posts\/8871","targetHints":{"allow":["GET"]}}],"collection":[{"href":"https:\/\/www.salesianos.edu\/familiasalesiana\/wp-json\/wp\/v2\/posts"}],"about":[{"href":"https:\/\/www.salesianos.edu\/familiasalesiana\/wp-json\/wp\/v2\/types\/post"}],"author":[{"embeddable":true,"href":"https:\/\/www.salesianos.edu\/familiasalesiana\/wp-json\/wp\/v2\/users\/12"}],"replies":[{"embeddable":true,"href":"https:\/\/www.salesianos.edu\/familiasalesiana\/wp-json\/wp\/v2\/comments?post=8871"}],"version-history":[{"count":0,"href":"https:\/\/www.salesianos.edu\/familiasalesiana\/wp-json\/wp\/v2\/posts\/8871\/revisions"}],"wp:featuredmedia":[{"embeddable":true,"href":"https:\/\/www.salesianos.edu\/familiasalesiana\/wp-json\/wp\/v2\/media\/8872"}],"wp:attachment":[{"href":"https:\/\/www.salesianos.edu\/familiasalesiana\/wp-json\/wp\/v2\/media?parent=8871"}],"wp:term":[{"taxonomy":"category","embeddable":true,"href":"https:\/\/www.salesianos.edu\/familiasalesiana\/wp-json\/wp\/v2\/categories?post=8871"},{"taxonomy":"post_tag","embeddable":true,"href":"https:\/\/www.salesianos.edu\/familiasalesiana\/wp-json\/wp\/v2\/tags?post=8871"}],"curies":[{"name":"wp","href":"https:\/\/api.w.org\/{rel}","templated":true}]}}