{"id":8867,"date":"2020-06-05T12:34:31","date_gmt":"2020-06-05T11:34:31","guid":{"rendered":"http:\/\/www.salesianos.edu\/familiasalesiana\/el-rector-mayor-ha-dado-a-conocer-los-nuevos-delegados-para-aquellos-grupos-que-preven-la-animacion-espiritual-directa\/"},"modified":"2021-03-03T13:40:42","modified_gmt":"2021-03-03T12:40:42","slug":"el-rector-mayor-ha-dado-a-conocer-los-nuevos-delegados-para-aquellos-grupos-que-preven-la-animacion-espiritual-directa","status":"publish","type":"post","link":"https:\/\/www.salesianos.edu\/familiasalesiana\/el-rector-mayor-ha-dado-a-conocer-los-nuevos-delegados-para-aquellos-grupos-que-preven-la-animacion-espiritual-directa\/","title":{"rendered":"El salesiano Alejandro Guevara nombrado Delegado del Rector Mayor como Animador espiritual de la Asociaci\u00f3n de Mar\u00eda Auxiliadora"},"content":{"rendered":"<div id=\"fb-root\"><\/div>\n<p>[et_pb_section fb_built=\u00bb1&#8243; _builder_version=\u00bb4.4.7&#8243;][et_pb_row _builder_version=\u00bb4.4.7&#8243;][et_pb_column type=\u00bb4_4&#8243; _builder_version=\u00bb4.4.7&#8243;][et_pb_text _builder_version=\u00bb4.4.7&#8243;]<\/p>\n<blockquote>\n<p>Con un <strong>comunicado oficial<\/strong>\u00a0<span style=\"color: #ff0000\">Don \u00c1ngel Fern\u00e1ndez Artime, Rector Mayor<\/span> de la Congregaci\u00f3n Salesiana, anunci\u00f3 los nombres de los nuevos Delegados del Rector Mayor para aquellos grupos que se encargan de la animaci\u00f3n espiritual directa de los Salesianos de Don Bosco.<\/p>\n<p>A continuaci\u00f3n se muestra el texto del comunicado:<\/p>\n<\/blockquote>\n<p>[\/et_pb_text][\/et_pb_column][\/et_pb_row][et_pb_row _builder_version=\u00bb4.4.0&#8243; background_size=\u00bbinitial\u00bb background_position=\u00bbtop_left\u00bb background_repeat=\u00bbrepeat\u00bb custom_margin=\u00bb||||false|false\u00bb custom_padding=\u00bb0px||||false|false\u00bb][et_pb_column type=\u00bb4_4&#8243; _builder_version=\u00bb3.25&#8243; background_position=\u00bbtop_left\u00bb custom_padding=\u00bb|||\u00bb custom_padding__hover=\u00bb|||\u00bb][et_pb_testimonial author=\u00bb\u00c1ngel Fern\u00e1ndez Artime, SDB\u00bb job_title=\u00bbRector Mayor\u00bb portrait_url=\u00bbhttps:\/\/www.salesianos.edu\/wp-content\/uploads\/2020\/06\/2016_04_26_No_10-1.jpg\u00bb quote_icon=\u00bboff\u00bb portrait_width=\u00bb150px\u00bb portrait_height=\u00bb150px\u00bb _builder_version=\u00bb4.4.7&#8243; author_text_align=\u00bbleft\u00bb author_text_color=\u00bb#dc001b\u00bb author_font_size=\u00bb16px\u00bb position_font=\u00bb|600|||||||\u00bb position_text_color=\u00bb#636a70&#8243; company_font=\u00bb||||||||\u00bb company_text_color=\u00bb#636a70&#8243; background_color=\u00bb#ffffff\u00bb text_orientation=\u00bbjustified\u00bb custom_margin=\u00bb||30px||false|false\u00bb custom_padding=\u00bb||10px||false|false\u00bb border_radii=\u00bbon|10px|10px|10px|10px\u00bb box_shadow_style=\u00bbpreset2&#8243;]<\/p>\n<p>Estimados hermanos salesianos. Queridos miembros de la Familia Salesiana:<\/p>\n<p>Los saludo a todos con cordialidad y afecto. Despu\u00e9s de la celebraci\u00f3n de la GC28 de los Salesianos de Don Bosco, se est\u00e1n llevando a cabo de modo natural algunos cambios en los diversos servicios de animaci\u00f3n. Uno de ellos concierne a la Secretar\u00eda del Rector Mayor para la Familia Salesiana.<\/p>\n<p>En este sentido, me gustar\u00eda informar a la Familia Salesiana en el mundo sobre qui\u00e9nes ser\u00e1n los Delegados del Rector Mayor para aquellos grupos que contemplan una animaci\u00f3n espiritual directa por nuestra parte.<\/p>\n<p>Estos delegados del Rector Mayor son:<\/p>\n<ul>\n<li><a style=\"font-size: 16px\" href=\"https:\/\/www.salesianos.edu\/joan-lluis-playa-i-morera-nuevo-delegado-mundial-del-rector-mayor-para-la-familia-salesiana\/\" target=\"_blank\" rel=\"noopener noreferrer\" data-saferedirecturl=\"https:\/\/www.google.com\/url?q=https:\/\/www.salesianos.edu\/joan-lluis-playa-i-morera-nuevo-delegado-mundial-del-rector-mayor-para-la-familia-salesiana\/&amp;source=gmail&amp;ust=1591438710452000&amp;usg=AOvVaw2TzJdbraD3eZwo9Oa_OZrJ\">Don Joan Llu\u00eds Play\u00e0, Delegado del Rector Mayor para el Secretariado de la Familia Salesiana;<\/a><span style=\"font-size: 16px\"> continuar\u00e1 siendo el Asistente Eclesi\u00e1stico de las VDB (Voluntarios de Don Bosco) y de los CDB (Voluntarios con Don Bosco). Don Joan Llu\u00eds ya es muy conocido por haber trabajado en a\u00f1os anteriores en este campo. Tambi\u00e9n lo recordamos como un buen coordinador del equipo de las Jornadas Espiritualidad de la Familia Salesiana.<\/span><\/li>\n<li><strong>Don Duc (Domenico) Nam Nguyen,<\/strong> coadjutor salesiano vietnamita, ser\u00e1 <strong>el Delegado del Rector Mayor para la Asociaci\u00f3n de Cooperadores Salesianos y el Delegado del Rector Mayor para los antiguos alumnos de Don Bosco.<\/strong> Domenico conoce muy bien el contexto europeo y el contexto italiano y, naturalmente, es un punto de referencia para la cultura asi\u00e1tica. Mi intenci\u00f3n no es europeizar u occidentalizar la animaci\u00f3n de la Familia salesiana, sino hacerla m\u00e1s universal, y tambi\u00e9n ofrecer el gran valor de la vocaci\u00f3n del salesiano coadjutor en lo que le es propio, incluida la animaci\u00f3n en la Familia Salesiana, en particular dos de sus grupos compuestos principalmente por laicos.<\/li>\n<li><span style=\"color: #ff0000\"><strong>Don Alejandro Guevara,<\/strong><\/span> actualmente Delegado de la Familia Salesiana de la Provincia Mar\u00eda Auxiliadora con sede en Sevilla (Espa\u00f1a), ser\u00e1 el <span style=\"color: #ff0000\"><strong>Delegado del Rector Mayor como Animador espiritual de la Asociaci\u00f3n de Mar\u00eda Auxiliadora,<\/strong><\/span> acompa\u00f1ando en primer lugar a la ADMA PRIMARIA de Tur\u00edn y, desde ah\u00ed, a toda la Asociaci\u00f3n en el mundo salesiano.<strong><span style=\"color: #333333\"> Su lugar de vida y animaci\u00f3n ser\u00e1 justamente Valdocco y desde Valdocco.<\/span><\/strong><\/li>\n<li><strong>Don Pier Luigi Cameroni,<\/strong> <strong>Postulador General para las Causas de los Santos, tambi\u00e9n formar\u00e1 parte del equipo de la Secretar\u00eda para enriquecer a la Familia Salesiana<\/strong> con la sensibilidad y la perspectiva de la santidad salesiana a la que todos estamos llamados.<\/li>\n<\/ul>\n<p>Estoy muy agradecido a estos cuatro hermanos por la disponibilidad y generosidad con la que aceptaron estos encargos; Tambi\u00e9n agradezco a Don Eusebio Mu\u00f1oz, al Don Giuseppe Casti y a Don Raphael Jayapalan por el servicio responsable y calificado que han prestado en los \u00faltimos seis a\u00f1os a favor de nuestra Familia; y espero, y me auguro para los pr\u00f3ximos a\u00f1os, tanto la continuidad de una animaci\u00f3n viva y hermosa de toda la Familia Salesiana, como esa novedad que la Iglesia y el carisma de Don Bosco nos piden hoy.<\/p>\n<p>Con todo afecto les saluda.<\/p>\n<p>[\/et_pb_testimonial][\/et_pb_column][\/et_pb_row][\/et_pb_section]<\/p>\n","protected":false},"excerpt":{"rendered":"<p>El Rector Mayor ha dado a conocer los nuevos Delegados para aquellos grupos que prev\u00e9n la animaci\u00f3n espiritual directa. <\/p>\n","protected":false},"author":12,"featured_media":8868,"comment_status":"open","ping_status":"open","sticky":false,"template":"","format":"standard","meta":{"_et_pb_use_builder":"on","_et_pb_old_content":"","_et_gb_content_width":"","footnotes":""},"categories":[53,38,43,27,15,41],"tags":[],"class_list":["post-8867","post","type-post","status-publish","format-standard","has-post-thumbnail","hentry","category-adma","category-congregacion","category-curso19-20","category-fasa","category-portada","category-rector-mayor"],"yoast_head":"<!-- This site is optimized with the Yoast SEO plugin v27.5 - https:\/\/yoast.com\/product\/yoast-seo-wordpress\/ -->\n<title>El salesiano Alejandro Guevara nombrado Delegado del Rector Mayor como Animador espiritual de la Asociaci\u00f3n de Mar\u00eda Auxiliadora - Familia Salesiana<\/title>\n<meta name=\"robots\" content=\"index, follow, max-snippet:-1, max-image-preview:large, max-video-preview:-1\" \/>\n<link rel=\"canonical\" href=\"https:\/\/www.salesianos.edu\/familiasalesiana\/el-rector-mayor-ha-dado-a-conocer-los-nuevos-delegados-para-aquellos-grupos-que-preven-la-animacion-espiritual-directa\/\" \/>\n<meta property=\"og:locale\" content=\"es_ES\" \/>\n<meta property=\"og:type\" content=\"article\" \/>\n<meta property=\"og:title\" content=\"El salesiano Alejandro Guevara nombrado Delegado del Rector Mayor como Animador espiritual de la Asociaci\u00f3n de Mar\u00eda Auxiliadora - Familia Salesiana\" \/>\n<meta property=\"og:description\" content=\"El Rector Mayor ha dado a conocer los nuevos Delegados para aquellos grupos que prev\u00e9n la animaci\u00f3n espiritual directa.\" \/>\n<meta property=\"og:url\" content=\"https:\/\/www.salesianos.edu\/familiasalesiana\/el-rector-mayor-ha-dado-a-conocer-los-nuevos-delegados-para-aquellos-grupos-que-preven-la-animacion-espiritual-directa\/\" \/>\n<meta property=\"og:site_name\" content=\"Familia Salesiana\" \/>\n<meta property=\"article:published_time\" content=\"2020-06-05T11:34:31+00:00\" \/>\n<meta property=\"article:modified_time\" content=\"2021-03-03T12:40:42+00:00\" \/>\n<meta property=\"og:image\" content=\"https:\/\/www.salesianos.edu\/familiasalesiana\/wp-content\/uploads\/sites\/5\/2020\/06\/AlejandroGuevara-copia.jpg\" \/>\n\t<meta property=\"og:image:width\" content=\"1181\" \/>\n\t<meta property=\"og:image:height\" content=\"647\" \/>\n\t<meta property=\"og:image:type\" content=\"image\/jpeg\" \/>\n<meta name=\"author\" content=\"joseluisgarciamoscoso\" \/>\n<meta name=\"twitter:card\" content=\"summary_large_image\" \/>\n<meta name=\"twitter:label1\" content=\"Escrito por\" \/>\n\t<meta name=\"twitter:data1\" content=\"joseluisgarciamoscoso\" \/>\n\t<meta name=\"twitter:label2\" content=\"Tiempo de lectura\" \/>\n\t<meta name=\"twitter:data2\" content=\"4 minutos\" \/>\n<script type=\"application\/ld+json\" class=\"yoast-schema-graph\">{\"@context\":\"https:\\\/\\\/schema.org\",\"@graph\":[{\"@type\":\"Article\",\"@id\":\"https:\\\/\\\/www.salesianos.edu\\\/familiasalesiana\\\/el-rector-mayor-ha-dado-a-conocer-los-nuevos-delegados-para-aquellos-grupos-que-preven-la-animacion-espiritual-directa\\\/#article\",\"isPartOf\":{\"@id\":\"https:\\\/\\\/www.salesianos.edu\\\/familiasalesiana\\\/el-rector-mayor-ha-dado-a-conocer-los-nuevos-delegados-para-aquellos-grupos-que-preven-la-animacion-espiritual-directa\\\/\"},\"author\":{\"name\":\"joseluisgarciamoscoso\",\"@id\":\"http:\\\/\\\/www.salesianos.edu\\\/familiasalesiana\\\/#\\\/schema\\\/person\\\/a1d72ee5373cce7347fb2993ba9f47d6\"},\"headline\":\"El salesiano Alejandro Guevara nombrado Delegado del Rector Mayor como Animador espiritual de la Asociaci\u00f3n de Mar\u00eda Auxiliadora\",\"datePublished\":\"2020-06-05T11:34:31+00:00\",\"dateModified\":\"2021-03-03T12:40:42+00:00\",\"mainEntityOfPage\":{\"@id\":\"https:\\\/\\\/www.salesianos.edu\\\/familiasalesiana\\\/el-rector-mayor-ha-dado-a-conocer-los-nuevos-delegados-para-aquellos-grupos-que-preven-la-animacion-espiritual-directa\\\/\"},\"wordCount\":759,\"commentCount\":0,\"image\":{\"@id\":\"https:\\\/\\\/www.salesianos.edu\\\/familiasalesiana\\\/el-rector-mayor-ha-dado-a-conocer-los-nuevos-delegados-para-aquellos-grupos-que-preven-la-animacion-espiritual-directa\\\/#primaryimage\"},\"thumbnailUrl\":\"https:\\\/\\\/www.salesianos.edu\\\/familiasalesiana\\\/wp-content\\\/uploads\\\/sites\\\/5\\\/2020\\\/06\\\/AlejandroGuevara-copia.jpg\",\"articleSection\":[\"ADMA\",\"Congregaci\u00f3n\",\"Curso19-20\",\"Familia Salesiana\",\"portada\",\"Rector Mayor\"],\"inLanguage\":\"es\",\"potentialAction\":[{\"@type\":\"CommentAction\",\"name\":\"Comment\",\"target\":[\"https:\\\/\\\/www.salesianos.edu\\\/familiasalesiana\\\/el-rector-mayor-ha-dado-a-conocer-los-nuevos-delegados-para-aquellos-grupos-que-preven-la-animacion-espiritual-directa\\\/#respond\"]}]},{\"@type\":\"WebPage\",\"@id\":\"https:\\\/\\\/www.salesianos.edu\\\/familiasalesiana\\\/el-rector-mayor-ha-dado-a-conocer-los-nuevos-delegados-para-aquellos-grupos-que-preven-la-animacion-espiritual-directa\\\/\",\"url\":\"https:\\\/\\\/www.salesianos.edu\\\/familiasalesiana\\\/el-rector-mayor-ha-dado-a-conocer-los-nuevos-delegados-para-aquellos-grupos-que-preven-la-animacion-espiritual-directa\\\/\",\"name\":\"El salesiano Alejandro Guevara nombrado Delegado del Rector Mayor como Animador espiritual de la Asociaci\u00f3n de Mar\u00eda Auxiliadora - Familia Salesiana\",\"isPartOf\":{\"@id\":\"http:\\\/\\\/www.salesianos.edu\\\/familiasalesiana\\\/#website\"},\"primaryImageOfPage\":{\"@id\":\"https:\\\/\\\/www.salesianos.edu\\\/familiasalesiana\\\/el-rector-mayor-ha-dado-a-conocer-los-nuevos-delegados-para-aquellos-grupos-que-preven-la-animacion-espiritual-directa\\\/#primaryimage\"},\"image\":{\"@id\":\"https:\\\/\\\/www.salesianos.edu\\\/familiasalesiana\\\/el-rector-mayor-ha-dado-a-conocer-los-nuevos-delegados-para-aquellos-grupos-que-preven-la-animacion-espiritual-directa\\\/#primaryimage\"},\"thumbnailUrl\":\"https:\\\/\\\/www.salesianos.edu\\\/familiasalesiana\\\/wp-content\\\/uploads\\\/sites\\\/5\\\/2020\\\/06\\\/AlejandroGuevara-copia.jpg\",\"datePublished\":\"2020-06-05T11:34:31+00:00\",\"dateModified\":\"2021-03-03T12:40:42+00:00\",\"author\":{\"@id\":\"http:\\\/\\\/www.salesianos.edu\\\/familiasalesiana\\\/#\\\/schema\\\/person\\\/a1d72ee5373cce7347fb2993ba9f47d6\"},\"breadcrumb\":{\"@id\":\"https:\\\/\\\/www.salesianos.edu\\\/familiasalesiana\\\/el-rector-mayor-ha-dado-a-conocer-los-nuevos-delegados-para-aquellos-grupos-que-preven-la-animacion-espiritual-directa\\\/#breadcrumb\"},\"inLanguage\":\"es\",\"potentialAction\":[{\"@type\":\"ReadAction\",\"target\":[\"https:\\\/\\\/www.salesianos.edu\\\/familiasalesiana\\\/el-rector-mayor-ha-dado-a-conocer-los-nuevos-delegados-para-aquellos-grupos-que-preven-la-animacion-espiritual-directa\\\/\"]}]},{\"@type\":\"ImageObject\",\"inLanguage\":\"es\",\"@id\":\"https:\\\/\\\/www.salesianos.edu\\\/familiasalesiana\\\/el-rector-mayor-ha-dado-a-conocer-los-nuevos-delegados-para-aquellos-grupos-que-preven-la-animacion-espiritual-directa\\\/#primaryimage\",\"url\":\"https:\\\/\\\/www.salesianos.edu\\\/familiasalesiana\\\/wp-content\\\/uploads\\\/sites\\\/5\\\/2020\\\/06\\\/AlejandroGuevara-copia.jpg\",\"contentUrl\":\"https:\\\/\\\/www.salesianos.edu\\\/familiasalesiana\\\/wp-content\\\/uploads\\\/sites\\\/5\\\/2020\\\/06\\\/AlejandroGuevara-copia.jpg\",\"width\":1181,\"height\":647},{\"@type\":\"BreadcrumbList\",\"@id\":\"https:\\\/\\\/www.salesianos.edu\\\/familiasalesiana\\\/el-rector-mayor-ha-dado-a-conocer-los-nuevos-delegados-para-aquellos-grupos-que-preven-la-animacion-espiritual-directa\\\/#breadcrumb\",\"itemListElement\":[{\"@type\":\"ListItem\",\"position\":1,\"name\":\"Portada\",\"item\":\"http:\\\/\\\/www.salesianos.edu\\\/familiasalesiana\\\/\"},{\"@type\":\"ListItem\",\"position\":2,\"name\":\"El salesiano Alejandro Guevara nombrado Delegado del Rector Mayor como Animador espiritual de la Asociaci\u00f3n de Mar\u00eda Auxiliadora\"}]},{\"@type\":\"WebSite\",\"@id\":\"http:\\\/\\\/www.salesianos.edu\\\/familiasalesiana\\\/#website\",\"url\":\"http:\\\/\\\/www.salesianos.edu\\\/familiasalesiana\\\/\",\"name\":\"Familia Salesiana\",\"description\":\"P\u00e1gina oficial de Inspector\u00eda Salesiana Mar\u00eda Auxiliadora\",\"potentialAction\":[{\"@type\":\"SearchAction\",\"target\":{\"@type\":\"EntryPoint\",\"urlTemplate\":\"http:\\\/\\\/www.salesianos.edu\\\/familiasalesiana\\\/?s={search_term_string}\"},\"query-input\":{\"@type\":\"PropertyValueSpecification\",\"valueRequired\":true,\"valueName\":\"search_term_string\"}}],\"inLanguage\":\"es\"},{\"@type\":\"Person\",\"@id\":\"http:\\\/\\\/www.salesianos.edu\\\/familiasalesiana\\\/#\\\/schema\\\/person\\\/a1d72ee5373cce7347fb2993ba9f47d6\",\"name\":\"joseluisgarciamoscoso\",\"image\":{\"@type\":\"ImageObject\",\"inLanguage\":\"es\",\"@id\":\"https:\\\/\\\/secure.gravatar.com\\\/avatar\\\/3fda3a0b2db3bc9a39871e47cbd526b42d6c3b74755b7ae1400a87b2913fea6a?s=96&d=mm&r=g\",\"url\":\"https:\\\/\\\/secure.gravatar.com\\\/avatar\\\/3fda3a0b2db3bc9a39871e47cbd526b42d6c3b74755b7ae1400a87b2913fea6a?s=96&d=mm&r=g\",\"contentUrl\":\"https:\\\/\\\/secure.gravatar.com\\\/avatar\\\/3fda3a0b2db3bc9a39871e47cbd526b42d6c3b74755b7ae1400a87b2913fea6a?s=96&d=mm&r=g\",\"caption\":\"joseluisgarciamoscoso\"}}]}<\/script>\n<!-- \/ Yoast SEO plugin. -->","yoast_head_json":{"title":"El salesiano Alejandro Guevara nombrado Delegado del Rector Mayor como Animador espiritual de la Asociaci\u00f3n de Mar\u00eda Auxiliadora - Familia Salesiana","robots":{"index":"index","follow":"follow","max-snippet":"max-snippet:-1","max-image-preview":"max-image-preview:large","max-video-preview":"max-video-preview:-1"},"canonical":"https:\/\/www.salesianos.edu\/familiasalesiana\/el-rector-mayor-ha-dado-a-conocer-los-nuevos-delegados-para-aquellos-grupos-que-preven-la-animacion-espiritual-directa\/","og_locale":"es_ES","og_type":"article","og_title":"El salesiano Alejandro Guevara nombrado Delegado del Rector Mayor como Animador espiritual de la Asociaci\u00f3n de Mar\u00eda Auxiliadora - Familia Salesiana","og_description":"El Rector Mayor ha dado a conocer los nuevos Delegados para aquellos grupos que prev\u00e9n la animaci\u00f3n espiritual directa.","og_url":"https:\/\/www.salesianos.edu\/familiasalesiana\/el-rector-mayor-ha-dado-a-conocer-los-nuevos-delegados-para-aquellos-grupos-que-preven-la-animacion-espiritual-directa\/","og_site_name":"Familia Salesiana","article_published_time":"2020-06-05T11:34:31+00:00","article_modified_time":"2021-03-03T12:40:42+00:00","og_image":[{"width":1181,"height":647,"url":"https:\/\/www.salesianos.edu\/familiasalesiana\/wp-content\/uploads\/sites\/5\/2020\/06\/AlejandroGuevara-copia.jpg","type":"image\/jpeg"}],"author":"joseluisgarciamoscoso","twitter_card":"summary_large_image","twitter_misc":{"Escrito por":"joseluisgarciamoscoso","Tiempo de lectura":"4 minutos"},"schema":{"@context":"https:\/\/schema.org","@graph":[{"@type":"Article","@id":"https:\/\/www.salesianos.edu\/familiasalesiana\/el-rector-mayor-ha-dado-a-conocer-los-nuevos-delegados-para-aquellos-grupos-que-preven-la-animacion-espiritual-directa\/#article","isPartOf":{"@id":"https:\/\/www.salesianos.edu\/familiasalesiana\/el-rector-mayor-ha-dado-a-conocer-los-nuevos-delegados-para-aquellos-grupos-que-preven-la-animacion-espiritual-directa\/"},"author":{"name":"joseluisgarciamoscoso","@id":"http:\/\/www.salesianos.edu\/familiasalesiana\/#\/schema\/person\/a1d72ee5373cce7347fb2993ba9f47d6"},"headline":"El salesiano Alejandro Guevara nombrado Delegado del Rector Mayor como Animador espiritual de la Asociaci\u00f3n de Mar\u00eda Auxiliadora","datePublished":"2020-06-05T11:34:31+00:00","dateModified":"2021-03-03T12:40:42+00:00","mainEntityOfPage":{"@id":"https:\/\/www.salesianos.edu\/familiasalesiana\/el-rector-mayor-ha-dado-a-conocer-los-nuevos-delegados-para-aquellos-grupos-que-preven-la-animacion-espiritual-directa\/"},"wordCount":759,"commentCount":0,"image":{"@id":"https:\/\/www.salesianos.edu\/familiasalesiana\/el-rector-mayor-ha-dado-a-conocer-los-nuevos-delegados-para-aquellos-grupos-que-preven-la-animacion-espiritual-directa\/#primaryimage"},"thumbnailUrl":"https:\/\/www.salesianos.edu\/familiasalesiana\/wp-content\/uploads\/sites\/5\/2020\/06\/AlejandroGuevara-copia.jpg","articleSection":["ADMA","Congregaci\u00f3n","Curso19-20","Familia Salesiana","portada","Rector Mayor"],"inLanguage":"es","potentialAction":[{"@type":"CommentAction","name":"Comment","target":["https:\/\/www.salesianos.edu\/familiasalesiana\/el-rector-mayor-ha-dado-a-conocer-los-nuevos-delegados-para-aquellos-grupos-que-preven-la-animacion-espiritual-directa\/#respond"]}]},{"@type":"WebPage","@id":"https:\/\/www.salesianos.edu\/familiasalesiana\/el-rector-mayor-ha-dado-a-conocer-los-nuevos-delegados-para-aquellos-grupos-que-preven-la-animacion-espiritual-directa\/","url":"https:\/\/www.salesianos.edu\/familiasalesiana\/el-rector-mayor-ha-dado-a-conocer-los-nuevos-delegados-para-aquellos-grupos-que-preven-la-animacion-espiritual-directa\/","name":"El salesiano Alejandro Guevara nombrado Delegado del Rector Mayor como Animador espiritual de la Asociaci\u00f3n de Mar\u00eda Auxiliadora - Familia Salesiana","isPartOf":{"@id":"http:\/\/www.salesianos.edu\/familiasalesiana\/#website"},"primaryImageOfPage":{"@id":"https:\/\/www.salesianos.edu\/familiasalesiana\/el-rector-mayor-ha-dado-a-conocer-los-nuevos-delegados-para-aquellos-grupos-que-preven-la-animacion-espiritual-directa\/#primaryimage"},"image":{"@id":"https:\/\/www.salesianos.edu\/familiasalesiana\/el-rector-mayor-ha-dado-a-conocer-los-nuevos-delegados-para-aquellos-grupos-que-preven-la-animacion-espiritual-directa\/#primaryimage"},"thumbnailUrl":"https:\/\/www.salesianos.edu\/familiasalesiana\/wp-content\/uploads\/sites\/5\/2020\/06\/AlejandroGuevara-copia.jpg","datePublished":"2020-06-05T11:34:31+00:00","dateModified":"2021-03-03T12:40:42+00:00","author":{"@id":"http:\/\/www.salesianos.edu\/familiasalesiana\/#\/schema\/person\/a1d72ee5373cce7347fb2993ba9f47d6"},"breadcrumb":{"@id":"https:\/\/www.salesianos.edu\/familiasalesiana\/el-rector-mayor-ha-dado-a-conocer-los-nuevos-delegados-para-aquellos-grupos-que-preven-la-animacion-espiritual-directa\/#breadcrumb"},"inLanguage":"es","potentialAction":[{"@type":"ReadAction","target":["https:\/\/www.salesianos.edu\/familiasalesiana\/el-rector-mayor-ha-dado-a-conocer-los-nuevos-delegados-para-aquellos-grupos-que-preven-la-animacion-espiritual-directa\/"]}]},{"@type":"ImageObject","inLanguage":"es","@id":"https:\/\/www.salesianos.edu\/familiasalesiana\/el-rector-mayor-ha-dado-a-conocer-los-nuevos-delegados-para-aquellos-grupos-que-preven-la-animacion-espiritual-directa\/#primaryimage","url":"https:\/\/www.salesianos.edu\/familiasalesiana\/wp-content\/uploads\/sites\/5\/2020\/06\/AlejandroGuevara-copia.jpg","contentUrl":"https:\/\/www.salesianos.edu\/familiasalesiana\/wp-content\/uploads\/sites\/5\/2020\/06\/AlejandroGuevara-copia.jpg","width":1181,"height":647},{"@type":"BreadcrumbList","@id":"https:\/\/www.salesianos.edu\/familiasalesiana\/el-rector-mayor-ha-dado-a-conocer-los-nuevos-delegados-para-aquellos-grupos-que-preven-la-animacion-espiritual-directa\/#breadcrumb","itemListElement":[{"@type":"ListItem","position":1,"name":"Portada","item":"http:\/\/www.salesianos.edu\/familiasalesiana\/"},{"@type":"ListItem","position":2,"name":"El salesiano Alejandro Guevara nombrado Delegado del Rector Mayor como Animador espiritual de la Asociaci\u00f3n de Mar\u00eda Auxiliadora"}]},{"@type":"WebSite","@id":"http:\/\/www.salesianos.edu\/familiasalesiana\/#website","url":"http:\/\/www.salesianos.edu\/familiasalesiana\/","name":"Familia Salesiana","description":"P\u00e1gina oficial de Inspector\u00eda Salesiana Mar\u00eda Auxiliadora","potentialAction":[{"@type":"SearchAction","target":{"@type":"EntryPoint","urlTemplate":"http:\/\/www.salesianos.edu\/familiasalesiana\/?s={search_term_string}"},"query-input":{"@type":"PropertyValueSpecification","valueRequired":true,"valueName":"search_term_string"}}],"inLanguage":"es"},{"@type":"Person","@id":"http:\/\/www.salesianos.edu\/familiasalesiana\/#\/schema\/person\/a1d72ee5373cce7347fb2993ba9f47d6","name":"joseluisgarciamoscoso","image":{"@type":"ImageObject","inLanguage":"es","@id":"https:\/\/secure.gravatar.com\/avatar\/3fda3a0b2db3bc9a39871e47cbd526b42d6c3b74755b7ae1400a87b2913fea6a?s=96&d=mm&r=g","url":"https:\/\/secure.gravatar.com\/avatar\/3fda3a0b2db3bc9a39871e47cbd526b42d6c3b74755b7ae1400a87b2913fea6a?s=96&d=mm&r=g","contentUrl":"https:\/\/secure.gravatar.com\/avatar\/3fda3a0b2db3bc9a39871e47cbd526b42d6c3b74755b7ae1400a87b2913fea6a?s=96&d=mm&r=g","caption":"joseluisgarciamoscoso"}}]}},"_links":{"self":[{"href":"https:\/\/www.salesianos.edu\/familiasalesiana\/wp-json\/wp\/v2\/posts\/8867","targetHints":{"allow":["GET"]}}],"collection":[{"href":"https:\/\/www.salesianos.edu\/familiasalesiana\/wp-json\/wp\/v2\/posts"}],"about":[{"href":"https:\/\/www.salesianos.edu\/familiasalesiana\/wp-json\/wp\/v2\/types\/post"}],"author":[{"embeddable":true,"href":"https:\/\/www.salesianos.edu\/familiasalesiana\/wp-json\/wp\/v2\/users\/12"}],"replies":[{"embeddable":true,"href":"https:\/\/www.salesianos.edu\/familiasalesiana\/wp-json\/wp\/v2\/comments?post=8867"}],"version-history":[{"count":1,"href":"https:\/\/www.salesianos.edu\/familiasalesiana\/wp-json\/wp\/v2\/posts\/8867\/revisions"}],"predecessor-version":[{"id":9384,"href":"https:\/\/www.salesianos.edu\/familiasalesiana\/wp-json\/wp\/v2\/posts\/8867\/revisions\/9384"}],"wp:featuredmedia":[{"embeddable":true,"href":"https:\/\/www.salesianos.edu\/familiasalesiana\/wp-json\/wp\/v2\/media\/8868"}],"wp:attachment":[{"href":"https:\/\/www.salesianos.edu\/familiasalesiana\/wp-json\/wp\/v2\/media?parent=8867"}],"wp:term":[{"taxonomy":"category","embeddable":true,"href":"https:\/\/www.salesianos.edu\/familiasalesiana\/wp-json\/wp\/v2\/categories?post=8867"},{"taxonomy":"post_tag","embeddable":true,"href":"https:\/\/www.salesianos.edu\/familiasalesiana\/wp-json\/wp\/v2\/tags?post=8867"}],"curies":[{"name":"wp","href":"https:\/\/api.w.org\/{rel}","templated":true}]}}