{"id":8852,"date":"2020-05-22T08:30:54","date_gmt":"2020-05-22T07:30:54","guid":{"rendered":"https:\/\/www.salesianos.edu\/familiasalesiana\/altiva-emerita-nueva-novela-del-salesiano-jose-miguel-nunez-finalista-del-vii-premio-hispania-de-novela-historica-2019\/"},"modified":"2020-05-22T08:30:54","modified_gmt":"2020-05-22T07:30:54","slug":"altiva-emerita-nueva-novela-del-salesiano-jose-miguel-nunez-finalista-del-vii-premio-hispania-de-novela-historica-2019","status":"publish","type":"post","link":"https:\/\/www.salesianos.edu\/familiasalesiana\/altiva-emerita-nueva-novela-del-salesiano-jose-miguel-nunez-finalista-del-vii-premio-hispania-de-novela-historica-2019\/","title":{"rendered":"Altiva Emerita, nueva novela del salesiano Jos\u00e9 Miguel N\u00fa\u00f1ez, finalista del VII Premio Hispania de Novela Hist\u00f3rica 2019"},"content":{"rendered":"<div id=\"fb-root\"><\/div>\n<p>[et_pb_section fb_built=\u00bb1&#8243; _builder_version=\u00bb4.4.6&#8243;][et_pb_row column_structure=\u00bb1_4,3_4&#8243; _builder_version=\u00bb4.4.6&#8243; transform_translate=\u00bb0px|35px\u00bb transform_translate_linked=\u00bboff\u00bb custom_padding=\u00bb||0px|||\u00bb][et_pb_column type=\u00bb1_4&#8243; _builder_version=\u00bb4.4.6&#8243;][et_pb_image src=\u00bbhttps:\/\/www.salesianos.edu\/wp-content\/uploads\/2020\/05\/1-1.png\u00bb title_text=\u00bb1&#8243; disabled_on=\u00bbon|on|off\u00bb _builder_version=\u00bb4.4.6&#8243; transform_scale=\u00bb64%|64%\u00bb transform_scale_tablet=\u00bb\u00bb transform_scale_phone=\u00bb\u00bb transform_scale_last_edited=\u00bbon|desktop\u00bb transform_translate=\u00bb-51px|-60px\u00bb transform_translate_tablet=\u00bb\u00bb transform_translate_phone=\u00bb\u00bb transform_translate_last_edited=\u00bbon|desktop\u00bb transform_translate_linked=\u00bboff\u00bb transform_rotate_tablet=\u00bb\u00bb transform_rotate_phone=\u00bb\u00bb transform_rotate_last_edited=\u00bbon|desktop\u00bb transform_skew_tablet=\u00bb\u00bb transform_skew_phone=\u00bb\u00bb transform_skew_last_edited=\u00bbon|desktop\u00bb transform_origin_tablet=\u00bb\u00bb transform_origin_phone=\u00bb\u00bb transform_origin_last_edited=\u00bbon|desktop\u00bb transform_styles_last_edited=\u00bbon|desktop\u00bb transform_styles_tablet=\u00bb\u00bb transform_styles_phone=\u00bb\u00bb][\/et_pb_image][\/et_pb_column][et_pb_column type=\u00bb3_4&#8243; _builder_version=\u00bb4.4.6&#8243; transform_translate=\u00bb-64px|0px\u00bb transform_translate_linked=\u00bboff\u00bb][et_pb_text _builder_version=\u00bb4.4.6&#8243;]<\/p>\n<blockquote>\n<p><span>El <\/span><strong>salesiano <span>Jos\u00e9 Miguel N\u00fa\u00f1ez<\/span> result\u00f3 finalista del VI Premio Hispania de Novela Hist\u00f3rica,<\/strong><span> organizado por Ediciones \u00c1ltera con el prop\u00f3sito de fomentar la literatura que tiene por objeto la divulgaci\u00f3n y reflexi\u00f3n sobre la Historia, gracias a su \u00faltima novela \u00abAltiva Emerita\u00bb<\/span><span>\u00a0<\/span><\/p>\n<\/blockquote>\n<p>[\/et_pb_text][\/et_pb_column][\/et_pb_row][et_pb_row _builder_version=\u00bb4.4.6&#8243; min_height=\u00bb46px\u00bb custom_margin=\u00bb-55px|auto||auto||\u00bb][et_pb_column type=\u00bb4_4&#8243; _builder_version=\u00bb4.4.6&#8243;][et_pb_text _builder_version=\u00bb4.4.6&#8243; text_line_height=\u00bb1.4em\u00bb]<\/p>\n<div>\n<p><span style=\"text-align: justify;\">Esta convocatoria, que reuni\u00f3 m\u00e1s de 400 trabajos, <\/span><strong style=\"text-align: justify;\">valor\u00f3 la obra del autor salesiano atendiendo criterios como la calidad literaria, excelencia y maestr\u00eda narrativa<\/strong><span style=\"text-align: justify;\"> tras la valoraci\u00f3n del jurado. Cabe destacar el compromiso de Ediciones \u00c1ltera a la publicaci\u00f3n de dicha obra por las \u00f3ptimas condiciones de calidad e inter\u00e9s para el p\u00fablico lector.<\/span><span style=\"font-size: 16px;\">\u00a0<\/span><\/p>\n<\/div>\n<div style=\"text-align: justify;\">En la presente edici\u00f3n result\u00f3 ganador el autor Isidro Gonz\u00e1lez Garc\u00eda con la novela hist\u00f3rica Cuba 1898. Miseria y grandeza de la derrota, obra que se adentra en la intrahistoria de la Guerra hispano-norteamericana, describiendo los aspectos menos conocidos de esta contienda.<\/div>\n<div style=\"text-align: justify;\"><\/div>\n<p>[\/et_pb_text][\/et_pb_column][\/et_pb_row][et_pb_row column_structure=\u00bb1_4,3_4&#8243; _builder_version=\u00bb4.4.6&#8243;][et_pb_column type=\u00bb1_4&#8243; _builder_version=\u00bb4.4.6&#8243; transform_scale=\u00bb100%|102%\u00bb transform_scale_tablet=\u00bb\u00bb transform_scale_phone=\u00bb100%|100%\u00bb transform_scale_last_edited=\u00bbon|phone\u00bb transform_scale_linked=\u00bboff\u00bb transform_translate=\u00bb22px|42px\u00bb transform_translate_tablet=\u00bb\u00bb transform_translate_phone=\u00bb28px|-4px\u00bb transform_translate_last_edited=\u00bbon|phone\u00bb transform_translate_linked=\u00bboff\u00bb transform_rotate_tablet=\u00bb\u00bb transform_rotate_phone=\u00bb\u00bb transform_rotate_last_edited=\u00bbon|phone\u00bb transform_skew_tablet=\u00bb\u00bb transform_skew_phone=\u00bb\u00bb transform_skew_last_edited=\u00bbon|phone\u00bb transform_origin_tablet=\u00bb\u00bb transform_origin_phone=\u00bb\u00bb transform_origin_last_edited=\u00bbon|phone\u00bb transform_styles_last_edited=\u00bbon|phone\u00bb transform_styles_tablet=\u00bb\u00bb transform_styles_phone=\u00bb\u00bb][et_pb_image src=\u00bbhttps:\/\/www.salesianos.edu\/wp-content\/uploads\/2020\/05\/Sin-t\u00edtulo-13.png\u00bb title_text=\u00bbSin t\u00edtulo 13&#8243; _builder_version=\u00bb4.4.6&#8243; transform_scale_linked=\u00bboff\u00bb transform_translate_linked=\u00bboff\u00bb width=\u00bb79.7%\u00bb][\/et_pb_image][\/et_pb_column][et_pb_column type=\u00bb3_4&#8243; _builder_version=\u00bb4.4.6&#8243; transform_translate=\u00bb-14px|0px\u00bb transform_translate_linked=\u00bboff\u00bb custom_padding=\u00bb|||0px|false|false\u00bb][et_pb_text _builder_version=\u00bb4.4.6&#8243; text_font=\u00bb|300|||||||\u00bb width=\u00bb99.7%\u00bb]<\/p>\n<h2><b>Sobre la novela<\/b><\/h2>\n<p>[\/et_pb_text][et_pb_text _builder_version=\u00bb4.4.6&#8243; text_line_height=\u00bb1.4em\u00bb transform_scale_tablet=\u00bb\u00bb transform_scale_phone=\u00bb\u00bb transform_scale_last_edited=\u00bbon|phone\u00bb transform_translate_tablet=\u00bb\u00bb transform_translate_phone=\u00bb20px|0px\u00bb transform_translate_last_edited=\u00bbon|phone\u00bb transform_translate_linked_phone=\u00bboff\u00bb transform_rotate_tablet=\u00bb\u00bb transform_rotate_phone=\u00bb\u00bb transform_rotate_last_edited=\u00bbon|phone\u00bb transform_skew_tablet=\u00bb\u00bb transform_skew_phone=\u00bb\u00bb transform_skew_last_edited=\u00bbon|phone\u00bb transform_origin_tablet=\u00bb\u00bb transform_origin_phone=\u00bb\u00bb transform_origin_last_edited=\u00bbon|phone\u00bb transform_styles_last_edited=\u00bbon|phone\u00bb transform_styles_tablet=\u00bb\u00bb transform_styles_phone=\u00bb\u00bb]<\/p>\n<div>\n<p style=\"text-align: justify;\"><span>Un tiempo convulso y un amor imposible. El mundo conocido se resquebraja bajo la ambici\u00f3n visigoda y de los despojos del imperio romano comienza a surgir una realidad definitivamente nueva. Encrucijada de caminos y crisol de culturas, la Hispania del siglo VI entra\u00f1a oscuridades y alberga misterios que solo sus protagonistas podr\u00edan contar. Hombres nobles y veraces, traidores y usurpadores \u00e1vidos de poder se abren paso en un relato que narra un tiempo de zozobras y vidas truncadas. Un misterio por aclarar y la historia intensamente bella de un amor atemporal se entrecruzan con el cabalgar de la herej\u00eda arriana a lomos del poder. Emerita vive un momento de esplendor cultural y econ\u00f3mico. Una traici\u00f3n, la conjura de los her\u00e9ticos y la investigaci\u00f3n de una arque\u00f3loga fascinada por sus descubrimientos, conducir\u00e1n al lector a trav\u00e9s de un siglo desconocido convirtiendo esta historia en un espejo donde entrecruzar nuestras miradas con personajes que no dejar\u00e1n indiferente a nadie. \u00a0 \u00a0<\/span><\/p>\n<p><span style=\"font-size: 16px;\"><\/span><\/p>\n<\/div>\n<p>[\/et_pb_text][\/et_pb_column][\/et_pb_row][et_pb_row _builder_version=\u00bb4.4.6&#8243;][et_pb_column type=\u00bb4_4&#8243; _builder_version=\u00bb4.4.6&#8243;][et_pb_text _builder_version=\u00bb4.4.6&#8243; text_font=\u00bb|300|||||||\u00bb width=\u00bb99.7%\u00bb]<\/p>\n<h2><b>Sobre el autor<\/b><\/h2>\n<p>[\/et_pb_text][et_pb_text _builder_version=\u00bb4.4.6&#8243; text_line_height=\u00bb1.4em\u00bb]<\/p>\n<div>\n<div style=\"text-align: justify;\">\n<p><strong>Jos\u00e9 Miguel N\u00fa\u00f1ez (M\u00e9rida, 1963)<\/strong> es doctor en Teolog\u00eda Dogm\u00e1tica (Roma, 1995). Licenciado en Filosof\u00eda (Universidad de Granada, 1995) y doctor en Filosof\u00eda (Doctorado Europeo en la Universidad Hispalense, Sevilla, 2010). Educador y profesor universitario, es autor de numerosos ensayos en torno al mundo educativo y juvenil. Public\u00f3 Cien palabras al o\u00eddo (2012) y A vueltas con Dios en tiempos complejos. Di\u00e1logos con Gianni Vattimo (2013), antes del lanzamiento de Pas\u00f3 la noche, amor (2014) y Te proteger\u00e1 mis alas (2015), sus dos anteriores novelas.<\/p>\n<\/div>\n<div style=\"text-align: justify;\"><\/div>\n<div style=\"text-align: justify;\"><strong>Cabe destacar que \u00abPas\u00f3 la noche, amor\u00bb<\/strong>,ya fue <strong>finalista del Premio Hispania de Novela Hist\u00f3rica en la edici\u00f3n 2013<\/strong>, gracias a un argumento en el que el amor apasionado, la reconciliaci\u00f3n de un pueblo y la memoria olvidada se entrelazaban\u00a0en un historia de reciente actualidad con el recuerdo fresco de Bartolom\u00e9 Blanco.<\/div>\n<\/div>\n<div style=\"text-align: justify;\"><\/div>\n<div style=\"text-align: justify;\"><\/div>\n<div style=\"text-align: justify;\"><\/div>\n<div style=\"text-align: justify;\"><\/div>\n<p>[\/et_pb_text][\/et_pb_column][\/et_pb_row][et_pb_row column_structure=\u00bb1_3,1_3,1_3&#8243; _builder_version=\u00bb4.4.6&#8243;][et_pb_column type=\u00bb1_3&#8243; _builder_version=\u00bb4.4.6&#8243;][et_pb_image src=\u00bbhttps:\/\/www.salesianos.edu\/wp-content\/uploads\/2020\/05\/TeProtegeranMisAlas.jpg\u00bb title_text=\u00bbTeProtegeranMisAlas\u00bb _builder_version=\u00bb4.4.6&#8243;][\/et_pb_image][\/et_pb_column][et_pb_column type=\u00bb1_3&#8243; _builder_version=\u00bb4.4.6&#8243;][et_pb_image src=\u00bbhttps:\/\/www.salesianos.edu\/wp-content\/uploads\/2020\/05\/PasoLaNocheAmor.jpg\u00bb title_text=\u00bbPasoLaNocheAmor\u00bb _builder_version=\u00bb4.4.6&#8243;][\/et_pb_image][\/et_pb_column][et_pb_column type=\u00bb1_3&#8243; _builder_version=\u00bb4.4.6&#8243;][et_pb_image src=\u00bbhttps:\/\/www.salesianos.edu\/wp-content\/uploads\/2020\/05\/Sin-t\u00edtulo-13.png\u00bb title_text=\u00bbSin t\u00edtulo 13&#8243; _builder_version=\u00bb4.4.6&#8243;][\/et_pb_image][\/et_pb_column][\/et_pb_row][\/et_pb_section]<\/p>\n","protected":false},"excerpt":{"rendered":"<p>El salesiano Jos\u00e9 Miguel N\u00fa\u00f1ez result\u00f3 finalista del VI Premio Hispania de Novela Hist\u00f3rica, organizado por Ediciones \u00c1ltera con el prop\u00f3sito de fomentar la literatura que tiene por objeto la divulgaci\u00f3n y reflexi\u00f3n sobre la Historia, gracias a su \u00faltima novela \u00abAltiva Emerita\u00bb\u00a0 Esta convocatoria, que reuni\u00f3 m\u00e1s de 400 trabajos, valor\u00f3 la obra del [&hellip;]<\/p>\n","protected":false},"author":12,"featured_media":8853,"comment_status":"open","ping_status":"open","sticky":false,"template":"","format":"standard","meta":{"_et_pb_use_builder":"on","_et_pb_old_content":"","_et_gb_content_width":"","footnotes":""},"categories":[38,31,27,24,15,26],"tags":[],"class_list":["post-8852","post","type-post","status-publish","format-standard","has-post-thumbnail","hentry","category-congregacion","category-escuelas","category-fasa","category-pastoral-juvenil","category-portada","category-vocacional"],"yoast_head":"<!-- This site is optimized with the Yoast SEO plugin v27.5 - https:\/\/yoast.com\/product\/yoast-seo-wordpress\/ -->\n<title>Altiva Emerita, nueva novela del salesiano Jos\u00e9 Miguel N\u00fa\u00f1ez, finalista del VII Premio Hispania de Novela Hist\u00f3rica 2019 - Familia Salesiana<\/title>\n<meta name=\"robots\" content=\"index, follow, max-snippet:-1, max-image-preview:large, max-video-preview:-1\" \/>\n<link rel=\"canonical\" href=\"https:\/\/www.salesianos.edu\/familiasalesiana\/altiva-emerita-nueva-novela-del-salesiano-jose-miguel-nunez-finalista-del-vii-premio-hispania-de-novela-historica-2019\/\" \/>\n<meta property=\"og:locale\" content=\"es_ES\" \/>\n<meta property=\"og:type\" content=\"article\" \/>\n<meta property=\"og:title\" content=\"Altiva Emerita, nueva novela del salesiano Jos\u00e9 Miguel N\u00fa\u00f1ez, finalista del VII Premio Hispania de Novela Hist\u00f3rica 2019 - Familia Salesiana\" \/>\n<meta property=\"og:description\" content=\"Titulo p\u00e1ginas Subtitulo 1 Lorem Ipsum es simplemente el texto de relleno de las imprentas y archivos de texto. Lorem Ipsum ha sido el texto de relleno est\u00e1ndar de las industrias desde el a\u00f1o 1500, cuando un impresor (N. del T. persona que se dedica a la imprenta) desconocido us\u00f3 una galer\u00eda de textos y [&hellip;]\" \/>\n<meta property=\"og:url\" content=\"https:\/\/www.salesianos.edu\/familiasalesiana\/altiva-emerita-nueva-novela-del-salesiano-jose-miguel-nunez-finalista-del-vii-premio-hispania-de-novela-historica-2019\/\" \/>\n<meta property=\"og:site_name\" content=\"Familia Salesiana\" \/>\n<meta property=\"article:published_time\" content=\"2020-05-22T07:30:54+00:00\" \/>\n<meta property=\"og:image\" content=\"https:\/\/www.salesianos.edu\/familiasalesiana\/wp-content\/uploads\/sites\/5\/2020\/05\/JoseMiguelNunez-copia.jpg\" \/>\n\t<meta property=\"og:image:width\" content=\"923\" \/>\n\t<meta property=\"og:image:height\" content=\"437\" \/>\n\t<meta property=\"og:image:type\" content=\"image\/jpeg\" \/>\n<meta name=\"author\" content=\"joseluisgarciamoscoso\" \/>\n<meta name=\"twitter:card\" content=\"summary_large_image\" \/>\n<meta name=\"twitter:label1\" content=\"Escrito por\" \/>\n\t<meta name=\"twitter:data1\" content=\"joseluisgarciamoscoso\" \/>\n\t<meta name=\"twitter:label2\" content=\"Tiempo de lectura\" \/>\n\t<meta name=\"twitter:data2\" content=\"5 minutos\" \/>\n<script type=\"application\/ld+json\" class=\"yoast-schema-graph\">{\"@context\":\"https:\\\/\\\/schema.org\",\"@graph\":[{\"@type\":\"Article\",\"@id\":\"https:\\\/\\\/www.salesianos.edu\\\/familiasalesiana\\\/altiva-emerita-nueva-novela-del-salesiano-jose-miguel-nunez-finalista-del-vii-premio-hispania-de-novela-historica-2019\\\/#article\",\"isPartOf\":{\"@id\":\"https:\\\/\\\/www.salesianos.edu\\\/familiasalesiana\\\/altiva-emerita-nueva-novela-del-salesiano-jose-miguel-nunez-finalista-del-vii-premio-hispania-de-novela-historica-2019\\\/\"},\"author\":{\"name\":\"joseluisgarciamoscoso\",\"@id\":\"http:\\\/\\\/www.salesianos.edu\\\/familiasalesiana\\\/#\\\/schema\\\/person\\\/a1d72ee5373cce7347fb2993ba9f47d6\"},\"headline\":\"Altiva Emerita, nueva novela del salesiano Jos\u00e9 Miguel N\u00fa\u00f1ez, finalista del VII Premio Hispania de Novela Hist\u00f3rica 2019\",\"datePublished\":\"2020-05-22T07:30:54+00:00\",\"mainEntityOfPage\":{\"@id\":\"https:\\\/\\\/www.salesianos.edu\\\/familiasalesiana\\\/altiva-emerita-nueva-novela-del-salesiano-jose-miguel-nunez-finalista-del-vii-premio-hispania-de-novela-historica-2019\\\/\"},\"wordCount\":1104,\"commentCount\":0,\"image\":{\"@id\":\"https:\\\/\\\/www.salesianos.edu\\\/familiasalesiana\\\/altiva-emerita-nueva-novela-del-salesiano-jose-miguel-nunez-finalista-del-vii-premio-hispania-de-novela-historica-2019\\\/#primaryimage\"},\"thumbnailUrl\":\"https:\\\/\\\/www.salesianos.edu\\\/familiasalesiana\\\/wp-content\\\/uploads\\\/sites\\\/5\\\/2020\\\/05\\\/JoseMiguelNunez-copia.jpg\",\"articleSection\":[\"Congregaci\u00f3n\",\"Escuelas\",\"Familia Salesiana\",\"Pastoral Juvenil\",\"portada\",\"Vocacional\"],\"inLanguage\":\"es\",\"potentialAction\":[{\"@type\":\"CommentAction\",\"name\":\"Comment\",\"target\":[\"https:\\\/\\\/www.salesianos.edu\\\/familiasalesiana\\\/altiva-emerita-nueva-novela-del-salesiano-jose-miguel-nunez-finalista-del-vii-premio-hispania-de-novela-historica-2019\\\/#respond\"]}]},{\"@type\":\"WebPage\",\"@id\":\"https:\\\/\\\/www.salesianos.edu\\\/familiasalesiana\\\/altiva-emerita-nueva-novela-del-salesiano-jose-miguel-nunez-finalista-del-vii-premio-hispania-de-novela-historica-2019\\\/\",\"url\":\"https:\\\/\\\/www.salesianos.edu\\\/familiasalesiana\\\/altiva-emerita-nueva-novela-del-salesiano-jose-miguel-nunez-finalista-del-vii-premio-hispania-de-novela-historica-2019\\\/\",\"name\":\"Altiva Emerita, nueva novela del salesiano Jos\u00e9 Miguel N\u00fa\u00f1ez, finalista del VII Premio Hispania de Novela Hist\u00f3rica 2019 - Familia Salesiana\",\"isPartOf\":{\"@id\":\"http:\\\/\\\/www.salesianos.edu\\\/familiasalesiana\\\/#website\"},\"primaryImageOfPage\":{\"@id\":\"https:\\\/\\\/www.salesianos.edu\\\/familiasalesiana\\\/altiva-emerita-nueva-novela-del-salesiano-jose-miguel-nunez-finalista-del-vii-premio-hispania-de-novela-historica-2019\\\/#primaryimage\"},\"image\":{\"@id\":\"https:\\\/\\\/www.salesianos.edu\\\/familiasalesiana\\\/altiva-emerita-nueva-novela-del-salesiano-jose-miguel-nunez-finalista-del-vii-premio-hispania-de-novela-historica-2019\\\/#primaryimage\"},\"thumbnailUrl\":\"https:\\\/\\\/www.salesianos.edu\\\/familiasalesiana\\\/wp-content\\\/uploads\\\/sites\\\/5\\\/2020\\\/05\\\/JoseMiguelNunez-copia.jpg\",\"datePublished\":\"2020-05-22T07:30:54+00:00\",\"author\":{\"@id\":\"http:\\\/\\\/www.salesianos.edu\\\/familiasalesiana\\\/#\\\/schema\\\/person\\\/a1d72ee5373cce7347fb2993ba9f47d6\"},\"breadcrumb\":{\"@id\":\"https:\\\/\\\/www.salesianos.edu\\\/familiasalesiana\\\/altiva-emerita-nueva-novela-del-salesiano-jose-miguel-nunez-finalista-del-vii-premio-hispania-de-novela-historica-2019\\\/#breadcrumb\"},\"inLanguage\":\"es\",\"potentialAction\":[{\"@type\":\"ReadAction\",\"target\":[\"https:\\\/\\\/www.salesianos.edu\\\/familiasalesiana\\\/altiva-emerita-nueva-novela-del-salesiano-jose-miguel-nunez-finalista-del-vii-premio-hispania-de-novela-historica-2019\\\/\"]}]},{\"@type\":\"ImageObject\",\"inLanguage\":\"es\",\"@id\":\"https:\\\/\\\/www.salesianos.edu\\\/familiasalesiana\\\/altiva-emerita-nueva-novela-del-salesiano-jose-miguel-nunez-finalista-del-vii-premio-hispania-de-novela-historica-2019\\\/#primaryimage\",\"url\":\"https:\\\/\\\/www.salesianos.edu\\\/familiasalesiana\\\/wp-content\\\/uploads\\\/sites\\\/5\\\/2020\\\/05\\\/JoseMiguelNunez-copia.jpg\",\"contentUrl\":\"https:\\\/\\\/www.salesianos.edu\\\/familiasalesiana\\\/wp-content\\\/uploads\\\/sites\\\/5\\\/2020\\\/05\\\/JoseMiguelNunez-copia.jpg\",\"width\":923,\"height\":437},{\"@type\":\"BreadcrumbList\",\"@id\":\"https:\\\/\\\/www.salesianos.edu\\\/familiasalesiana\\\/altiva-emerita-nueva-novela-del-salesiano-jose-miguel-nunez-finalista-del-vii-premio-hispania-de-novela-historica-2019\\\/#breadcrumb\",\"itemListElement\":[{\"@type\":\"ListItem\",\"position\":1,\"name\":\"Portada\",\"item\":\"http:\\\/\\\/www.salesianos.edu\\\/familiasalesiana\\\/\"},{\"@type\":\"ListItem\",\"position\":2,\"name\":\"Altiva Emerita, nueva novela del salesiano Jos\u00e9 Miguel N\u00fa\u00f1ez, finalista del VII Premio Hispania de Novela Hist\u00f3rica 2019\"}]},{\"@type\":\"WebSite\",\"@id\":\"http:\\\/\\\/www.salesianos.edu\\\/familiasalesiana\\\/#website\",\"url\":\"http:\\\/\\\/www.salesianos.edu\\\/familiasalesiana\\\/\",\"name\":\"Familia Salesiana\",\"description\":\"P\u00e1gina oficial de Inspector\u00eda Salesiana Mar\u00eda Auxiliadora\",\"potentialAction\":[{\"@type\":\"SearchAction\",\"target\":{\"@type\":\"EntryPoint\",\"urlTemplate\":\"http:\\\/\\\/www.salesianos.edu\\\/familiasalesiana\\\/?s={search_term_string}\"},\"query-input\":{\"@type\":\"PropertyValueSpecification\",\"valueRequired\":true,\"valueName\":\"search_term_string\"}}],\"inLanguage\":\"es\"},{\"@type\":\"Person\",\"@id\":\"http:\\\/\\\/www.salesianos.edu\\\/familiasalesiana\\\/#\\\/schema\\\/person\\\/a1d72ee5373cce7347fb2993ba9f47d6\",\"name\":\"joseluisgarciamoscoso\",\"image\":{\"@type\":\"ImageObject\",\"inLanguage\":\"es\",\"@id\":\"https:\\\/\\\/secure.gravatar.com\\\/avatar\\\/3fda3a0b2db3bc9a39871e47cbd526b42d6c3b74755b7ae1400a87b2913fea6a?s=96&d=mm&r=g\",\"url\":\"https:\\\/\\\/secure.gravatar.com\\\/avatar\\\/3fda3a0b2db3bc9a39871e47cbd526b42d6c3b74755b7ae1400a87b2913fea6a?s=96&d=mm&r=g\",\"contentUrl\":\"https:\\\/\\\/secure.gravatar.com\\\/avatar\\\/3fda3a0b2db3bc9a39871e47cbd526b42d6c3b74755b7ae1400a87b2913fea6a?s=96&d=mm&r=g\",\"caption\":\"joseluisgarciamoscoso\"}}]}<\/script>\n<!-- \/ Yoast SEO plugin. -->","yoast_head_json":{"title":"Altiva Emerita, nueva novela del salesiano Jos\u00e9 Miguel N\u00fa\u00f1ez, finalista del VII Premio Hispania de Novela Hist\u00f3rica 2019 - Familia Salesiana","robots":{"index":"index","follow":"follow","max-snippet":"max-snippet:-1","max-image-preview":"max-image-preview:large","max-video-preview":"max-video-preview:-1"},"canonical":"https:\/\/www.salesianos.edu\/familiasalesiana\/altiva-emerita-nueva-novela-del-salesiano-jose-miguel-nunez-finalista-del-vii-premio-hispania-de-novela-historica-2019\/","og_locale":"es_ES","og_type":"article","og_title":"Altiva Emerita, nueva novela del salesiano Jos\u00e9 Miguel N\u00fa\u00f1ez, finalista del VII Premio Hispania de Novela Hist\u00f3rica 2019 - Familia Salesiana","og_description":"Titulo p\u00e1ginas Subtitulo 1 Lorem Ipsum es simplemente el texto de relleno de las imprentas y archivos de texto. Lorem Ipsum ha sido el texto de relleno est\u00e1ndar de las industrias desde el a\u00f1o 1500, cuando un impresor (N. del T. persona que se dedica a la imprenta) desconocido us\u00f3 una galer\u00eda de textos y [&hellip;]","og_url":"https:\/\/www.salesianos.edu\/familiasalesiana\/altiva-emerita-nueva-novela-del-salesiano-jose-miguel-nunez-finalista-del-vii-premio-hispania-de-novela-historica-2019\/","og_site_name":"Familia Salesiana","article_published_time":"2020-05-22T07:30:54+00:00","og_image":[{"width":923,"height":437,"url":"https:\/\/www.salesianos.edu\/familiasalesiana\/wp-content\/uploads\/sites\/5\/2020\/05\/JoseMiguelNunez-copia.jpg","type":"image\/jpeg"}],"author":"joseluisgarciamoscoso","twitter_card":"summary_large_image","twitter_misc":{"Escrito por":"joseluisgarciamoscoso","Tiempo de lectura":"5 minutos"},"schema":{"@context":"https:\/\/schema.org","@graph":[{"@type":"Article","@id":"https:\/\/www.salesianos.edu\/familiasalesiana\/altiva-emerita-nueva-novela-del-salesiano-jose-miguel-nunez-finalista-del-vii-premio-hispania-de-novela-historica-2019\/#article","isPartOf":{"@id":"https:\/\/www.salesianos.edu\/familiasalesiana\/altiva-emerita-nueva-novela-del-salesiano-jose-miguel-nunez-finalista-del-vii-premio-hispania-de-novela-historica-2019\/"},"author":{"name":"joseluisgarciamoscoso","@id":"http:\/\/www.salesianos.edu\/familiasalesiana\/#\/schema\/person\/a1d72ee5373cce7347fb2993ba9f47d6"},"headline":"Altiva Emerita, nueva novela del salesiano Jos\u00e9 Miguel N\u00fa\u00f1ez, finalista del VII Premio Hispania de Novela Hist\u00f3rica 2019","datePublished":"2020-05-22T07:30:54+00:00","mainEntityOfPage":{"@id":"https:\/\/www.salesianos.edu\/familiasalesiana\/altiva-emerita-nueva-novela-del-salesiano-jose-miguel-nunez-finalista-del-vii-premio-hispania-de-novela-historica-2019\/"},"wordCount":1104,"commentCount":0,"image":{"@id":"https:\/\/www.salesianos.edu\/familiasalesiana\/altiva-emerita-nueva-novela-del-salesiano-jose-miguel-nunez-finalista-del-vii-premio-hispania-de-novela-historica-2019\/#primaryimage"},"thumbnailUrl":"https:\/\/www.salesianos.edu\/familiasalesiana\/wp-content\/uploads\/sites\/5\/2020\/05\/JoseMiguelNunez-copia.jpg","articleSection":["Congregaci\u00f3n","Escuelas","Familia Salesiana","Pastoral Juvenil","portada","Vocacional"],"inLanguage":"es","potentialAction":[{"@type":"CommentAction","name":"Comment","target":["https:\/\/www.salesianos.edu\/familiasalesiana\/altiva-emerita-nueva-novela-del-salesiano-jose-miguel-nunez-finalista-del-vii-premio-hispania-de-novela-historica-2019\/#respond"]}]},{"@type":"WebPage","@id":"https:\/\/www.salesianos.edu\/familiasalesiana\/altiva-emerita-nueva-novela-del-salesiano-jose-miguel-nunez-finalista-del-vii-premio-hispania-de-novela-historica-2019\/","url":"https:\/\/www.salesianos.edu\/familiasalesiana\/altiva-emerita-nueva-novela-del-salesiano-jose-miguel-nunez-finalista-del-vii-premio-hispania-de-novela-historica-2019\/","name":"Altiva Emerita, nueva novela del salesiano Jos\u00e9 Miguel N\u00fa\u00f1ez, finalista del VII Premio Hispania de Novela Hist\u00f3rica 2019 - Familia Salesiana","isPartOf":{"@id":"http:\/\/www.salesianos.edu\/familiasalesiana\/#website"},"primaryImageOfPage":{"@id":"https:\/\/www.salesianos.edu\/familiasalesiana\/altiva-emerita-nueva-novela-del-salesiano-jose-miguel-nunez-finalista-del-vii-premio-hispania-de-novela-historica-2019\/#primaryimage"},"image":{"@id":"https:\/\/www.salesianos.edu\/familiasalesiana\/altiva-emerita-nueva-novela-del-salesiano-jose-miguel-nunez-finalista-del-vii-premio-hispania-de-novela-historica-2019\/#primaryimage"},"thumbnailUrl":"https:\/\/www.salesianos.edu\/familiasalesiana\/wp-content\/uploads\/sites\/5\/2020\/05\/JoseMiguelNunez-copia.jpg","datePublished":"2020-05-22T07:30:54+00:00","author":{"@id":"http:\/\/www.salesianos.edu\/familiasalesiana\/#\/schema\/person\/a1d72ee5373cce7347fb2993ba9f47d6"},"breadcrumb":{"@id":"https:\/\/www.salesianos.edu\/familiasalesiana\/altiva-emerita-nueva-novela-del-salesiano-jose-miguel-nunez-finalista-del-vii-premio-hispania-de-novela-historica-2019\/#breadcrumb"},"inLanguage":"es","potentialAction":[{"@type":"ReadAction","target":["https:\/\/www.salesianos.edu\/familiasalesiana\/altiva-emerita-nueva-novela-del-salesiano-jose-miguel-nunez-finalista-del-vii-premio-hispania-de-novela-historica-2019\/"]}]},{"@type":"ImageObject","inLanguage":"es","@id":"https:\/\/www.salesianos.edu\/familiasalesiana\/altiva-emerita-nueva-novela-del-salesiano-jose-miguel-nunez-finalista-del-vii-premio-hispania-de-novela-historica-2019\/#primaryimage","url":"https:\/\/www.salesianos.edu\/familiasalesiana\/wp-content\/uploads\/sites\/5\/2020\/05\/JoseMiguelNunez-copia.jpg","contentUrl":"https:\/\/www.salesianos.edu\/familiasalesiana\/wp-content\/uploads\/sites\/5\/2020\/05\/JoseMiguelNunez-copia.jpg","width":923,"height":437},{"@type":"BreadcrumbList","@id":"https:\/\/www.salesianos.edu\/familiasalesiana\/altiva-emerita-nueva-novela-del-salesiano-jose-miguel-nunez-finalista-del-vii-premio-hispania-de-novela-historica-2019\/#breadcrumb","itemListElement":[{"@type":"ListItem","position":1,"name":"Portada","item":"http:\/\/www.salesianos.edu\/familiasalesiana\/"},{"@type":"ListItem","position":2,"name":"Altiva Emerita, nueva novela del salesiano Jos\u00e9 Miguel N\u00fa\u00f1ez, finalista del VII Premio Hispania de Novela Hist\u00f3rica 2019"}]},{"@type":"WebSite","@id":"http:\/\/www.salesianos.edu\/familiasalesiana\/#website","url":"http:\/\/www.salesianos.edu\/familiasalesiana\/","name":"Familia Salesiana","description":"P\u00e1gina oficial de Inspector\u00eda Salesiana Mar\u00eda Auxiliadora","potentialAction":[{"@type":"SearchAction","target":{"@type":"EntryPoint","urlTemplate":"http:\/\/www.salesianos.edu\/familiasalesiana\/?s={search_term_string}"},"query-input":{"@type":"PropertyValueSpecification","valueRequired":true,"valueName":"search_term_string"}}],"inLanguage":"es"},{"@type":"Person","@id":"http:\/\/www.salesianos.edu\/familiasalesiana\/#\/schema\/person\/a1d72ee5373cce7347fb2993ba9f47d6","name":"joseluisgarciamoscoso","image":{"@type":"ImageObject","inLanguage":"es","@id":"https:\/\/secure.gravatar.com\/avatar\/3fda3a0b2db3bc9a39871e47cbd526b42d6c3b74755b7ae1400a87b2913fea6a?s=96&d=mm&r=g","url":"https:\/\/secure.gravatar.com\/avatar\/3fda3a0b2db3bc9a39871e47cbd526b42d6c3b74755b7ae1400a87b2913fea6a?s=96&d=mm&r=g","contentUrl":"https:\/\/secure.gravatar.com\/avatar\/3fda3a0b2db3bc9a39871e47cbd526b42d6c3b74755b7ae1400a87b2913fea6a?s=96&d=mm&r=g","caption":"joseluisgarciamoscoso"}}]}},"_links":{"self":[{"href":"https:\/\/www.salesianos.edu\/familiasalesiana\/wp-json\/wp\/v2\/posts\/8852","targetHints":{"allow":["GET"]}}],"collection":[{"href":"https:\/\/www.salesianos.edu\/familiasalesiana\/wp-json\/wp\/v2\/posts"}],"about":[{"href":"https:\/\/www.salesianos.edu\/familiasalesiana\/wp-json\/wp\/v2\/types\/post"}],"author":[{"embeddable":true,"href":"https:\/\/www.salesianos.edu\/familiasalesiana\/wp-json\/wp\/v2\/users\/12"}],"replies":[{"embeddable":true,"href":"https:\/\/www.salesianos.edu\/familiasalesiana\/wp-json\/wp\/v2\/comments?post=8852"}],"version-history":[{"count":0,"href":"https:\/\/www.salesianos.edu\/familiasalesiana\/wp-json\/wp\/v2\/posts\/8852\/revisions"}],"wp:featuredmedia":[{"embeddable":true,"href":"https:\/\/www.salesianos.edu\/familiasalesiana\/wp-json\/wp\/v2\/media\/8853"}],"wp:attachment":[{"href":"https:\/\/www.salesianos.edu\/familiasalesiana\/wp-json\/wp\/v2\/media?parent=8852"}],"wp:term":[{"taxonomy":"category","embeddable":true,"href":"https:\/\/www.salesianos.edu\/familiasalesiana\/wp-json\/wp\/v2\/categories?post=8852"},{"taxonomy":"post_tag","embeddable":true,"href":"https:\/\/www.salesianos.edu\/familiasalesiana\/wp-json\/wp\/v2\/tags?post=8852"}],"curies":[{"name":"wp","href":"https:\/\/api.w.org\/{rel}","templated":true}]}}