{"id":8850,"date":"2020-05-22T09:00:50","date_gmt":"2020-05-22T08:00:50","guid":{"rendered":"https:\/\/www.salesianos.edu\/familiasalesiana\/nueva-etapa-de-la-pagina-web-salesianos-edu\/"},"modified":"2020-05-22T09:00:50","modified_gmt":"2020-05-22T08:00:50","slug":"nueva-etapa-de-la-pagina-web-salesianos-edu","status":"publish","type":"post","link":"https:\/\/www.salesianos.edu\/familiasalesiana\/nueva-etapa-de-la-pagina-web-salesianos-edu\/","title":{"rendered":"Nueva etapa de la p\u00e1gina web salesianos.edu"},"content":{"rendered":"<div id=\"fb-root\"><\/div>\n<p>[et_pb_section fb_built=\u00bb1&#8243; _builder_version=\u00bb4.4.6&#8243; custom_padding=\u00bb|||0px||\u00bb][et_pb_row _builder_version=\u00bb4.4.6&#8243; custom_margin=\u00bb|auto|-3px|auto||\u00bb][et_pb_column type=\u00bb4_4&#8243; _builder_version=\u00bb4.4.6&#8243;][et_pb_text _builder_version=\u00bb4.4.6&#8243; custom_margin=\u00bb||-29px|||\u00bb custom_padding=\u00bb||0px|||\u00bb]<\/p>\n<div dir=\"ltr\">\n<blockquote>\n<p>\u00a1Ya estamos de nuevo en l\u00ednea! Regresamos con una renovaci\u00f3n total de la web de la Inspector\u00eda para seguir contando lo que somos, lo que hacemos, la vida de nuestros centros y casas.<\/p>\n<\/blockquote>\n<p>Como venimos trabajando hace a\u00f1os, <span style=\"color: #dc001b;\">las delegaciones de comunicaci\u00f3n de las Inspector\u00edas Salesianas de Santiago el Mayor y Mar\u00eda Auxiladora<\/span> hemos vuelto a dar un paso conjunto para el cambio y <span style=\"color: #dc001b;\">actualizaci\u00f3n de las p\u00e1ginas web Inspectoriales.<\/span> La actual la pusimos en marcha en 2014, cuando naci\u00f3 nuestra Inspector\u00eda y, despu\u00e9s de seis a\u00f1os, necesitaba una renovaci\u00f3n profunda. <strong>Continuando con la propuesta t\u00e9cnica ofrecida tambi\u00e9n a las casas salesianas<\/strong>, ahora las web Inspectoriales dan tambi\u00e9n el salto al nuevo modelo.<\/p>\n<p><strong>Compartir dise\u00f1o, formatos y tecnolog\u00eda<\/strong> nos permite un m\u00e1s f\u00e1cil intercambio de contenidos, aprovechar sinergias y proyectar una imagen com\u00fan que nos identifica como Salesianos, independientemente del lugar en el que estemos.<\/p>\n<p>Con un concepto m\u00e1s actual, con <strong>mayor protagonismo de la imagen<\/strong>, presentamos la nueva web <a href=\"https:\/\/www.salesianos.edu\/\" target=\"_blank\" data-saferedirecturl=\"https:\/\/www.google.com\/url?q=https:\/\/www.salesianos.edu&amp;source=gmail&amp;ust=1590171299882000&amp;usg=AFQjCNFGcEqVUQ8BD4xSJD-5AloIrJNjlA\" rel=\"noopener noreferrer\">www.salesianos.edu<\/a>\u00a0 que ha sido trabajada con gran profesionalidad por el equipo t\u00e9cnico de la Delegaci\u00f3n de Comunicaci\u00f3n, con el asesoramiento del departamento de Inform\u00e1tica y el soporte de Dosatic.<\/p>\n<p>Aprovechando el cambio, y en <span style=\"color: #dc001b;\"><strong>estrecha relaci\u00f3n con la Delegaci\u00f3n de Pastoral Juvenil<\/strong><\/span>, toda la oferta y propuesta de pastoral, tanto de recursos como de los diferentes ambientes, est\u00e1 presente en la nueva web, as\u00ed como informaci\u00f3n b\u00e1sica de los Salesianos, la Inspector\u00eda y los principales sectores de nuestra misi\u00f3n.<\/p>\n<p>En un primer golpe de vista, el usuario puede acceder a todas las secciones de la web, tanto desde los men\u00fas, como desde el \u201cslider\u201d inicial. Y una gran novedad. Navegando por los men\u00fas de los distintos ambientes se puede acceder a un mapa interactivo en el que buscar, en toda Espa\u00f1a, las diferentes casas y obras salesianas, con una informaci\u00f3n b\u00e1sica de cada una de ellas.<\/p>\n<\/div>\n<div dir=\"ltr\">\n<p>&nbsp;<\/p>\n<\/div>\n<p>[\/et_pb_text][et_pb_text _builder_version=\u00bb4.4.6&#8243; custom_margin=\u00bb||-27px|||\u00bb custom_padding=\u00bb2px|||||\u00bb]<\/p>\n<div dir=\"ltr\">\n<p>En la <strong>primera l\u00ednea de men\u00fa<\/strong> puedes encontrar:<\/p>\n<\/div>\n<div dir=\"ltr\">\n<p>&nbsp;<\/p>\n<\/div>\n<p>[\/et_pb_text][et_pb_menu menu_id=\u00bb8&#8243; _builder_version=\u00bb4.4.6&#8243; custom_margin=\u00bb-43px|||||\u00bb][\/et_pb_menu][et_pb_text _builder_version=\u00bb4.4.6&#8243;]<\/p>\n<div dir=\"ltr\">\n<blockquote>\n<ul>\n<li>Acceso a las diferentes <strong>redes sociales, canal de Youtube, \u00e1lbumes de fotos<\/strong>.<\/li>\n<li><strong>Pastoral juvenil:<\/strong> un amplio abanico de enlaces desde los que acceder a la campa\u00f1a de pastoral, y los distintos ambientes de animaci\u00f3n (vocacional, misionera, educaci\u00f3n en la fe, deporte educativo\u2026). En cada uno, informaci\u00f3n b\u00e1sica de qu\u00e9 se est\u00e1 trabajando, materiales y enlaces a documentos y recursos importantes.<\/li>\n<li><strong>Noticias:<\/strong> Actualidad de la vida inspectorial, salesiana, y las noticias de <a href=\"http:\/\/www.salesianos.info\/\" target=\"_blank\" data-saferedirecturl=\"https:\/\/www.google.com\/url?q=http:\/\/www.salesianos.info&amp;source=gmail&amp;ust=1590171299882000&amp;usg=AFQjCNFV2-wRW-IiJNchO8YMtqFxQLsF3A\" rel=\"noopener noreferrer\">www.salesianos.info<\/a><\/li>\n<li><strong>Recursos, calendario y galer\u00eda:<\/strong> Acceso a documentos, materiales, de las diferentes delegaciones y de la Inspector\u00eda.<\/li>\n<li><strong>Ambiente seguro<\/strong><\/li>\n<\/ul>\n<\/blockquote>\n<\/div>\n<p>[\/et_pb_text][et_pb_text _builder_version=\u00bb4.4.6&#8243; custom_margin=\u00bb||-27px|||\u00bb custom_padding=\u00bb2px|||||\u00bb]<\/p>\n<div dir=\"ltr\">\n<p><span>En la <strong>segunda l\u00ednea<\/strong> de men\u00fa puedes encontrar:<\/span><\/p>\n<\/div>\n<div dir=\"ltr\">\n<p>&nbsp;<\/p>\n<\/div>\n<p>[\/et_pb_text][et_pb_menu menu_id=\u00bb7&#8243; _builder_version=\u00bb4.4.6&#8243; custom_margin=\u00bb-43px|||||\u00bb][\/et_pb_menu][et_pb_text _builder_version=\u00bb4.4.6&#8243;]<\/p>\n<div dir=\"ltr\">\n<blockquote>\n<ul>\n<li><span><strong>Salesianos:<\/strong> Aqu\u00ed te contamos la dentidad de la Congregaci\u00f3n, datos b\u00e1sicos, informaci\u00f3n sobre Don Bosco, nuestro fundador, y enlaces para conocer a los santos salesianos.<\/span><\/li>\n<li><span><strong>Inspector\u00eda:<\/strong> Resumimos la historia, organizaci\u00f3n y estructura de nuestra Inspector\u00eda, y se accede a un novedoso mapa desde el que puedes encontrar casas y obras salesianas de toda Espa\u00f1a.<\/span><\/li>\n<li><span><strong>Escuelas-Parroquias-Centros Juveniles-Plataformas Sociales-ONGD:<\/strong> Pilares b\u00e1sicos de nuestra misi\u00f3n, en cada uno de ellos ofrecemos una informaci\u00f3n b\u00e1sica de lo que hacemos, documentos de referencia, el acceso al mapa donde encontrar las diversas entidades salesianas, y los enlaces para ampliar el conocimiento de estas realidades.<\/span><\/li>\n<li><span><strong>Familia Salesiana:<\/strong> Breve explicaci\u00f3n de los diferentes grupos que existen en nuestra Inspector\u00eda y los enlaces para conocerlos m\u00e1s a fondo.<\/span><\/li>\n<li><span><strong>Servicios:<\/strong> Hemos incluido aqu\u00ed <strong>albergues, residencias, tambi\u00e9n los locales de la Casa Inspectorial<\/strong>, que sirven para encuentros, convivencias, reuniones de grupo. Tambi\u00e9n el apartado de <strong>Formaci\u00f3n, Econom\u00eda y Comunicaci\u00f3n,<\/strong> con la imagen corporativa, notas de prensa, plan de comunicaci\u00f3n\u2026 <\/span><\/li>\n<\/ul>\n<\/blockquote>\n<\/div>\n<p>[\/et_pb_text][et_pb_text _builder_version=\u00bb4.4.6&#8243; custom_margin=\u00bb||-27px|||\u00bb custom_padding=\u00bb2px|||||\u00bb]<\/p>\n<div dir=\"ltr\">\n<p><span><span style=\"color: #dc001b;\">Os invitamos a dar una vuelta en este nuevo espacio<\/span>, para <strong>conocer mejor la realidad inspectorial y salesiana<\/strong>: Salesianos, nuestra Inspector\u00eda, Escuelas, Parroquias, Centros Juveniles, Plataformas Sociales, ONGD y todos los campos de acci\u00f3n de la Pastoral Juvenil y los Servicios que presentamos. <\/span><\/p>\n<p><span>Y os invitamos a dedicar alg\u00fan minuto a navegar por las diferentes secciones y as\u00ed conocer d\u00f3nde puedes encontrar aquello que est\u00e1s buscando.<\/span><\/p>\n<p><span style=\"color: #dc001b;\">\u00a1Bienvenidos a esta nueva \u201ccasa\u201d! <strong>\u00a1Entrad al patio digital!<\/strong><\/span><\/p>\n<\/div>\n<div dir=\"ltr\">\n<p>&nbsp;<\/p>\n<\/div>\n<p>[\/et_pb_text][\/et_pb_column][\/et_pb_row][\/et_pb_section]<\/p>\n","protected":false},"excerpt":{"rendered":"<p>\u00a1Ya estamos de nuevo en l\u00ednea! Regresamos con una renovaci\u00f3n total de la web de la Inspector\u00eda para seguir contando lo que somos, lo que hacemos, la vida de nuestros centros y casas. Como venimos trabajando hace a\u00f1os, las delegaciones de comunicaci\u00f3n de las Inspector\u00edas Salesianas de Santiago el Mayor y Mar\u00eda Auxiladora hemos vuelto [&hellip;]<\/p>\n","protected":false},"author":12,"featured_media":8851,"comment_status":"open","ping_status":"open","sticky":false,"template":"","format":"standard","meta":{"_et_pb_use_builder":"on","_et_pb_old_content":"","_et_gb_content_width":"","footnotes":""},"categories":[36,37,28,29,38,39,30,25,31,27,32,40,33,34,24,35,15,41,42,26],"tags":[],"class_list":["post-8850","post","type-post","status-publish","format-standard","has-post-thumbnail","hentry","category-animacion-misionera","category-arte-y-expresion","category-centros-juveniles","category-comunicacion","category-congregacion","category-deporte-salesiano","category-economia","category-educacion-en-la-fe","category-escuelas","category-fasa","category-formacion","category-in-memoriam","category-ongd","category-parroquias","category-pastoral-juvenil","category-plataformas-sociales","category-portada","category-rector-mayor","category-solidaridad-y-justicia-global","category-vocacional"],"yoast_head":"<!-- This site is optimized with the Yoast SEO plugin v27.5 - https:\/\/yoast.com\/product\/yoast-seo-wordpress\/ -->\n<title>Nueva etapa de la p\u00e1gina web salesianos.edu - Familia Salesiana<\/title>\n<meta name=\"description\" content=\"enovaci\u00f3n total de la web de la Inspector\u00eda para seguir contando lo que somos, lo que hacemos, la vida de nuestros centros y casas.\" \/>\n<meta name=\"robots\" content=\"index, follow, max-snippet:-1, max-image-preview:large, max-video-preview:-1\" \/>\n<link rel=\"canonical\" href=\"https:\/\/www.salesianos.edu\/familiasalesiana\/nueva-etapa-de-la-pagina-web-salesianos-edu\/\" \/>\n<meta property=\"og:locale\" content=\"es_ES\" \/>\n<meta property=\"og:type\" content=\"article\" \/>\n<meta property=\"og:title\" content=\"Nueva etapa de la p\u00e1gina web salesianos.edu - Familia Salesiana\" \/>\n<meta property=\"og:description\" content=\"enovaci\u00f3n total de la web de la Inspector\u00eda para seguir contando lo que somos, lo que hacemos, la vida de nuestros centros y casas.\" \/>\n<meta property=\"og:url\" content=\"https:\/\/www.salesianos.edu\/familiasalesiana\/nueva-etapa-de-la-pagina-web-salesianos-edu\/\" \/>\n<meta property=\"og:site_name\" content=\"Familia Salesiana\" \/>\n<meta property=\"article:published_time\" content=\"2020-05-22T08:00:50+00:00\" \/>\n<meta property=\"og:image\" content=\"https:\/\/www.salesianos.edu\/familiasalesiana\/wp-content\/uploads\/sites\/5\/2020\/05\/WEB_image_popup.jpg\" \/>\n\t<meta property=\"og:image:width\" content=\"1080\" \/>\n\t<meta property=\"og:image:height\" content=\"680\" \/>\n\t<meta property=\"og:image:type\" content=\"image\/jpeg\" \/>\n<meta name=\"author\" content=\"joseluisgarciamoscoso\" \/>\n<meta name=\"twitter:card\" content=\"summary_large_image\" \/>\n<meta name=\"twitter:label1\" content=\"Escrito por\" \/>\n\t<meta name=\"twitter:data1\" content=\"joseluisgarciamoscoso\" \/>\n\t<meta name=\"twitter:label2\" content=\"Tiempo de lectura\" \/>\n\t<meta name=\"twitter:data2\" content=\"4 minutos\" \/>\n<script type=\"application\/ld+json\" class=\"yoast-schema-graph\">{\"@context\":\"https:\\\/\\\/schema.org\",\"@graph\":[{\"@type\":\"Article\",\"@id\":\"https:\\\/\\\/www.salesianos.edu\\\/familiasalesiana\\\/nueva-etapa-de-la-pagina-web-salesianos-edu\\\/#article\",\"isPartOf\":{\"@id\":\"https:\\\/\\\/www.salesianos.edu\\\/familiasalesiana\\\/nueva-etapa-de-la-pagina-web-salesianos-edu\\\/\"},\"author\":{\"name\":\"joseluisgarciamoscoso\",\"@id\":\"http:\\\/\\\/www.salesianos.edu\\\/familiasalesiana\\\/#\\\/schema\\\/person\\\/a1d72ee5373cce7347fb2993ba9f47d6\"},\"headline\":\"Nueva etapa de la p\u00e1gina web salesianos.edu\",\"datePublished\":\"2020-05-22T08:00:50+00:00\",\"mainEntityOfPage\":{\"@id\":\"https:\\\/\\\/www.salesianos.edu\\\/familiasalesiana\\\/nueva-etapa-de-la-pagina-web-salesianos-edu\\\/\"},\"wordCount\":872,\"commentCount\":1,\"image\":{\"@id\":\"https:\\\/\\\/www.salesianos.edu\\\/familiasalesiana\\\/nueva-etapa-de-la-pagina-web-salesianos-edu\\\/#primaryimage\"},\"thumbnailUrl\":\"https:\\\/\\\/www.salesianos.edu\\\/familiasalesiana\\\/wp-content\\\/uploads\\\/sites\\\/5\\\/2020\\\/05\\\/WEB_image_popup.jpg\",\"articleSection\":[\"Animaci\u00f3n Misionera\",\"Arte y expresi\u00f3n\",\"Centros Juveniles\",\"Comunicaci\u00f3n\",\"Congregaci\u00f3n\",\"Deporte Salesiano\",\"Econom\u00eda\",\"Educaci\u00f3n en la Fe\",\"Escuelas\",\"Familia Salesiana\",\"Formaci\u00f3n\",\"In Memoriam\",\"ONGD\",\"Parroquias\",\"Pastoral Juvenil\",\"Plataformas Sociales\",\"portada\",\"Rector Mayor\",\"Solidaridad y Justicia Global\",\"Vocacional\"],\"inLanguage\":\"es\",\"potentialAction\":[{\"@type\":\"CommentAction\",\"name\":\"Comment\",\"target\":[\"https:\\\/\\\/www.salesianos.edu\\\/familiasalesiana\\\/nueva-etapa-de-la-pagina-web-salesianos-edu\\\/#respond\"]}]},{\"@type\":\"WebPage\",\"@id\":\"https:\\\/\\\/www.salesianos.edu\\\/familiasalesiana\\\/nueva-etapa-de-la-pagina-web-salesianos-edu\\\/\",\"url\":\"https:\\\/\\\/www.salesianos.edu\\\/familiasalesiana\\\/nueva-etapa-de-la-pagina-web-salesianos-edu\\\/\",\"name\":\"Nueva etapa de la p\u00e1gina web salesianos.edu - Familia Salesiana\",\"isPartOf\":{\"@id\":\"http:\\\/\\\/www.salesianos.edu\\\/familiasalesiana\\\/#website\"},\"primaryImageOfPage\":{\"@id\":\"https:\\\/\\\/www.salesianos.edu\\\/familiasalesiana\\\/nueva-etapa-de-la-pagina-web-salesianos-edu\\\/#primaryimage\"},\"image\":{\"@id\":\"https:\\\/\\\/www.salesianos.edu\\\/familiasalesiana\\\/nueva-etapa-de-la-pagina-web-salesianos-edu\\\/#primaryimage\"},\"thumbnailUrl\":\"https:\\\/\\\/www.salesianos.edu\\\/familiasalesiana\\\/wp-content\\\/uploads\\\/sites\\\/5\\\/2020\\\/05\\\/WEB_image_popup.jpg\",\"datePublished\":\"2020-05-22T08:00:50+00:00\",\"author\":{\"@id\":\"http:\\\/\\\/www.salesianos.edu\\\/familiasalesiana\\\/#\\\/schema\\\/person\\\/a1d72ee5373cce7347fb2993ba9f47d6\"},\"description\":\"enovaci\u00f3n total de la web de la Inspector\u00eda para seguir contando lo que somos, lo que hacemos, la vida de nuestros centros y casas.\",\"breadcrumb\":{\"@id\":\"https:\\\/\\\/www.salesianos.edu\\\/familiasalesiana\\\/nueva-etapa-de-la-pagina-web-salesianos-edu\\\/#breadcrumb\"},\"inLanguage\":\"es\",\"potentialAction\":[{\"@type\":\"ReadAction\",\"target\":[\"https:\\\/\\\/www.salesianos.edu\\\/familiasalesiana\\\/nueva-etapa-de-la-pagina-web-salesianos-edu\\\/\"]}]},{\"@type\":\"ImageObject\",\"inLanguage\":\"es\",\"@id\":\"https:\\\/\\\/www.salesianos.edu\\\/familiasalesiana\\\/nueva-etapa-de-la-pagina-web-salesianos-edu\\\/#primaryimage\",\"url\":\"https:\\\/\\\/www.salesianos.edu\\\/familiasalesiana\\\/wp-content\\\/uploads\\\/sites\\\/5\\\/2020\\\/05\\\/WEB_image_popup.jpg\",\"contentUrl\":\"https:\\\/\\\/www.salesianos.edu\\\/familiasalesiana\\\/wp-content\\\/uploads\\\/sites\\\/5\\\/2020\\\/05\\\/WEB_image_popup.jpg\",\"width\":1080,\"height\":680},{\"@type\":\"BreadcrumbList\",\"@id\":\"https:\\\/\\\/www.salesianos.edu\\\/familiasalesiana\\\/nueva-etapa-de-la-pagina-web-salesianos-edu\\\/#breadcrumb\",\"itemListElement\":[{\"@type\":\"ListItem\",\"position\":1,\"name\":\"Portada\",\"item\":\"http:\\\/\\\/www.salesianos.edu\\\/familiasalesiana\\\/\"},{\"@type\":\"ListItem\",\"position\":2,\"name\":\"Nueva etapa de la p\u00e1gina web salesianos.edu\"}]},{\"@type\":\"WebSite\",\"@id\":\"http:\\\/\\\/www.salesianos.edu\\\/familiasalesiana\\\/#website\",\"url\":\"http:\\\/\\\/www.salesianos.edu\\\/familiasalesiana\\\/\",\"name\":\"Familia Salesiana\",\"description\":\"P\u00e1gina oficial de Inspector\u00eda Salesiana Mar\u00eda Auxiliadora\",\"potentialAction\":[{\"@type\":\"SearchAction\",\"target\":{\"@type\":\"EntryPoint\",\"urlTemplate\":\"http:\\\/\\\/www.salesianos.edu\\\/familiasalesiana\\\/?s={search_term_string}\"},\"query-input\":{\"@type\":\"PropertyValueSpecification\",\"valueRequired\":true,\"valueName\":\"search_term_string\"}}],\"inLanguage\":\"es\"},{\"@type\":\"Person\",\"@id\":\"http:\\\/\\\/www.salesianos.edu\\\/familiasalesiana\\\/#\\\/schema\\\/person\\\/a1d72ee5373cce7347fb2993ba9f47d6\",\"name\":\"joseluisgarciamoscoso\",\"image\":{\"@type\":\"ImageObject\",\"inLanguage\":\"es\",\"@id\":\"https:\\\/\\\/secure.gravatar.com\\\/avatar\\\/3fda3a0b2db3bc9a39871e47cbd526b42d6c3b74755b7ae1400a87b2913fea6a?s=96&d=mm&r=g\",\"url\":\"https:\\\/\\\/secure.gravatar.com\\\/avatar\\\/3fda3a0b2db3bc9a39871e47cbd526b42d6c3b74755b7ae1400a87b2913fea6a?s=96&d=mm&r=g\",\"contentUrl\":\"https:\\\/\\\/secure.gravatar.com\\\/avatar\\\/3fda3a0b2db3bc9a39871e47cbd526b42d6c3b74755b7ae1400a87b2913fea6a?s=96&d=mm&r=g\",\"caption\":\"joseluisgarciamoscoso\"}}]}<\/script>\n<!-- \/ Yoast SEO plugin. -->","yoast_head_json":{"title":"Nueva etapa de la p\u00e1gina web salesianos.edu - Familia Salesiana","description":"enovaci\u00f3n total de la web de la Inspector\u00eda para seguir contando lo que somos, lo que hacemos, la vida de nuestros centros y casas.","robots":{"index":"index","follow":"follow","max-snippet":"max-snippet:-1","max-image-preview":"max-image-preview:large","max-video-preview":"max-video-preview:-1"},"canonical":"https:\/\/www.salesianos.edu\/familiasalesiana\/nueva-etapa-de-la-pagina-web-salesianos-edu\/","og_locale":"es_ES","og_type":"article","og_title":"Nueva etapa de la p\u00e1gina web salesianos.edu - Familia Salesiana","og_description":"enovaci\u00f3n total de la web de la Inspector\u00eda para seguir contando lo que somos, lo que hacemos, la vida de nuestros centros y casas.","og_url":"https:\/\/www.salesianos.edu\/familiasalesiana\/nueva-etapa-de-la-pagina-web-salesianos-edu\/","og_site_name":"Familia Salesiana","article_published_time":"2020-05-22T08:00:50+00:00","og_image":[{"width":1080,"height":680,"url":"https:\/\/www.salesianos.edu\/familiasalesiana\/wp-content\/uploads\/sites\/5\/2020\/05\/WEB_image_popup.jpg","type":"image\/jpeg"}],"author":"joseluisgarciamoscoso","twitter_card":"summary_large_image","twitter_misc":{"Escrito por":"joseluisgarciamoscoso","Tiempo de lectura":"4 minutos"},"schema":{"@context":"https:\/\/schema.org","@graph":[{"@type":"Article","@id":"https:\/\/www.salesianos.edu\/familiasalesiana\/nueva-etapa-de-la-pagina-web-salesianos-edu\/#article","isPartOf":{"@id":"https:\/\/www.salesianos.edu\/familiasalesiana\/nueva-etapa-de-la-pagina-web-salesianos-edu\/"},"author":{"name":"joseluisgarciamoscoso","@id":"http:\/\/www.salesianos.edu\/familiasalesiana\/#\/schema\/person\/a1d72ee5373cce7347fb2993ba9f47d6"},"headline":"Nueva etapa de la p\u00e1gina web salesianos.edu","datePublished":"2020-05-22T08:00:50+00:00","mainEntityOfPage":{"@id":"https:\/\/www.salesianos.edu\/familiasalesiana\/nueva-etapa-de-la-pagina-web-salesianos-edu\/"},"wordCount":872,"commentCount":1,"image":{"@id":"https:\/\/www.salesianos.edu\/familiasalesiana\/nueva-etapa-de-la-pagina-web-salesianos-edu\/#primaryimage"},"thumbnailUrl":"https:\/\/www.salesianos.edu\/familiasalesiana\/wp-content\/uploads\/sites\/5\/2020\/05\/WEB_image_popup.jpg","articleSection":["Animaci\u00f3n Misionera","Arte y expresi\u00f3n","Centros Juveniles","Comunicaci\u00f3n","Congregaci\u00f3n","Deporte Salesiano","Econom\u00eda","Educaci\u00f3n en la Fe","Escuelas","Familia Salesiana","Formaci\u00f3n","In Memoriam","ONGD","Parroquias","Pastoral Juvenil","Plataformas Sociales","portada","Rector Mayor","Solidaridad y Justicia Global","Vocacional"],"inLanguage":"es","potentialAction":[{"@type":"CommentAction","name":"Comment","target":["https:\/\/www.salesianos.edu\/familiasalesiana\/nueva-etapa-de-la-pagina-web-salesianos-edu\/#respond"]}]},{"@type":"WebPage","@id":"https:\/\/www.salesianos.edu\/familiasalesiana\/nueva-etapa-de-la-pagina-web-salesianos-edu\/","url":"https:\/\/www.salesianos.edu\/familiasalesiana\/nueva-etapa-de-la-pagina-web-salesianos-edu\/","name":"Nueva etapa de la p\u00e1gina web salesianos.edu - Familia Salesiana","isPartOf":{"@id":"http:\/\/www.salesianos.edu\/familiasalesiana\/#website"},"primaryImageOfPage":{"@id":"https:\/\/www.salesianos.edu\/familiasalesiana\/nueva-etapa-de-la-pagina-web-salesianos-edu\/#primaryimage"},"image":{"@id":"https:\/\/www.salesianos.edu\/familiasalesiana\/nueva-etapa-de-la-pagina-web-salesianos-edu\/#primaryimage"},"thumbnailUrl":"https:\/\/www.salesianos.edu\/familiasalesiana\/wp-content\/uploads\/sites\/5\/2020\/05\/WEB_image_popup.jpg","datePublished":"2020-05-22T08:00:50+00:00","author":{"@id":"http:\/\/www.salesianos.edu\/familiasalesiana\/#\/schema\/person\/a1d72ee5373cce7347fb2993ba9f47d6"},"description":"enovaci\u00f3n total de la web de la Inspector\u00eda para seguir contando lo que somos, lo que hacemos, la vida de nuestros centros y casas.","breadcrumb":{"@id":"https:\/\/www.salesianos.edu\/familiasalesiana\/nueva-etapa-de-la-pagina-web-salesianos-edu\/#breadcrumb"},"inLanguage":"es","potentialAction":[{"@type":"ReadAction","target":["https:\/\/www.salesianos.edu\/familiasalesiana\/nueva-etapa-de-la-pagina-web-salesianos-edu\/"]}]},{"@type":"ImageObject","inLanguage":"es","@id":"https:\/\/www.salesianos.edu\/familiasalesiana\/nueva-etapa-de-la-pagina-web-salesianos-edu\/#primaryimage","url":"https:\/\/www.salesianos.edu\/familiasalesiana\/wp-content\/uploads\/sites\/5\/2020\/05\/WEB_image_popup.jpg","contentUrl":"https:\/\/www.salesianos.edu\/familiasalesiana\/wp-content\/uploads\/sites\/5\/2020\/05\/WEB_image_popup.jpg","width":1080,"height":680},{"@type":"BreadcrumbList","@id":"https:\/\/www.salesianos.edu\/familiasalesiana\/nueva-etapa-de-la-pagina-web-salesianos-edu\/#breadcrumb","itemListElement":[{"@type":"ListItem","position":1,"name":"Portada","item":"http:\/\/www.salesianos.edu\/familiasalesiana\/"},{"@type":"ListItem","position":2,"name":"Nueva etapa de la p\u00e1gina web salesianos.edu"}]},{"@type":"WebSite","@id":"http:\/\/www.salesianos.edu\/familiasalesiana\/#website","url":"http:\/\/www.salesianos.edu\/familiasalesiana\/","name":"Familia Salesiana","description":"P\u00e1gina oficial de Inspector\u00eda Salesiana Mar\u00eda Auxiliadora","potentialAction":[{"@type":"SearchAction","target":{"@type":"EntryPoint","urlTemplate":"http:\/\/www.salesianos.edu\/familiasalesiana\/?s={search_term_string}"},"query-input":{"@type":"PropertyValueSpecification","valueRequired":true,"valueName":"search_term_string"}}],"inLanguage":"es"},{"@type":"Person","@id":"http:\/\/www.salesianos.edu\/familiasalesiana\/#\/schema\/person\/a1d72ee5373cce7347fb2993ba9f47d6","name":"joseluisgarciamoscoso","image":{"@type":"ImageObject","inLanguage":"es","@id":"https:\/\/secure.gravatar.com\/avatar\/3fda3a0b2db3bc9a39871e47cbd526b42d6c3b74755b7ae1400a87b2913fea6a?s=96&d=mm&r=g","url":"https:\/\/secure.gravatar.com\/avatar\/3fda3a0b2db3bc9a39871e47cbd526b42d6c3b74755b7ae1400a87b2913fea6a?s=96&d=mm&r=g","contentUrl":"https:\/\/secure.gravatar.com\/avatar\/3fda3a0b2db3bc9a39871e47cbd526b42d6c3b74755b7ae1400a87b2913fea6a?s=96&d=mm&r=g","caption":"joseluisgarciamoscoso"}}]}},"_links":{"self":[{"href":"https:\/\/www.salesianos.edu\/familiasalesiana\/wp-json\/wp\/v2\/posts\/8850","targetHints":{"allow":["GET"]}}],"collection":[{"href":"https:\/\/www.salesianos.edu\/familiasalesiana\/wp-json\/wp\/v2\/posts"}],"about":[{"href":"https:\/\/www.salesianos.edu\/familiasalesiana\/wp-json\/wp\/v2\/types\/post"}],"author":[{"embeddable":true,"href":"https:\/\/www.salesianos.edu\/familiasalesiana\/wp-json\/wp\/v2\/users\/12"}],"replies":[{"embeddable":true,"href":"https:\/\/www.salesianos.edu\/familiasalesiana\/wp-json\/wp\/v2\/comments?post=8850"}],"version-history":[{"count":0,"href":"https:\/\/www.salesianos.edu\/familiasalesiana\/wp-json\/wp\/v2\/posts\/8850\/revisions"}],"wp:featuredmedia":[{"embeddable":true,"href":"https:\/\/www.salesianos.edu\/familiasalesiana\/wp-json\/wp\/v2\/media\/8851"}],"wp:attachment":[{"href":"https:\/\/www.salesianos.edu\/familiasalesiana\/wp-json\/wp\/v2\/media?parent=8850"}],"wp:term":[{"taxonomy":"category","embeddable":true,"href":"https:\/\/www.salesianos.edu\/familiasalesiana\/wp-json\/wp\/v2\/categories?post=8850"},{"taxonomy":"post_tag","embeddable":true,"href":"https:\/\/www.salesianos.edu\/familiasalesiana\/wp-json\/wp\/v2\/tags?post=8850"}],"curies":[{"name":"wp","href":"https:\/\/api.w.org\/{rel}","templated":true}]}}