{"id":8781,"date":"2020-05-12T07:54:35","date_gmt":"2020-05-12T06:54:35","guid":{"rendered":"https:\/\/www.salesianos.edu\/familiasalesiana\/?p=8781"},"modified":"2021-03-03T13:42:21","modified_gmt":"2021-03-03T12:42:21","slug":"joan-lluis-playa-i-morera-nuevo-delegado-mundial-del-rector-mayor-para-la-familia-salesiana","status":"publish","type":"post","link":"https:\/\/www.salesianos.edu\/familiasalesiana\/joan-lluis-playa-i-morera-nuevo-delegado-mundial-del-rector-mayor-para-la-familia-salesiana\/","title":{"rendered":"Joan Llu\u00eds Play\u00e0 i Morera, nuevo Delegado mundial del Rector Mayor para la Familia Salesiana"},"content":{"rendered":"<div id=\"fb-root\"><\/div>\n<p>[et_pb_section fb_built=\u00bb1&#8243; _builder_version=\u00bb4.4.4&#8243;][et_pb_row _builder_version=\u00bb4.4.4&#8243;][et_pb_column type=\u00bb4_4&#8243; _builder_version=\u00bb4.4.4&#8243;][et_pb_text _builder_version=\u00bb4.4.4&#8243; text_line_height=\u00bb1.5em\u00bb header_font_size=\u00bb27px\u00bb custom_padding=\u00bb||0px||false|false\u00bb]<\/p>\n<div class=\"entradillahor\">\n<div>\n<div>\n<p><span style=\"font-size: 12pt;\"><em>El Rector Mayor agradeci\u00f3 el servicio de Eusebio Mu\u00f1oz, quien fuera Delegado Mundial de la Familia Salesiana de 2014 al 2020, que asume el encargo como Director de la Procura Misionera Salesiana de Madrid.<\/em><\/span><\/p>\n<\/div>\n<div><span style=\"font-size: 12pt;\">El viernes 8 de mayo, al finalizar la sesi\u00f3n del Consejo General, durante las buenas noches ofrecidas por el Rector Mayor, \u00c1ngel Fern\u00e1ndez Artime anunci\u00f3 el <strong>nombramiento de Joan Llu\u00eds Play\u00e0 como nuevo Delegado mundial del Rector Mayor para la Familia Salesiana.<\/strong><\/span><\/div>\n<\/div>\n<\/div>\n<div id=\"contenido\">\n<div>\u00a0<\/div>\n<div><span style=\"font-size: 12pt;\">Play\u00e0 naci\u00f3 en Terrassa (Barcelona), en 1947. Fue antiguo alumno de la Casa Salesiana de Terrassa. Realiz\u00f3 se Profesi\u00f3n Religiosa Perpetua en 1966 y fue Consagrado Sacerdote en 1977. Realiz\u00f3 estudios de magisterio, formaci\u00f3n de adultos, teolog\u00eda pastoral y teolog\u00eda espiritual y obtuvo la licenciatura en Teolog\u00eda Moral en la Facultad de Teolog\u00eda de Barcelona.<\/span><\/div>\n<div>\u00a0<\/div>\n<div>\n<div><span style=\"font-size: 12pt;\">Su trayectoria se desaroll\u00f3 entre diferentes comunidades y espacios en los que comparti\u00f3 vida y misi\u00f3n. Se destacan los siguiente:<\/span><\/div>\n<div>\u00a0<\/div>\n<div>\n<ul>\n<li><span style=\"font-size: 12pt;\">Durante los cursos 1969-1972 vivi\u00f3 el Tirocinio entre las casas de Sant Vicen\u00e7 dels Horts y Girona como formador de aspirantes y profesor de secundaria.<\/span><\/li>\n<li><span style=\"font-size: 12pt;\">De 1975 a 1981, despu\u00e9s de la Formaci\u00f3n espec\u00edfica, desarroll\u00f3 su misi\u00f3n en la casa de Matar\u00f3 (Barcelona) como coordinador de estudios y coordinador pastoral, colaborando tambi\u00e9n en la formaci\u00f3n de aspirantes y animando a una comunidad cristiana en un barrio marginal de la ciudad.<\/span><\/li>\n<li><span style=\"font-size: 12pt;\">Posteriormente, en el curso 1981-1982 fue asistente de novicios en Terrassa (Barcelona), mientras que, en los a\u00f1os 1982-1988, perteneci\u00f3 al Consejo Provincial como delegado de Pastoral Juvenil.<\/span><\/li>\n<li><span style=\"font-size: 12pt;\">De 1988 a 1994 realiz\u00f3 sus funciones como director de la comunidad, profesor y tirular de la presencia salesiana de Andorra.<\/span><\/li>\n<li><span style=\"font-size: 12pt;\">De 1994 a 2000 desempe\u00f1\u00f3 el cargo como director de la comunidad, profesor y titular de la Escuela Profesional Salesiana de Barcelona-Sarri\u00e0, y de 1997 a 2000 como Consejero Provincial de Barcelona. De 2000 a 2006 trabaj\u00f3 como Vicario Provincial, de 2000 a 2003 fue coordinador inspectorial de las Escuelas y durante el per\u00edodo 2003-2006 ejerci\u00f3 como Delegado de Formaci\u00f3n, entre otros.<\/span><\/li>\n<li><span style=\"font-size: 12pt;\">Durante los cursos 2006-2014 realiz\u00f3 sus funciones como director de la Comunidad, profesor y titular de la casa de Barcelona-Rocafort; fue Delegado Inspectorial de Comunicaci\u00f3n para el trienio 2007-2010; Asistente Regional de las Voluntarias de Don Bosco (VDB), de 2011 a 2015.<\/span><\/li>\n<\/ul>\n<div>\u00a0<\/div>\n<div><span style=\"font-size: 12pt;\">Con la unificaci\u00f3n de las inspector\u00edas, en el curso 2014-2015, fue nombrado Consejero Provincial de la Inspector\u00eda Salesiana Mar\u00eda Auxiliadora (SMX) y Delegado de la Familia Salesiana.<\/span><\/div>\n<div>\u00a0<\/div>\n<div><span style=\"font-size: 12pt;\">Fue llamado por el Rector Mayor a Roma (sede central) en el a\u00f1o 2015 como asistente central de las Voluntarias de Don Bosco (VDB) y de los Voluntarios con Don Bosco (CDB), adem\u00e1s de ejercer como secretario de la Regi\u00f3n del Mediterr\u00e1neo.<\/span><\/div>\n<div>\u00a0<\/div>\n<div><span style=\"font-size: 12pt;\">Junto con su nueva responsabilidad, continuar\u00e1 siendo el asistente central de VDB y CDB. El Rector Mayor agradeci\u00f3 el servicio del Padre Eusebio Mu\u00f1oz quien desde 2014 ha sido el Delegado mundial de la Familia Salesiana en la Congregaci\u00f3n.<\/span><\/div>\n<\/div>\n<\/div>\n<\/div>\n<p>[\/et_pb_text][\/et_pb_column][\/et_pb_row][\/et_pb_section]<\/p>\n","protected":false},"excerpt":{"rendered":"<p>El Rector Mayor agradeci\u00f3 el servicio de Eusebio Mu\u00f1oz, quien fuera Delegado Mundial de la Familia Salesiana de 2014 al 2020, que asume el encargo como Director de la Procura Misionera Salesiana de Madrid. El viernes 8 de mayo, al finalizar la sesi\u00f3n del Consejo General, durante las buenas noches ofrecidas por el Rector Mayor, [&hellip;]<\/p>\n","protected":false},"author":12,"featured_media":0,"comment_status":"open","ping_status":"open","sticky":false,"template":"","format":"standard","meta":{"_et_pb_use_builder":"on","_et_pb_old_content":"","_et_gb_content_width":"","footnotes":""},"categories":[53,27],"tags":[],"class_list":["post-8781","post","type-post","status-publish","format-standard","hentry","category-adma","category-fasa"],"yoast_head":"<!-- This site is optimized with the Yoast SEO plugin v27.5 - https:\/\/yoast.com\/product\/yoast-seo-wordpress\/ -->\n<title>Joan Llu\u00eds Play\u00e0 i Morera, nuevo Delegado mundial del Rector Mayor para la Familia Salesiana - Familia Salesiana<\/title>\n<meta name=\"robots\" content=\"index, follow, max-snippet:-1, max-image-preview:large, max-video-preview:-1\" \/>\n<link rel=\"canonical\" href=\"https:\/\/www.salesianos.edu\/familiasalesiana\/joan-lluis-playa-i-morera-nuevo-delegado-mundial-del-rector-mayor-para-la-familia-salesiana\/\" \/>\n<meta property=\"og:locale\" content=\"es_ES\" \/>\n<meta property=\"og:type\" content=\"article\" \/>\n<meta property=\"og:title\" content=\"Joan Llu\u00eds Play\u00e0 i Morera, nuevo Delegado mundial del Rector Mayor para la Familia Salesiana - Familia Salesiana\" \/>\n<meta property=\"og:description\" content=\"Titulo p\u00e1ginas Subtitulo 1 Lorem Ipsum es simplemente el texto de relleno de las imprentas y archivos de texto. Lorem Ipsum ha sido el texto de relleno est\u00e1ndar de las industrias desde el a\u00f1o 1500, cuando un impresor (N. del T. persona que se dedica a la imprenta) desconocido us\u00f3 una galer\u00eda de textos y [&hellip;]\" \/>\n<meta property=\"og:url\" content=\"https:\/\/www.salesianos.edu\/familiasalesiana\/joan-lluis-playa-i-morera-nuevo-delegado-mundial-del-rector-mayor-para-la-familia-salesiana\/\" \/>\n<meta property=\"og:site_name\" content=\"Familia Salesiana\" \/>\n<meta property=\"article:published_time\" content=\"2020-05-12T06:54:35+00:00\" \/>\n<meta property=\"article:modified_time\" content=\"2021-03-03T12:42:21+00:00\" \/>\n<meta name=\"author\" content=\"joseluisgarciamoscoso\" \/>\n<meta name=\"twitter:card\" content=\"summary_large_image\" \/>\n<meta name=\"twitter:label1\" content=\"Escrito por\" \/>\n\t<meta name=\"twitter:data1\" content=\"joseluisgarciamoscoso\" \/>\n\t<meta name=\"twitter:label2\" content=\"Tiempo de lectura\" \/>\n\t<meta name=\"twitter:data2\" content=\"3 minutos\" \/>\n<script type=\"application\/ld+json\" class=\"yoast-schema-graph\">{\"@context\":\"https:\\\/\\\/schema.org\",\"@graph\":[{\"@type\":\"Article\",\"@id\":\"https:\\\/\\\/www.salesianos.edu\\\/familiasalesiana\\\/joan-lluis-playa-i-morera-nuevo-delegado-mundial-del-rector-mayor-para-la-familia-salesiana\\\/#article\",\"isPartOf\":{\"@id\":\"https:\\\/\\\/www.salesianos.edu\\\/familiasalesiana\\\/joan-lluis-playa-i-morera-nuevo-delegado-mundial-del-rector-mayor-para-la-familia-salesiana\\\/\"},\"author\":{\"name\":\"joseluisgarciamoscoso\",\"@id\":\"http:\\\/\\\/www.salesianos.edu\\\/familiasalesiana\\\/#\\\/schema\\\/person\\\/a1d72ee5373cce7347fb2993ba9f47d6\"},\"headline\":\"Joan Llu\u00eds Play\u00e0 i Morera, nuevo Delegado mundial del Rector Mayor para la Familia Salesiana\",\"datePublished\":\"2020-05-12T06:54:35+00:00\",\"dateModified\":\"2021-03-03T12:42:21+00:00\",\"mainEntityOfPage\":{\"@id\":\"https:\\\/\\\/www.salesianos.edu\\\/familiasalesiana\\\/joan-lluis-playa-i-morera-nuevo-delegado-mundial-del-rector-mayor-para-la-familia-salesiana\\\/\"},\"wordCount\":554,\"commentCount\":0,\"articleSection\":[\"ADMA\",\"Familia Salesiana\"],\"inLanguage\":\"es\",\"potentialAction\":[{\"@type\":\"CommentAction\",\"name\":\"Comment\",\"target\":[\"https:\\\/\\\/www.salesianos.edu\\\/familiasalesiana\\\/joan-lluis-playa-i-morera-nuevo-delegado-mundial-del-rector-mayor-para-la-familia-salesiana\\\/#respond\"]}]},{\"@type\":\"WebPage\",\"@id\":\"https:\\\/\\\/www.salesianos.edu\\\/familiasalesiana\\\/joan-lluis-playa-i-morera-nuevo-delegado-mundial-del-rector-mayor-para-la-familia-salesiana\\\/\",\"url\":\"https:\\\/\\\/www.salesianos.edu\\\/familiasalesiana\\\/joan-lluis-playa-i-morera-nuevo-delegado-mundial-del-rector-mayor-para-la-familia-salesiana\\\/\",\"name\":\"Joan Llu\u00eds Play\u00e0 i Morera, nuevo Delegado mundial del Rector Mayor para la Familia Salesiana - Familia Salesiana\",\"isPartOf\":{\"@id\":\"http:\\\/\\\/www.salesianos.edu\\\/familiasalesiana\\\/#website\"},\"datePublished\":\"2020-05-12T06:54:35+00:00\",\"dateModified\":\"2021-03-03T12:42:21+00:00\",\"author\":{\"@id\":\"http:\\\/\\\/www.salesianos.edu\\\/familiasalesiana\\\/#\\\/schema\\\/person\\\/a1d72ee5373cce7347fb2993ba9f47d6\"},\"breadcrumb\":{\"@id\":\"https:\\\/\\\/www.salesianos.edu\\\/familiasalesiana\\\/joan-lluis-playa-i-morera-nuevo-delegado-mundial-del-rector-mayor-para-la-familia-salesiana\\\/#breadcrumb\"},\"inLanguage\":\"es\",\"potentialAction\":[{\"@type\":\"ReadAction\",\"target\":[\"https:\\\/\\\/www.salesianos.edu\\\/familiasalesiana\\\/joan-lluis-playa-i-morera-nuevo-delegado-mundial-del-rector-mayor-para-la-familia-salesiana\\\/\"]}]},{\"@type\":\"BreadcrumbList\",\"@id\":\"https:\\\/\\\/www.salesianos.edu\\\/familiasalesiana\\\/joan-lluis-playa-i-morera-nuevo-delegado-mundial-del-rector-mayor-para-la-familia-salesiana\\\/#breadcrumb\",\"itemListElement\":[{\"@type\":\"ListItem\",\"position\":1,\"name\":\"Portada\",\"item\":\"http:\\\/\\\/www.salesianos.edu\\\/familiasalesiana\\\/\"},{\"@type\":\"ListItem\",\"position\":2,\"name\":\"Joan Llu\u00eds Play\u00e0 i Morera, nuevo Delegado mundial del Rector Mayor para la Familia Salesiana\"}]},{\"@type\":\"WebSite\",\"@id\":\"http:\\\/\\\/www.salesianos.edu\\\/familiasalesiana\\\/#website\",\"url\":\"http:\\\/\\\/www.salesianos.edu\\\/familiasalesiana\\\/\",\"name\":\"Familia Salesiana\",\"description\":\"P\u00e1gina oficial de Inspector\u00eda Salesiana Mar\u00eda Auxiliadora\",\"potentialAction\":[{\"@type\":\"SearchAction\",\"target\":{\"@type\":\"EntryPoint\",\"urlTemplate\":\"http:\\\/\\\/www.salesianos.edu\\\/familiasalesiana\\\/?s={search_term_string}\"},\"query-input\":{\"@type\":\"PropertyValueSpecification\",\"valueRequired\":true,\"valueName\":\"search_term_string\"}}],\"inLanguage\":\"es\"},{\"@type\":\"Person\",\"@id\":\"http:\\\/\\\/www.salesianos.edu\\\/familiasalesiana\\\/#\\\/schema\\\/person\\\/a1d72ee5373cce7347fb2993ba9f47d6\",\"name\":\"joseluisgarciamoscoso\",\"image\":{\"@type\":\"ImageObject\",\"inLanguage\":\"es\",\"@id\":\"https:\\\/\\\/secure.gravatar.com\\\/avatar\\\/3fda3a0b2db3bc9a39871e47cbd526b42d6c3b74755b7ae1400a87b2913fea6a?s=96&d=mm&r=g\",\"url\":\"https:\\\/\\\/secure.gravatar.com\\\/avatar\\\/3fda3a0b2db3bc9a39871e47cbd526b42d6c3b74755b7ae1400a87b2913fea6a?s=96&d=mm&r=g\",\"contentUrl\":\"https:\\\/\\\/secure.gravatar.com\\\/avatar\\\/3fda3a0b2db3bc9a39871e47cbd526b42d6c3b74755b7ae1400a87b2913fea6a?s=96&d=mm&r=g\",\"caption\":\"joseluisgarciamoscoso\"}}]}<\/script>\n<!-- \/ Yoast SEO plugin. -->","yoast_head_json":{"title":"Joan Llu\u00eds Play\u00e0 i Morera, nuevo Delegado mundial del Rector Mayor para la Familia Salesiana - Familia Salesiana","robots":{"index":"index","follow":"follow","max-snippet":"max-snippet:-1","max-image-preview":"max-image-preview:large","max-video-preview":"max-video-preview:-1"},"canonical":"https:\/\/www.salesianos.edu\/familiasalesiana\/joan-lluis-playa-i-morera-nuevo-delegado-mundial-del-rector-mayor-para-la-familia-salesiana\/","og_locale":"es_ES","og_type":"article","og_title":"Joan Llu\u00eds Play\u00e0 i Morera, nuevo Delegado mundial del Rector Mayor para la Familia Salesiana - Familia Salesiana","og_description":"Titulo p\u00e1ginas Subtitulo 1 Lorem Ipsum es simplemente el texto de relleno de las imprentas y archivos de texto. Lorem Ipsum ha sido el texto de relleno est\u00e1ndar de las industrias desde el a\u00f1o 1500, cuando un impresor (N. del T. persona que se dedica a la imprenta) desconocido us\u00f3 una galer\u00eda de textos y [&hellip;]","og_url":"https:\/\/www.salesianos.edu\/familiasalesiana\/joan-lluis-playa-i-morera-nuevo-delegado-mundial-del-rector-mayor-para-la-familia-salesiana\/","og_site_name":"Familia Salesiana","article_published_time":"2020-05-12T06:54:35+00:00","article_modified_time":"2021-03-03T12:42:21+00:00","author":"joseluisgarciamoscoso","twitter_card":"summary_large_image","twitter_misc":{"Escrito por":"joseluisgarciamoscoso","Tiempo de lectura":"3 minutos"},"schema":{"@context":"https:\/\/schema.org","@graph":[{"@type":"Article","@id":"https:\/\/www.salesianos.edu\/familiasalesiana\/joan-lluis-playa-i-morera-nuevo-delegado-mundial-del-rector-mayor-para-la-familia-salesiana\/#article","isPartOf":{"@id":"https:\/\/www.salesianos.edu\/familiasalesiana\/joan-lluis-playa-i-morera-nuevo-delegado-mundial-del-rector-mayor-para-la-familia-salesiana\/"},"author":{"name":"joseluisgarciamoscoso","@id":"http:\/\/www.salesianos.edu\/familiasalesiana\/#\/schema\/person\/a1d72ee5373cce7347fb2993ba9f47d6"},"headline":"Joan Llu\u00eds Play\u00e0 i Morera, nuevo Delegado mundial del Rector Mayor para la Familia Salesiana","datePublished":"2020-05-12T06:54:35+00:00","dateModified":"2021-03-03T12:42:21+00:00","mainEntityOfPage":{"@id":"https:\/\/www.salesianos.edu\/familiasalesiana\/joan-lluis-playa-i-morera-nuevo-delegado-mundial-del-rector-mayor-para-la-familia-salesiana\/"},"wordCount":554,"commentCount":0,"articleSection":["ADMA","Familia Salesiana"],"inLanguage":"es","potentialAction":[{"@type":"CommentAction","name":"Comment","target":["https:\/\/www.salesianos.edu\/familiasalesiana\/joan-lluis-playa-i-morera-nuevo-delegado-mundial-del-rector-mayor-para-la-familia-salesiana\/#respond"]}]},{"@type":"WebPage","@id":"https:\/\/www.salesianos.edu\/familiasalesiana\/joan-lluis-playa-i-morera-nuevo-delegado-mundial-del-rector-mayor-para-la-familia-salesiana\/","url":"https:\/\/www.salesianos.edu\/familiasalesiana\/joan-lluis-playa-i-morera-nuevo-delegado-mundial-del-rector-mayor-para-la-familia-salesiana\/","name":"Joan Llu\u00eds Play\u00e0 i Morera, nuevo Delegado mundial del Rector Mayor para la Familia Salesiana - Familia Salesiana","isPartOf":{"@id":"http:\/\/www.salesianos.edu\/familiasalesiana\/#website"},"datePublished":"2020-05-12T06:54:35+00:00","dateModified":"2021-03-03T12:42:21+00:00","author":{"@id":"http:\/\/www.salesianos.edu\/familiasalesiana\/#\/schema\/person\/a1d72ee5373cce7347fb2993ba9f47d6"},"breadcrumb":{"@id":"https:\/\/www.salesianos.edu\/familiasalesiana\/joan-lluis-playa-i-morera-nuevo-delegado-mundial-del-rector-mayor-para-la-familia-salesiana\/#breadcrumb"},"inLanguage":"es","potentialAction":[{"@type":"ReadAction","target":["https:\/\/www.salesianos.edu\/familiasalesiana\/joan-lluis-playa-i-morera-nuevo-delegado-mundial-del-rector-mayor-para-la-familia-salesiana\/"]}]},{"@type":"BreadcrumbList","@id":"https:\/\/www.salesianos.edu\/familiasalesiana\/joan-lluis-playa-i-morera-nuevo-delegado-mundial-del-rector-mayor-para-la-familia-salesiana\/#breadcrumb","itemListElement":[{"@type":"ListItem","position":1,"name":"Portada","item":"http:\/\/www.salesianos.edu\/familiasalesiana\/"},{"@type":"ListItem","position":2,"name":"Joan Llu\u00eds Play\u00e0 i Morera, nuevo Delegado mundial del Rector Mayor para la Familia Salesiana"}]},{"@type":"WebSite","@id":"http:\/\/www.salesianos.edu\/familiasalesiana\/#website","url":"http:\/\/www.salesianos.edu\/familiasalesiana\/","name":"Familia Salesiana","description":"P\u00e1gina oficial de Inspector\u00eda Salesiana Mar\u00eda Auxiliadora","potentialAction":[{"@type":"SearchAction","target":{"@type":"EntryPoint","urlTemplate":"http:\/\/www.salesianos.edu\/familiasalesiana\/?s={search_term_string}"},"query-input":{"@type":"PropertyValueSpecification","valueRequired":true,"valueName":"search_term_string"}}],"inLanguage":"es"},{"@type":"Person","@id":"http:\/\/www.salesianos.edu\/familiasalesiana\/#\/schema\/person\/a1d72ee5373cce7347fb2993ba9f47d6","name":"joseluisgarciamoscoso","image":{"@type":"ImageObject","inLanguage":"es","@id":"https:\/\/secure.gravatar.com\/avatar\/3fda3a0b2db3bc9a39871e47cbd526b42d6c3b74755b7ae1400a87b2913fea6a?s=96&d=mm&r=g","url":"https:\/\/secure.gravatar.com\/avatar\/3fda3a0b2db3bc9a39871e47cbd526b42d6c3b74755b7ae1400a87b2913fea6a?s=96&d=mm&r=g","contentUrl":"https:\/\/secure.gravatar.com\/avatar\/3fda3a0b2db3bc9a39871e47cbd526b42d6c3b74755b7ae1400a87b2913fea6a?s=96&d=mm&r=g","caption":"joseluisgarciamoscoso"}}]}},"_links":{"self":[{"href":"https:\/\/www.salesianos.edu\/familiasalesiana\/wp-json\/wp\/v2\/posts\/8781","targetHints":{"allow":["GET"]}}],"collection":[{"href":"https:\/\/www.salesianos.edu\/familiasalesiana\/wp-json\/wp\/v2\/posts"}],"about":[{"href":"https:\/\/www.salesianos.edu\/familiasalesiana\/wp-json\/wp\/v2\/types\/post"}],"author":[{"embeddable":true,"href":"https:\/\/www.salesianos.edu\/familiasalesiana\/wp-json\/wp\/v2\/users\/12"}],"replies":[{"embeddable":true,"href":"https:\/\/www.salesianos.edu\/familiasalesiana\/wp-json\/wp\/v2\/comments?post=8781"}],"version-history":[{"count":1,"href":"https:\/\/www.salesianos.edu\/familiasalesiana\/wp-json\/wp\/v2\/posts\/8781\/revisions"}],"predecessor-version":[{"id":8786,"href":"https:\/\/www.salesianos.edu\/familiasalesiana\/wp-json\/wp\/v2\/posts\/8781\/revisions\/8786"}],"wp:attachment":[{"href":"https:\/\/www.salesianos.edu\/familiasalesiana\/wp-json\/wp\/v2\/media?parent=8781"}],"wp:term":[{"taxonomy":"category","embeddable":true,"href":"https:\/\/www.salesianos.edu\/familiasalesiana\/wp-json\/wp\/v2\/categories?post=8781"},{"taxonomy":"post_tag","embeddable":true,"href":"https:\/\/www.salesianos.edu\/familiasalesiana\/wp-json\/wp\/v2\/tags?post=8781"}],"curies":[{"name":"wp","href":"https:\/\/api.w.org\/{rel}","templated":true}]}}