{"id":8770,"date":"2020-03-24T00:00:00","date_gmt":"2020-03-23T23:00:00","guid":{"rendered":"https:\/\/www.salesianos.edu\/familiasalesiana\/los-salesianos-preparan-iniciativas-virtuales-para-que-los-j-venes-celebren-la-semana-santa\/"},"modified":"2020-03-31T11:14:57","modified_gmt":"2020-03-31T10:14:57","slug":"los-salesianos-preparan-iniciativas-virtuales-para-que-los-j-venes-celebren-la-semana-santa","status":"publish","type":"post","link":"https:\/\/www.salesianos.edu\/familiasalesiana\/los-salesianos-preparan-iniciativas-virtuales-para-que-los-j-venes-celebren-la-semana-santa\/","title":{"rendered":"Los Salesianos preparan iniciativas virtuales para que los j\u00f3venes celebren la Semana Santa"},"content":{"rendered":"<div id=\"fb-root\"><\/div>\n<div style=\"text-align: justify;\"><span style=\"font-size: larger;\"><span style=\"font-family: Arial;\">El confinamiento para frenar la expansi\u00f3n del COVID-19 ha obligado a suspender los tradicionales encuentros juveniles de Pascua organizados cada a\u00f1o por los Salesianos, en los que suelen participar 2.000 j\u00f3venes. No obstante, las Delegaciones de Pastoral Juvenil de las dos provincias salesianas de Espa\u00f1a han presentado alternativas virtuales para que los j\u00f3venes puedan celebrar la Pasi\u00f3n, Muerte y Resurrecci\u00f3n del Se\u00f1or desde sus casas.<\/span><\/span><\/div>\n<div style=\"text-align: justify;\"><span style=\"font-size: larger;\"><span style=\"font-family: Arial;\"><strong>\u00a0<\/strong><\/span><\/span><\/div>\n<div style=\"text-align: justify;\"><span style=\"font-size: larger;\"><span style=\"font-family: Arial;\"><strong>Inspector\u00eda Mar\u00eda Auxiliadora<\/strong><\/span><\/span><\/div>\n<div style=\"text-align: justify;\"><span style=\"font-size: larger;\"><span style=\"font-family: Arial;\">#PascuaSalesianEnCasa ser\u00e1 el hashtag que emplear\u00e1 la provincia salesiana Mar\u00eda Auxiliadora, con sede en Sevilla, para que j\u00f3venes y familias participen en su propuesta para celebrar la Pascua. La Delegaci\u00f3n de Pastoral Juvenil subir\u00e1 a esta p\u00e1gina web los materiales de cada d\u00eda, desde el Domingo de Ramos al Domingo de Resurrecci\u00f3n.<\/span><\/span><\/div>\n<div style=\"text-align: justify;\"><span style=\"font-size: larger;\"><span style=\"font-family: Arial;\">\u00a0<\/span><\/span><\/div>\n<div style=\"text-align: justify;\"><span style=\"font-size: larger;\"><span style=\"font-family: Arial;\">La oraci\u00f3n y la reflexi\u00f3n individual se conjugar\u00e1n con momentos para compartir en grupo a trav\u00e9s de Internet. Adem\u00e1s, la Inspector\u00eda anima a j\u00f3venes y familias a unirse a las celebraciones de la Semana Santa que se pueden seguir a distancia en estos d\u00edas.<\/span><\/span><\/div>\n<div style=\"text-align: justify;\"><\/div>\n<p><iframe loading=\"lazy\" src=\"https:\/\/www.youtube.com\/embed\/kC6iR0cazZY\" width=\"560\" height=\"315\" frameborder=\"0\" allowfullscreen=\"allowfullscreen\"><br \/>\n<\/iframe><\/p>\n<div style=\"text-align: justify;\"><span style=\"font-size: larger;\"><span style=\"font-family: Arial;\">\u00a0<\/span><\/span><\/div>\n<div>\n<div style=\"text-align: justify;\"><span style=\"font-size: larger;\"><span style=\"font-family: Arial;\"><strong>Inspector\u00eda Santiago el Mayor<\/strong><\/span><\/span><\/div>\n<div style=\"text-align: justify;\"><span style=\"font-size: larger;\"><span style=\"font-family: Arial;\">Con el nombre de iPascua 2020, la provincia salesiana Santiago el Mayor, con sede en Madrid, propone tres modalidades para unirse a la Pascua Salesiana. Una es para familias con ni\u00f1os, mientras que las otras dos est\u00e1n destinadas a j\u00f3venes: de 16 a 19 a\u00f1os, y de m\u00e1s de 20 a\u00f1os. La propuesta incluye diariamente v\u00eddeos, oraciones, reflexiones, momentos virtuales de grupos, las celebraciones propias del Triduo Pascual\u2026 Una amplia variedad de recursos disponibles en Internet que cada uno podr\u00e1 adaptar seg\u00fan sus posibilidades.<\/span><\/span><\/div>\n<div style=\"text-align: justify;\"><span style=\"font-size: larger;\"><span style=\"font-family: Arial;\">\u00a0<\/span><\/span><\/div>\n<div style=\"text-align: justify;\"><span style=\"font-size: larger;\"><span style=\"font-family: Arial;\">La Delegaci\u00f3n de Pastoral Juvenil mantiene para la iPascua 2020 el lema escogido para los encuentros presenciales: \u2018Yo entrar\u00e9 en tu casa y cenaremos juntos\u2019 (Ap. 3, 20). Una consigna b\u00edblica que adquiere m\u00e1s sentido en las circunstancias actuales.<\/span><\/span><\/div>\n<div style=\"text-align: justify;\"><span style=\"font-size: larger;\"><span style=\"font-family: Arial;\">\u00a0<\/span><\/span><\/div>\n<\/div>\n<div style=\"text-align: justify;\"><span style=\"font-size: larger;\"><span style=\"font-family: Arial;\"><strong>#Qu\u00e9dateEnCasa #YoMeQuedoEnCasa<\/strong><\/span><\/span><\/div>\n<div style=\"text-align: justify;\"><span style=\"font-size: larger;\"><span style=\"font-family: Arial;\">Los Salesianos en Espa\u00f1a se suman a la campa\u00f1a #Qu\u00e9dateEnCasa #YoMeQuedoEnCasa para frenar la propagaci\u00f3n del COVID-19. Desde la declaraci\u00f3n del estado de alarma, colegios, centros juveniles, plataformas sociales, parroquias y comunidades han ideado iniciativas para que ni\u00f1os, adolescentes y j\u00f3venes puedan aprovechar al m\u00e1ximo el tiempo que pasan en casa. Proyectos educativos, momentos de oraci\u00f3n, Eucarist\u00edas en directo, reflexiones y alternativas de ocio, entre otras propuestas, que se pueden consultar en dos p\u00e1ginas web, de la <a href=\"https:\/\/www.salesianos.edu\/yomequedoencasa\/\">Inspector\u00eda Mar\u00eda Auxiliadora<\/a> y de la <a href=\"https:\/\/pastoral.salesianos.es\/yomequedoencasa\/\">Inspector\u00eda Santiago el Mayor.<\/a><\/span><\/span><\/div>\n","protected":false},"excerpt":{"rendered":"<p>El confinamiento para frenar la expansi\u00f3n del COVID-19 ha obligado a suspender los tradicionales encuentros juveniles de Pascua organizados cada a\u00f1o por los Salesianos, en los que suelen participar 2.000 j\u00f3venes. No obstante, las Delegaciones de Pastoral Juvenil de las dos provincias salesianas de Espa\u00f1a han presentado alternativas virtuales para que los j\u00f3venes puedan celebrar [&hellip;]<\/p>\n","protected":false},"author":12,"featured_media":8778,"comment_status":"open","ping_status":"open","sticky":false,"template":"","format":"standard","meta":{"_et_pb_use_builder":"","_et_pb_old_content":"","_et_gb_content_width":"","footnotes":""},"categories":[23],"tags":[],"class_list":["post-8770","post","type-post","status-publish","format-standard","has-post-thumbnail","hentry","category-antiguasalesianosedu2020"],"yoast_head":"<!-- This site is optimized with the Yoast SEO plugin v27.5 - https:\/\/yoast.com\/product\/yoast-seo-wordpress\/ -->\n<title>Los Salesianos preparan iniciativas virtuales para que los j\u00f3venes celebren la Semana Santa - Familia Salesiana<\/title>\n<meta name=\"robots\" content=\"index, follow, max-snippet:-1, max-image-preview:large, max-video-preview:-1\" \/>\n<link rel=\"canonical\" href=\"https:\/\/www.salesianos.edu\/familiasalesiana\/los-salesianos-preparan-iniciativas-virtuales-para-que-los-j-venes-celebren-la-semana-santa\/\" \/>\n<meta property=\"og:locale\" content=\"es_ES\" \/>\n<meta property=\"og:type\" content=\"article\" \/>\n<meta property=\"og:title\" content=\"Los Salesianos preparan iniciativas virtuales para que los j\u00f3venes celebren la Semana Santa - Familia Salesiana\" \/>\n<meta property=\"og:description\" content=\"El confinamiento para frenar la expansi\u00f3n del COVID-19 ha obligado a suspender los tradicionales encuentros juveniles de Pascua organizados cada a\u00f1o por los Salesianos, en los que suelen participar 2.000 j\u00f3venes. No obstante, las Delegaciones de Pastoral Juvenil de las dos provincias salesianas de Espa\u00f1a han presentado alternativas virtuales para que los j\u00f3venes puedan celebrar [&hellip;]\" \/>\n<meta property=\"og:url\" content=\"https:\/\/www.salesianos.edu\/familiasalesiana\/los-salesianos-preparan-iniciativas-virtuales-para-que-los-j-venes-celebren-la-semana-santa\/\" \/>\n<meta property=\"og:site_name\" content=\"Familia Salesiana\" \/>\n<meta property=\"article:published_time\" content=\"2020-03-23T23:00:00+00:00\" \/>\n<meta property=\"article:modified_time\" content=\"2020-03-31T10:14:57+00:00\" \/>\n<meta property=\"og:image\" content=\"https:\/\/www.salesianos.edu\/familiasalesiana\/wp-content\/uploads\/sites\/5\/2020\/03\/casa.png\" \/>\n\t<meta property=\"og:image:width\" content=\"251\" \/>\n\t<meta property=\"og:image:height\" content=\"159\" \/>\n\t<meta property=\"og:image:type\" content=\"image\/png\" \/>\n<meta name=\"author\" content=\"joseluisgarciamoscoso\" \/>\n<meta name=\"twitter:card\" content=\"summary_large_image\" \/>\n<meta name=\"twitter:label1\" content=\"Escrito por\" \/>\n\t<meta name=\"twitter:data1\" content=\"joseluisgarciamoscoso\" \/>\n\t<meta name=\"twitter:label2\" content=\"Tiempo de lectura\" \/>\n\t<meta name=\"twitter:data2\" content=\"2 minutos\" \/>\n<script type=\"application\/ld+json\" class=\"yoast-schema-graph\">{\"@context\":\"https:\\\/\\\/schema.org\",\"@graph\":[{\"@type\":\"Article\",\"@id\":\"https:\\\/\\\/www.salesianos.edu\\\/familiasalesiana\\\/los-salesianos-preparan-iniciativas-virtuales-para-que-los-j-venes-celebren-la-semana-santa\\\/#article\",\"isPartOf\":{\"@id\":\"https:\\\/\\\/www.salesianos.edu\\\/familiasalesiana\\\/los-salesianos-preparan-iniciativas-virtuales-para-que-los-j-venes-celebren-la-semana-santa\\\/\"},\"author\":{\"name\":\"joseluisgarciamoscoso\",\"@id\":\"http:\\\/\\\/www.salesianos.edu\\\/familiasalesiana\\\/#\\\/schema\\\/person\\\/a1d72ee5373cce7347fb2993ba9f47d6\"},\"headline\":\"Los Salesianos preparan iniciativas virtuales para que los j\u00f3venes celebren la Semana Santa\",\"datePublished\":\"2020-03-23T23:00:00+00:00\",\"dateModified\":\"2020-03-31T10:14:57+00:00\",\"mainEntityOfPage\":{\"@id\":\"https:\\\/\\\/www.salesianos.edu\\\/familiasalesiana\\\/los-salesianos-preparan-iniciativas-virtuales-para-que-los-j-venes-celebren-la-semana-santa\\\/\"},\"wordCount\":437,\"commentCount\":0,\"image\":{\"@id\":\"https:\\\/\\\/www.salesianos.edu\\\/familiasalesiana\\\/los-salesianos-preparan-iniciativas-virtuales-para-que-los-j-venes-celebren-la-semana-santa\\\/#primaryimage\"},\"thumbnailUrl\":\"https:\\\/\\\/www.salesianos.edu\\\/familiasalesiana\\\/wp-content\\\/uploads\\\/sites\\\/5\\\/2020\\\/03\\\/casa.png\",\"articleSection\":[\"antiguaSalesianosEdu2020\"],\"inLanguage\":\"es\",\"potentialAction\":[{\"@type\":\"CommentAction\",\"name\":\"Comment\",\"target\":[\"https:\\\/\\\/www.salesianos.edu\\\/familiasalesiana\\\/los-salesianos-preparan-iniciativas-virtuales-para-que-los-j-venes-celebren-la-semana-santa\\\/#respond\"]}]},{\"@type\":\"WebPage\",\"@id\":\"https:\\\/\\\/www.salesianos.edu\\\/familiasalesiana\\\/los-salesianos-preparan-iniciativas-virtuales-para-que-los-j-venes-celebren-la-semana-santa\\\/\",\"url\":\"https:\\\/\\\/www.salesianos.edu\\\/familiasalesiana\\\/los-salesianos-preparan-iniciativas-virtuales-para-que-los-j-venes-celebren-la-semana-santa\\\/\",\"name\":\"Los Salesianos preparan iniciativas virtuales para que los j\u00f3venes celebren la Semana Santa - Familia Salesiana\",\"isPartOf\":{\"@id\":\"http:\\\/\\\/www.salesianos.edu\\\/familiasalesiana\\\/#website\"},\"primaryImageOfPage\":{\"@id\":\"https:\\\/\\\/www.salesianos.edu\\\/familiasalesiana\\\/los-salesianos-preparan-iniciativas-virtuales-para-que-los-j-venes-celebren-la-semana-santa\\\/#primaryimage\"},\"image\":{\"@id\":\"https:\\\/\\\/www.salesianos.edu\\\/familiasalesiana\\\/los-salesianos-preparan-iniciativas-virtuales-para-que-los-j-venes-celebren-la-semana-santa\\\/#primaryimage\"},\"thumbnailUrl\":\"https:\\\/\\\/www.salesianos.edu\\\/familiasalesiana\\\/wp-content\\\/uploads\\\/sites\\\/5\\\/2020\\\/03\\\/casa.png\",\"datePublished\":\"2020-03-23T23:00:00+00:00\",\"dateModified\":\"2020-03-31T10:14:57+00:00\",\"author\":{\"@id\":\"http:\\\/\\\/www.salesianos.edu\\\/familiasalesiana\\\/#\\\/schema\\\/person\\\/a1d72ee5373cce7347fb2993ba9f47d6\"},\"breadcrumb\":{\"@id\":\"https:\\\/\\\/www.salesianos.edu\\\/familiasalesiana\\\/los-salesianos-preparan-iniciativas-virtuales-para-que-los-j-venes-celebren-la-semana-santa\\\/#breadcrumb\"},\"inLanguage\":\"es\",\"potentialAction\":[{\"@type\":\"ReadAction\",\"target\":[\"https:\\\/\\\/www.salesianos.edu\\\/familiasalesiana\\\/los-salesianos-preparan-iniciativas-virtuales-para-que-los-j-venes-celebren-la-semana-santa\\\/\"]}]},{\"@type\":\"ImageObject\",\"inLanguage\":\"es\",\"@id\":\"https:\\\/\\\/www.salesianos.edu\\\/familiasalesiana\\\/los-salesianos-preparan-iniciativas-virtuales-para-que-los-j-venes-celebren-la-semana-santa\\\/#primaryimage\",\"url\":\"https:\\\/\\\/www.salesianos.edu\\\/familiasalesiana\\\/wp-content\\\/uploads\\\/sites\\\/5\\\/2020\\\/03\\\/casa.png\",\"contentUrl\":\"https:\\\/\\\/www.salesianos.edu\\\/familiasalesiana\\\/wp-content\\\/uploads\\\/sites\\\/5\\\/2020\\\/03\\\/casa.png\",\"width\":251,\"height\":159},{\"@type\":\"BreadcrumbList\",\"@id\":\"https:\\\/\\\/www.salesianos.edu\\\/familiasalesiana\\\/los-salesianos-preparan-iniciativas-virtuales-para-que-los-j-venes-celebren-la-semana-santa\\\/#breadcrumb\",\"itemListElement\":[{\"@type\":\"ListItem\",\"position\":1,\"name\":\"Portada\",\"item\":\"http:\\\/\\\/www.salesianos.edu\\\/familiasalesiana\\\/\"},{\"@type\":\"ListItem\",\"position\":2,\"name\":\"Los Salesianos preparan iniciativas virtuales para que los j\u00f3venes celebren la Semana Santa\"}]},{\"@type\":\"WebSite\",\"@id\":\"http:\\\/\\\/www.salesianos.edu\\\/familiasalesiana\\\/#website\",\"url\":\"http:\\\/\\\/www.salesianos.edu\\\/familiasalesiana\\\/\",\"name\":\"Familia Salesiana\",\"description\":\"P\u00e1gina oficial de Inspector\u00eda Salesiana Mar\u00eda Auxiliadora\",\"potentialAction\":[{\"@type\":\"SearchAction\",\"target\":{\"@type\":\"EntryPoint\",\"urlTemplate\":\"http:\\\/\\\/www.salesianos.edu\\\/familiasalesiana\\\/?s={search_term_string}\"},\"query-input\":{\"@type\":\"PropertyValueSpecification\",\"valueRequired\":true,\"valueName\":\"search_term_string\"}}],\"inLanguage\":\"es\"},{\"@type\":\"Person\",\"@id\":\"http:\\\/\\\/www.salesianos.edu\\\/familiasalesiana\\\/#\\\/schema\\\/person\\\/a1d72ee5373cce7347fb2993ba9f47d6\",\"name\":\"joseluisgarciamoscoso\",\"image\":{\"@type\":\"ImageObject\",\"inLanguage\":\"es\",\"@id\":\"https:\\\/\\\/secure.gravatar.com\\\/avatar\\\/3fda3a0b2db3bc9a39871e47cbd526b42d6c3b74755b7ae1400a87b2913fea6a?s=96&d=mm&r=g\",\"url\":\"https:\\\/\\\/secure.gravatar.com\\\/avatar\\\/3fda3a0b2db3bc9a39871e47cbd526b42d6c3b74755b7ae1400a87b2913fea6a?s=96&d=mm&r=g\",\"contentUrl\":\"https:\\\/\\\/secure.gravatar.com\\\/avatar\\\/3fda3a0b2db3bc9a39871e47cbd526b42d6c3b74755b7ae1400a87b2913fea6a?s=96&d=mm&r=g\",\"caption\":\"joseluisgarciamoscoso\"}}]}<\/script>\n<!-- \/ Yoast SEO plugin. -->","yoast_head_json":{"title":"Los Salesianos preparan iniciativas virtuales para que los j\u00f3venes celebren la Semana Santa - Familia Salesiana","robots":{"index":"index","follow":"follow","max-snippet":"max-snippet:-1","max-image-preview":"max-image-preview:large","max-video-preview":"max-video-preview:-1"},"canonical":"https:\/\/www.salesianos.edu\/familiasalesiana\/los-salesianos-preparan-iniciativas-virtuales-para-que-los-j-venes-celebren-la-semana-santa\/","og_locale":"es_ES","og_type":"article","og_title":"Los Salesianos preparan iniciativas virtuales para que los j\u00f3venes celebren la Semana Santa - Familia Salesiana","og_description":"El confinamiento para frenar la expansi\u00f3n del COVID-19 ha obligado a suspender los tradicionales encuentros juveniles de Pascua organizados cada a\u00f1o por los Salesianos, en los que suelen participar 2.000 j\u00f3venes. No obstante, las Delegaciones de Pastoral Juvenil de las dos provincias salesianas de Espa\u00f1a han presentado alternativas virtuales para que los j\u00f3venes puedan celebrar [&hellip;]","og_url":"https:\/\/www.salesianos.edu\/familiasalesiana\/los-salesianos-preparan-iniciativas-virtuales-para-que-los-j-venes-celebren-la-semana-santa\/","og_site_name":"Familia Salesiana","article_published_time":"2020-03-23T23:00:00+00:00","article_modified_time":"2020-03-31T10:14:57+00:00","og_image":[{"width":251,"height":159,"url":"https:\/\/www.salesianos.edu\/familiasalesiana\/wp-content\/uploads\/sites\/5\/2020\/03\/casa.png","type":"image\/png"}],"author":"joseluisgarciamoscoso","twitter_card":"summary_large_image","twitter_misc":{"Escrito por":"joseluisgarciamoscoso","Tiempo de lectura":"2 minutos"},"schema":{"@context":"https:\/\/schema.org","@graph":[{"@type":"Article","@id":"https:\/\/www.salesianos.edu\/familiasalesiana\/los-salesianos-preparan-iniciativas-virtuales-para-que-los-j-venes-celebren-la-semana-santa\/#article","isPartOf":{"@id":"https:\/\/www.salesianos.edu\/familiasalesiana\/los-salesianos-preparan-iniciativas-virtuales-para-que-los-j-venes-celebren-la-semana-santa\/"},"author":{"name":"joseluisgarciamoscoso","@id":"http:\/\/www.salesianos.edu\/familiasalesiana\/#\/schema\/person\/a1d72ee5373cce7347fb2993ba9f47d6"},"headline":"Los Salesianos preparan iniciativas virtuales para que los j\u00f3venes celebren la Semana Santa","datePublished":"2020-03-23T23:00:00+00:00","dateModified":"2020-03-31T10:14:57+00:00","mainEntityOfPage":{"@id":"https:\/\/www.salesianos.edu\/familiasalesiana\/los-salesianos-preparan-iniciativas-virtuales-para-que-los-j-venes-celebren-la-semana-santa\/"},"wordCount":437,"commentCount":0,"image":{"@id":"https:\/\/www.salesianos.edu\/familiasalesiana\/los-salesianos-preparan-iniciativas-virtuales-para-que-los-j-venes-celebren-la-semana-santa\/#primaryimage"},"thumbnailUrl":"https:\/\/www.salesianos.edu\/familiasalesiana\/wp-content\/uploads\/sites\/5\/2020\/03\/casa.png","articleSection":["antiguaSalesianosEdu2020"],"inLanguage":"es","potentialAction":[{"@type":"CommentAction","name":"Comment","target":["https:\/\/www.salesianos.edu\/familiasalesiana\/los-salesianos-preparan-iniciativas-virtuales-para-que-los-j-venes-celebren-la-semana-santa\/#respond"]}]},{"@type":"WebPage","@id":"https:\/\/www.salesianos.edu\/familiasalesiana\/los-salesianos-preparan-iniciativas-virtuales-para-que-los-j-venes-celebren-la-semana-santa\/","url":"https:\/\/www.salesianos.edu\/familiasalesiana\/los-salesianos-preparan-iniciativas-virtuales-para-que-los-j-venes-celebren-la-semana-santa\/","name":"Los Salesianos preparan iniciativas virtuales para que los j\u00f3venes celebren la Semana Santa - Familia Salesiana","isPartOf":{"@id":"http:\/\/www.salesianos.edu\/familiasalesiana\/#website"},"primaryImageOfPage":{"@id":"https:\/\/www.salesianos.edu\/familiasalesiana\/los-salesianos-preparan-iniciativas-virtuales-para-que-los-j-venes-celebren-la-semana-santa\/#primaryimage"},"image":{"@id":"https:\/\/www.salesianos.edu\/familiasalesiana\/los-salesianos-preparan-iniciativas-virtuales-para-que-los-j-venes-celebren-la-semana-santa\/#primaryimage"},"thumbnailUrl":"https:\/\/www.salesianos.edu\/familiasalesiana\/wp-content\/uploads\/sites\/5\/2020\/03\/casa.png","datePublished":"2020-03-23T23:00:00+00:00","dateModified":"2020-03-31T10:14:57+00:00","author":{"@id":"http:\/\/www.salesianos.edu\/familiasalesiana\/#\/schema\/person\/a1d72ee5373cce7347fb2993ba9f47d6"},"breadcrumb":{"@id":"https:\/\/www.salesianos.edu\/familiasalesiana\/los-salesianos-preparan-iniciativas-virtuales-para-que-los-j-venes-celebren-la-semana-santa\/#breadcrumb"},"inLanguage":"es","potentialAction":[{"@type":"ReadAction","target":["https:\/\/www.salesianos.edu\/familiasalesiana\/los-salesianos-preparan-iniciativas-virtuales-para-que-los-j-venes-celebren-la-semana-santa\/"]}]},{"@type":"ImageObject","inLanguage":"es","@id":"https:\/\/www.salesianos.edu\/familiasalesiana\/los-salesianos-preparan-iniciativas-virtuales-para-que-los-j-venes-celebren-la-semana-santa\/#primaryimage","url":"https:\/\/www.salesianos.edu\/familiasalesiana\/wp-content\/uploads\/sites\/5\/2020\/03\/casa.png","contentUrl":"https:\/\/www.salesianos.edu\/familiasalesiana\/wp-content\/uploads\/sites\/5\/2020\/03\/casa.png","width":251,"height":159},{"@type":"BreadcrumbList","@id":"https:\/\/www.salesianos.edu\/familiasalesiana\/los-salesianos-preparan-iniciativas-virtuales-para-que-los-j-venes-celebren-la-semana-santa\/#breadcrumb","itemListElement":[{"@type":"ListItem","position":1,"name":"Portada","item":"http:\/\/www.salesianos.edu\/familiasalesiana\/"},{"@type":"ListItem","position":2,"name":"Los Salesianos preparan iniciativas virtuales para que los j\u00f3venes celebren la Semana Santa"}]},{"@type":"WebSite","@id":"http:\/\/www.salesianos.edu\/familiasalesiana\/#website","url":"http:\/\/www.salesianos.edu\/familiasalesiana\/","name":"Familia Salesiana","description":"P\u00e1gina oficial de Inspector\u00eda Salesiana Mar\u00eda Auxiliadora","potentialAction":[{"@type":"SearchAction","target":{"@type":"EntryPoint","urlTemplate":"http:\/\/www.salesianos.edu\/familiasalesiana\/?s={search_term_string}"},"query-input":{"@type":"PropertyValueSpecification","valueRequired":true,"valueName":"search_term_string"}}],"inLanguage":"es"},{"@type":"Person","@id":"http:\/\/www.salesianos.edu\/familiasalesiana\/#\/schema\/person\/a1d72ee5373cce7347fb2993ba9f47d6","name":"joseluisgarciamoscoso","image":{"@type":"ImageObject","inLanguage":"es","@id":"https:\/\/secure.gravatar.com\/avatar\/3fda3a0b2db3bc9a39871e47cbd526b42d6c3b74755b7ae1400a87b2913fea6a?s=96&d=mm&r=g","url":"https:\/\/secure.gravatar.com\/avatar\/3fda3a0b2db3bc9a39871e47cbd526b42d6c3b74755b7ae1400a87b2913fea6a?s=96&d=mm&r=g","contentUrl":"https:\/\/secure.gravatar.com\/avatar\/3fda3a0b2db3bc9a39871e47cbd526b42d6c3b74755b7ae1400a87b2913fea6a?s=96&d=mm&r=g","caption":"joseluisgarciamoscoso"}}]}},"_links":{"self":[{"href":"https:\/\/www.salesianos.edu\/familiasalesiana\/wp-json\/wp\/v2\/posts\/8770","targetHints":{"allow":["GET"]}}],"collection":[{"href":"https:\/\/www.salesianos.edu\/familiasalesiana\/wp-json\/wp\/v2\/posts"}],"about":[{"href":"https:\/\/www.salesianos.edu\/familiasalesiana\/wp-json\/wp\/v2\/types\/post"}],"author":[{"embeddable":true,"href":"https:\/\/www.salesianos.edu\/familiasalesiana\/wp-json\/wp\/v2\/users\/12"}],"replies":[{"embeddable":true,"href":"https:\/\/www.salesianos.edu\/familiasalesiana\/wp-json\/wp\/v2\/comments?post=8770"}],"version-history":[{"count":1,"href":"https:\/\/www.salesianos.edu\/familiasalesiana\/wp-json\/wp\/v2\/posts\/8770\/revisions"}],"predecessor-version":[{"id":8779,"href":"https:\/\/www.salesianos.edu\/familiasalesiana\/wp-json\/wp\/v2\/posts\/8770\/revisions\/8779"}],"wp:featuredmedia":[{"embeddable":true,"href":"https:\/\/www.salesianos.edu\/familiasalesiana\/wp-json\/wp\/v2\/media\/8778"}],"wp:attachment":[{"href":"https:\/\/www.salesianos.edu\/familiasalesiana\/wp-json\/wp\/v2\/media?parent=8770"}],"wp:term":[{"taxonomy":"category","embeddable":true,"href":"https:\/\/www.salesianos.edu\/familiasalesiana\/wp-json\/wp\/v2\/categories?post=8770"},{"taxonomy":"post_tag","embeddable":true,"href":"https:\/\/www.salesianos.edu\/familiasalesiana\/wp-json\/wp\/v2\/tags?post=8770"}],"curies":[{"name":"wp","href":"https:\/\/api.w.org\/{rel}","templated":true}]}}