{"id":8768,"date":"2020-03-18T00:00:00","date_gmt":"2020-03-17T23:00:00","guid":{"rendered":"https:\/\/www.salesianos.edu\/familiasalesiana\/yomequedoencasa-los-salesianos-ante-la-alerta-por-el-coronavirus\/"},"modified":"2023-11-02T18:44:41","modified_gmt":"2023-11-02T17:44:41","slug":"yomequedoencasa-los-salesianos-ante-la-alerta-por-el-coronavirus","status":"publish","type":"post","link":"https:\/\/www.salesianos.edu\/familiasalesiana\/yomequedoencasa-los-salesianos-ante-la-alerta-por-el-coronavirus\/","title":{"rendered":"Salesianos Inspector\u00eda Mar\u00eda Auxiliadora #YoMeQuedoEnCasa: los Salesianos ante la alerta por el Coronavirus"},"content":{"rendered":"<div id=\"fb-root\"><\/div>\n<div style=\"text-align: justify;\"><span style=\"font-family: Arial;\"><span style=\"font-size: larger;\">Desde que el pasado 14 de marzo el Gobierno aprobara declarar el estado de alarma en todo el territorio nacional para afrontar la situaci\u00f3n de emergencia sanitaria provocada por el coronavirus COVID-19 han sido numerosas las iniciativas agrupadas bajo el movimiento #YoMeQuedoEnCasa.<\/span><\/span><\/div>\n<div style=\"text-align: justify;\"><span style=\"font-family: Arial;\"><span style=\"font-size: larger;\">\u00a0<\/span><\/span><\/div>\n<div style=\"text-align: justify;\"><span style=\"font-family: Arial;\"><span style=\"font-size: larger;\">Los Salesianos, en l\u00ednea con la apuesta de las autoridades sanitarias sobre la importancia del distanciamiento social y la falta de contactos entre personas como mejores bazas para evitar la propagaci\u00f3n del coronavirus y la saturaci\u00f3n del sistema sanitario, se suman a las iniciativas educativas de esta campa\u00f1a desde diferentes partes del mundo. <\/span><\/span><span style=\"font-family: Arial;\"><span style=\"font-size: larger;\">\u00a0<\/span><\/span><\/div>\n<div style=\"text-align: justify;\"><span style=\"font-family: Arial;\"><span style=\"font-size: larger;\">\u00a0<\/span><\/span><\/div>\n<div style=\"text-align: justify;\"><span style=\"font-family: Arial;\"><span style=\"font-size: larger;\"><b>Inspector\u00eda Salesiana Mar\u00eda Auxiliadora<\/b><\/span><\/span><\/div>\n<div style=\"text-align: justify;\"><span style=\"font-family: Arial;\"><span style=\"font-size: larger;\">\u00a0<\/span><\/span><\/div>\n<div style=\"text-align: justify;\"><span style=\"font-family: Arial;\"><span style=\"font-size: larger;\">Las puertas de las casas salesianas est\u00e1n cerradas, pero las actividades est\u00e1n en plena ebullici\u00f3n. Todas las ma\u00f1anas comienzan con los tradicionales \u201cBuenos d\u00edas\u201d en Facebook e Instagram; tambi\u00e9n los grupos de formaci\u00f3n de los oratorios contin\u00faan su actividad de forma virtual, al igual que los estudiantes de los centros educativos que recuerdan que no est\u00e1n de vacaciones gracias los cursos y tutor\u00edas digitales que garantizan el acompa\u00f1amiento diario. <\/span><\/span><\/div>\n<div style=\"text-align: justify;\"><span style=\"font-family: Arial;\"><span style=\"font-size: larger;\">\u00a0<\/span><\/span><\/div>\n<div style=\"text-align: justify;\"><span style=\"font-family: Arial;\"><span style=\"font-size: larger;\">Con este contexto, unidos al movimiento surgido en las redes y que se traduce en el lema \u201cYo me quedo en casa, se present\u00f3 la web de recursos inspectoriales <\/span><\/span><a href=\"https:\/\/www.salesianos.edu\/yomequedoencasa\/\"><span style=\"font-family: Arial;\"><span style=\"font-size: larger;\">https:\/\/www.salesianos.edu\/yomequedoencasa\/<\/span><\/span><\/a><\/div>\n<div style=\"text-align: justify;\"><span style=\"font-family: Arial;\"><span style=\"font-size: larger;\">\u00a0<\/span><\/span><\/div>\n<div style=\"text-align: justify;\"><span style=\"font-family: Arial;\"><span style=\"font-size: larger;\">\u201cEn conversaciones con las Delegaciones de Pastoral Juvenil y Familia Salesiana, nace esta iniciativa tras ver las numerosas nacidas a nivel local en cuesti\u00f3n de horas\u201d, afirman desde la Delegaci\u00f3n de Comunicaci\u00f3n. <\/span><\/span><\/div>\n<div style=\"text-align: justify;\"><span style=\"font-family: Arial;\"><span style=\"font-size: larger;\">\u00a0<\/span><\/span><\/div>\n<div style=\"text-align: justify;\"><span style=\"font-family: Arial;\"><span style=\"font-size: larger;\">Este espacio, que cuenta con apartados como Buenos d\u00edas, oraciones, eucarist\u00edas en directo, infograf\u00edas o recursos educativos y de entretenimiento, entre otros materiales, quiere ser un escaparate que recoja las diferentes acciones de inter\u00e9s elaboradas desde las presencias salesianas. Casas como Zaragoza, Huesca, Trinidad, San Jos\u00e9 del Valle, Granada, Huelva, Valencia San Antonio Abad o Villena, adem\u00e1s de editoriales como Edeb\u00e9 o entidades como la ONGD Bosco Blogal, han compartido sus recursos para su difusi\u00f3n durante el periodo de cuarentena.<\/span><\/span><\/div>\n<div style=\"text-align: justify;\"><span style=\"font-family: Arial;\"><span style=\"font-size: larger;\">\u00a0<\/span><\/span><\/div>\n<div style=\"text-align: justify;\"><span style=\"font-family: Arial;\"><span style=\"font-size: larger;\">\u201cTambi\u00e9n estamos trabajando para a\u00f1adir un podcast con diferentes mensajes de Buenas Noches y recursos para vivir la #PascuaSalesianaEnCasa. Todo estar\u00e1 disponible en los pr\u00f3ximos d\u00edas para su consulta y descarga gracias al trabajo de los responsables de los diferentes encuentros con j\u00f3venes que se vieron aplazados y de la colaboraci\u00f3n del equipo inspectorial de Pastoral Juvenil\u201d, comparten desde la Delegaci\u00f3n de Comunicaci\u00f3n.<\/span><\/span><\/div>\n<div style=\"text-align: justify;\"><span style=\"font-family: Arial;\"><span style=\"font-size: larger;\">\u00a0<\/span><\/span><\/div>\n<div style=\"text-align: justify;\"><span style=\"font-family: Arial;\"><span style=\"font-size: larger;\">Una iniciativa que anima a quedarse en casa y contribuir a poner freno a la propagaci\u00f3n del coronavirus.<\/span><\/span><span style=\"font-family: Arial;\"><span style=\"font-size: larger;\">\u00a0<\/span><\/span><\/div>\n<div style=\"text-align: justify;\"><span style=\"font-family: Arial;\"><span style=\"font-size: larger;\">\u00a0<\/span><\/span><\/div>\n<div style=\"text-align: justify;\"><span style=\"font-family: Arial;\"><span style=\"font-size: larger;\"><b>Inspector\u00eda Salesiana Santiago el Mayor<\/b><\/span><\/span><span style=\"font-family: Arial;\"><span style=\"font-size: larger;\">\u00a0<\/span><\/span><\/div>\n<div style=\"text-align: justify;\"><span style=\"font-family: Arial;\"><span style=\"font-size: larger;\">\u00a0<\/span><\/span><\/div>\n<div style=\"text-align: justify;\"><span style=\"font-family: Arial;\"><span style=\"font-size: larger;\">El domingo 15 de marzo desde Salesianos Domingo Savio de Logro\u00f1o lanzaban una propuesta realizada por un grupo de profesores con ideas para quedase en casa, que tuvo gran difusi\u00f3n en la capital riojana. Tambi\u00e9n surgi\u00f3 la iniciativa por parte del director de Villamuriel, Santi Dom\u00ednguez, con los buenos d\u00edas dirigidos a toda la Comunidad Educativa de su centro, o la propuesta de Buenos d\u00edas de Salesianos Paseo de Extremadura de Madrid al punto de la ma\u00f1ana: para hacer desde casa, con ideas, propuestas optimistas, con esperanza y fe.<\/span><\/span><\/div>\n<div style=\"text-align: justify;\"><span style=\"font-family: Arial;\"><span style=\"font-size: larger;\">\u00a0<\/span><\/span><\/div>\n<div style=\"text-align: justify;\"><span style=\"font-family: Arial;\"><span style=\"font-size: larger;\">Otra iniciativa ha sido el reto de la Federaci\u00f3n Pinardi:\u00a0\u00abPorque no vernos no significa no sentirnos cerca\u00bb. Esta es la esencia de la iniciativa #DEANDARPORCASA que comenz\u00f3 el lunes 16 de marzo, de forma virtual, en todas las Casas y en todas las redes sociales. Desde Pinardi proponen a sus destinatarios participar, cada d\u00eda, en un #reto muy f\u00e1cil, para demostrar su creatividad, habilidades e imaginaci\u00f3n del tiempo que pasamos en casa en familia, con amigos, compa\u00f1eros de piso, etc.<\/span><\/span><\/div>\n<div style=\"text-align: justify;\"><span style=\"font-family: Arial;\"><span style=\"font-size: larger;\">\u00a0<\/span><\/span><\/div>\n<div style=\"text-align: justify;\"><span style=\"font-family: Arial;\"><span style=\"font-size: larger;\">Por otra parte, Salesianos Los Boscos de Logro\u00f1o propone un reto que anime a todos a quedarse en casa. Bajo el nombre de #T\u00faMeImportas challenge. Proponen realizar videos con las im\u00e1genes que les vayan llegando, \u201cpara ello necesitar\u00edamos que citen nuestro centro en redes @salesianoslosboscos\u201d, indican.<\/span><\/span><\/div>\n<div style=\"text-align: justify;\"><span style=\"font-family: Arial;\"><span style=\"font-size: larger;\">\u00a0<\/span><\/span><\/div>\n<div style=\"text-align: justify;\"><span style=\"font-family: Arial;\"><span style=\"font-size: larger;\">Las parroquias e iglesias p\u00fablicas est\u00e1n proponiendo actividades para que los feligreses puedan hacer desde sus casas, en algunos casos las misas a trav\u00e9s de Youtube o Facebook y en otras propuestas y materiales para vivir la Cuaresma bajo el hashtag #Yorezoencasa.<\/span><\/span><\/div>\n<div style=\"text-align: justify;\"><span style=\"font-family: Arial;\"><span style=\"font-size: larger;\">\u00a0<\/span><\/span><\/div>\n<div style=\"text-align: justify;\"><span style=\"font-family: Arial;\"><span style=\"font-size: larger;\">Tambi\u00e9n \u00a0se estimula especialmente a los m\u00e1s j\u00f3venes a dedicar tiempo y energ\u00eda a acciones educativas o solidarias como Salesianos Villamuriel o <span style=\"color: #222222; background-image: initial; background-position: initial; background-size: initial; background-repeat: initial; background-attachment: initial; background-origin: initial; background-clip: initial;\">el<\/span><b> <\/b><span style=\"color: #222222;\">CJ Oldarra que\u00a0todas las noches a trav\u00e9s de Instagram proponen unas buenas noches usando el hashtag:\u00a0<\/span><\/span><\/span><span style=\"font-family: Arial;\"><a href=\"https:\/\/twitter.com\/hashtag\/CJvsCoronavirus?src=hashtag_click\" target=\"_blank\" rel=\"noopener noreferrer\"><span style=\"font-size: larger;\"><span style=\"border: 1pt solid black; padding: 0cm; background: #f5f8fa;\">#CJvsCoronavirus<\/span><\/span><\/a><span style=\"font-size: larger;\"><span style=\"color: #222222;\">\u00a0y con el mismo hashtag han creado una acci\u00f3n solidaria pensada en las personas que tienen que seguir trabajando #Noest\u00e1sSolo. Oldarra recopilar\u00e1\u00a0fotos y videos y los compartir\u00e1 haciendo un homenaje a estas personas.<\/span><\/span><\/span><\/div>\n<div style=\"background-image: initial; background-position: initial; background-size: initial; background-repeat: initial; background-attachment: initial; background-origin: initial; background-clip: initial; text-align: justify;\"><span style=\"font-family: Arial;\"><span style=\"font-size: larger;\">\u00a0<\/span><\/span><\/div>\n<div style=\"background-image: initial; background-position: initial; background-size: initial; background-repeat: initial; background-attachment: initial; background-origin: initial; background-clip: initial; text-align: justify;\"><span style=\"font-family: Arial;\"><span style=\"font-size: larger;\"><span style=\"color: #222222;\">Propuestas de actividades en casa tambi\u00e9n desde el club de amigos sansomendi de Salesianos Vitoria:\u00a0<\/span><\/span><\/span><a href=\"https:\/\/salesianosvitoriagasteiz.com\/yomequedoencasa\/\" target=\"_blank\" rel=\"noopener noreferrer\"><span style=\"font-family: Arial;\"><span style=\"font-size: larger;\">https:\/\/salesianosvitoriagasteiz.com\/yomequedoencasa\/<\/span><\/span><\/a><span style=\"font-family: Arial;\"><span style=\"font-size: larger;\"><u><span style=\"color: #1155cc;\">,<\/span><\/u> o <span style=\"color: #222222;\">manualidades de Cyticnetro\u00a0Centro Juvenil de Ciudad de los Muchachos en Madrid. Son inacabables la cantidad de propuestas, as\u00ed pues, la Fundaci\u00f3n Juan So\u00f1ador se ha sumado a la iniciativa del <a href=\"https:\/\/twitter.com\/FundacionJuanS\/status\/1239841914305863681 \">Arco Iris: Todo Saldr\u00e1 Bien<\/a>\u00a0<\/span><\/span><\/span><span style=\"font-family: Arial;\"><span style=\"font-size: larger;\">y desde una de sus sedes en Burgos anima a un primer Reto: Ritmos con manos. Se trata de practicar estos ritmos (ver enlace) <\/span><\/span><a title=\"https:\/\/www.youtube.com\/watch?v=-JAfLhrlNck\" href=\"https:\/\/t.co\/f9zLmWNUkR?amp=1\" target=\"_blank\" rel=\"noopener noreferrer\"><span style=\"font-family: Arial;\"><span style=\"font-size: larger;\">https:\/\/youtube.com\/watch?v=-JAfLhrlNck\u2026<\/span><\/span><\/a><a title=\"https:\/\/www.youtube.com\/watch?v=Ep93SeXeRnM\" href=\"https:\/\/t.co\/HC488Afq9R?amp=1\" target=\"_blank\" rel=\"noopener noreferrer\"><span style=\"font-family: Arial;\"><span style=\"font-size: larger;\">https:\/\/youtube.com\/watch?v=Ep93SeXeRnM<\/span><\/span><\/a><span style=\"font-family: Arial;\"><span style=\"font-size: larger;\"> y dar rienda suelta a la creatividad y mandar un v\u00eddeo con el resultado.<\/span><\/span><\/div>\n<div style=\"background-image: initial; background-position: initial; background-size: initial; background-repeat: initial; background-attachment: initial; background-origin: initial; background-clip: initial; text-align: justify;\"><span style=\"font-family: Arial;\"><span style=\"font-size: larger;\">\u00a0<\/span><\/span><\/div>\n<div style=\"background-image: initial; background-position: initial; background-size: initial; background-repeat: initial; background-attachment: initial; background-origin: initial; background-clip: initial; text-align: justify;\"><span style=\"font-family: Arial;\"><span style=\"font-size: larger;\"><span style=\"color: #222222;\">Las iniciativas no cesan, desde una <\/span><\/span><\/span><a href=\"https:\/\/www.youtube.com\/watch?v=3Bu1uH70Qw4&amp;fbclid=IwAR1rWfuhgOcrevjcWqHrujhd5DY5CrgIpR2wAAZxXadDcDdvvj3aEcjO6Io\"><span style=\"font-family: Arial;\"><span style=\"font-size: larger;\">celebraci\u00f3n eucar\u00edstica<\/span><\/span><\/a><span style=\"font-family: Arial;\"><span style=\"font-size: larger;\"><span style=\"color: #222222;\"> en streaming y diferentes recursos para vivir la Cuaresma como #YOREZOENCASA: Vive la cuaresma desde casa, de <\/span><\/span><\/span><a href=\"https:\/\/salesianosvitoriagasteiz.com\/\"><span style=\"font-family: Arial;\"><span style=\"font-size: larger;\">Salesianos Vitoria Gasteiz<\/span><\/span><\/a><span style=\"font-family: Arial;\"><span style=\"font-size: larger;\"><span style=\"color: #222222;\"> o la <\/span><\/span><\/span><a href=\"https:\/\/twitter.com\/rarizag\/status\/1239830854299500544\/photo\/1\"><span style=\"font-family: Arial;\"><span style=\"font-size: larger;\">reflexi\u00f3n diaria<\/span><\/span><\/a><span style=\"font-family: Arial;\"><span style=\"font-size: larger;\"><span style=\"color: #222222;\"> de Ram\u00f3n Ariza, un cl\u00e1sico pero que esta Cuaresma toma un tono especial.<\/span><\/span><\/span><\/div>\n<div style=\"background-image: initial; background-position: initial; background-size: initial; background-repeat: initial; background-attachment: initial; background-origin: initial; background-clip: initial; text-align: justify;\"><span style=\"font-family: Arial;\"><span style=\"font-size: larger;\">\u00a0<\/span><\/span><\/div>\n<div style=\"background-image: initial; background-position: initial; background-size: initial; background-repeat: initial; background-attachment: initial; background-origin: initial; background-clip: initial; text-align: justify;\"><span style=\"font-family: Arial;\"><span style=\"font-size: larger;\"><span style=\"color: #222222;\">Los consejos y acompa\u00f1amiento de Salesianos y Familia Salesiana no cesan y las iniciativas solidarias seguir\u00e1n creciendo, porque estamos todos juntos contra el virus y la solidaridad con los m\u00e1s vulnerables guiar\u00e1 nuestras acciones durante estos d\u00edas <\/span><b>#YoMeQuedoEnCasa<\/b><\/span><\/span><\/div>\n<div style=\"background-image: initial; background-position: initial; background-size: initial; background-repeat: initial; background-attachment: initial; background-origin: initial; background-clip: initial; text-align: justify;\"><span style=\"font-family: Arial;\"><span style=\"font-size: larger;\"><b>\u00a0<\/b><\/span><\/span><\/div>\n<div style=\"background-image: initial; background-position: initial; background-size: initial; background-repeat: initial; background-attachment: initial; background-origin: initial; background-clip: initial; text-align: justify;\"><span style=\"font-family: Arial;\"><span style=\"font-size: larger;\">Son tantas las iniciativas que seguro no las hemos nombrado todas, pero estamos atentos para poder recibirlas y <\/span><strong><span style=\"font-size: larger;\">seguir comparti\u00e9ndolas.<\/span><\/strong><\/span><\/div>\n<div style=\"background-image: initial; background-position: initial; background-size: initial; background-repeat: initial; background-attachment: initial; background-origin: initial; background-clip: initial; text-align: justify;\"><strong><span style=\"font-family: Arial;\"><span style=\"font-size: larger;\">\u00a0<\/span><\/span><\/strong><\/div>\n<div style=\"background-image: initial; background-position: initial; background-size: initial; background-repeat: initial; background-attachment: initial; background-origin: initial; background-clip: initial;\"><\/div>\n<div style=\"background-image: initial; background-position: initial; background-size: initial; background-repeat: initial; background-attachment: initial; background-origin: initial; background-clip: initial;\"><\/div>\n","protected":false},"excerpt":{"rendered":"<p>Desde que el pasado 14 de marzo el Gobierno aprobara declarar el estado de alarma en todo el territorio nacional para afrontar la situaci\u00f3n de emergencia sanitaria provocada por el coronavirus COVID-19 han sido numerosas las iniciativas agrupadas bajo el movimiento #YoMeQuedoEnCasa. \u00a0 Los Salesianos, en l\u00ednea con la apuesta de las autoridades sanitarias sobre [&hellip;]<\/p>\n","protected":false},"author":1,"featured_media":8765,"comment_status":"open","ping_status":"open","sticky":false,"template":"","format":"standard","meta":{"_et_pb_use_builder":"","_et_pb_old_content":"","_et_gb_content_width":"","footnotes":""},"categories":[43,25,24,26],"tags":[],"class_list":["post-8768","post","type-post","status-publish","format-standard","has-post-thumbnail","hentry","category-curso19-20","category-educacion-en-la-fe","category-pastoral-juvenil","category-vocacional"],"yoast_head":"<!-- This site is optimized with the Yoast SEO plugin v27.5 - https:\/\/yoast.com\/product\/yoast-seo-wordpress\/ -->\n<title>Salesianos Inspector\u00eda Mar\u00eda Auxiliadora #YoMeQuedoEnCasa: los Salesianos ante la alerta por el Coronavirus - Familia Salesiana<\/title>\n<meta name=\"robots\" content=\"index, follow, max-snippet:-1, max-image-preview:large, max-video-preview:-1\" \/>\n<link rel=\"canonical\" href=\"https:\/\/www.salesianos.edu\/familiasalesiana\/yomequedoencasa-los-salesianos-ante-la-alerta-por-el-coronavirus\/\" \/>\n<meta property=\"og:locale\" content=\"es_ES\" \/>\n<meta property=\"og:type\" content=\"article\" \/>\n<meta property=\"og:title\" content=\"Salesianos Inspector\u00eda Mar\u00eda Auxiliadora #YoMeQuedoEnCasa: los Salesianos ante la alerta por el Coronavirus - Familia Salesiana\" \/>\n<meta property=\"og:description\" content=\"Desde que el pasado 14 de marzo el Gobierno aprobara declarar el estado de alarma en todo el territorio nacional para afrontar la situaci\u00f3n de emergencia sanitaria provocada por el coronavirus COVID-19 han sido numerosas las iniciativas agrupadas bajo el movimiento #YoMeQuedoEnCasa. \u00a0 Los Salesianos, en l\u00ednea con la apuesta de las autoridades sanitarias sobre [&hellip;]\" \/>\n<meta property=\"og:url\" content=\"https:\/\/www.salesianos.edu\/familiasalesiana\/yomequedoencasa-los-salesianos-ante-la-alerta-por-el-coronavirus\/\" \/>\n<meta property=\"og:site_name\" content=\"Familia Salesiana\" \/>\n<meta property=\"article:published_time\" content=\"2020-03-17T23:00:00+00:00\" \/>\n<meta property=\"article:modified_time\" content=\"2023-11-02T17:44:41+00:00\" \/>\n<meta property=\"og:image\" content=\"https:\/\/www.salesianos.edu\/familiasalesiana\/wp-content\/uploads\/sites\/5\/2020\/03\/DB_casa_caste.jpg\" \/>\n\t<meta property=\"og:image:width\" content=\"1\" \/>\n\t<meta property=\"og:image:height\" content=\"1\" \/>\n\t<meta property=\"og:image:type\" content=\"image\/jpeg\" \/>\n<meta name=\"author\" content=\"javierparra_z94ep115\" \/>\n<meta name=\"twitter:card\" content=\"summary_large_image\" \/>\n<meta name=\"twitter:label1\" content=\"Escrito por\" \/>\n\t<meta name=\"twitter:data1\" content=\"javierparra_z94ep115\" \/>\n\t<meta name=\"twitter:label2\" content=\"Tiempo de lectura\" \/>\n\t<meta name=\"twitter:data2\" content=\"5 minutos\" \/>\n<script type=\"application\/ld+json\" class=\"yoast-schema-graph\">{\"@context\":\"https:\\\/\\\/schema.org\",\"@graph\":[{\"@type\":\"Article\",\"@id\":\"https:\\\/\\\/www.salesianos.edu\\\/familiasalesiana\\\/yomequedoencasa-los-salesianos-ante-la-alerta-por-el-coronavirus\\\/#article\",\"isPartOf\":{\"@id\":\"https:\\\/\\\/www.salesianos.edu\\\/familiasalesiana\\\/yomequedoencasa-los-salesianos-ante-la-alerta-por-el-coronavirus\\\/\"},\"author\":{\"name\":\"javierparra_z94ep115\",\"@id\":\"http:\\\/\\\/www.salesianos.edu\\\/familiasalesiana\\\/#\\\/schema\\\/person\\\/6a597046eeffb725d5a165b397c2a775\"},\"headline\":\"Salesianos Inspector\u00eda Mar\u00eda Auxiliadora #YoMeQuedoEnCasa: los Salesianos ante la alerta por el Coronavirus\",\"datePublished\":\"2020-03-17T23:00:00+00:00\",\"dateModified\":\"2023-11-02T17:44:41+00:00\",\"mainEntityOfPage\":{\"@id\":\"https:\\\/\\\/www.salesianos.edu\\\/familiasalesiana\\\/yomequedoencasa-los-salesianos-ante-la-alerta-por-el-coronavirus\\\/\"},\"wordCount\":1032,\"commentCount\":0,\"image\":{\"@id\":\"https:\\\/\\\/www.salesianos.edu\\\/familiasalesiana\\\/yomequedoencasa-los-salesianos-ante-la-alerta-por-el-coronavirus\\\/#primaryimage\"},\"thumbnailUrl\":\"https:\\\/\\\/www.salesianos.edu\\\/familiasalesiana\\\/wp-content\\\/uploads\\\/sites\\\/5\\\/2020\\\/03\\\/DB_casa_caste.jpg\",\"articleSection\":[\"Curso19-20\",\"Educaci\u00f3n en la Fe\",\"Pastoral Juvenil\",\"Vocacional\"],\"inLanguage\":\"es\",\"potentialAction\":[{\"@type\":\"CommentAction\",\"name\":\"Comment\",\"target\":[\"https:\\\/\\\/www.salesianos.edu\\\/familiasalesiana\\\/yomequedoencasa-los-salesianos-ante-la-alerta-por-el-coronavirus\\\/#respond\"]}]},{\"@type\":\"WebPage\",\"@id\":\"https:\\\/\\\/www.salesianos.edu\\\/familiasalesiana\\\/yomequedoencasa-los-salesianos-ante-la-alerta-por-el-coronavirus\\\/\",\"url\":\"https:\\\/\\\/www.salesianos.edu\\\/familiasalesiana\\\/yomequedoencasa-los-salesianos-ante-la-alerta-por-el-coronavirus\\\/\",\"name\":\"Salesianos Inspector\u00eda Mar\u00eda Auxiliadora #YoMeQuedoEnCasa: los Salesianos ante la alerta por el Coronavirus - Familia Salesiana\",\"isPartOf\":{\"@id\":\"http:\\\/\\\/www.salesianos.edu\\\/familiasalesiana\\\/#website\"},\"primaryImageOfPage\":{\"@id\":\"https:\\\/\\\/www.salesianos.edu\\\/familiasalesiana\\\/yomequedoencasa-los-salesianos-ante-la-alerta-por-el-coronavirus\\\/#primaryimage\"},\"image\":{\"@id\":\"https:\\\/\\\/www.salesianos.edu\\\/familiasalesiana\\\/yomequedoencasa-los-salesianos-ante-la-alerta-por-el-coronavirus\\\/#primaryimage\"},\"thumbnailUrl\":\"https:\\\/\\\/www.salesianos.edu\\\/familiasalesiana\\\/wp-content\\\/uploads\\\/sites\\\/5\\\/2020\\\/03\\\/DB_casa_caste.jpg\",\"datePublished\":\"2020-03-17T23:00:00+00:00\",\"dateModified\":\"2023-11-02T17:44:41+00:00\",\"author\":{\"@id\":\"http:\\\/\\\/www.salesianos.edu\\\/familiasalesiana\\\/#\\\/schema\\\/person\\\/6a597046eeffb725d5a165b397c2a775\"},\"breadcrumb\":{\"@id\":\"https:\\\/\\\/www.salesianos.edu\\\/familiasalesiana\\\/yomequedoencasa-los-salesianos-ante-la-alerta-por-el-coronavirus\\\/#breadcrumb\"},\"inLanguage\":\"es\",\"potentialAction\":[{\"@type\":\"ReadAction\",\"target\":[\"https:\\\/\\\/www.salesianos.edu\\\/familiasalesiana\\\/yomequedoencasa-los-salesianos-ante-la-alerta-por-el-coronavirus\\\/\"]}]},{\"@type\":\"ImageObject\",\"inLanguage\":\"es\",\"@id\":\"https:\\\/\\\/www.salesianos.edu\\\/familiasalesiana\\\/yomequedoencasa-los-salesianos-ante-la-alerta-por-el-coronavirus\\\/#primaryimage\",\"url\":\"https:\\\/\\\/www.salesianos.edu\\\/familiasalesiana\\\/wp-content\\\/uploads\\\/sites\\\/5\\\/2020\\\/03\\\/DB_casa_caste.jpg\",\"contentUrl\":\"https:\\\/\\\/www.salesianos.edu\\\/familiasalesiana\\\/wp-content\\\/uploads\\\/sites\\\/5\\\/2020\\\/03\\\/DB_casa_caste.jpg\"},{\"@type\":\"BreadcrumbList\",\"@id\":\"https:\\\/\\\/www.salesianos.edu\\\/familiasalesiana\\\/yomequedoencasa-los-salesianos-ante-la-alerta-por-el-coronavirus\\\/#breadcrumb\",\"itemListElement\":[{\"@type\":\"ListItem\",\"position\":1,\"name\":\"Portada\",\"item\":\"http:\\\/\\\/www.salesianos.edu\\\/familiasalesiana\\\/\"},{\"@type\":\"ListItem\",\"position\":2,\"name\":\"Salesianos Inspector\u00eda Mar\u00eda Auxiliadora #YoMeQuedoEnCasa: los Salesianos ante la alerta por el Coronavirus\"}]},{\"@type\":\"WebSite\",\"@id\":\"http:\\\/\\\/www.salesianos.edu\\\/familiasalesiana\\\/#website\",\"url\":\"http:\\\/\\\/www.salesianos.edu\\\/familiasalesiana\\\/\",\"name\":\"Familia Salesiana\",\"description\":\"P\u00e1gina oficial de Inspector\u00eda Salesiana Mar\u00eda Auxiliadora\",\"potentialAction\":[{\"@type\":\"SearchAction\",\"target\":{\"@type\":\"EntryPoint\",\"urlTemplate\":\"http:\\\/\\\/www.salesianos.edu\\\/familiasalesiana\\\/?s={search_term_string}\"},\"query-input\":{\"@type\":\"PropertyValueSpecification\",\"valueRequired\":true,\"valueName\":\"search_term_string\"}}],\"inLanguage\":\"es\"},{\"@type\":\"Person\",\"@id\":\"http:\\\/\\\/www.salesianos.edu\\\/familiasalesiana\\\/#\\\/schema\\\/person\\\/6a597046eeffb725d5a165b397c2a775\",\"name\":\"javierparra_z94ep115\",\"image\":{\"@type\":\"ImageObject\",\"inLanguage\":\"es\",\"@id\":\"https:\\\/\\\/secure.gravatar.com\\\/avatar\\\/7a60c9fa860a122de64fef1b07c59281118b4d0ccc9caa425d673ccb93e177f7?s=96&d=mm&r=g\",\"url\":\"https:\\\/\\\/secure.gravatar.com\\\/avatar\\\/7a60c9fa860a122de64fef1b07c59281118b4d0ccc9caa425d673ccb93e177f7?s=96&d=mm&r=g\",\"contentUrl\":\"https:\\\/\\\/secure.gravatar.com\\\/avatar\\\/7a60c9fa860a122de64fef1b07c59281118b4d0ccc9caa425d673ccb93e177f7?s=96&d=mm&r=g\",\"caption\":\"javierparra_z94ep115\"}}]}<\/script>\n<!-- \/ Yoast SEO plugin. -->","yoast_head_json":{"title":"Salesianos Inspector\u00eda Mar\u00eda Auxiliadora #YoMeQuedoEnCasa: los Salesianos ante la alerta por el Coronavirus - Familia Salesiana","robots":{"index":"index","follow":"follow","max-snippet":"max-snippet:-1","max-image-preview":"max-image-preview:large","max-video-preview":"max-video-preview:-1"},"canonical":"https:\/\/www.salesianos.edu\/familiasalesiana\/yomequedoencasa-los-salesianos-ante-la-alerta-por-el-coronavirus\/","og_locale":"es_ES","og_type":"article","og_title":"Salesianos Inspector\u00eda Mar\u00eda Auxiliadora #YoMeQuedoEnCasa: los Salesianos ante la alerta por el Coronavirus - Familia Salesiana","og_description":"Desde que el pasado 14 de marzo el Gobierno aprobara declarar el estado de alarma en todo el territorio nacional para afrontar la situaci\u00f3n de emergencia sanitaria provocada por el coronavirus COVID-19 han sido numerosas las iniciativas agrupadas bajo el movimiento #YoMeQuedoEnCasa. \u00a0 Los Salesianos, en l\u00ednea con la apuesta de las autoridades sanitarias sobre [&hellip;]","og_url":"https:\/\/www.salesianos.edu\/familiasalesiana\/yomequedoencasa-los-salesianos-ante-la-alerta-por-el-coronavirus\/","og_site_name":"Familia Salesiana","article_published_time":"2020-03-17T23:00:00+00:00","article_modified_time":"2023-11-02T17:44:41+00:00","og_image":[{"url":"https:\/\/www.salesianos.edu\/familiasalesiana\/wp-content\/uploads\/sites\/5\/2020\/03\/DB_casa_caste.jpg","width":1,"height":1,"type":"image\/jpeg"}],"author":"javierparra_z94ep115","twitter_card":"summary_large_image","twitter_misc":{"Escrito por":"javierparra_z94ep115","Tiempo de lectura":"5 minutos"},"schema":{"@context":"https:\/\/schema.org","@graph":[{"@type":"Article","@id":"https:\/\/www.salesianos.edu\/familiasalesiana\/yomequedoencasa-los-salesianos-ante-la-alerta-por-el-coronavirus\/#article","isPartOf":{"@id":"https:\/\/www.salesianos.edu\/familiasalesiana\/yomequedoencasa-los-salesianos-ante-la-alerta-por-el-coronavirus\/"},"author":{"name":"javierparra_z94ep115","@id":"http:\/\/www.salesianos.edu\/familiasalesiana\/#\/schema\/person\/6a597046eeffb725d5a165b397c2a775"},"headline":"Salesianos Inspector\u00eda Mar\u00eda Auxiliadora #YoMeQuedoEnCasa: los Salesianos ante la alerta por el Coronavirus","datePublished":"2020-03-17T23:00:00+00:00","dateModified":"2023-11-02T17:44:41+00:00","mainEntityOfPage":{"@id":"https:\/\/www.salesianos.edu\/familiasalesiana\/yomequedoencasa-los-salesianos-ante-la-alerta-por-el-coronavirus\/"},"wordCount":1032,"commentCount":0,"image":{"@id":"https:\/\/www.salesianos.edu\/familiasalesiana\/yomequedoencasa-los-salesianos-ante-la-alerta-por-el-coronavirus\/#primaryimage"},"thumbnailUrl":"https:\/\/www.salesianos.edu\/familiasalesiana\/wp-content\/uploads\/sites\/5\/2020\/03\/DB_casa_caste.jpg","articleSection":["Curso19-20","Educaci\u00f3n en la Fe","Pastoral Juvenil","Vocacional"],"inLanguage":"es","potentialAction":[{"@type":"CommentAction","name":"Comment","target":["https:\/\/www.salesianos.edu\/familiasalesiana\/yomequedoencasa-los-salesianos-ante-la-alerta-por-el-coronavirus\/#respond"]}]},{"@type":"WebPage","@id":"https:\/\/www.salesianos.edu\/familiasalesiana\/yomequedoencasa-los-salesianos-ante-la-alerta-por-el-coronavirus\/","url":"https:\/\/www.salesianos.edu\/familiasalesiana\/yomequedoencasa-los-salesianos-ante-la-alerta-por-el-coronavirus\/","name":"Salesianos Inspector\u00eda Mar\u00eda Auxiliadora #YoMeQuedoEnCasa: los Salesianos ante la alerta por el Coronavirus - Familia Salesiana","isPartOf":{"@id":"http:\/\/www.salesianos.edu\/familiasalesiana\/#website"},"primaryImageOfPage":{"@id":"https:\/\/www.salesianos.edu\/familiasalesiana\/yomequedoencasa-los-salesianos-ante-la-alerta-por-el-coronavirus\/#primaryimage"},"image":{"@id":"https:\/\/www.salesianos.edu\/familiasalesiana\/yomequedoencasa-los-salesianos-ante-la-alerta-por-el-coronavirus\/#primaryimage"},"thumbnailUrl":"https:\/\/www.salesianos.edu\/familiasalesiana\/wp-content\/uploads\/sites\/5\/2020\/03\/DB_casa_caste.jpg","datePublished":"2020-03-17T23:00:00+00:00","dateModified":"2023-11-02T17:44:41+00:00","author":{"@id":"http:\/\/www.salesianos.edu\/familiasalesiana\/#\/schema\/person\/6a597046eeffb725d5a165b397c2a775"},"breadcrumb":{"@id":"https:\/\/www.salesianos.edu\/familiasalesiana\/yomequedoencasa-los-salesianos-ante-la-alerta-por-el-coronavirus\/#breadcrumb"},"inLanguage":"es","potentialAction":[{"@type":"ReadAction","target":["https:\/\/www.salesianos.edu\/familiasalesiana\/yomequedoencasa-los-salesianos-ante-la-alerta-por-el-coronavirus\/"]}]},{"@type":"ImageObject","inLanguage":"es","@id":"https:\/\/www.salesianos.edu\/familiasalesiana\/yomequedoencasa-los-salesianos-ante-la-alerta-por-el-coronavirus\/#primaryimage","url":"https:\/\/www.salesianos.edu\/familiasalesiana\/wp-content\/uploads\/sites\/5\/2020\/03\/DB_casa_caste.jpg","contentUrl":"https:\/\/www.salesianos.edu\/familiasalesiana\/wp-content\/uploads\/sites\/5\/2020\/03\/DB_casa_caste.jpg"},{"@type":"BreadcrumbList","@id":"https:\/\/www.salesianos.edu\/familiasalesiana\/yomequedoencasa-los-salesianos-ante-la-alerta-por-el-coronavirus\/#breadcrumb","itemListElement":[{"@type":"ListItem","position":1,"name":"Portada","item":"http:\/\/www.salesianos.edu\/familiasalesiana\/"},{"@type":"ListItem","position":2,"name":"Salesianos Inspector\u00eda Mar\u00eda Auxiliadora #YoMeQuedoEnCasa: los Salesianos ante la alerta por el Coronavirus"}]},{"@type":"WebSite","@id":"http:\/\/www.salesianos.edu\/familiasalesiana\/#website","url":"http:\/\/www.salesianos.edu\/familiasalesiana\/","name":"Familia Salesiana","description":"P\u00e1gina oficial de Inspector\u00eda Salesiana Mar\u00eda Auxiliadora","potentialAction":[{"@type":"SearchAction","target":{"@type":"EntryPoint","urlTemplate":"http:\/\/www.salesianos.edu\/familiasalesiana\/?s={search_term_string}"},"query-input":{"@type":"PropertyValueSpecification","valueRequired":true,"valueName":"search_term_string"}}],"inLanguage":"es"},{"@type":"Person","@id":"http:\/\/www.salesianos.edu\/familiasalesiana\/#\/schema\/person\/6a597046eeffb725d5a165b397c2a775","name":"javierparra_z94ep115","image":{"@type":"ImageObject","inLanguage":"es","@id":"https:\/\/secure.gravatar.com\/avatar\/7a60c9fa860a122de64fef1b07c59281118b4d0ccc9caa425d673ccb93e177f7?s=96&d=mm&r=g","url":"https:\/\/secure.gravatar.com\/avatar\/7a60c9fa860a122de64fef1b07c59281118b4d0ccc9caa425d673ccb93e177f7?s=96&d=mm&r=g","contentUrl":"https:\/\/secure.gravatar.com\/avatar\/7a60c9fa860a122de64fef1b07c59281118b4d0ccc9caa425d673ccb93e177f7?s=96&d=mm&r=g","caption":"javierparra_z94ep115"}}]}},"_links":{"self":[{"href":"https:\/\/www.salesianos.edu\/familiasalesiana\/wp-json\/wp\/v2\/posts\/8768","targetHints":{"allow":["GET"]}}],"collection":[{"href":"https:\/\/www.salesianos.edu\/familiasalesiana\/wp-json\/wp\/v2\/posts"}],"about":[{"href":"https:\/\/www.salesianos.edu\/familiasalesiana\/wp-json\/wp\/v2\/types\/post"}],"author":[{"embeddable":true,"href":"https:\/\/www.salesianos.edu\/familiasalesiana\/wp-json\/wp\/v2\/users\/1"}],"replies":[{"embeddable":true,"href":"https:\/\/www.salesianos.edu\/familiasalesiana\/wp-json\/wp\/v2\/comments?post=8768"}],"version-history":[{"count":2,"href":"https:\/\/www.salesianos.edu\/familiasalesiana\/wp-json\/wp\/v2\/posts\/8768\/revisions"}],"predecessor-version":[{"id":8780,"href":"https:\/\/www.salesianos.edu\/familiasalesiana\/wp-json\/wp\/v2\/posts\/8768\/revisions\/8780"}],"wp:featuredmedia":[{"embeddable":true,"href":"https:\/\/www.salesianos.edu\/familiasalesiana\/wp-json\/wp\/v2\/media\/8765"}],"wp:attachment":[{"href":"https:\/\/www.salesianos.edu\/familiasalesiana\/wp-json\/wp\/v2\/media?parent=8768"}],"wp:term":[{"taxonomy":"category","embeddable":true,"href":"https:\/\/www.salesianos.edu\/familiasalesiana\/wp-json\/wp\/v2\/categories?post=8768"},{"taxonomy":"post_tag","embeddable":true,"href":"https:\/\/www.salesianos.edu\/familiasalesiana\/wp-json\/wp\/v2\/tags?post=8768"}],"curies":[{"name":"wp","href":"https:\/\/api.w.org\/{rel}","templated":true}]}}