{"id":10688,"date":"2025-02-21T09:18:20","date_gmt":"2025-02-21T08:18:20","guid":{"rendered":"https:\/\/www.salesianos.edu\/familiasalesiana\/?p=10688"},"modified":"2025-02-21T09:18:25","modified_gmt":"2025-02-21T08:18:25","slug":"un-sueno-hecho-realidad-cronica-de-la-coronacion-de-maria-auxiliadora-de-la-palma-del-condado","status":"publish","type":"post","link":"https:\/\/www.salesianos.edu\/familiasalesiana\/un-sueno-hecho-realidad-cronica-de-la-coronacion-de-maria-auxiliadora-de-la-palma-del-condado\/","title":{"rendered":"Un sue\u00f1o hecho realidad. Cr\u00f3nica de la Coronaci\u00f3n de Mar\u00eda Auxiliadora de La Palma del Condado."},"content":{"rendered":"<div id=\"fb-root\"><\/div>\n<p>[et_pb_section fb_built=\u00bb1&#8243; admin_label=\u00bbsection\u00bb _builder_version=\u00bb4.16&#8243; global_colors_info=\u00bb{}\u00bb][et_pb_row admin_label=\u00bbrow\u00bb _builder_version=\u00bb4.16&#8243; background_size=\u00bbinitial\u00bb background_position=\u00bbtop_left\u00bb background_repeat=\u00bbrepeat\u00bb global_colors_info=\u00bb{}\u00bb][et_pb_column type=\u00bb4_4&#8243; _builder_version=\u00bb4.16&#8243; custom_padding=\u00bb|||\u00bb global_colors_info=\u00bb{}\u00bb custom_padding__hover=\u00bb|||\u00bb][et_pb_text _builder_version=\u00bb4.27.4&#8243; _module_preset=\u00bbdefault\u00bb text_orientation=\u00bbjustified\u00bb hover_enabled=\u00bb0&#8243; sticky_enabled=\u00bb0&#8243; text_line_height=\u00bb1.6em\u00bb]<\/p>\n<p><span class=\"Apple-converted-space\">\u00a0<\/span>El 5 de octubre de 2024 qued\u00f3 grabado en la memoria de los fieles de La Palma del Condado como una jornada hist\u00f3rica, de fe inquebrantable y amor profundo hacia la Virgen Mar\u00eda Auxiliadora. Ese d\u00eda, la imagen que durante generaciones ha sido faro de esperanza, consuelo y gu\u00eda espiritual fue coronada can\u00f3nicamente, un reconocimiento a la devoci\u00f3n inmensa que la Archicofrad\u00eda y el pueblo han profesado desde su llegada a la comunidad salesiana palmerina.<span class=\"Apple-converted-space\">\u00a0<\/span><\/p>\n<p>Antes de que llegara esta efem\u00e9ride, la junta de gobierno de la corporaci\u00f3n de gloria, a la que hay que felicitar por la inmensa organizaci\u00f3n de este acontecimiento y especialmente a su presidente Eugenio Bernal P\u00e9rez, hab\u00eda estructurado una pl\u00e9yade de actos con el prop\u00f3sito de prepararnos emocionalmente en el augurio de los d\u00edas que \u00edbamos a vivir con intensidad. De esta guisa estuvo la Exposici\u00f3n de las coronas en la sala Miguel Tenorio Tirado. El solemne triduo extraordinario con la participaci\u00f3n de los obispos Don Ram\u00f3n Dar\u00edo Valdivia Gim\u00e9nez, Don Teodoro Le\u00f3n Mu\u00f1oz y Don Jos\u00e9 Mazuelos. O el preg\u00f3n conmemorativo de la coronaci\u00f3n, entre otros actos y actividades que presagiaron el d\u00eda grande.<\/p>\n<p>Desde el amanecer del d\u00eda 5 de octubre, La Palma despert\u00f3 envuelta en un ambiente de j\u00fabilo y solemnidad. Las calles luc\u00edan engalanadas con flores, estandartes y colgaduras que reflejaban el fervor de un pueblo que, desde el coraz\u00f3n, hab\u00eda esperado con ansias este d\u00eda. Cada rinc\u00f3n parec\u00eda querer contar la historia de la devoci\u00f3n que, generaci\u00f3n tras generaci\u00f3n, ha hecho de Mar\u00eda Auxiliadora un s\u00edmbolo vivo de fe.<\/p>\n<p>Nuestra plaza de Espa\u00f1a, con la iglesia barroca y la torre blanca y azulejada como dosel sublime, se convirti\u00f3 en el epicentro de un acontecimiento \u00fanico. Miles de fieles, provenientes de todos los rincones de Andaluc\u00eda y m\u00e1s all\u00e1, se congregaron para presenciar el momento cumbre de la ceremonia. Todos compart\u00edan el ver cumplido ese sue\u00f1o largamente anhelado, un mismo sentimiento: la alegr\u00eda de ver a su Madre celestial ser coronada como Reina de cielos y tierra.<\/p>\n<p>La misa pontifical, presidida por el obispo de Huelva, Don Santiago G\u00f3mez Sierra, fue un acto cargado de espiritualidad y emoci\u00f3n. Las voces del coro, la musicalidad de sus acordes y las palabras llenas de devoci\u00f3n resonaron en los corazones de todos los presentes. En su homil\u00eda, el obispo destac\u00f3 el papel de Mar\u00eda Auxiliadora como Madre protectora y modelo de esperanza, recordando c\u00f3mo su intercesi\u00f3n ha sido fuente de fortaleza para tantas personas y familias.<span class=\"Apple-converted-space\">\u00a0<\/span><\/p>\n<p>Cuando lleg\u00f3 el momento de la coronaci\u00f3n, un silencio reverente se apoder\u00f3 del lugar. La corona, obra suntuaria de exquisita belleza y cargada de simbolismo, fue levantada por las manos del prelado y colocada sobre la cabeza de la Virgen. En ese instante, el j\u00fabilo rompi\u00f3 el silencio: aplausos, vivas y l\u00e1grimas de emoci\u00f3n llenaron el aire, mientras repicaban las campanas de la iglesia anunciando al mundo que Mar\u00eda Auxiliadora era ya oficialmente coronada como Reina salesiana.<\/p>\n<p>El rostro de la Virgen, iluminado por los rayos del sol de oto\u00f1o, parec\u00eda devolver a su pueblo una mirada de ternura infinita, como si acogiera en su coraz\u00f3n las s\u00faplicas, gratitudes y promesas de todos los presentes. Aquellos ojos que han contemplado el dolor y la alegr\u00eda de tantas generaciones se convirtieron en espejo de una fe que incluso trasciende el tiempo. La procesi\u00f3n triunfal que sigui\u00f3 a la ceremonia fue otro de los momentos m\u00e1s esperados. Mar\u00eda Auxiliadora, recorri\u00f3 las calles de La Palma entre un oc\u00e9ano de p\u00e9talos de flores, c\u00e1nticos y oraciones. Cada esquina, cada balc\u00f3n, se convirti\u00f3 en un altar improvisado para rendir homenaje a la Madre Auxiliadora de los cristianos. Las l\u00e1grimas corr\u00edan por los rostros de quienes alzaban la vista hacia Ella, agradeciendo por tantas bendiciones recibidas. El transito por las recoletas calles en su recorrido de vuelta a la parroquia en las primeras horas ya de la madrugada, fue de una intimidad y de un recogimiento \u00fanicos.<span class=\"Apple-converted-space\">\u00a0<\/span><\/p>\n<p>La coronaci\u00f3n de la F\u00falgida Estrella no solo fue un acto lit\u00fargico, sino una declaraci\u00f3n de amor y compromiso por parte de un pueblo que la ha tenido siempre bajo su manto protector y rendido a sus plantas. La Palma del Condado vivi\u00f3 ese d\u00eda como un verdadero acontecimiento, un regalo divino que marc\u00f3 un antes y un despu\u00e9s en la historia de la Archicofrad\u00eda y de todos sus devotos.<\/p>\n<p>Hoy, las im\u00e1genes de esa jornada hist\u00f3rica siguen vivas en los corazones de quienes tuvieron la dicha de vivirla. Porque m\u00e1s all\u00e1 de la ceremonia, m\u00e1s all\u00e1 de los aplausos y la solemnidad, lo que qued\u00f3 fue el testimonio de una fe arraigada, un pueblo que reafirm\u00f3 su amor por la Madre de Dios y una Reina celestial que, desde su trono de gloria, seguir\u00e1 velando por La Palma, extendiendo auxilio protector sobre cada uno de sus hijos.<\/p>\n<p>As\u00ed ser\u00e1 recordado siempre el 5 de octubre de 2024: un d\u00eda en el que el cielo y la tierra se unieron para proclamar la grandeza de Mar\u00eda Auxiliadora, la Virgen de San Juan Bosco.<span class=\"Apple-converted-space\">\u00a0<\/span><\/p>\n<p style=\"text-align: right;\">Manuel Garc\u00eda F\u00e9lix<span class=\"Apple-converted-space\">\u00a0<\/span><\/p>\n<p style=\"text-align: right;\">Pregonero de la Coronaci\u00f3n de Maria Auxiliadora.<span class=\"Apple-converted-space\">\u00a0<\/span><\/p>\n<p>[\/et_pb_text][et_pb_video src=\u00bbhttps:\/\/youtu.be\/T4lbg-PhILw\u00bb _builder_version=\u00bb4.27.4&#8243; _module_preset=\u00bbdefault\u00bb hover_enabled=\u00bb0&#8243; sticky_enabled=\u00bb0&#8243;][\/et_pb_video][\/et_pb_column][\/et_pb_row][\/et_pb_section]<\/p>\n","protected":false},"excerpt":{"rendered":"<p>\u00a0El 5 de octubre de 2024 qued\u00f3 grabado en la memoria de los fieles de La Palma del Condado como una jornada hist\u00f3rica, de fe inquebrantable y amor profundo hacia la Virgen Mar\u00eda Auxiliadora. Ese d\u00eda, la imagen que durante generaciones ha sido faro de esperanza, consuelo y gu\u00eda espiritual fue coronada can\u00f3nicamente, un reconocimiento [&hellip;]<\/p>\n","protected":false},"author":12,"featured_media":10690,"comment_status":"open","ping_status":"open","sticky":false,"template":"","format":"standard","meta":{"_et_pb_use_builder":"on","_et_pb_old_content":"","_et_gb_content_width":"","footnotes":""},"categories":[53,64],"tags":[],"class_list":["post-10688","post","type-post","status-publish","format-standard","has-post-thumbnail","hentry","category-adma","category-newsletters-adma"],"yoast_head":"<!-- This site is optimized with the Yoast SEO plugin v27.5 - https:\/\/yoast.com\/product\/yoast-seo-wordpress\/ -->\n<title>Un sue\u00f1o hecho realidad. Cr\u00f3nica de la Coronaci\u00f3n de Mar\u00eda Auxiliadora de La Palma del Condado. - Familia Salesiana<\/title>\n<meta name=\"robots\" content=\"index, follow, max-snippet:-1, max-image-preview:large, max-video-preview:-1\" \/>\n<link rel=\"canonical\" href=\"http:\/\/www.salesianos.edu\/familiasalesiana\/un-sueno-hecho-realidad-cronica-de-la-coronacion-de-maria-auxiliadora-de-la-palma-del-condado\/\" \/>\n<meta property=\"og:locale\" content=\"es_ES\" \/>\n<meta property=\"og:type\" content=\"article\" \/>\n<meta property=\"og:title\" content=\"Un sue\u00f1o hecho realidad. Cr\u00f3nica de la Coronaci\u00f3n de Mar\u00eda Auxiliadora de La Palma del Condado. - Familia Salesiana\" \/>\n<meta property=\"og:description\" content=\"Titulo p\u00e1ginas Subtitulo 1 Lorem Ipsum es simplemente el texto de relleno de las imprentas y archivos de texto. Lorem Ipsum ha sido el texto de relleno est\u00e1ndar de las industrias desde el a\u00f1o 1500, cuando un impresor (N. del T. persona que se dedica a la imprenta) desconocido us\u00f3 una galer\u00eda de textos y [&hellip;]\" \/>\n<meta property=\"og:url\" content=\"http:\/\/www.salesianos.edu\/familiasalesiana\/un-sueno-hecho-realidad-cronica-de-la-coronacion-de-maria-auxiliadora-de-la-palma-del-condado\/\" \/>\n<meta property=\"og:site_name\" content=\"Familia Salesiana\" \/>\n<meta property=\"article:published_time\" content=\"2025-02-21T08:18:20+00:00\" \/>\n<meta property=\"article:modified_time\" content=\"2025-02-21T08:18:25+00:00\" \/>\n<meta property=\"og:image\" content=\"http:\/\/www.salesianos.edu\/familiasalesiana\/wp-content\/uploads\/sites\/5\/2025\/02\/La-Palma-del-Condado-Coronacion-1024x703.png\" \/>\n\t<meta property=\"og:image:width\" content=\"1024\" \/>\n\t<meta property=\"og:image:height\" content=\"703\" \/>\n\t<meta property=\"og:image:type\" content=\"image\/png\" \/>\n<meta name=\"author\" content=\"joseluisgarciamoscoso\" \/>\n<meta name=\"twitter:card\" content=\"summary_large_image\" \/>\n<meta name=\"twitter:label1\" content=\"Escrito por\" \/>\n\t<meta name=\"twitter:data1\" content=\"joseluisgarciamoscoso\" \/>\n\t<meta name=\"twitter:label2\" content=\"Tiempo de lectura\" \/>\n\t<meta name=\"twitter:data2\" content=\"5 minutos\" \/>\n<script type=\"application\/ld+json\" class=\"yoast-schema-graph\">{\"@context\":\"https:\\\/\\\/schema.org\",\"@graph\":[{\"@type\":\"Article\",\"@id\":\"http:\\\/\\\/www.salesianos.edu\\\/familiasalesiana\\\/un-sueno-hecho-realidad-cronica-de-la-coronacion-de-maria-auxiliadora-de-la-palma-del-condado\\\/#article\",\"isPartOf\":{\"@id\":\"http:\\\/\\\/www.salesianos.edu\\\/familiasalesiana\\\/un-sueno-hecho-realidad-cronica-de-la-coronacion-de-maria-auxiliadora-de-la-palma-del-condado\\\/\"},\"author\":{\"name\":\"joseluisgarciamoscoso\",\"@id\":\"http:\\\/\\\/www.salesianos.edu\\\/familiasalesiana\\\/#\\\/schema\\\/person\\\/a1d72ee5373cce7347fb2993ba9f47d6\"},\"headline\":\"Un sue\u00f1o hecho realidad. Cr\u00f3nica de la Coronaci\u00f3n de Mar\u00eda Auxiliadora de La Palma del Condado.\",\"datePublished\":\"2025-02-21T08:18:20+00:00\",\"dateModified\":\"2025-02-21T08:18:25+00:00\",\"mainEntityOfPage\":{\"@id\":\"http:\\\/\\\/www.salesianos.edu\\\/familiasalesiana\\\/un-sueno-hecho-realidad-cronica-de-la-coronacion-de-maria-auxiliadora-de-la-palma-del-condado\\\/\"},\"wordCount\":1048,\"commentCount\":0,\"image\":{\"@id\":\"http:\\\/\\\/www.salesianos.edu\\\/familiasalesiana\\\/un-sueno-hecho-realidad-cronica-de-la-coronacion-de-maria-auxiliadora-de-la-palma-del-condado\\\/#primaryimage\"},\"thumbnailUrl\":\"https:\\\/\\\/www.salesianos.edu\\\/familiasalesiana\\\/wp-content\\\/uploads\\\/sites\\\/5\\\/2025\\\/02\\\/La-Palma-del-Condado-Coronacion.png\",\"articleSection\":[\"ADMA\",\"newsletters ADMA\"],\"inLanguage\":\"es\",\"potentialAction\":[{\"@type\":\"CommentAction\",\"name\":\"Comment\",\"target\":[\"http:\\\/\\\/www.salesianos.edu\\\/familiasalesiana\\\/un-sueno-hecho-realidad-cronica-de-la-coronacion-de-maria-auxiliadora-de-la-palma-del-condado\\\/#respond\"]}]},{\"@type\":\"WebPage\",\"@id\":\"http:\\\/\\\/www.salesianos.edu\\\/familiasalesiana\\\/un-sueno-hecho-realidad-cronica-de-la-coronacion-de-maria-auxiliadora-de-la-palma-del-condado\\\/\",\"url\":\"http:\\\/\\\/www.salesianos.edu\\\/familiasalesiana\\\/un-sueno-hecho-realidad-cronica-de-la-coronacion-de-maria-auxiliadora-de-la-palma-del-condado\\\/\",\"name\":\"Un sue\u00f1o hecho realidad. Cr\u00f3nica de la Coronaci\u00f3n de Mar\u00eda Auxiliadora de La Palma del Condado. - Familia Salesiana\",\"isPartOf\":{\"@id\":\"http:\\\/\\\/www.salesianos.edu\\\/familiasalesiana\\\/#website\"},\"primaryImageOfPage\":{\"@id\":\"http:\\\/\\\/www.salesianos.edu\\\/familiasalesiana\\\/un-sueno-hecho-realidad-cronica-de-la-coronacion-de-maria-auxiliadora-de-la-palma-del-condado\\\/#primaryimage\"},\"image\":{\"@id\":\"http:\\\/\\\/www.salesianos.edu\\\/familiasalesiana\\\/un-sueno-hecho-realidad-cronica-de-la-coronacion-de-maria-auxiliadora-de-la-palma-del-condado\\\/#primaryimage\"},\"thumbnailUrl\":\"https:\\\/\\\/www.salesianos.edu\\\/familiasalesiana\\\/wp-content\\\/uploads\\\/sites\\\/5\\\/2025\\\/02\\\/La-Palma-del-Condado-Coronacion.png\",\"datePublished\":\"2025-02-21T08:18:20+00:00\",\"dateModified\":\"2025-02-21T08:18:25+00:00\",\"author\":{\"@id\":\"http:\\\/\\\/www.salesianos.edu\\\/familiasalesiana\\\/#\\\/schema\\\/person\\\/a1d72ee5373cce7347fb2993ba9f47d6\"},\"breadcrumb\":{\"@id\":\"http:\\\/\\\/www.salesianos.edu\\\/familiasalesiana\\\/un-sueno-hecho-realidad-cronica-de-la-coronacion-de-maria-auxiliadora-de-la-palma-del-condado\\\/#breadcrumb\"},\"inLanguage\":\"es\",\"potentialAction\":[{\"@type\":\"ReadAction\",\"target\":[\"http:\\\/\\\/www.salesianos.edu\\\/familiasalesiana\\\/un-sueno-hecho-realidad-cronica-de-la-coronacion-de-maria-auxiliadora-de-la-palma-del-condado\\\/\"]}]},{\"@type\":\"ImageObject\",\"inLanguage\":\"es\",\"@id\":\"http:\\\/\\\/www.salesianos.edu\\\/familiasalesiana\\\/un-sueno-hecho-realidad-cronica-de-la-coronacion-de-maria-auxiliadora-de-la-palma-del-condado\\\/#primaryimage\",\"url\":\"https:\\\/\\\/www.salesianos.edu\\\/familiasalesiana\\\/wp-content\\\/uploads\\\/sites\\\/5\\\/2025\\\/02\\\/La-Palma-del-Condado-Coronacion.png\",\"contentUrl\":\"https:\\\/\\\/www.salesianos.edu\\\/familiasalesiana\\\/wp-content\\\/uploads\\\/sites\\\/5\\\/2025\\\/02\\\/La-Palma-del-Condado-Coronacion.png\",\"width\":1480,\"height\":1016},{\"@type\":\"BreadcrumbList\",\"@id\":\"http:\\\/\\\/www.salesianos.edu\\\/familiasalesiana\\\/un-sueno-hecho-realidad-cronica-de-la-coronacion-de-maria-auxiliadora-de-la-palma-del-condado\\\/#breadcrumb\",\"itemListElement\":[{\"@type\":\"ListItem\",\"position\":1,\"name\":\"Portada\",\"item\":\"http:\\\/\\\/www.salesianos.edu\\\/familiasalesiana\\\/\"},{\"@type\":\"ListItem\",\"position\":2,\"name\":\"Un sue\u00f1o hecho realidad. Cr\u00f3nica de la Coronaci\u00f3n de Mar\u00eda Auxiliadora de La Palma del Condado.\"}]},{\"@type\":\"WebSite\",\"@id\":\"http:\\\/\\\/www.salesianos.edu\\\/familiasalesiana\\\/#website\",\"url\":\"http:\\\/\\\/www.salesianos.edu\\\/familiasalesiana\\\/\",\"name\":\"Familia Salesiana\",\"description\":\"P\u00e1gina oficial de Inspector\u00eda Salesiana Mar\u00eda Auxiliadora\",\"potentialAction\":[{\"@type\":\"SearchAction\",\"target\":{\"@type\":\"EntryPoint\",\"urlTemplate\":\"http:\\\/\\\/www.salesianos.edu\\\/familiasalesiana\\\/?s={search_term_string}\"},\"query-input\":{\"@type\":\"PropertyValueSpecification\",\"valueRequired\":true,\"valueName\":\"search_term_string\"}}],\"inLanguage\":\"es\"},{\"@type\":\"Person\",\"@id\":\"http:\\\/\\\/www.salesianos.edu\\\/familiasalesiana\\\/#\\\/schema\\\/person\\\/a1d72ee5373cce7347fb2993ba9f47d6\",\"name\":\"joseluisgarciamoscoso\",\"image\":{\"@type\":\"ImageObject\",\"inLanguage\":\"es\",\"@id\":\"https:\\\/\\\/secure.gravatar.com\\\/avatar\\\/3fda3a0b2db3bc9a39871e47cbd526b42d6c3b74755b7ae1400a87b2913fea6a?s=96&d=mm&r=g\",\"url\":\"https:\\\/\\\/secure.gravatar.com\\\/avatar\\\/3fda3a0b2db3bc9a39871e47cbd526b42d6c3b74755b7ae1400a87b2913fea6a?s=96&d=mm&r=g\",\"contentUrl\":\"https:\\\/\\\/secure.gravatar.com\\\/avatar\\\/3fda3a0b2db3bc9a39871e47cbd526b42d6c3b74755b7ae1400a87b2913fea6a?s=96&d=mm&r=g\",\"caption\":\"joseluisgarciamoscoso\"}}]}<\/script>\n<!-- \/ Yoast SEO plugin. -->","yoast_head_json":{"title":"Un sue\u00f1o hecho realidad. Cr\u00f3nica de la Coronaci\u00f3n de Mar\u00eda Auxiliadora de La Palma del Condado. - Familia Salesiana","robots":{"index":"index","follow":"follow","max-snippet":"max-snippet:-1","max-image-preview":"max-image-preview:large","max-video-preview":"max-video-preview:-1"},"canonical":"http:\/\/www.salesianos.edu\/familiasalesiana\/un-sueno-hecho-realidad-cronica-de-la-coronacion-de-maria-auxiliadora-de-la-palma-del-condado\/","og_locale":"es_ES","og_type":"article","og_title":"Un sue\u00f1o hecho realidad. Cr\u00f3nica de la Coronaci\u00f3n de Mar\u00eda Auxiliadora de La Palma del Condado. - Familia Salesiana","og_description":"Titulo p\u00e1ginas Subtitulo 1 Lorem Ipsum es simplemente el texto de relleno de las imprentas y archivos de texto. Lorem Ipsum ha sido el texto de relleno est\u00e1ndar de las industrias desde el a\u00f1o 1500, cuando un impresor (N. del T. persona que se dedica a la imprenta) desconocido us\u00f3 una galer\u00eda de textos y [&hellip;]","og_url":"http:\/\/www.salesianos.edu\/familiasalesiana\/un-sueno-hecho-realidad-cronica-de-la-coronacion-de-maria-auxiliadora-de-la-palma-del-condado\/","og_site_name":"Familia Salesiana","article_published_time":"2025-02-21T08:18:20+00:00","article_modified_time":"2025-02-21T08:18:25+00:00","og_image":[{"width":1024,"height":703,"url":"http:\/\/www.salesianos.edu\/familiasalesiana\/wp-content\/uploads\/sites\/5\/2025\/02\/La-Palma-del-Condado-Coronacion-1024x703.png","type":"image\/png"}],"author":"joseluisgarciamoscoso","twitter_card":"summary_large_image","twitter_misc":{"Escrito por":"joseluisgarciamoscoso","Tiempo de lectura":"5 minutos"},"schema":{"@context":"https:\/\/schema.org","@graph":[{"@type":"Article","@id":"http:\/\/www.salesianos.edu\/familiasalesiana\/un-sueno-hecho-realidad-cronica-de-la-coronacion-de-maria-auxiliadora-de-la-palma-del-condado\/#article","isPartOf":{"@id":"http:\/\/www.salesianos.edu\/familiasalesiana\/un-sueno-hecho-realidad-cronica-de-la-coronacion-de-maria-auxiliadora-de-la-palma-del-condado\/"},"author":{"name":"joseluisgarciamoscoso","@id":"http:\/\/www.salesianos.edu\/familiasalesiana\/#\/schema\/person\/a1d72ee5373cce7347fb2993ba9f47d6"},"headline":"Un sue\u00f1o hecho realidad. Cr\u00f3nica de la Coronaci\u00f3n de Mar\u00eda Auxiliadora de La Palma del Condado.","datePublished":"2025-02-21T08:18:20+00:00","dateModified":"2025-02-21T08:18:25+00:00","mainEntityOfPage":{"@id":"http:\/\/www.salesianos.edu\/familiasalesiana\/un-sueno-hecho-realidad-cronica-de-la-coronacion-de-maria-auxiliadora-de-la-palma-del-condado\/"},"wordCount":1048,"commentCount":0,"image":{"@id":"http:\/\/www.salesianos.edu\/familiasalesiana\/un-sueno-hecho-realidad-cronica-de-la-coronacion-de-maria-auxiliadora-de-la-palma-del-condado\/#primaryimage"},"thumbnailUrl":"https:\/\/www.salesianos.edu\/familiasalesiana\/wp-content\/uploads\/sites\/5\/2025\/02\/La-Palma-del-Condado-Coronacion.png","articleSection":["ADMA","newsletters ADMA"],"inLanguage":"es","potentialAction":[{"@type":"CommentAction","name":"Comment","target":["http:\/\/www.salesianos.edu\/familiasalesiana\/un-sueno-hecho-realidad-cronica-de-la-coronacion-de-maria-auxiliadora-de-la-palma-del-condado\/#respond"]}]},{"@type":"WebPage","@id":"http:\/\/www.salesianos.edu\/familiasalesiana\/un-sueno-hecho-realidad-cronica-de-la-coronacion-de-maria-auxiliadora-de-la-palma-del-condado\/","url":"http:\/\/www.salesianos.edu\/familiasalesiana\/un-sueno-hecho-realidad-cronica-de-la-coronacion-de-maria-auxiliadora-de-la-palma-del-condado\/","name":"Un sue\u00f1o hecho realidad. Cr\u00f3nica de la Coronaci\u00f3n de Mar\u00eda Auxiliadora de La Palma del Condado. - Familia Salesiana","isPartOf":{"@id":"http:\/\/www.salesianos.edu\/familiasalesiana\/#website"},"primaryImageOfPage":{"@id":"http:\/\/www.salesianos.edu\/familiasalesiana\/un-sueno-hecho-realidad-cronica-de-la-coronacion-de-maria-auxiliadora-de-la-palma-del-condado\/#primaryimage"},"image":{"@id":"http:\/\/www.salesianos.edu\/familiasalesiana\/un-sueno-hecho-realidad-cronica-de-la-coronacion-de-maria-auxiliadora-de-la-palma-del-condado\/#primaryimage"},"thumbnailUrl":"https:\/\/www.salesianos.edu\/familiasalesiana\/wp-content\/uploads\/sites\/5\/2025\/02\/La-Palma-del-Condado-Coronacion.png","datePublished":"2025-02-21T08:18:20+00:00","dateModified":"2025-02-21T08:18:25+00:00","author":{"@id":"http:\/\/www.salesianos.edu\/familiasalesiana\/#\/schema\/person\/a1d72ee5373cce7347fb2993ba9f47d6"},"breadcrumb":{"@id":"http:\/\/www.salesianos.edu\/familiasalesiana\/un-sueno-hecho-realidad-cronica-de-la-coronacion-de-maria-auxiliadora-de-la-palma-del-condado\/#breadcrumb"},"inLanguage":"es","potentialAction":[{"@type":"ReadAction","target":["http:\/\/www.salesianos.edu\/familiasalesiana\/un-sueno-hecho-realidad-cronica-de-la-coronacion-de-maria-auxiliadora-de-la-palma-del-condado\/"]}]},{"@type":"ImageObject","inLanguage":"es","@id":"http:\/\/www.salesianos.edu\/familiasalesiana\/un-sueno-hecho-realidad-cronica-de-la-coronacion-de-maria-auxiliadora-de-la-palma-del-condado\/#primaryimage","url":"https:\/\/www.salesianos.edu\/familiasalesiana\/wp-content\/uploads\/sites\/5\/2025\/02\/La-Palma-del-Condado-Coronacion.png","contentUrl":"https:\/\/www.salesianos.edu\/familiasalesiana\/wp-content\/uploads\/sites\/5\/2025\/02\/La-Palma-del-Condado-Coronacion.png","width":1480,"height":1016},{"@type":"BreadcrumbList","@id":"http:\/\/www.salesianos.edu\/familiasalesiana\/un-sueno-hecho-realidad-cronica-de-la-coronacion-de-maria-auxiliadora-de-la-palma-del-condado\/#breadcrumb","itemListElement":[{"@type":"ListItem","position":1,"name":"Portada","item":"http:\/\/www.salesianos.edu\/familiasalesiana\/"},{"@type":"ListItem","position":2,"name":"Un sue\u00f1o hecho realidad. Cr\u00f3nica de la Coronaci\u00f3n de Mar\u00eda Auxiliadora de La Palma del Condado."}]},{"@type":"WebSite","@id":"http:\/\/www.salesianos.edu\/familiasalesiana\/#website","url":"http:\/\/www.salesianos.edu\/familiasalesiana\/","name":"Familia Salesiana","description":"P\u00e1gina oficial de Inspector\u00eda Salesiana Mar\u00eda Auxiliadora","potentialAction":[{"@type":"SearchAction","target":{"@type":"EntryPoint","urlTemplate":"http:\/\/www.salesianos.edu\/familiasalesiana\/?s={search_term_string}"},"query-input":{"@type":"PropertyValueSpecification","valueRequired":true,"valueName":"search_term_string"}}],"inLanguage":"es"},{"@type":"Person","@id":"http:\/\/www.salesianos.edu\/familiasalesiana\/#\/schema\/person\/a1d72ee5373cce7347fb2993ba9f47d6","name":"joseluisgarciamoscoso","image":{"@type":"ImageObject","inLanguage":"es","@id":"https:\/\/secure.gravatar.com\/avatar\/3fda3a0b2db3bc9a39871e47cbd526b42d6c3b74755b7ae1400a87b2913fea6a?s=96&d=mm&r=g","url":"https:\/\/secure.gravatar.com\/avatar\/3fda3a0b2db3bc9a39871e47cbd526b42d6c3b74755b7ae1400a87b2913fea6a?s=96&d=mm&r=g","contentUrl":"https:\/\/secure.gravatar.com\/avatar\/3fda3a0b2db3bc9a39871e47cbd526b42d6c3b74755b7ae1400a87b2913fea6a?s=96&d=mm&r=g","caption":"joseluisgarciamoscoso"}}]}},"_links":{"self":[{"href":"https:\/\/www.salesianos.edu\/familiasalesiana\/wp-json\/wp\/v2\/posts\/10688","targetHints":{"allow":["GET"]}}],"collection":[{"href":"https:\/\/www.salesianos.edu\/familiasalesiana\/wp-json\/wp\/v2\/posts"}],"about":[{"href":"https:\/\/www.salesianos.edu\/familiasalesiana\/wp-json\/wp\/v2\/types\/post"}],"author":[{"embeddable":true,"href":"https:\/\/www.salesianos.edu\/familiasalesiana\/wp-json\/wp\/v2\/users\/12"}],"replies":[{"embeddable":true,"href":"https:\/\/www.salesianos.edu\/familiasalesiana\/wp-json\/wp\/v2\/comments?post=10688"}],"version-history":[{"count":2,"href":"https:\/\/www.salesianos.edu\/familiasalesiana\/wp-json\/wp\/v2\/posts\/10688\/revisions"}],"predecessor-version":[{"id":10692,"href":"https:\/\/www.salesianos.edu\/familiasalesiana\/wp-json\/wp\/v2\/posts\/10688\/revisions\/10692"}],"wp:featuredmedia":[{"embeddable":true,"href":"https:\/\/www.salesianos.edu\/familiasalesiana\/wp-json\/wp\/v2\/media\/10690"}],"wp:attachment":[{"href":"https:\/\/www.salesianos.edu\/familiasalesiana\/wp-json\/wp\/v2\/media?parent=10688"}],"wp:term":[{"taxonomy":"category","embeddable":true,"href":"https:\/\/www.salesianos.edu\/familiasalesiana\/wp-json\/wp\/v2\/categories?post=10688"},{"taxonomy":"post_tag","embeddable":true,"href":"https:\/\/www.salesianos.edu\/familiasalesiana\/wp-json\/wp\/v2\/tags?post=10688"}],"curies":[{"name":"wp","href":"https:\/\/api.w.org\/{rel}","templated":true}]}}