{"id":10667,"date":"2025-02-21T08:20:06","date_gmt":"2025-02-21T07:20:06","guid":{"rendered":"https:\/\/www.salesianos.edu\/familiasalesiana\/?p=10667"},"modified":"2025-02-21T08:20:11","modified_gmt":"2025-02-21T07:20:11","slug":"auxiliadora-madre-de-la-esperanza","status":"publish","type":"post","link":"https:\/\/www.salesianos.edu\/familiasalesiana\/auxiliadora-madre-de-la-esperanza\/","title":{"rendered":"\u201cAUXILIADORA, Madre de la Esperanza\u201d"},"content":{"rendered":"<div id=\"fb-root\"><\/div>\n<p>[et_pb_section fb_built=\u00bb1&#8243; admin_label=\u00bbsection\u00bb _builder_version=\u00bb4.16&#8243; global_colors_info=\u00bb{}\u00bb][et_pb_row admin_label=\u00bbrow\u00bb _builder_version=\u00bb4.16&#8243; background_size=\u00bbinitial\u00bb background_position=\u00bbtop_left\u00bb background_repeat=\u00bbrepeat\u00bb global_colors_info=\u00bb{}\u00bb][et_pb_column type=\u00bb4_4&#8243; _builder_version=\u00bb4.16&#8243; custom_padding=\u00bb|||\u00bb global_colors_info=\u00bb{}\u00bb custom_padding__hover=\u00bb|||\u00bb][et_pb_text _builder_version=\u00bb4.27.4&#8243; _module_preset=\u00bbdefault\u00bb hover_enabled=\u00bb0&#8243; sticky_enabled=\u00bb0&#8243;]<\/p>\n<p style=\"font-weight: 400;\">Un a\u00f1o m\u00e1s nos vuelve a convocar nuestra Madre Auxiliadora, nos vuelve a unir, como lo ha hecho siempre a lo largo de todos estos a\u00f1os. ELLA nos sostiene y nos anima a celebrar la XVIII Asamblea Inspectorial de ADMA, bajo el lema \u201cAuxiliadora de la Esperanza. Peregrina con los j\u00f3venes\u201d, en un a\u00f1o que celebramos el 75 aniversario de la coronaci\u00f3n can\u00f3nica de Mar\u00eda Auxiliadora de Montilla.<\/p>\n<p style=\"font-weight: 400;\">Montilla es una ciudad acogedora, situada en plena campi\u00f1a cordobesa, se rodea de cepas con cuyas uvas se elabora uno de los mejores vinos espa\u00f1oles, el Montilla- Moriles. Cuna del gran Capit\u00e1n y de San Francisco Solano, con un gran legado hist\u00f3rico como la Parroquia de Santiago, Convento de Santa Clara, Palacio de Medinaceli o la Bas\u00edlica Pontificia de San Juan de \u00c1vila.<\/p>\n<p style=\"font-weight: 400;\">Mar\u00eda Auxiliadora llega a Montilla en 1900, de la mano de los Salesianos, es una imagen centenaria con una gran devoci\u00f3n, que fue coronada can\u00f3nicamente el 14 de mayo de 1950 en la plaza de la Rosa, en una inolvidable ceremonia de fervor.<\/p>\n<p style=\"font-weight: 400;\">Para conmemorar dicha efem\u00e9ride la Asociaci\u00f3n de Mar\u00eda Auxiliadora ha elaborado un variado programa de actos que a\u00fana lo cultural, lo solidario y lo espiritual y de una manera especial acogiendo y organizando en nuestra Casa Salesiana la XVIII Asamblea inspectorial de ADMA.<\/p>\n<p style=\"font-weight: 400;\">La esperanza y los j\u00f3venes es el mensaje central del lema elegido y la Virgen como protagonista \u201cAuxiliadora de la Esperanza. Peregrina con los j\u00f3venes\u201d, haciendo un gui\u00f1o al Aguinaldo del Rector Mayor de este 2025.<\/p>\n<p style=\"font-weight: 400;\">Mar\u00eda es la Madre de la Esperanza que nunca falla para aquellos que creen en Ella, quien contempla la belleza serena de su rostro, no puede sino sentir su cercan\u00eda materna, y su presencia silenciosa ofrece calma en medio de la desaz\u00f3n de la vida.<\/p>\n<p style=\"font-weight: 400;\">Toda su existencia fue peregrina recorriendo un camino de fe hasta su gloriosa asunci\u00f3n a los cielos.<\/p>\n<p style=\"font-weight: 400;\">Nada m\u00e1s evocador que sea la Virgen de Don Bosco quien sostenga y acompa\u00f1e a los j\u00f3venes, con el deseo de que aliente e ilumine a todos en el camino.<\/p>\n<p style=\"font-weight: 400;\">Animamos a las distintas Asociaciones de ADMA de la inspector\u00eda de Mar\u00eda Auxiliadora a asistir y participar de este encuentro de oraci\u00f3n, formaci\u00f3n y amor en torno a nuestra Madre, y le pedimos a ELLA que nos ense\u00f1e a vivir inmerso en la esperanza y en la presencia permanente de Dios en nuestras vidas.<\/p>\n<p style=\"font-weight: 400; text-align: right;\">Mar\u00eda Auxiliadora Ord\u00f3\u00f1ez Vallejo<\/p>\n<p style=\"font-weight: 400; text-align: right;\">\u00a0\u00a0\u00a0\u00a0\u00a0\u00a0\u00a0\u00a0\u00a0\u00a0\u00a0\u00a0\u00a0\u00a0\u00a0\u00a0\u00a0\u00a0\u00a0\u00a0\u00a0\u00a0\u00a0\u00a0\u00a0\u00a0\u00a0\u00a0\u00a0\u00a0\u00a0\u00a0\u00a0\u00a0\u00a0\u00a0\u00a0\u00a0\u00a0\u00a0\u00a0\u00a0\u00a0\u00a0\u00a0\u00a0\u00a0\u00a0\u00a0\u00a0\u00a0\u00a0\u00a0\u00a0\u00a0\u00a0\u00a0\u00a0\u00a0\u00a0\u00a0\u00a0\u00a0\u00a0\u00a0\u00a0\u00a0\u00a0\u00a0\u00a0\u00a0\u00a0\u00a0\u00a0\u00a0\u00a0\u00a0\u00a0\u00a0\u00a0\u00a0\u00a0\u00a0\u00a0\u00a0\u00a0\u00a0\u00a0\u00a0\u00a0\u00a0\u00a0\u00a0 Presidenta de ADMA<\/p>\n<p>[\/et_pb_text][\/et_pb_column][\/et_pb_row][et_pb_row _builder_version=\u00bb4.27.4&#8243; _module_preset=\u00bbdefault\u00bb column_structure=\u00bb1_4,1_2,1_4&#8243;][et_pb_column _builder_version=\u00bb4.27.4&#8243; _module_preset=\u00bbdefault\u00bb type=\u00bb1_4&#8243;][\/et_pb_column][et_pb_column _builder_version=\u00bb4.27.4&#8243; _module_preset=\u00bbdefault\u00bb type=\u00bb1_2&#8243;][et_pb_image _builder_version=\u00bb4.27.4&#8243; _module_preset=\u00bbdefault\u00bb title_text=\u00bbCartel XVIII Asamblea ADMA\u00bb src=\u00bbhttp:\/\/www.salesianos.edu\/familiasalesiana\/wp-content\/uploads\/sites\/5\/2025\/02\/Cartel-XVIII-Asamblea-ADMA.jpg\u00bb hover_enabled=\u00bb0&#8243; sticky_enabled=\u00bb0&#8243; show_in_lightbox=\u00bbon\u00bb][\/et_pb_image][\/et_pb_column][et_pb_column _builder_version=\u00bb4.27.4&#8243; _module_preset=\u00bbdefault\u00bb type=\u00bb1_4&#8243;][\/et_pb_column][\/et_pb_row][\/et_pb_section]<\/p>\n","protected":false},"excerpt":{"rendered":"<p>Un a\u00f1o m\u00e1s nos vuelve a convocar nuestra Madre Auxiliadora, nos vuelve a unir, como lo ha hecho siempre a lo largo de todos estos a\u00f1os. ELLA nos sostiene y nos anima a celebrar la XVIII Asamblea Inspectorial de ADMA, bajo el lema \u201cAuxiliadora de la Esperanza. Peregrina con los j\u00f3venes\u201d, en un a\u00f1o que [&hellip;]<\/p>\n","protected":false},"author":12,"featured_media":10668,"comment_status":"open","ping_status":"open","sticky":false,"template":"","format":"standard","meta":{"_et_pb_use_builder":"on","_et_pb_old_content":"","_et_gb_content_width":"","footnotes":""},"categories":[53,64],"tags":[],"class_list":["post-10667","post","type-post","status-publish","format-standard","has-post-thumbnail","hentry","category-adma","category-newsletters-adma"],"yoast_head":"<!-- This site is optimized with the Yoast SEO plugin v27.5 - https:\/\/yoast.com\/product\/yoast-seo-wordpress\/ -->\n<title>\u201cAUXILIADORA, Madre de la Esperanza\u201d - Familia Salesiana<\/title>\n<meta name=\"robots\" content=\"index, follow, max-snippet:-1, max-image-preview:large, max-video-preview:-1\" \/>\n<link rel=\"canonical\" href=\"https:\/\/www.salesianos.edu\/familiasalesiana\/auxiliadora-madre-de-la-esperanza\/\" \/>\n<meta property=\"og:locale\" content=\"es_ES\" \/>\n<meta property=\"og:type\" content=\"article\" \/>\n<meta property=\"og:title\" content=\"\u201cAUXILIADORA, Madre de la Esperanza\u201d - Familia Salesiana\" \/>\n<meta property=\"og:description\" content=\"Titulo p\u00e1ginas Subtitulo 1 Lorem Ipsum es simplemente el texto de relleno de las imprentas y archivos de texto. Lorem Ipsum ha sido el texto de relleno est\u00e1ndar de las industrias desde el a\u00f1o 1500, cuando un impresor (N. del T. persona que se dedica a la imprenta) desconocido us\u00f3 una galer\u00eda de textos y [&hellip;]\" \/>\n<meta property=\"og:url\" content=\"https:\/\/www.salesianos.edu\/familiasalesiana\/auxiliadora-madre-de-la-esperanza\/\" \/>\n<meta property=\"og:site_name\" content=\"Familia Salesiana\" \/>\n<meta property=\"article:published_time\" content=\"2025-02-21T07:20:06+00:00\" \/>\n<meta property=\"article:modified_time\" content=\"2025-02-21T07:20:11+00:00\" \/>\n<meta property=\"og:image\" content=\"https:\/\/www.salesianos.edu\/familiasalesiana\/wp-content\/uploads\/sites\/5\/2025\/02\/Poster_Asamblea-scaled.jpg\" \/>\n\t<meta property=\"og:image:width\" content=\"2560\" \/>\n\t<meta property=\"og:image:height\" content=\"1706\" \/>\n\t<meta property=\"og:image:type\" content=\"image\/jpeg\" \/>\n<meta name=\"author\" content=\"joseluisgarciamoscoso\" \/>\n<meta name=\"twitter:card\" content=\"summary_large_image\" \/>\n<meta name=\"twitter:label1\" content=\"Escrito por\" \/>\n\t<meta name=\"twitter:data1\" content=\"joseluisgarciamoscoso\" \/>\n\t<meta name=\"twitter:label2\" content=\"Tiempo de lectura\" \/>\n\t<meta name=\"twitter:data2\" content=\"3 minutos\" \/>\n<script type=\"application\/ld+json\" class=\"yoast-schema-graph\">{\"@context\":\"https:\\\/\\\/schema.org\",\"@graph\":[{\"@type\":\"Article\",\"@id\":\"https:\\\/\\\/www.salesianos.edu\\\/familiasalesiana\\\/auxiliadora-madre-de-la-esperanza\\\/#article\",\"isPartOf\":{\"@id\":\"https:\\\/\\\/www.salesianos.edu\\\/familiasalesiana\\\/auxiliadora-madre-de-la-esperanza\\\/\"},\"author\":{\"name\":\"joseluisgarciamoscoso\",\"@id\":\"http:\\\/\\\/www.salesianos.edu\\\/familiasalesiana\\\/#\\\/schema\\\/person\\\/a1d72ee5373cce7347fb2993ba9f47d6\"},\"headline\":\"\u201cAUXILIADORA, Madre de la Esperanza\u201d\",\"datePublished\":\"2025-02-21T07:20:06+00:00\",\"dateModified\":\"2025-02-21T07:20:11+00:00\",\"mainEntityOfPage\":{\"@id\":\"https:\\\/\\\/www.salesianos.edu\\\/familiasalesiana\\\/auxiliadora-madre-de-la-esperanza\\\/\"},\"wordCount\":600,\"commentCount\":0,\"image\":{\"@id\":\"https:\\\/\\\/www.salesianos.edu\\\/familiasalesiana\\\/auxiliadora-madre-de-la-esperanza\\\/#primaryimage\"},\"thumbnailUrl\":\"https:\\\/\\\/www.salesianos.edu\\\/familiasalesiana\\\/wp-content\\\/uploads\\\/sites\\\/5\\\/2025\\\/02\\\/Poster_Asamblea-scaled.jpg\",\"articleSection\":[\"ADMA\",\"newsletters ADMA\"],\"inLanguage\":\"es\",\"potentialAction\":[{\"@type\":\"CommentAction\",\"name\":\"Comment\",\"target\":[\"https:\\\/\\\/www.salesianos.edu\\\/familiasalesiana\\\/auxiliadora-madre-de-la-esperanza\\\/#respond\"]}]},{\"@type\":\"WebPage\",\"@id\":\"https:\\\/\\\/www.salesianos.edu\\\/familiasalesiana\\\/auxiliadora-madre-de-la-esperanza\\\/\",\"url\":\"https:\\\/\\\/www.salesianos.edu\\\/familiasalesiana\\\/auxiliadora-madre-de-la-esperanza\\\/\",\"name\":\"\u201cAUXILIADORA, Madre de la Esperanza\u201d - Familia Salesiana\",\"isPartOf\":{\"@id\":\"http:\\\/\\\/www.salesianos.edu\\\/familiasalesiana\\\/#website\"},\"primaryImageOfPage\":{\"@id\":\"https:\\\/\\\/www.salesianos.edu\\\/familiasalesiana\\\/auxiliadora-madre-de-la-esperanza\\\/#primaryimage\"},\"image\":{\"@id\":\"https:\\\/\\\/www.salesianos.edu\\\/familiasalesiana\\\/auxiliadora-madre-de-la-esperanza\\\/#primaryimage\"},\"thumbnailUrl\":\"https:\\\/\\\/www.salesianos.edu\\\/familiasalesiana\\\/wp-content\\\/uploads\\\/sites\\\/5\\\/2025\\\/02\\\/Poster_Asamblea-scaled.jpg\",\"datePublished\":\"2025-02-21T07:20:06+00:00\",\"dateModified\":\"2025-02-21T07:20:11+00:00\",\"author\":{\"@id\":\"http:\\\/\\\/www.salesianos.edu\\\/familiasalesiana\\\/#\\\/schema\\\/person\\\/a1d72ee5373cce7347fb2993ba9f47d6\"},\"breadcrumb\":{\"@id\":\"https:\\\/\\\/www.salesianos.edu\\\/familiasalesiana\\\/auxiliadora-madre-de-la-esperanza\\\/#breadcrumb\"},\"inLanguage\":\"es\",\"potentialAction\":[{\"@type\":\"ReadAction\",\"target\":[\"https:\\\/\\\/www.salesianos.edu\\\/familiasalesiana\\\/auxiliadora-madre-de-la-esperanza\\\/\"]}]},{\"@type\":\"ImageObject\",\"inLanguage\":\"es\",\"@id\":\"https:\\\/\\\/www.salesianos.edu\\\/familiasalesiana\\\/auxiliadora-madre-de-la-esperanza\\\/#primaryimage\",\"url\":\"https:\\\/\\\/www.salesianos.edu\\\/familiasalesiana\\\/wp-content\\\/uploads\\\/sites\\\/5\\\/2025\\\/02\\\/Poster_Asamblea-scaled.jpg\",\"contentUrl\":\"https:\\\/\\\/www.salesianos.edu\\\/familiasalesiana\\\/wp-content\\\/uploads\\\/sites\\\/5\\\/2025\\\/02\\\/Poster_Asamblea-scaled.jpg\",\"width\":2560,\"height\":1706},{\"@type\":\"BreadcrumbList\",\"@id\":\"https:\\\/\\\/www.salesianos.edu\\\/familiasalesiana\\\/auxiliadora-madre-de-la-esperanza\\\/#breadcrumb\",\"itemListElement\":[{\"@type\":\"ListItem\",\"position\":1,\"name\":\"Portada\",\"item\":\"http:\\\/\\\/www.salesianos.edu\\\/familiasalesiana\\\/\"},{\"@type\":\"ListItem\",\"position\":2,\"name\":\"\u201cAUXILIADORA, Madre de la Esperanza\u201d\"}]},{\"@type\":\"WebSite\",\"@id\":\"http:\\\/\\\/www.salesianos.edu\\\/familiasalesiana\\\/#website\",\"url\":\"http:\\\/\\\/www.salesianos.edu\\\/familiasalesiana\\\/\",\"name\":\"Familia Salesiana\",\"description\":\"P\u00e1gina oficial de Inspector\u00eda Salesiana Mar\u00eda Auxiliadora\",\"potentialAction\":[{\"@type\":\"SearchAction\",\"target\":{\"@type\":\"EntryPoint\",\"urlTemplate\":\"http:\\\/\\\/www.salesianos.edu\\\/familiasalesiana\\\/?s={search_term_string}\"},\"query-input\":{\"@type\":\"PropertyValueSpecification\",\"valueRequired\":true,\"valueName\":\"search_term_string\"}}],\"inLanguage\":\"es\"},{\"@type\":\"Person\",\"@id\":\"http:\\\/\\\/www.salesianos.edu\\\/familiasalesiana\\\/#\\\/schema\\\/person\\\/a1d72ee5373cce7347fb2993ba9f47d6\",\"name\":\"joseluisgarciamoscoso\",\"image\":{\"@type\":\"ImageObject\",\"inLanguage\":\"es\",\"@id\":\"https:\\\/\\\/secure.gravatar.com\\\/avatar\\\/3fda3a0b2db3bc9a39871e47cbd526b42d6c3b74755b7ae1400a87b2913fea6a?s=96&d=mm&r=g\",\"url\":\"https:\\\/\\\/secure.gravatar.com\\\/avatar\\\/3fda3a0b2db3bc9a39871e47cbd526b42d6c3b74755b7ae1400a87b2913fea6a?s=96&d=mm&r=g\",\"contentUrl\":\"https:\\\/\\\/secure.gravatar.com\\\/avatar\\\/3fda3a0b2db3bc9a39871e47cbd526b42d6c3b74755b7ae1400a87b2913fea6a?s=96&d=mm&r=g\",\"caption\":\"joseluisgarciamoscoso\"}}]}<\/script>\n<!-- \/ Yoast SEO plugin. -->","yoast_head_json":{"title":"\u201cAUXILIADORA, Madre de la Esperanza\u201d - Familia Salesiana","robots":{"index":"index","follow":"follow","max-snippet":"max-snippet:-1","max-image-preview":"max-image-preview:large","max-video-preview":"max-video-preview:-1"},"canonical":"https:\/\/www.salesianos.edu\/familiasalesiana\/auxiliadora-madre-de-la-esperanza\/","og_locale":"es_ES","og_type":"article","og_title":"\u201cAUXILIADORA, Madre de la Esperanza\u201d - Familia Salesiana","og_description":"Titulo p\u00e1ginas Subtitulo 1 Lorem Ipsum es simplemente el texto de relleno de las imprentas y archivos de texto. Lorem Ipsum ha sido el texto de relleno est\u00e1ndar de las industrias desde el a\u00f1o 1500, cuando un impresor (N. del T. persona que se dedica a la imprenta) desconocido us\u00f3 una galer\u00eda de textos y [&hellip;]","og_url":"https:\/\/www.salesianos.edu\/familiasalesiana\/auxiliadora-madre-de-la-esperanza\/","og_site_name":"Familia Salesiana","article_published_time":"2025-02-21T07:20:06+00:00","article_modified_time":"2025-02-21T07:20:11+00:00","og_image":[{"width":2560,"height":1706,"url":"https:\/\/www.salesianos.edu\/familiasalesiana\/wp-content\/uploads\/sites\/5\/2025\/02\/Poster_Asamblea-scaled.jpg","type":"image\/jpeg"}],"author":"joseluisgarciamoscoso","twitter_card":"summary_large_image","twitter_misc":{"Escrito por":"joseluisgarciamoscoso","Tiempo de lectura":"3 minutos"},"schema":{"@context":"https:\/\/schema.org","@graph":[{"@type":"Article","@id":"https:\/\/www.salesianos.edu\/familiasalesiana\/auxiliadora-madre-de-la-esperanza\/#article","isPartOf":{"@id":"https:\/\/www.salesianos.edu\/familiasalesiana\/auxiliadora-madre-de-la-esperanza\/"},"author":{"name":"joseluisgarciamoscoso","@id":"http:\/\/www.salesianos.edu\/familiasalesiana\/#\/schema\/person\/a1d72ee5373cce7347fb2993ba9f47d6"},"headline":"\u201cAUXILIADORA, Madre de la Esperanza\u201d","datePublished":"2025-02-21T07:20:06+00:00","dateModified":"2025-02-21T07:20:11+00:00","mainEntityOfPage":{"@id":"https:\/\/www.salesianos.edu\/familiasalesiana\/auxiliadora-madre-de-la-esperanza\/"},"wordCount":600,"commentCount":0,"image":{"@id":"https:\/\/www.salesianos.edu\/familiasalesiana\/auxiliadora-madre-de-la-esperanza\/#primaryimage"},"thumbnailUrl":"https:\/\/www.salesianos.edu\/familiasalesiana\/wp-content\/uploads\/sites\/5\/2025\/02\/Poster_Asamblea-scaled.jpg","articleSection":["ADMA","newsletters ADMA"],"inLanguage":"es","potentialAction":[{"@type":"CommentAction","name":"Comment","target":["https:\/\/www.salesianos.edu\/familiasalesiana\/auxiliadora-madre-de-la-esperanza\/#respond"]}]},{"@type":"WebPage","@id":"https:\/\/www.salesianos.edu\/familiasalesiana\/auxiliadora-madre-de-la-esperanza\/","url":"https:\/\/www.salesianos.edu\/familiasalesiana\/auxiliadora-madre-de-la-esperanza\/","name":"\u201cAUXILIADORA, Madre de la Esperanza\u201d - Familia Salesiana","isPartOf":{"@id":"http:\/\/www.salesianos.edu\/familiasalesiana\/#website"},"primaryImageOfPage":{"@id":"https:\/\/www.salesianos.edu\/familiasalesiana\/auxiliadora-madre-de-la-esperanza\/#primaryimage"},"image":{"@id":"https:\/\/www.salesianos.edu\/familiasalesiana\/auxiliadora-madre-de-la-esperanza\/#primaryimage"},"thumbnailUrl":"https:\/\/www.salesianos.edu\/familiasalesiana\/wp-content\/uploads\/sites\/5\/2025\/02\/Poster_Asamblea-scaled.jpg","datePublished":"2025-02-21T07:20:06+00:00","dateModified":"2025-02-21T07:20:11+00:00","author":{"@id":"http:\/\/www.salesianos.edu\/familiasalesiana\/#\/schema\/person\/a1d72ee5373cce7347fb2993ba9f47d6"},"breadcrumb":{"@id":"https:\/\/www.salesianos.edu\/familiasalesiana\/auxiliadora-madre-de-la-esperanza\/#breadcrumb"},"inLanguage":"es","potentialAction":[{"@type":"ReadAction","target":["https:\/\/www.salesianos.edu\/familiasalesiana\/auxiliadora-madre-de-la-esperanza\/"]}]},{"@type":"ImageObject","inLanguage":"es","@id":"https:\/\/www.salesianos.edu\/familiasalesiana\/auxiliadora-madre-de-la-esperanza\/#primaryimage","url":"https:\/\/www.salesianos.edu\/familiasalesiana\/wp-content\/uploads\/sites\/5\/2025\/02\/Poster_Asamblea-scaled.jpg","contentUrl":"https:\/\/www.salesianos.edu\/familiasalesiana\/wp-content\/uploads\/sites\/5\/2025\/02\/Poster_Asamblea-scaled.jpg","width":2560,"height":1706},{"@type":"BreadcrumbList","@id":"https:\/\/www.salesianos.edu\/familiasalesiana\/auxiliadora-madre-de-la-esperanza\/#breadcrumb","itemListElement":[{"@type":"ListItem","position":1,"name":"Portada","item":"http:\/\/www.salesianos.edu\/familiasalesiana\/"},{"@type":"ListItem","position":2,"name":"\u201cAUXILIADORA, Madre de la Esperanza\u201d"}]},{"@type":"WebSite","@id":"http:\/\/www.salesianos.edu\/familiasalesiana\/#website","url":"http:\/\/www.salesianos.edu\/familiasalesiana\/","name":"Familia Salesiana","description":"P\u00e1gina oficial de Inspector\u00eda Salesiana Mar\u00eda Auxiliadora","potentialAction":[{"@type":"SearchAction","target":{"@type":"EntryPoint","urlTemplate":"http:\/\/www.salesianos.edu\/familiasalesiana\/?s={search_term_string}"},"query-input":{"@type":"PropertyValueSpecification","valueRequired":true,"valueName":"search_term_string"}}],"inLanguage":"es"},{"@type":"Person","@id":"http:\/\/www.salesianos.edu\/familiasalesiana\/#\/schema\/person\/a1d72ee5373cce7347fb2993ba9f47d6","name":"joseluisgarciamoscoso","image":{"@type":"ImageObject","inLanguage":"es","@id":"https:\/\/secure.gravatar.com\/avatar\/3fda3a0b2db3bc9a39871e47cbd526b42d6c3b74755b7ae1400a87b2913fea6a?s=96&d=mm&r=g","url":"https:\/\/secure.gravatar.com\/avatar\/3fda3a0b2db3bc9a39871e47cbd526b42d6c3b74755b7ae1400a87b2913fea6a?s=96&d=mm&r=g","contentUrl":"https:\/\/secure.gravatar.com\/avatar\/3fda3a0b2db3bc9a39871e47cbd526b42d6c3b74755b7ae1400a87b2913fea6a?s=96&d=mm&r=g","caption":"joseluisgarciamoscoso"}}]}},"_links":{"self":[{"href":"https:\/\/www.salesianos.edu\/familiasalesiana\/wp-json\/wp\/v2\/posts\/10667","targetHints":{"allow":["GET"]}}],"collection":[{"href":"https:\/\/www.salesianos.edu\/familiasalesiana\/wp-json\/wp\/v2\/posts"}],"about":[{"href":"https:\/\/www.salesianos.edu\/familiasalesiana\/wp-json\/wp\/v2\/types\/post"}],"author":[{"embeddable":true,"href":"https:\/\/www.salesianos.edu\/familiasalesiana\/wp-json\/wp\/v2\/users\/12"}],"replies":[{"embeddable":true,"href":"https:\/\/www.salesianos.edu\/familiasalesiana\/wp-json\/wp\/v2\/comments?post=10667"}],"version-history":[{"count":2,"href":"https:\/\/www.salesianos.edu\/familiasalesiana\/wp-json\/wp\/v2\/posts\/10667\/revisions"}],"predecessor-version":[{"id":10671,"href":"https:\/\/www.salesianos.edu\/familiasalesiana\/wp-json\/wp\/v2\/posts\/10667\/revisions\/10671"}],"wp:featuredmedia":[{"embeddable":true,"href":"https:\/\/www.salesianos.edu\/familiasalesiana\/wp-json\/wp\/v2\/media\/10668"}],"wp:attachment":[{"href":"https:\/\/www.salesianos.edu\/familiasalesiana\/wp-json\/wp\/v2\/media?parent=10667"}],"wp:term":[{"taxonomy":"category","embeddable":true,"href":"https:\/\/www.salesianos.edu\/familiasalesiana\/wp-json\/wp\/v2\/categories?post=10667"},{"taxonomy":"post_tag","embeddable":true,"href":"https:\/\/www.salesianos.edu\/familiasalesiana\/wp-json\/wp\/v2\/tags?post=10667"}],"curies":[{"name":"wp","href":"https:\/\/api.w.org\/{rel}","templated":true}]}}