{"id":10656,"date":"2025-02-21T07:40:10","date_gmt":"2025-02-21T06:40:10","guid":{"rendered":"https:\/\/www.salesianos.edu\/familiasalesiana\/?p=10656"},"modified":"2025-02-21T10:19:45","modified_gmt":"2025-02-21T09:19:45","slug":"lo-hago-porque-soy-amigo-de-maria-auxiliadora","status":"publish","type":"post","link":"https:\/\/www.salesianos.edu\/familiasalesiana\/lo-hago-porque-soy-amigo-de-maria-auxiliadora\/","title":{"rendered":"\u00abLo hago porque soy amigo de Mar\u00eda Auxiliadora\u2026\u00bb"},"content":{"rendered":"<div id=\"fb-root\"><\/div>\n<p>[et_pb_section fb_built=\u00bb1&#8243; admin_label=\u00bbsection\u00bb _builder_version=\u00bb4.16&#8243; global_colors_info=\u00bb{}\u00bb][et_pb_row admin_label=\u00bbrow\u00bb _builder_version=\u00bb4.16&#8243; background_size=\u00bbinitial\u00bb background_position=\u00bbtop_left\u00bb background_repeat=\u00bbrepeat\u00bb global_colors_info=\u00bb{}\u00bb][et_pb_column type=\u00bb4_4&#8243; _builder_version=\u00bb4.16&#8243; custom_padding=\u00bb|||\u00bb global_colors_info=\u00bb{}\u00bb custom_padding__hover=\u00bb|||\u00bb][et_pb_text _builder_version=\u00bb4.27.4&#8243; _module_preset=\u00bbdefault\u00bb text_orientation=\u00bbjustified\u00bb global_colors_info=\u00bb{}\u00bb]<\/p>\n<div>\n<p class=\"Cuerpo\"><span lang=\"ES-TRAD\">La sencillez y, al mismo tiempo, lo acertado de esta frase del peque\u00f1o Ra\u00fal, un ni\u00f1o de 7 a\u00f1os del Colegio Salesiano \u201cSan Isidro\u201d de La Orotava (Tenerife) resume, muy a las claras, este bonito proyecto que desarrollan de manera conjunta la Asociaci\u00f3n de Mar\u00eda Auxiliadora de esta Casa salesiana y el Equipo Local de Pastoral Juvenil: se trata de los grupos de Amigos y Amigas de Mar\u00eda Auxiliadora. Y es que Ra\u00fal entendi\u00f3 a la perfecci\u00f3n lo que significa formar parte de esta iniciativa: tratar de imitar en virtudes a Mar\u00eda. <\/span><\/p>\n<\/div>\n<div>\n<p class=\"Cuerpo\"><span lang=\"ES-TRAD\">Los Amigos y Amigas de Mar\u00eda Auxiliadora nacen en esta Casa salesiana desde hace ya algunos a\u00f1os y, aunque la pandemia par\u00f3 sus actividades, desde el curso pasado se han retomado. Su objetivo no es otro que formar grupos de ni\u00f1os, ni\u00f1as y adolescentes que voluntariamente quieran difundir entre sus iguales y en sus familias la devoci\u00f3n a Mar\u00eda Auxiliadora. Para ello, los miembros de estos grupos que cursan ya los cursos superiores de la ESO apadrinan a sus compa\u00f1eros y compa\u00f1eras de los cursos m\u00e1s peque\u00f1os y colaboran con ellos en las diferentes tareas asignadas; as\u00ed la transmisi\u00f3n de esta devoci\u00f3n se convierte en una bonita experiencia intergeneracional. De esta manera se van desarrollando actividades adaptadas a cada edad y se van asumiendo peque\u00f1as responsabilidades de forma gradual, favoreciendo el protagonismo juvenil, tan salesiano. <\/span><\/p>\n<\/div>\n<div>\n<blockquote>\n<p class=\"Cuerpo\"><span lang=\"ES-TRAD\">Las tareas son muy sencillas: cuidar de las capillitas domiciliarias de Mar\u00eda Auxiliadora y asegurar que van de casa en casa, preparar los buenos d\u00edas de cada 24 de mes, preparar sorteos de diferentes medallitas u objetos que ayuden a promover la devoci\u00f3n, lanzamiento de retos para visitar a la Virgen antes de comenzar cada jornada, participar en un rosario en el mes de mayo preparado por ellos para ellos, participar de la novena y procesi\u00f3n de Mar\u00eda Auxiliadora \u2013ocupando en ella un lugar especial\u2013\u2026 Con cada uno y cada una se tiene, adem\u00e1s, un gesto especial: la entrega de una pulsera identificativa, que los ni\u00f1os y ni\u00f1as llevan con mucha ilusi\u00f3n. Todo ello acompa\u00f1ado de peque\u00f1os momentos formativos o catequ\u00e9ticos que ayuden a amar y a imitar cada vez a la Virgen, porque \u00e9se es el verdadero objetivo. <\/span><\/p>\n<\/blockquote>\n<\/div>\n<div>\n<p class=\"Cuerpo\"><span lang=\"ES-TRAD\">Sin duda, la colaboraci\u00f3n mano a mano con el Equipo de Pastoral Juvenil es clave en esta acci\u00f3n que permite visualizar entre los ni\u00f1os, ni\u00f1as y j\u00f3venes y sus familias la vida de la Asociaci\u00f3n de Mar\u00eda Auxiliadora en La Orotava. Esto ha permitido que est\u00e9 siendo una experiencia evangelizadora totalmente enriquecedora, que ampl\u00eda horizontes y ayuda a rejuvenecer la Asociaci\u00f3n. <\/span><\/p>\n<\/div>\n<div>\n<p class=\"Cuerpo\"><span lang=\"ES-TRAD\">Desde estas l\u00edneas solo nos queda animar a todas las Asociaciones locales a adentrarse en iniciativas que acerquen a los m\u00e1s j\u00f3venes a la Virgen, porque el amor a nuestra Madre es lo m\u00e1s bonito que podemos regalarles.<\/span><\/p>\n<\/div>\n<div>\n<p class=\"Cuerpo\"><span lang=\"ES-TRAD\">\u00a0<\/span><\/p>\n<\/div>\n<div>\n<p class=\"Cuerpo\" style=\"text-align: right;\"><span lang=\"ES-TRAD\">Jon\u00e1s \u00c1lvarez Rodr\u00edguez<\/span><\/p>\n<\/div>\n<p>[\/et_pb_text][dmg_masonry_gallery _builder_version=\u00bb4.27.4&#8243; _module_preset=\u00bbdefault\u00bb gallery=\u00bb10703,10704,10705&#8243; hover_enabled=\u00bb0&#8243; sticky_enabled=\u00bb0&#8243;][\/dmg_masonry_gallery][\/et_pb_column][\/et_pb_row][\/et_pb_section]<\/p>\n","protected":false},"excerpt":{"rendered":"<p>La sencillez y, al mismo tiempo, lo acertado de esta frase del peque\u00f1o Ra\u00fal, un ni\u00f1o de 7 a\u00f1os del Colegio Salesiano \u201cSan Isidro\u201d de La Orotava (Tenerife) resume, muy a las claras, este bonito proyecto que desarrollan de manera conjunta la Asociaci\u00f3n de Mar\u00eda Auxiliadora de esta Casa salesiana y el Equipo Local de [&hellip;]<\/p>\n","protected":false},"author":12,"featured_media":10662,"comment_status":"open","ping_status":"open","sticky":false,"template":"","format":"standard","meta":{"_et_pb_use_builder":"on","_et_pb_old_content":"","_et_gb_content_width":"","footnotes":""},"categories":[53,64],"tags":[],"class_list":["post-10656","post","type-post","status-publish","format-standard","has-post-thumbnail","hentry","category-adma","category-newsletters-adma"],"yoast_head":"<!-- This site is optimized with the Yoast SEO plugin v27.5 - https:\/\/yoast.com\/product\/yoast-seo-wordpress\/ -->\n<title>\u00abLo hago porque soy amigo de Mar\u00eda Auxiliadora\u2026\u00bb - Familia Salesiana<\/title>\n<meta name=\"robots\" content=\"index, follow, max-snippet:-1, max-image-preview:large, max-video-preview:-1\" \/>\n<link rel=\"canonical\" href=\"https:\/\/www.salesianos.edu\/familiasalesiana\/lo-hago-porque-soy-amigo-de-maria-auxiliadora\/\" \/>\n<meta property=\"og:locale\" content=\"es_ES\" \/>\n<meta property=\"og:type\" content=\"article\" \/>\n<meta property=\"og:title\" content=\"\u00abLo hago porque soy amigo de Mar\u00eda Auxiliadora\u2026\u00bb - Familia Salesiana\" \/>\n<meta property=\"og:description\" content=\"Titulo p\u00e1ginas Subtitulo 1 Lorem Ipsum es simplemente el texto de relleno de las imprentas y archivos de texto. Lorem Ipsum ha sido el texto de relleno est\u00e1ndar de las industrias desde el a\u00f1o 1500, cuando un impresor (N. del T. persona que se dedica a la imprenta) desconocido us\u00f3 una galer\u00eda de textos y [&hellip;]\" \/>\n<meta property=\"og:url\" content=\"https:\/\/www.salesianos.edu\/familiasalesiana\/lo-hago-porque-soy-amigo-de-maria-auxiliadora\/\" \/>\n<meta property=\"og:site_name\" content=\"Familia Salesiana\" \/>\n<meta property=\"article:published_time\" content=\"2025-02-21T06:40:10+00:00\" \/>\n<meta property=\"article:modified_time\" content=\"2025-02-21T09:19:45+00:00\" \/>\n<meta property=\"og:image\" content=\"https:\/\/www.salesianos.edu\/familiasalesiana\/wp-content\/uploads\/sites\/5\/2025\/02\/Maria-Auxiliadora_-La-orotava.jpeg\" \/>\n\t<meta property=\"og:image:width\" content=\"1616\" \/>\n\t<meta property=\"og:image:height\" content=\"1080\" \/>\n\t<meta property=\"og:image:type\" content=\"image\/jpeg\" \/>\n<meta name=\"author\" content=\"joseluisgarciamoscoso\" \/>\n<meta name=\"twitter:card\" content=\"summary_large_image\" \/>\n<meta name=\"twitter:label1\" content=\"Escrito por\" \/>\n\t<meta name=\"twitter:data1\" content=\"joseluisgarciamoscoso\" \/>\n\t<meta name=\"twitter:label2\" content=\"Tiempo de lectura\" \/>\n\t<meta name=\"twitter:data2\" content=\"3 minutos\" \/>\n<script type=\"application\/ld+json\" class=\"yoast-schema-graph\">{\"@context\":\"https:\\\/\\\/schema.org\",\"@graph\":[{\"@type\":\"Article\",\"@id\":\"https:\\\/\\\/www.salesianos.edu\\\/familiasalesiana\\\/lo-hago-porque-soy-amigo-de-maria-auxiliadora\\\/#article\",\"isPartOf\":{\"@id\":\"https:\\\/\\\/www.salesianos.edu\\\/familiasalesiana\\\/lo-hago-porque-soy-amigo-de-maria-auxiliadora\\\/\"},\"author\":{\"name\":\"joseluisgarciamoscoso\",\"@id\":\"http:\\\/\\\/www.salesianos.edu\\\/familiasalesiana\\\/#\\\/schema\\\/person\\\/a1d72ee5373cce7347fb2993ba9f47d6\"},\"headline\":\"\u00abLo hago porque soy amigo de Mar\u00eda Auxiliadora\u2026\u00bb\",\"datePublished\":\"2025-02-21T06:40:10+00:00\",\"dateModified\":\"2025-02-21T09:19:45+00:00\",\"mainEntityOfPage\":{\"@id\":\"https:\\\/\\\/www.salesianos.edu\\\/familiasalesiana\\\/lo-hago-porque-soy-amigo-de-maria-auxiliadora\\\/\"},\"wordCount\":615,\"commentCount\":0,\"image\":{\"@id\":\"https:\\\/\\\/www.salesianos.edu\\\/familiasalesiana\\\/lo-hago-porque-soy-amigo-de-maria-auxiliadora\\\/#primaryimage\"},\"thumbnailUrl\":\"https:\\\/\\\/www.salesianos.edu\\\/familiasalesiana\\\/wp-content\\\/uploads\\\/sites\\\/5\\\/2025\\\/02\\\/Maria-Auxiliadora_-La-orotava.jpeg\",\"articleSection\":[\"ADMA\",\"newsletters ADMA\"],\"inLanguage\":\"es\",\"potentialAction\":[{\"@type\":\"CommentAction\",\"name\":\"Comment\",\"target\":[\"https:\\\/\\\/www.salesianos.edu\\\/familiasalesiana\\\/lo-hago-porque-soy-amigo-de-maria-auxiliadora\\\/#respond\"]}]},{\"@type\":\"WebPage\",\"@id\":\"https:\\\/\\\/www.salesianos.edu\\\/familiasalesiana\\\/lo-hago-porque-soy-amigo-de-maria-auxiliadora\\\/\",\"url\":\"https:\\\/\\\/www.salesianos.edu\\\/familiasalesiana\\\/lo-hago-porque-soy-amigo-de-maria-auxiliadora\\\/\",\"name\":\"\u00abLo hago porque soy amigo de Mar\u00eda Auxiliadora\u2026\u00bb - Familia Salesiana\",\"isPartOf\":{\"@id\":\"http:\\\/\\\/www.salesianos.edu\\\/familiasalesiana\\\/#website\"},\"primaryImageOfPage\":{\"@id\":\"https:\\\/\\\/www.salesianos.edu\\\/familiasalesiana\\\/lo-hago-porque-soy-amigo-de-maria-auxiliadora\\\/#primaryimage\"},\"image\":{\"@id\":\"https:\\\/\\\/www.salesianos.edu\\\/familiasalesiana\\\/lo-hago-porque-soy-amigo-de-maria-auxiliadora\\\/#primaryimage\"},\"thumbnailUrl\":\"https:\\\/\\\/www.salesianos.edu\\\/familiasalesiana\\\/wp-content\\\/uploads\\\/sites\\\/5\\\/2025\\\/02\\\/Maria-Auxiliadora_-La-orotava.jpeg\",\"datePublished\":\"2025-02-21T06:40:10+00:00\",\"dateModified\":\"2025-02-21T09:19:45+00:00\",\"author\":{\"@id\":\"http:\\\/\\\/www.salesianos.edu\\\/familiasalesiana\\\/#\\\/schema\\\/person\\\/a1d72ee5373cce7347fb2993ba9f47d6\"},\"breadcrumb\":{\"@id\":\"https:\\\/\\\/www.salesianos.edu\\\/familiasalesiana\\\/lo-hago-porque-soy-amigo-de-maria-auxiliadora\\\/#breadcrumb\"},\"inLanguage\":\"es\",\"potentialAction\":[{\"@type\":\"ReadAction\",\"target\":[\"https:\\\/\\\/www.salesianos.edu\\\/familiasalesiana\\\/lo-hago-porque-soy-amigo-de-maria-auxiliadora\\\/\"]}]},{\"@type\":\"ImageObject\",\"inLanguage\":\"es\",\"@id\":\"https:\\\/\\\/www.salesianos.edu\\\/familiasalesiana\\\/lo-hago-porque-soy-amigo-de-maria-auxiliadora\\\/#primaryimage\",\"url\":\"https:\\\/\\\/www.salesianos.edu\\\/familiasalesiana\\\/wp-content\\\/uploads\\\/sites\\\/5\\\/2025\\\/02\\\/Maria-Auxiliadora_-La-orotava.jpeg\",\"contentUrl\":\"https:\\\/\\\/www.salesianos.edu\\\/familiasalesiana\\\/wp-content\\\/uploads\\\/sites\\\/5\\\/2025\\\/02\\\/Maria-Auxiliadora_-La-orotava.jpeg\",\"width\":1616,\"height\":1080},{\"@type\":\"BreadcrumbList\",\"@id\":\"https:\\\/\\\/www.salesianos.edu\\\/familiasalesiana\\\/lo-hago-porque-soy-amigo-de-maria-auxiliadora\\\/#breadcrumb\",\"itemListElement\":[{\"@type\":\"ListItem\",\"position\":1,\"name\":\"Portada\",\"item\":\"http:\\\/\\\/www.salesianos.edu\\\/familiasalesiana\\\/\"},{\"@type\":\"ListItem\",\"position\":2,\"name\":\"\u00abLo hago porque soy amigo de Mar\u00eda Auxiliadora\u2026\u00bb\"}]},{\"@type\":\"WebSite\",\"@id\":\"http:\\\/\\\/www.salesianos.edu\\\/familiasalesiana\\\/#website\",\"url\":\"http:\\\/\\\/www.salesianos.edu\\\/familiasalesiana\\\/\",\"name\":\"Familia Salesiana\",\"description\":\"P\u00e1gina oficial de Inspector\u00eda Salesiana Mar\u00eda Auxiliadora\",\"potentialAction\":[{\"@type\":\"SearchAction\",\"target\":{\"@type\":\"EntryPoint\",\"urlTemplate\":\"http:\\\/\\\/www.salesianos.edu\\\/familiasalesiana\\\/?s={search_term_string}\"},\"query-input\":{\"@type\":\"PropertyValueSpecification\",\"valueRequired\":true,\"valueName\":\"search_term_string\"}}],\"inLanguage\":\"es\"},{\"@type\":\"Person\",\"@id\":\"http:\\\/\\\/www.salesianos.edu\\\/familiasalesiana\\\/#\\\/schema\\\/person\\\/a1d72ee5373cce7347fb2993ba9f47d6\",\"name\":\"joseluisgarciamoscoso\",\"image\":{\"@type\":\"ImageObject\",\"inLanguage\":\"es\",\"@id\":\"https:\\\/\\\/secure.gravatar.com\\\/avatar\\\/3fda3a0b2db3bc9a39871e47cbd526b42d6c3b74755b7ae1400a87b2913fea6a?s=96&d=mm&r=g\",\"url\":\"https:\\\/\\\/secure.gravatar.com\\\/avatar\\\/3fda3a0b2db3bc9a39871e47cbd526b42d6c3b74755b7ae1400a87b2913fea6a?s=96&d=mm&r=g\",\"contentUrl\":\"https:\\\/\\\/secure.gravatar.com\\\/avatar\\\/3fda3a0b2db3bc9a39871e47cbd526b42d6c3b74755b7ae1400a87b2913fea6a?s=96&d=mm&r=g\",\"caption\":\"joseluisgarciamoscoso\"}}]}<\/script>\n<!-- \/ Yoast SEO plugin. -->","yoast_head_json":{"title":"\u00abLo hago porque soy amigo de Mar\u00eda Auxiliadora\u2026\u00bb - Familia Salesiana","robots":{"index":"index","follow":"follow","max-snippet":"max-snippet:-1","max-image-preview":"max-image-preview:large","max-video-preview":"max-video-preview:-1"},"canonical":"https:\/\/www.salesianos.edu\/familiasalesiana\/lo-hago-porque-soy-amigo-de-maria-auxiliadora\/","og_locale":"es_ES","og_type":"article","og_title":"\u00abLo hago porque soy amigo de Mar\u00eda Auxiliadora\u2026\u00bb - Familia Salesiana","og_description":"Titulo p\u00e1ginas Subtitulo 1 Lorem Ipsum es simplemente el texto de relleno de las imprentas y archivos de texto. Lorem Ipsum ha sido el texto de relleno est\u00e1ndar de las industrias desde el a\u00f1o 1500, cuando un impresor (N. del T. persona que se dedica a la imprenta) desconocido us\u00f3 una galer\u00eda de textos y [&hellip;]","og_url":"https:\/\/www.salesianos.edu\/familiasalesiana\/lo-hago-porque-soy-amigo-de-maria-auxiliadora\/","og_site_name":"Familia Salesiana","article_published_time":"2025-02-21T06:40:10+00:00","article_modified_time":"2025-02-21T09:19:45+00:00","og_image":[{"width":1616,"height":1080,"url":"https:\/\/www.salesianos.edu\/familiasalesiana\/wp-content\/uploads\/sites\/5\/2025\/02\/Maria-Auxiliadora_-La-orotava.jpeg","type":"image\/jpeg"}],"author":"joseluisgarciamoscoso","twitter_card":"summary_large_image","twitter_misc":{"Escrito por":"joseluisgarciamoscoso","Tiempo de lectura":"3 minutos"},"schema":{"@context":"https:\/\/schema.org","@graph":[{"@type":"Article","@id":"https:\/\/www.salesianos.edu\/familiasalesiana\/lo-hago-porque-soy-amigo-de-maria-auxiliadora\/#article","isPartOf":{"@id":"https:\/\/www.salesianos.edu\/familiasalesiana\/lo-hago-porque-soy-amigo-de-maria-auxiliadora\/"},"author":{"name":"joseluisgarciamoscoso","@id":"http:\/\/www.salesianos.edu\/familiasalesiana\/#\/schema\/person\/a1d72ee5373cce7347fb2993ba9f47d6"},"headline":"\u00abLo hago porque soy amigo de Mar\u00eda Auxiliadora\u2026\u00bb","datePublished":"2025-02-21T06:40:10+00:00","dateModified":"2025-02-21T09:19:45+00:00","mainEntityOfPage":{"@id":"https:\/\/www.salesianos.edu\/familiasalesiana\/lo-hago-porque-soy-amigo-de-maria-auxiliadora\/"},"wordCount":615,"commentCount":0,"image":{"@id":"https:\/\/www.salesianos.edu\/familiasalesiana\/lo-hago-porque-soy-amigo-de-maria-auxiliadora\/#primaryimage"},"thumbnailUrl":"https:\/\/www.salesianos.edu\/familiasalesiana\/wp-content\/uploads\/sites\/5\/2025\/02\/Maria-Auxiliadora_-La-orotava.jpeg","articleSection":["ADMA","newsletters ADMA"],"inLanguage":"es","potentialAction":[{"@type":"CommentAction","name":"Comment","target":["https:\/\/www.salesianos.edu\/familiasalesiana\/lo-hago-porque-soy-amigo-de-maria-auxiliadora\/#respond"]}]},{"@type":"WebPage","@id":"https:\/\/www.salesianos.edu\/familiasalesiana\/lo-hago-porque-soy-amigo-de-maria-auxiliadora\/","url":"https:\/\/www.salesianos.edu\/familiasalesiana\/lo-hago-porque-soy-amigo-de-maria-auxiliadora\/","name":"\u00abLo hago porque soy amigo de Mar\u00eda Auxiliadora\u2026\u00bb - Familia Salesiana","isPartOf":{"@id":"http:\/\/www.salesianos.edu\/familiasalesiana\/#website"},"primaryImageOfPage":{"@id":"https:\/\/www.salesianos.edu\/familiasalesiana\/lo-hago-porque-soy-amigo-de-maria-auxiliadora\/#primaryimage"},"image":{"@id":"https:\/\/www.salesianos.edu\/familiasalesiana\/lo-hago-porque-soy-amigo-de-maria-auxiliadora\/#primaryimage"},"thumbnailUrl":"https:\/\/www.salesianos.edu\/familiasalesiana\/wp-content\/uploads\/sites\/5\/2025\/02\/Maria-Auxiliadora_-La-orotava.jpeg","datePublished":"2025-02-21T06:40:10+00:00","dateModified":"2025-02-21T09:19:45+00:00","author":{"@id":"http:\/\/www.salesianos.edu\/familiasalesiana\/#\/schema\/person\/a1d72ee5373cce7347fb2993ba9f47d6"},"breadcrumb":{"@id":"https:\/\/www.salesianos.edu\/familiasalesiana\/lo-hago-porque-soy-amigo-de-maria-auxiliadora\/#breadcrumb"},"inLanguage":"es","potentialAction":[{"@type":"ReadAction","target":["https:\/\/www.salesianos.edu\/familiasalesiana\/lo-hago-porque-soy-amigo-de-maria-auxiliadora\/"]}]},{"@type":"ImageObject","inLanguage":"es","@id":"https:\/\/www.salesianos.edu\/familiasalesiana\/lo-hago-porque-soy-amigo-de-maria-auxiliadora\/#primaryimage","url":"https:\/\/www.salesianos.edu\/familiasalesiana\/wp-content\/uploads\/sites\/5\/2025\/02\/Maria-Auxiliadora_-La-orotava.jpeg","contentUrl":"https:\/\/www.salesianos.edu\/familiasalesiana\/wp-content\/uploads\/sites\/5\/2025\/02\/Maria-Auxiliadora_-La-orotava.jpeg","width":1616,"height":1080},{"@type":"BreadcrumbList","@id":"https:\/\/www.salesianos.edu\/familiasalesiana\/lo-hago-porque-soy-amigo-de-maria-auxiliadora\/#breadcrumb","itemListElement":[{"@type":"ListItem","position":1,"name":"Portada","item":"http:\/\/www.salesianos.edu\/familiasalesiana\/"},{"@type":"ListItem","position":2,"name":"\u00abLo hago porque soy amigo de Mar\u00eda Auxiliadora\u2026\u00bb"}]},{"@type":"WebSite","@id":"http:\/\/www.salesianos.edu\/familiasalesiana\/#website","url":"http:\/\/www.salesianos.edu\/familiasalesiana\/","name":"Familia Salesiana","description":"P\u00e1gina oficial de Inspector\u00eda Salesiana Mar\u00eda Auxiliadora","potentialAction":[{"@type":"SearchAction","target":{"@type":"EntryPoint","urlTemplate":"http:\/\/www.salesianos.edu\/familiasalesiana\/?s={search_term_string}"},"query-input":{"@type":"PropertyValueSpecification","valueRequired":true,"valueName":"search_term_string"}}],"inLanguage":"es"},{"@type":"Person","@id":"http:\/\/www.salesianos.edu\/familiasalesiana\/#\/schema\/person\/a1d72ee5373cce7347fb2993ba9f47d6","name":"joseluisgarciamoscoso","image":{"@type":"ImageObject","inLanguage":"es","@id":"https:\/\/secure.gravatar.com\/avatar\/3fda3a0b2db3bc9a39871e47cbd526b42d6c3b74755b7ae1400a87b2913fea6a?s=96&d=mm&r=g","url":"https:\/\/secure.gravatar.com\/avatar\/3fda3a0b2db3bc9a39871e47cbd526b42d6c3b74755b7ae1400a87b2913fea6a?s=96&d=mm&r=g","contentUrl":"https:\/\/secure.gravatar.com\/avatar\/3fda3a0b2db3bc9a39871e47cbd526b42d6c3b74755b7ae1400a87b2913fea6a?s=96&d=mm&r=g","caption":"joseluisgarciamoscoso"}}]}},"_links":{"self":[{"href":"https:\/\/www.salesianos.edu\/familiasalesiana\/wp-json\/wp\/v2\/posts\/10656","targetHints":{"allow":["GET"]}}],"collection":[{"href":"https:\/\/www.salesianos.edu\/familiasalesiana\/wp-json\/wp\/v2\/posts"}],"about":[{"href":"https:\/\/www.salesianos.edu\/familiasalesiana\/wp-json\/wp\/v2\/types\/post"}],"author":[{"embeddable":true,"href":"https:\/\/www.salesianos.edu\/familiasalesiana\/wp-json\/wp\/v2\/users\/12"}],"replies":[{"embeddable":true,"href":"https:\/\/www.salesianos.edu\/familiasalesiana\/wp-json\/wp\/v2\/comments?post=10656"}],"version-history":[{"count":4,"href":"https:\/\/www.salesianos.edu\/familiasalesiana\/wp-json\/wp\/v2\/posts\/10656\/revisions"}],"predecessor-version":[{"id":10706,"href":"https:\/\/www.salesianos.edu\/familiasalesiana\/wp-json\/wp\/v2\/posts\/10656\/revisions\/10706"}],"wp:featuredmedia":[{"embeddable":true,"href":"https:\/\/www.salesianos.edu\/familiasalesiana\/wp-json\/wp\/v2\/media\/10662"}],"wp:attachment":[{"href":"https:\/\/www.salesianos.edu\/familiasalesiana\/wp-json\/wp\/v2\/media?parent=10656"}],"wp:term":[{"taxonomy":"category","embeddable":true,"href":"https:\/\/www.salesianos.edu\/familiasalesiana\/wp-json\/wp\/v2\/categories?post=10656"},{"taxonomy":"post_tag","embeddable":true,"href":"https:\/\/www.salesianos.edu\/familiasalesiana\/wp-json\/wp\/v2\/tags?post=10656"}],"curies":[{"name":"wp","href":"https:\/\/api.w.org\/{rel}","templated":true}]}}