{"id":10615,"date":"2024-01-17T13:51:04","date_gmt":"2024-01-17T12:51:04","guid":{"rendered":"https:\/\/www.salesianos.edu\/familiasalesiana\/?p=10615"},"modified":"2024-01-17T13:51:39","modified_gmt":"2024-01-17T12:51:39","slug":"inmaculada-perez-nombrada-nueva-coordinadora-del-consejo-inspectorial-de-hermandades-y-cofradias-salesianas","status":"publish","type":"post","link":"https:\/\/www.salesianos.edu\/familiasalesiana\/inmaculada-perez-nombrada-nueva-coordinadora-del-consejo-inspectorial-de-hermandades-y-cofradias-salesianas\/","title":{"rendered":"Inmaculada P\u00e9rez nombrada nueva coordinadora del Consejo Inspectorial de Hermandades y Cofrad\u00edas Salesianas"},"content":{"rendered":"<div id=\"fb-root\"><\/div>\n<p>El pasado 5 de noviembre, se celebr\u00f3 en Granada la Asamblea Anual de Hermandades Salesianas, en la cual tuvo lugar la Eleccion del nuevo Consejo, tras finalizar el mandato encabezado por Juan Manuel Le\u00f3n Chamizo.<\/p>\n<p>El nuevo Consejo, reunido el dia 16 de enero, elige como <strong>Coordinadora Inspectorial de Hermandades Salesianas a Do\u00f1a Inmaculada P\u00e9rez Pizarro.<\/strong><\/p>\n<blockquote><p>D\u00f1a. Inmaculada P\u00e9rez es Salesiana cooperadora y cofrade desde la ni\u00f1ez, formando parte de la n\u00f3mina de hermanos\/as de Medinaceli-Esperanza y Borriquita-Alegr\u00eda, las dos Hermandades salesianas de Algeciras(C\u00e1diz); as\u00ed como de la Asociaci\u00f3n de devotos de Mar\u00eda Auxiliadora.<\/p>\n<p>En la Cofrad\u00eda Medinaceli Esperanza ha ejercido diversos cargos de responsabilidad en la Junta de Gobierno, siendo Hermana Mayor por 8 a\u00f1os.<\/p>\n<p>Pregonera en numerosas ocasiones, destacando el Preg\u00f3n de Semana Santa de Algeciras y Castellar, as\u00ed como, la Exaltaci\u00f3n a Mar\u00eda Auxiliadora en su Bajada de 2022.<\/p><\/blockquote>\n<p>Desde el 2019, forma parte del Consejo Inspectorial de HHCC Salesianas como Vicecoordinadora.<\/p>\n<p>Todos los miembros del Nuevo Consejo tienen una trayectoria Salesiana y Cofrade muy profundas.<\/p>\n","protected":false},"excerpt":{"rendered":"<p>El pasado 5 de noviembre, se celebr\u00f3 en Granada la Asamblea Anual de Hermandades Salesianas, en la cual tuvo lugar la Eleccion del nuevo Consejo, tras finalizar el mandato encabezado por Juan Manuel Le\u00f3n Chamizo. El nuevo Consejo, reunido el dia 16 de enero, elige como Coordinadora Inspectorial de Hermandades Salesianas a Do\u00f1a Inmaculada P\u00e9rez [&hellip;]<\/p>\n","protected":false},"author":12,"featured_media":10614,"comment_status":"open","ping_status":"open","sticky":false,"template":"","format":"standard","meta":{"_et_pb_use_builder":"","_et_pb_old_content":"","_et_gb_content_width":"","footnotes":""},"categories":[59],"tags":[],"class_list":["post-10615","post","type-post","status-publish","format-standard","has-post-thumbnail","hentry","category-hermandades"],"yoast_head":"<!-- This site is optimized with the Yoast SEO plugin v27.5 - https:\/\/yoast.com\/product\/yoast-seo-wordpress\/ -->\n<title>Inmaculada P\u00e9rez nombrada nueva coordinadora del Consejo Inspectorial de Hermandades y Cofrad\u00edas Salesianas - Familia Salesiana<\/title>\n<meta name=\"robots\" content=\"index, follow, max-snippet:-1, max-image-preview:large, max-video-preview:-1\" \/>\n<link rel=\"canonical\" href=\"https:\/\/www.salesianos.edu\/familiasalesiana\/inmaculada-perez-nombrada-nueva-coordinadora-del-consejo-inspectorial-de-hermandades-y-cofradias-salesianas\/\" \/>\n<meta property=\"og:locale\" content=\"es_ES\" \/>\n<meta property=\"og:type\" content=\"article\" \/>\n<meta property=\"og:title\" content=\"Inmaculada P\u00e9rez nombrada nueva coordinadora del Consejo Inspectorial de Hermandades y Cofrad\u00edas Salesianas - Familia Salesiana\" \/>\n<meta property=\"og:description\" content=\"El pasado 5 de noviembre, se celebr\u00f3 en Granada la Asamblea Anual de Hermandades Salesianas, en la cual tuvo lugar la Eleccion del nuevo Consejo, tras finalizar el mandato encabezado por Juan Manuel Le\u00f3n Chamizo. El nuevo Consejo, reunido el dia 16 de enero, elige como Coordinadora Inspectorial de Hermandades Salesianas a Do\u00f1a Inmaculada P\u00e9rez [&hellip;]\" \/>\n<meta property=\"og:url\" content=\"https:\/\/www.salesianos.edu\/familiasalesiana\/inmaculada-perez-nombrada-nueva-coordinadora-del-consejo-inspectorial-de-hermandades-y-cofradias-salesianas\/\" \/>\n<meta property=\"og:site_name\" content=\"Familia Salesiana\" \/>\n<meta property=\"article:published_time\" content=\"2024-01-17T12:51:04+00:00\" \/>\n<meta property=\"article:modified_time\" content=\"2024-01-17T12:51:39+00:00\" \/>\n<meta property=\"og:image\" content=\"https:\/\/www.salesianos.edu\/familiasalesiana\/wp-content\/uploads\/sites\/5\/2024\/01\/PHOTO-2024-01-17-13-40-37.jpg\" \/>\n\t<meta property=\"og:image:width\" content=\"1280\" \/>\n\t<meta property=\"og:image:height\" content=\"720\" \/>\n\t<meta property=\"og:image:type\" content=\"image\/jpeg\" \/>\n<meta name=\"author\" content=\"joseluisgarciamoscoso\" \/>\n<meta name=\"twitter:card\" content=\"summary_large_image\" \/>\n<meta name=\"twitter:label1\" content=\"Escrito por\" \/>\n\t<meta name=\"twitter:data1\" content=\"joseluisgarciamoscoso\" \/>\n\t<meta name=\"twitter:label2\" content=\"Tiempo de lectura\" \/>\n\t<meta name=\"twitter:data2\" content=\"1 minuto\" \/>\n<script type=\"application\/ld+json\" class=\"yoast-schema-graph\">{\"@context\":\"https:\\\/\\\/schema.org\",\"@graph\":[{\"@type\":\"Article\",\"@id\":\"https:\\\/\\\/www.salesianos.edu\\\/familiasalesiana\\\/inmaculada-perez-nombrada-nueva-coordinadora-del-consejo-inspectorial-de-hermandades-y-cofradias-salesianas\\\/#article\",\"isPartOf\":{\"@id\":\"https:\\\/\\\/www.salesianos.edu\\\/familiasalesiana\\\/inmaculada-perez-nombrada-nueva-coordinadora-del-consejo-inspectorial-de-hermandades-y-cofradias-salesianas\\\/\"},\"author\":{\"name\":\"joseluisgarciamoscoso\",\"@id\":\"http:\\\/\\\/www.salesianos.edu\\\/familiasalesiana\\\/#\\\/schema\\\/person\\\/a1d72ee5373cce7347fb2993ba9f47d6\"},\"headline\":\"Inmaculada P\u00e9rez nombrada nueva coordinadora del Consejo Inspectorial de Hermandades y Cofrad\u00edas Salesianas\",\"datePublished\":\"2024-01-17T12:51:04+00:00\",\"dateModified\":\"2024-01-17T12:51:39+00:00\",\"mainEntityOfPage\":{\"@id\":\"https:\\\/\\\/www.salesianos.edu\\\/familiasalesiana\\\/inmaculada-perez-nombrada-nueva-coordinadora-del-consejo-inspectorial-de-hermandades-y-cofradias-salesianas\\\/\"},\"wordCount\":197,\"commentCount\":0,\"image\":{\"@id\":\"https:\\\/\\\/www.salesianos.edu\\\/familiasalesiana\\\/inmaculada-perez-nombrada-nueva-coordinadora-del-consejo-inspectorial-de-hermandades-y-cofradias-salesianas\\\/#primaryimage\"},\"thumbnailUrl\":\"https:\\\/\\\/www.salesianos.edu\\\/familiasalesiana\\\/wp-content\\\/uploads\\\/sites\\\/5\\\/2024\\\/01\\\/PHOTO-2024-01-17-13-40-37.jpg\",\"articleSection\":[\"Hermandades\"],\"inLanguage\":\"es\",\"potentialAction\":[{\"@type\":\"CommentAction\",\"name\":\"Comment\",\"target\":[\"https:\\\/\\\/www.salesianos.edu\\\/familiasalesiana\\\/inmaculada-perez-nombrada-nueva-coordinadora-del-consejo-inspectorial-de-hermandades-y-cofradias-salesianas\\\/#respond\"]}]},{\"@type\":\"WebPage\",\"@id\":\"https:\\\/\\\/www.salesianos.edu\\\/familiasalesiana\\\/inmaculada-perez-nombrada-nueva-coordinadora-del-consejo-inspectorial-de-hermandades-y-cofradias-salesianas\\\/\",\"url\":\"https:\\\/\\\/www.salesianos.edu\\\/familiasalesiana\\\/inmaculada-perez-nombrada-nueva-coordinadora-del-consejo-inspectorial-de-hermandades-y-cofradias-salesianas\\\/\",\"name\":\"Inmaculada P\u00e9rez nombrada nueva coordinadora del Consejo Inspectorial de Hermandades y Cofrad\u00edas Salesianas - Familia Salesiana\",\"isPartOf\":{\"@id\":\"http:\\\/\\\/www.salesianos.edu\\\/familiasalesiana\\\/#website\"},\"primaryImageOfPage\":{\"@id\":\"https:\\\/\\\/www.salesianos.edu\\\/familiasalesiana\\\/inmaculada-perez-nombrada-nueva-coordinadora-del-consejo-inspectorial-de-hermandades-y-cofradias-salesianas\\\/#primaryimage\"},\"image\":{\"@id\":\"https:\\\/\\\/www.salesianos.edu\\\/familiasalesiana\\\/inmaculada-perez-nombrada-nueva-coordinadora-del-consejo-inspectorial-de-hermandades-y-cofradias-salesianas\\\/#primaryimage\"},\"thumbnailUrl\":\"https:\\\/\\\/www.salesianos.edu\\\/familiasalesiana\\\/wp-content\\\/uploads\\\/sites\\\/5\\\/2024\\\/01\\\/PHOTO-2024-01-17-13-40-37.jpg\",\"datePublished\":\"2024-01-17T12:51:04+00:00\",\"dateModified\":\"2024-01-17T12:51:39+00:00\",\"author\":{\"@id\":\"http:\\\/\\\/www.salesianos.edu\\\/familiasalesiana\\\/#\\\/schema\\\/person\\\/a1d72ee5373cce7347fb2993ba9f47d6\"},\"breadcrumb\":{\"@id\":\"https:\\\/\\\/www.salesianos.edu\\\/familiasalesiana\\\/inmaculada-perez-nombrada-nueva-coordinadora-del-consejo-inspectorial-de-hermandades-y-cofradias-salesianas\\\/#breadcrumb\"},\"inLanguage\":\"es\",\"potentialAction\":[{\"@type\":\"ReadAction\",\"target\":[\"https:\\\/\\\/www.salesianos.edu\\\/familiasalesiana\\\/inmaculada-perez-nombrada-nueva-coordinadora-del-consejo-inspectorial-de-hermandades-y-cofradias-salesianas\\\/\"]}]},{\"@type\":\"ImageObject\",\"inLanguage\":\"es\",\"@id\":\"https:\\\/\\\/www.salesianos.edu\\\/familiasalesiana\\\/inmaculada-perez-nombrada-nueva-coordinadora-del-consejo-inspectorial-de-hermandades-y-cofradias-salesianas\\\/#primaryimage\",\"url\":\"https:\\\/\\\/www.salesianos.edu\\\/familiasalesiana\\\/wp-content\\\/uploads\\\/sites\\\/5\\\/2024\\\/01\\\/PHOTO-2024-01-17-13-40-37.jpg\",\"contentUrl\":\"https:\\\/\\\/www.salesianos.edu\\\/familiasalesiana\\\/wp-content\\\/uploads\\\/sites\\\/5\\\/2024\\\/01\\\/PHOTO-2024-01-17-13-40-37.jpg\",\"width\":1280,\"height\":720},{\"@type\":\"BreadcrumbList\",\"@id\":\"https:\\\/\\\/www.salesianos.edu\\\/familiasalesiana\\\/inmaculada-perez-nombrada-nueva-coordinadora-del-consejo-inspectorial-de-hermandades-y-cofradias-salesianas\\\/#breadcrumb\",\"itemListElement\":[{\"@type\":\"ListItem\",\"position\":1,\"name\":\"Portada\",\"item\":\"http:\\\/\\\/www.salesianos.edu\\\/familiasalesiana\\\/\"},{\"@type\":\"ListItem\",\"position\":2,\"name\":\"Inmaculada P\u00e9rez nombrada nueva coordinadora del Consejo Inspectorial de Hermandades y Cofrad\u00edas Salesianas\"}]},{\"@type\":\"WebSite\",\"@id\":\"http:\\\/\\\/www.salesianos.edu\\\/familiasalesiana\\\/#website\",\"url\":\"http:\\\/\\\/www.salesianos.edu\\\/familiasalesiana\\\/\",\"name\":\"Familia Salesiana\",\"description\":\"P\u00e1gina oficial de Inspector\u00eda Salesiana Mar\u00eda Auxiliadora\",\"potentialAction\":[{\"@type\":\"SearchAction\",\"target\":{\"@type\":\"EntryPoint\",\"urlTemplate\":\"http:\\\/\\\/www.salesianos.edu\\\/familiasalesiana\\\/?s={search_term_string}\"},\"query-input\":{\"@type\":\"PropertyValueSpecification\",\"valueRequired\":true,\"valueName\":\"search_term_string\"}}],\"inLanguage\":\"es\"},{\"@type\":\"Person\",\"@id\":\"http:\\\/\\\/www.salesianos.edu\\\/familiasalesiana\\\/#\\\/schema\\\/person\\\/a1d72ee5373cce7347fb2993ba9f47d6\",\"name\":\"joseluisgarciamoscoso\",\"image\":{\"@type\":\"ImageObject\",\"inLanguage\":\"es\",\"@id\":\"https:\\\/\\\/secure.gravatar.com\\\/avatar\\\/3fda3a0b2db3bc9a39871e47cbd526b42d6c3b74755b7ae1400a87b2913fea6a?s=96&d=mm&r=g\",\"url\":\"https:\\\/\\\/secure.gravatar.com\\\/avatar\\\/3fda3a0b2db3bc9a39871e47cbd526b42d6c3b74755b7ae1400a87b2913fea6a?s=96&d=mm&r=g\",\"contentUrl\":\"https:\\\/\\\/secure.gravatar.com\\\/avatar\\\/3fda3a0b2db3bc9a39871e47cbd526b42d6c3b74755b7ae1400a87b2913fea6a?s=96&d=mm&r=g\",\"caption\":\"joseluisgarciamoscoso\"}}]}<\/script>\n<!-- \/ Yoast SEO plugin. -->","yoast_head_json":{"title":"Inmaculada P\u00e9rez nombrada nueva coordinadora del Consejo Inspectorial de Hermandades y Cofrad\u00edas Salesianas - Familia Salesiana","robots":{"index":"index","follow":"follow","max-snippet":"max-snippet:-1","max-image-preview":"max-image-preview:large","max-video-preview":"max-video-preview:-1"},"canonical":"https:\/\/www.salesianos.edu\/familiasalesiana\/inmaculada-perez-nombrada-nueva-coordinadora-del-consejo-inspectorial-de-hermandades-y-cofradias-salesianas\/","og_locale":"es_ES","og_type":"article","og_title":"Inmaculada P\u00e9rez nombrada nueva coordinadora del Consejo Inspectorial de Hermandades y Cofrad\u00edas Salesianas - Familia Salesiana","og_description":"El pasado 5 de noviembre, se celebr\u00f3 en Granada la Asamblea Anual de Hermandades Salesianas, en la cual tuvo lugar la Eleccion del nuevo Consejo, tras finalizar el mandato encabezado por Juan Manuel Le\u00f3n Chamizo. El nuevo Consejo, reunido el dia 16 de enero, elige como Coordinadora Inspectorial de Hermandades Salesianas a Do\u00f1a Inmaculada P\u00e9rez [&hellip;]","og_url":"https:\/\/www.salesianos.edu\/familiasalesiana\/inmaculada-perez-nombrada-nueva-coordinadora-del-consejo-inspectorial-de-hermandades-y-cofradias-salesianas\/","og_site_name":"Familia Salesiana","article_published_time":"2024-01-17T12:51:04+00:00","article_modified_time":"2024-01-17T12:51:39+00:00","og_image":[{"width":1280,"height":720,"url":"https:\/\/www.salesianos.edu\/familiasalesiana\/wp-content\/uploads\/sites\/5\/2024\/01\/PHOTO-2024-01-17-13-40-37.jpg","type":"image\/jpeg"}],"author":"joseluisgarciamoscoso","twitter_card":"summary_large_image","twitter_misc":{"Escrito por":"joseluisgarciamoscoso","Tiempo de lectura":"1 minuto"},"schema":{"@context":"https:\/\/schema.org","@graph":[{"@type":"Article","@id":"https:\/\/www.salesianos.edu\/familiasalesiana\/inmaculada-perez-nombrada-nueva-coordinadora-del-consejo-inspectorial-de-hermandades-y-cofradias-salesianas\/#article","isPartOf":{"@id":"https:\/\/www.salesianos.edu\/familiasalesiana\/inmaculada-perez-nombrada-nueva-coordinadora-del-consejo-inspectorial-de-hermandades-y-cofradias-salesianas\/"},"author":{"name":"joseluisgarciamoscoso","@id":"http:\/\/www.salesianos.edu\/familiasalesiana\/#\/schema\/person\/a1d72ee5373cce7347fb2993ba9f47d6"},"headline":"Inmaculada P\u00e9rez nombrada nueva coordinadora del Consejo Inspectorial de Hermandades y Cofrad\u00edas Salesianas","datePublished":"2024-01-17T12:51:04+00:00","dateModified":"2024-01-17T12:51:39+00:00","mainEntityOfPage":{"@id":"https:\/\/www.salesianos.edu\/familiasalesiana\/inmaculada-perez-nombrada-nueva-coordinadora-del-consejo-inspectorial-de-hermandades-y-cofradias-salesianas\/"},"wordCount":197,"commentCount":0,"image":{"@id":"https:\/\/www.salesianos.edu\/familiasalesiana\/inmaculada-perez-nombrada-nueva-coordinadora-del-consejo-inspectorial-de-hermandades-y-cofradias-salesianas\/#primaryimage"},"thumbnailUrl":"https:\/\/www.salesianos.edu\/familiasalesiana\/wp-content\/uploads\/sites\/5\/2024\/01\/PHOTO-2024-01-17-13-40-37.jpg","articleSection":["Hermandades"],"inLanguage":"es","potentialAction":[{"@type":"CommentAction","name":"Comment","target":["https:\/\/www.salesianos.edu\/familiasalesiana\/inmaculada-perez-nombrada-nueva-coordinadora-del-consejo-inspectorial-de-hermandades-y-cofradias-salesianas\/#respond"]}]},{"@type":"WebPage","@id":"https:\/\/www.salesianos.edu\/familiasalesiana\/inmaculada-perez-nombrada-nueva-coordinadora-del-consejo-inspectorial-de-hermandades-y-cofradias-salesianas\/","url":"https:\/\/www.salesianos.edu\/familiasalesiana\/inmaculada-perez-nombrada-nueva-coordinadora-del-consejo-inspectorial-de-hermandades-y-cofradias-salesianas\/","name":"Inmaculada P\u00e9rez nombrada nueva coordinadora del Consejo Inspectorial de Hermandades y Cofrad\u00edas Salesianas - Familia Salesiana","isPartOf":{"@id":"http:\/\/www.salesianos.edu\/familiasalesiana\/#website"},"primaryImageOfPage":{"@id":"https:\/\/www.salesianos.edu\/familiasalesiana\/inmaculada-perez-nombrada-nueva-coordinadora-del-consejo-inspectorial-de-hermandades-y-cofradias-salesianas\/#primaryimage"},"image":{"@id":"https:\/\/www.salesianos.edu\/familiasalesiana\/inmaculada-perez-nombrada-nueva-coordinadora-del-consejo-inspectorial-de-hermandades-y-cofradias-salesianas\/#primaryimage"},"thumbnailUrl":"https:\/\/www.salesianos.edu\/familiasalesiana\/wp-content\/uploads\/sites\/5\/2024\/01\/PHOTO-2024-01-17-13-40-37.jpg","datePublished":"2024-01-17T12:51:04+00:00","dateModified":"2024-01-17T12:51:39+00:00","author":{"@id":"http:\/\/www.salesianos.edu\/familiasalesiana\/#\/schema\/person\/a1d72ee5373cce7347fb2993ba9f47d6"},"breadcrumb":{"@id":"https:\/\/www.salesianos.edu\/familiasalesiana\/inmaculada-perez-nombrada-nueva-coordinadora-del-consejo-inspectorial-de-hermandades-y-cofradias-salesianas\/#breadcrumb"},"inLanguage":"es","potentialAction":[{"@type":"ReadAction","target":["https:\/\/www.salesianos.edu\/familiasalesiana\/inmaculada-perez-nombrada-nueva-coordinadora-del-consejo-inspectorial-de-hermandades-y-cofradias-salesianas\/"]}]},{"@type":"ImageObject","inLanguage":"es","@id":"https:\/\/www.salesianos.edu\/familiasalesiana\/inmaculada-perez-nombrada-nueva-coordinadora-del-consejo-inspectorial-de-hermandades-y-cofradias-salesianas\/#primaryimage","url":"https:\/\/www.salesianos.edu\/familiasalesiana\/wp-content\/uploads\/sites\/5\/2024\/01\/PHOTO-2024-01-17-13-40-37.jpg","contentUrl":"https:\/\/www.salesianos.edu\/familiasalesiana\/wp-content\/uploads\/sites\/5\/2024\/01\/PHOTO-2024-01-17-13-40-37.jpg","width":1280,"height":720},{"@type":"BreadcrumbList","@id":"https:\/\/www.salesianos.edu\/familiasalesiana\/inmaculada-perez-nombrada-nueva-coordinadora-del-consejo-inspectorial-de-hermandades-y-cofradias-salesianas\/#breadcrumb","itemListElement":[{"@type":"ListItem","position":1,"name":"Portada","item":"http:\/\/www.salesianos.edu\/familiasalesiana\/"},{"@type":"ListItem","position":2,"name":"Inmaculada P\u00e9rez nombrada nueva coordinadora del Consejo Inspectorial de Hermandades y Cofrad\u00edas Salesianas"}]},{"@type":"WebSite","@id":"http:\/\/www.salesianos.edu\/familiasalesiana\/#website","url":"http:\/\/www.salesianos.edu\/familiasalesiana\/","name":"Familia Salesiana","description":"P\u00e1gina oficial de Inspector\u00eda Salesiana Mar\u00eda Auxiliadora","potentialAction":[{"@type":"SearchAction","target":{"@type":"EntryPoint","urlTemplate":"http:\/\/www.salesianos.edu\/familiasalesiana\/?s={search_term_string}"},"query-input":{"@type":"PropertyValueSpecification","valueRequired":true,"valueName":"search_term_string"}}],"inLanguage":"es"},{"@type":"Person","@id":"http:\/\/www.salesianos.edu\/familiasalesiana\/#\/schema\/person\/a1d72ee5373cce7347fb2993ba9f47d6","name":"joseluisgarciamoscoso","image":{"@type":"ImageObject","inLanguage":"es","@id":"https:\/\/secure.gravatar.com\/avatar\/3fda3a0b2db3bc9a39871e47cbd526b42d6c3b74755b7ae1400a87b2913fea6a?s=96&d=mm&r=g","url":"https:\/\/secure.gravatar.com\/avatar\/3fda3a0b2db3bc9a39871e47cbd526b42d6c3b74755b7ae1400a87b2913fea6a?s=96&d=mm&r=g","contentUrl":"https:\/\/secure.gravatar.com\/avatar\/3fda3a0b2db3bc9a39871e47cbd526b42d6c3b74755b7ae1400a87b2913fea6a?s=96&d=mm&r=g","caption":"joseluisgarciamoscoso"}}]}},"_links":{"self":[{"href":"https:\/\/www.salesianos.edu\/familiasalesiana\/wp-json\/wp\/v2\/posts\/10615","targetHints":{"allow":["GET"]}}],"collection":[{"href":"https:\/\/www.salesianos.edu\/familiasalesiana\/wp-json\/wp\/v2\/posts"}],"about":[{"href":"https:\/\/www.salesianos.edu\/familiasalesiana\/wp-json\/wp\/v2\/types\/post"}],"author":[{"embeddable":true,"href":"https:\/\/www.salesianos.edu\/familiasalesiana\/wp-json\/wp\/v2\/users\/12"}],"replies":[{"embeddable":true,"href":"https:\/\/www.salesianos.edu\/familiasalesiana\/wp-json\/wp\/v2\/comments?post=10615"}],"version-history":[{"count":1,"href":"https:\/\/www.salesianos.edu\/familiasalesiana\/wp-json\/wp\/v2\/posts\/10615\/revisions"}],"predecessor-version":[{"id":10616,"href":"https:\/\/www.salesianos.edu\/familiasalesiana\/wp-json\/wp\/v2\/posts\/10615\/revisions\/10616"}],"wp:featuredmedia":[{"embeddable":true,"href":"https:\/\/www.salesianos.edu\/familiasalesiana\/wp-json\/wp\/v2\/media\/10614"}],"wp:attachment":[{"href":"https:\/\/www.salesianos.edu\/familiasalesiana\/wp-json\/wp\/v2\/media?parent=10615"}],"wp:term":[{"taxonomy":"category","embeddable":true,"href":"https:\/\/www.salesianos.edu\/familiasalesiana\/wp-json\/wp\/v2\/categories?post=10615"},{"taxonomy":"post_tag","embeddable":true,"href":"https:\/\/www.salesianos.edu\/familiasalesiana\/wp-json\/wp\/v2\/tags?post=10615"}],"curies":[{"name":"wp","href":"https:\/\/api.w.org\/{rel}","templated":true}]}}