{"id":10439,"date":"2023-04-26T07:42:20","date_gmt":"2023-04-26T06:42:20","guid":{"rendered":"https:\/\/www.salesianos.edu\/familiasalesiana\/?p=10439"},"modified":"2023-05-13T06:58:00","modified_gmt":"2023-05-13T05:58:00","slug":"lecturas-sobre-maria-d-mazzarello-con-el-consejo-inspectorial-de-la-asociacion-de-maria-auxiliadora-2023","status":"publish","type":"post","link":"https:\/\/www.salesianos.edu\/familiasalesiana\/lecturas-sobre-maria-d-mazzarello-con-el-consejo-inspectorial-de-la-asociacion-de-maria-auxiliadora-2023\/","title":{"rendered":"Lecturas sobre Mar\u00eda D. Mazzarello con el Consejo Inspectorial de la Asociaci\u00f3n de Mar\u00eda Auxiliadora"},"content":{"rendered":"<div id=\"fb-root\"><\/div>\n<p>[et_pb_section fb_built=\u00bb1&#8243; admin_label=\u00bbsection\u00bb _builder_version=\u00bb4.16&#8243; global_colors_info=\u00bb{}\u00bb][et_pb_row admin_label=\u00bbrow\u00bb _builder_version=\u00bb4.16&#8243; background_size=\u00bbinitial\u00bb background_position=\u00bbtop_left\u00bb background_repeat=\u00bbrepeat\u00bb global_colors_info=\u00bb{}\u00bb][et_pb_column type=\u00bb4_4&#8243; _builder_version=\u00bb4.16&#8243; custom_padding=\u00bb|||\u00bb global_colors_info=\u00bb{}\u00bb custom_padding__hover=\u00bb|||\u00bb][et_pb_text _builder_version=\u00bb4.16&#8243; global_colors_info=\u00bb{}\u00bb]<\/p>\n<div>Por ADMA\u00a0 \u00a0\u00a0<b><br \/><\/b><\/div>\n<p>[\/et_pb_text][et_pb_text admin_label=\u00bbTexto\u00bb _builder_version=\u00bb4.20.4&#8243; global_colors_info=\u00bb{}\u00bb]<\/p>\n<p>El Consejo Inspectorial de ADMA de la zona de Sevilla desde mediados de abril ha ido preparando, con la ayuda de Salesianas de las diferentes Asociaciones, un proyecto que desde este martes 2 de mayo se pone en marcha.<\/p>\n<p>\u00abSubiremos a esta web diariamente un fragmento, seleccionado por Sor Reyes Ruiz Mateos Letr\u00e1n, del libro \u201c POSADA, M.E FMA Estudiosa de Madre Mazzarello. Roma, Instituto FMA\u201d, escrito por Mar\u00eda Esther Posada FMA. Estas lecturas abarcar\u00e1n parte de la biograf\u00eda de Mar\u00eda D. Mazzarello, como mujer creyente, religiosa salesiana enamorada del carisma y fiel a D. Bosco, mujer Educadora desde su testimonio, se siente amada por la Auxiliadora y experimenta su compa\u00f1\u00eda.<\/p>\n<p>Desde el Consejo Inspectorial de ADMA se espera que todos gocen con las narraciones de estas audio-lecturas.<\/p>\n<p>[\/et_pb_text][et_pb_audio audio=\u00bbhttp:\/\/www.salesianos.edu\/familiasalesiana\/wp-content\/uploads\/sites\/5\/2023\/04\/Def-Dia-2.mp3&#8243; title=\u00bb2 de mayo\u00bb artist_name=\u00bbPepi Vidal, ADMA Sevilla\u00bb disabled_on=\u00bboff|off|off\u00bb admin_label=\u00bbD\u00eda 2 OK\u00bb _builder_version=\u00bb4.20.4&#8243; _module_preset=\u00bbdefault\u00bb global_colors_info=\u00bb{}\u00bb][\/et_pb_audio][et_pb_audio audio=\u00bbhttp:\/\/www.salesianos.edu\/familiasalesiana\/wp-content\/uploads\/sites\/5\/2023\/04\/Def-Dia-3.mp3&#8243; title=\u00bb3 de mayo\u00bb artist_name=\u00bbConcha Marina, ADMA Santa Cruz de Tenerife\u00bb disabled_on=\u00bboff|off|off\u00bb admin_label=\u00bbD\u00eda 3 OK\u00bb _builder_version=\u00bb4.20.4&#8243; _module_preset=\u00bbdefault\u00bb global_colors_info=\u00bb{}\u00bb][\/et_pb_audio][et_pb_audio audio=\u00bbhttp:\/\/www.salesianos.edu\/familiasalesiana\/wp-content\/uploads\/sites\/5\/2023\/04\/Def-Dia-4.mp3&#8243; title=\u00bb4 de mayo\u00bb artist_name=\u00bbMari Loli, ADMA M\u00e9rida\u00bb disabled_on=\u00bboff|off|off\u00bb admin_label=\u00bbD\u00eda 4 OK\u00bb _builder_version=\u00bb4.20.4&#8243; _module_preset=\u00bbdefault\u00bb global_colors_info=\u00bb{}\u00bb][\/et_pb_audio][et_pb_audio audio=\u00bbhttp:\/\/www.salesianos.edu\/familiasalesiana\/wp-content\/uploads\/sites\/5\/2023\/04\/Def-Dia-5.mp3&#8243; title=\u00bb5 de mayo\u00bb artist_name=\u00bbJessica, ADMA C\u00e1diz\u00bb disabled_on=\u00bboff|off|off\u00bb admin_label=\u00bbD\u00eda 5 OK\u00bb _builder_version=\u00bb4.20.4&#8243; _module_preset=\u00bbdefault\u00bb global_colors_info=\u00bb{}\u00bb][\/et_pb_audio][et_pb_audio audio=\u00bbhttp:\/\/www.salesianos.edu\/familiasalesiana\/wp-content\/uploads\/sites\/5\/2023\/04\/Def-Dia-6.mp3&#8243; title=\u00bb6 de mayo\u00bb artist_name=\u00bbCefi Garc\u00eda, ADMA Telde (Gran Canaria)\u00bb disabled_on=\u00bboff|off|off\u00bb admin_label=\u00bbD\u00eda 6 OK\u00bb _builder_version=\u00bb4.20.4&#8243; _module_preset=\u00bbdefault\u00bb global_colors_info=\u00bb{}\u00bb][\/et_pb_audio][et_pb_audio audio=\u00bbhttp:\/\/www.salesianos.edu\/familiasalesiana\/wp-content\/uploads\/sites\/5\/2023\/04\/Def-Dia-7.mp3&#8243; title=\u00bb7 de mayo\u00bb artist_name=\u00bbM\u00aa Carmen Reyes, ADMA Arcos de la Frontera\u00bb disabled_on=\u00bboff|off|off\u00bb admin_label=\u00bbD\u00eda 7 OK\u00bb _builder_version=\u00bb4.20.4&#8243; _module_preset=\u00bbdefault\u00bb global_colors_info=\u00bb{}\u00bb][\/et_pb_audio][et_pb_audio audio=\u00bbhttp:\/\/www.salesianos.edu\/familiasalesiana\/wp-content\/uploads\/sites\/5\/2023\/04\/Def-Dia-8.mp3&#8243; title=\u00bb8 de mayo\u00bb artist_name=\u00bbMar\u00eda Jos\u00e9, Consejo Inspectorial de ADMA\u00bb disabled_on=\u00bboff|off|off\u00bb admin_label=\u00bbD\u00eda 8 OK\u00bb _builder_version=\u00bb4.20.4&#8243; _module_preset=\u00bbdefault\u00bb global_colors_info=\u00bb{}\u00bb][\/et_pb_audio][et_pb_audio audio=\u00bbhttp:\/\/www.salesianos.edu\/familiasalesiana\/wp-content\/uploads\/sites\/5\/2023\/04\/Def-Dia-9.mp3&#8243; title=\u00bb9 de mayo\u00bb artist_name=\u00bbMatilde Betancor, ADMA Cala\u00f1as (Huelva)\u00bb disabled_on=\u00bboff|off|off\u00bb admin_label=\u00bbD\u00eda 9 OK\u00bb _builder_version=\u00bb4.20.4&#8243; _module_preset=\u00bbdefault\u00bb global_colors_info=\u00bb{}\u00bb][\/et_pb_audio][et_pb_audio audio=\u00bbhttp:\/\/www.salesianos.edu\/familiasalesiana\/wp-content\/uploads\/sites\/5\/2023\/04\/Def-Dia-10.mp3&#8243; title=\u00bb10 de mayo\u00bb artist_name=\u00bbSol F\u00e9lix Ruano, ADMA Jerez de la Frontera\u00bb disabled_on=\u00bboff|off|off\u00bb admin_label=\u00bbD\u00eda 10 OK\u00bb _builder_version=\u00bb4.20.4&#8243; _module_preset=\u00bbdefault\u00bb global_colors_info=\u00bb{}\u00bb][\/et_pb_audio][et_pb_audio audio=\u00bbhttp:\/\/www.salesianos.edu\/familiasalesiana\/wp-content\/uploads\/sites\/5\/2023\/04\/Def-Dia-11.mp3&#8243; title=\u00bb11 de mayo\u00bb artist_name=\u00bbNuria, ADMA Guanarteme (Gran Canaria)\u00bb disabled_on=\u00bboff|off|off\u00bb admin_label=\u00bbD\u00eda 11 OK\u00bb _builder_version=\u00bb4.21.0&#8243; _module_preset=\u00bbdefault\u00bb global_colors_info=\u00bb{}\u00bb][\/et_pb_audio][et_pb_audio audio=\u00bbhttp:\/\/www.salesianos.edu\/familiasalesiana\/wp-content\/uploads\/sites\/5\/2023\/04\/Def-Dia-12.mp3&#8243; title=\u00bb12 de mayo\u00bb artist_name=\u00bbJon\u00e1s \u00c1lvarez, ADMA La Orotava\u00bb disabled_on=\u00bboff|off|off\u00bb admin_label=\u00bbD\u00eda 12 OK\u00bb _builder_version=\u00bb4.21.0&#8243; _module_preset=\u00bbdefault\u00bb global_colors_info=\u00bb{}\u00bb][\/et_pb_audio][et_pb_audio audio=\u00bbhttp:\/\/www.salesianos.edu\/familiasalesiana\/wp-content\/uploads\/sites\/5\/2023\/04\/Def-Dia-13.mp3&#8243; title=\u00bb13 de mayo\u00bb artist_name=\u00bbCharo Ten, Inspectora Salesianas\u00bb disabled_on=\u00bboff|off|off\u00bb admin_label=\u00bbD\u00eda 13 OK\u00bb _builder_version=\u00bb4.21.0&#8243; _module_preset=\u00bbdefault\u00bb hover_enabled=\u00bb0&#8243; global_colors_info=\u00bb{}\u00bb sticky_enabled=\u00bb0&#8243;][\/et_pb_audio][\/et_pb_column][\/et_pb_row][\/et_pb_section]<\/p>\n","protected":false},"excerpt":{"rendered":"<p>El Consejo Inspectorial de ADMA compartir\u00e1 diariamente un fragmento sobre Mar\u00eda D. Mazarrello.<\/p>\n","protected":false},"author":7,"featured_media":9550,"comment_status":"open","ping_status":"open","sticky":false,"template":"","format":"standard","meta":{"_et_pb_use_builder":"on","_et_pb_old_content":"","_et_gb_content_width":"","footnotes":""},"categories":[53,15],"tags":[],"class_list":["post-10439","post","type-post","status-publish","format-standard","has-post-thumbnail","hentry","category-adma","category-portada"],"yoast_head":"<!-- This site is optimized with the Yoast SEO plugin v27.5 - https:\/\/yoast.com\/product\/yoast-seo-wordpress\/ -->\n<title>Lecturas sobre Mar\u00eda D. Mazzarello con el Consejo Inspectorial de la Asociaci\u00f3n de Mar\u00eda Auxiliadora - Familia Salesiana<\/title>\n<meta name=\"description\" content=\"El Consejo Inspectorial de ADMA compartir\u00e1 diariamente un fragmento sobre Mar\u00eda D. Mazarrello.\" \/>\n<meta name=\"robots\" content=\"index, follow, max-snippet:-1, max-image-preview:large, max-video-preview:-1\" \/>\n<link rel=\"canonical\" href=\"https:\/\/www.salesianos.edu\/familiasalesiana\/lecturas-sobre-maria-d-mazzarello-con-el-consejo-inspectorial-de-la-asociacion-de-maria-auxiliadora-2023\/\" \/>\n<meta property=\"og:locale\" content=\"es_ES\" \/>\n<meta property=\"og:type\" content=\"article\" \/>\n<meta property=\"og:title\" content=\"Lecturas sobre Mar\u00eda D. Mazzarello con el Consejo Inspectorial de la Asociaci\u00f3n de Mar\u00eda Auxiliadora - Familia Salesiana\" \/>\n<meta property=\"og:description\" content=\"El Consejo Inspectorial de ADMA compartir\u00e1 diariamente un fragmento sobre Mar\u00eda D. Mazarrello.\" \/>\n<meta property=\"og:url\" content=\"https:\/\/www.salesianos.edu\/familiasalesiana\/lecturas-sobre-maria-d-mazzarello-con-el-consejo-inspectorial-de-la-asociacion-de-maria-auxiliadora-2023\/\" \/>\n<meta property=\"og:site_name\" content=\"Familia Salesiana\" \/>\n<meta property=\"article:published_time\" content=\"2023-04-26T06:42:20+00:00\" \/>\n<meta property=\"article:modified_time\" content=\"2023-05-13T05:58:00+00:00\" \/>\n<meta property=\"og:image\" content=\"https:\/\/www.salesianos.edu\/familiasalesiana\/wp-content\/uploads\/sites\/5\/2021\/04\/03_Main.jpeg\" \/>\n\t<meta property=\"og:image:width\" content=\"1280\" \/>\n\t<meta property=\"og:image:height\" content=\"800\" \/>\n\t<meta property=\"og:image:type\" content=\"image\/jpeg\" \/>\n<meta name=\"author\" content=\"carlosmartin\" \/>\n<meta name=\"twitter:card\" content=\"summary_large_image\" \/>\n<meta name=\"twitter:label1\" content=\"Escrito por\" \/>\n\t<meta name=\"twitter:data1\" content=\"carlosmartin\" \/>\n\t<meta name=\"twitter:label2\" content=\"Tiempo de lectura\" \/>\n\t<meta name=\"twitter:data2\" content=\"2 minutos\" \/>\n<script type=\"application\/ld+json\" class=\"yoast-schema-graph\">{\"@context\":\"https:\\\/\\\/schema.org\",\"@graph\":[{\"@type\":\"Article\",\"@id\":\"https:\\\/\\\/www.salesianos.edu\\\/familiasalesiana\\\/lecturas-sobre-maria-d-mazzarello-con-el-consejo-inspectorial-de-la-asociacion-de-maria-auxiliadora-2023\\\/#article\",\"isPartOf\":{\"@id\":\"https:\\\/\\\/www.salesianos.edu\\\/familiasalesiana\\\/lecturas-sobre-maria-d-mazzarello-con-el-consejo-inspectorial-de-la-asociacion-de-maria-auxiliadora-2023\\\/\"},\"author\":{\"name\":\"carlosmartin\",\"@id\":\"http:\\\/\\\/www.salesianos.edu\\\/familiasalesiana\\\/#\\\/schema\\\/person\\\/587f0aaa0bc79792a743343715597b2e\"},\"headline\":\"Lecturas sobre Mar\u00eda D. Mazzarello con el Consejo Inspectorial de la Asociaci\u00f3n de Mar\u00eda Auxiliadora\",\"datePublished\":\"2023-04-26T06:42:20+00:00\",\"dateModified\":\"2023-05-13T05:58:00+00:00\",\"mainEntityOfPage\":{\"@id\":\"https:\\\/\\\/www.salesianos.edu\\\/familiasalesiana\\\/lecturas-sobre-maria-d-mazzarello-con-el-consejo-inspectorial-de-la-asociacion-de-maria-auxiliadora-2023\\\/\"},\"wordCount\":791,\"commentCount\":1,\"image\":{\"@id\":\"https:\\\/\\\/www.salesianos.edu\\\/familiasalesiana\\\/lecturas-sobre-maria-d-mazzarello-con-el-consejo-inspectorial-de-la-asociacion-de-maria-auxiliadora-2023\\\/#primaryimage\"},\"thumbnailUrl\":\"https:\\\/\\\/www.salesianos.edu\\\/familiasalesiana\\\/wp-content\\\/uploads\\\/sites\\\/5\\\/2021\\\/04\\\/03_Main.jpeg\",\"articleSection\":[\"ADMA\",\"portada\"],\"inLanguage\":\"es\",\"potentialAction\":[{\"@type\":\"CommentAction\",\"name\":\"Comment\",\"target\":[\"https:\\\/\\\/www.salesianos.edu\\\/familiasalesiana\\\/lecturas-sobre-maria-d-mazzarello-con-el-consejo-inspectorial-de-la-asociacion-de-maria-auxiliadora-2023\\\/#respond\"]}]},{\"@type\":\"WebPage\",\"@id\":\"https:\\\/\\\/www.salesianos.edu\\\/familiasalesiana\\\/lecturas-sobre-maria-d-mazzarello-con-el-consejo-inspectorial-de-la-asociacion-de-maria-auxiliadora-2023\\\/\",\"url\":\"https:\\\/\\\/www.salesianos.edu\\\/familiasalesiana\\\/lecturas-sobre-maria-d-mazzarello-con-el-consejo-inspectorial-de-la-asociacion-de-maria-auxiliadora-2023\\\/\",\"name\":\"Lecturas sobre Mar\u00eda D. Mazzarello con el Consejo Inspectorial de la Asociaci\u00f3n de Mar\u00eda Auxiliadora - Familia Salesiana\",\"isPartOf\":{\"@id\":\"http:\\\/\\\/www.salesianos.edu\\\/familiasalesiana\\\/#website\"},\"primaryImageOfPage\":{\"@id\":\"https:\\\/\\\/www.salesianos.edu\\\/familiasalesiana\\\/lecturas-sobre-maria-d-mazzarello-con-el-consejo-inspectorial-de-la-asociacion-de-maria-auxiliadora-2023\\\/#primaryimage\"},\"image\":{\"@id\":\"https:\\\/\\\/www.salesianos.edu\\\/familiasalesiana\\\/lecturas-sobre-maria-d-mazzarello-con-el-consejo-inspectorial-de-la-asociacion-de-maria-auxiliadora-2023\\\/#primaryimage\"},\"thumbnailUrl\":\"https:\\\/\\\/www.salesianos.edu\\\/familiasalesiana\\\/wp-content\\\/uploads\\\/sites\\\/5\\\/2021\\\/04\\\/03_Main.jpeg\",\"datePublished\":\"2023-04-26T06:42:20+00:00\",\"dateModified\":\"2023-05-13T05:58:00+00:00\",\"author\":{\"@id\":\"http:\\\/\\\/www.salesianos.edu\\\/familiasalesiana\\\/#\\\/schema\\\/person\\\/587f0aaa0bc79792a743343715597b2e\"},\"description\":\"El Consejo Inspectorial de ADMA compartir\u00e1 diariamente un fragmento sobre Mar\u00eda D. Mazarrello.\",\"breadcrumb\":{\"@id\":\"https:\\\/\\\/www.salesianos.edu\\\/familiasalesiana\\\/lecturas-sobre-maria-d-mazzarello-con-el-consejo-inspectorial-de-la-asociacion-de-maria-auxiliadora-2023\\\/#breadcrumb\"},\"inLanguage\":\"es\",\"potentialAction\":[{\"@type\":\"ReadAction\",\"target\":[\"https:\\\/\\\/www.salesianos.edu\\\/familiasalesiana\\\/lecturas-sobre-maria-d-mazzarello-con-el-consejo-inspectorial-de-la-asociacion-de-maria-auxiliadora-2023\\\/\"]}]},{\"@type\":\"ImageObject\",\"inLanguage\":\"es\",\"@id\":\"https:\\\/\\\/www.salesianos.edu\\\/familiasalesiana\\\/lecturas-sobre-maria-d-mazzarello-con-el-consejo-inspectorial-de-la-asociacion-de-maria-auxiliadora-2023\\\/#primaryimage\",\"url\":\"https:\\\/\\\/www.salesianos.edu\\\/familiasalesiana\\\/wp-content\\\/uploads\\\/sites\\\/5\\\/2021\\\/04\\\/03_Main.jpeg\",\"contentUrl\":\"https:\\\/\\\/www.salesianos.edu\\\/familiasalesiana\\\/wp-content\\\/uploads\\\/sites\\\/5\\\/2021\\\/04\\\/03_Main.jpeg\",\"width\":1280,\"height\":800},{\"@type\":\"BreadcrumbList\",\"@id\":\"https:\\\/\\\/www.salesianos.edu\\\/familiasalesiana\\\/lecturas-sobre-maria-d-mazzarello-con-el-consejo-inspectorial-de-la-asociacion-de-maria-auxiliadora-2023\\\/#breadcrumb\",\"itemListElement\":[{\"@type\":\"ListItem\",\"position\":1,\"name\":\"Portada\",\"item\":\"http:\\\/\\\/www.salesianos.edu\\\/familiasalesiana\\\/\"},{\"@type\":\"ListItem\",\"position\":2,\"name\":\"Lecturas sobre Mar\u00eda D. Mazzarello con el Consejo Inspectorial de la Asociaci\u00f3n de Mar\u00eda Auxiliadora\"}]},{\"@type\":\"WebSite\",\"@id\":\"http:\\\/\\\/www.salesianos.edu\\\/familiasalesiana\\\/#website\",\"url\":\"http:\\\/\\\/www.salesianos.edu\\\/familiasalesiana\\\/\",\"name\":\"Familia Salesiana\",\"description\":\"P\u00e1gina oficial de Inspector\u00eda Salesiana Mar\u00eda Auxiliadora\",\"potentialAction\":[{\"@type\":\"SearchAction\",\"target\":{\"@type\":\"EntryPoint\",\"urlTemplate\":\"http:\\\/\\\/www.salesianos.edu\\\/familiasalesiana\\\/?s={search_term_string}\"},\"query-input\":{\"@type\":\"PropertyValueSpecification\",\"valueRequired\":true,\"valueName\":\"search_term_string\"}}],\"inLanguage\":\"es\"},{\"@type\":\"Person\",\"@id\":\"http:\\\/\\\/www.salesianos.edu\\\/familiasalesiana\\\/#\\\/schema\\\/person\\\/587f0aaa0bc79792a743343715597b2e\",\"name\":\"carlosmartin\",\"image\":{\"@type\":\"ImageObject\",\"inLanguage\":\"es\",\"@id\":\"https:\\\/\\\/secure.gravatar.com\\\/avatar\\\/068204e325b7d19936f9561f323c3c719ed6f2c2a417a8c22c60e194a8bbdb21?s=96&d=mm&r=g\",\"url\":\"https:\\\/\\\/secure.gravatar.com\\\/avatar\\\/068204e325b7d19936f9561f323c3c719ed6f2c2a417a8c22c60e194a8bbdb21?s=96&d=mm&r=g\",\"contentUrl\":\"https:\\\/\\\/secure.gravatar.com\\\/avatar\\\/068204e325b7d19936f9561f323c3c719ed6f2c2a417a8c22c60e194a8bbdb21?s=96&d=mm&r=g\",\"caption\":\"carlosmartin\"}}]}<\/script>\n<!-- \/ Yoast SEO plugin. -->","yoast_head_json":{"title":"Lecturas sobre Mar\u00eda D. Mazzarello con el Consejo Inspectorial de la Asociaci\u00f3n de Mar\u00eda Auxiliadora - Familia Salesiana","description":"El Consejo Inspectorial de ADMA compartir\u00e1 diariamente un fragmento sobre Mar\u00eda D. Mazarrello.","robots":{"index":"index","follow":"follow","max-snippet":"max-snippet:-1","max-image-preview":"max-image-preview:large","max-video-preview":"max-video-preview:-1"},"canonical":"https:\/\/www.salesianos.edu\/familiasalesiana\/lecturas-sobre-maria-d-mazzarello-con-el-consejo-inspectorial-de-la-asociacion-de-maria-auxiliadora-2023\/","og_locale":"es_ES","og_type":"article","og_title":"Lecturas sobre Mar\u00eda D. Mazzarello con el Consejo Inspectorial de la Asociaci\u00f3n de Mar\u00eda Auxiliadora - Familia Salesiana","og_description":"El Consejo Inspectorial de ADMA compartir\u00e1 diariamente un fragmento sobre Mar\u00eda D. Mazarrello.","og_url":"https:\/\/www.salesianos.edu\/familiasalesiana\/lecturas-sobre-maria-d-mazzarello-con-el-consejo-inspectorial-de-la-asociacion-de-maria-auxiliadora-2023\/","og_site_name":"Familia Salesiana","article_published_time":"2023-04-26T06:42:20+00:00","article_modified_time":"2023-05-13T05:58:00+00:00","og_image":[{"width":1280,"height":800,"url":"https:\/\/www.salesianos.edu\/familiasalesiana\/wp-content\/uploads\/sites\/5\/2021\/04\/03_Main.jpeg","type":"image\/jpeg"}],"author":"carlosmartin","twitter_card":"summary_large_image","twitter_misc":{"Escrito por":"carlosmartin","Tiempo de lectura":"2 minutos"},"schema":{"@context":"https:\/\/schema.org","@graph":[{"@type":"Article","@id":"https:\/\/www.salesianos.edu\/familiasalesiana\/lecturas-sobre-maria-d-mazzarello-con-el-consejo-inspectorial-de-la-asociacion-de-maria-auxiliadora-2023\/#article","isPartOf":{"@id":"https:\/\/www.salesianos.edu\/familiasalesiana\/lecturas-sobre-maria-d-mazzarello-con-el-consejo-inspectorial-de-la-asociacion-de-maria-auxiliadora-2023\/"},"author":{"name":"carlosmartin","@id":"http:\/\/www.salesianos.edu\/familiasalesiana\/#\/schema\/person\/587f0aaa0bc79792a743343715597b2e"},"headline":"Lecturas sobre Mar\u00eda D. Mazzarello con el Consejo Inspectorial de la Asociaci\u00f3n de Mar\u00eda Auxiliadora","datePublished":"2023-04-26T06:42:20+00:00","dateModified":"2023-05-13T05:58:00+00:00","mainEntityOfPage":{"@id":"https:\/\/www.salesianos.edu\/familiasalesiana\/lecturas-sobre-maria-d-mazzarello-con-el-consejo-inspectorial-de-la-asociacion-de-maria-auxiliadora-2023\/"},"wordCount":791,"commentCount":1,"image":{"@id":"https:\/\/www.salesianos.edu\/familiasalesiana\/lecturas-sobre-maria-d-mazzarello-con-el-consejo-inspectorial-de-la-asociacion-de-maria-auxiliadora-2023\/#primaryimage"},"thumbnailUrl":"https:\/\/www.salesianos.edu\/familiasalesiana\/wp-content\/uploads\/sites\/5\/2021\/04\/03_Main.jpeg","articleSection":["ADMA","portada"],"inLanguage":"es","potentialAction":[{"@type":"CommentAction","name":"Comment","target":["https:\/\/www.salesianos.edu\/familiasalesiana\/lecturas-sobre-maria-d-mazzarello-con-el-consejo-inspectorial-de-la-asociacion-de-maria-auxiliadora-2023\/#respond"]}]},{"@type":"WebPage","@id":"https:\/\/www.salesianos.edu\/familiasalesiana\/lecturas-sobre-maria-d-mazzarello-con-el-consejo-inspectorial-de-la-asociacion-de-maria-auxiliadora-2023\/","url":"https:\/\/www.salesianos.edu\/familiasalesiana\/lecturas-sobre-maria-d-mazzarello-con-el-consejo-inspectorial-de-la-asociacion-de-maria-auxiliadora-2023\/","name":"Lecturas sobre Mar\u00eda D. Mazzarello con el Consejo Inspectorial de la Asociaci\u00f3n de Mar\u00eda Auxiliadora - Familia Salesiana","isPartOf":{"@id":"http:\/\/www.salesianos.edu\/familiasalesiana\/#website"},"primaryImageOfPage":{"@id":"https:\/\/www.salesianos.edu\/familiasalesiana\/lecturas-sobre-maria-d-mazzarello-con-el-consejo-inspectorial-de-la-asociacion-de-maria-auxiliadora-2023\/#primaryimage"},"image":{"@id":"https:\/\/www.salesianos.edu\/familiasalesiana\/lecturas-sobre-maria-d-mazzarello-con-el-consejo-inspectorial-de-la-asociacion-de-maria-auxiliadora-2023\/#primaryimage"},"thumbnailUrl":"https:\/\/www.salesianos.edu\/familiasalesiana\/wp-content\/uploads\/sites\/5\/2021\/04\/03_Main.jpeg","datePublished":"2023-04-26T06:42:20+00:00","dateModified":"2023-05-13T05:58:00+00:00","author":{"@id":"http:\/\/www.salesianos.edu\/familiasalesiana\/#\/schema\/person\/587f0aaa0bc79792a743343715597b2e"},"description":"El Consejo Inspectorial de ADMA compartir\u00e1 diariamente un fragmento sobre Mar\u00eda D. Mazarrello.","breadcrumb":{"@id":"https:\/\/www.salesianos.edu\/familiasalesiana\/lecturas-sobre-maria-d-mazzarello-con-el-consejo-inspectorial-de-la-asociacion-de-maria-auxiliadora-2023\/#breadcrumb"},"inLanguage":"es","potentialAction":[{"@type":"ReadAction","target":["https:\/\/www.salesianos.edu\/familiasalesiana\/lecturas-sobre-maria-d-mazzarello-con-el-consejo-inspectorial-de-la-asociacion-de-maria-auxiliadora-2023\/"]}]},{"@type":"ImageObject","inLanguage":"es","@id":"https:\/\/www.salesianos.edu\/familiasalesiana\/lecturas-sobre-maria-d-mazzarello-con-el-consejo-inspectorial-de-la-asociacion-de-maria-auxiliadora-2023\/#primaryimage","url":"https:\/\/www.salesianos.edu\/familiasalesiana\/wp-content\/uploads\/sites\/5\/2021\/04\/03_Main.jpeg","contentUrl":"https:\/\/www.salesianos.edu\/familiasalesiana\/wp-content\/uploads\/sites\/5\/2021\/04\/03_Main.jpeg","width":1280,"height":800},{"@type":"BreadcrumbList","@id":"https:\/\/www.salesianos.edu\/familiasalesiana\/lecturas-sobre-maria-d-mazzarello-con-el-consejo-inspectorial-de-la-asociacion-de-maria-auxiliadora-2023\/#breadcrumb","itemListElement":[{"@type":"ListItem","position":1,"name":"Portada","item":"http:\/\/www.salesianos.edu\/familiasalesiana\/"},{"@type":"ListItem","position":2,"name":"Lecturas sobre Mar\u00eda D. Mazzarello con el Consejo Inspectorial de la Asociaci\u00f3n de Mar\u00eda Auxiliadora"}]},{"@type":"WebSite","@id":"http:\/\/www.salesianos.edu\/familiasalesiana\/#website","url":"http:\/\/www.salesianos.edu\/familiasalesiana\/","name":"Familia Salesiana","description":"P\u00e1gina oficial de Inspector\u00eda Salesiana Mar\u00eda Auxiliadora","potentialAction":[{"@type":"SearchAction","target":{"@type":"EntryPoint","urlTemplate":"http:\/\/www.salesianos.edu\/familiasalesiana\/?s={search_term_string}"},"query-input":{"@type":"PropertyValueSpecification","valueRequired":true,"valueName":"search_term_string"}}],"inLanguage":"es"},{"@type":"Person","@id":"http:\/\/www.salesianos.edu\/familiasalesiana\/#\/schema\/person\/587f0aaa0bc79792a743343715597b2e","name":"carlosmartin","image":{"@type":"ImageObject","inLanguage":"es","@id":"https:\/\/secure.gravatar.com\/avatar\/068204e325b7d19936f9561f323c3c719ed6f2c2a417a8c22c60e194a8bbdb21?s=96&d=mm&r=g","url":"https:\/\/secure.gravatar.com\/avatar\/068204e325b7d19936f9561f323c3c719ed6f2c2a417a8c22c60e194a8bbdb21?s=96&d=mm&r=g","contentUrl":"https:\/\/secure.gravatar.com\/avatar\/068204e325b7d19936f9561f323c3c719ed6f2c2a417a8c22c60e194a8bbdb21?s=96&d=mm&r=g","caption":"carlosmartin"}}]}},"_links":{"self":[{"href":"https:\/\/www.salesianos.edu\/familiasalesiana\/wp-json\/wp\/v2\/posts\/10439","targetHints":{"allow":["GET"]}}],"collection":[{"href":"https:\/\/www.salesianos.edu\/familiasalesiana\/wp-json\/wp\/v2\/posts"}],"about":[{"href":"https:\/\/www.salesianos.edu\/familiasalesiana\/wp-json\/wp\/v2\/types\/post"}],"author":[{"embeddable":true,"href":"https:\/\/www.salesianos.edu\/familiasalesiana\/wp-json\/wp\/v2\/users\/7"}],"replies":[{"embeddable":true,"href":"https:\/\/www.salesianos.edu\/familiasalesiana\/wp-json\/wp\/v2\/comments?post=10439"}],"version-history":[{"count":29,"href":"https:\/\/www.salesianos.edu\/familiasalesiana\/wp-json\/wp\/v2\/posts\/10439\/revisions"}],"predecessor-version":[{"id":10502,"href":"https:\/\/www.salesianos.edu\/familiasalesiana\/wp-json\/wp\/v2\/posts\/10439\/revisions\/10502"}],"wp:featuredmedia":[{"embeddable":true,"href":"https:\/\/www.salesianos.edu\/familiasalesiana\/wp-json\/wp\/v2\/media\/9550"}],"wp:attachment":[{"href":"https:\/\/www.salesianos.edu\/familiasalesiana\/wp-json\/wp\/v2\/media?parent=10439"}],"wp:term":[{"taxonomy":"category","embeddable":true,"href":"https:\/\/www.salesianos.edu\/familiasalesiana\/wp-json\/wp\/v2\/categories?post=10439"},{"taxonomy":"post_tag","embeddable":true,"href":"https:\/\/www.salesianos.edu\/familiasalesiana\/wp-json\/wp\/v2\/tags?post=10439"}],"curies":[{"name":"wp","href":"https:\/\/api.w.org\/{rel}","templated":true}]}}