{"id":10429,"date":"2023-04-20T12:37:08","date_gmt":"2023-04-20T11:37:08","guid":{"rendered":"https:\/\/www.salesianos.edu\/familiasalesiana\/?p=10429"},"modified":"2023-04-20T12:41:22","modified_gmt":"2023-04-20T11:41:22","slug":"la-luz-y-el-color-de-maria-auxiliadora-en-la-obra-de-cerezal","status":"publish","type":"post","link":"https:\/\/www.salesianos.edu\/familiasalesiana\/la-luz-y-el-color-de-maria-auxiliadora-en-la-obra-de-cerezal\/","title":{"rendered":"La luz y el color de Mar\u00eda Auxiliadora en la obra de Cerezal"},"content":{"rendered":"<div id=\"fb-root\"><\/div>\n<p>[et_pb_section fb_built=\u00bb1&#8243; admin_label=\u00bbsection\u00bb _builder_version=\u00bb4.16&#8243; global_colors_info=\u00bb{}\u00bb][et_pb_row admin_label=\u00bbrow\u00bb _builder_version=\u00bb4.16&#8243; background_size=\u00bbinitial\u00bb background_position=\u00bbtop_left\u00bb background_repeat=\u00bbrepeat\u00bb global_colors_info=\u00bb{}\u00bb][et_pb_column type=\u00bb4_4&#8243; _builder_version=\u00bb4.16&#8243; custom_padding=\u00bb|||\u00bb global_colors_info=\u00bb{}\u00bb custom_padding__hover=\u00bb|||\u00bb][et_pb_text _builder_version=\u00bb4.20.2&#8243; _module_preset=\u00bbdefault\u00bb text_line_height=\u00bb1.5em\u00bb hover_enabled=\u00bb0&#8243; global_colors_info=\u00bb{}\u00bb text_orientation=\u00bbjustified\u00bb sticky_enabled=\u00bb0&#8243;]<\/p>\n<section class=\"elementor-section elementor-top-section elementor-element elementor-element-964f310 elementor-section-boxed elementor-section-height-default elementor-section-height-default\" data-id=\"964f310\" data-element_type=\"section\">\n<div class=\"elementor-container elementor-column-gap-default\">\n<div class=\"elementor-row\">\n<div class=\"elementor-column elementor-col-100 elementor-top-column elementor-element elementor-element-e890002\" data-id=\"e890002\" data-element_type=\"column\">\n<div class=\"elementor-column-wrap elementor-element-populated\">\n<div class=\"elementor-widget-wrap\">\n<div class=\"elementor-element elementor-element-76c491c elementor-widget elementor-widget-text-editor\" data-id=\"76c491c\" data-element_type=\"widget\" data-widget_type=\"text-editor.default\">\n<div class=\"elementor-widget-container\">\n<div class=\"elementor-text-editor elementor-clearfix\">\n<p>La Archicofrad\u00eda de Mar\u00eda Auxiliadora ha presentado esta tarde en la Bas\u00edlica de Mar\u00eda Auxiliadora el cartel de mayo 2023, obra del artista Jos\u00e9 Mar\u00eda Jim\u00e9nez P\u00e9rez -Cerezal. Una obra en la que ha impreso evidentemente su estilo, caracterizado por las escuelas impresionistas, a\u00f1adiendo su toque personal que va de lo figurativo a lo abstracto.<\/p>\n<\/div>\n<\/div>\n<\/div>\n<\/div>\n<\/div>\n<\/div>\n<\/div>\n<\/div>\n<\/section>\n<section class=\"elementor-section elementor-top-section elementor-element elementor-element-c16b0f2 elementor-section-boxed elementor-section-height-default elementor-section-height-default\" data-id=\"c16b0f2\" data-element_type=\"section\">\n<div class=\"elementor-container elementor-column-gap-default\">\n<div class=\"elementor-row\">\n<div class=\"elementor-column elementor-col-50 elementor-top-column elementor-element elementor-element-3c47351\" data-id=\"3c47351\" data-element_type=\"column\">\n<div class=\"elementor-column-wrap elementor-element-populated\">\n<div class=\"elementor-widget-wrap\">\n<div class=\"elementor-element elementor-element-f080f98 elementor-widget elementor-widget-text-editor\" data-id=\"f080f98\" data-element_type=\"widget\" data-widget_type=\"text-editor.default\">\n<div class=\"elementor-widget-container\">\n<div class=\"elementor-text-editor elementor-clearfix\">\n<p>El fauvismo una t\u00e9cnica que no busca la perfecci\u00f3n, sino la exaltaci\u00f3n del color plasmando colores que buscan llamar la atenci\u00f3n, se sustenta en la idea de que la creaci\u00f3n surg\u00eda del instinto m\u00e1s que del intelecto o de los sentimientos. Este movimiento naci\u00f3 a principios del siglo XX.\u00a0Adem\u00e1s, es un m\u00e9todo donde expresa la rebeld\u00eda, utilizando colores que en realidad no existen.\u00a0\u00a0Henri Matisse, Andr\u00e9 Derain, Maurice Vlamink y Pablo Picasso\u00a0son algunos de los artistas que m\u00e1s han usado esta t\u00e9cnica.<\/p>\n<p>Jos\u00e9 Cerezal ha comentado que durante el proceso de esta obra ha recordado que el color le es fundamental, que la luz y el color son imprescindibles para Dios y para su Madre. \u201cHe querido, una vez m\u00e1s, ser a\u00fan m\u00e1s fiel a mi intenci\u00f3n art\u00edstica, d\u00e1ndole m\u00e1s intensidad y luminosidad a la obra\u201d.<\/p>\n<\/div>\n<\/div>\n<\/div>\n<\/div>\n<\/div>\n<\/div>\n<div class=\"elementor-column elementor-col-50 elementor-top-column elementor-element elementor-element-410c847\" data-id=\"410c847\" data-element_type=\"column\">\n<div class=\"elementor-column-wrap elementor-element-populated\">\n<div class=\"elementor-widget-wrap\">\n<div class=\"elementor-element elementor-element-960ea67 elementor-widget elementor-widget-image\" data-id=\"960ea67\" data-element_type=\"widget\" data-widget_type=\"image.default\">\n<div class=\"elementor-widget-container\">\n<blockquote>\n<div class=\"elementor-image\">Una lluvia de color y luminosidad que envuelve con gracia a la Bendita imagen de Mar\u00eda Auxiliadora provoca en todo aquel que admira la obra una sonrisa enamorada. \u201cMi af\u00e1n es que Dios est\u00e9 contento en sus fiestas e intentar contagiar de alegr\u00eda a quien contempla este cartel. Me vi embaucado, en el proceso por la gracia de Mar\u00eda y entend\u00ed la repercusi\u00f3n y la importancia que tiene esta Virgen en Sevilla\u2026 \u00a1Qu\u00e9 bonito es amar a Dios y a su Madre a trav\u00e9s de Ella!\u201d<\/div>\n<\/blockquote>\n<\/div>\n<\/div>\n<\/div>\n<\/div>\n<\/div>\n<\/div>\n<\/div>\n<\/section>\n<section class=\"elementor-section elementor-top-section elementor-element elementor-element-5b4a72c6 elementor-section-boxed elementor-section-height-default elementor-section-height-default\" data-id=\"5b4a72c6\" data-element_type=\"section\">\n<div class=\"elementor-container elementor-column-gap-default\">\n<div class=\"elementor-row\">\n<div class=\"elementor-column elementor-col-100 elementor-top-column elementor-element elementor-element-5bf9ff05\" data-id=\"5bf9ff05\" data-element_type=\"column\">\n<div class=\"elementor-column-wrap elementor-element-populated\">\n<div class=\"elementor-widget-wrap\">\n<div class=\"elementor-element elementor-element-5d97da4a elementor-widget elementor-widget-text-editor\" data-id=\"5d97da4a\" data-element_type=\"widget\" data-widget_type=\"text-editor.default\">\n<div class=\"elementor-widget-container\">\n<div class=\"elementor-text-editor elementor-clearfix\">\n<p>Cerezal confiesa que hay obras que van m\u00e1s all\u00e1 de lo pict\u00f3rico, entran en el terreno de lo emocional, rompen los esquemas del proceso pict\u00f3rico, rompen todo \u201clo acordado\u201d para pintar amando.<\/p>\n<\/div>\n<\/div>\n<\/div>\n<\/div>\n<\/div>\n<\/div>\n<\/div>\n<\/div>\n<\/section>\n<p>[\/et_pb_text][\/et_pb_column][\/et_pb_row][et_pb_row column_structure=\u00bb1_4,1_2,1_4&#8243; _builder_version=\u00bb4.20.2&#8243; _module_preset=\u00bbdefault\u00bb global_colors_info=\u00bb{}\u00bb][et_pb_column type=\u00bb1_4&#8243; _builder_version=\u00bb4.20.2&#8243; _module_preset=\u00bbdefault\u00bb global_colors_info=\u00bb{}\u00bb][\/et_pb_column][et_pb_column type=\u00bb1_2&#8243; _builder_version=\u00bb4.20.2&#8243; _module_preset=\u00bbdefault\u00bb global_colors_info=\u00bb{}\u00bb][et_pb_image src=\u00bbhttp:\/\/www.salesianos.edu\/familiasalesiana\/wp-content\/uploads\/sites\/5\/2023\/04\/MG_4529-copia.jpg\u00bb title_text=\u00bbMG_4529-copia\u00bb show_in_lightbox=\u00bbon\u00bb _builder_version=\u00bb4.20.2&#8243; _module_preset=\u00bbdefault\u00bb global_colors_info=\u00bb{}\u00bb][\/et_pb_image][\/et_pb_column][et_pb_column type=\u00bb1_4&#8243; _builder_version=\u00bb4.20.2&#8243; _module_preset=\u00bbdefault\u00bb global_colors_info=\u00bb{}\u00bb][\/et_pb_column][\/et_pb_row][\/et_pb_section]<\/p>\n","protected":false},"excerpt":{"rendered":"<p>La Archicofrad\u00eda de Mar\u00eda Auxiliadora ha presentado esta tarde en la Bas\u00edlica de Mar\u00eda Auxiliadora el cartel de mayo 2023, obra del artista Jos\u00e9 Mar\u00eda Jim\u00e9nez P\u00e9rez -Cerezal. Una obra en la que ha impreso evidentemente su estilo, caracterizado por las escuelas impresionistas, a\u00f1adiendo su toque personal que va de lo figurativo a lo abstracto<\/p>\n","protected":false},"author":12,"featured_media":10433,"comment_status":"open","ping_status":"open","sticky":false,"template":"","format":"standard","meta":{"_et_pb_use_builder":"on","_et_pb_old_content":"","_et_gb_content_width":"","footnotes":""},"categories":[53],"tags":[],"class_list":["post-10429","post","type-post","status-publish","format-standard","has-post-thumbnail","hentry","category-adma"],"yoast_head":"<!-- This site is optimized with the Yoast SEO plugin v27.5 - https:\/\/yoast.com\/product\/yoast-seo-wordpress\/ -->\n<title>La luz y el color de Mar\u00eda Auxiliadora en la obra de Cerezal - Familia Salesiana<\/title>\n<meta name=\"robots\" content=\"index, follow, max-snippet:-1, max-image-preview:large, max-video-preview:-1\" \/>\n<link rel=\"canonical\" href=\"http:\/\/www.salesianos.edu\/familiasalesiana\/la-luz-y-el-color-de-maria-auxiliadora-en-la-obra-de-cerezal\/\" \/>\n<meta property=\"og:locale\" content=\"es_ES\" \/>\n<meta property=\"og:type\" content=\"article\" \/>\n<meta property=\"og:title\" content=\"La luz y el color de Mar\u00eda Auxiliadora en la obra de Cerezal - Familia Salesiana\" \/>\n<meta property=\"og:description\" content=\"La Archicofrad\u00eda de Mar\u00eda Auxiliadora ha presentado esta tarde en la Bas\u00edlica de Mar\u00eda Auxiliadora el cartel de mayo 2023, obra del artista Jos\u00e9 Mar\u00eda Jim\u00e9nez P\u00e9rez -Cerezal. Una obra en la que ha impreso evidentemente su estilo, caracterizado por las escuelas impresionistas, a\u00f1adiendo su toque personal que va de lo figurativo a lo abstracto\" \/>\n<meta property=\"og:url\" content=\"http:\/\/www.salesianos.edu\/familiasalesiana\/la-luz-y-el-color-de-maria-auxiliadora-en-la-obra-de-cerezal\/\" \/>\n<meta property=\"og:site_name\" content=\"Familia Salesiana\" \/>\n<meta property=\"article:published_time\" content=\"2023-04-20T11:37:08+00:00\" \/>\n<meta property=\"article:modified_time\" content=\"2023-04-20T11:41:22+00:00\" \/>\n<meta property=\"og:image\" content=\"http:\/\/www.salesianos.edu\/familiasalesiana\/wp-content\/uploads\/sites\/5\/2023\/04\/MAUX-1024x768.jpg\" \/>\n\t<meta property=\"og:image:width\" content=\"1024\" \/>\n\t<meta property=\"og:image:height\" content=\"768\" \/>\n\t<meta property=\"og:image:type\" content=\"image\/jpeg\" \/>\n<meta name=\"author\" content=\"joseluisgarciamoscoso\" \/>\n<meta name=\"twitter:card\" content=\"summary_large_image\" \/>\n<meta name=\"twitter:label1\" content=\"Escrito por\" \/>\n\t<meta name=\"twitter:data1\" content=\"joseluisgarciamoscoso\" \/>\n\t<meta name=\"twitter:label2\" content=\"Tiempo de lectura\" \/>\n\t<meta name=\"twitter:data2\" content=\"2 minutos\" \/>\n<script type=\"application\/ld+json\" class=\"yoast-schema-graph\">{\"@context\":\"https:\\\/\\\/schema.org\",\"@graph\":[{\"@type\":\"Article\",\"@id\":\"http:\\\/\\\/www.salesianos.edu\\\/familiasalesiana\\\/la-luz-y-el-color-de-maria-auxiliadora-en-la-obra-de-cerezal\\\/#article\",\"isPartOf\":{\"@id\":\"http:\\\/\\\/www.salesianos.edu\\\/familiasalesiana\\\/la-luz-y-el-color-de-maria-auxiliadora-en-la-obra-de-cerezal\\\/\"},\"author\":{\"name\":\"joseluisgarciamoscoso\",\"@id\":\"http:\\\/\\\/www.salesianos.edu\\\/familiasalesiana\\\/#\\\/schema\\\/person\\\/a1d72ee5373cce7347fb2993ba9f47d6\"},\"headline\":\"La luz y el color de Mar\u00eda Auxiliadora en la obra de Cerezal\",\"datePublished\":\"2023-04-20T11:37:08+00:00\",\"dateModified\":\"2023-04-20T11:41:22+00:00\",\"mainEntityOfPage\":{\"@id\":\"http:\\\/\\\/www.salesianos.edu\\\/familiasalesiana\\\/la-luz-y-el-color-de-maria-auxiliadora-en-la-obra-de-cerezal\\\/\"},\"wordCount\":537,\"commentCount\":0,\"image\":{\"@id\":\"http:\\\/\\\/www.salesianos.edu\\\/familiasalesiana\\\/la-luz-y-el-color-de-maria-auxiliadora-en-la-obra-de-cerezal\\\/#primaryimage\"},\"thumbnailUrl\":\"https:\\\/\\\/www.salesianos.edu\\\/familiasalesiana\\\/wp-content\\\/uploads\\\/sites\\\/5\\\/2023\\\/04\\\/MAUX.jpg\",\"articleSection\":[\"ADMA\"],\"inLanguage\":\"es\",\"potentialAction\":[{\"@type\":\"CommentAction\",\"name\":\"Comment\",\"target\":[\"http:\\\/\\\/www.salesianos.edu\\\/familiasalesiana\\\/la-luz-y-el-color-de-maria-auxiliadora-en-la-obra-de-cerezal\\\/#respond\"]}]},{\"@type\":\"WebPage\",\"@id\":\"http:\\\/\\\/www.salesianos.edu\\\/familiasalesiana\\\/la-luz-y-el-color-de-maria-auxiliadora-en-la-obra-de-cerezal\\\/\",\"url\":\"http:\\\/\\\/www.salesianos.edu\\\/familiasalesiana\\\/la-luz-y-el-color-de-maria-auxiliadora-en-la-obra-de-cerezal\\\/\",\"name\":\"La luz y el color de Mar\u00eda Auxiliadora en la obra de Cerezal - Familia Salesiana\",\"isPartOf\":{\"@id\":\"http:\\\/\\\/www.salesianos.edu\\\/familiasalesiana\\\/#website\"},\"primaryImageOfPage\":{\"@id\":\"http:\\\/\\\/www.salesianos.edu\\\/familiasalesiana\\\/la-luz-y-el-color-de-maria-auxiliadora-en-la-obra-de-cerezal\\\/#primaryimage\"},\"image\":{\"@id\":\"http:\\\/\\\/www.salesianos.edu\\\/familiasalesiana\\\/la-luz-y-el-color-de-maria-auxiliadora-en-la-obra-de-cerezal\\\/#primaryimage\"},\"thumbnailUrl\":\"https:\\\/\\\/www.salesianos.edu\\\/familiasalesiana\\\/wp-content\\\/uploads\\\/sites\\\/5\\\/2023\\\/04\\\/MAUX.jpg\",\"datePublished\":\"2023-04-20T11:37:08+00:00\",\"dateModified\":\"2023-04-20T11:41:22+00:00\",\"author\":{\"@id\":\"http:\\\/\\\/www.salesianos.edu\\\/familiasalesiana\\\/#\\\/schema\\\/person\\\/a1d72ee5373cce7347fb2993ba9f47d6\"},\"breadcrumb\":{\"@id\":\"http:\\\/\\\/www.salesianos.edu\\\/familiasalesiana\\\/la-luz-y-el-color-de-maria-auxiliadora-en-la-obra-de-cerezal\\\/#breadcrumb\"},\"inLanguage\":\"es\",\"potentialAction\":[{\"@type\":\"ReadAction\",\"target\":[\"http:\\\/\\\/www.salesianos.edu\\\/familiasalesiana\\\/la-luz-y-el-color-de-maria-auxiliadora-en-la-obra-de-cerezal\\\/\"]}]},{\"@type\":\"ImageObject\",\"inLanguage\":\"es\",\"@id\":\"http:\\\/\\\/www.salesianos.edu\\\/familiasalesiana\\\/la-luz-y-el-color-de-maria-auxiliadora-en-la-obra-de-cerezal\\\/#primaryimage\",\"url\":\"https:\\\/\\\/www.salesianos.edu\\\/familiasalesiana\\\/wp-content\\\/uploads\\\/sites\\\/5\\\/2023\\\/04\\\/MAUX.jpg\",\"contentUrl\":\"https:\\\/\\\/www.salesianos.edu\\\/familiasalesiana\\\/wp-content\\\/uploads\\\/sites\\\/5\\\/2023\\\/04\\\/MAUX.jpg\",\"width\":2000,\"height\":1500},{\"@type\":\"BreadcrumbList\",\"@id\":\"http:\\\/\\\/www.salesianos.edu\\\/familiasalesiana\\\/la-luz-y-el-color-de-maria-auxiliadora-en-la-obra-de-cerezal\\\/#breadcrumb\",\"itemListElement\":[{\"@type\":\"ListItem\",\"position\":1,\"name\":\"Portada\",\"item\":\"http:\\\/\\\/www.salesianos.edu\\\/familiasalesiana\\\/\"},{\"@type\":\"ListItem\",\"position\":2,\"name\":\"La luz y el color de Mar\u00eda Auxiliadora en la obra de Cerezal\"}]},{\"@type\":\"WebSite\",\"@id\":\"http:\\\/\\\/www.salesianos.edu\\\/familiasalesiana\\\/#website\",\"url\":\"http:\\\/\\\/www.salesianos.edu\\\/familiasalesiana\\\/\",\"name\":\"Familia Salesiana\",\"description\":\"P\u00e1gina oficial de Inspector\u00eda Salesiana Mar\u00eda Auxiliadora\",\"potentialAction\":[{\"@type\":\"SearchAction\",\"target\":{\"@type\":\"EntryPoint\",\"urlTemplate\":\"http:\\\/\\\/www.salesianos.edu\\\/familiasalesiana\\\/?s={search_term_string}\"},\"query-input\":{\"@type\":\"PropertyValueSpecification\",\"valueRequired\":true,\"valueName\":\"search_term_string\"}}],\"inLanguage\":\"es\"},{\"@type\":\"Person\",\"@id\":\"http:\\\/\\\/www.salesianos.edu\\\/familiasalesiana\\\/#\\\/schema\\\/person\\\/a1d72ee5373cce7347fb2993ba9f47d6\",\"name\":\"joseluisgarciamoscoso\",\"image\":{\"@type\":\"ImageObject\",\"inLanguage\":\"es\",\"@id\":\"https:\\\/\\\/secure.gravatar.com\\\/avatar\\\/3fda3a0b2db3bc9a39871e47cbd526b42d6c3b74755b7ae1400a87b2913fea6a?s=96&d=mm&r=g\",\"url\":\"https:\\\/\\\/secure.gravatar.com\\\/avatar\\\/3fda3a0b2db3bc9a39871e47cbd526b42d6c3b74755b7ae1400a87b2913fea6a?s=96&d=mm&r=g\",\"contentUrl\":\"https:\\\/\\\/secure.gravatar.com\\\/avatar\\\/3fda3a0b2db3bc9a39871e47cbd526b42d6c3b74755b7ae1400a87b2913fea6a?s=96&d=mm&r=g\",\"caption\":\"joseluisgarciamoscoso\"}}]}<\/script>\n<!-- \/ Yoast SEO plugin. -->","yoast_head_json":{"title":"La luz y el color de Mar\u00eda Auxiliadora en la obra de Cerezal - Familia Salesiana","robots":{"index":"index","follow":"follow","max-snippet":"max-snippet:-1","max-image-preview":"max-image-preview:large","max-video-preview":"max-video-preview:-1"},"canonical":"http:\/\/www.salesianos.edu\/familiasalesiana\/la-luz-y-el-color-de-maria-auxiliadora-en-la-obra-de-cerezal\/","og_locale":"es_ES","og_type":"article","og_title":"La luz y el color de Mar\u00eda Auxiliadora en la obra de Cerezal - Familia Salesiana","og_description":"La Archicofrad\u00eda de Mar\u00eda Auxiliadora ha presentado esta tarde en la Bas\u00edlica de Mar\u00eda Auxiliadora el cartel de mayo 2023, obra del artista Jos\u00e9 Mar\u00eda Jim\u00e9nez P\u00e9rez -Cerezal. Una obra en la que ha impreso evidentemente su estilo, caracterizado por las escuelas impresionistas, a\u00f1adiendo su toque personal que va de lo figurativo a lo abstracto","og_url":"http:\/\/www.salesianos.edu\/familiasalesiana\/la-luz-y-el-color-de-maria-auxiliadora-en-la-obra-de-cerezal\/","og_site_name":"Familia Salesiana","article_published_time":"2023-04-20T11:37:08+00:00","article_modified_time":"2023-04-20T11:41:22+00:00","og_image":[{"width":1024,"height":768,"url":"http:\/\/www.salesianos.edu\/familiasalesiana\/wp-content\/uploads\/sites\/5\/2023\/04\/MAUX-1024x768.jpg","type":"image\/jpeg"}],"author":"joseluisgarciamoscoso","twitter_card":"summary_large_image","twitter_misc":{"Escrito por":"joseluisgarciamoscoso","Tiempo de lectura":"2 minutos"},"schema":{"@context":"https:\/\/schema.org","@graph":[{"@type":"Article","@id":"http:\/\/www.salesianos.edu\/familiasalesiana\/la-luz-y-el-color-de-maria-auxiliadora-en-la-obra-de-cerezal\/#article","isPartOf":{"@id":"http:\/\/www.salesianos.edu\/familiasalesiana\/la-luz-y-el-color-de-maria-auxiliadora-en-la-obra-de-cerezal\/"},"author":{"name":"joseluisgarciamoscoso","@id":"http:\/\/www.salesianos.edu\/familiasalesiana\/#\/schema\/person\/a1d72ee5373cce7347fb2993ba9f47d6"},"headline":"La luz y el color de Mar\u00eda Auxiliadora en la obra de Cerezal","datePublished":"2023-04-20T11:37:08+00:00","dateModified":"2023-04-20T11:41:22+00:00","mainEntityOfPage":{"@id":"http:\/\/www.salesianos.edu\/familiasalesiana\/la-luz-y-el-color-de-maria-auxiliadora-en-la-obra-de-cerezal\/"},"wordCount":537,"commentCount":0,"image":{"@id":"http:\/\/www.salesianos.edu\/familiasalesiana\/la-luz-y-el-color-de-maria-auxiliadora-en-la-obra-de-cerezal\/#primaryimage"},"thumbnailUrl":"https:\/\/www.salesianos.edu\/familiasalesiana\/wp-content\/uploads\/sites\/5\/2023\/04\/MAUX.jpg","articleSection":["ADMA"],"inLanguage":"es","potentialAction":[{"@type":"CommentAction","name":"Comment","target":["http:\/\/www.salesianos.edu\/familiasalesiana\/la-luz-y-el-color-de-maria-auxiliadora-en-la-obra-de-cerezal\/#respond"]}]},{"@type":"WebPage","@id":"http:\/\/www.salesianos.edu\/familiasalesiana\/la-luz-y-el-color-de-maria-auxiliadora-en-la-obra-de-cerezal\/","url":"http:\/\/www.salesianos.edu\/familiasalesiana\/la-luz-y-el-color-de-maria-auxiliadora-en-la-obra-de-cerezal\/","name":"La luz y el color de Mar\u00eda Auxiliadora en la obra de Cerezal - Familia Salesiana","isPartOf":{"@id":"http:\/\/www.salesianos.edu\/familiasalesiana\/#website"},"primaryImageOfPage":{"@id":"http:\/\/www.salesianos.edu\/familiasalesiana\/la-luz-y-el-color-de-maria-auxiliadora-en-la-obra-de-cerezal\/#primaryimage"},"image":{"@id":"http:\/\/www.salesianos.edu\/familiasalesiana\/la-luz-y-el-color-de-maria-auxiliadora-en-la-obra-de-cerezal\/#primaryimage"},"thumbnailUrl":"https:\/\/www.salesianos.edu\/familiasalesiana\/wp-content\/uploads\/sites\/5\/2023\/04\/MAUX.jpg","datePublished":"2023-04-20T11:37:08+00:00","dateModified":"2023-04-20T11:41:22+00:00","author":{"@id":"http:\/\/www.salesianos.edu\/familiasalesiana\/#\/schema\/person\/a1d72ee5373cce7347fb2993ba9f47d6"},"breadcrumb":{"@id":"http:\/\/www.salesianos.edu\/familiasalesiana\/la-luz-y-el-color-de-maria-auxiliadora-en-la-obra-de-cerezal\/#breadcrumb"},"inLanguage":"es","potentialAction":[{"@type":"ReadAction","target":["http:\/\/www.salesianos.edu\/familiasalesiana\/la-luz-y-el-color-de-maria-auxiliadora-en-la-obra-de-cerezal\/"]}]},{"@type":"ImageObject","inLanguage":"es","@id":"http:\/\/www.salesianos.edu\/familiasalesiana\/la-luz-y-el-color-de-maria-auxiliadora-en-la-obra-de-cerezal\/#primaryimage","url":"https:\/\/www.salesianos.edu\/familiasalesiana\/wp-content\/uploads\/sites\/5\/2023\/04\/MAUX.jpg","contentUrl":"https:\/\/www.salesianos.edu\/familiasalesiana\/wp-content\/uploads\/sites\/5\/2023\/04\/MAUX.jpg","width":2000,"height":1500},{"@type":"BreadcrumbList","@id":"http:\/\/www.salesianos.edu\/familiasalesiana\/la-luz-y-el-color-de-maria-auxiliadora-en-la-obra-de-cerezal\/#breadcrumb","itemListElement":[{"@type":"ListItem","position":1,"name":"Portada","item":"http:\/\/www.salesianos.edu\/familiasalesiana\/"},{"@type":"ListItem","position":2,"name":"La luz y el color de Mar\u00eda Auxiliadora en la obra de Cerezal"}]},{"@type":"WebSite","@id":"http:\/\/www.salesianos.edu\/familiasalesiana\/#website","url":"http:\/\/www.salesianos.edu\/familiasalesiana\/","name":"Familia Salesiana","description":"P\u00e1gina oficial de Inspector\u00eda Salesiana Mar\u00eda Auxiliadora","potentialAction":[{"@type":"SearchAction","target":{"@type":"EntryPoint","urlTemplate":"http:\/\/www.salesianos.edu\/familiasalesiana\/?s={search_term_string}"},"query-input":{"@type":"PropertyValueSpecification","valueRequired":true,"valueName":"search_term_string"}}],"inLanguage":"es"},{"@type":"Person","@id":"http:\/\/www.salesianos.edu\/familiasalesiana\/#\/schema\/person\/a1d72ee5373cce7347fb2993ba9f47d6","name":"joseluisgarciamoscoso","image":{"@type":"ImageObject","inLanguage":"es","@id":"https:\/\/secure.gravatar.com\/avatar\/3fda3a0b2db3bc9a39871e47cbd526b42d6c3b74755b7ae1400a87b2913fea6a?s=96&d=mm&r=g","url":"https:\/\/secure.gravatar.com\/avatar\/3fda3a0b2db3bc9a39871e47cbd526b42d6c3b74755b7ae1400a87b2913fea6a?s=96&d=mm&r=g","contentUrl":"https:\/\/secure.gravatar.com\/avatar\/3fda3a0b2db3bc9a39871e47cbd526b42d6c3b74755b7ae1400a87b2913fea6a?s=96&d=mm&r=g","caption":"joseluisgarciamoscoso"}}]}},"_links":{"self":[{"href":"https:\/\/www.salesianos.edu\/familiasalesiana\/wp-json\/wp\/v2\/posts\/10429","targetHints":{"allow":["GET"]}}],"collection":[{"href":"https:\/\/www.salesianos.edu\/familiasalesiana\/wp-json\/wp\/v2\/posts"}],"about":[{"href":"https:\/\/www.salesianos.edu\/familiasalesiana\/wp-json\/wp\/v2\/types\/post"}],"author":[{"embeddable":true,"href":"https:\/\/www.salesianos.edu\/familiasalesiana\/wp-json\/wp\/v2\/users\/12"}],"replies":[{"embeddable":true,"href":"https:\/\/www.salesianos.edu\/familiasalesiana\/wp-json\/wp\/v2\/comments?post=10429"}],"version-history":[{"count":5,"href":"https:\/\/www.salesianos.edu\/familiasalesiana\/wp-json\/wp\/v2\/posts\/10429\/revisions"}],"predecessor-version":[{"id":10437,"href":"https:\/\/www.salesianos.edu\/familiasalesiana\/wp-json\/wp\/v2\/posts\/10429\/revisions\/10437"}],"wp:featuredmedia":[{"embeddable":true,"href":"https:\/\/www.salesianos.edu\/familiasalesiana\/wp-json\/wp\/v2\/media\/10433"}],"wp:attachment":[{"href":"https:\/\/www.salesianos.edu\/familiasalesiana\/wp-json\/wp\/v2\/media?parent=10429"}],"wp:term":[{"taxonomy":"category","embeddable":true,"href":"https:\/\/www.salesianos.edu\/familiasalesiana\/wp-json\/wp\/v2\/categories?post=10429"},{"taxonomy":"post_tag","embeddable":true,"href":"https:\/\/www.salesianos.edu\/familiasalesiana\/wp-json\/wp\/v2\/tags?post=10429"}],"curies":[{"name":"wp","href":"https:\/\/api.w.org\/{rel}","templated":true}]}}