{"id":10341,"date":"2023-01-09T14:24:26","date_gmt":"2023-01-09T13:24:26","guid":{"rendered":"https:\/\/www.salesianos.edu\/familiasalesiana\/?p=10341"},"modified":"2023-01-30T20:56:33","modified_gmt":"2023-01-30T19:56:33","slug":"lecturas-de-enero-con-el-consejo-inspectorial-de-la-asociacion-de-maria-auxiliadora-2023","status":"publish","type":"post","link":"https:\/\/www.salesianos.edu\/familiasalesiana\/lecturas-de-enero-con-el-consejo-inspectorial-de-la-asociacion-de-maria-auxiliadora-2023\/","title":{"rendered":"Lecturas de enero con el Consejo Inspectorial de la Asociaci\u00f3n de Mar\u00eda Auxiliadora"},"content":{"rendered":"<div id=\"fb-root\"><\/div>\n<p>[et_pb_section fb_built=\u00bb1&#8243; admin_label=\u00bbsection\u00bb _builder_version=\u00bb4.16&#8243; global_colors_info=\u00bb{}\u00bb][et_pb_row admin_label=\u00bbrow\u00bb _builder_version=\u00bb4.16&#8243; background_size=\u00bbinitial\u00bb background_position=\u00bbtop_left\u00bb background_repeat=\u00bbrepeat\u00bb global_colors_info=\u00bb{}\u00bb][et_pb_column type=\u00bb4_4&#8243; _builder_version=\u00bb4.16&#8243; custom_padding=\u00bb|||\u00bb global_colors_info=\u00bb{}\u00bb custom_padding__hover=\u00bb|||\u00bb][et_pb_text _builder_version=\u00bb4.16&#8243; global_colors_info=\u00bb{}\u00bb]<\/p>\n<div>Por ADMA\u00a0 \u00a0\u00a0<b><br \/><\/b><\/div>\n<p>[\/et_pb_text][et_pb_text _builder_version=\u00bb4.19.4&#8243; global_colors_info=\u00bb{}\u00bb]<\/p>\n<p>El Consejo Inspectorial de ADMA de Sevilla desde principios de diciembre ha ido preparando con la ayuda de personas de las diferentes Asociaciones un proyecto que desde este 16 de enero se pone en marcha.<\/p>\n<p>Subiremos a esta web diariamente un fragmento del <strong><a href=\"https:\/\/www.salesianos.edu\/aguinaldo\/\">Aguinaldo<\/a><\/strong> de este a\u00f1o; <strong>\u201cCOMO LEVADURA EN LA FAMILIA HUMANA DE HOY. La dimensi\u00f3n laical de la Familia de Don Bosco\u201d.<\/strong><\/p>\n<p>Desde el Consejo Inspectorial de ADMA se espera que todos gocen con las narraciones de este documento y puedan acceder a modo de podcast.<\/p>\n<p>[\/et_pb_text][et_pb_audio audio=\u00bbhttp:\/\/www.salesianos.edu\/familiasalesiana\/wp-content\/uploads\/sites\/5\/2020\/12\/Audio-1-Diez-an\u0303os-de-infancia-\u2013-Muerte-del-padre-\u2013-Penurias-familiares-\u2013-La-madre-viuda.ogg\u00bb title=\u00bb1 de enero\u00bb album_name=\u00bbDiez a\u00f1os de infancia \u2013 Muerte del padre \u2013 Penurias familiares \u2013 La madre viuda\u00bb disabled_on=\u00bbon|on|on\u00bb admin_label=\u00bbAudio &#8211; D\u00eda 1&#8243; _builder_version=\u00bb4.16&#8243; _module_preset=\u00bbdefault\u00bb disabled=\u00bbon\u00bb global_colors_info=\u00bb{}\u00bb][\/et_pb_audio][et_pb_audio audio=\u00bbhttp:\/\/www.salesianos.edu\/familiasalesiana\/wp-content\/uploads\/sites\/5\/2020\/12\/Audio-dia-2.mp3&#8243; title=\u00bb2 de enero\u00bb album_name=\u00bbPrimera comuni\u00f3n \u2013 Sermones de la misi\u00f3n \u2013 Don Calosso \u2013 Escuela de Morialdo\u00bb disabled_on=\u00bbon|on|on\u00bb admin_label=\u00bbAudio &#8211; D\u00eda 2&#8243; _builder_version=\u00bb4.16&#8243; _module_preset=\u00bbdefault\u00bb disabled=\u00bbon\u00bb global_colors_info=\u00bb{}\u00bb][\/et_pb_audio][et_pb_audio audio=\u00bbhttp:\/\/www.salesianos.edu\/familiasalesiana\/wp-content\/uploads\/sites\/5\/2020\/12\/Dia-3.mp3&#8243; title=\u00bb3 de enero\u00bb disabled_on=\u00bbon|on|on\u00bb admin_label=\u00bbAudio &#8211; D\u00eda 3&#8243; _builder_version=\u00bb4.16&#8243; _module_preset=\u00bbdefault\u00bb disabled=\u00bbon\u00bb global_colors_info=\u00bb{}\u00bb][\/et_pb_audio][et_pb_audio audio=\u00bbhttp:\/\/www.salesianos.edu\/familiasalesiana\/wp-content\/uploads\/sites\/5\/2020\/12\/Di\u0301a-4.ogg\u00bb title=\u00bb4 de enero\u00bb disabled_on=\u00bbon|on|on\u00bb _builder_version=\u00bb4.16&#8243; _module_preset=\u00bbdefault\u00bb disabled=\u00bbon\u00bb locked=\u00bboff\u00bb global_colors_info=\u00bb{}\u00bb][\/et_pb_audio][et_pb_audio audio=\u00bbhttp:\/\/www.salesianos.edu\/familiasalesiana\/wp-content\/uploads\/sites\/5\/2020\/12\/Di\u0301a-5-.mp3&#8243; title=\u00bb5 de enero\u00bb disabled_on=\u00bbon|on|on\u00bb _builder_version=\u00bb4.16&#8243; _module_preset=\u00bbdefault\u00bb disabled=\u00bbon\u00bb locked=\u00bboff\u00bb global_colors_info=\u00bb{}\u00bb][\/et_pb_audio][et_pb_audio audio=\u00bbhttp:\/\/www.salesianos.edu\/familiasalesiana\/wp-content\/uploads\/sites\/5\/2020\/12\/Di\u0301a-7-parte-1.mp3&#8243; title=\u00bb7 de enero &#8211; parte 1&#8243; disabled_on=\u00bbon|on|on\u00bb _builder_version=\u00bb4.16&#8243; _module_preset=\u00bbdefault\u00bb disabled=\u00bbon\u00bb locked=\u00bboff\u00bb global_colors_info=\u00bb{}\u00bb][\/et_pb_audio][et_pb_audio audio=\u00bbhttp:\/\/www.salesianos.edu\/familiasalesiana\/wp-content\/uploads\/sites\/5\/2020\/12\/Di\u0301a-7-parte-2.mp3&#8243; title=\u00bb7 de enero &#8211; parte 2&#8243; disabled_on=\u00bbon|on|on\u00bb _builder_version=\u00bb4.16&#8243; _module_preset=\u00bbdefault\u00bb disabled=\u00bbon\u00bb locked=\u00bboff\u00bb global_colors_info=\u00bb{}\u00bb][\/et_pb_audio][et_pb_audio audio=\u00bbhttp:\/\/www.salesianos.edu\/familiasalesiana\/wp-content\/uploads\/sites\/5\/2020\/12\/Di\u0301a-8-parte-1-online-audio-converter.com_.mp3&#8243; title=\u00bb8 de enero &#8211; parte 1&#8243; disabled_on=\u00bbon|on|on\u00bb _builder_version=\u00bb4.16&#8243; _module_preset=\u00bbdefault\u00bb disabled=\u00bbon\u00bb locked=\u00bboff\u00bb global_colors_info=\u00bb{}\u00bb][\/et_pb_audio][et_pb_audio audio=\u00bbhttp:\/\/www.salesianos.edu\/familiasalesiana\/wp-content\/uploads\/sites\/5\/2020\/12\/Di\u0301a-8-parte-2.ogg\u00bb title=\u00bb8 de enero &#8211; parte 2&#8243; disabled_on=\u00bbon|on|on\u00bb _builder_version=\u00bb4.16&#8243; _module_preset=\u00bbdefault\u00bb disabled=\u00bbon\u00bb locked=\u00bboff\u00bb global_colors_info=\u00bb{}\u00bb][\/et_pb_audio][et_pb_audio audio=\u00bbhttp:\/\/www.salesianos.edu\/familiasalesiana\/wp-content\/uploads\/sites\/5\/2020\/12\/9-de-enero-parte-1.mp3&#8243; title=\u00bb9 de enero &#8211; parte 1&#8243; disabled_on=\u00bbon|on|on\u00bb _builder_version=\u00bb4.16&#8243; _module_preset=\u00bbdefault\u00bb disabled=\u00bbon\u00bb locked=\u00bboff\u00bb global_colors_info=\u00bb{}\u00bb][\/et_pb_audio][et_pb_audio audio=\u00bbhttp:\/\/www.salesianos.edu\/familiasalesiana\/wp-content\/uploads\/sites\/5\/2020\/12\/9-de-enero-parte-2.mp3&#8243; title=\u00bb9 de enero &#8211; parte 2&#8243; disabled_on=\u00bbon|on|on\u00bb _builder_version=\u00bb4.16&#8243; _module_preset=\u00bbdefault\u00bb disabled=\u00bbon\u00bb locked=\u00bboff\u00bb global_colors_info=\u00bb{}\u00bb][\/et_pb_audio][et_pb_audio audio=\u00bbhttp:\/\/www.salesianos.edu\/familiasalesiana\/wp-content\/uploads\/sites\/5\/2020\/12\/di\u0301a-10.ogg\u00bb title=\u00bb10 de enero\u00bb disabled_on=\u00bbon|on|on\u00bb _builder_version=\u00bb4.16&#8243; _module_preset=\u00bbdefault\u00bb disabled=\u00bbon\u00bb locked=\u00bboff\u00bb global_colors_info=\u00bb{}\u00bb][\/et_pb_audio][et_pb_audio audio=\u00bbhttp:\/\/www.salesianos.edu\/familiasalesiana\/wp-content\/uploads\/sites\/5\/2020\/12\/di\u0301a-11.ogg\u00bb title=\u00bb11 de enero\u00bb disabled_on=\u00bbon|on|on\u00bb _builder_version=\u00bb4.16&#8243; _module_preset=\u00bbdefault\u00bb disabled=\u00bbon\u00bb locked=\u00bboff\u00bb global_colors_info=\u00bb{}\u00bb][\/et_pb_audio][et_pb_audio audio=\u00bbhttp:\/\/www.salesianos.edu\/familiasalesiana\/wp-content\/uploads\/sites\/5\/2020\/12\/di\u0301a-12.ogg\u00bb title=\u00bb12 de enero\u00bb disabled_on=\u00bbon|on|on\u00bb _builder_version=\u00bb4.16&#8243; _module_preset=\u00bbdefault\u00bb disabled=\u00bbon\u00bb locked=\u00bboff\u00bb global_colors_info=\u00bb{}\u00bb][\/et_pb_audio][et_pb_audio audio=\u00bbhttp:\/\/www.salesianos.edu\/familiasalesiana\/wp-content\/uploads\/sites\/5\/2020\/12\/di\u0301a-13.mp3&#8243; title=\u00bb13 de enero\u00bb disabled_on=\u00bbon|on|on\u00bb _builder_version=\u00bb4.16&#8243; _module_preset=\u00bbdefault\u00bb disabled=\u00bbon\u00bb locked=\u00bboff\u00bb global_colors_info=\u00bb{}\u00bb][\/et_pb_audio][et_pb_audio audio=\u00bbhttp:\/\/www.salesianos.edu\/familiasalesiana\/wp-content\/uploads\/sites\/5\/2020\/12\/di\u0301a-14.mp3&#8243; title=\u00bb14 de enero\u00bb disabled_on=\u00bbon|on|on\u00bb admin_label=\u00bbAudio &#8211; D\u00eda 14&#8243; _builder_version=\u00bb4.19.4&#8243; _module_preset=\u00bbdefault\u00bb disabled=\u00bbon\u00bb locked=\u00bboff\u00bb global_colors_info=\u00bb{}\u00bb][\/et_pb_audio][et_pb_audio audio=\u00bbhttp:\/\/www.salesianos.edu\/familiasalesiana\/wp-content\/uploads\/sites\/5\/2020\/12\/di\u0301a-15.mp3&#8243; title=\u00bb15 de enero\u00bb disabled_on=\u00bbon|on|on\u00bb admin_label=\u00bbAudio &#8211; D\u00eda 15&#8243; _builder_version=\u00bb4.16&#8243; _module_preset=\u00bbdefault\u00bb disabled=\u00bbon\u00bb locked=\u00bboff\u00bb global_colors_info=\u00bb{}\u00bb][\/et_pb_audio][et_pb_audio audio=\u00bbhttp:\/\/www.salesianos.edu\/familiasalesiana\/wp-content\/uploads\/sites\/5\/2023\/01\/16-de-enero.mp3&#8243; title=\u00bb16 de enero\u00bb disabled_on=\u00bboff|off|off\u00bb admin_label=\u00bbAudio &#8211; D\u00eda 16&#8243; _builder_version=\u00bb4.19.4&#8243; _module_preset=\u00bbdefault\u00bb locked=\u00bboff\u00bb global_colors_info=\u00bb{}\u00bb][\/et_pb_audio][et_pb_audio audio=\u00bbhttp:\/\/www.salesianos.edu\/familiasalesiana\/wp-content\/uploads\/sites\/5\/2023\/01\/Audio-17.mp3&#8243; title=\u00bb17 de enero\u00bb disabled_on=\u00bboff|off|off\u00bb admin_label=\u00bbAudio &#8211; D\u00eda 17&#8243; _builder_version=\u00bb4.19.4&#8243; _module_preset=\u00bbdefault\u00bb locked=\u00bboff\u00bb global_colors_info=\u00bb{}\u00bb][\/et_pb_audio][et_pb_audio audio=\u00bbhttp:\/\/www.salesianos.edu\/familiasalesiana\/wp-content\/uploads\/sites\/5\/2023\/01\/Audio-18.mp3&#8243; title=\u00bb18 de enero\u00bb disabled_on=\u00bboff|off|off\u00bb admin_label=\u00bbAudio &#8211; D\u00eda 18&#8243; _builder_version=\u00bb4.19.4&#8243; _module_preset=\u00bbdefault\u00bb locked=\u00bboff\u00bb global_colors_info=\u00bb{}\u00bb][\/et_pb_audio][et_pb_audio audio=\u00bbhttp:\/\/www.salesianos.edu\/familiasalesiana\/wp-content\/uploads\/sites\/5\/2023\/01\/19-enero.mp3&#8243; title=\u00bb19 de enero\u00bb disabled_on=\u00bboff|off|off\u00bb admin_label=\u00bbAudio &#8211; D\u00eda 19&#8243; _builder_version=\u00bb4.19.4&#8243; _module_preset=\u00bbdefault\u00bb locked=\u00bboff\u00bb global_colors_info=\u00bb{}\u00bb][\/et_pb_audio][et_pb_audio audio=\u00bbhttp:\/\/www.salesianos.edu\/familiasalesiana\/wp-content\/uploads\/sites\/5\/2023\/01\/20-de-enero.mp3&#8243; title=\u00bb20 de enero\u00bb disabled_on=\u00bboff|off|off\u00bb admin_label=\u00bbAudio &#8211; D\u00eda 20&#8243; _builder_version=\u00bb4.19.4&#8243; _module_preset=\u00bbdefault\u00bb locked=\u00bboff\u00bb global_colors_info=\u00bb{}\u00bb][\/et_pb_audio][et_pb_audio audio=\u00bbhttp:\/\/www.salesianos.edu\/familiasalesiana\/wp-content\/uploads\/sites\/5\/2023\/01\/21-de-enero.mp3&#8243; title=\u00bb21 de enero\u00bb disabled_on=\u00bboff|off|off\u00bb admin_label=\u00bbAudio &#8211; D\u00eda 21&#8243; _builder_version=\u00bb4.19.4&#8243; _module_preset=\u00bbdefault\u00bb locked=\u00bboff\u00bb global_colors_info=\u00bb{}\u00bb][\/et_pb_audio][et_pb_audio audio=\u00bbhttp:\/\/www.salesianos.edu\/familiasalesiana\/wp-content\/uploads\/sites\/5\/2023\/01\/22-de-enero.mp3&#8243; title=\u00bb22 de enero\u00bb disabled_on=\u00bboff|off|off\u00bb admin_label=\u00bbAudio &#8211; D\u00eda 22&#8243; _builder_version=\u00bb4.19.4&#8243; _module_preset=\u00bbdefault\u00bb locked=\u00bboff\u00bb global_colors_info=\u00bb{}\u00bb][\/et_pb_audio][et_pb_audio audio=\u00bbhttp:\/\/www.salesianos.edu\/familiasalesiana\/wp-content\/uploads\/sites\/5\/2023\/01\/23-de-enero.mp3&#8243; title=\u00bb23 de enero\u00bb disabled_on=\u00bboff|off|off\u00bb admin_label=\u00bbAudio &#8211; D\u00eda 23&#8243; _builder_version=\u00bb4.19.4&#8243; _module_preset=\u00bbdefault\u00bb locked=\u00bboff\u00bb global_colors_info=\u00bb{}\u00bb][\/et_pb_audio][et_pb_audio audio=\u00bbhttp:\/\/www.salesianos.edu\/familiasalesiana\/wp-content\/uploads\/sites\/5\/2023\/01\/24-de-enero.mp3&#8243; title=\u00bb24 de enero\u00bb disabled_on=\u00bboff|off|off\u00bb admin_label=\u00bbAudio &#8211; D\u00eda 24&#8243; _builder_version=\u00bb4.19.4&#8243; _module_preset=\u00bbdefault\u00bb locked=\u00bboff\u00bb global_colors_info=\u00bb{}\u00bb][\/et_pb_audio][et_pb_audio audio=\u00bbhttp:\/\/www.salesianos.edu\/familiasalesiana\/wp-content\/uploads\/sites\/5\/2023\/01\/25-de-enero-1.mp3&#8243; title=\u00bb25 de enero\u00bb disabled_on=\u00bboff|off|off\u00bb admin_label=\u00bbAudio &#8211; D\u00eda 25&#8243; _builder_version=\u00bb4.19.4&#8243; _module_preset=\u00bbdefault\u00bb locked=\u00bboff\u00bb global_colors_info=\u00bb{}\u00bb][\/et_pb_audio][et_pb_audio audio=\u00bbhttp:\/\/www.salesianos.edu\/familiasalesiana\/wp-content\/uploads\/sites\/5\/2023\/01\/27-de-enero.mp3&#8243; title=\u00bb26 de enero\u00bb disabled_on=\u00bboff|off|off\u00bb admin_label=\u00bbAudio &#8211; D\u00eda 26&#8243; _builder_version=\u00bb4.19.4&#8243; _module_preset=\u00bbdefault\u00bb locked=\u00bboff\u00bb global_colors_info=\u00bb{}\u00bb][\/et_pb_audio][et_pb_text disabled_on=\u00bboff|off|off\u00bb admin_label=\u00bbAudio &#8211; D\u00eda 27&#8243; _builder_version=\u00bb4.16&#8243; global_colors_info=\u00bb{}\u00bb]<\/p>\n<p>Terminadas las lecturas del libro \u00abMemorias del Oratorio\u00bb escrito por Don Bosco comenzamos hasta el d\u00eda 31 las lecturas de los \u00faltimos a\u00f1os de su vida dtomadas del libro \u00abDon Bosco: Una Nueva Biograf\u00eda \u00bb de Teresio Bosco.<\/p>\n<p>Para estos \u00faltimos cinco d\u00edas de enero las voces las pondr\u00e1n personas muy cercanas y queridas por todos.<\/p>\n<p>El d\u00eda 27, sor Ana Linares, delegada para ADMA . <br data-mce-fragment=\"1\" \/>El d\u00eda 28, do\u00f1a Laura Barneto, Coordinadora Nacional de ADMA.<br data-mce-fragment=\"1\" \/>El d\u00eda 29, y coincidiendo con la lectura sobre el env\u00edo de los primeros misioneros a Argentina, do\u00f1a Norma Oviedo, Salesiana Cooperadora de la regi\u00f3n de la Patagonia.<br data-mce-fragment=\"1\" \/>El d\u00eda 30, oiremos a don Juan Manuel Melgar, Delegado para ADMA y el d\u00eda 31, don Luis Fernando \u00c1lvarez, Delegado Inspectorial de la Familia Salesiana, ser\u00e1 qui\u00e9n nos narre los \u00faltimos d\u00edas de Don Bosco entre sus salesianos.<\/p>\n<p>El Consejo Inspectorial de ADMA zona Sevilla espera que todos hayamos disfrutado de est\u00e1s lecturas tan entra\u00f1ables.\u200b<\/p>\n<p>[\/et_pb_text][et_pb_audio audio=\u00bbhttp:\/\/www.salesianos.edu\/familiasalesiana\/wp-content\/uploads\/sites\/5\/2023\/01\/28-de-enero.mp3&#8243; title=\u00bb28 de enero\u00bb disabled_on=\u00bboff|off|off\u00bb admin_label=\u00bbAudio &#8211; D\u00eda 28&#8243; _builder_version=\u00bb4.19.4&#8243; _module_preset=\u00bbdefault\u00bb locked=\u00bboff\u00bb global_colors_info=\u00bb{}\u00bb][\/et_pb_audio][et_pb_audio audio=\u00bbhttp:\/\/www.salesianos.edu\/familiasalesiana\/wp-content\/uploads\/sites\/5\/2023\/01\/29-de-enero.mp3&#8243; title=\u00bb29 de enero\u00bb disabled_on=\u00bboff|off|off\u00bb admin_label=\u00bbAudio &#8211; D\u00eda 29&#8243; _builder_version=\u00bb4.19.4&#8243; _module_preset=\u00bbdefault\u00bb link_option_url=\u00bbhttp:\/\/www.salesianos.edu\/familiasalesiana\/wp-content\/uploads\/sites\/5\/2021\/01\/WhatsApp-Audio-2021-01-29-at-11.18.57.ogg\u00bb locked=\u00bboff\u00bb global_colors_info=\u00bb{}\u00bb][\/et_pb_audio][et_pb_audio audio=\u00bbhttp:\/\/www.salesianos.edu\/familiasalesiana\/wp-content\/uploads\/sites\/5\/2023\/01\/30-de-enero.mp3&#8243; title=\u00bb30 de enero\u00bb disabled_on=\u00bboff|off|off\u00bb admin_label=\u00bbAudio &#8211; D\u00eda 30&#8243; _builder_version=\u00bb4.19.4&#8243; _module_preset=\u00bbdefault\u00bb link_option_url=\u00bbhttp:\/\/www.salesianos.edu\/familiasalesiana\/wp-content\/uploads\/sites\/5\/2021\/01\/WhatsApp-Audio-2021-01-29-at-11.18.57.ogg\u00bb locked=\u00bboff\u00bb global_colors_info=\u00bb{}\u00bb][\/et_pb_audio][et_pb_audio audio=\u00bbhttp:\/\/www.salesianos.edu\/familiasalesiana\/wp-content\/uploads\/sites\/5\/2023\/01\/31-de-enero.mp3&#8243; title=\u00bb31 de enero\u00bb disabled_on=\u00bboff|off|off\u00bb _builder_version=\u00bb4.19.4&#8243; _module_preset=\u00bbdefault\u00bb hover_enabled=\u00bb0&#8243; locked=\u00bboff\u00bb global_colors_info=\u00bb{}\u00bb admin_label=\u00bbAudio &#8211; D\u00eda 31&#8243; title_text=\u00bb31-de-enero\u00bb sticky_enabled=\u00bb0&#8243;][\/et_pb_audio][\/et_pb_column][\/et_pb_row][\/et_pb_section]<\/p>\n","protected":false},"excerpt":{"rendered":"<p>El Consejo Inspectorial de ADMA compartir\u00e1 diariamente un fragmento del libro Memorias del Oratorio durante el mes de enero.<\/p>\n","protected":false},"author":7,"featured_media":10349,"comment_status":"open","ping_status":"open","sticky":false,"template":"","format":"standard","meta":{"_et_pb_use_builder":"on","_et_pb_old_content":"","_et_gb_content_width":"","footnotes":""},"categories":[53,46,15],"tags":[],"class_list":["post-10341","post","type-post","status-publish","format-standard","has-post-thumbnail","hentry","category-adma","category-curso20-21","category-portada"],"yoast_head":"<!-- This site is optimized with the Yoast SEO plugin v27.5 - https:\/\/yoast.com\/product\/yoast-seo-wordpress\/ -->\n<title>Lecturas de enero con el Consejo Inspectorial de la Asociaci\u00f3n de Mar\u00eda Auxiliadora - Familia Salesiana<\/title>\n<meta name=\"robots\" content=\"index, follow, max-snippet:-1, max-image-preview:large, max-video-preview:-1\" \/>\n<link rel=\"canonical\" href=\"http:\/\/www.salesianos.edu\/familiasalesiana\/lecturas-de-enero-con-el-consejo-inspectorial-de-la-asociacion-de-maria-auxiliadora-2023\/\" \/>\n<meta property=\"og:locale\" content=\"es_ES\" \/>\n<meta property=\"og:type\" content=\"article\" \/>\n<meta property=\"og:title\" content=\"Lecturas de enero con el Consejo Inspectorial de la Asociaci\u00f3n de Mar\u00eda Auxiliadora - Familia Salesiana\" \/>\n<meta property=\"og:description\" content=\"El Consejo Inspectorial de ADMA compartir\u00e1 diariamente un fragmento del libro Memorias del Oratorio durante el mes de enero.\" \/>\n<meta property=\"og:url\" content=\"http:\/\/www.salesianos.edu\/familiasalesiana\/lecturas-de-enero-con-el-consejo-inspectorial-de-la-asociacion-de-maria-auxiliadora-2023\/\" \/>\n<meta property=\"og:site_name\" content=\"Familia Salesiana\" \/>\n<meta property=\"article:published_time\" content=\"2023-01-09T13:24:26+00:00\" \/>\n<meta property=\"article:modified_time\" content=\"2023-01-30T19:56:33+00:00\" \/>\n<meta property=\"og:image\" content=\"http:\/\/www.salesianos.edu\/familiasalesiana\/wp-content\/uploads\/sites\/5\/2023\/01\/Poster-Aguinaldo-2023_web_v2-1024x715.jpeg\" \/>\n\t<meta property=\"og:image:width\" content=\"1024\" \/>\n\t<meta property=\"og:image:height\" content=\"715\" \/>\n\t<meta property=\"og:image:type\" content=\"image\/jpeg\" \/>\n<meta name=\"author\" content=\"carlosmartin\" \/>\n<meta name=\"twitter:card\" content=\"summary_large_image\" \/>\n<meta name=\"twitter:label1\" content=\"Escrito por\" \/>\n\t<meta name=\"twitter:data1\" content=\"carlosmartin\" \/>\n\t<meta name=\"twitter:label2\" content=\"Tiempo de lectura\" \/>\n\t<meta name=\"twitter:data2\" content=\"4 minutos\" \/>\n<script type=\"application\/ld+json\" class=\"yoast-schema-graph\">{\"@context\":\"https:\\\/\\\/schema.org\",\"@graph\":[{\"@type\":\"Article\",\"@id\":\"http:\\\/\\\/www.salesianos.edu\\\/familiasalesiana\\\/lecturas-de-enero-con-el-consejo-inspectorial-de-la-asociacion-de-maria-auxiliadora-2023\\\/#article\",\"isPartOf\":{\"@id\":\"http:\\\/\\\/www.salesianos.edu\\\/familiasalesiana\\\/lecturas-de-enero-con-el-consejo-inspectorial-de-la-asociacion-de-maria-auxiliadora-2023\\\/\"},\"author\":{\"name\":\"carlosmartin\",\"@id\":\"http:\\\/\\\/www.salesianos.edu\\\/familiasalesiana\\\/#\\\/schema\\\/person\\\/587f0aaa0bc79792a743343715597b2e\"},\"headline\":\"Lecturas de enero con el Consejo Inspectorial de la Asociaci\u00f3n de Mar\u00eda Auxiliadora\",\"datePublished\":\"2023-01-09T13:24:26+00:00\",\"dateModified\":\"2023-01-30T19:56:33+00:00\",\"mainEntityOfPage\":{\"@id\":\"http:\\\/\\\/www.salesianos.edu\\\/familiasalesiana\\\/lecturas-de-enero-con-el-consejo-inspectorial-de-la-asociacion-de-maria-auxiliadora-2023\\\/\"},\"wordCount\":1750,\"commentCount\":1,\"image\":{\"@id\":\"http:\\\/\\\/www.salesianos.edu\\\/familiasalesiana\\\/lecturas-de-enero-con-el-consejo-inspectorial-de-la-asociacion-de-maria-auxiliadora-2023\\\/#primaryimage\"},\"thumbnailUrl\":\"https:\\\/\\\/www.salesianos.edu\\\/familiasalesiana\\\/wp-content\\\/uploads\\\/sites\\\/5\\\/2023\\\/01\\\/Poster-Aguinaldo-2023_web_v2.jpeg\",\"articleSection\":[\"ADMA\",\"Curso20-21\",\"portada\"],\"inLanguage\":\"es\",\"potentialAction\":[{\"@type\":\"CommentAction\",\"name\":\"Comment\",\"target\":[\"http:\\\/\\\/www.salesianos.edu\\\/familiasalesiana\\\/lecturas-de-enero-con-el-consejo-inspectorial-de-la-asociacion-de-maria-auxiliadora-2023\\\/#respond\"]}]},{\"@type\":\"WebPage\",\"@id\":\"http:\\\/\\\/www.salesianos.edu\\\/familiasalesiana\\\/lecturas-de-enero-con-el-consejo-inspectorial-de-la-asociacion-de-maria-auxiliadora-2023\\\/\",\"url\":\"http:\\\/\\\/www.salesianos.edu\\\/familiasalesiana\\\/lecturas-de-enero-con-el-consejo-inspectorial-de-la-asociacion-de-maria-auxiliadora-2023\\\/\",\"name\":\"Lecturas de enero con el Consejo Inspectorial de la Asociaci\u00f3n de Mar\u00eda Auxiliadora - Familia Salesiana\",\"isPartOf\":{\"@id\":\"http:\\\/\\\/www.salesianos.edu\\\/familiasalesiana\\\/#website\"},\"primaryImageOfPage\":{\"@id\":\"http:\\\/\\\/www.salesianos.edu\\\/familiasalesiana\\\/lecturas-de-enero-con-el-consejo-inspectorial-de-la-asociacion-de-maria-auxiliadora-2023\\\/#primaryimage\"},\"image\":{\"@id\":\"http:\\\/\\\/www.salesianos.edu\\\/familiasalesiana\\\/lecturas-de-enero-con-el-consejo-inspectorial-de-la-asociacion-de-maria-auxiliadora-2023\\\/#primaryimage\"},\"thumbnailUrl\":\"https:\\\/\\\/www.salesianos.edu\\\/familiasalesiana\\\/wp-content\\\/uploads\\\/sites\\\/5\\\/2023\\\/01\\\/Poster-Aguinaldo-2023_web_v2.jpeg\",\"datePublished\":\"2023-01-09T13:24:26+00:00\",\"dateModified\":\"2023-01-30T19:56:33+00:00\",\"author\":{\"@id\":\"http:\\\/\\\/www.salesianos.edu\\\/familiasalesiana\\\/#\\\/schema\\\/person\\\/587f0aaa0bc79792a743343715597b2e\"},\"breadcrumb\":{\"@id\":\"http:\\\/\\\/www.salesianos.edu\\\/familiasalesiana\\\/lecturas-de-enero-con-el-consejo-inspectorial-de-la-asociacion-de-maria-auxiliadora-2023\\\/#breadcrumb\"},\"inLanguage\":\"es\",\"potentialAction\":[{\"@type\":\"ReadAction\",\"target\":[\"http:\\\/\\\/www.salesianos.edu\\\/familiasalesiana\\\/lecturas-de-enero-con-el-consejo-inspectorial-de-la-asociacion-de-maria-auxiliadora-2023\\\/\"]}]},{\"@type\":\"ImageObject\",\"inLanguage\":\"es\",\"@id\":\"http:\\\/\\\/www.salesianos.edu\\\/familiasalesiana\\\/lecturas-de-enero-con-el-consejo-inspectorial-de-la-asociacion-de-maria-auxiliadora-2023\\\/#primaryimage\",\"url\":\"https:\\\/\\\/www.salesianos.edu\\\/familiasalesiana\\\/wp-content\\\/uploads\\\/sites\\\/5\\\/2023\\\/01\\\/Poster-Aguinaldo-2023_web_v2.jpeg\",\"contentUrl\":\"https:\\\/\\\/www.salesianos.edu\\\/familiasalesiana\\\/wp-content\\\/uploads\\\/sites\\\/5\\\/2023\\\/01\\\/Poster-Aguinaldo-2023_web_v2.jpeg\",\"width\":2149,\"height\":1500},{\"@type\":\"BreadcrumbList\",\"@id\":\"http:\\\/\\\/www.salesianos.edu\\\/familiasalesiana\\\/lecturas-de-enero-con-el-consejo-inspectorial-de-la-asociacion-de-maria-auxiliadora-2023\\\/#breadcrumb\",\"itemListElement\":[{\"@type\":\"ListItem\",\"position\":1,\"name\":\"Portada\",\"item\":\"http:\\\/\\\/www.salesianos.edu\\\/familiasalesiana\\\/\"},{\"@type\":\"ListItem\",\"position\":2,\"name\":\"Lecturas de enero con el Consejo Inspectorial de la Asociaci\u00f3n de Mar\u00eda Auxiliadora\"}]},{\"@type\":\"WebSite\",\"@id\":\"http:\\\/\\\/www.salesianos.edu\\\/familiasalesiana\\\/#website\",\"url\":\"http:\\\/\\\/www.salesianos.edu\\\/familiasalesiana\\\/\",\"name\":\"Familia Salesiana\",\"description\":\"P\u00e1gina oficial de Inspector\u00eda Salesiana Mar\u00eda Auxiliadora\",\"potentialAction\":[{\"@type\":\"SearchAction\",\"target\":{\"@type\":\"EntryPoint\",\"urlTemplate\":\"http:\\\/\\\/www.salesianos.edu\\\/familiasalesiana\\\/?s={search_term_string}\"},\"query-input\":{\"@type\":\"PropertyValueSpecification\",\"valueRequired\":true,\"valueName\":\"search_term_string\"}}],\"inLanguage\":\"es\"},{\"@type\":\"Person\",\"@id\":\"http:\\\/\\\/www.salesianos.edu\\\/familiasalesiana\\\/#\\\/schema\\\/person\\\/587f0aaa0bc79792a743343715597b2e\",\"name\":\"carlosmartin\",\"image\":{\"@type\":\"ImageObject\",\"inLanguage\":\"es\",\"@id\":\"https:\\\/\\\/secure.gravatar.com\\\/avatar\\\/068204e325b7d19936f9561f323c3c719ed6f2c2a417a8c22c60e194a8bbdb21?s=96&d=mm&r=g\",\"url\":\"https:\\\/\\\/secure.gravatar.com\\\/avatar\\\/068204e325b7d19936f9561f323c3c719ed6f2c2a417a8c22c60e194a8bbdb21?s=96&d=mm&r=g\",\"contentUrl\":\"https:\\\/\\\/secure.gravatar.com\\\/avatar\\\/068204e325b7d19936f9561f323c3c719ed6f2c2a417a8c22c60e194a8bbdb21?s=96&d=mm&r=g\",\"caption\":\"carlosmartin\"}}]}<\/script>\n<!-- \/ Yoast SEO plugin. -->","yoast_head_json":{"title":"Lecturas de enero con el Consejo Inspectorial de la Asociaci\u00f3n de Mar\u00eda Auxiliadora - Familia Salesiana","robots":{"index":"index","follow":"follow","max-snippet":"max-snippet:-1","max-image-preview":"max-image-preview:large","max-video-preview":"max-video-preview:-1"},"canonical":"http:\/\/www.salesianos.edu\/familiasalesiana\/lecturas-de-enero-con-el-consejo-inspectorial-de-la-asociacion-de-maria-auxiliadora-2023\/","og_locale":"es_ES","og_type":"article","og_title":"Lecturas de enero con el Consejo Inspectorial de la Asociaci\u00f3n de Mar\u00eda Auxiliadora - Familia Salesiana","og_description":"El Consejo Inspectorial de ADMA compartir\u00e1 diariamente un fragmento del libro Memorias del Oratorio durante el mes de enero.","og_url":"http:\/\/www.salesianos.edu\/familiasalesiana\/lecturas-de-enero-con-el-consejo-inspectorial-de-la-asociacion-de-maria-auxiliadora-2023\/","og_site_name":"Familia Salesiana","article_published_time":"2023-01-09T13:24:26+00:00","article_modified_time":"2023-01-30T19:56:33+00:00","og_image":[{"width":1024,"height":715,"url":"http:\/\/www.salesianos.edu\/familiasalesiana\/wp-content\/uploads\/sites\/5\/2023\/01\/Poster-Aguinaldo-2023_web_v2-1024x715.jpeg","type":"image\/jpeg"}],"author":"carlosmartin","twitter_card":"summary_large_image","twitter_misc":{"Escrito por":"carlosmartin","Tiempo de lectura":"4 minutos"},"schema":{"@context":"https:\/\/schema.org","@graph":[{"@type":"Article","@id":"http:\/\/www.salesianos.edu\/familiasalesiana\/lecturas-de-enero-con-el-consejo-inspectorial-de-la-asociacion-de-maria-auxiliadora-2023\/#article","isPartOf":{"@id":"http:\/\/www.salesianos.edu\/familiasalesiana\/lecturas-de-enero-con-el-consejo-inspectorial-de-la-asociacion-de-maria-auxiliadora-2023\/"},"author":{"name":"carlosmartin","@id":"http:\/\/www.salesianos.edu\/familiasalesiana\/#\/schema\/person\/587f0aaa0bc79792a743343715597b2e"},"headline":"Lecturas de enero con el Consejo Inspectorial de la Asociaci\u00f3n de Mar\u00eda Auxiliadora","datePublished":"2023-01-09T13:24:26+00:00","dateModified":"2023-01-30T19:56:33+00:00","mainEntityOfPage":{"@id":"http:\/\/www.salesianos.edu\/familiasalesiana\/lecturas-de-enero-con-el-consejo-inspectorial-de-la-asociacion-de-maria-auxiliadora-2023\/"},"wordCount":1750,"commentCount":1,"image":{"@id":"http:\/\/www.salesianos.edu\/familiasalesiana\/lecturas-de-enero-con-el-consejo-inspectorial-de-la-asociacion-de-maria-auxiliadora-2023\/#primaryimage"},"thumbnailUrl":"https:\/\/www.salesianos.edu\/familiasalesiana\/wp-content\/uploads\/sites\/5\/2023\/01\/Poster-Aguinaldo-2023_web_v2.jpeg","articleSection":["ADMA","Curso20-21","portada"],"inLanguage":"es","potentialAction":[{"@type":"CommentAction","name":"Comment","target":["http:\/\/www.salesianos.edu\/familiasalesiana\/lecturas-de-enero-con-el-consejo-inspectorial-de-la-asociacion-de-maria-auxiliadora-2023\/#respond"]}]},{"@type":"WebPage","@id":"http:\/\/www.salesianos.edu\/familiasalesiana\/lecturas-de-enero-con-el-consejo-inspectorial-de-la-asociacion-de-maria-auxiliadora-2023\/","url":"http:\/\/www.salesianos.edu\/familiasalesiana\/lecturas-de-enero-con-el-consejo-inspectorial-de-la-asociacion-de-maria-auxiliadora-2023\/","name":"Lecturas de enero con el Consejo Inspectorial de la Asociaci\u00f3n de Mar\u00eda Auxiliadora - Familia Salesiana","isPartOf":{"@id":"http:\/\/www.salesianos.edu\/familiasalesiana\/#website"},"primaryImageOfPage":{"@id":"http:\/\/www.salesianos.edu\/familiasalesiana\/lecturas-de-enero-con-el-consejo-inspectorial-de-la-asociacion-de-maria-auxiliadora-2023\/#primaryimage"},"image":{"@id":"http:\/\/www.salesianos.edu\/familiasalesiana\/lecturas-de-enero-con-el-consejo-inspectorial-de-la-asociacion-de-maria-auxiliadora-2023\/#primaryimage"},"thumbnailUrl":"https:\/\/www.salesianos.edu\/familiasalesiana\/wp-content\/uploads\/sites\/5\/2023\/01\/Poster-Aguinaldo-2023_web_v2.jpeg","datePublished":"2023-01-09T13:24:26+00:00","dateModified":"2023-01-30T19:56:33+00:00","author":{"@id":"http:\/\/www.salesianos.edu\/familiasalesiana\/#\/schema\/person\/587f0aaa0bc79792a743343715597b2e"},"breadcrumb":{"@id":"http:\/\/www.salesianos.edu\/familiasalesiana\/lecturas-de-enero-con-el-consejo-inspectorial-de-la-asociacion-de-maria-auxiliadora-2023\/#breadcrumb"},"inLanguage":"es","potentialAction":[{"@type":"ReadAction","target":["http:\/\/www.salesianos.edu\/familiasalesiana\/lecturas-de-enero-con-el-consejo-inspectorial-de-la-asociacion-de-maria-auxiliadora-2023\/"]}]},{"@type":"ImageObject","inLanguage":"es","@id":"http:\/\/www.salesianos.edu\/familiasalesiana\/lecturas-de-enero-con-el-consejo-inspectorial-de-la-asociacion-de-maria-auxiliadora-2023\/#primaryimage","url":"https:\/\/www.salesianos.edu\/familiasalesiana\/wp-content\/uploads\/sites\/5\/2023\/01\/Poster-Aguinaldo-2023_web_v2.jpeg","contentUrl":"https:\/\/www.salesianos.edu\/familiasalesiana\/wp-content\/uploads\/sites\/5\/2023\/01\/Poster-Aguinaldo-2023_web_v2.jpeg","width":2149,"height":1500},{"@type":"BreadcrumbList","@id":"http:\/\/www.salesianos.edu\/familiasalesiana\/lecturas-de-enero-con-el-consejo-inspectorial-de-la-asociacion-de-maria-auxiliadora-2023\/#breadcrumb","itemListElement":[{"@type":"ListItem","position":1,"name":"Portada","item":"http:\/\/www.salesianos.edu\/familiasalesiana\/"},{"@type":"ListItem","position":2,"name":"Lecturas de enero con el Consejo Inspectorial de la Asociaci\u00f3n de Mar\u00eda Auxiliadora"}]},{"@type":"WebSite","@id":"http:\/\/www.salesianos.edu\/familiasalesiana\/#website","url":"http:\/\/www.salesianos.edu\/familiasalesiana\/","name":"Familia Salesiana","description":"P\u00e1gina oficial de Inspector\u00eda Salesiana Mar\u00eda Auxiliadora","potentialAction":[{"@type":"SearchAction","target":{"@type":"EntryPoint","urlTemplate":"http:\/\/www.salesianos.edu\/familiasalesiana\/?s={search_term_string}"},"query-input":{"@type":"PropertyValueSpecification","valueRequired":true,"valueName":"search_term_string"}}],"inLanguage":"es"},{"@type":"Person","@id":"http:\/\/www.salesianos.edu\/familiasalesiana\/#\/schema\/person\/587f0aaa0bc79792a743343715597b2e","name":"carlosmartin","image":{"@type":"ImageObject","inLanguage":"es","@id":"https:\/\/secure.gravatar.com\/avatar\/068204e325b7d19936f9561f323c3c719ed6f2c2a417a8c22c60e194a8bbdb21?s=96&d=mm&r=g","url":"https:\/\/secure.gravatar.com\/avatar\/068204e325b7d19936f9561f323c3c719ed6f2c2a417a8c22c60e194a8bbdb21?s=96&d=mm&r=g","contentUrl":"https:\/\/secure.gravatar.com\/avatar\/068204e325b7d19936f9561f323c3c719ed6f2c2a417a8c22c60e194a8bbdb21?s=96&d=mm&r=g","caption":"carlosmartin"}}]}},"_links":{"self":[{"href":"https:\/\/www.salesianos.edu\/familiasalesiana\/wp-json\/wp\/v2\/posts\/10341","targetHints":{"allow":["GET"]}}],"collection":[{"href":"https:\/\/www.salesianos.edu\/familiasalesiana\/wp-json\/wp\/v2\/posts"}],"about":[{"href":"https:\/\/www.salesianos.edu\/familiasalesiana\/wp-json\/wp\/v2\/types\/post"}],"author":[{"embeddable":true,"href":"https:\/\/www.salesianos.edu\/familiasalesiana\/wp-json\/wp\/v2\/users\/7"}],"replies":[{"embeddable":true,"href":"https:\/\/www.salesianos.edu\/familiasalesiana\/wp-json\/wp\/v2\/comments?post=10341"}],"version-history":[{"count":17,"href":"https:\/\/www.salesianos.edu\/familiasalesiana\/wp-json\/wp\/v2\/posts\/10341\/revisions"}],"predecessor-version":[{"id":10395,"href":"https:\/\/www.salesianos.edu\/familiasalesiana\/wp-json\/wp\/v2\/posts\/10341\/revisions\/10395"}],"wp:featuredmedia":[{"embeddable":true,"href":"https:\/\/www.salesianos.edu\/familiasalesiana\/wp-json\/wp\/v2\/media\/10349"}],"wp:attachment":[{"href":"https:\/\/www.salesianos.edu\/familiasalesiana\/wp-json\/wp\/v2\/media?parent=10341"}],"wp:term":[{"taxonomy":"category","embeddable":true,"href":"https:\/\/www.salesianos.edu\/familiasalesiana\/wp-json\/wp\/v2\/categories?post=10341"},{"taxonomy":"post_tag","embeddable":true,"href":"https:\/\/www.salesianos.edu\/familiasalesiana\/wp-json\/wp\/v2\/tags?post=10341"}],"curies":[{"name":"wp","href":"https:\/\/api.w.org\/{rel}","templated":true}]}}