{"id":10313,"date":"2022-11-03T13:53:31","date_gmt":"2022-11-03T12:53:31","guid":{"rendered":"https:\/\/www.salesianos.edu\/familiasalesiana\/?p=10313"},"modified":"2022-11-03T21:39:50","modified_gmt":"2022-11-03T20:39:50","slug":"capitulo-general-xxiv-de-las-fma","status":"publish","type":"post","link":"https:\/\/www.salesianos.edu\/familiasalesiana\/capitulo-general-xxiv-de-las-fma\/","title":{"rendered":"Cap\u00edtulo General XXIV de las FMA"},"content":{"rendered":"<div id=\"fb-root\"><\/div>\n<p>[et_pb_section fb_built=\u00bb1&#8243; admin_label=\u00bbsection\u00bb _builder_version=\u00bb4.16&#8243; global_colors_info=\u00bb{}\u00bb][et_pb_row admin_label=\u00bbrow\u00bb _builder_version=\u00bb4.16&#8243; background_size=\u00bbinitial\u00bb background_position=\u00bbtop_left\u00bb background_repeat=\u00bbrepeat\u00bb global_colors_info=\u00bb{}\u00bb][et_pb_column type=\u00bb4_4&#8243; _builder_version=\u00bb4.16&#8243; custom_padding=\u00bb|||\u00bb global_colors_info=\u00bb{}\u00bb custom_padding__hover=\u00bb|||\u00bb][et_pb_text _builder_version=\u00bb4.18.1&#8243; _module_preset=\u00bbdefault\u00bb hover_enabled=\u00bb0&#8243; global_colors_info=\u00bb{}\u00bb sticky_enabled=\u00bb0&#8243;]<\/p>\n<div><em>Por Comunicaci\u00f3n ADMA | Sor Reyes<\/em><\/div>\n<div>\u00a0<\/div>\n<div>\u201cHaced lo que \u00c9l os diga\u201d (Jn 2,5)<br \/>Comunidades generativas de vida<br \/>en el coraz\u00f3n del mundo contempor\u00e1neo.<\/div>\n<div>\n<p>El 5 de agosto celebramos el 150 aniversario del Instituto, el camino de preparaci\u00f3n de los 150 a\u00f1os de fundaci\u00f3n del Instituto (1872\u20132022). Al mismo tiempo es una llamada a renovar la fidelidad a Jes\u00fas en la audacia misionera, para que la Familia religiosa contin\u00fae siendo en la Iglesia y en el mundo, signo de amor y de esperanza para muchos j\u00f3venes.<\/p>\n<p>El encuentro internacional en la Facultad AUXILIUM, bajo el t\u00edtulo: Contribuci\u00f3n de las Hijas de Mar\u00eda Auxiliadora a la educaci\u00f3n (1872-2022) Caminos, Desaf\u00edos, perspectivas.<\/p>\n<\/div>\n<p>[\/et_pb_text][et_pb_button button_url=\u00bbhttp:\/\/www.salesianos.edu\/familiasalesiana\/wp-content\/uploads\/sites\/5\/2022\/11\/CAPITULO-GENERAL-XXIV-DE-LAS-FMA-1.docx\u00bb button_text=\u00bbCr\u00f3nica completa en Word\u00bb _builder_version=\u00bb4.18.1&#8243; _module_preset=\u00bbdefault\u00bb global_colors_info=\u00bb{}\u00bb][\/et_pb_button][\/et_pb_column][\/et_pb_row][\/et_pb_section]<\/p>\n","protected":false},"excerpt":{"rendered":"<p>El 5 de agosto tuvo lugar la celebraci\u00f3n del 150 aniversario del Instituto, una llamada a renovar la fidelidad a Jes\u00fas en la audacia misionera, para que la Familia religiosa contin\u00fae siendo en la Iglesia y en el mundo, signo de amor y de esperanza para muchos j\u00f3venes.<\/p>\n","protected":false},"author":5,"featured_media":10319,"comment_status":"open","ping_status":"open","sticky":false,"template":"","format":"standard","meta":{"_et_pb_use_builder":"on","_et_pb_old_content":"","_et_gb_content_width":"","footnotes":""},"categories":[53,27],"tags":[],"class_list":["post-10313","post","type-post","status-publish","format-standard","has-post-thumbnail","hentry","category-adma","category-fasa"],"yoast_head":"<!-- This site is optimized with the Yoast SEO plugin v27.5 - https:\/\/yoast.com\/product\/yoast-seo-wordpress\/ -->\n<title>Cap\u00edtulo General XXIV de las FMA - Familia Salesiana<\/title>\n<meta name=\"robots\" content=\"index, follow, max-snippet:-1, max-image-preview:large, max-video-preview:-1\" \/>\n<link rel=\"canonical\" href=\"https:\/\/www.salesianos.edu\/familiasalesiana\/capitulo-general-xxiv-de-las-fma\/\" \/>\n<meta property=\"og:locale\" content=\"es_ES\" \/>\n<meta property=\"og:type\" content=\"article\" \/>\n<meta property=\"og:title\" content=\"Cap\u00edtulo General XXIV de las FMA - Familia Salesiana\" \/>\n<meta property=\"og:description\" content=\"El 5 de agosto tuvo lugar la celebraci\u00f3n del 150 aniversario del Instituto, una llamada a renovar la fidelidad a Jes\u00fas en la audacia misionera, para que la Familia religiosa contin\u00fae siendo en la Iglesia y en el mundo, signo de amor y de esperanza para muchos j\u00f3venes.\" \/>\n<meta property=\"og:url\" content=\"https:\/\/www.salesianos.edu\/familiasalesiana\/capitulo-general-xxiv-de-las-fma\/\" \/>\n<meta property=\"og:site_name\" content=\"Familia Salesiana\" \/>\n<meta property=\"article:published_time\" content=\"2022-11-03T12:53:31+00:00\" \/>\n<meta property=\"article:modified_time\" content=\"2022-11-03T20:39:50+00:00\" \/>\n<meta property=\"og:image\" content=\"https:\/\/www.salesianos.edu\/familiasalesiana\/wp-content\/uploads\/sites\/5\/2022\/11\/Capitulo-General.jpeg\" \/>\n\t<meta property=\"og:image:width\" content=\"2560\" \/>\n\t<meta property=\"og:image:height\" content=\"1473\" \/>\n\t<meta property=\"og:image:type\" content=\"image\/jpeg\" \/>\n<meta name=\"author\" content=\"martapeirat\" \/>\n<meta name=\"twitter:card\" content=\"summary_large_image\" \/>\n<meta name=\"twitter:label1\" content=\"Escrito por\" \/>\n\t<meta name=\"twitter:data1\" content=\"martapeirat\" \/>\n\t<meta name=\"twitter:label2\" content=\"Tiempo de lectura\" \/>\n\t<meta name=\"twitter:data2\" content=\"1 minuto\" \/>\n<script type=\"application\/ld+json\" class=\"yoast-schema-graph\">{\"@context\":\"https:\\\/\\\/schema.org\",\"@graph\":[{\"@type\":\"Article\",\"@id\":\"https:\\\/\\\/www.salesianos.edu\\\/familiasalesiana\\\/capitulo-general-xxiv-de-las-fma\\\/#article\",\"isPartOf\":{\"@id\":\"https:\\\/\\\/www.salesianos.edu\\\/familiasalesiana\\\/capitulo-general-xxiv-de-las-fma\\\/\"},\"author\":{\"name\":\"martapeirat\",\"@id\":\"http:\\\/\\\/www.salesianos.edu\\\/familiasalesiana\\\/#\\\/schema\\\/person\\\/20a80be1bb4e0ed82068c57facf5b237\"},\"headline\":\"Cap\u00edtulo General XXIV de las FMA\",\"datePublished\":\"2022-11-03T12:53:31+00:00\",\"dateModified\":\"2022-11-03T20:39:50+00:00\",\"mainEntityOfPage\":{\"@id\":\"https:\\\/\\\/www.salesianos.edu\\\/familiasalesiana\\\/capitulo-general-xxiv-de-las-fma\\\/\"},\"wordCount\":232,\"commentCount\":1,\"image\":{\"@id\":\"https:\\\/\\\/www.salesianos.edu\\\/familiasalesiana\\\/capitulo-general-xxiv-de-las-fma\\\/#primaryimage\"},\"thumbnailUrl\":\"https:\\\/\\\/www.salesianos.edu\\\/familiasalesiana\\\/wp-content\\\/uploads\\\/sites\\\/5\\\/2022\\\/11\\\/Capitulo-General.jpeg\",\"articleSection\":[\"ADMA\",\"Familia Salesiana\"],\"inLanguage\":\"es\",\"potentialAction\":[{\"@type\":\"CommentAction\",\"name\":\"Comment\",\"target\":[\"https:\\\/\\\/www.salesianos.edu\\\/familiasalesiana\\\/capitulo-general-xxiv-de-las-fma\\\/#respond\"]}]},{\"@type\":\"WebPage\",\"@id\":\"https:\\\/\\\/www.salesianos.edu\\\/familiasalesiana\\\/capitulo-general-xxiv-de-las-fma\\\/\",\"url\":\"https:\\\/\\\/www.salesianos.edu\\\/familiasalesiana\\\/capitulo-general-xxiv-de-las-fma\\\/\",\"name\":\"Cap\u00edtulo General XXIV de las FMA - Familia Salesiana\",\"isPartOf\":{\"@id\":\"http:\\\/\\\/www.salesianos.edu\\\/familiasalesiana\\\/#website\"},\"primaryImageOfPage\":{\"@id\":\"https:\\\/\\\/www.salesianos.edu\\\/familiasalesiana\\\/capitulo-general-xxiv-de-las-fma\\\/#primaryimage\"},\"image\":{\"@id\":\"https:\\\/\\\/www.salesianos.edu\\\/familiasalesiana\\\/capitulo-general-xxiv-de-las-fma\\\/#primaryimage\"},\"thumbnailUrl\":\"https:\\\/\\\/www.salesianos.edu\\\/familiasalesiana\\\/wp-content\\\/uploads\\\/sites\\\/5\\\/2022\\\/11\\\/Capitulo-General.jpeg\",\"datePublished\":\"2022-11-03T12:53:31+00:00\",\"dateModified\":\"2022-11-03T20:39:50+00:00\",\"author\":{\"@id\":\"http:\\\/\\\/www.salesianos.edu\\\/familiasalesiana\\\/#\\\/schema\\\/person\\\/20a80be1bb4e0ed82068c57facf5b237\"},\"breadcrumb\":{\"@id\":\"https:\\\/\\\/www.salesianos.edu\\\/familiasalesiana\\\/capitulo-general-xxiv-de-las-fma\\\/#breadcrumb\"},\"inLanguage\":\"es\",\"potentialAction\":[{\"@type\":\"ReadAction\",\"target\":[\"https:\\\/\\\/www.salesianos.edu\\\/familiasalesiana\\\/capitulo-general-xxiv-de-las-fma\\\/\"]}]},{\"@type\":\"ImageObject\",\"inLanguage\":\"es\",\"@id\":\"https:\\\/\\\/www.salesianos.edu\\\/familiasalesiana\\\/capitulo-general-xxiv-de-las-fma\\\/#primaryimage\",\"url\":\"https:\\\/\\\/www.salesianos.edu\\\/familiasalesiana\\\/wp-content\\\/uploads\\\/sites\\\/5\\\/2022\\\/11\\\/Capitulo-General.jpeg\",\"contentUrl\":\"https:\\\/\\\/www.salesianos.edu\\\/familiasalesiana\\\/wp-content\\\/uploads\\\/sites\\\/5\\\/2022\\\/11\\\/Capitulo-General.jpeg\",\"width\":2560,\"height\":1473},{\"@type\":\"BreadcrumbList\",\"@id\":\"https:\\\/\\\/www.salesianos.edu\\\/familiasalesiana\\\/capitulo-general-xxiv-de-las-fma\\\/#breadcrumb\",\"itemListElement\":[{\"@type\":\"ListItem\",\"position\":1,\"name\":\"Portada\",\"item\":\"http:\\\/\\\/www.salesianos.edu\\\/familiasalesiana\\\/\"},{\"@type\":\"ListItem\",\"position\":2,\"name\":\"Cap\u00edtulo General XXIV de las FMA\"}]},{\"@type\":\"WebSite\",\"@id\":\"http:\\\/\\\/www.salesianos.edu\\\/familiasalesiana\\\/#website\",\"url\":\"http:\\\/\\\/www.salesianos.edu\\\/familiasalesiana\\\/\",\"name\":\"Familia Salesiana\",\"description\":\"P\u00e1gina oficial de Inspector\u00eda Salesiana Mar\u00eda Auxiliadora\",\"potentialAction\":[{\"@type\":\"SearchAction\",\"target\":{\"@type\":\"EntryPoint\",\"urlTemplate\":\"http:\\\/\\\/www.salesianos.edu\\\/familiasalesiana\\\/?s={search_term_string}\"},\"query-input\":{\"@type\":\"PropertyValueSpecification\",\"valueRequired\":true,\"valueName\":\"search_term_string\"}}],\"inLanguage\":\"es\"},{\"@type\":\"Person\",\"@id\":\"http:\\\/\\\/www.salesianos.edu\\\/familiasalesiana\\\/#\\\/schema\\\/person\\\/20a80be1bb4e0ed82068c57facf5b237\",\"name\":\"martapeirat\",\"image\":{\"@type\":\"ImageObject\",\"inLanguage\":\"es\",\"@id\":\"https:\\\/\\\/secure.gravatar.com\\\/avatar\\\/1139b81b40ed1dde466563679597db378e7092bbfdd7ebb264c437fedde866d7?s=96&d=mm&r=g\",\"url\":\"https:\\\/\\\/secure.gravatar.com\\\/avatar\\\/1139b81b40ed1dde466563679597db378e7092bbfdd7ebb264c437fedde866d7?s=96&d=mm&r=g\",\"contentUrl\":\"https:\\\/\\\/secure.gravatar.com\\\/avatar\\\/1139b81b40ed1dde466563679597db378e7092bbfdd7ebb264c437fedde866d7?s=96&d=mm&r=g\",\"caption\":\"martapeirat\"}}]}<\/script>\n<!-- \/ Yoast SEO plugin. -->","yoast_head_json":{"title":"Cap\u00edtulo General XXIV de las FMA - Familia Salesiana","robots":{"index":"index","follow":"follow","max-snippet":"max-snippet:-1","max-image-preview":"max-image-preview:large","max-video-preview":"max-video-preview:-1"},"canonical":"https:\/\/www.salesianos.edu\/familiasalesiana\/capitulo-general-xxiv-de-las-fma\/","og_locale":"es_ES","og_type":"article","og_title":"Cap\u00edtulo General XXIV de las FMA - Familia Salesiana","og_description":"El 5 de agosto tuvo lugar la celebraci\u00f3n del 150 aniversario del Instituto, una llamada a renovar la fidelidad a Jes\u00fas en la audacia misionera, para que la Familia religiosa contin\u00fae siendo en la Iglesia y en el mundo, signo de amor y de esperanza para muchos j\u00f3venes.","og_url":"https:\/\/www.salesianos.edu\/familiasalesiana\/capitulo-general-xxiv-de-las-fma\/","og_site_name":"Familia Salesiana","article_published_time":"2022-11-03T12:53:31+00:00","article_modified_time":"2022-11-03T20:39:50+00:00","og_image":[{"width":2560,"height":1473,"url":"https:\/\/www.salesianos.edu\/familiasalesiana\/wp-content\/uploads\/sites\/5\/2022\/11\/Capitulo-General.jpeg","type":"image\/jpeg"}],"author":"martapeirat","twitter_card":"summary_large_image","twitter_misc":{"Escrito por":"martapeirat","Tiempo de lectura":"1 minuto"},"schema":{"@context":"https:\/\/schema.org","@graph":[{"@type":"Article","@id":"https:\/\/www.salesianos.edu\/familiasalesiana\/capitulo-general-xxiv-de-las-fma\/#article","isPartOf":{"@id":"https:\/\/www.salesianos.edu\/familiasalesiana\/capitulo-general-xxiv-de-las-fma\/"},"author":{"name":"martapeirat","@id":"http:\/\/www.salesianos.edu\/familiasalesiana\/#\/schema\/person\/20a80be1bb4e0ed82068c57facf5b237"},"headline":"Cap\u00edtulo General XXIV de las FMA","datePublished":"2022-11-03T12:53:31+00:00","dateModified":"2022-11-03T20:39:50+00:00","mainEntityOfPage":{"@id":"https:\/\/www.salesianos.edu\/familiasalesiana\/capitulo-general-xxiv-de-las-fma\/"},"wordCount":232,"commentCount":1,"image":{"@id":"https:\/\/www.salesianos.edu\/familiasalesiana\/capitulo-general-xxiv-de-las-fma\/#primaryimage"},"thumbnailUrl":"https:\/\/www.salesianos.edu\/familiasalesiana\/wp-content\/uploads\/sites\/5\/2022\/11\/Capitulo-General.jpeg","articleSection":["ADMA","Familia Salesiana"],"inLanguage":"es","potentialAction":[{"@type":"CommentAction","name":"Comment","target":["https:\/\/www.salesianos.edu\/familiasalesiana\/capitulo-general-xxiv-de-las-fma\/#respond"]}]},{"@type":"WebPage","@id":"https:\/\/www.salesianos.edu\/familiasalesiana\/capitulo-general-xxiv-de-las-fma\/","url":"https:\/\/www.salesianos.edu\/familiasalesiana\/capitulo-general-xxiv-de-las-fma\/","name":"Cap\u00edtulo General XXIV de las FMA - Familia Salesiana","isPartOf":{"@id":"http:\/\/www.salesianos.edu\/familiasalesiana\/#website"},"primaryImageOfPage":{"@id":"https:\/\/www.salesianos.edu\/familiasalesiana\/capitulo-general-xxiv-de-las-fma\/#primaryimage"},"image":{"@id":"https:\/\/www.salesianos.edu\/familiasalesiana\/capitulo-general-xxiv-de-las-fma\/#primaryimage"},"thumbnailUrl":"https:\/\/www.salesianos.edu\/familiasalesiana\/wp-content\/uploads\/sites\/5\/2022\/11\/Capitulo-General.jpeg","datePublished":"2022-11-03T12:53:31+00:00","dateModified":"2022-11-03T20:39:50+00:00","author":{"@id":"http:\/\/www.salesianos.edu\/familiasalesiana\/#\/schema\/person\/20a80be1bb4e0ed82068c57facf5b237"},"breadcrumb":{"@id":"https:\/\/www.salesianos.edu\/familiasalesiana\/capitulo-general-xxiv-de-las-fma\/#breadcrumb"},"inLanguage":"es","potentialAction":[{"@type":"ReadAction","target":["https:\/\/www.salesianos.edu\/familiasalesiana\/capitulo-general-xxiv-de-las-fma\/"]}]},{"@type":"ImageObject","inLanguage":"es","@id":"https:\/\/www.salesianos.edu\/familiasalesiana\/capitulo-general-xxiv-de-las-fma\/#primaryimage","url":"https:\/\/www.salesianos.edu\/familiasalesiana\/wp-content\/uploads\/sites\/5\/2022\/11\/Capitulo-General.jpeg","contentUrl":"https:\/\/www.salesianos.edu\/familiasalesiana\/wp-content\/uploads\/sites\/5\/2022\/11\/Capitulo-General.jpeg","width":2560,"height":1473},{"@type":"BreadcrumbList","@id":"https:\/\/www.salesianos.edu\/familiasalesiana\/capitulo-general-xxiv-de-las-fma\/#breadcrumb","itemListElement":[{"@type":"ListItem","position":1,"name":"Portada","item":"http:\/\/www.salesianos.edu\/familiasalesiana\/"},{"@type":"ListItem","position":2,"name":"Cap\u00edtulo General XXIV de las FMA"}]},{"@type":"WebSite","@id":"http:\/\/www.salesianos.edu\/familiasalesiana\/#website","url":"http:\/\/www.salesianos.edu\/familiasalesiana\/","name":"Familia Salesiana","description":"P\u00e1gina oficial de Inspector\u00eda Salesiana Mar\u00eda Auxiliadora","potentialAction":[{"@type":"SearchAction","target":{"@type":"EntryPoint","urlTemplate":"http:\/\/www.salesianos.edu\/familiasalesiana\/?s={search_term_string}"},"query-input":{"@type":"PropertyValueSpecification","valueRequired":true,"valueName":"search_term_string"}}],"inLanguage":"es"},{"@type":"Person","@id":"http:\/\/www.salesianos.edu\/familiasalesiana\/#\/schema\/person\/20a80be1bb4e0ed82068c57facf5b237","name":"martapeirat","image":{"@type":"ImageObject","inLanguage":"es","@id":"https:\/\/secure.gravatar.com\/avatar\/1139b81b40ed1dde466563679597db378e7092bbfdd7ebb264c437fedde866d7?s=96&d=mm&r=g","url":"https:\/\/secure.gravatar.com\/avatar\/1139b81b40ed1dde466563679597db378e7092bbfdd7ebb264c437fedde866d7?s=96&d=mm&r=g","contentUrl":"https:\/\/secure.gravatar.com\/avatar\/1139b81b40ed1dde466563679597db378e7092bbfdd7ebb264c437fedde866d7?s=96&d=mm&r=g","caption":"martapeirat"}}]}},"_links":{"self":[{"href":"https:\/\/www.salesianos.edu\/familiasalesiana\/wp-json\/wp\/v2\/posts\/10313","targetHints":{"allow":["GET"]}}],"collection":[{"href":"https:\/\/www.salesianos.edu\/familiasalesiana\/wp-json\/wp\/v2\/posts"}],"about":[{"href":"https:\/\/www.salesianos.edu\/familiasalesiana\/wp-json\/wp\/v2\/types\/post"}],"author":[{"embeddable":true,"href":"https:\/\/www.salesianos.edu\/familiasalesiana\/wp-json\/wp\/v2\/users\/5"}],"replies":[{"embeddable":true,"href":"https:\/\/www.salesianos.edu\/familiasalesiana\/wp-json\/wp\/v2\/comments?post=10313"}],"version-history":[{"count":4,"href":"https:\/\/www.salesianos.edu\/familiasalesiana\/wp-json\/wp\/v2\/posts\/10313\/revisions"}],"predecessor-version":[{"id":10335,"href":"https:\/\/www.salesianos.edu\/familiasalesiana\/wp-json\/wp\/v2\/posts\/10313\/revisions\/10335"}],"wp:featuredmedia":[{"embeddable":true,"href":"https:\/\/www.salesianos.edu\/familiasalesiana\/wp-json\/wp\/v2\/media\/10319"}],"wp:attachment":[{"href":"https:\/\/www.salesianos.edu\/familiasalesiana\/wp-json\/wp\/v2\/media?parent=10313"}],"wp:term":[{"taxonomy":"category","embeddable":true,"href":"https:\/\/www.salesianos.edu\/familiasalesiana\/wp-json\/wp\/v2\/categories?post=10313"},{"taxonomy":"post_tag","embeddable":true,"href":"https:\/\/www.salesianos.edu\/familiasalesiana\/wp-json\/wp\/v2\/tags?post=10313"}],"curies":[{"name":"wp","href":"https:\/\/api.w.org\/{rel}","templated":true}]}}