{"id":10304,"date":"2022-11-03T13:46:15","date_gmt":"2022-11-03T12:46:15","guid":{"rendered":"https:\/\/www.salesianos.edu\/familiasalesiana\/?p=10304"},"modified":"2022-11-03T18:39:14","modified_gmt":"2022-11-03T17:39:14","slug":"la-asamblea-general-extraordinaria-de-adma-celebra-las-elecciones-del-nuevo-consejo-adma","status":"publish","type":"post","link":"https:\/\/www.salesianos.edu\/familiasalesiana\/la-asamblea-general-extraordinaria-de-adma-celebra-las-elecciones-del-nuevo-consejo-adma\/","title":{"rendered":"La Asamblea General Extraordinaria de ADMA celebra las elecciones del nuevo Consejo ADMA"},"content":{"rendered":"<div id=\"fb-root\"><\/div>\n<p>[et_pb_section fb_built=\u00bb1&#8243; admin_label=\u00bbsection\u00bb _builder_version=\u00bb4.16&#8243; global_colors_info=\u00bb{}\u00bb][et_pb_row admin_label=\u00bbrow\u00bb _builder_version=\u00bb4.16&#8243; background_size=\u00bbinitial\u00bb background_position=\u00bbtop_left\u00bb background_repeat=\u00bbrepeat\u00bb global_colors_info=\u00bb{}\u00bb][et_pb_column type=\u00bb4_4&#8243; _builder_version=\u00bb4.16&#8243; custom_padding=\u00bb|||\u00bb global_colors_info=\u00bb{}\u00bb custom_padding__hover=\u00bb|||\u00bb][et_pb_text _builder_version=\u00bb4.18.1&#8243; _module_preset=\u00bbdefault\u00bb hover_enabled=\u00bb0&#8243; sticky_enabled=\u00bb0&#8243;]<\/p>\n<div><em><b>Por Comunicaci\u00f3n ADMA<\/b><\/em><\/div>\n<div>\u00a0<\/div>\n<div>\n<p>En el marco de los encuentros locales de la Familia Salesiana, tuvo lugar la Asamblea General \u00a0Extraordinaria de ADMA en la que se celebraron elecciones del nuevo Consejo ADMA zona Sur, el 8 de septiembre de 2022, en el Colegio Salesiano de la Sant\u00edsima Trinidad.<\/p>\n<p>Estuvo presente el Consejo Inspectorial de ADMA zona Sur, el cual presentaba de nuevo su candidatura para ser reelegidos.<\/p>\n<p>Las Asociaciones de Mar\u00eda Auxiliadora representadas por su presidente\/a o vicepresidente\/a \u00a0que asistieron fueron las siguientes:<br \/>\u2022 Antequera: D\u00f1a. Virtudes P\u00e9rez Romero<br \/>\u2022 Palma del R\u00edo: D\u00f1a. M\u00aa del Carmen Jim\u00e9nez L\u00f3pez<br \/>\u2022 C\u00f3rdoba San F\u00ba de Sales: D\u00f1a. Ana Ram\u00edrez Sosa<br \/>\u2022 Montilla: D\u00f1a. M\u00aa Auxiliadora Ord\u00f3\u00f1ez Vallejo<br \/>\u2022 Triana: D\u00f1a. M\u00aa Jos\u00e9 Saavedra Garc\u00eda<br \/>\u2022 Trinidad: D. Manuel Jim\u00e9nez \u00c1vila<br \/>\u2022 Nervi\u00f3n: D. Rafael Hidalgo Escobar<br \/>\u2022 San juan de \u00c1vila: D\u00f1a. Nuria Guajardo-Fajardo Herrera<br \/>\u2022 M\u00e9rida Colegio: D. Jorge Campo Ben\u00e9itez<br \/>\u2022 Linares : D\u00f1a. Loli Nieto (Vicepresidenta)<br \/>\u2022 Pozoblanco: D\u00f1a. Pilar Pedrajas Ruiz<br \/>\u2022 Huelva: D\u00f1a. Sergio Cabaco Garrocho<br \/>\u2022 Algeciras: D\u00f1a. Rosario S\u00e1nchez<br \/>\u2022 Rota SDB: D\u00f1a. M\u00aa Dolores Gonz\u00e1lez<br \/>\u2022 Rota FMA: D\u00f1a. Mercedes Marcos<br \/>\u2022 Jes\u00fas Obrero: D\u00f1a. Loli<br \/>\u2022 \u00c9cija: D. Julio Nieto<\/div>\n<p>[\/et_pb_text][et_pb_button _builder_version=\u00bb4.18.1&#8243; _module_preset=\u00bbdefault\u00bb button_text=\u00bbCr\u00f3nica completa en PDF\u00bb button_url=\u00bbhttp:\/\/www.salesianos.edu\/familiasalesiana\/wp-content\/uploads\/sites\/5\/2022\/11\/Acta-elecciones-Consejo-Inspectorial.pdf\u00bb hover_enabled=\u00bb0&#8243; sticky_enabled=\u00bb0&#8243;][\/et_pb_button][\/et_pb_column][\/et_pb_row][\/et_pb_section]<\/p>\n","protected":false},"excerpt":{"rendered":"<p>En el marco de los encuentros locales de la Familia Salesiana, tuvo lugar la Asamblea General  Extraordinaria de ADMA en la que se celebraron elecciones del nuevo Consejo ADMA zona Sur.<\/p>\n","protected":false},"author":5,"featured_media":10309,"comment_status":"open","ping_status":"open","sticky":false,"template":"","format":"standard","meta":{"_et_pb_use_builder":"on","_et_pb_old_content":"","_et_gb_content_width":"","footnotes":""},"categories":[53,27],"tags":[],"class_list":["post-10304","post","type-post","status-publish","format-standard","has-post-thumbnail","hentry","category-adma","category-fasa"],"yoast_head":"<!-- This site is optimized with the Yoast SEO plugin v27.5 - https:\/\/yoast.com\/product\/yoast-seo-wordpress\/ -->\n<title>La Asamblea General Extraordinaria de ADMA celebra las elecciones del nuevo Consejo ADMA - Familia Salesiana<\/title>\n<meta name=\"robots\" content=\"index, follow, max-snippet:-1, max-image-preview:large, max-video-preview:-1\" \/>\n<link rel=\"canonical\" href=\"https:\/\/www.salesianos.edu\/familiasalesiana\/la-asamblea-general-extraordinaria-de-adma-celebra-las-elecciones-del-nuevo-consejo-adma\/\" \/>\n<meta property=\"og:locale\" content=\"es_ES\" \/>\n<meta property=\"og:type\" content=\"article\" \/>\n<meta property=\"og:title\" content=\"La Asamblea General Extraordinaria de ADMA celebra las elecciones del nuevo Consejo ADMA - Familia Salesiana\" \/>\n<meta property=\"og:description\" content=\"En el marco de los encuentros locales de la Familia Salesiana, tuvo lugar la Asamblea General Extraordinaria de ADMA en la que se celebraron elecciones del nuevo Consejo ADMA zona Sur.\" \/>\n<meta property=\"og:url\" content=\"https:\/\/www.salesianos.edu\/familiasalesiana\/la-asamblea-general-extraordinaria-de-adma-celebra-las-elecciones-del-nuevo-consejo-adma\/\" \/>\n<meta property=\"og:site_name\" content=\"Familia Salesiana\" \/>\n<meta property=\"article:published_time\" content=\"2022-11-03T12:46:15+00:00\" \/>\n<meta property=\"article:modified_time\" content=\"2022-11-03T17:39:14+00:00\" \/>\n<meta property=\"og:image\" content=\"https:\/\/www.salesianos.edu\/familiasalesiana\/wp-content\/uploads\/sites\/5\/2022\/11\/ADMA-Salesianos-ACTA-ASAMBLEA.jpeg\" \/>\n\t<meta property=\"og:image:width\" content=\"796\" \/>\n\t<meta property=\"og:image:height\" content=\"448\" \/>\n\t<meta property=\"og:image:type\" content=\"image\/jpeg\" \/>\n<meta name=\"author\" content=\"martapeirat\" \/>\n<meta name=\"twitter:card\" content=\"summary_large_image\" \/>\n<meta name=\"twitter:label1\" content=\"Escrito por\" \/>\n\t<meta name=\"twitter:data1\" content=\"martapeirat\" \/>\n<script type=\"application\/ld+json\" class=\"yoast-schema-graph\">{\"@context\":\"https:\\\/\\\/schema.org\",\"@graph\":[{\"@type\":\"Article\",\"@id\":\"https:\\\/\\\/www.salesianos.edu\\\/familiasalesiana\\\/la-asamblea-general-extraordinaria-de-adma-celebra-las-elecciones-del-nuevo-consejo-adma\\\/#article\",\"isPartOf\":{\"@id\":\"https:\\\/\\\/www.salesianos.edu\\\/familiasalesiana\\\/la-asamblea-general-extraordinaria-de-adma-celebra-las-elecciones-del-nuevo-consejo-adma\\\/\"},\"author\":{\"name\":\"martapeirat\",\"@id\":\"http:\\\/\\\/www.salesianos.edu\\\/familiasalesiana\\\/#\\\/schema\\\/person\\\/20a80be1bb4e0ed82068c57facf5b237\"},\"headline\":\"La Asamblea General Extraordinaria de ADMA celebra las elecciones del nuevo Consejo ADMA\",\"datePublished\":\"2022-11-03T12:46:15+00:00\",\"dateModified\":\"2022-11-03T17:39:14+00:00\",\"mainEntityOfPage\":{\"@id\":\"https:\\\/\\\/www.salesianos.edu\\\/familiasalesiana\\\/la-asamblea-general-extraordinaria-de-adma-celebra-las-elecciones-del-nuevo-consejo-adma\\\/\"},\"wordCount\":330,\"commentCount\":0,\"image\":{\"@id\":\"https:\\\/\\\/www.salesianos.edu\\\/familiasalesiana\\\/la-asamblea-general-extraordinaria-de-adma-celebra-las-elecciones-del-nuevo-consejo-adma\\\/#primaryimage\"},\"thumbnailUrl\":\"https:\\\/\\\/www.salesianos.edu\\\/familiasalesiana\\\/wp-content\\\/uploads\\\/sites\\\/5\\\/2022\\\/11\\\/ADMA-Salesianos-ACTA-ASAMBLEA.jpeg\",\"articleSection\":[\"ADMA\",\"Familia Salesiana\"],\"inLanguage\":\"es\",\"potentialAction\":[{\"@type\":\"CommentAction\",\"name\":\"Comment\",\"target\":[\"https:\\\/\\\/www.salesianos.edu\\\/familiasalesiana\\\/la-asamblea-general-extraordinaria-de-adma-celebra-las-elecciones-del-nuevo-consejo-adma\\\/#respond\"]}]},{\"@type\":\"WebPage\",\"@id\":\"https:\\\/\\\/www.salesianos.edu\\\/familiasalesiana\\\/la-asamblea-general-extraordinaria-de-adma-celebra-las-elecciones-del-nuevo-consejo-adma\\\/\",\"url\":\"https:\\\/\\\/www.salesianos.edu\\\/familiasalesiana\\\/la-asamblea-general-extraordinaria-de-adma-celebra-las-elecciones-del-nuevo-consejo-adma\\\/\",\"name\":\"La Asamblea General Extraordinaria de ADMA celebra las elecciones del nuevo Consejo ADMA - Familia Salesiana\",\"isPartOf\":{\"@id\":\"http:\\\/\\\/www.salesianos.edu\\\/familiasalesiana\\\/#website\"},\"primaryImageOfPage\":{\"@id\":\"https:\\\/\\\/www.salesianos.edu\\\/familiasalesiana\\\/la-asamblea-general-extraordinaria-de-adma-celebra-las-elecciones-del-nuevo-consejo-adma\\\/#primaryimage\"},\"image\":{\"@id\":\"https:\\\/\\\/www.salesianos.edu\\\/familiasalesiana\\\/la-asamblea-general-extraordinaria-de-adma-celebra-las-elecciones-del-nuevo-consejo-adma\\\/#primaryimage\"},\"thumbnailUrl\":\"https:\\\/\\\/www.salesianos.edu\\\/familiasalesiana\\\/wp-content\\\/uploads\\\/sites\\\/5\\\/2022\\\/11\\\/ADMA-Salesianos-ACTA-ASAMBLEA.jpeg\",\"datePublished\":\"2022-11-03T12:46:15+00:00\",\"dateModified\":\"2022-11-03T17:39:14+00:00\",\"author\":{\"@id\":\"http:\\\/\\\/www.salesianos.edu\\\/familiasalesiana\\\/#\\\/schema\\\/person\\\/20a80be1bb4e0ed82068c57facf5b237\"},\"breadcrumb\":{\"@id\":\"https:\\\/\\\/www.salesianos.edu\\\/familiasalesiana\\\/la-asamblea-general-extraordinaria-de-adma-celebra-las-elecciones-del-nuevo-consejo-adma\\\/#breadcrumb\"},\"inLanguage\":\"es\",\"potentialAction\":[{\"@type\":\"ReadAction\",\"target\":[\"https:\\\/\\\/www.salesianos.edu\\\/familiasalesiana\\\/la-asamblea-general-extraordinaria-de-adma-celebra-las-elecciones-del-nuevo-consejo-adma\\\/\"]}]},{\"@type\":\"ImageObject\",\"inLanguage\":\"es\",\"@id\":\"https:\\\/\\\/www.salesianos.edu\\\/familiasalesiana\\\/la-asamblea-general-extraordinaria-de-adma-celebra-las-elecciones-del-nuevo-consejo-adma\\\/#primaryimage\",\"url\":\"https:\\\/\\\/www.salesianos.edu\\\/familiasalesiana\\\/wp-content\\\/uploads\\\/sites\\\/5\\\/2022\\\/11\\\/ADMA-Salesianos-ACTA-ASAMBLEA.jpeg\",\"contentUrl\":\"https:\\\/\\\/www.salesianos.edu\\\/familiasalesiana\\\/wp-content\\\/uploads\\\/sites\\\/5\\\/2022\\\/11\\\/ADMA-Salesianos-ACTA-ASAMBLEA.jpeg\",\"width\":796,\"height\":448},{\"@type\":\"BreadcrumbList\",\"@id\":\"https:\\\/\\\/www.salesianos.edu\\\/familiasalesiana\\\/la-asamblea-general-extraordinaria-de-adma-celebra-las-elecciones-del-nuevo-consejo-adma\\\/#breadcrumb\",\"itemListElement\":[{\"@type\":\"ListItem\",\"position\":1,\"name\":\"Portada\",\"item\":\"http:\\\/\\\/www.salesianos.edu\\\/familiasalesiana\\\/\"},{\"@type\":\"ListItem\",\"position\":2,\"name\":\"La Asamblea General Extraordinaria de ADMA celebra las elecciones del nuevo Consejo ADMA\"}]},{\"@type\":\"WebSite\",\"@id\":\"http:\\\/\\\/www.salesianos.edu\\\/familiasalesiana\\\/#website\",\"url\":\"http:\\\/\\\/www.salesianos.edu\\\/familiasalesiana\\\/\",\"name\":\"Familia Salesiana\",\"description\":\"P\u00e1gina oficial de Inspector\u00eda Salesiana Mar\u00eda Auxiliadora\",\"potentialAction\":[{\"@type\":\"SearchAction\",\"target\":{\"@type\":\"EntryPoint\",\"urlTemplate\":\"http:\\\/\\\/www.salesianos.edu\\\/familiasalesiana\\\/?s={search_term_string}\"},\"query-input\":{\"@type\":\"PropertyValueSpecification\",\"valueRequired\":true,\"valueName\":\"search_term_string\"}}],\"inLanguage\":\"es\"},{\"@type\":\"Person\",\"@id\":\"http:\\\/\\\/www.salesianos.edu\\\/familiasalesiana\\\/#\\\/schema\\\/person\\\/20a80be1bb4e0ed82068c57facf5b237\",\"name\":\"martapeirat\",\"image\":{\"@type\":\"ImageObject\",\"inLanguage\":\"es\",\"@id\":\"https:\\\/\\\/secure.gravatar.com\\\/avatar\\\/1139b81b40ed1dde466563679597db378e7092bbfdd7ebb264c437fedde866d7?s=96&d=mm&r=g\",\"url\":\"https:\\\/\\\/secure.gravatar.com\\\/avatar\\\/1139b81b40ed1dde466563679597db378e7092bbfdd7ebb264c437fedde866d7?s=96&d=mm&r=g\",\"contentUrl\":\"https:\\\/\\\/secure.gravatar.com\\\/avatar\\\/1139b81b40ed1dde466563679597db378e7092bbfdd7ebb264c437fedde866d7?s=96&d=mm&r=g\",\"caption\":\"martapeirat\"}}]}<\/script>\n<!-- \/ Yoast SEO plugin. -->","yoast_head_json":{"title":"La Asamblea General Extraordinaria de ADMA celebra las elecciones del nuevo Consejo ADMA - Familia Salesiana","robots":{"index":"index","follow":"follow","max-snippet":"max-snippet:-1","max-image-preview":"max-image-preview:large","max-video-preview":"max-video-preview:-1"},"canonical":"https:\/\/www.salesianos.edu\/familiasalesiana\/la-asamblea-general-extraordinaria-de-adma-celebra-las-elecciones-del-nuevo-consejo-adma\/","og_locale":"es_ES","og_type":"article","og_title":"La Asamblea General Extraordinaria de ADMA celebra las elecciones del nuevo Consejo ADMA - Familia Salesiana","og_description":"En el marco de los encuentros locales de la Familia Salesiana, tuvo lugar la Asamblea General Extraordinaria de ADMA en la que se celebraron elecciones del nuevo Consejo ADMA zona Sur.","og_url":"https:\/\/www.salesianos.edu\/familiasalesiana\/la-asamblea-general-extraordinaria-de-adma-celebra-las-elecciones-del-nuevo-consejo-adma\/","og_site_name":"Familia Salesiana","article_published_time":"2022-11-03T12:46:15+00:00","article_modified_time":"2022-11-03T17:39:14+00:00","og_image":[{"width":796,"height":448,"url":"https:\/\/www.salesianos.edu\/familiasalesiana\/wp-content\/uploads\/sites\/5\/2022\/11\/ADMA-Salesianos-ACTA-ASAMBLEA.jpeg","type":"image\/jpeg"}],"author":"martapeirat","twitter_card":"summary_large_image","twitter_misc":{"Escrito por":"martapeirat"},"schema":{"@context":"https:\/\/schema.org","@graph":[{"@type":"Article","@id":"https:\/\/www.salesianos.edu\/familiasalesiana\/la-asamblea-general-extraordinaria-de-adma-celebra-las-elecciones-del-nuevo-consejo-adma\/#article","isPartOf":{"@id":"https:\/\/www.salesianos.edu\/familiasalesiana\/la-asamblea-general-extraordinaria-de-adma-celebra-las-elecciones-del-nuevo-consejo-adma\/"},"author":{"name":"martapeirat","@id":"http:\/\/www.salesianos.edu\/familiasalesiana\/#\/schema\/person\/20a80be1bb4e0ed82068c57facf5b237"},"headline":"La Asamblea General Extraordinaria de ADMA celebra las elecciones del nuevo Consejo ADMA","datePublished":"2022-11-03T12:46:15+00:00","dateModified":"2022-11-03T17:39:14+00:00","mainEntityOfPage":{"@id":"https:\/\/www.salesianos.edu\/familiasalesiana\/la-asamblea-general-extraordinaria-de-adma-celebra-las-elecciones-del-nuevo-consejo-adma\/"},"wordCount":330,"commentCount":0,"image":{"@id":"https:\/\/www.salesianos.edu\/familiasalesiana\/la-asamblea-general-extraordinaria-de-adma-celebra-las-elecciones-del-nuevo-consejo-adma\/#primaryimage"},"thumbnailUrl":"https:\/\/www.salesianos.edu\/familiasalesiana\/wp-content\/uploads\/sites\/5\/2022\/11\/ADMA-Salesianos-ACTA-ASAMBLEA.jpeg","articleSection":["ADMA","Familia Salesiana"],"inLanguage":"es","potentialAction":[{"@type":"CommentAction","name":"Comment","target":["https:\/\/www.salesianos.edu\/familiasalesiana\/la-asamblea-general-extraordinaria-de-adma-celebra-las-elecciones-del-nuevo-consejo-adma\/#respond"]}]},{"@type":"WebPage","@id":"https:\/\/www.salesianos.edu\/familiasalesiana\/la-asamblea-general-extraordinaria-de-adma-celebra-las-elecciones-del-nuevo-consejo-adma\/","url":"https:\/\/www.salesianos.edu\/familiasalesiana\/la-asamblea-general-extraordinaria-de-adma-celebra-las-elecciones-del-nuevo-consejo-adma\/","name":"La Asamblea General Extraordinaria de ADMA celebra las elecciones del nuevo Consejo ADMA - Familia Salesiana","isPartOf":{"@id":"http:\/\/www.salesianos.edu\/familiasalesiana\/#website"},"primaryImageOfPage":{"@id":"https:\/\/www.salesianos.edu\/familiasalesiana\/la-asamblea-general-extraordinaria-de-adma-celebra-las-elecciones-del-nuevo-consejo-adma\/#primaryimage"},"image":{"@id":"https:\/\/www.salesianos.edu\/familiasalesiana\/la-asamblea-general-extraordinaria-de-adma-celebra-las-elecciones-del-nuevo-consejo-adma\/#primaryimage"},"thumbnailUrl":"https:\/\/www.salesianos.edu\/familiasalesiana\/wp-content\/uploads\/sites\/5\/2022\/11\/ADMA-Salesianos-ACTA-ASAMBLEA.jpeg","datePublished":"2022-11-03T12:46:15+00:00","dateModified":"2022-11-03T17:39:14+00:00","author":{"@id":"http:\/\/www.salesianos.edu\/familiasalesiana\/#\/schema\/person\/20a80be1bb4e0ed82068c57facf5b237"},"breadcrumb":{"@id":"https:\/\/www.salesianos.edu\/familiasalesiana\/la-asamblea-general-extraordinaria-de-adma-celebra-las-elecciones-del-nuevo-consejo-adma\/#breadcrumb"},"inLanguage":"es","potentialAction":[{"@type":"ReadAction","target":["https:\/\/www.salesianos.edu\/familiasalesiana\/la-asamblea-general-extraordinaria-de-adma-celebra-las-elecciones-del-nuevo-consejo-adma\/"]}]},{"@type":"ImageObject","inLanguage":"es","@id":"https:\/\/www.salesianos.edu\/familiasalesiana\/la-asamblea-general-extraordinaria-de-adma-celebra-las-elecciones-del-nuevo-consejo-adma\/#primaryimage","url":"https:\/\/www.salesianos.edu\/familiasalesiana\/wp-content\/uploads\/sites\/5\/2022\/11\/ADMA-Salesianos-ACTA-ASAMBLEA.jpeg","contentUrl":"https:\/\/www.salesianos.edu\/familiasalesiana\/wp-content\/uploads\/sites\/5\/2022\/11\/ADMA-Salesianos-ACTA-ASAMBLEA.jpeg","width":796,"height":448},{"@type":"BreadcrumbList","@id":"https:\/\/www.salesianos.edu\/familiasalesiana\/la-asamblea-general-extraordinaria-de-adma-celebra-las-elecciones-del-nuevo-consejo-adma\/#breadcrumb","itemListElement":[{"@type":"ListItem","position":1,"name":"Portada","item":"http:\/\/www.salesianos.edu\/familiasalesiana\/"},{"@type":"ListItem","position":2,"name":"La Asamblea General Extraordinaria de ADMA celebra las elecciones del nuevo Consejo ADMA"}]},{"@type":"WebSite","@id":"http:\/\/www.salesianos.edu\/familiasalesiana\/#website","url":"http:\/\/www.salesianos.edu\/familiasalesiana\/","name":"Familia Salesiana","description":"P\u00e1gina oficial de Inspector\u00eda Salesiana Mar\u00eda Auxiliadora","potentialAction":[{"@type":"SearchAction","target":{"@type":"EntryPoint","urlTemplate":"http:\/\/www.salesianos.edu\/familiasalesiana\/?s={search_term_string}"},"query-input":{"@type":"PropertyValueSpecification","valueRequired":true,"valueName":"search_term_string"}}],"inLanguage":"es"},{"@type":"Person","@id":"http:\/\/www.salesianos.edu\/familiasalesiana\/#\/schema\/person\/20a80be1bb4e0ed82068c57facf5b237","name":"martapeirat","image":{"@type":"ImageObject","inLanguage":"es","@id":"https:\/\/secure.gravatar.com\/avatar\/1139b81b40ed1dde466563679597db378e7092bbfdd7ebb264c437fedde866d7?s=96&d=mm&r=g","url":"https:\/\/secure.gravatar.com\/avatar\/1139b81b40ed1dde466563679597db378e7092bbfdd7ebb264c437fedde866d7?s=96&d=mm&r=g","contentUrl":"https:\/\/secure.gravatar.com\/avatar\/1139b81b40ed1dde466563679597db378e7092bbfdd7ebb264c437fedde866d7?s=96&d=mm&r=g","caption":"martapeirat"}}]}},"_links":{"self":[{"href":"https:\/\/www.salesianos.edu\/familiasalesiana\/wp-json\/wp\/v2\/posts\/10304","targetHints":{"allow":["GET"]}}],"collection":[{"href":"https:\/\/www.salesianos.edu\/familiasalesiana\/wp-json\/wp\/v2\/posts"}],"about":[{"href":"https:\/\/www.salesianos.edu\/familiasalesiana\/wp-json\/wp\/v2\/types\/post"}],"author":[{"embeddable":true,"href":"https:\/\/www.salesianos.edu\/familiasalesiana\/wp-json\/wp\/v2\/users\/5"}],"replies":[{"embeddable":true,"href":"https:\/\/www.salesianos.edu\/familiasalesiana\/wp-json\/wp\/v2\/comments?post=10304"}],"version-history":[{"count":4,"href":"https:\/\/www.salesianos.edu\/familiasalesiana\/wp-json\/wp\/v2\/posts\/10304\/revisions"}],"predecessor-version":[{"id":10312,"href":"https:\/\/www.salesianos.edu\/familiasalesiana\/wp-json\/wp\/v2\/posts\/10304\/revisions\/10312"}],"wp:featuredmedia":[{"embeddable":true,"href":"https:\/\/www.salesianos.edu\/familiasalesiana\/wp-json\/wp\/v2\/media\/10309"}],"wp:attachment":[{"href":"https:\/\/www.salesianos.edu\/familiasalesiana\/wp-json\/wp\/v2\/media?parent=10304"}],"wp:term":[{"taxonomy":"category","embeddable":true,"href":"https:\/\/www.salesianos.edu\/familiasalesiana\/wp-json\/wp\/v2\/categories?post=10304"},{"taxonomy":"post_tag","embeddable":true,"href":"https:\/\/www.salesianos.edu\/familiasalesiana\/wp-json\/wp\/v2\/tags?post=10304"}],"curies":[{"name":"wp","href":"https:\/\/api.w.org\/{rel}","templated":true}]}}