{"id":10288,"date":"2022-06-06T10:35:00","date_gmt":"2022-06-06T09:35:00","guid":{"rendered":"https:\/\/www.salesianos.edu\/familiasalesiana\/?p=10288"},"modified":"2022-06-06T10:35:29","modified_gmt":"2022-06-06T09:35:29","slug":"cooperadores-diocesa","status":"publish","type":"post","link":"https:\/\/www.salesianos.edu\/familiasalesiana\/cooperadores-diocesa\/","title":{"rendered":"La asociaci\u00f3n de Salesianos Cooperadores en la fase diocesana del S\u00ednodo de los obispos sobre la sinodalidad"},"content":{"rendered":"<div id=\"fb-root\"><\/div>\n<p>[et_pb_section fb_built=\u00bb1&#8243; admin_label=\u00bbsection\u00bb _builder_version=\u00bb4.16&#8243; global_colors_info=\u00bb{}\u00bb][et_pb_row admin_label=\u00bbrow\u00bb _builder_version=\u00bb4.16&#8243; background_size=\u00bbinitial\u00bb background_position=\u00bbtop_left\u00bb background_repeat=\u00bbrepeat\u00bb global_colors_info=\u00bb{}\u00bb][et_pb_column type=\u00bb4_4&#8243; _builder_version=\u00bb4.16&#8243; custom_padding=\u00bb|||\u00bb global_colors_info=\u00bb{}\u00bb custom_padding__hover=\u00bb|||\u00bb][et_pb_text _builder_version=\u00bb4.17.4&#8243; _module_preset=\u00bbdefault\u00bb global_colors_info=\u00bb{}\u00bb]<\/p>\n<div class=\"itemIntroText\">\n<p>Un grupo de Salesianos y Salesianas Cooperadores participaron en la Vigilia de Pentecost\u00e9s, unidos a la Iglesia local de Sevilla, presidida por su Arzobispo, con todos los responsables de la organizaci\u00f3n de la fase diocesana del s\u00ednodo de Obispos. El grupo representaba solo a una parte de quienes han trabajado en el S\u00ednodo. Les acompa\u00f1aba S. Mar\u00eda Reyes Ruiz Mateos y Luis Fernando \u00c1lvarez.<\/p>\n<\/div>\n<p>[\/et_pb_text][et_pb_button button_url=\u00bbhttp:\/\/www.salesianos.edu\/familiasalesiana\/wp-content\/uploads\/sites\/5\/2022\/06\/Si\u0301ntesis-Fase-diocesana-04-06-2022.pdf\u00bb button_text=\u00bbSi\u0301ntesis Fase diocesana\u00bb _builder_version=\u00bb4.17.4&#8243; _module_preset=\u00bbdefault\u00bb global_colors_info=\u00bb{}\u00bb][\/et_pb_button][et_pb_gallery gallery_ids=\u00bb10293,10291,10290&#8243; _builder_version=\u00bb4.17.4&#8243; _module_preset=\u00bbdefault\u00bb global_colors_info=\u00bb{}\u00bb][\/et_pb_gallery][\/et_pb_column][\/et_pb_row][\/et_pb_section]<\/p>\n","protected":false},"excerpt":{"rendered":"<p>Un grupo de Salesianos y Salesianas Cooperadores participaron en la Vigilia de Pentecost\u00e9s, unidos a la Iglesia local de Sevilla, presidida por su Arzobispo, con todos los responsables de la organizaci\u00f3n de la fase diocesana del s\u00ednodo de Obispos. El grupo representaba  solo a una parte de quienes han trabajado en el S\u00ednodo. Les acompa\u00f1aba S. Mar\u00eda Reyes Ruiz Mateos y Luis Fernando \u00c1lvarez.<\/p>\n","protected":false},"author":7,"featured_media":10291,"comment_status":"open","ping_status":"open","sticky":false,"template":"","format":"standard","meta":{"_et_pb_use_builder":"on","_et_pb_old_content":"","_et_gb_content_width":"","footnotes":""},"categories":[55],"tags":[],"class_list":["post-10288","post","type-post","status-publish","format-standard","has-post-thumbnail","hentry","category-sscc"],"yoast_head":"<!-- This site is optimized with the Yoast SEO plugin v27.5 - https:\/\/yoast.com\/product\/yoast-seo-wordpress\/ -->\n<title>La asociaci\u00f3n de Salesianos Cooperadores en la fase diocesana del S\u00ednodo de los obispos sobre la sinodalidad - Familia Salesiana<\/title>\n<meta name=\"robots\" content=\"index, follow, max-snippet:-1, max-image-preview:large, max-video-preview:-1\" \/>\n<link rel=\"canonical\" href=\"https:\/\/www.salesianos.edu\/familiasalesiana\/cooperadores-diocesa\/\" \/>\n<meta property=\"og:locale\" content=\"es_ES\" \/>\n<meta property=\"og:type\" content=\"article\" \/>\n<meta property=\"og:title\" content=\"La asociaci\u00f3n de Salesianos Cooperadores en la fase diocesana del S\u00ednodo de los obispos sobre la sinodalidad - Familia Salesiana\" \/>\n<meta property=\"og:description\" content=\"Un grupo de Salesianos y Salesianas Cooperadores participaron en la Vigilia de Pentecost\u00e9s, unidos a la Iglesia local de Sevilla, presidida por su Arzobispo, con todos los responsables de la organizaci\u00f3n de la fase diocesana del s\u00ednodo de Obispos. El grupo representaba solo a una parte de quienes han trabajado en el S\u00ednodo. Les acompa\u00f1aba S. Mar\u00eda Reyes Ruiz Mateos y Luis Fernando \u00c1lvarez.\" \/>\n<meta property=\"og:url\" content=\"https:\/\/www.salesianos.edu\/familiasalesiana\/cooperadores-diocesa\/\" \/>\n<meta property=\"og:site_name\" content=\"Familia Salesiana\" \/>\n<meta property=\"article:published_time\" content=\"2022-06-06T09:35:00+00:00\" \/>\n<meta property=\"article:modified_time\" content=\"2022-06-06T09:35:29+00:00\" \/>\n<meta property=\"og:image\" content=\"https:\/\/www.salesianos.edu\/familiasalesiana\/wp-content\/uploads\/sites\/5\/2022\/06\/FamiliaSalesiana2.jpeg\" \/>\n\t<meta property=\"og:image:width\" content=\"2000\" \/>\n\t<meta property=\"og:image:height\" content=\"1500\" \/>\n\t<meta property=\"og:image:type\" content=\"image\/jpeg\" \/>\n<meta name=\"author\" content=\"carlosmartin\" \/>\n<meta name=\"twitter:card\" content=\"summary_large_image\" \/>\n<meta name=\"twitter:label1\" content=\"Escrito por\" \/>\n\t<meta name=\"twitter:data1\" content=\"carlosmartin\" \/>\n\t<meta name=\"twitter:label2\" content=\"Tiempo de lectura\" \/>\n\t<meta name=\"twitter:data2\" content=\"1 minuto\" \/>\n<script type=\"application\/ld+json\" class=\"yoast-schema-graph\">{\"@context\":\"https:\\\/\\\/schema.org\",\"@graph\":[{\"@type\":\"Article\",\"@id\":\"https:\\\/\\\/www.salesianos.edu\\\/familiasalesiana\\\/cooperadores-diocesa\\\/#article\",\"isPartOf\":{\"@id\":\"https:\\\/\\\/www.salesianos.edu\\\/familiasalesiana\\\/cooperadores-diocesa\\\/\"},\"author\":{\"name\":\"carlosmartin\",\"@id\":\"http:\\\/\\\/www.salesianos.edu\\\/familiasalesiana\\\/#\\\/schema\\\/person\\\/587f0aaa0bc79792a743343715597b2e\"},\"headline\":\"La asociaci\u00f3n de Salesianos Cooperadores en la fase diocesana del S\u00ednodo de los obispos sobre la sinodalidad\",\"datePublished\":\"2022-06-06T09:35:00+00:00\",\"dateModified\":\"2022-06-06T09:35:29+00:00\",\"mainEntityOfPage\":{\"@id\":\"https:\\\/\\\/www.salesianos.edu\\\/familiasalesiana\\\/cooperadores-diocesa\\\/\"},\"wordCount\":211,\"commentCount\":0,\"image\":{\"@id\":\"https:\\\/\\\/www.salesianos.edu\\\/familiasalesiana\\\/cooperadores-diocesa\\\/#primaryimage\"},\"thumbnailUrl\":\"https:\\\/\\\/www.salesianos.edu\\\/familiasalesiana\\\/wp-content\\\/uploads\\\/sites\\\/5\\\/2022\\\/06\\\/FamiliaSalesiana2.jpeg\",\"articleSection\":[\"SSCC\"],\"inLanguage\":\"es\",\"potentialAction\":[{\"@type\":\"CommentAction\",\"name\":\"Comment\",\"target\":[\"https:\\\/\\\/www.salesianos.edu\\\/familiasalesiana\\\/cooperadores-diocesa\\\/#respond\"]}]},{\"@type\":\"WebPage\",\"@id\":\"https:\\\/\\\/www.salesianos.edu\\\/familiasalesiana\\\/cooperadores-diocesa\\\/\",\"url\":\"https:\\\/\\\/www.salesianos.edu\\\/familiasalesiana\\\/cooperadores-diocesa\\\/\",\"name\":\"La asociaci\u00f3n de Salesianos Cooperadores en la fase diocesana del S\u00ednodo de los obispos sobre la sinodalidad - Familia Salesiana\",\"isPartOf\":{\"@id\":\"http:\\\/\\\/www.salesianos.edu\\\/familiasalesiana\\\/#website\"},\"primaryImageOfPage\":{\"@id\":\"https:\\\/\\\/www.salesianos.edu\\\/familiasalesiana\\\/cooperadores-diocesa\\\/#primaryimage\"},\"image\":{\"@id\":\"https:\\\/\\\/www.salesianos.edu\\\/familiasalesiana\\\/cooperadores-diocesa\\\/#primaryimage\"},\"thumbnailUrl\":\"https:\\\/\\\/www.salesianos.edu\\\/familiasalesiana\\\/wp-content\\\/uploads\\\/sites\\\/5\\\/2022\\\/06\\\/FamiliaSalesiana2.jpeg\",\"datePublished\":\"2022-06-06T09:35:00+00:00\",\"dateModified\":\"2022-06-06T09:35:29+00:00\",\"author\":{\"@id\":\"http:\\\/\\\/www.salesianos.edu\\\/familiasalesiana\\\/#\\\/schema\\\/person\\\/587f0aaa0bc79792a743343715597b2e\"},\"breadcrumb\":{\"@id\":\"https:\\\/\\\/www.salesianos.edu\\\/familiasalesiana\\\/cooperadores-diocesa\\\/#breadcrumb\"},\"inLanguage\":\"es\",\"potentialAction\":[{\"@type\":\"ReadAction\",\"target\":[\"https:\\\/\\\/www.salesianos.edu\\\/familiasalesiana\\\/cooperadores-diocesa\\\/\"]}]},{\"@type\":\"ImageObject\",\"inLanguage\":\"es\",\"@id\":\"https:\\\/\\\/www.salesianos.edu\\\/familiasalesiana\\\/cooperadores-diocesa\\\/#primaryimage\",\"url\":\"https:\\\/\\\/www.salesianos.edu\\\/familiasalesiana\\\/wp-content\\\/uploads\\\/sites\\\/5\\\/2022\\\/06\\\/FamiliaSalesiana2.jpeg\",\"contentUrl\":\"https:\\\/\\\/www.salesianos.edu\\\/familiasalesiana\\\/wp-content\\\/uploads\\\/sites\\\/5\\\/2022\\\/06\\\/FamiliaSalesiana2.jpeg\",\"width\":2000,\"height\":1500},{\"@type\":\"BreadcrumbList\",\"@id\":\"https:\\\/\\\/www.salesianos.edu\\\/familiasalesiana\\\/cooperadores-diocesa\\\/#breadcrumb\",\"itemListElement\":[{\"@type\":\"ListItem\",\"position\":1,\"name\":\"Portada\",\"item\":\"http:\\\/\\\/www.salesianos.edu\\\/familiasalesiana\\\/\"},{\"@type\":\"ListItem\",\"position\":2,\"name\":\"La asociaci\u00f3n de Salesianos Cooperadores en la fase diocesana del S\u00ednodo de los obispos sobre la sinodalidad\"}]},{\"@type\":\"WebSite\",\"@id\":\"http:\\\/\\\/www.salesianos.edu\\\/familiasalesiana\\\/#website\",\"url\":\"http:\\\/\\\/www.salesianos.edu\\\/familiasalesiana\\\/\",\"name\":\"Familia Salesiana\",\"description\":\"P\u00e1gina oficial de Inspector\u00eda Salesiana Mar\u00eda Auxiliadora\",\"potentialAction\":[{\"@type\":\"SearchAction\",\"target\":{\"@type\":\"EntryPoint\",\"urlTemplate\":\"http:\\\/\\\/www.salesianos.edu\\\/familiasalesiana\\\/?s={search_term_string}\"},\"query-input\":{\"@type\":\"PropertyValueSpecification\",\"valueRequired\":true,\"valueName\":\"search_term_string\"}}],\"inLanguage\":\"es\"},{\"@type\":\"Person\",\"@id\":\"http:\\\/\\\/www.salesianos.edu\\\/familiasalesiana\\\/#\\\/schema\\\/person\\\/587f0aaa0bc79792a743343715597b2e\",\"name\":\"carlosmartin\",\"image\":{\"@type\":\"ImageObject\",\"inLanguage\":\"es\",\"@id\":\"https:\\\/\\\/secure.gravatar.com\\\/avatar\\\/068204e325b7d19936f9561f323c3c719ed6f2c2a417a8c22c60e194a8bbdb21?s=96&d=mm&r=g\",\"url\":\"https:\\\/\\\/secure.gravatar.com\\\/avatar\\\/068204e325b7d19936f9561f323c3c719ed6f2c2a417a8c22c60e194a8bbdb21?s=96&d=mm&r=g\",\"contentUrl\":\"https:\\\/\\\/secure.gravatar.com\\\/avatar\\\/068204e325b7d19936f9561f323c3c719ed6f2c2a417a8c22c60e194a8bbdb21?s=96&d=mm&r=g\",\"caption\":\"carlosmartin\"}}]}<\/script>\n<!-- \/ Yoast SEO plugin. -->","yoast_head_json":{"title":"La asociaci\u00f3n de Salesianos Cooperadores en la fase diocesana del S\u00ednodo de los obispos sobre la sinodalidad - Familia Salesiana","robots":{"index":"index","follow":"follow","max-snippet":"max-snippet:-1","max-image-preview":"max-image-preview:large","max-video-preview":"max-video-preview:-1"},"canonical":"https:\/\/www.salesianos.edu\/familiasalesiana\/cooperadores-diocesa\/","og_locale":"es_ES","og_type":"article","og_title":"La asociaci\u00f3n de Salesianos Cooperadores en la fase diocesana del S\u00ednodo de los obispos sobre la sinodalidad - Familia Salesiana","og_description":"Un grupo de Salesianos y Salesianas Cooperadores participaron en la Vigilia de Pentecost\u00e9s, unidos a la Iglesia local de Sevilla, presidida por su Arzobispo, con todos los responsables de la organizaci\u00f3n de la fase diocesana del s\u00ednodo de Obispos. El grupo representaba solo a una parte de quienes han trabajado en el S\u00ednodo. Les acompa\u00f1aba S. Mar\u00eda Reyes Ruiz Mateos y Luis Fernando \u00c1lvarez.","og_url":"https:\/\/www.salesianos.edu\/familiasalesiana\/cooperadores-diocesa\/","og_site_name":"Familia Salesiana","article_published_time":"2022-06-06T09:35:00+00:00","article_modified_time":"2022-06-06T09:35:29+00:00","og_image":[{"width":2000,"height":1500,"url":"https:\/\/www.salesianos.edu\/familiasalesiana\/wp-content\/uploads\/sites\/5\/2022\/06\/FamiliaSalesiana2.jpeg","type":"image\/jpeg"}],"author":"carlosmartin","twitter_card":"summary_large_image","twitter_misc":{"Escrito por":"carlosmartin","Tiempo de lectura":"1 minuto"},"schema":{"@context":"https:\/\/schema.org","@graph":[{"@type":"Article","@id":"https:\/\/www.salesianos.edu\/familiasalesiana\/cooperadores-diocesa\/#article","isPartOf":{"@id":"https:\/\/www.salesianos.edu\/familiasalesiana\/cooperadores-diocesa\/"},"author":{"name":"carlosmartin","@id":"http:\/\/www.salesianos.edu\/familiasalesiana\/#\/schema\/person\/587f0aaa0bc79792a743343715597b2e"},"headline":"La asociaci\u00f3n de Salesianos Cooperadores en la fase diocesana del S\u00ednodo de los obispos sobre la sinodalidad","datePublished":"2022-06-06T09:35:00+00:00","dateModified":"2022-06-06T09:35:29+00:00","mainEntityOfPage":{"@id":"https:\/\/www.salesianos.edu\/familiasalesiana\/cooperadores-diocesa\/"},"wordCount":211,"commentCount":0,"image":{"@id":"https:\/\/www.salesianos.edu\/familiasalesiana\/cooperadores-diocesa\/#primaryimage"},"thumbnailUrl":"https:\/\/www.salesianos.edu\/familiasalesiana\/wp-content\/uploads\/sites\/5\/2022\/06\/FamiliaSalesiana2.jpeg","articleSection":["SSCC"],"inLanguage":"es","potentialAction":[{"@type":"CommentAction","name":"Comment","target":["https:\/\/www.salesianos.edu\/familiasalesiana\/cooperadores-diocesa\/#respond"]}]},{"@type":"WebPage","@id":"https:\/\/www.salesianos.edu\/familiasalesiana\/cooperadores-diocesa\/","url":"https:\/\/www.salesianos.edu\/familiasalesiana\/cooperadores-diocesa\/","name":"La asociaci\u00f3n de Salesianos Cooperadores en la fase diocesana del S\u00ednodo de los obispos sobre la sinodalidad - Familia Salesiana","isPartOf":{"@id":"http:\/\/www.salesianos.edu\/familiasalesiana\/#website"},"primaryImageOfPage":{"@id":"https:\/\/www.salesianos.edu\/familiasalesiana\/cooperadores-diocesa\/#primaryimage"},"image":{"@id":"https:\/\/www.salesianos.edu\/familiasalesiana\/cooperadores-diocesa\/#primaryimage"},"thumbnailUrl":"https:\/\/www.salesianos.edu\/familiasalesiana\/wp-content\/uploads\/sites\/5\/2022\/06\/FamiliaSalesiana2.jpeg","datePublished":"2022-06-06T09:35:00+00:00","dateModified":"2022-06-06T09:35:29+00:00","author":{"@id":"http:\/\/www.salesianos.edu\/familiasalesiana\/#\/schema\/person\/587f0aaa0bc79792a743343715597b2e"},"breadcrumb":{"@id":"https:\/\/www.salesianos.edu\/familiasalesiana\/cooperadores-diocesa\/#breadcrumb"},"inLanguage":"es","potentialAction":[{"@type":"ReadAction","target":["https:\/\/www.salesianos.edu\/familiasalesiana\/cooperadores-diocesa\/"]}]},{"@type":"ImageObject","inLanguage":"es","@id":"https:\/\/www.salesianos.edu\/familiasalesiana\/cooperadores-diocesa\/#primaryimage","url":"https:\/\/www.salesianos.edu\/familiasalesiana\/wp-content\/uploads\/sites\/5\/2022\/06\/FamiliaSalesiana2.jpeg","contentUrl":"https:\/\/www.salesianos.edu\/familiasalesiana\/wp-content\/uploads\/sites\/5\/2022\/06\/FamiliaSalesiana2.jpeg","width":2000,"height":1500},{"@type":"BreadcrumbList","@id":"https:\/\/www.salesianos.edu\/familiasalesiana\/cooperadores-diocesa\/#breadcrumb","itemListElement":[{"@type":"ListItem","position":1,"name":"Portada","item":"http:\/\/www.salesianos.edu\/familiasalesiana\/"},{"@type":"ListItem","position":2,"name":"La asociaci\u00f3n de Salesianos Cooperadores en la fase diocesana del S\u00ednodo de los obispos sobre la sinodalidad"}]},{"@type":"WebSite","@id":"http:\/\/www.salesianos.edu\/familiasalesiana\/#website","url":"http:\/\/www.salesianos.edu\/familiasalesiana\/","name":"Familia Salesiana","description":"P\u00e1gina oficial de Inspector\u00eda Salesiana Mar\u00eda Auxiliadora","potentialAction":[{"@type":"SearchAction","target":{"@type":"EntryPoint","urlTemplate":"http:\/\/www.salesianos.edu\/familiasalesiana\/?s={search_term_string}"},"query-input":{"@type":"PropertyValueSpecification","valueRequired":true,"valueName":"search_term_string"}}],"inLanguage":"es"},{"@type":"Person","@id":"http:\/\/www.salesianos.edu\/familiasalesiana\/#\/schema\/person\/587f0aaa0bc79792a743343715597b2e","name":"carlosmartin","image":{"@type":"ImageObject","inLanguage":"es","@id":"https:\/\/secure.gravatar.com\/avatar\/068204e325b7d19936f9561f323c3c719ed6f2c2a417a8c22c60e194a8bbdb21?s=96&d=mm&r=g","url":"https:\/\/secure.gravatar.com\/avatar\/068204e325b7d19936f9561f323c3c719ed6f2c2a417a8c22c60e194a8bbdb21?s=96&d=mm&r=g","contentUrl":"https:\/\/secure.gravatar.com\/avatar\/068204e325b7d19936f9561f323c3c719ed6f2c2a417a8c22c60e194a8bbdb21?s=96&d=mm&r=g","caption":"carlosmartin"}}]}},"_links":{"self":[{"href":"https:\/\/www.salesianos.edu\/familiasalesiana\/wp-json\/wp\/v2\/posts\/10288","targetHints":{"allow":["GET"]}}],"collection":[{"href":"https:\/\/www.salesianos.edu\/familiasalesiana\/wp-json\/wp\/v2\/posts"}],"about":[{"href":"https:\/\/www.salesianos.edu\/familiasalesiana\/wp-json\/wp\/v2\/types\/post"}],"author":[{"embeddable":true,"href":"https:\/\/www.salesianos.edu\/familiasalesiana\/wp-json\/wp\/v2\/users\/7"}],"replies":[{"embeddable":true,"href":"https:\/\/www.salesianos.edu\/familiasalesiana\/wp-json\/wp\/v2\/comments?post=10288"}],"version-history":[{"count":4,"href":"https:\/\/www.salesianos.edu\/familiasalesiana\/wp-json\/wp\/v2\/posts\/10288\/revisions"}],"predecessor-version":[{"id":10298,"href":"https:\/\/www.salesianos.edu\/familiasalesiana\/wp-json\/wp\/v2\/posts\/10288\/revisions\/10298"}],"wp:featuredmedia":[{"embeddable":true,"href":"https:\/\/www.salesianos.edu\/familiasalesiana\/wp-json\/wp\/v2\/media\/10291"}],"wp:attachment":[{"href":"https:\/\/www.salesianos.edu\/familiasalesiana\/wp-json\/wp\/v2\/media?parent=10288"}],"wp:term":[{"taxonomy":"category","embeddable":true,"href":"https:\/\/www.salesianos.edu\/familiasalesiana\/wp-json\/wp\/v2\/categories?post=10288"},{"taxonomy":"post_tag","embeddable":true,"href":"https:\/\/www.salesianos.edu\/familiasalesiana\/wp-json\/wp\/v2\/tags?post=10288"}],"curies":[{"name":"wp","href":"https:\/\/api.w.org\/{rel}","templated":true}]}}