{"id":10270,"date":"2022-05-18T20:33:34","date_gmt":"2022-05-18T19:33:34","guid":{"rendered":"https:\/\/www.salesianos.edu\/familiasalesiana\/?p=10270"},"modified":"2022-05-18T20:33:38","modified_gmt":"2022-05-18T19:33:38","slug":"imposicion-de-medalla-a-los-nuevos-miembros-de-adma-en-cadiz","status":"publish","type":"post","link":"https:\/\/www.salesianos.edu\/familiasalesiana\/imposicion-de-medalla-a-los-nuevos-miembros-de-adma-en-cadiz\/","title":{"rendered":"Imposici\u00f3n de medalla a los nuevos miembros de ADMA en C\u00e1diz"},"content":{"rendered":"<div id=\"fb-root\"><\/div>\n<p>[et_pb_section fb_built=\u00bb1&#8243; admin_label=\u00bbsection\u00bb _builder_version=\u00bb4.16&#8243; global_colors_info=\u00bb{}\u00bb][et_pb_row admin_label=\u00bbrow\u00bb _builder_version=\u00bb4.16&#8243; background_size=\u00bbinitial\u00bb background_position=\u00bbtop_left\u00bb background_repeat=\u00bbrepeat\u00bb global_colors_info=\u00bb{}\u00bb][et_pb_column type=\u00bb4_4&#8243; _builder_version=\u00bb4.16&#8243; custom_padding=\u00bb|||\u00bb global_colors_info=\u00bb{}\u00bb custom_padding__hover=\u00bb|||\u00bb][et_pb_text _builder_version=\u00bb4.17.4&#8243; _module_preset=\u00bbdefault\u00bb hover_enabled=\u00bb0&#8243; global_colors_info=\u00bb{}\u00bb sticky_enabled=\u00bb0&#8243;]<\/p>\n<div class=\"itemIntroText\">\n<div>\n<p>En el tercer d\u00eda del triduo se les impuso la medalla a los nuevos miembros de la Asociaci\u00f3n Mar\u00eda Auxiliadora de C\u00e1diz.<\/p>\n<\/div>\n<\/div>\n<p>[\/et_pb_text][\/et_pb_column][\/et_pb_row][\/et_pb_section]<\/p>\n","protected":false},"excerpt":{"rendered":"<p>En el tercer d\u00eda del triduo se les impuso la medalla a los nuevos miembros de la Asociaci\u00f3n Mar\u00eda Auxiliadora de Cadiz.<\/p>\n","protected":false},"author":7,"featured_media":10272,"comment_status":"open","ping_status":"open","sticky":false,"template":"","format":"standard","meta":{"_et_pb_use_builder":"on","_et_pb_old_content":"","_et_gb_content_width":"","footnotes":""},"categories":[53],"tags":[],"class_list":["post-10270","post","type-post","status-publish","format-standard","has-post-thumbnail","hentry","category-adma"],"yoast_head":"<!-- This site is optimized with the Yoast SEO plugin v27.5 - https:\/\/yoast.com\/product\/yoast-seo-wordpress\/ -->\n<title>Imposici\u00f3n de medalla a los nuevos miembros de ADMA en C\u00e1diz - Familia Salesiana<\/title>\n<meta name=\"robots\" content=\"index, follow, max-snippet:-1, max-image-preview:large, max-video-preview:-1\" \/>\n<link rel=\"canonical\" href=\"http:\/\/www.salesianos.edu\/familiasalesiana\/imposicion-de-medalla-a-los-nuevos-miembros-de-adma-en-cadiz\/\" \/>\n<meta property=\"og:locale\" content=\"es_ES\" \/>\n<meta property=\"og:type\" content=\"article\" \/>\n<meta property=\"og:title\" content=\"Imposici\u00f3n de medalla a los nuevos miembros de ADMA en C\u00e1diz - Familia Salesiana\" \/>\n<meta property=\"og:description\" content=\"En el tercer d\u00eda del triduo se les impuso la medalla a los nuevos miembros de la Asociaci\u00f3n Mar\u00eda Auxiliadora de Cadiz.\" \/>\n<meta property=\"og:url\" content=\"http:\/\/www.salesianos.edu\/familiasalesiana\/imposicion-de-medalla-a-los-nuevos-miembros-de-adma-en-cadiz\/\" \/>\n<meta property=\"og:site_name\" content=\"Familia Salesiana\" \/>\n<meta property=\"article:published_time\" content=\"2022-05-18T19:33:34+00:00\" \/>\n<meta property=\"article:modified_time\" content=\"2022-05-18T19:33:38+00:00\" \/>\n<meta property=\"og:image\" content=\"http:\/\/www.salesianos.edu\/familiasalesiana\/wp-content\/uploads\/sites\/5\/2022\/05\/ADMA-Cadiz.jpeg\" \/>\n\t<meta property=\"og:image:width\" content=\"2048\" \/>\n\t<meta property=\"og:image:height\" content=\"1532\" \/>\n\t<meta property=\"og:image:type\" content=\"image\/jpeg\" \/>\n<meta name=\"author\" content=\"carlosmartin\" \/>\n<meta name=\"twitter:card\" content=\"summary_large_image\" \/>\n<meta name=\"twitter:label1\" content=\"Escrito por\" \/>\n\t<meta name=\"twitter:data1\" content=\"carlosmartin\" \/>\n\t<meta name=\"twitter:label2\" content=\"Tiempo de lectura\" \/>\n\t<meta name=\"twitter:data2\" content=\"1 minuto\" \/>\n<script type=\"application\/ld+json\" class=\"yoast-schema-graph\">{\"@context\":\"https:\\\/\\\/schema.org\",\"@graph\":[{\"@type\":\"Article\",\"@id\":\"http:\\\/\\\/www.salesianos.edu\\\/familiasalesiana\\\/imposicion-de-medalla-a-los-nuevos-miembros-de-adma-en-cadiz\\\/#article\",\"isPartOf\":{\"@id\":\"http:\\\/\\\/www.salesianos.edu\\\/familiasalesiana\\\/imposicion-de-medalla-a-los-nuevos-miembros-de-adma-en-cadiz\\\/\"},\"author\":{\"name\":\"carlosmartin\",\"@id\":\"http:\\\/\\\/www.salesianos.edu\\\/familiasalesiana\\\/#\\\/schema\\\/person\\\/587f0aaa0bc79792a743343715597b2e\"},\"headline\":\"Imposici\u00f3n de medalla a los nuevos miembros de ADMA en C\u00e1diz\",\"datePublished\":\"2022-05-18T19:33:34+00:00\",\"dateModified\":\"2022-05-18T19:33:38+00:00\",\"mainEntityOfPage\":{\"@id\":\"http:\\\/\\\/www.salesianos.edu\\\/familiasalesiana\\\/imposicion-de-medalla-a-los-nuevos-miembros-de-adma-en-cadiz\\\/\"},\"wordCount\":114,\"commentCount\":1,\"image\":{\"@id\":\"http:\\\/\\\/www.salesianos.edu\\\/familiasalesiana\\\/imposicion-de-medalla-a-los-nuevos-miembros-de-adma-en-cadiz\\\/#primaryimage\"},\"thumbnailUrl\":\"https:\\\/\\\/www.salesianos.edu\\\/familiasalesiana\\\/wp-content\\\/uploads\\\/sites\\\/5\\\/2022\\\/05\\\/ADMA-Cadiz.jpeg\",\"articleSection\":[\"ADMA\"],\"inLanguage\":\"es\",\"potentialAction\":[{\"@type\":\"CommentAction\",\"name\":\"Comment\",\"target\":[\"http:\\\/\\\/www.salesianos.edu\\\/familiasalesiana\\\/imposicion-de-medalla-a-los-nuevos-miembros-de-adma-en-cadiz\\\/#respond\"]}]},{\"@type\":\"WebPage\",\"@id\":\"http:\\\/\\\/www.salesianos.edu\\\/familiasalesiana\\\/imposicion-de-medalla-a-los-nuevos-miembros-de-adma-en-cadiz\\\/\",\"url\":\"http:\\\/\\\/www.salesianos.edu\\\/familiasalesiana\\\/imposicion-de-medalla-a-los-nuevos-miembros-de-adma-en-cadiz\\\/\",\"name\":\"Imposici\u00f3n de medalla a los nuevos miembros de ADMA en C\u00e1diz - Familia Salesiana\",\"isPartOf\":{\"@id\":\"http:\\\/\\\/www.salesianos.edu\\\/familiasalesiana\\\/#website\"},\"primaryImageOfPage\":{\"@id\":\"http:\\\/\\\/www.salesianos.edu\\\/familiasalesiana\\\/imposicion-de-medalla-a-los-nuevos-miembros-de-adma-en-cadiz\\\/#primaryimage\"},\"image\":{\"@id\":\"http:\\\/\\\/www.salesianos.edu\\\/familiasalesiana\\\/imposicion-de-medalla-a-los-nuevos-miembros-de-adma-en-cadiz\\\/#primaryimage\"},\"thumbnailUrl\":\"https:\\\/\\\/www.salesianos.edu\\\/familiasalesiana\\\/wp-content\\\/uploads\\\/sites\\\/5\\\/2022\\\/05\\\/ADMA-Cadiz.jpeg\",\"datePublished\":\"2022-05-18T19:33:34+00:00\",\"dateModified\":\"2022-05-18T19:33:38+00:00\",\"author\":{\"@id\":\"http:\\\/\\\/www.salesianos.edu\\\/familiasalesiana\\\/#\\\/schema\\\/person\\\/587f0aaa0bc79792a743343715597b2e\"},\"breadcrumb\":{\"@id\":\"http:\\\/\\\/www.salesianos.edu\\\/familiasalesiana\\\/imposicion-de-medalla-a-los-nuevos-miembros-de-adma-en-cadiz\\\/#breadcrumb\"},\"inLanguage\":\"es\",\"potentialAction\":[{\"@type\":\"ReadAction\",\"target\":[\"http:\\\/\\\/www.salesianos.edu\\\/familiasalesiana\\\/imposicion-de-medalla-a-los-nuevos-miembros-de-adma-en-cadiz\\\/\"]}]},{\"@type\":\"ImageObject\",\"inLanguage\":\"es\",\"@id\":\"http:\\\/\\\/www.salesianos.edu\\\/familiasalesiana\\\/imposicion-de-medalla-a-los-nuevos-miembros-de-adma-en-cadiz\\\/#primaryimage\",\"url\":\"https:\\\/\\\/www.salesianos.edu\\\/familiasalesiana\\\/wp-content\\\/uploads\\\/sites\\\/5\\\/2022\\\/05\\\/ADMA-Cadiz.jpeg\",\"contentUrl\":\"https:\\\/\\\/www.salesianos.edu\\\/familiasalesiana\\\/wp-content\\\/uploads\\\/sites\\\/5\\\/2022\\\/05\\\/ADMA-Cadiz.jpeg\",\"width\":2048,\"height\":1532},{\"@type\":\"BreadcrumbList\",\"@id\":\"http:\\\/\\\/www.salesianos.edu\\\/familiasalesiana\\\/imposicion-de-medalla-a-los-nuevos-miembros-de-adma-en-cadiz\\\/#breadcrumb\",\"itemListElement\":[{\"@type\":\"ListItem\",\"position\":1,\"name\":\"Portada\",\"item\":\"http:\\\/\\\/www.salesianos.edu\\\/familiasalesiana\\\/\"},{\"@type\":\"ListItem\",\"position\":2,\"name\":\"Imposici\u00f3n de medalla a los nuevos miembros de ADMA en C\u00e1diz\"}]},{\"@type\":\"WebSite\",\"@id\":\"http:\\\/\\\/www.salesianos.edu\\\/familiasalesiana\\\/#website\",\"url\":\"http:\\\/\\\/www.salesianos.edu\\\/familiasalesiana\\\/\",\"name\":\"Familia Salesiana\",\"description\":\"P\u00e1gina oficial de Inspector\u00eda Salesiana Mar\u00eda Auxiliadora\",\"potentialAction\":[{\"@type\":\"SearchAction\",\"target\":{\"@type\":\"EntryPoint\",\"urlTemplate\":\"http:\\\/\\\/www.salesianos.edu\\\/familiasalesiana\\\/?s={search_term_string}\"},\"query-input\":{\"@type\":\"PropertyValueSpecification\",\"valueRequired\":true,\"valueName\":\"search_term_string\"}}],\"inLanguage\":\"es\"},{\"@type\":\"Person\",\"@id\":\"http:\\\/\\\/www.salesianos.edu\\\/familiasalesiana\\\/#\\\/schema\\\/person\\\/587f0aaa0bc79792a743343715597b2e\",\"name\":\"carlosmartin\",\"image\":{\"@type\":\"ImageObject\",\"inLanguage\":\"es\",\"@id\":\"https:\\\/\\\/secure.gravatar.com\\\/avatar\\\/068204e325b7d19936f9561f323c3c719ed6f2c2a417a8c22c60e194a8bbdb21?s=96&d=mm&r=g\",\"url\":\"https:\\\/\\\/secure.gravatar.com\\\/avatar\\\/068204e325b7d19936f9561f323c3c719ed6f2c2a417a8c22c60e194a8bbdb21?s=96&d=mm&r=g\",\"contentUrl\":\"https:\\\/\\\/secure.gravatar.com\\\/avatar\\\/068204e325b7d19936f9561f323c3c719ed6f2c2a417a8c22c60e194a8bbdb21?s=96&d=mm&r=g\",\"caption\":\"carlosmartin\"}}]}<\/script>\n<!-- \/ Yoast SEO plugin. -->","yoast_head_json":{"title":"Imposici\u00f3n de medalla a los nuevos miembros de ADMA en C\u00e1diz - Familia Salesiana","robots":{"index":"index","follow":"follow","max-snippet":"max-snippet:-1","max-image-preview":"max-image-preview:large","max-video-preview":"max-video-preview:-1"},"canonical":"http:\/\/www.salesianos.edu\/familiasalesiana\/imposicion-de-medalla-a-los-nuevos-miembros-de-adma-en-cadiz\/","og_locale":"es_ES","og_type":"article","og_title":"Imposici\u00f3n de medalla a los nuevos miembros de ADMA en C\u00e1diz - Familia Salesiana","og_description":"En el tercer d\u00eda del triduo se les impuso la medalla a los nuevos miembros de la Asociaci\u00f3n Mar\u00eda Auxiliadora de Cadiz.","og_url":"http:\/\/www.salesianos.edu\/familiasalesiana\/imposicion-de-medalla-a-los-nuevos-miembros-de-adma-en-cadiz\/","og_site_name":"Familia Salesiana","article_published_time":"2022-05-18T19:33:34+00:00","article_modified_time":"2022-05-18T19:33:38+00:00","og_image":[{"width":2048,"height":1532,"url":"http:\/\/www.salesianos.edu\/familiasalesiana\/wp-content\/uploads\/sites\/5\/2022\/05\/ADMA-Cadiz.jpeg","type":"image\/jpeg"}],"author":"carlosmartin","twitter_card":"summary_large_image","twitter_misc":{"Escrito por":"carlosmartin","Tiempo de lectura":"1 minuto"},"schema":{"@context":"https:\/\/schema.org","@graph":[{"@type":"Article","@id":"http:\/\/www.salesianos.edu\/familiasalesiana\/imposicion-de-medalla-a-los-nuevos-miembros-de-adma-en-cadiz\/#article","isPartOf":{"@id":"http:\/\/www.salesianos.edu\/familiasalesiana\/imposicion-de-medalla-a-los-nuevos-miembros-de-adma-en-cadiz\/"},"author":{"name":"carlosmartin","@id":"http:\/\/www.salesianos.edu\/familiasalesiana\/#\/schema\/person\/587f0aaa0bc79792a743343715597b2e"},"headline":"Imposici\u00f3n de medalla a los nuevos miembros de ADMA en C\u00e1diz","datePublished":"2022-05-18T19:33:34+00:00","dateModified":"2022-05-18T19:33:38+00:00","mainEntityOfPage":{"@id":"http:\/\/www.salesianos.edu\/familiasalesiana\/imposicion-de-medalla-a-los-nuevos-miembros-de-adma-en-cadiz\/"},"wordCount":114,"commentCount":1,"image":{"@id":"http:\/\/www.salesianos.edu\/familiasalesiana\/imposicion-de-medalla-a-los-nuevos-miembros-de-adma-en-cadiz\/#primaryimage"},"thumbnailUrl":"https:\/\/www.salesianos.edu\/familiasalesiana\/wp-content\/uploads\/sites\/5\/2022\/05\/ADMA-Cadiz.jpeg","articleSection":["ADMA"],"inLanguage":"es","potentialAction":[{"@type":"CommentAction","name":"Comment","target":["http:\/\/www.salesianos.edu\/familiasalesiana\/imposicion-de-medalla-a-los-nuevos-miembros-de-adma-en-cadiz\/#respond"]}]},{"@type":"WebPage","@id":"http:\/\/www.salesianos.edu\/familiasalesiana\/imposicion-de-medalla-a-los-nuevos-miembros-de-adma-en-cadiz\/","url":"http:\/\/www.salesianos.edu\/familiasalesiana\/imposicion-de-medalla-a-los-nuevos-miembros-de-adma-en-cadiz\/","name":"Imposici\u00f3n de medalla a los nuevos miembros de ADMA en C\u00e1diz - Familia Salesiana","isPartOf":{"@id":"http:\/\/www.salesianos.edu\/familiasalesiana\/#website"},"primaryImageOfPage":{"@id":"http:\/\/www.salesianos.edu\/familiasalesiana\/imposicion-de-medalla-a-los-nuevos-miembros-de-adma-en-cadiz\/#primaryimage"},"image":{"@id":"http:\/\/www.salesianos.edu\/familiasalesiana\/imposicion-de-medalla-a-los-nuevos-miembros-de-adma-en-cadiz\/#primaryimage"},"thumbnailUrl":"https:\/\/www.salesianos.edu\/familiasalesiana\/wp-content\/uploads\/sites\/5\/2022\/05\/ADMA-Cadiz.jpeg","datePublished":"2022-05-18T19:33:34+00:00","dateModified":"2022-05-18T19:33:38+00:00","author":{"@id":"http:\/\/www.salesianos.edu\/familiasalesiana\/#\/schema\/person\/587f0aaa0bc79792a743343715597b2e"},"breadcrumb":{"@id":"http:\/\/www.salesianos.edu\/familiasalesiana\/imposicion-de-medalla-a-los-nuevos-miembros-de-adma-en-cadiz\/#breadcrumb"},"inLanguage":"es","potentialAction":[{"@type":"ReadAction","target":["http:\/\/www.salesianos.edu\/familiasalesiana\/imposicion-de-medalla-a-los-nuevos-miembros-de-adma-en-cadiz\/"]}]},{"@type":"ImageObject","inLanguage":"es","@id":"http:\/\/www.salesianos.edu\/familiasalesiana\/imposicion-de-medalla-a-los-nuevos-miembros-de-adma-en-cadiz\/#primaryimage","url":"https:\/\/www.salesianos.edu\/familiasalesiana\/wp-content\/uploads\/sites\/5\/2022\/05\/ADMA-Cadiz.jpeg","contentUrl":"https:\/\/www.salesianos.edu\/familiasalesiana\/wp-content\/uploads\/sites\/5\/2022\/05\/ADMA-Cadiz.jpeg","width":2048,"height":1532},{"@type":"BreadcrumbList","@id":"http:\/\/www.salesianos.edu\/familiasalesiana\/imposicion-de-medalla-a-los-nuevos-miembros-de-adma-en-cadiz\/#breadcrumb","itemListElement":[{"@type":"ListItem","position":1,"name":"Portada","item":"http:\/\/www.salesianos.edu\/familiasalesiana\/"},{"@type":"ListItem","position":2,"name":"Imposici\u00f3n de medalla a los nuevos miembros de ADMA en C\u00e1diz"}]},{"@type":"WebSite","@id":"http:\/\/www.salesianos.edu\/familiasalesiana\/#website","url":"http:\/\/www.salesianos.edu\/familiasalesiana\/","name":"Familia Salesiana","description":"P\u00e1gina oficial de Inspector\u00eda Salesiana Mar\u00eda Auxiliadora","potentialAction":[{"@type":"SearchAction","target":{"@type":"EntryPoint","urlTemplate":"http:\/\/www.salesianos.edu\/familiasalesiana\/?s={search_term_string}"},"query-input":{"@type":"PropertyValueSpecification","valueRequired":true,"valueName":"search_term_string"}}],"inLanguage":"es"},{"@type":"Person","@id":"http:\/\/www.salesianos.edu\/familiasalesiana\/#\/schema\/person\/587f0aaa0bc79792a743343715597b2e","name":"carlosmartin","image":{"@type":"ImageObject","inLanguage":"es","@id":"https:\/\/secure.gravatar.com\/avatar\/068204e325b7d19936f9561f323c3c719ed6f2c2a417a8c22c60e194a8bbdb21?s=96&d=mm&r=g","url":"https:\/\/secure.gravatar.com\/avatar\/068204e325b7d19936f9561f323c3c719ed6f2c2a417a8c22c60e194a8bbdb21?s=96&d=mm&r=g","contentUrl":"https:\/\/secure.gravatar.com\/avatar\/068204e325b7d19936f9561f323c3c719ed6f2c2a417a8c22c60e194a8bbdb21?s=96&d=mm&r=g","caption":"carlosmartin"}}]}},"_links":{"self":[{"href":"https:\/\/www.salesianos.edu\/familiasalesiana\/wp-json\/wp\/v2\/posts\/10270","targetHints":{"allow":["GET"]}}],"collection":[{"href":"https:\/\/www.salesianos.edu\/familiasalesiana\/wp-json\/wp\/v2\/posts"}],"about":[{"href":"https:\/\/www.salesianos.edu\/familiasalesiana\/wp-json\/wp\/v2\/types\/post"}],"author":[{"embeddable":true,"href":"https:\/\/www.salesianos.edu\/familiasalesiana\/wp-json\/wp\/v2\/users\/7"}],"replies":[{"embeddable":true,"href":"https:\/\/www.salesianos.edu\/familiasalesiana\/wp-json\/wp\/v2\/comments?post=10270"}],"version-history":[{"count":2,"href":"https:\/\/www.salesianos.edu\/familiasalesiana\/wp-json\/wp\/v2\/posts\/10270\/revisions"}],"predecessor-version":[{"id":10274,"href":"https:\/\/www.salesianos.edu\/familiasalesiana\/wp-json\/wp\/v2\/posts\/10270\/revisions\/10274"}],"wp:featuredmedia":[{"embeddable":true,"href":"https:\/\/www.salesianos.edu\/familiasalesiana\/wp-json\/wp\/v2\/media\/10272"}],"wp:attachment":[{"href":"https:\/\/www.salesianos.edu\/familiasalesiana\/wp-json\/wp\/v2\/media?parent=10270"}],"wp:term":[{"taxonomy":"category","embeddable":true,"href":"https:\/\/www.salesianos.edu\/familiasalesiana\/wp-json\/wp\/v2\/categories?post=10270"},{"taxonomy":"post_tag","embeddable":true,"href":"https:\/\/www.salesianos.edu\/familiasalesiana\/wp-json\/wp\/v2\/tags?post=10270"}],"curies":[{"name":"wp","href":"https:\/\/api.w.org\/{rel}","templated":true}]}}