{"id":10257,"date":"2022-05-16T16:51:12","date_gmt":"2022-05-16T15:51:12","guid":{"rendered":"https:\/\/www.salesianos.edu\/familiasalesiana\/?p=10257"},"modified":"2022-05-16T16:51:15","modified_gmt":"2022-05-16T15:51:15","slug":"recuperacion-de-la-procesion-de-maria-auxiliadora-en-coin","status":"publish","type":"post","link":"https:\/\/www.salesianos.edu\/familiasalesiana\/recuperacion-de-la-procesion-de-maria-auxiliadora-en-coin\/","title":{"rendered":"Recuperaci\u00f3n de la procesi\u00f3n de Mar\u00eda Auxiliadora en Co\u00edn"},"content":{"rendered":"<div id=\"fb-root\"><\/div>\n<p>[et_pb_section fb_built=\u00bb1&#8243; admin_label=\u00bbsection\u00bb _builder_version=\u00bb4.16&#8243; global_colors_info=\u00bb{}\u00bb][et_pb_row admin_label=\u00bbrow\u00bb _builder_version=\u00bb4.16&#8243; background_size=\u00bbinitial\u00bb background_position=\u00bbtop_left\u00bb background_repeat=\u00bbrepeat\u00bb global_colors_info=\u00bb{}\u00bb][et_pb_column type=\u00bb4_4&#8243; _builder_version=\u00bb4.16&#8243; custom_padding=\u00bb|||\u00bb global_colors_info=\u00bb{}\u00bb custom_padding__hover=\u00bb|||\u00bb][et_pb_text _builder_version=\u00bb4.17.4&#8243; _module_preset=\u00bbdefault\u00bb hover_enabled=\u00bb0&#8243; global_colors_info=\u00bb{}\u00bb sticky_enabled=\u00bb0&#8243;]<\/p>\n<div class=\"itemIntroText\">\n<div>\n<p>El acontecimiento tuvo lugar en Co\u00edn, este 7 de mayo, donde por primera vez tras m\u00e1s de 70 a\u00f1os la ADMA local sac\u00f3 el trono de Mar\u00eda Auxiliadora a la calle, con motivo de su retorno al municipio, despu\u00e9s de haber sido restaurada la imagen y rememorando\u00a0 con un homenaje a la Virgen cuando en la d\u00e9cada de los 40 lleg\u00f3 por primera vez.<\/p>\n<p>En los a\u00f1os sucesivos, ser\u00e1 procesionada el s\u00e1bado m\u00e1s cercano al 24 de mayo, como as\u00ed ha sido autorizado por el obispado.<\/p>\n<p>Fue todo un acontecimiento, por la presencia de gente y devotos, tanto en el recorrido procesional como en el homenaje a la Virgen en la plaza principal del municipio. En el evento se cont\u00f3 con la presencia del salesiano D. Jos\u00e9 Gonz\u00e1lez Rodr\u00edguez, hijo del pueblo, al que la Asociaci\u00f3n tiene como referente e impulsor del trabajo cotidiano, a pesar de las distancias.<\/p>\n<\/div>\n<div>\n<p>La asociaci\u00f3n ha contado con todos los apoyos, desde los devotos y p\u00e1rroco hasta las hermandades, ayuntamiento, asociaciones y vecinos en general.<\/p>\n<\/div>\n<div>\u00abLos devotos estamos, contentos, agradecidos y dispuestos a seguir haci\u00e9ndolo en los pr\u00f3ximos a\u00f1os, pues en Co\u00edn, pueblo muy mariano, existe una gran admiraci\u00f3n por la Virgen de Don Bosco\u00bb, comparte Jos\u00e9 Guzm\u00e1n Santos, presidente de la ADMA local.<\/div>\n<\/div>\n<p>[\/et_pb_text][et_pb_gallery gallery_ids=\u00bb10266,10265,10264,10263,10262,10261,10260,10259&#8243; _builder_version=\u00bb4.17.4&#8243; _module_preset=\u00bbdefault\u00bb hover_enabled=\u00bb0&#8243; global_colors_info=\u00bb{}\u00bb sticky_enabled=\u00bb0&#8243;][\/et_pb_gallery][\/et_pb_column][\/et_pb_row][\/et_pb_section]<\/p>\n","protected":false},"excerpt":{"rendered":"<p>Tras m\u00e1s de 70 a\u00f1os la ADMA local sac\u00f3 el trono de Mar\u00eda Auxiliadora a la calle, con motivo de su retorno al municipio, despu\u00e9s de haber sido restaurada la imagen y rememorando\u00a0 con un homenaje a la Virgen cuando en la d\u00e9cada de los 40 lleg\u00f3 por primera vez.<\/p>\n","protected":false},"author":7,"featured_media":10261,"comment_status":"open","ping_status":"open","sticky":false,"template":"","format":"standard","meta":{"_et_pb_use_builder":"on","_et_pb_old_content":"","_et_gb_content_width":"","footnotes":""},"categories":[53],"tags":[],"class_list":["post-10257","post","type-post","status-publish","format-standard","has-post-thumbnail","hentry","category-adma"],"yoast_head":"<!-- This site is optimized with the Yoast SEO plugin v27.5 - https:\/\/yoast.com\/product\/yoast-seo-wordpress\/ -->\n<title>Recuperaci\u00f3n de la procesi\u00f3n de Mar\u00eda Auxiliadora en Co\u00edn - Familia Salesiana<\/title>\n<meta name=\"robots\" content=\"index, follow, max-snippet:-1, max-image-preview:large, max-video-preview:-1\" \/>\n<link rel=\"canonical\" href=\"https:\/\/www.salesianos.edu\/familiasalesiana\/recuperacion-de-la-procesion-de-maria-auxiliadora-en-coin\/\" \/>\n<meta property=\"og:locale\" content=\"es_ES\" \/>\n<meta property=\"og:type\" content=\"article\" \/>\n<meta property=\"og:title\" content=\"Recuperaci\u00f3n de la procesi\u00f3n de Mar\u00eda Auxiliadora en Co\u00edn - Familia Salesiana\" \/>\n<meta property=\"og:description\" content=\"Tras m\u00e1s de 70 a\u00f1os la ADMA local sac\u00f3 el trono de Mar\u00eda Auxiliadora a la calle, con motivo de su retorno al municipio, despu\u00e9s de haber sido restaurada la imagen y rememorando\u00a0 con un homenaje a la Virgen cuando en la d\u00e9cada de los 40 lleg\u00f3 por primera vez.\" \/>\n<meta property=\"og:url\" content=\"https:\/\/www.salesianos.edu\/familiasalesiana\/recuperacion-de-la-procesion-de-maria-auxiliadora-en-coin\/\" \/>\n<meta property=\"og:site_name\" content=\"Familia Salesiana\" \/>\n<meta property=\"article:published_time\" content=\"2022-05-16T15:51:12+00:00\" \/>\n<meta property=\"article:modified_time\" content=\"2022-05-16T15:51:15+00:00\" \/>\n<meta property=\"og:image\" content=\"https:\/\/www.salesianos.edu\/familiasalesiana\/wp-content\/uploads\/sites\/5\/2022\/05\/3-AUX.-COIN.jpg\" \/>\n\t<meta property=\"og:image:width\" content=\"1080\" \/>\n\t<meta property=\"og:image:height\" content=\"720\" \/>\n\t<meta property=\"og:image:type\" content=\"image\/jpeg\" \/>\n<meta name=\"author\" content=\"carlosmartin\" \/>\n<meta name=\"twitter:card\" content=\"summary_large_image\" \/>\n<meta name=\"twitter:label1\" content=\"Escrito por\" \/>\n\t<meta name=\"twitter:data1\" content=\"carlosmartin\" \/>\n\t<meta name=\"twitter:label2\" content=\"Tiempo de lectura\" \/>\n\t<meta name=\"twitter:data2\" content=\"2 minutos\" \/>\n<script type=\"application\/ld+json\" class=\"yoast-schema-graph\">{\"@context\":\"https:\\\/\\\/schema.org\",\"@graph\":[{\"@type\":\"Article\",\"@id\":\"https:\\\/\\\/www.salesianos.edu\\\/familiasalesiana\\\/recuperacion-de-la-procesion-de-maria-auxiliadora-en-coin\\\/#article\",\"isPartOf\":{\"@id\":\"https:\\\/\\\/www.salesianos.edu\\\/familiasalesiana\\\/recuperacion-de-la-procesion-de-maria-auxiliadora-en-coin\\\/\"},\"author\":{\"name\":\"carlosmartin\",\"@id\":\"http:\\\/\\\/www.salesianos.edu\\\/familiasalesiana\\\/#\\\/schema\\\/person\\\/587f0aaa0bc79792a743343715597b2e\"},\"headline\":\"Recuperaci\u00f3n de la procesi\u00f3n de Mar\u00eda Auxiliadora en Co\u00edn\",\"datePublished\":\"2022-05-16T15:51:12+00:00\",\"dateModified\":\"2022-05-16T15:51:15+00:00\",\"mainEntityOfPage\":{\"@id\":\"https:\\\/\\\/www.salesianos.edu\\\/familiasalesiana\\\/recuperacion-de-la-procesion-de-maria-auxiliadora-en-coin\\\/\"},\"wordCount\":334,\"commentCount\":0,\"image\":{\"@id\":\"https:\\\/\\\/www.salesianos.edu\\\/familiasalesiana\\\/recuperacion-de-la-procesion-de-maria-auxiliadora-en-coin\\\/#primaryimage\"},\"thumbnailUrl\":\"https:\\\/\\\/www.salesianos.edu\\\/familiasalesiana\\\/wp-content\\\/uploads\\\/sites\\\/5\\\/2022\\\/05\\\/3-AUX.-COIN.jpg\",\"articleSection\":[\"ADMA\"],\"inLanguage\":\"es\",\"potentialAction\":[{\"@type\":\"CommentAction\",\"name\":\"Comment\",\"target\":[\"https:\\\/\\\/www.salesianos.edu\\\/familiasalesiana\\\/recuperacion-de-la-procesion-de-maria-auxiliadora-en-coin\\\/#respond\"]}]},{\"@type\":\"WebPage\",\"@id\":\"https:\\\/\\\/www.salesianos.edu\\\/familiasalesiana\\\/recuperacion-de-la-procesion-de-maria-auxiliadora-en-coin\\\/\",\"url\":\"https:\\\/\\\/www.salesianos.edu\\\/familiasalesiana\\\/recuperacion-de-la-procesion-de-maria-auxiliadora-en-coin\\\/\",\"name\":\"Recuperaci\u00f3n de la procesi\u00f3n de Mar\u00eda Auxiliadora en Co\u00edn - Familia Salesiana\",\"isPartOf\":{\"@id\":\"http:\\\/\\\/www.salesianos.edu\\\/familiasalesiana\\\/#website\"},\"primaryImageOfPage\":{\"@id\":\"https:\\\/\\\/www.salesianos.edu\\\/familiasalesiana\\\/recuperacion-de-la-procesion-de-maria-auxiliadora-en-coin\\\/#primaryimage\"},\"image\":{\"@id\":\"https:\\\/\\\/www.salesianos.edu\\\/familiasalesiana\\\/recuperacion-de-la-procesion-de-maria-auxiliadora-en-coin\\\/#primaryimage\"},\"thumbnailUrl\":\"https:\\\/\\\/www.salesianos.edu\\\/familiasalesiana\\\/wp-content\\\/uploads\\\/sites\\\/5\\\/2022\\\/05\\\/3-AUX.-COIN.jpg\",\"datePublished\":\"2022-05-16T15:51:12+00:00\",\"dateModified\":\"2022-05-16T15:51:15+00:00\",\"author\":{\"@id\":\"http:\\\/\\\/www.salesianos.edu\\\/familiasalesiana\\\/#\\\/schema\\\/person\\\/587f0aaa0bc79792a743343715597b2e\"},\"breadcrumb\":{\"@id\":\"https:\\\/\\\/www.salesianos.edu\\\/familiasalesiana\\\/recuperacion-de-la-procesion-de-maria-auxiliadora-en-coin\\\/#breadcrumb\"},\"inLanguage\":\"es\",\"potentialAction\":[{\"@type\":\"ReadAction\",\"target\":[\"https:\\\/\\\/www.salesianos.edu\\\/familiasalesiana\\\/recuperacion-de-la-procesion-de-maria-auxiliadora-en-coin\\\/\"]}]},{\"@type\":\"ImageObject\",\"inLanguage\":\"es\",\"@id\":\"https:\\\/\\\/www.salesianos.edu\\\/familiasalesiana\\\/recuperacion-de-la-procesion-de-maria-auxiliadora-en-coin\\\/#primaryimage\",\"url\":\"https:\\\/\\\/www.salesianos.edu\\\/familiasalesiana\\\/wp-content\\\/uploads\\\/sites\\\/5\\\/2022\\\/05\\\/3-AUX.-COIN.jpg\",\"contentUrl\":\"https:\\\/\\\/www.salesianos.edu\\\/familiasalesiana\\\/wp-content\\\/uploads\\\/sites\\\/5\\\/2022\\\/05\\\/3-AUX.-COIN.jpg\",\"width\":1080,\"height\":720},{\"@type\":\"BreadcrumbList\",\"@id\":\"https:\\\/\\\/www.salesianos.edu\\\/familiasalesiana\\\/recuperacion-de-la-procesion-de-maria-auxiliadora-en-coin\\\/#breadcrumb\",\"itemListElement\":[{\"@type\":\"ListItem\",\"position\":1,\"name\":\"Portada\",\"item\":\"http:\\\/\\\/www.salesianos.edu\\\/familiasalesiana\\\/\"},{\"@type\":\"ListItem\",\"position\":2,\"name\":\"Recuperaci\u00f3n de la procesi\u00f3n de Mar\u00eda Auxiliadora en Co\u00edn\"}]},{\"@type\":\"WebSite\",\"@id\":\"http:\\\/\\\/www.salesianos.edu\\\/familiasalesiana\\\/#website\",\"url\":\"http:\\\/\\\/www.salesianos.edu\\\/familiasalesiana\\\/\",\"name\":\"Familia Salesiana\",\"description\":\"P\u00e1gina oficial de Inspector\u00eda Salesiana Mar\u00eda Auxiliadora\",\"potentialAction\":[{\"@type\":\"SearchAction\",\"target\":{\"@type\":\"EntryPoint\",\"urlTemplate\":\"http:\\\/\\\/www.salesianos.edu\\\/familiasalesiana\\\/?s={search_term_string}\"},\"query-input\":{\"@type\":\"PropertyValueSpecification\",\"valueRequired\":true,\"valueName\":\"search_term_string\"}}],\"inLanguage\":\"es\"},{\"@type\":\"Person\",\"@id\":\"http:\\\/\\\/www.salesianos.edu\\\/familiasalesiana\\\/#\\\/schema\\\/person\\\/587f0aaa0bc79792a743343715597b2e\",\"name\":\"carlosmartin\",\"image\":{\"@type\":\"ImageObject\",\"inLanguage\":\"es\",\"@id\":\"https:\\\/\\\/secure.gravatar.com\\\/avatar\\\/068204e325b7d19936f9561f323c3c719ed6f2c2a417a8c22c60e194a8bbdb21?s=96&d=mm&r=g\",\"url\":\"https:\\\/\\\/secure.gravatar.com\\\/avatar\\\/068204e325b7d19936f9561f323c3c719ed6f2c2a417a8c22c60e194a8bbdb21?s=96&d=mm&r=g\",\"contentUrl\":\"https:\\\/\\\/secure.gravatar.com\\\/avatar\\\/068204e325b7d19936f9561f323c3c719ed6f2c2a417a8c22c60e194a8bbdb21?s=96&d=mm&r=g\",\"caption\":\"carlosmartin\"}}]}<\/script>\n<!-- \/ Yoast SEO plugin. -->","yoast_head_json":{"title":"Recuperaci\u00f3n de la procesi\u00f3n de Mar\u00eda Auxiliadora en Co\u00edn - Familia Salesiana","robots":{"index":"index","follow":"follow","max-snippet":"max-snippet:-1","max-image-preview":"max-image-preview:large","max-video-preview":"max-video-preview:-1"},"canonical":"https:\/\/www.salesianos.edu\/familiasalesiana\/recuperacion-de-la-procesion-de-maria-auxiliadora-en-coin\/","og_locale":"es_ES","og_type":"article","og_title":"Recuperaci\u00f3n de la procesi\u00f3n de Mar\u00eda Auxiliadora en Co\u00edn - Familia Salesiana","og_description":"Tras m\u00e1s de 70 a\u00f1os la ADMA local sac\u00f3 el trono de Mar\u00eda Auxiliadora a la calle, con motivo de su retorno al municipio, despu\u00e9s de haber sido restaurada la imagen y rememorando\u00a0 con un homenaje a la Virgen cuando en la d\u00e9cada de los 40 lleg\u00f3 por primera vez.","og_url":"https:\/\/www.salesianos.edu\/familiasalesiana\/recuperacion-de-la-procesion-de-maria-auxiliadora-en-coin\/","og_site_name":"Familia Salesiana","article_published_time":"2022-05-16T15:51:12+00:00","article_modified_time":"2022-05-16T15:51:15+00:00","og_image":[{"width":1080,"height":720,"url":"https:\/\/www.salesianos.edu\/familiasalesiana\/wp-content\/uploads\/sites\/5\/2022\/05\/3-AUX.-COIN.jpg","type":"image\/jpeg"}],"author":"carlosmartin","twitter_card":"summary_large_image","twitter_misc":{"Escrito por":"carlosmartin","Tiempo de lectura":"2 minutos"},"schema":{"@context":"https:\/\/schema.org","@graph":[{"@type":"Article","@id":"https:\/\/www.salesianos.edu\/familiasalesiana\/recuperacion-de-la-procesion-de-maria-auxiliadora-en-coin\/#article","isPartOf":{"@id":"https:\/\/www.salesianos.edu\/familiasalesiana\/recuperacion-de-la-procesion-de-maria-auxiliadora-en-coin\/"},"author":{"name":"carlosmartin","@id":"http:\/\/www.salesianos.edu\/familiasalesiana\/#\/schema\/person\/587f0aaa0bc79792a743343715597b2e"},"headline":"Recuperaci\u00f3n de la procesi\u00f3n de Mar\u00eda Auxiliadora en Co\u00edn","datePublished":"2022-05-16T15:51:12+00:00","dateModified":"2022-05-16T15:51:15+00:00","mainEntityOfPage":{"@id":"https:\/\/www.salesianos.edu\/familiasalesiana\/recuperacion-de-la-procesion-de-maria-auxiliadora-en-coin\/"},"wordCount":334,"commentCount":0,"image":{"@id":"https:\/\/www.salesianos.edu\/familiasalesiana\/recuperacion-de-la-procesion-de-maria-auxiliadora-en-coin\/#primaryimage"},"thumbnailUrl":"https:\/\/www.salesianos.edu\/familiasalesiana\/wp-content\/uploads\/sites\/5\/2022\/05\/3-AUX.-COIN.jpg","articleSection":["ADMA"],"inLanguage":"es","potentialAction":[{"@type":"CommentAction","name":"Comment","target":["https:\/\/www.salesianos.edu\/familiasalesiana\/recuperacion-de-la-procesion-de-maria-auxiliadora-en-coin\/#respond"]}]},{"@type":"WebPage","@id":"https:\/\/www.salesianos.edu\/familiasalesiana\/recuperacion-de-la-procesion-de-maria-auxiliadora-en-coin\/","url":"https:\/\/www.salesianos.edu\/familiasalesiana\/recuperacion-de-la-procesion-de-maria-auxiliadora-en-coin\/","name":"Recuperaci\u00f3n de la procesi\u00f3n de Mar\u00eda Auxiliadora en Co\u00edn - Familia Salesiana","isPartOf":{"@id":"http:\/\/www.salesianos.edu\/familiasalesiana\/#website"},"primaryImageOfPage":{"@id":"https:\/\/www.salesianos.edu\/familiasalesiana\/recuperacion-de-la-procesion-de-maria-auxiliadora-en-coin\/#primaryimage"},"image":{"@id":"https:\/\/www.salesianos.edu\/familiasalesiana\/recuperacion-de-la-procesion-de-maria-auxiliadora-en-coin\/#primaryimage"},"thumbnailUrl":"https:\/\/www.salesianos.edu\/familiasalesiana\/wp-content\/uploads\/sites\/5\/2022\/05\/3-AUX.-COIN.jpg","datePublished":"2022-05-16T15:51:12+00:00","dateModified":"2022-05-16T15:51:15+00:00","author":{"@id":"http:\/\/www.salesianos.edu\/familiasalesiana\/#\/schema\/person\/587f0aaa0bc79792a743343715597b2e"},"breadcrumb":{"@id":"https:\/\/www.salesianos.edu\/familiasalesiana\/recuperacion-de-la-procesion-de-maria-auxiliadora-en-coin\/#breadcrumb"},"inLanguage":"es","potentialAction":[{"@type":"ReadAction","target":["https:\/\/www.salesianos.edu\/familiasalesiana\/recuperacion-de-la-procesion-de-maria-auxiliadora-en-coin\/"]}]},{"@type":"ImageObject","inLanguage":"es","@id":"https:\/\/www.salesianos.edu\/familiasalesiana\/recuperacion-de-la-procesion-de-maria-auxiliadora-en-coin\/#primaryimage","url":"https:\/\/www.salesianos.edu\/familiasalesiana\/wp-content\/uploads\/sites\/5\/2022\/05\/3-AUX.-COIN.jpg","contentUrl":"https:\/\/www.salesianos.edu\/familiasalesiana\/wp-content\/uploads\/sites\/5\/2022\/05\/3-AUX.-COIN.jpg","width":1080,"height":720},{"@type":"BreadcrumbList","@id":"https:\/\/www.salesianos.edu\/familiasalesiana\/recuperacion-de-la-procesion-de-maria-auxiliadora-en-coin\/#breadcrumb","itemListElement":[{"@type":"ListItem","position":1,"name":"Portada","item":"http:\/\/www.salesianos.edu\/familiasalesiana\/"},{"@type":"ListItem","position":2,"name":"Recuperaci\u00f3n de la procesi\u00f3n de Mar\u00eda Auxiliadora en Co\u00edn"}]},{"@type":"WebSite","@id":"http:\/\/www.salesianos.edu\/familiasalesiana\/#website","url":"http:\/\/www.salesianos.edu\/familiasalesiana\/","name":"Familia Salesiana","description":"P\u00e1gina oficial de Inspector\u00eda Salesiana Mar\u00eda Auxiliadora","potentialAction":[{"@type":"SearchAction","target":{"@type":"EntryPoint","urlTemplate":"http:\/\/www.salesianos.edu\/familiasalesiana\/?s={search_term_string}"},"query-input":{"@type":"PropertyValueSpecification","valueRequired":true,"valueName":"search_term_string"}}],"inLanguage":"es"},{"@type":"Person","@id":"http:\/\/www.salesianos.edu\/familiasalesiana\/#\/schema\/person\/587f0aaa0bc79792a743343715597b2e","name":"carlosmartin","image":{"@type":"ImageObject","inLanguage":"es","@id":"https:\/\/secure.gravatar.com\/avatar\/068204e325b7d19936f9561f323c3c719ed6f2c2a417a8c22c60e194a8bbdb21?s=96&d=mm&r=g","url":"https:\/\/secure.gravatar.com\/avatar\/068204e325b7d19936f9561f323c3c719ed6f2c2a417a8c22c60e194a8bbdb21?s=96&d=mm&r=g","contentUrl":"https:\/\/secure.gravatar.com\/avatar\/068204e325b7d19936f9561f323c3c719ed6f2c2a417a8c22c60e194a8bbdb21?s=96&d=mm&r=g","caption":"carlosmartin"}}]}},"_links":{"self":[{"href":"https:\/\/www.salesianos.edu\/familiasalesiana\/wp-json\/wp\/v2\/posts\/10257","targetHints":{"allow":["GET"]}}],"collection":[{"href":"https:\/\/www.salesianos.edu\/familiasalesiana\/wp-json\/wp\/v2\/posts"}],"about":[{"href":"https:\/\/www.salesianos.edu\/familiasalesiana\/wp-json\/wp\/v2\/types\/post"}],"author":[{"embeddable":true,"href":"https:\/\/www.salesianos.edu\/familiasalesiana\/wp-json\/wp\/v2\/users\/7"}],"replies":[{"embeddable":true,"href":"https:\/\/www.salesianos.edu\/familiasalesiana\/wp-json\/wp\/v2\/comments?post=10257"}],"version-history":[{"count":3,"href":"https:\/\/www.salesianos.edu\/familiasalesiana\/wp-json\/wp\/v2\/posts\/10257\/revisions"}],"predecessor-version":[{"id":10269,"href":"https:\/\/www.salesianos.edu\/familiasalesiana\/wp-json\/wp\/v2\/posts\/10257\/revisions\/10269"}],"wp:featuredmedia":[{"embeddable":true,"href":"https:\/\/www.salesianos.edu\/familiasalesiana\/wp-json\/wp\/v2\/media\/10261"}],"wp:attachment":[{"href":"https:\/\/www.salesianos.edu\/familiasalesiana\/wp-json\/wp\/v2\/media?parent=10257"}],"wp:term":[{"taxonomy":"category","embeddable":true,"href":"https:\/\/www.salesianos.edu\/familiasalesiana\/wp-json\/wp\/v2\/categories?post=10257"},{"taxonomy":"post_tag","embeddable":true,"href":"https:\/\/www.salesianos.edu\/familiasalesiana\/wp-json\/wp\/v2\/tags?post=10257"}],"curies":[{"name":"wp","href":"https:\/\/api.w.org\/{rel}","templated":true}]}}