{"id":10233,"date":"2022-05-14T09:27:21","date_gmt":"2022-05-14T08:27:21","guid":{"rendered":"https:\/\/www.salesianos.edu\/familiasalesiana\/?p=10233"},"modified":"2022-05-14T09:27:24","modified_gmt":"2022-05-14T08:27:24","slug":"maria-auxiliadora-de-calanas-recibe-la-ereccion-canonica-como-asociacion-de-maria-auxiliadora","status":"publish","type":"post","link":"https:\/\/www.salesianos.edu\/familiasalesiana\/maria-auxiliadora-de-calanas-recibe-la-ereccion-canonica-como-asociacion-de-maria-auxiliadora\/","title":{"rendered":"Mar\u00eda Auxiliadora de Cala\u00f1as recibe la erecci\u00f3n can\u00f3nica como Asociaci\u00f3n de Mar\u00eda Auxiliadora"},"content":{"rendered":"<div id=\"fb-root\"><\/div>\n<p>[et_pb_section fb_built=\u00bb1&#8243; admin_label=\u00bbsection\u00bb _builder_version=\u00bb4.16&#8243; global_colors_info=\u00bb{}\u00bb][et_pb_row admin_label=\u00bbrow\u00bb _builder_version=\u00bb4.16&#8243; background_size=\u00bbinitial\u00bb background_position=\u00bbtop_left\u00bb background_repeat=\u00bbrepeat\u00bb global_colors_info=\u00bb{}\u00bb][et_pb_column type=\u00bb4_4&#8243; _builder_version=\u00bb4.16&#8243; custom_padding=\u00bb|||\u00bb global_colors_info=\u00bb{}\u00bb custom_padding__hover=\u00bb|||\u00bb][et_pb_text _builder_version=\u00bb4.17.4&#8243; _module_preset=\u00bbdefault\u00bb hover_enabled=\u00bb0&#8243; global_colors_info=\u00bb{}\u00bb sticky_enabled=\u00bb0&#8243;]<\/p>\n<div class=\"itemIntroText\">\n<p>Desde el Consejo inspectorial de ADMA esperamos que la fiesta de Madre Mazzarello est\u00e9 siendo gozosa y alegre como no pod\u00eda ser de otra manera.<br \/>Como hace unos d\u00edas os informamos el grupo de devotos de Mar\u00eda Auxiliadora de Cala\u00f1as, municipio de Huelva, recientemente ha recibido la erecci\u00f3n can\u00f3nica como Asociaci\u00f3n de Mar\u00eda Auxiliadora y ya han enviado desde Valdocco su diploma de adhesi\u00f3n a la Primaria.<\/p>\n<p>En Cala\u00f1as la devoci\u00f3n a Mar\u00eda Auxiliadora comienza con la llegada de las Hijas de Mar\u00eda Auxiliadora, a pesar de que hace ya a\u00f1os que la \u00faltima comunidad se march\u00f3 la devoci\u00f3n ha seguido viva alentada por un grupo de devotos y bajo la animaci\u00f3n espiritual de las hermanas de la comunidad de Valverde del Camino y los diferentes p\u00e1rrocos que han ido pasando por el pueblo.<\/p>\n<p>La Exposici\u00f3n al Sant\u00edsimo mensual, la visitas a la Virgen, la novena y la salida procesional ha continuado a lo largo de los a\u00f1os. Un buen grupo de devotas han tenido su formaci\u00f3n mensual y participan activamente en las actividades que ADMA organiza a nivel Inspectorial.<\/p>\n<p>Como un regalo de este mes de nuestra Madre Auxiliadora y de nuestra querida Madre Mazzarello , hoy han podido celebrar en la capilla, abierta de nuevo al culto, limpia, adecentada y dignificada como corresponde. Ha costado mucho esfuerzo, pero gracias a la fe de este grupo y a las hermanas que la est\u00e1n animando es ya una realidad.<br \/>Un regalo para todos y una expresi\u00f3n de fe viva y amorosa de este grupo, ya formalmente Asociaci\u00f3n de Mar\u00eda Auxiliadora de Cala\u00f1as.<\/p>\n<p>Muchas gracias, mucho \u00e1nimo para seguir adelante y que Mar\u00eda Auxiliadora siempre sea la maternal protectora de este piadoso pueblo.<\/p>\n<p>Felicidades y gracias por vuestro testimonio.<\/p>\n<\/div>\n<p>[\/et_pb_text][et_pb_gallery _builder_version=\u00bb4.17.4&#8243; _module_preset=\u00bbdefault\u00bb gallery_ids=\u00bb10236,10237,10238,10239,10240,10241,10242,10243,10244,10245,10246,10247,10248,10249,10250,10251,10252&#8243; hover_enabled=\u00bb0&#8243; sticky_enabled=\u00bb0&#8243;][\/et_pb_gallery][\/et_pb_column][\/et_pb_row][\/et_pb_section]<\/p>\n","protected":false},"excerpt":{"rendered":"<p>El grupo de devotos de Mar\u00eda Auxiliadora de Cala\u00f1as, municipio de Huelva, recientemente ha recibido la erecci\u00f3n can\u00f3nica como Asociaci\u00f3n de Mar\u00eda Auxiliadora y ya han enviado desde Valdocco su diploma de adhesi\u00f3n a la Primaria.<\/p>\n","protected":false},"author":7,"featured_media":10235,"comment_status":"open","ping_status":"open","sticky":false,"template":"","format":"standard","meta":{"_et_pb_use_builder":"on","_et_pb_old_content":"","_et_gb_content_width":"","footnotes":""},"categories":[53],"tags":[],"class_list":["post-10233","post","type-post","status-publish","format-standard","has-post-thumbnail","hentry","category-adma"],"yoast_head":"<!-- This site is optimized with the Yoast SEO plugin v27.5 - https:\/\/yoast.com\/product\/yoast-seo-wordpress\/ -->\n<title>Mar\u00eda Auxiliadora de Cala\u00f1as recibe la erecci\u00f3n can\u00f3nica como Asociaci\u00f3n de Mar\u00eda Auxiliadora - Familia Salesiana<\/title>\n<meta name=\"robots\" content=\"index, follow, max-snippet:-1, max-image-preview:large, max-video-preview:-1\" \/>\n<link rel=\"canonical\" href=\"https:\/\/www.salesianos.edu\/familiasalesiana\/maria-auxiliadora-de-calanas-recibe-la-ereccion-canonica-como-asociacion-de-maria-auxiliadora\/\" \/>\n<meta property=\"og:locale\" content=\"es_ES\" \/>\n<meta property=\"og:type\" content=\"article\" \/>\n<meta property=\"og:title\" content=\"Mar\u00eda Auxiliadora de Cala\u00f1as recibe la erecci\u00f3n can\u00f3nica como Asociaci\u00f3n de Mar\u00eda Auxiliadora - Familia Salesiana\" \/>\n<meta property=\"og:description\" content=\"El grupo de devotos de Mar\u00eda Auxiliadora de Cala\u00f1as, municipio de Huelva, recientemente ha recibido la erecci\u00f3n can\u00f3nica como Asociaci\u00f3n de Mar\u00eda Auxiliadora y ya han enviado desde Valdocco su diploma de adhesi\u00f3n a la Primaria.\" \/>\n<meta property=\"og:url\" content=\"https:\/\/www.salesianos.edu\/familiasalesiana\/maria-auxiliadora-de-calanas-recibe-la-ereccion-canonica-como-asociacion-de-maria-auxiliadora\/\" \/>\n<meta property=\"og:site_name\" content=\"Familia Salesiana\" \/>\n<meta property=\"article:published_time\" content=\"2022-05-14T08:27:21+00:00\" \/>\n<meta property=\"article:modified_time\" content=\"2022-05-14T08:27:24+00:00\" \/>\n<meta property=\"og:image\" content=\"https:\/\/www.salesianos.edu\/familiasalesiana\/wp-content\/uploads\/sites\/5\/2022\/05\/WhatsApp-Image-2022-05-14-at-10.19.50-AM.jpeg\" \/>\n\t<meta property=\"og:image:width\" content=\"1080\" \/>\n\t<meta property=\"og:image:height\" content=\"810\" \/>\n\t<meta property=\"og:image:type\" content=\"image\/jpeg\" \/>\n<meta name=\"author\" content=\"carlosmartin\" \/>\n<meta name=\"twitter:card\" content=\"summary_large_image\" \/>\n<meta name=\"twitter:label1\" content=\"Escrito por\" \/>\n\t<meta name=\"twitter:data1\" content=\"carlosmartin\" \/>\n\t<meta name=\"twitter:label2\" content=\"Tiempo de lectura\" \/>\n\t<meta name=\"twitter:data2\" content=\"2 minutos\" \/>\n<script type=\"application\/ld+json\" class=\"yoast-schema-graph\">{\"@context\":\"https:\\\/\\\/schema.org\",\"@graph\":[{\"@type\":\"Article\",\"@id\":\"https:\\\/\\\/www.salesianos.edu\\\/familiasalesiana\\\/maria-auxiliadora-de-calanas-recibe-la-ereccion-canonica-como-asociacion-de-maria-auxiliadora\\\/#article\",\"isPartOf\":{\"@id\":\"https:\\\/\\\/www.salesianos.edu\\\/familiasalesiana\\\/maria-auxiliadora-de-calanas-recibe-la-ereccion-canonica-como-asociacion-de-maria-auxiliadora\\\/\"},\"author\":{\"name\":\"carlosmartin\",\"@id\":\"http:\\\/\\\/www.salesianos.edu\\\/familiasalesiana\\\/#\\\/schema\\\/person\\\/587f0aaa0bc79792a743343715597b2e\"},\"headline\":\"Mar\u00eda Auxiliadora de Cala\u00f1as recibe la erecci\u00f3n can\u00f3nica como Asociaci\u00f3n de Mar\u00eda Auxiliadora\",\"datePublished\":\"2022-05-14T08:27:21+00:00\",\"dateModified\":\"2022-05-14T08:27:24+00:00\",\"mainEntityOfPage\":{\"@id\":\"https:\\\/\\\/www.salesianos.edu\\\/familiasalesiana\\\/maria-auxiliadora-de-calanas-recibe-la-ereccion-canonica-como-asociacion-de-maria-auxiliadora\\\/\"},\"wordCount\":425,\"commentCount\":1,\"image\":{\"@id\":\"https:\\\/\\\/www.salesianos.edu\\\/familiasalesiana\\\/maria-auxiliadora-de-calanas-recibe-la-ereccion-canonica-como-asociacion-de-maria-auxiliadora\\\/#primaryimage\"},\"thumbnailUrl\":\"https:\\\/\\\/www.salesianos.edu\\\/familiasalesiana\\\/wp-content\\\/uploads\\\/sites\\\/5\\\/2022\\\/05\\\/WhatsApp-Image-2022-05-14-at-10.19.50-AM.jpeg\",\"articleSection\":[\"ADMA\"],\"inLanguage\":\"es\",\"potentialAction\":[{\"@type\":\"CommentAction\",\"name\":\"Comment\",\"target\":[\"https:\\\/\\\/www.salesianos.edu\\\/familiasalesiana\\\/maria-auxiliadora-de-calanas-recibe-la-ereccion-canonica-como-asociacion-de-maria-auxiliadora\\\/#respond\"]}]},{\"@type\":\"WebPage\",\"@id\":\"https:\\\/\\\/www.salesianos.edu\\\/familiasalesiana\\\/maria-auxiliadora-de-calanas-recibe-la-ereccion-canonica-como-asociacion-de-maria-auxiliadora\\\/\",\"url\":\"https:\\\/\\\/www.salesianos.edu\\\/familiasalesiana\\\/maria-auxiliadora-de-calanas-recibe-la-ereccion-canonica-como-asociacion-de-maria-auxiliadora\\\/\",\"name\":\"Mar\u00eda Auxiliadora de Cala\u00f1as recibe la erecci\u00f3n can\u00f3nica como Asociaci\u00f3n de Mar\u00eda Auxiliadora - Familia Salesiana\",\"isPartOf\":{\"@id\":\"http:\\\/\\\/www.salesianos.edu\\\/familiasalesiana\\\/#website\"},\"primaryImageOfPage\":{\"@id\":\"https:\\\/\\\/www.salesianos.edu\\\/familiasalesiana\\\/maria-auxiliadora-de-calanas-recibe-la-ereccion-canonica-como-asociacion-de-maria-auxiliadora\\\/#primaryimage\"},\"image\":{\"@id\":\"https:\\\/\\\/www.salesianos.edu\\\/familiasalesiana\\\/maria-auxiliadora-de-calanas-recibe-la-ereccion-canonica-como-asociacion-de-maria-auxiliadora\\\/#primaryimage\"},\"thumbnailUrl\":\"https:\\\/\\\/www.salesianos.edu\\\/familiasalesiana\\\/wp-content\\\/uploads\\\/sites\\\/5\\\/2022\\\/05\\\/WhatsApp-Image-2022-05-14-at-10.19.50-AM.jpeg\",\"datePublished\":\"2022-05-14T08:27:21+00:00\",\"dateModified\":\"2022-05-14T08:27:24+00:00\",\"author\":{\"@id\":\"http:\\\/\\\/www.salesianos.edu\\\/familiasalesiana\\\/#\\\/schema\\\/person\\\/587f0aaa0bc79792a743343715597b2e\"},\"breadcrumb\":{\"@id\":\"https:\\\/\\\/www.salesianos.edu\\\/familiasalesiana\\\/maria-auxiliadora-de-calanas-recibe-la-ereccion-canonica-como-asociacion-de-maria-auxiliadora\\\/#breadcrumb\"},\"inLanguage\":\"es\",\"potentialAction\":[{\"@type\":\"ReadAction\",\"target\":[\"https:\\\/\\\/www.salesianos.edu\\\/familiasalesiana\\\/maria-auxiliadora-de-calanas-recibe-la-ereccion-canonica-como-asociacion-de-maria-auxiliadora\\\/\"]}]},{\"@type\":\"ImageObject\",\"inLanguage\":\"es\",\"@id\":\"https:\\\/\\\/www.salesianos.edu\\\/familiasalesiana\\\/maria-auxiliadora-de-calanas-recibe-la-ereccion-canonica-como-asociacion-de-maria-auxiliadora\\\/#primaryimage\",\"url\":\"https:\\\/\\\/www.salesianos.edu\\\/familiasalesiana\\\/wp-content\\\/uploads\\\/sites\\\/5\\\/2022\\\/05\\\/WhatsApp-Image-2022-05-14-at-10.19.50-AM.jpeg\",\"contentUrl\":\"https:\\\/\\\/www.salesianos.edu\\\/familiasalesiana\\\/wp-content\\\/uploads\\\/sites\\\/5\\\/2022\\\/05\\\/WhatsApp-Image-2022-05-14-at-10.19.50-AM.jpeg\",\"width\":1080,\"height\":810},{\"@type\":\"BreadcrumbList\",\"@id\":\"https:\\\/\\\/www.salesianos.edu\\\/familiasalesiana\\\/maria-auxiliadora-de-calanas-recibe-la-ereccion-canonica-como-asociacion-de-maria-auxiliadora\\\/#breadcrumb\",\"itemListElement\":[{\"@type\":\"ListItem\",\"position\":1,\"name\":\"Portada\",\"item\":\"http:\\\/\\\/www.salesianos.edu\\\/familiasalesiana\\\/\"},{\"@type\":\"ListItem\",\"position\":2,\"name\":\"Mar\u00eda Auxiliadora de Cala\u00f1as recibe la erecci\u00f3n can\u00f3nica como Asociaci\u00f3n de Mar\u00eda Auxiliadora\"}]},{\"@type\":\"WebSite\",\"@id\":\"http:\\\/\\\/www.salesianos.edu\\\/familiasalesiana\\\/#website\",\"url\":\"http:\\\/\\\/www.salesianos.edu\\\/familiasalesiana\\\/\",\"name\":\"Familia Salesiana\",\"description\":\"P\u00e1gina oficial de Inspector\u00eda Salesiana Mar\u00eda Auxiliadora\",\"potentialAction\":[{\"@type\":\"SearchAction\",\"target\":{\"@type\":\"EntryPoint\",\"urlTemplate\":\"http:\\\/\\\/www.salesianos.edu\\\/familiasalesiana\\\/?s={search_term_string}\"},\"query-input\":{\"@type\":\"PropertyValueSpecification\",\"valueRequired\":true,\"valueName\":\"search_term_string\"}}],\"inLanguage\":\"es\"},{\"@type\":\"Person\",\"@id\":\"http:\\\/\\\/www.salesianos.edu\\\/familiasalesiana\\\/#\\\/schema\\\/person\\\/587f0aaa0bc79792a743343715597b2e\",\"name\":\"carlosmartin\",\"image\":{\"@type\":\"ImageObject\",\"inLanguage\":\"es\",\"@id\":\"https:\\\/\\\/secure.gravatar.com\\\/avatar\\\/068204e325b7d19936f9561f323c3c719ed6f2c2a417a8c22c60e194a8bbdb21?s=96&d=mm&r=g\",\"url\":\"https:\\\/\\\/secure.gravatar.com\\\/avatar\\\/068204e325b7d19936f9561f323c3c719ed6f2c2a417a8c22c60e194a8bbdb21?s=96&d=mm&r=g\",\"contentUrl\":\"https:\\\/\\\/secure.gravatar.com\\\/avatar\\\/068204e325b7d19936f9561f323c3c719ed6f2c2a417a8c22c60e194a8bbdb21?s=96&d=mm&r=g\",\"caption\":\"carlosmartin\"}}]}<\/script>\n<!-- \/ Yoast SEO plugin. -->","yoast_head_json":{"title":"Mar\u00eda Auxiliadora de Cala\u00f1as recibe la erecci\u00f3n can\u00f3nica como Asociaci\u00f3n de Mar\u00eda Auxiliadora - Familia Salesiana","robots":{"index":"index","follow":"follow","max-snippet":"max-snippet:-1","max-image-preview":"max-image-preview:large","max-video-preview":"max-video-preview:-1"},"canonical":"https:\/\/www.salesianos.edu\/familiasalesiana\/maria-auxiliadora-de-calanas-recibe-la-ereccion-canonica-como-asociacion-de-maria-auxiliadora\/","og_locale":"es_ES","og_type":"article","og_title":"Mar\u00eda Auxiliadora de Cala\u00f1as recibe la erecci\u00f3n can\u00f3nica como Asociaci\u00f3n de Mar\u00eda Auxiliadora - Familia Salesiana","og_description":"El grupo de devotos de Mar\u00eda Auxiliadora de Cala\u00f1as, municipio de Huelva, recientemente ha recibido la erecci\u00f3n can\u00f3nica como Asociaci\u00f3n de Mar\u00eda Auxiliadora y ya han enviado desde Valdocco su diploma de adhesi\u00f3n a la Primaria.","og_url":"https:\/\/www.salesianos.edu\/familiasalesiana\/maria-auxiliadora-de-calanas-recibe-la-ereccion-canonica-como-asociacion-de-maria-auxiliadora\/","og_site_name":"Familia Salesiana","article_published_time":"2022-05-14T08:27:21+00:00","article_modified_time":"2022-05-14T08:27:24+00:00","og_image":[{"width":1080,"height":810,"url":"https:\/\/www.salesianos.edu\/familiasalesiana\/wp-content\/uploads\/sites\/5\/2022\/05\/WhatsApp-Image-2022-05-14-at-10.19.50-AM.jpeg","type":"image\/jpeg"}],"author":"carlosmartin","twitter_card":"summary_large_image","twitter_misc":{"Escrito por":"carlosmartin","Tiempo de lectura":"2 minutos"},"schema":{"@context":"https:\/\/schema.org","@graph":[{"@type":"Article","@id":"https:\/\/www.salesianos.edu\/familiasalesiana\/maria-auxiliadora-de-calanas-recibe-la-ereccion-canonica-como-asociacion-de-maria-auxiliadora\/#article","isPartOf":{"@id":"https:\/\/www.salesianos.edu\/familiasalesiana\/maria-auxiliadora-de-calanas-recibe-la-ereccion-canonica-como-asociacion-de-maria-auxiliadora\/"},"author":{"name":"carlosmartin","@id":"http:\/\/www.salesianos.edu\/familiasalesiana\/#\/schema\/person\/587f0aaa0bc79792a743343715597b2e"},"headline":"Mar\u00eda Auxiliadora de Cala\u00f1as recibe la erecci\u00f3n can\u00f3nica como Asociaci\u00f3n de Mar\u00eda Auxiliadora","datePublished":"2022-05-14T08:27:21+00:00","dateModified":"2022-05-14T08:27:24+00:00","mainEntityOfPage":{"@id":"https:\/\/www.salesianos.edu\/familiasalesiana\/maria-auxiliadora-de-calanas-recibe-la-ereccion-canonica-como-asociacion-de-maria-auxiliadora\/"},"wordCount":425,"commentCount":1,"image":{"@id":"https:\/\/www.salesianos.edu\/familiasalesiana\/maria-auxiliadora-de-calanas-recibe-la-ereccion-canonica-como-asociacion-de-maria-auxiliadora\/#primaryimage"},"thumbnailUrl":"https:\/\/www.salesianos.edu\/familiasalesiana\/wp-content\/uploads\/sites\/5\/2022\/05\/WhatsApp-Image-2022-05-14-at-10.19.50-AM.jpeg","articleSection":["ADMA"],"inLanguage":"es","potentialAction":[{"@type":"CommentAction","name":"Comment","target":["https:\/\/www.salesianos.edu\/familiasalesiana\/maria-auxiliadora-de-calanas-recibe-la-ereccion-canonica-como-asociacion-de-maria-auxiliadora\/#respond"]}]},{"@type":"WebPage","@id":"https:\/\/www.salesianos.edu\/familiasalesiana\/maria-auxiliadora-de-calanas-recibe-la-ereccion-canonica-como-asociacion-de-maria-auxiliadora\/","url":"https:\/\/www.salesianos.edu\/familiasalesiana\/maria-auxiliadora-de-calanas-recibe-la-ereccion-canonica-como-asociacion-de-maria-auxiliadora\/","name":"Mar\u00eda Auxiliadora de Cala\u00f1as recibe la erecci\u00f3n can\u00f3nica como Asociaci\u00f3n de Mar\u00eda Auxiliadora - Familia Salesiana","isPartOf":{"@id":"http:\/\/www.salesianos.edu\/familiasalesiana\/#website"},"primaryImageOfPage":{"@id":"https:\/\/www.salesianos.edu\/familiasalesiana\/maria-auxiliadora-de-calanas-recibe-la-ereccion-canonica-como-asociacion-de-maria-auxiliadora\/#primaryimage"},"image":{"@id":"https:\/\/www.salesianos.edu\/familiasalesiana\/maria-auxiliadora-de-calanas-recibe-la-ereccion-canonica-como-asociacion-de-maria-auxiliadora\/#primaryimage"},"thumbnailUrl":"https:\/\/www.salesianos.edu\/familiasalesiana\/wp-content\/uploads\/sites\/5\/2022\/05\/WhatsApp-Image-2022-05-14-at-10.19.50-AM.jpeg","datePublished":"2022-05-14T08:27:21+00:00","dateModified":"2022-05-14T08:27:24+00:00","author":{"@id":"http:\/\/www.salesianos.edu\/familiasalesiana\/#\/schema\/person\/587f0aaa0bc79792a743343715597b2e"},"breadcrumb":{"@id":"https:\/\/www.salesianos.edu\/familiasalesiana\/maria-auxiliadora-de-calanas-recibe-la-ereccion-canonica-como-asociacion-de-maria-auxiliadora\/#breadcrumb"},"inLanguage":"es","potentialAction":[{"@type":"ReadAction","target":["https:\/\/www.salesianos.edu\/familiasalesiana\/maria-auxiliadora-de-calanas-recibe-la-ereccion-canonica-como-asociacion-de-maria-auxiliadora\/"]}]},{"@type":"ImageObject","inLanguage":"es","@id":"https:\/\/www.salesianos.edu\/familiasalesiana\/maria-auxiliadora-de-calanas-recibe-la-ereccion-canonica-como-asociacion-de-maria-auxiliadora\/#primaryimage","url":"https:\/\/www.salesianos.edu\/familiasalesiana\/wp-content\/uploads\/sites\/5\/2022\/05\/WhatsApp-Image-2022-05-14-at-10.19.50-AM.jpeg","contentUrl":"https:\/\/www.salesianos.edu\/familiasalesiana\/wp-content\/uploads\/sites\/5\/2022\/05\/WhatsApp-Image-2022-05-14-at-10.19.50-AM.jpeg","width":1080,"height":810},{"@type":"BreadcrumbList","@id":"https:\/\/www.salesianos.edu\/familiasalesiana\/maria-auxiliadora-de-calanas-recibe-la-ereccion-canonica-como-asociacion-de-maria-auxiliadora\/#breadcrumb","itemListElement":[{"@type":"ListItem","position":1,"name":"Portada","item":"http:\/\/www.salesianos.edu\/familiasalesiana\/"},{"@type":"ListItem","position":2,"name":"Mar\u00eda Auxiliadora de Cala\u00f1as recibe la erecci\u00f3n can\u00f3nica como Asociaci\u00f3n de Mar\u00eda Auxiliadora"}]},{"@type":"WebSite","@id":"http:\/\/www.salesianos.edu\/familiasalesiana\/#website","url":"http:\/\/www.salesianos.edu\/familiasalesiana\/","name":"Familia Salesiana","description":"P\u00e1gina oficial de Inspector\u00eda Salesiana Mar\u00eda Auxiliadora","potentialAction":[{"@type":"SearchAction","target":{"@type":"EntryPoint","urlTemplate":"http:\/\/www.salesianos.edu\/familiasalesiana\/?s={search_term_string}"},"query-input":{"@type":"PropertyValueSpecification","valueRequired":true,"valueName":"search_term_string"}}],"inLanguage":"es"},{"@type":"Person","@id":"http:\/\/www.salesianos.edu\/familiasalesiana\/#\/schema\/person\/587f0aaa0bc79792a743343715597b2e","name":"carlosmartin","image":{"@type":"ImageObject","inLanguage":"es","@id":"https:\/\/secure.gravatar.com\/avatar\/068204e325b7d19936f9561f323c3c719ed6f2c2a417a8c22c60e194a8bbdb21?s=96&d=mm&r=g","url":"https:\/\/secure.gravatar.com\/avatar\/068204e325b7d19936f9561f323c3c719ed6f2c2a417a8c22c60e194a8bbdb21?s=96&d=mm&r=g","contentUrl":"https:\/\/secure.gravatar.com\/avatar\/068204e325b7d19936f9561f323c3c719ed6f2c2a417a8c22c60e194a8bbdb21?s=96&d=mm&r=g","caption":"carlosmartin"}}]}},"_links":{"self":[{"href":"https:\/\/www.salesianos.edu\/familiasalesiana\/wp-json\/wp\/v2\/posts\/10233","targetHints":{"allow":["GET"]}}],"collection":[{"href":"https:\/\/www.salesianos.edu\/familiasalesiana\/wp-json\/wp\/v2\/posts"}],"about":[{"href":"https:\/\/www.salesianos.edu\/familiasalesiana\/wp-json\/wp\/v2\/types\/post"}],"author":[{"embeddable":true,"href":"https:\/\/www.salesianos.edu\/familiasalesiana\/wp-json\/wp\/v2\/users\/7"}],"replies":[{"embeddable":true,"href":"https:\/\/www.salesianos.edu\/familiasalesiana\/wp-json\/wp\/v2\/comments?post=10233"}],"version-history":[{"count":3,"href":"https:\/\/www.salesianos.edu\/familiasalesiana\/wp-json\/wp\/v2\/posts\/10233\/revisions"}],"predecessor-version":[{"id":10255,"href":"https:\/\/www.salesianos.edu\/familiasalesiana\/wp-json\/wp\/v2\/posts\/10233\/revisions\/10255"}],"wp:featuredmedia":[{"embeddable":true,"href":"https:\/\/www.salesianos.edu\/familiasalesiana\/wp-json\/wp\/v2\/media\/10235"}],"wp:attachment":[{"href":"https:\/\/www.salesianos.edu\/familiasalesiana\/wp-json\/wp\/v2\/media?parent=10233"}],"wp:term":[{"taxonomy":"category","embeddable":true,"href":"https:\/\/www.salesianos.edu\/familiasalesiana\/wp-json\/wp\/v2\/categories?post=10233"},{"taxonomy":"post_tag","embeddable":true,"href":"https:\/\/www.salesianos.edu\/familiasalesiana\/wp-json\/wp\/v2\/tags?post=10233"}],"curies":[{"name":"wp","href":"https:\/\/api.w.org\/{rel}","templated":true}]}}