{"id":10172,"date":"2022-04-26T11:53:42","date_gmt":"2022-04-26T10:53:42","guid":{"rendered":"https:\/\/www.salesianos.edu\/familiasalesiana\/?p=10172"},"modified":"2022-05-12T21:11:20","modified_gmt":"2022-05-12T20:11:20","slug":"lecturas-sobre-madre-mazzarello","status":"publish","type":"post","link":"https:\/\/www.salesianos.edu\/familiasalesiana\/lecturas-sobre-madre-mazzarello\/","title":{"rendered":"Lecturas sobre Madre Mazzarello con el Consejo Inspectorial de la Asociaci\u00f3n de Mar\u00eda Auxiliadora"},"content":{"rendered":"<div id=\"fb-root\"><\/div>\n<p>[et_pb_section fb_built=\u00bb1&#8243; admin_label=\u00bbsection\u00bb _builder_version=\u00bb4.16&#8243; global_colors_info=\u00bb{}\u00bb][et_pb_row admin_label=\u00bbrow\u00bb _builder_version=\u00bb4.16&#8243; background_size=\u00bbinitial\u00bb background_position=\u00bbtop_left\u00bb background_repeat=\u00bbrepeat\u00bb global_colors_info=\u00bb{}\u00bb][et_pb_column type=\u00bb4_4&#8243; _builder_version=\u00bb4.16&#8243; custom_padding=\u00bb|||\u00bb global_colors_info=\u00bb{}\u00bb custom_padding__hover=\u00bb|||\u00bb][et_pb_text _builder_version=\u00bb4.17.3&#8243; global_colors_info=\u00bb{}\u00bb]<\/p>\n<div>Por ADMA\u00a0 \u00a0|<b><br \/><\/b><\/div>\n<p>[\/et_pb_text][et_pb_text _builder_version=\u00bb4.17.3&#8243; global_colors_info=\u00bb{}\u00bb]<\/p>\n<p>Como ya es costumbre de este Consejo en los primeros d\u00edas de Mayo ofreceremos en la WEB una lectura continuada relacionada con la vida de Madre Mazzarello por estar cercana la fecha del 13 de Mayo en la que celebramos su vida.<\/p>\n<p>Este a\u00f1o al pedir a las Hijas de Mar\u00eda Auxiliadora una lectura acorde con la efem\u00e9rides que est\u00e1n celebrando, su Vicaria, sor Isabel P\u00e9rez, nos ha propuesto unas preciosas lecturas, un total de 10, que van acompa\u00f1adas de una canci\u00f3n, para cada d\u00eda.<\/p>\n<p>La primera lectura aparecer\u00e1 en la WEB el 3 de mayo, y la \u00faltima, el 13.<\/p>\n<p>Iremos recordando c\u00f3mo fueron sus inicios desde la intuici\u00f3n de Don Bosco, de responder a las necesidades de las j\u00f3venes hasta la realizaci\u00f3n de la Fundaci\u00f3n del Instituto.<br \/>Esperamos desde el Consejo disfrutemos y nos acerquemos m\u00e1s a la figura de Madre Mazzarello.<\/p>\n<p>Buen mes de mayo.<\/p>\n<p>[\/et_pb_text][et_pb_button button_url=\u00bbhttps:\/\/drive.google.com\/file\/d\/1L-EB4qDW8m9XlbZ9o-Rb2oe0Cvaavy1e\/view\u00bb button_text=\u00bbPr\u00f3logo del autor\u00bb button_alignment=\u00bbcenter\u00bb disabled_on=\u00bbon|on|on\u00bb _builder_version=\u00bb4.16&#8243; _module_preset=\u00bbdefault\u00bb custom_button=\u00bbon\u00bb button_text_color=\u00bb#FFFFFF\u00bb button_bg_color=\u00bb#DC001B\u00bb button_border_radius=\u00bb10px\u00bb disabled=\u00bbon\u00bb global_colors_info=\u00bb{}\u00bb][\/et_pb_button][et_pb_audio audio=\u00bbhttp:\/\/www.salesianos.edu\/familiasalesiana\/wp-content\/uploads\/sites\/5\/2022\/04\/3-de-mayo.-Mari-Lourdes.mp3&#8243; title=\u00bb3 de mayo\u00bb artist_name=\u00bbMari Lourdes\u00bb disabled_on=\u00bboff|off|off\u00bb _builder_version=\u00bb4.17.3&#8243; _module_preset=\u00bbdefault\u00bb global_colors_info=\u00bb{}\u00bb][\/et_pb_audio][et_pb_audio audio=\u00bbhttp:\/\/www.salesianos.edu\/familiasalesiana\/wp-content\/uploads\/sites\/5\/2022\/04\/4-de-mayo.-Concha-Marina.mp3&#8243; title=\u00bb4 de mayo\u00bb artist_name=\u00bbConcha Marina\u00bb disabled_on=\u00bboff|off|off\u00bb _builder_version=\u00bb4.17.3&#8243; _module_preset=\u00bbdefault\u00bb global_colors_info=\u00bb{}\u00bb][\/et_pb_audio][et_pb_audio audio=\u00bbhttp:\/\/www.salesianos.edu\/familiasalesiana\/wp-content\/uploads\/sites\/5\/2022\/04\/5-de-mayo-Sor-Reyes.mp3&#8243; title=\u00bb5 de mayo\u00bb artist_name=\u00bbSor Reyes\u00bb disabled_on=\u00bboff|off|off\u00bb _builder_version=\u00bb4.17.3&#8243; _module_preset=\u00bbdefault\u00bb global_colors_info=\u00bb{}\u00bb][\/et_pb_audio][et_pb_audio audio=\u00bbhttp:\/\/www.salesianos.edu\/familiasalesiana\/wp-content\/uploads\/sites\/5\/2022\/04\/6-de-mayo.-Federico-Pe\u0301rez.mp3&#8243; title=\u00bb6 de mayo\u00bb artist_name=\u00bbFederico P\u00e9rez\u00bb disabled_on=\u00bboff|off|off\u00bb _builder_version=\u00bb4.17.3&#8243; _module_preset=\u00bbdefault\u00bb global_colors_info=\u00bb{}\u00bb][\/et_pb_audio][et_pb_audio audio=\u00bbhttp:\/\/www.salesianos.edu\/familiasalesiana\/wp-content\/uploads\/sites\/5\/2022\/04\/7-de-mayo.mp3&#8243; title=\u00bb7 de mayo\u00bb artist_name=\u00bbAna Mar\u00eda Diaz\u00bb disabled_on=\u00bboff|off|off\u00bb _builder_version=\u00bb4.17.3&#8243; _module_preset=\u00bbdefault\u00bb global_colors_info=\u00bb{}\u00bb][\/et_pb_audio][et_pb_audio audio=\u00bbhttp:\/\/www.salesianos.edu\/familiasalesiana\/wp-content\/uploads\/sites\/5\/2022\/04\/8-de-mayo.-Luis-Carlos-Lo\u0301pez.mp3&#8243; title=\u00bb8 de mayo\u00bb artist_name=\u00bbLuis Carlos L\u00f3pez \u00bb disabled_on=\u00bboff|off|off\u00bb _builder_version=\u00bb4.17.3&#8243; _module_preset=\u00bbdefault\u00bb global_colors_info=\u00bb{}\u00bb][\/et_pb_audio][et_pb_audio audio=\u00bbhttp:\/\/www.salesianos.edu\/familiasalesiana\/wp-content\/uploads\/sites\/5\/2022\/04\/9-de-mayo.-Rosa-de-Ca\u0301diz.mp3&#8243; title=\u00bb9 de mayo\u00bb artist_name=\u00bbRosa\u00bb disabled_on=\u00bboff|off|off\u00bb _builder_version=\u00bb4.17.3&#8243; _module_preset=\u00bbdefault\u00bb global_colors_info=\u00bb{}\u00bb][\/et_pb_audio][et_pb_audio audio=\u00bbhttp:\/\/www.salesianos.edu\/familiasalesiana\/wp-content\/uploads\/sites\/5\/2022\/04\/10-de-mayo.-Loli-Gonzalez.mp3&#8243; title=\u00bb10 de mayo\u00bb artist_name=\u00bbLoli Gonzalez\u00bb disabled_on=\u00bboff|off|off\u00bb _builder_version=\u00bb4.17.3&#8243; _module_preset=\u00bbdefault\u00bb global_colors_info=\u00bb{}\u00bb][\/et_pb_audio][et_pb_audio audio=\u00bbhttp:\/\/www.salesianos.edu\/familiasalesiana\/wp-content\/uploads\/sites\/5\/2022\/04\/11-de-mayo.mp3&#8243; title=\u00bb11 de mayo\u00bb artist_name=\u00bbTo\u00f1i Santana\u00bb disabled_on=\u00bboff|off|off\u00bb _builder_version=\u00bb4.17.3&#8243; _module_preset=\u00bbdefault\u00bb global_colors_info=\u00bb{}\u00bb][\/et_pb_audio][et_pb_audio audio=\u00bbhttp:\/\/www.salesianos.edu\/familiasalesiana\/wp-content\/uploads\/sites\/5\/2022\/04\/12-de-mayo-Mari\u0301a-Marvizon.mp3&#8243; title=\u00bb12 de mayo\u00bb artist_name=\u00bbMar\u00eda Marvizon\u00bb disabled_on=\u00bboff|off|off\u00bb _builder_version=\u00bb4.17.3&#8243; _module_preset=\u00bbdefault\u00bb global_colors_info=\u00bb{}\u00bb][\/et_pb_audio][et_pb_audio audio=\u00bbhttp:\/\/www.salesianos.edu\/familiasalesiana\/wp-content\/uploads\/sites\/5\/2022\/04\/13-de-mayo-Juan-Manuel-Melgar.mp3&#8243; title=\u00bb13 de mayo\u00bb artist_name=\u00bbDon Juan Manuel Melgar\u00bb disabled_on=\u00bboff|off|off\u00bb _builder_version=\u00bb4.17.3&#8243; _module_preset=\u00bbdefault\u00bb global_colors_info=\u00bb{}\u00bb][\/et_pb_audio][\/et_pb_column][\/et_pb_row][\/et_pb_section]<\/p>\n","protected":false},"excerpt":{"rendered":"<p>El Consejo Inspectorial de ADMA compartir\u00e1 diariamente un fragmento sobre Madre Mazzarello<\/p>\n","protected":false},"author":7,"featured_media":10174,"comment_status":"open","ping_status":"open","sticky":false,"template":"","format":"standard","meta":{"_et_pb_use_builder":"on","_et_pb_old_content":"","_et_gb_content_width":"","footnotes":""},"categories":[53,60,15],"tags":[],"class_list":["post-10172","post","type-post","status-publish","format-standard","has-post-thumbnail","hentry","category-adma","category-curso21-22","category-portada"],"yoast_head":"<!-- This site is optimized with the Yoast SEO plugin v27.5 - https:\/\/yoast.com\/product\/yoast-seo-wordpress\/ -->\n<title>Lecturas sobre Madre Mazzarello con el Consejo Inspectorial de la Asociaci\u00f3n de Mar\u00eda Auxiliadora - Familia Salesiana<\/title>\n<meta name=\"robots\" content=\"index, follow, max-snippet:-1, max-image-preview:large, max-video-preview:-1\" \/>\n<link rel=\"canonical\" href=\"http:\/\/www.salesianos.edu\/familiasalesiana\/lecturas-sobre-madre-mazzarello\/\" \/>\n<meta property=\"og:locale\" content=\"es_ES\" \/>\n<meta property=\"og:type\" content=\"article\" \/>\n<meta property=\"og:title\" content=\"Lecturas sobre Madre Mazzarello con el Consejo Inspectorial de la Asociaci\u00f3n de Mar\u00eda Auxiliadora - Familia Salesiana\" \/>\n<meta property=\"og:description\" content=\"El Consejo Inspectorial de ADMA compartir\u00e1 diariamente un fragmento sobre Madre Mazzarello\" \/>\n<meta property=\"og:url\" content=\"http:\/\/www.salesianos.edu\/familiasalesiana\/lecturas-sobre-madre-mazzarello\/\" \/>\n<meta property=\"og:site_name\" content=\"Familia Salesiana\" \/>\n<meta property=\"article:published_time\" content=\"2022-04-26T10:53:42+00:00\" \/>\n<meta property=\"article:modified_time\" content=\"2022-05-12T20:11:20+00:00\" \/>\n<meta property=\"og:image\" content=\"http:\/\/www.salesianos.edu\/familiasalesiana\/wp-content\/uploads\/sites\/5\/2022\/04\/MAZZARELLO.jpeg\" \/>\n\t<meta property=\"og:image:width\" content=\"1500\" \/>\n\t<meta property=\"og:image:height\" content=\"798\" \/>\n\t<meta property=\"og:image:type\" content=\"image\/jpeg\" \/>\n<meta name=\"author\" content=\"carlosmartin\" \/>\n<meta name=\"twitter:card\" content=\"summary_large_image\" \/>\n<meta name=\"twitter:label1\" content=\"Escrito por\" \/>\n\t<meta name=\"twitter:data1\" content=\"carlosmartin\" \/>\n\t<meta name=\"twitter:label2\" content=\"Tiempo de lectura\" \/>\n\t<meta name=\"twitter:data2\" content=\"2 minutos\" \/>\n<script type=\"application\/ld+json\" class=\"yoast-schema-graph\">{\"@context\":\"https:\\\/\\\/schema.org\",\"@graph\":[{\"@type\":\"Article\",\"@id\":\"http:\\\/\\\/www.salesianos.edu\\\/familiasalesiana\\\/lecturas-sobre-madre-mazzarello\\\/#article\",\"isPartOf\":{\"@id\":\"http:\\\/\\\/www.salesianos.edu\\\/familiasalesiana\\\/lecturas-sobre-madre-mazzarello\\\/\"},\"author\":{\"name\":\"carlosmartin\",\"@id\":\"http:\\\/\\\/www.salesianos.edu\\\/familiasalesiana\\\/#\\\/schema\\\/person\\\/587f0aaa0bc79792a743343715597b2e\"},\"headline\":\"Lecturas sobre Madre Mazzarello con el Consejo Inspectorial de la Asociaci\u00f3n de Mar\u00eda Auxiliadora\",\"datePublished\":\"2022-04-26T10:53:42+00:00\",\"dateModified\":\"2022-05-12T20:11:20+00:00\",\"mainEntityOfPage\":{\"@id\":\"http:\\\/\\\/www.salesianos.edu\\\/familiasalesiana\\\/lecturas-sobre-madre-mazzarello\\\/\"},\"wordCount\":744,\"commentCount\":4,\"image\":{\"@id\":\"http:\\\/\\\/www.salesianos.edu\\\/familiasalesiana\\\/lecturas-sobre-madre-mazzarello\\\/#primaryimage\"},\"thumbnailUrl\":\"https:\\\/\\\/www.salesianos.edu\\\/familiasalesiana\\\/wp-content\\\/uploads\\\/sites\\\/5\\\/2022\\\/04\\\/MAZZARELLO.jpeg\",\"articleSection\":[\"ADMA\",\"Curso21-22\",\"portada\"],\"inLanguage\":\"es\",\"potentialAction\":[{\"@type\":\"CommentAction\",\"name\":\"Comment\",\"target\":[\"http:\\\/\\\/www.salesianos.edu\\\/familiasalesiana\\\/lecturas-sobre-madre-mazzarello\\\/#respond\"]}]},{\"@type\":\"WebPage\",\"@id\":\"http:\\\/\\\/www.salesianos.edu\\\/familiasalesiana\\\/lecturas-sobre-madre-mazzarello\\\/\",\"url\":\"http:\\\/\\\/www.salesianos.edu\\\/familiasalesiana\\\/lecturas-sobre-madre-mazzarello\\\/\",\"name\":\"Lecturas sobre Madre Mazzarello con el Consejo Inspectorial de la Asociaci\u00f3n de Mar\u00eda Auxiliadora - Familia Salesiana\",\"isPartOf\":{\"@id\":\"http:\\\/\\\/www.salesianos.edu\\\/familiasalesiana\\\/#website\"},\"primaryImageOfPage\":{\"@id\":\"http:\\\/\\\/www.salesianos.edu\\\/familiasalesiana\\\/lecturas-sobre-madre-mazzarello\\\/#primaryimage\"},\"image\":{\"@id\":\"http:\\\/\\\/www.salesianos.edu\\\/familiasalesiana\\\/lecturas-sobre-madre-mazzarello\\\/#primaryimage\"},\"thumbnailUrl\":\"https:\\\/\\\/www.salesianos.edu\\\/familiasalesiana\\\/wp-content\\\/uploads\\\/sites\\\/5\\\/2022\\\/04\\\/MAZZARELLO.jpeg\",\"datePublished\":\"2022-04-26T10:53:42+00:00\",\"dateModified\":\"2022-05-12T20:11:20+00:00\",\"author\":{\"@id\":\"http:\\\/\\\/www.salesianos.edu\\\/familiasalesiana\\\/#\\\/schema\\\/person\\\/587f0aaa0bc79792a743343715597b2e\"},\"breadcrumb\":{\"@id\":\"http:\\\/\\\/www.salesianos.edu\\\/familiasalesiana\\\/lecturas-sobre-madre-mazzarello\\\/#breadcrumb\"},\"inLanguage\":\"es\",\"potentialAction\":[{\"@type\":\"ReadAction\",\"target\":[\"http:\\\/\\\/www.salesianos.edu\\\/familiasalesiana\\\/lecturas-sobre-madre-mazzarello\\\/\"]}]},{\"@type\":\"ImageObject\",\"inLanguage\":\"es\",\"@id\":\"http:\\\/\\\/www.salesianos.edu\\\/familiasalesiana\\\/lecturas-sobre-madre-mazzarello\\\/#primaryimage\",\"url\":\"https:\\\/\\\/www.salesianos.edu\\\/familiasalesiana\\\/wp-content\\\/uploads\\\/sites\\\/5\\\/2022\\\/04\\\/MAZZARELLO.jpeg\",\"contentUrl\":\"https:\\\/\\\/www.salesianos.edu\\\/familiasalesiana\\\/wp-content\\\/uploads\\\/sites\\\/5\\\/2022\\\/04\\\/MAZZARELLO.jpeg\",\"width\":1500,\"height\":798},{\"@type\":\"BreadcrumbList\",\"@id\":\"http:\\\/\\\/www.salesianos.edu\\\/familiasalesiana\\\/lecturas-sobre-madre-mazzarello\\\/#breadcrumb\",\"itemListElement\":[{\"@type\":\"ListItem\",\"position\":1,\"name\":\"Portada\",\"item\":\"http:\\\/\\\/www.salesianos.edu\\\/familiasalesiana\\\/\"},{\"@type\":\"ListItem\",\"position\":2,\"name\":\"Lecturas sobre Madre Mazzarello con el Consejo Inspectorial de la Asociaci\u00f3n de Mar\u00eda Auxiliadora\"}]},{\"@type\":\"WebSite\",\"@id\":\"http:\\\/\\\/www.salesianos.edu\\\/familiasalesiana\\\/#website\",\"url\":\"http:\\\/\\\/www.salesianos.edu\\\/familiasalesiana\\\/\",\"name\":\"Familia Salesiana\",\"description\":\"P\u00e1gina oficial de Inspector\u00eda Salesiana Mar\u00eda Auxiliadora\",\"potentialAction\":[{\"@type\":\"SearchAction\",\"target\":{\"@type\":\"EntryPoint\",\"urlTemplate\":\"http:\\\/\\\/www.salesianos.edu\\\/familiasalesiana\\\/?s={search_term_string}\"},\"query-input\":{\"@type\":\"PropertyValueSpecification\",\"valueRequired\":true,\"valueName\":\"search_term_string\"}}],\"inLanguage\":\"es\"},{\"@type\":\"Person\",\"@id\":\"http:\\\/\\\/www.salesianos.edu\\\/familiasalesiana\\\/#\\\/schema\\\/person\\\/587f0aaa0bc79792a743343715597b2e\",\"name\":\"carlosmartin\",\"image\":{\"@type\":\"ImageObject\",\"inLanguage\":\"es\",\"@id\":\"https:\\\/\\\/secure.gravatar.com\\\/avatar\\\/068204e325b7d19936f9561f323c3c719ed6f2c2a417a8c22c60e194a8bbdb21?s=96&d=mm&r=g\",\"url\":\"https:\\\/\\\/secure.gravatar.com\\\/avatar\\\/068204e325b7d19936f9561f323c3c719ed6f2c2a417a8c22c60e194a8bbdb21?s=96&d=mm&r=g\",\"contentUrl\":\"https:\\\/\\\/secure.gravatar.com\\\/avatar\\\/068204e325b7d19936f9561f323c3c719ed6f2c2a417a8c22c60e194a8bbdb21?s=96&d=mm&r=g\",\"caption\":\"carlosmartin\"}}]}<\/script>\n<!-- \/ Yoast SEO plugin. -->","yoast_head_json":{"title":"Lecturas sobre Madre Mazzarello con el Consejo Inspectorial de la Asociaci\u00f3n de Mar\u00eda Auxiliadora - Familia Salesiana","robots":{"index":"index","follow":"follow","max-snippet":"max-snippet:-1","max-image-preview":"max-image-preview:large","max-video-preview":"max-video-preview:-1"},"canonical":"http:\/\/www.salesianos.edu\/familiasalesiana\/lecturas-sobre-madre-mazzarello\/","og_locale":"es_ES","og_type":"article","og_title":"Lecturas sobre Madre Mazzarello con el Consejo Inspectorial de la Asociaci\u00f3n de Mar\u00eda Auxiliadora - Familia Salesiana","og_description":"El Consejo Inspectorial de ADMA compartir\u00e1 diariamente un fragmento sobre Madre Mazzarello","og_url":"http:\/\/www.salesianos.edu\/familiasalesiana\/lecturas-sobre-madre-mazzarello\/","og_site_name":"Familia Salesiana","article_published_time":"2022-04-26T10:53:42+00:00","article_modified_time":"2022-05-12T20:11:20+00:00","og_image":[{"width":1500,"height":798,"url":"http:\/\/www.salesianos.edu\/familiasalesiana\/wp-content\/uploads\/sites\/5\/2022\/04\/MAZZARELLO.jpeg","type":"image\/jpeg"}],"author":"carlosmartin","twitter_card":"summary_large_image","twitter_misc":{"Escrito por":"carlosmartin","Tiempo de lectura":"2 minutos"},"schema":{"@context":"https:\/\/schema.org","@graph":[{"@type":"Article","@id":"http:\/\/www.salesianos.edu\/familiasalesiana\/lecturas-sobre-madre-mazzarello\/#article","isPartOf":{"@id":"http:\/\/www.salesianos.edu\/familiasalesiana\/lecturas-sobre-madre-mazzarello\/"},"author":{"name":"carlosmartin","@id":"http:\/\/www.salesianos.edu\/familiasalesiana\/#\/schema\/person\/587f0aaa0bc79792a743343715597b2e"},"headline":"Lecturas sobre Madre Mazzarello con el Consejo Inspectorial de la Asociaci\u00f3n de Mar\u00eda Auxiliadora","datePublished":"2022-04-26T10:53:42+00:00","dateModified":"2022-05-12T20:11:20+00:00","mainEntityOfPage":{"@id":"http:\/\/www.salesianos.edu\/familiasalesiana\/lecturas-sobre-madre-mazzarello\/"},"wordCount":744,"commentCount":4,"image":{"@id":"http:\/\/www.salesianos.edu\/familiasalesiana\/lecturas-sobre-madre-mazzarello\/#primaryimage"},"thumbnailUrl":"https:\/\/www.salesianos.edu\/familiasalesiana\/wp-content\/uploads\/sites\/5\/2022\/04\/MAZZARELLO.jpeg","articleSection":["ADMA","Curso21-22","portada"],"inLanguage":"es","potentialAction":[{"@type":"CommentAction","name":"Comment","target":["http:\/\/www.salesianos.edu\/familiasalesiana\/lecturas-sobre-madre-mazzarello\/#respond"]}]},{"@type":"WebPage","@id":"http:\/\/www.salesianos.edu\/familiasalesiana\/lecturas-sobre-madre-mazzarello\/","url":"http:\/\/www.salesianos.edu\/familiasalesiana\/lecturas-sobre-madre-mazzarello\/","name":"Lecturas sobre Madre Mazzarello con el Consejo Inspectorial de la Asociaci\u00f3n de Mar\u00eda Auxiliadora - Familia Salesiana","isPartOf":{"@id":"http:\/\/www.salesianos.edu\/familiasalesiana\/#website"},"primaryImageOfPage":{"@id":"http:\/\/www.salesianos.edu\/familiasalesiana\/lecturas-sobre-madre-mazzarello\/#primaryimage"},"image":{"@id":"http:\/\/www.salesianos.edu\/familiasalesiana\/lecturas-sobre-madre-mazzarello\/#primaryimage"},"thumbnailUrl":"https:\/\/www.salesianos.edu\/familiasalesiana\/wp-content\/uploads\/sites\/5\/2022\/04\/MAZZARELLO.jpeg","datePublished":"2022-04-26T10:53:42+00:00","dateModified":"2022-05-12T20:11:20+00:00","author":{"@id":"http:\/\/www.salesianos.edu\/familiasalesiana\/#\/schema\/person\/587f0aaa0bc79792a743343715597b2e"},"breadcrumb":{"@id":"http:\/\/www.salesianos.edu\/familiasalesiana\/lecturas-sobre-madre-mazzarello\/#breadcrumb"},"inLanguage":"es","potentialAction":[{"@type":"ReadAction","target":["http:\/\/www.salesianos.edu\/familiasalesiana\/lecturas-sobre-madre-mazzarello\/"]}]},{"@type":"ImageObject","inLanguage":"es","@id":"http:\/\/www.salesianos.edu\/familiasalesiana\/lecturas-sobre-madre-mazzarello\/#primaryimage","url":"https:\/\/www.salesianos.edu\/familiasalesiana\/wp-content\/uploads\/sites\/5\/2022\/04\/MAZZARELLO.jpeg","contentUrl":"https:\/\/www.salesianos.edu\/familiasalesiana\/wp-content\/uploads\/sites\/5\/2022\/04\/MAZZARELLO.jpeg","width":1500,"height":798},{"@type":"BreadcrumbList","@id":"http:\/\/www.salesianos.edu\/familiasalesiana\/lecturas-sobre-madre-mazzarello\/#breadcrumb","itemListElement":[{"@type":"ListItem","position":1,"name":"Portada","item":"http:\/\/www.salesianos.edu\/familiasalesiana\/"},{"@type":"ListItem","position":2,"name":"Lecturas sobre Madre Mazzarello con el Consejo Inspectorial de la Asociaci\u00f3n de Mar\u00eda Auxiliadora"}]},{"@type":"WebSite","@id":"http:\/\/www.salesianos.edu\/familiasalesiana\/#website","url":"http:\/\/www.salesianos.edu\/familiasalesiana\/","name":"Familia Salesiana","description":"P\u00e1gina oficial de Inspector\u00eda Salesiana Mar\u00eda Auxiliadora","potentialAction":[{"@type":"SearchAction","target":{"@type":"EntryPoint","urlTemplate":"http:\/\/www.salesianos.edu\/familiasalesiana\/?s={search_term_string}"},"query-input":{"@type":"PropertyValueSpecification","valueRequired":true,"valueName":"search_term_string"}}],"inLanguage":"es"},{"@type":"Person","@id":"http:\/\/www.salesianos.edu\/familiasalesiana\/#\/schema\/person\/587f0aaa0bc79792a743343715597b2e","name":"carlosmartin","image":{"@type":"ImageObject","inLanguage":"es","@id":"https:\/\/secure.gravatar.com\/avatar\/068204e325b7d19936f9561f323c3c719ed6f2c2a417a8c22c60e194a8bbdb21?s=96&d=mm&r=g","url":"https:\/\/secure.gravatar.com\/avatar\/068204e325b7d19936f9561f323c3c719ed6f2c2a417a8c22c60e194a8bbdb21?s=96&d=mm&r=g","contentUrl":"https:\/\/secure.gravatar.com\/avatar\/068204e325b7d19936f9561f323c3c719ed6f2c2a417a8c22c60e194a8bbdb21?s=96&d=mm&r=g","caption":"carlosmartin"}}]}},"_links":{"self":[{"href":"https:\/\/www.salesianos.edu\/familiasalesiana\/wp-json\/wp\/v2\/posts\/10172","targetHints":{"allow":["GET"]}}],"collection":[{"href":"https:\/\/www.salesianos.edu\/familiasalesiana\/wp-json\/wp\/v2\/posts"}],"about":[{"href":"https:\/\/www.salesianos.edu\/familiasalesiana\/wp-json\/wp\/v2\/types\/post"}],"author":[{"embeddable":true,"href":"https:\/\/www.salesianos.edu\/familiasalesiana\/wp-json\/wp\/v2\/users\/7"}],"replies":[{"embeddable":true,"href":"https:\/\/www.salesianos.edu\/familiasalesiana\/wp-json\/wp\/v2\/comments?post=10172"}],"version-history":[{"count":19,"href":"https:\/\/www.salesianos.edu\/familiasalesiana\/wp-json\/wp\/v2\/posts\/10172\/revisions"}],"predecessor-version":[{"id":10225,"href":"https:\/\/www.salesianos.edu\/familiasalesiana\/wp-json\/wp\/v2\/posts\/10172\/revisions\/10225"}],"wp:featuredmedia":[{"embeddable":true,"href":"https:\/\/www.salesianos.edu\/familiasalesiana\/wp-json\/wp\/v2\/media\/10174"}],"wp:attachment":[{"href":"https:\/\/www.salesianos.edu\/familiasalesiana\/wp-json\/wp\/v2\/media?parent=10172"}],"wp:term":[{"taxonomy":"category","embeddable":true,"href":"https:\/\/www.salesianos.edu\/familiasalesiana\/wp-json\/wp\/v2\/categories?post=10172"},{"taxonomy":"post_tag","embeddable":true,"href":"https:\/\/www.salesianos.edu\/familiasalesiana\/wp-json\/wp\/v2\/tags?post=10172"}],"curies":[{"name":"wp","href":"https:\/\/api.w.org\/{rel}","templated":true}]}}