{"id":10152,"date":"2022-04-01T08:21:17","date_gmt":"2022-04-01T07:21:17","guid":{"rendered":"https:\/\/www.salesianos.edu\/familiasalesiana\/?p=10152"},"modified":"2022-04-01T08:41:45","modified_gmt":"2022-04-01T07:41:45","slug":"una-asamblea-federal-historica-para-los-antiguos-alumnos-de-don-bosco","status":"publish","type":"post","link":"https:\/\/www.salesianos.edu\/familiasalesiana\/una-asamblea-federal-historica-para-los-antiguos-alumnos-de-don-bosco\/","title":{"rendered":"Una Asamblea Federal hist\u00f3rica para los Antiguos Alumnos de Don Bosco"},"content":{"rendered":"<div id=\"fb-root\"><\/div>\n<p>[et_pb_section fb_built=\u00bb1&#8243; admin_label=\u00bbsection\u00bb _builder_version=\u00bb4.15&#8243; global_colors_info=\u00bb{}\u00bb][et_pb_row admin_label=\u00bbrow\u00bb _builder_version=\u00bb4.15&#8243; background_size=\u00bbinitial\u00bb background_position=\u00bbtop_left\u00bb background_repeat=\u00bbrepeat\u00bb global_colors_info=\u00bb{}\u00bb][et_pb_column type=\u00bb4_4&#8243; _builder_version=\u00bb4.15&#8243; custom_padding=\u00bb|||\u00bb global_colors_info=\u00bb{}\u00bb custom_padding__hover=\u00bb|||\u00bb][et_pb_text _builder_version=\u00bb4.15.1&#8243; _module_preset=\u00bbdefault\u00bb hover_enabled=\u00bb0&#8243; global_colors_info=\u00bb{}\u00bb sticky_enabled=\u00bb0&#8243;]<\/p>\n<p>Los pasados d\u00edas 19 y 20 de marzo, las asociaciones locales de la Federaci\u00f3n Regional de AA.AA de Don Bosco de la Inspector\u00eda Salesiana Mar\u00eda Auxiliadora, zona sur, celebraron su <strong>III Asamblea Federal, <\/strong>en la ciudad de Arcos de la Frontera (C\u00e1diz). \u00abLa misma, se celebraba con muchas ganas e ilusi\u00f3n por parte de los que asistimos ya que era la primera que realiz\u00e1bamos en el formato original de un fin de semana completo tras la pandemia\u00bb explicaba el vocal de comunicaci\u00f3n de la Federaci\u00f3n.<\/p>\n<p>Las mismas fuentes, cuentan que fue una asamblea hist\u00f3rica, ya que en la misma coincidi\u00f3 en la misma persona el cargo de Presidente Nacional y de Presidente Regional, <strong>Diego Arag\u00f3n<\/strong>. Participaron 30 consejeros, el Delegado regional, el Delegado de Familia Salesiana\u00a0 y un Delegado local. \u00a0Tras la oraci\u00f3n de bienvenida y de agradecimiento al Esp\u00edritu Santo, tom\u00f3 la palabrael Presidente regional para agradecer a todos la bienvenida y la asistencia. Tras estas palabras se pas\u00f3 a constituir la mesa de la Asamblea.<\/p>\n<ol>\n<li><strong>Ceferino Moreno<\/strong>, tesorero de la Federaci\u00f3n present\u00f3 la informaci\u00f3n econ\u00f3mica, la cual fue aprobada por unanimidad. Diego Arag\u00f3n present\u00f3 la memoria de actividades. En la memoria, se quiso recalcar tres hitos importantes, la primera, la importancia que la Federaci\u00f3n da a las asociaciones locales, celebr\u00e1ndose las ejecutivas regionales de forma itinerante. La segunda, el mayo de la suerte, y por \u00faltimo, se quiso destacar el importante papel que los j\u00f3venes tienen en nuestra Federaci\u00f3n.<\/li>\n<li><strong>Javier Marqu\u00e9s<\/strong> present\u00f3 el informe de los j\u00f3venes, en donde quiso destacar la importancia que los j\u00f3venes est\u00e1n adquiriendo en las juntas locales de nuestras asociaciones y record\u00f3 que en octubre se llevar\u00e1 a cabo el Encuentro regional Joven, que este a\u00f1o se celebrar\u00e1 en <strong>Pozoblanco<\/strong>. Tambi\u00e9n nos present\u00f3 el informe de comunicaciones. Jos\u00e9 Puerto, director de la Revista La Quincenal destac\u00f3 el avance de la misma y el cambio de formato de la revista pasando a tener una edici\u00f3n m\u00e1s moderna y cercana a los tiempos actuales.<\/li>\n<\/ol>\n<p>Los diferentes presidentes de las Asociaciones locales de nuestra Federaci\u00f3n nos hicieron un informe sobre el estado actual de las mismas y nos presentaron su calendario de actividades.<\/p>\n<p>Por la tarde tanto los consejeros como sus acompa\u00f1antes tuvieron la posibilidad de visitar C\u00e1diz. Se termin\u00f3 el d\u00eda celebrando una Eucarist\u00eda de acci\u00f3n de gracias por el curso vivido en la Iglesia del Colegio Salesianos de C\u00e1diz.<\/p>\n<p>Al d\u00eda siguiente, se celebr\u00f3 la Asamblea extraordinaria electiva, ya que el Presidente dejaba el cargo por haber sido elegido como Presidente Nacional. A esta asamblea se present\u00f3 una sola candidatura, la encabezada por <strong>Jos\u00e9 Puerto<\/strong>, el cual fue elegido Presidente, por aclamaci\u00f3n por toda la asamblea. Jos\u00e9 Puerto se dirigi\u00f3 a la Asamblea dando las gracias por el apoyo mostrado y poni\u00e9ndose a disposici\u00f3n de todos para todo cuanto se necesite por parte de la nueva Ejecutiva Federal. Por \u00faltimo agradeci\u00f3 a Diego Arag\u00f3n el apoyo mostrado y el trabajo realizado durante estos siete a\u00f1os en donde ha conseguido tener a una Federaci\u00f3n fuerte y muy unida.<\/p>\n<p>La asamblea termin\u00f3 con las palabras de despedida de Diego Arag\u00f3n donde \u00e9l tambi\u00e9n quiso agradecer en primer lugar a toda su junta y posteriormente a todas las locales por el apoyo que ha tenido durante estos siete a\u00f1os, se puso a disposici\u00f3n de la nueva Ejecutiva para todo cuanto se le necesite.<\/p>\n<p>[\/et_pb_text][deg_elastic_gallery gallery_ids=\u00bb10160,10159,10158,10157,10156,10155&#8243; _builder_version=\u00bb4.15.1&#8243; _module_preset=\u00bbdefault\u00bb global_colors_info=\u00bb{}\u00bb][\/deg_elastic_gallery][\/et_pb_column][\/et_pb_row][\/et_pb_section]<\/p>\n","protected":false},"excerpt":{"rendered":"<p>Celebrada en Arcos de la Frontera en el mes de marzo<\/p>\n","protected":false},"author":5,"featured_media":10156,"comment_status":"open","ping_status":"open","sticky":false,"template":"","format":"standard","meta":{"_et_pb_use_builder":"on","_et_pb_old_content":"","_et_gb_content_width":"","footnotes":""},"categories":[54],"tags":[],"class_list":["post-10152","post","type-post","status-publish","format-standard","has-post-thumbnail","hentry","category-antiguos-alumnos"],"yoast_head":"<!-- This site is optimized with the Yoast SEO plugin v27.5 - https:\/\/yoast.com\/product\/yoast-seo-wordpress\/ -->\n<title>Una Asamblea Federal hist\u00f3rica para los Antiguos Alumnos de Don Bosco - Familia Salesiana<\/title>\n<meta name=\"robots\" content=\"index, follow, max-snippet:-1, max-image-preview:large, max-video-preview:-1\" \/>\n<link rel=\"canonical\" href=\"https:\/\/www.salesianos.edu\/familiasalesiana\/una-asamblea-federal-historica-para-los-antiguos-alumnos-de-don-bosco\/\" \/>\n<meta property=\"og:locale\" content=\"es_ES\" \/>\n<meta property=\"og:type\" content=\"article\" \/>\n<meta property=\"og:title\" content=\"Una Asamblea Federal hist\u00f3rica para los Antiguos Alumnos de Don Bosco - Familia Salesiana\" \/>\n<meta property=\"og:description\" content=\"Celebrada en Arcos de la Frontera en el mes de marzo\" \/>\n<meta property=\"og:url\" content=\"https:\/\/www.salesianos.edu\/familiasalesiana\/una-asamblea-federal-historica-para-los-antiguos-alumnos-de-don-bosco\/\" \/>\n<meta property=\"og:site_name\" content=\"Familia Salesiana\" \/>\n<meta property=\"article:published_time\" content=\"2022-04-01T07:21:17+00:00\" \/>\n<meta property=\"article:modified_time\" content=\"2022-04-01T07:41:45+00:00\" \/>\n<meta property=\"og:image\" content=\"https:\/\/www.salesianos.edu\/familiasalesiana\/wp-content\/uploads\/sites\/5\/2022\/04\/20220320_102017-scaled.jpg\" \/>\n\t<meta property=\"og:image:width\" content=\"2560\" \/>\n\t<meta property=\"og:image:height\" content=\"1440\" \/>\n\t<meta property=\"og:image:type\" content=\"image\/jpeg\" \/>\n<meta name=\"author\" content=\"martapeirat\" \/>\n<meta name=\"twitter:card\" content=\"summary_large_image\" \/>\n<meta name=\"twitter:label1\" content=\"Escrito por\" \/>\n\t<meta name=\"twitter:data1\" content=\"martapeirat\" \/>\n\t<meta name=\"twitter:label2\" content=\"Tiempo de lectura\" \/>\n\t<meta name=\"twitter:data2\" content=\"3 minutos\" \/>\n<script type=\"application\/ld+json\" class=\"yoast-schema-graph\">{\"@context\":\"https:\\\/\\\/schema.org\",\"@graph\":[{\"@type\":\"Article\",\"@id\":\"https:\\\/\\\/www.salesianos.edu\\\/familiasalesiana\\\/una-asamblea-federal-historica-para-los-antiguos-alumnos-de-don-bosco\\\/#article\",\"isPartOf\":{\"@id\":\"https:\\\/\\\/www.salesianos.edu\\\/familiasalesiana\\\/una-asamblea-federal-historica-para-los-antiguos-alumnos-de-don-bosco\\\/\"},\"author\":{\"name\":\"martapeirat\",\"@id\":\"http:\\\/\\\/www.salesianos.edu\\\/familiasalesiana\\\/#\\\/schema\\\/person\\\/20a80be1bb4e0ed82068c57facf5b237\"},\"headline\":\"Una Asamblea Federal hist\u00f3rica para los Antiguos Alumnos de Don Bosco\",\"datePublished\":\"2022-04-01T07:21:17+00:00\",\"dateModified\":\"2022-04-01T07:41:45+00:00\",\"mainEntityOfPage\":{\"@id\":\"https:\\\/\\\/www.salesianos.edu\\\/familiasalesiana\\\/una-asamblea-federal-historica-para-los-antiguos-alumnos-de-don-bosco\\\/\"},\"wordCount\":704,\"commentCount\":0,\"image\":{\"@id\":\"https:\\\/\\\/www.salesianos.edu\\\/familiasalesiana\\\/una-asamblea-federal-historica-para-los-antiguos-alumnos-de-don-bosco\\\/#primaryimage\"},\"thumbnailUrl\":\"https:\\\/\\\/www.salesianos.edu\\\/familiasalesiana\\\/wp-content\\\/uploads\\\/sites\\\/5\\\/2022\\\/04\\\/20220320_102017-scaled.jpg\",\"articleSection\":[\"Antiguos Alumnos\"],\"inLanguage\":\"es\",\"potentialAction\":[{\"@type\":\"CommentAction\",\"name\":\"Comment\",\"target\":[\"https:\\\/\\\/www.salesianos.edu\\\/familiasalesiana\\\/una-asamblea-federal-historica-para-los-antiguos-alumnos-de-don-bosco\\\/#respond\"]}]},{\"@type\":\"WebPage\",\"@id\":\"https:\\\/\\\/www.salesianos.edu\\\/familiasalesiana\\\/una-asamblea-federal-historica-para-los-antiguos-alumnos-de-don-bosco\\\/\",\"url\":\"https:\\\/\\\/www.salesianos.edu\\\/familiasalesiana\\\/una-asamblea-federal-historica-para-los-antiguos-alumnos-de-don-bosco\\\/\",\"name\":\"Una Asamblea Federal hist\u00f3rica para los Antiguos Alumnos de Don Bosco - Familia Salesiana\",\"isPartOf\":{\"@id\":\"http:\\\/\\\/www.salesianos.edu\\\/familiasalesiana\\\/#website\"},\"primaryImageOfPage\":{\"@id\":\"https:\\\/\\\/www.salesianos.edu\\\/familiasalesiana\\\/una-asamblea-federal-historica-para-los-antiguos-alumnos-de-don-bosco\\\/#primaryimage\"},\"image\":{\"@id\":\"https:\\\/\\\/www.salesianos.edu\\\/familiasalesiana\\\/una-asamblea-federal-historica-para-los-antiguos-alumnos-de-don-bosco\\\/#primaryimage\"},\"thumbnailUrl\":\"https:\\\/\\\/www.salesianos.edu\\\/familiasalesiana\\\/wp-content\\\/uploads\\\/sites\\\/5\\\/2022\\\/04\\\/20220320_102017-scaled.jpg\",\"datePublished\":\"2022-04-01T07:21:17+00:00\",\"dateModified\":\"2022-04-01T07:41:45+00:00\",\"author\":{\"@id\":\"http:\\\/\\\/www.salesianos.edu\\\/familiasalesiana\\\/#\\\/schema\\\/person\\\/20a80be1bb4e0ed82068c57facf5b237\"},\"breadcrumb\":{\"@id\":\"https:\\\/\\\/www.salesianos.edu\\\/familiasalesiana\\\/una-asamblea-federal-historica-para-los-antiguos-alumnos-de-don-bosco\\\/#breadcrumb\"},\"inLanguage\":\"es\",\"potentialAction\":[{\"@type\":\"ReadAction\",\"target\":[\"https:\\\/\\\/www.salesianos.edu\\\/familiasalesiana\\\/una-asamblea-federal-historica-para-los-antiguos-alumnos-de-don-bosco\\\/\"]}]},{\"@type\":\"ImageObject\",\"inLanguage\":\"es\",\"@id\":\"https:\\\/\\\/www.salesianos.edu\\\/familiasalesiana\\\/una-asamblea-federal-historica-para-los-antiguos-alumnos-de-don-bosco\\\/#primaryimage\",\"url\":\"https:\\\/\\\/www.salesianos.edu\\\/familiasalesiana\\\/wp-content\\\/uploads\\\/sites\\\/5\\\/2022\\\/04\\\/20220320_102017-scaled.jpg\",\"contentUrl\":\"https:\\\/\\\/www.salesianos.edu\\\/familiasalesiana\\\/wp-content\\\/uploads\\\/sites\\\/5\\\/2022\\\/04\\\/20220320_102017-scaled.jpg\",\"width\":2560,\"height\":1440},{\"@type\":\"BreadcrumbList\",\"@id\":\"https:\\\/\\\/www.salesianos.edu\\\/familiasalesiana\\\/una-asamblea-federal-historica-para-los-antiguos-alumnos-de-don-bosco\\\/#breadcrumb\",\"itemListElement\":[{\"@type\":\"ListItem\",\"position\":1,\"name\":\"Portada\",\"item\":\"http:\\\/\\\/www.salesianos.edu\\\/familiasalesiana\\\/\"},{\"@type\":\"ListItem\",\"position\":2,\"name\":\"Una Asamblea Federal hist\u00f3rica para los Antiguos Alumnos de Don Bosco\"}]},{\"@type\":\"WebSite\",\"@id\":\"http:\\\/\\\/www.salesianos.edu\\\/familiasalesiana\\\/#website\",\"url\":\"http:\\\/\\\/www.salesianos.edu\\\/familiasalesiana\\\/\",\"name\":\"Familia Salesiana\",\"description\":\"P\u00e1gina oficial de Inspector\u00eda Salesiana Mar\u00eda Auxiliadora\",\"potentialAction\":[{\"@type\":\"SearchAction\",\"target\":{\"@type\":\"EntryPoint\",\"urlTemplate\":\"http:\\\/\\\/www.salesianos.edu\\\/familiasalesiana\\\/?s={search_term_string}\"},\"query-input\":{\"@type\":\"PropertyValueSpecification\",\"valueRequired\":true,\"valueName\":\"search_term_string\"}}],\"inLanguage\":\"es\"},{\"@type\":\"Person\",\"@id\":\"http:\\\/\\\/www.salesianos.edu\\\/familiasalesiana\\\/#\\\/schema\\\/person\\\/20a80be1bb4e0ed82068c57facf5b237\",\"name\":\"martapeirat\",\"image\":{\"@type\":\"ImageObject\",\"inLanguage\":\"es\",\"@id\":\"https:\\\/\\\/secure.gravatar.com\\\/avatar\\\/1139b81b40ed1dde466563679597db378e7092bbfdd7ebb264c437fedde866d7?s=96&d=mm&r=g\",\"url\":\"https:\\\/\\\/secure.gravatar.com\\\/avatar\\\/1139b81b40ed1dde466563679597db378e7092bbfdd7ebb264c437fedde866d7?s=96&d=mm&r=g\",\"contentUrl\":\"https:\\\/\\\/secure.gravatar.com\\\/avatar\\\/1139b81b40ed1dde466563679597db378e7092bbfdd7ebb264c437fedde866d7?s=96&d=mm&r=g\",\"caption\":\"martapeirat\"}}]}<\/script>\n<!-- \/ Yoast SEO plugin. -->","yoast_head_json":{"title":"Una Asamblea Federal hist\u00f3rica para los Antiguos Alumnos de Don Bosco - Familia Salesiana","robots":{"index":"index","follow":"follow","max-snippet":"max-snippet:-1","max-image-preview":"max-image-preview:large","max-video-preview":"max-video-preview:-1"},"canonical":"https:\/\/www.salesianos.edu\/familiasalesiana\/una-asamblea-federal-historica-para-los-antiguos-alumnos-de-don-bosco\/","og_locale":"es_ES","og_type":"article","og_title":"Una Asamblea Federal hist\u00f3rica para los Antiguos Alumnos de Don Bosco - Familia Salesiana","og_description":"Celebrada en Arcos de la Frontera en el mes de marzo","og_url":"https:\/\/www.salesianos.edu\/familiasalesiana\/una-asamblea-federal-historica-para-los-antiguos-alumnos-de-don-bosco\/","og_site_name":"Familia Salesiana","article_published_time":"2022-04-01T07:21:17+00:00","article_modified_time":"2022-04-01T07:41:45+00:00","og_image":[{"width":2560,"height":1440,"url":"https:\/\/www.salesianos.edu\/familiasalesiana\/wp-content\/uploads\/sites\/5\/2022\/04\/20220320_102017-scaled.jpg","type":"image\/jpeg"}],"author":"martapeirat","twitter_card":"summary_large_image","twitter_misc":{"Escrito por":"martapeirat","Tiempo de lectura":"3 minutos"},"schema":{"@context":"https:\/\/schema.org","@graph":[{"@type":"Article","@id":"https:\/\/www.salesianos.edu\/familiasalesiana\/una-asamblea-federal-historica-para-los-antiguos-alumnos-de-don-bosco\/#article","isPartOf":{"@id":"https:\/\/www.salesianos.edu\/familiasalesiana\/una-asamblea-federal-historica-para-los-antiguos-alumnos-de-don-bosco\/"},"author":{"name":"martapeirat","@id":"http:\/\/www.salesianos.edu\/familiasalesiana\/#\/schema\/person\/20a80be1bb4e0ed82068c57facf5b237"},"headline":"Una Asamblea Federal hist\u00f3rica para los Antiguos Alumnos de Don Bosco","datePublished":"2022-04-01T07:21:17+00:00","dateModified":"2022-04-01T07:41:45+00:00","mainEntityOfPage":{"@id":"https:\/\/www.salesianos.edu\/familiasalesiana\/una-asamblea-federal-historica-para-los-antiguos-alumnos-de-don-bosco\/"},"wordCount":704,"commentCount":0,"image":{"@id":"https:\/\/www.salesianos.edu\/familiasalesiana\/una-asamblea-federal-historica-para-los-antiguos-alumnos-de-don-bosco\/#primaryimage"},"thumbnailUrl":"https:\/\/www.salesianos.edu\/familiasalesiana\/wp-content\/uploads\/sites\/5\/2022\/04\/20220320_102017-scaled.jpg","articleSection":["Antiguos Alumnos"],"inLanguage":"es","potentialAction":[{"@type":"CommentAction","name":"Comment","target":["https:\/\/www.salesianos.edu\/familiasalesiana\/una-asamblea-federal-historica-para-los-antiguos-alumnos-de-don-bosco\/#respond"]}]},{"@type":"WebPage","@id":"https:\/\/www.salesianos.edu\/familiasalesiana\/una-asamblea-federal-historica-para-los-antiguos-alumnos-de-don-bosco\/","url":"https:\/\/www.salesianos.edu\/familiasalesiana\/una-asamblea-federal-historica-para-los-antiguos-alumnos-de-don-bosco\/","name":"Una Asamblea Federal hist\u00f3rica para los Antiguos Alumnos de Don Bosco - Familia Salesiana","isPartOf":{"@id":"http:\/\/www.salesianos.edu\/familiasalesiana\/#website"},"primaryImageOfPage":{"@id":"https:\/\/www.salesianos.edu\/familiasalesiana\/una-asamblea-federal-historica-para-los-antiguos-alumnos-de-don-bosco\/#primaryimage"},"image":{"@id":"https:\/\/www.salesianos.edu\/familiasalesiana\/una-asamblea-federal-historica-para-los-antiguos-alumnos-de-don-bosco\/#primaryimage"},"thumbnailUrl":"https:\/\/www.salesianos.edu\/familiasalesiana\/wp-content\/uploads\/sites\/5\/2022\/04\/20220320_102017-scaled.jpg","datePublished":"2022-04-01T07:21:17+00:00","dateModified":"2022-04-01T07:41:45+00:00","author":{"@id":"http:\/\/www.salesianos.edu\/familiasalesiana\/#\/schema\/person\/20a80be1bb4e0ed82068c57facf5b237"},"breadcrumb":{"@id":"https:\/\/www.salesianos.edu\/familiasalesiana\/una-asamblea-federal-historica-para-los-antiguos-alumnos-de-don-bosco\/#breadcrumb"},"inLanguage":"es","potentialAction":[{"@type":"ReadAction","target":["https:\/\/www.salesianos.edu\/familiasalesiana\/una-asamblea-federal-historica-para-los-antiguos-alumnos-de-don-bosco\/"]}]},{"@type":"ImageObject","inLanguage":"es","@id":"https:\/\/www.salesianos.edu\/familiasalesiana\/una-asamblea-federal-historica-para-los-antiguos-alumnos-de-don-bosco\/#primaryimage","url":"https:\/\/www.salesianos.edu\/familiasalesiana\/wp-content\/uploads\/sites\/5\/2022\/04\/20220320_102017-scaled.jpg","contentUrl":"https:\/\/www.salesianos.edu\/familiasalesiana\/wp-content\/uploads\/sites\/5\/2022\/04\/20220320_102017-scaled.jpg","width":2560,"height":1440},{"@type":"BreadcrumbList","@id":"https:\/\/www.salesianos.edu\/familiasalesiana\/una-asamblea-federal-historica-para-los-antiguos-alumnos-de-don-bosco\/#breadcrumb","itemListElement":[{"@type":"ListItem","position":1,"name":"Portada","item":"http:\/\/www.salesianos.edu\/familiasalesiana\/"},{"@type":"ListItem","position":2,"name":"Una Asamblea Federal hist\u00f3rica para los Antiguos Alumnos de Don Bosco"}]},{"@type":"WebSite","@id":"http:\/\/www.salesianos.edu\/familiasalesiana\/#website","url":"http:\/\/www.salesianos.edu\/familiasalesiana\/","name":"Familia Salesiana","description":"P\u00e1gina oficial de Inspector\u00eda Salesiana Mar\u00eda Auxiliadora","potentialAction":[{"@type":"SearchAction","target":{"@type":"EntryPoint","urlTemplate":"http:\/\/www.salesianos.edu\/familiasalesiana\/?s={search_term_string}"},"query-input":{"@type":"PropertyValueSpecification","valueRequired":true,"valueName":"search_term_string"}}],"inLanguage":"es"},{"@type":"Person","@id":"http:\/\/www.salesianos.edu\/familiasalesiana\/#\/schema\/person\/20a80be1bb4e0ed82068c57facf5b237","name":"martapeirat","image":{"@type":"ImageObject","inLanguage":"es","@id":"https:\/\/secure.gravatar.com\/avatar\/1139b81b40ed1dde466563679597db378e7092bbfdd7ebb264c437fedde866d7?s=96&d=mm&r=g","url":"https:\/\/secure.gravatar.com\/avatar\/1139b81b40ed1dde466563679597db378e7092bbfdd7ebb264c437fedde866d7?s=96&d=mm&r=g","contentUrl":"https:\/\/secure.gravatar.com\/avatar\/1139b81b40ed1dde466563679597db378e7092bbfdd7ebb264c437fedde866d7?s=96&d=mm&r=g","caption":"martapeirat"}}]}},"_links":{"self":[{"href":"https:\/\/www.salesianos.edu\/familiasalesiana\/wp-json\/wp\/v2\/posts\/10152","targetHints":{"allow":["GET"]}}],"collection":[{"href":"https:\/\/www.salesianos.edu\/familiasalesiana\/wp-json\/wp\/v2\/posts"}],"about":[{"href":"https:\/\/www.salesianos.edu\/familiasalesiana\/wp-json\/wp\/v2\/types\/post"}],"author":[{"embeddable":true,"href":"https:\/\/www.salesianos.edu\/familiasalesiana\/wp-json\/wp\/v2\/users\/5"}],"replies":[{"embeddable":true,"href":"https:\/\/www.salesianos.edu\/familiasalesiana\/wp-json\/wp\/v2\/comments?post=10152"}],"version-history":[{"count":4,"href":"https:\/\/www.salesianos.edu\/familiasalesiana\/wp-json\/wp\/v2\/posts\/10152\/revisions"}],"predecessor-version":[{"id":10164,"href":"https:\/\/www.salesianos.edu\/familiasalesiana\/wp-json\/wp\/v2\/posts\/10152\/revisions\/10164"}],"wp:featuredmedia":[{"embeddable":true,"href":"https:\/\/www.salesianos.edu\/familiasalesiana\/wp-json\/wp\/v2\/media\/10156"}],"wp:attachment":[{"href":"https:\/\/www.salesianos.edu\/familiasalesiana\/wp-json\/wp\/v2\/media?parent=10152"}],"wp:term":[{"taxonomy":"category","embeddable":true,"href":"https:\/\/www.salesianos.edu\/familiasalesiana\/wp-json\/wp\/v2\/categories?post=10152"},{"taxonomy":"post_tag","embeddable":true,"href":"https:\/\/www.salesianos.edu\/familiasalesiana\/wp-json\/wp\/v2\/tags?post=10152"}],"curies":[{"name":"wp","href":"https:\/\/api.w.org\/{rel}","templated":true}]}}