{"id":10117,"date":"2022-03-21T12:16:16","date_gmt":"2022-03-21T11:16:16","guid":{"rendered":"https:\/\/www.salesianos.edu\/familiasalesiana\/?p=10117"},"modified":"2022-03-21T12:17:03","modified_gmt":"2022-03-21T11:17:03","slug":"nombrado-el-nuevo-presidente-regional-de-la-federacion-de-antiguos-alumnos-maria-auxiliadora","status":"publish","type":"post","link":"https:\/\/www.salesianos.edu\/familiasalesiana\/nombrado-el-nuevo-presidente-regional-de-la-federacion-de-antiguos-alumnos-maria-auxiliadora\/","title":{"rendered":"Nombrado el nuevo presidente regional de la Federaci\u00f3n de Antiguos Alumnos \u2018Mar\u00eda Auxiliadora\u2019"},"content":{"rendered":"<div id=\"fb-root\"><\/div>\n<p>[et_pb_section fb_built=\u00bb1&#8243; admin_label=\u00bbsection\u00bb _builder_version=\u00bb4.15&#8243; global_colors_info=\u00bb{}\u00bb][et_pb_row admin_label=\u00bbrow\u00bb _builder_version=\u00bb4.15&#8243; background_size=\u00bbinitial\u00bb background_position=\u00bbtop_left\u00bb background_repeat=\u00bbrepeat\u00bb global_colors_info=\u00bb{}\u00bb][et_pb_column type=\u00bb4_4&#8243; _builder_version=\u00bb4.15&#8243; custom_padding=\u00bb|||\u00bb global_colors_info=\u00bb{}\u00bb custom_padding__hover=\u00bb|||\u00bb][et_pb_text _builder_version=\u00bb4.15.1&#8243; _module_preset=\u00bbdefault\u00bb hover_enabled=\u00bb0&#8243; global_colors_info=\u00bb{}\u00bb sticky_enabled=\u00bb0&#8243;]<\/p>\n<p><span style=\"font-family: arial, helvetica, sans-serif\"><em>Por AA.AA. Comunicaci\u00f3n.<\/em><\/span><\/p>\n<p dir=\"ltr\">\n<p dir=\"ltr\"><span style=\"font-family: arial, helvetica, sans-serif\"><strong>Jos\u00e9 Puerto Aparicio<\/strong>, perteneciente a la casa Salesiana de Carmona y a su Asociaci\u00f3n de Antiguos Alumnos, fue nombrado nuevo presidente regional de la Federaci\u00f3n de Antiguos Alumnos \u2018Mar\u00eda Auxiliadora\u2019 durante la asamblea celebrada en <strong>C\u00e1diz<\/strong> con la presencia de <strong>Luis Fernando \u00c1lvarez<\/strong>, delegado de Familia Salesiana.<\/span><\/p>\n<p dir=\"ltr\">\n<p dir=\"ltr\"><span style=\"font-family: arial, helvetica, sans-serif\">Entre las funciones desempe\u00f1adas se encuentran la de tesorero local de <strong>Carmona<\/strong> desde su fundaci\u00f3n hasta la actualidad. En la Federaci\u00f3n Regional ha sido Secretario de 2016 al 2017, Vocal Regional desde el 2017 hasta este momento, ostentando el servicio como Vocal de Asociaciones Vivero de la Ejecutiva Federal.<\/span><\/p>\n<p>[\/et_pb_text][\/et_pb_column][\/et_pb_row][\/et_pb_section]<\/p>\n","protected":false},"excerpt":{"rendered":"<p>Jos\u00e9 Puerto Aparicio, perteneciente a la casa Salesiana de Carmona, fue elegido durante la asamblea celebrada en C\u00e1diz.<\/p>\n","protected":false},"author":5,"featured_media":10120,"comment_status":"open","ping_status":"open","sticky":false,"template":"","format":"standard","meta":{"_et_pb_use_builder":"on","_et_pb_old_content":"","_et_gb_content_width":"","footnotes":""},"categories":[54,1],"tags":[],"class_list":["post-10117","post","type-post","status-publish","format-standard","has-post-thumbnail","hentry","category-antiguos-alumnos","category-uncategorized"],"yoast_head":"<!-- This site is optimized with the Yoast SEO plugin v27.5 - https:\/\/yoast.com\/product\/yoast-seo-wordpress\/ -->\n<title>Nombrado el nuevo presidente regional de la Federaci\u00f3n de Antiguos Alumnos \u2018Mar\u00eda Auxiliadora\u2019 - Familia Salesiana<\/title>\n<meta name=\"robots\" content=\"index, follow, max-snippet:-1, max-image-preview:large, max-video-preview:-1\" \/>\n<link rel=\"canonical\" href=\"https:\/\/www.salesianos.edu\/familiasalesiana\/nombrado-el-nuevo-presidente-regional-de-la-federacion-de-antiguos-alumnos-maria-auxiliadora\/\" \/>\n<meta property=\"og:locale\" content=\"es_ES\" \/>\n<meta property=\"og:type\" content=\"article\" \/>\n<meta property=\"og:title\" content=\"Nombrado el nuevo presidente regional de la Federaci\u00f3n de Antiguos Alumnos \u2018Mar\u00eda Auxiliadora\u2019 - Familia Salesiana\" \/>\n<meta property=\"og:description\" content=\"Jos\u00e9 Puerto Aparicio, perteneciente a la casa Salesiana de Carmona, fue elegido durante la asamblea celebrada en C\u00e1diz.\" \/>\n<meta property=\"og:url\" content=\"https:\/\/www.salesianos.edu\/familiasalesiana\/nombrado-el-nuevo-presidente-regional-de-la-federacion-de-antiguos-alumnos-maria-auxiliadora\/\" \/>\n<meta property=\"og:site_name\" content=\"Familia Salesiana\" \/>\n<meta property=\"article:published_time\" content=\"2022-03-21T11:16:16+00:00\" \/>\n<meta property=\"article:modified_time\" content=\"2022-03-21T11:17:03+00:00\" \/>\n<meta property=\"og:image\" content=\"https:\/\/www.salesianos.edu\/familiasalesiana\/wp-content\/uploads\/sites\/5\/2022\/03\/RegionalPresidente.jpeg\" \/>\n\t<meta property=\"og:image:width\" content=\"2048\" \/>\n\t<meta property=\"og:image:height\" content=\"1536\" \/>\n\t<meta property=\"og:image:type\" content=\"image\/jpeg\" \/>\n<meta name=\"author\" content=\"martapeirat\" \/>\n<meta name=\"twitter:card\" content=\"summary_large_image\" \/>\n<meta name=\"twitter:label1\" content=\"Escrito por\" \/>\n\t<meta name=\"twitter:data1\" content=\"martapeirat\" \/>\n\t<meta name=\"twitter:label2\" content=\"Tiempo de lectura\" \/>\n\t<meta name=\"twitter:data2\" content=\"1 minuto\" \/>\n<script type=\"application\/ld+json\" class=\"yoast-schema-graph\">{\"@context\":\"https:\\\/\\\/schema.org\",\"@graph\":[{\"@type\":\"Article\",\"@id\":\"https:\\\/\\\/www.salesianos.edu\\\/familiasalesiana\\\/nombrado-el-nuevo-presidente-regional-de-la-federacion-de-antiguos-alumnos-maria-auxiliadora\\\/#article\",\"isPartOf\":{\"@id\":\"https:\\\/\\\/www.salesianos.edu\\\/familiasalesiana\\\/nombrado-el-nuevo-presidente-regional-de-la-federacion-de-antiguos-alumnos-maria-auxiliadora\\\/\"},\"author\":{\"name\":\"martapeirat\",\"@id\":\"http:\\\/\\\/www.salesianos.edu\\\/familiasalesiana\\\/#\\\/schema\\\/person\\\/20a80be1bb4e0ed82068c57facf5b237\"},\"headline\":\"Nombrado el nuevo presidente regional de la Federaci\u00f3n de Antiguos Alumnos \u2018Mar\u00eda Auxiliadora\u2019\",\"datePublished\":\"2022-03-21T11:16:16+00:00\",\"dateModified\":\"2022-03-21T11:17:03+00:00\",\"mainEntityOfPage\":{\"@id\":\"https:\\\/\\\/www.salesianos.edu\\\/familiasalesiana\\\/nombrado-el-nuevo-presidente-regional-de-la-federacion-de-antiguos-alumnos-maria-auxiliadora\\\/\"},\"wordCount\":195,\"commentCount\":0,\"image\":{\"@id\":\"https:\\\/\\\/www.salesianos.edu\\\/familiasalesiana\\\/nombrado-el-nuevo-presidente-regional-de-la-federacion-de-antiguos-alumnos-maria-auxiliadora\\\/#primaryimage\"},\"thumbnailUrl\":\"https:\\\/\\\/www.salesianos.edu\\\/familiasalesiana\\\/wp-content\\\/uploads\\\/sites\\\/5\\\/2022\\\/03\\\/RegionalPresidente.jpeg\",\"articleSection\":[\"Antiguos Alumnos\",\"Uncategorized\"],\"inLanguage\":\"es\",\"potentialAction\":[{\"@type\":\"CommentAction\",\"name\":\"Comment\",\"target\":[\"https:\\\/\\\/www.salesianos.edu\\\/familiasalesiana\\\/nombrado-el-nuevo-presidente-regional-de-la-federacion-de-antiguos-alumnos-maria-auxiliadora\\\/#respond\"]}]},{\"@type\":\"WebPage\",\"@id\":\"https:\\\/\\\/www.salesianos.edu\\\/familiasalesiana\\\/nombrado-el-nuevo-presidente-regional-de-la-federacion-de-antiguos-alumnos-maria-auxiliadora\\\/\",\"url\":\"https:\\\/\\\/www.salesianos.edu\\\/familiasalesiana\\\/nombrado-el-nuevo-presidente-regional-de-la-federacion-de-antiguos-alumnos-maria-auxiliadora\\\/\",\"name\":\"Nombrado el nuevo presidente regional de la Federaci\u00f3n de Antiguos Alumnos \u2018Mar\u00eda Auxiliadora\u2019 - Familia Salesiana\",\"isPartOf\":{\"@id\":\"http:\\\/\\\/www.salesianos.edu\\\/familiasalesiana\\\/#website\"},\"primaryImageOfPage\":{\"@id\":\"https:\\\/\\\/www.salesianos.edu\\\/familiasalesiana\\\/nombrado-el-nuevo-presidente-regional-de-la-federacion-de-antiguos-alumnos-maria-auxiliadora\\\/#primaryimage\"},\"image\":{\"@id\":\"https:\\\/\\\/www.salesianos.edu\\\/familiasalesiana\\\/nombrado-el-nuevo-presidente-regional-de-la-federacion-de-antiguos-alumnos-maria-auxiliadora\\\/#primaryimage\"},\"thumbnailUrl\":\"https:\\\/\\\/www.salesianos.edu\\\/familiasalesiana\\\/wp-content\\\/uploads\\\/sites\\\/5\\\/2022\\\/03\\\/RegionalPresidente.jpeg\",\"datePublished\":\"2022-03-21T11:16:16+00:00\",\"dateModified\":\"2022-03-21T11:17:03+00:00\",\"author\":{\"@id\":\"http:\\\/\\\/www.salesianos.edu\\\/familiasalesiana\\\/#\\\/schema\\\/person\\\/20a80be1bb4e0ed82068c57facf5b237\"},\"breadcrumb\":{\"@id\":\"https:\\\/\\\/www.salesianos.edu\\\/familiasalesiana\\\/nombrado-el-nuevo-presidente-regional-de-la-federacion-de-antiguos-alumnos-maria-auxiliadora\\\/#breadcrumb\"},\"inLanguage\":\"es\",\"potentialAction\":[{\"@type\":\"ReadAction\",\"target\":[\"https:\\\/\\\/www.salesianos.edu\\\/familiasalesiana\\\/nombrado-el-nuevo-presidente-regional-de-la-federacion-de-antiguos-alumnos-maria-auxiliadora\\\/\"]}]},{\"@type\":\"ImageObject\",\"inLanguage\":\"es\",\"@id\":\"https:\\\/\\\/www.salesianos.edu\\\/familiasalesiana\\\/nombrado-el-nuevo-presidente-regional-de-la-federacion-de-antiguos-alumnos-maria-auxiliadora\\\/#primaryimage\",\"url\":\"https:\\\/\\\/www.salesianos.edu\\\/familiasalesiana\\\/wp-content\\\/uploads\\\/sites\\\/5\\\/2022\\\/03\\\/RegionalPresidente.jpeg\",\"contentUrl\":\"https:\\\/\\\/www.salesianos.edu\\\/familiasalesiana\\\/wp-content\\\/uploads\\\/sites\\\/5\\\/2022\\\/03\\\/RegionalPresidente.jpeg\",\"width\":2048,\"height\":1536},{\"@type\":\"BreadcrumbList\",\"@id\":\"https:\\\/\\\/www.salesianos.edu\\\/familiasalesiana\\\/nombrado-el-nuevo-presidente-regional-de-la-federacion-de-antiguos-alumnos-maria-auxiliadora\\\/#breadcrumb\",\"itemListElement\":[{\"@type\":\"ListItem\",\"position\":1,\"name\":\"Portada\",\"item\":\"http:\\\/\\\/www.salesianos.edu\\\/familiasalesiana\\\/\"},{\"@type\":\"ListItem\",\"position\":2,\"name\":\"Nombrado el nuevo presidente regional de la Federaci\u00f3n de Antiguos Alumnos \u2018Mar\u00eda Auxiliadora\u2019\"}]},{\"@type\":\"WebSite\",\"@id\":\"http:\\\/\\\/www.salesianos.edu\\\/familiasalesiana\\\/#website\",\"url\":\"http:\\\/\\\/www.salesianos.edu\\\/familiasalesiana\\\/\",\"name\":\"Familia Salesiana\",\"description\":\"P\u00e1gina oficial de Inspector\u00eda Salesiana Mar\u00eda Auxiliadora\",\"potentialAction\":[{\"@type\":\"SearchAction\",\"target\":{\"@type\":\"EntryPoint\",\"urlTemplate\":\"http:\\\/\\\/www.salesianos.edu\\\/familiasalesiana\\\/?s={search_term_string}\"},\"query-input\":{\"@type\":\"PropertyValueSpecification\",\"valueRequired\":true,\"valueName\":\"search_term_string\"}}],\"inLanguage\":\"es\"},{\"@type\":\"Person\",\"@id\":\"http:\\\/\\\/www.salesianos.edu\\\/familiasalesiana\\\/#\\\/schema\\\/person\\\/20a80be1bb4e0ed82068c57facf5b237\",\"name\":\"martapeirat\",\"image\":{\"@type\":\"ImageObject\",\"inLanguage\":\"es\",\"@id\":\"https:\\\/\\\/secure.gravatar.com\\\/avatar\\\/1139b81b40ed1dde466563679597db378e7092bbfdd7ebb264c437fedde866d7?s=96&d=mm&r=g\",\"url\":\"https:\\\/\\\/secure.gravatar.com\\\/avatar\\\/1139b81b40ed1dde466563679597db378e7092bbfdd7ebb264c437fedde866d7?s=96&d=mm&r=g\",\"contentUrl\":\"https:\\\/\\\/secure.gravatar.com\\\/avatar\\\/1139b81b40ed1dde466563679597db378e7092bbfdd7ebb264c437fedde866d7?s=96&d=mm&r=g\",\"caption\":\"martapeirat\"}}]}<\/script>\n<!-- \/ Yoast SEO plugin. -->","yoast_head_json":{"title":"Nombrado el nuevo presidente regional de la Federaci\u00f3n de Antiguos Alumnos \u2018Mar\u00eda Auxiliadora\u2019 - Familia Salesiana","robots":{"index":"index","follow":"follow","max-snippet":"max-snippet:-1","max-image-preview":"max-image-preview:large","max-video-preview":"max-video-preview:-1"},"canonical":"https:\/\/www.salesianos.edu\/familiasalesiana\/nombrado-el-nuevo-presidente-regional-de-la-federacion-de-antiguos-alumnos-maria-auxiliadora\/","og_locale":"es_ES","og_type":"article","og_title":"Nombrado el nuevo presidente regional de la Federaci\u00f3n de Antiguos Alumnos \u2018Mar\u00eda Auxiliadora\u2019 - Familia Salesiana","og_description":"Jos\u00e9 Puerto Aparicio, perteneciente a la casa Salesiana de Carmona, fue elegido durante la asamblea celebrada en C\u00e1diz.","og_url":"https:\/\/www.salesianos.edu\/familiasalesiana\/nombrado-el-nuevo-presidente-regional-de-la-federacion-de-antiguos-alumnos-maria-auxiliadora\/","og_site_name":"Familia Salesiana","article_published_time":"2022-03-21T11:16:16+00:00","article_modified_time":"2022-03-21T11:17:03+00:00","og_image":[{"width":2048,"height":1536,"url":"https:\/\/www.salesianos.edu\/familiasalesiana\/wp-content\/uploads\/sites\/5\/2022\/03\/RegionalPresidente.jpeg","type":"image\/jpeg"}],"author":"martapeirat","twitter_card":"summary_large_image","twitter_misc":{"Escrito por":"martapeirat","Tiempo de lectura":"1 minuto"},"schema":{"@context":"https:\/\/schema.org","@graph":[{"@type":"Article","@id":"https:\/\/www.salesianos.edu\/familiasalesiana\/nombrado-el-nuevo-presidente-regional-de-la-federacion-de-antiguos-alumnos-maria-auxiliadora\/#article","isPartOf":{"@id":"https:\/\/www.salesianos.edu\/familiasalesiana\/nombrado-el-nuevo-presidente-regional-de-la-federacion-de-antiguos-alumnos-maria-auxiliadora\/"},"author":{"name":"martapeirat","@id":"http:\/\/www.salesianos.edu\/familiasalesiana\/#\/schema\/person\/20a80be1bb4e0ed82068c57facf5b237"},"headline":"Nombrado el nuevo presidente regional de la Federaci\u00f3n de Antiguos Alumnos \u2018Mar\u00eda Auxiliadora\u2019","datePublished":"2022-03-21T11:16:16+00:00","dateModified":"2022-03-21T11:17:03+00:00","mainEntityOfPage":{"@id":"https:\/\/www.salesianos.edu\/familiasalesiana\/nombrado-el-nuevo-presidente-regional-de-la-federacion-de-antiguos-alumnos-maria-auxiliadora\/"},"wordCount":195,"commentCount":0,"image":{"@id":"https:\/\/www.salesianos.edu\/familiasalesiana\/nombrado-el-nuevo-presidente-regional-de-la-federacion-de-antiguos-alumnos-maria-auxiliadora\/#primaryimage"},"thumbnailUrl":"https:\/\/www.salesianos.edu\/familiasalesiana\/wp-content\/uploads\/sites\/5\/2022\/03\/RegionalPresidente.jpeg","articleSection":["Antiguos Alumnos","Uncategorized"],"inLanguage":"es","potentialAction":[{"@type":"CommentAction","name":"Comment","target":["https:\/\/www.salesianos.edu\/familiasalesiana\/nombrado-el-nuevo-presidente-regional-de-la-federacion-de-antiguos-alumnos-maria-auxiliadora\/#respond"]}]},{"@type":"WebPage","@id":"https:\/\/www.salesianos.edu\/familiasalesiana\/nombrado-el-nuevo-presidente-regional-de-la-federacion-de-antiguos-alumnos-maria-auxiliadora\/","url":"https:\/\/www.salesianos.edu\/familiasalesiana\/nombrado-el-nuevo-presidente-regional-de-la-federacion-de-antiguos-alumnos-maria-auxiliadora\/","name":"Nombrado el nuevo presidente regional de la Federaci\u00f3n de Antiguos Alumnos \u2018Mar\u00eda Auxiliadora\u2019 - Familia Salesiana","isPartOf":{"@id":"http:\/\/www.salesianos.edu\/familiasalesiana\/#website"},"primaryImageOfPage":{"@id":"https:\/\/www.salesianos.edu\/familiasalesiana\/nombrado-el-nuevo-presidente-regional-de-la-federacion-de-antiguos-alumnos-maria-auxiliadora\/#primaryimage"},"image":{"@id":"https:\/\/www.salesianos.edu\/familiasalesiana\/nombrado-el-nuevo-presidente-regional-de-la-federacion-de-antiguos-alumnos-maria-auxiliadora\/#primaryimage"},"thumbnailUrl":"https:\/\/www.salesianos.edu\/familiasalesiana\/wp-content\/uploads\/sites\/5\/2022\/03\/RegionalPresidente.jpeg","datePublished":"2022-03-21T11:16:16+00:00","dateModified":"2022-03-21T11:17:03+00:00","author":{"@id":"http:\/\/www.salesianos.edu\/familiasalesiana\/#\/schema\/person\/20a80be1bb4e0ed82068c57facf5b237"},"breadcrumb":{"@id":"https:\/\/www.salesianos.edu\/familiasalesiana\/nombrado-el-nuevo-presidente-regional-de-la-federacion-de-antiguos-alumnos-maria-auxiliadora\/#breadcrumb"},"inLanguage":"es","potentialAction":[{"@type":"ReadAction","target":["https:\/\/www.salesianos.edu\/familiasalesiana\/nombrado-el-nuevo-presidente-regional-de-la-federacion-de-antiguos-alumnos-maria-auxiliadora\/"]}]},{"@type":"ImageObject","inLanguage":"es","@id":"https:\/\/www.salesianos.edu\/familiasalesiana\/nombrado-el-nuevo-presidente-regional-de-la-federacion-de-antiguos-alumnos-maria-auxiliadora\/#primaryimage","url":"https:\/\/www.salesianos.edu\/familiasalesiana\/wp-content\/uploads\/sites\/5\/2022\/03\/RegionalPresidente.jpeg","contentUrl":"https:\/\/www.salesianos.edu\/familiasalesiana\/wp-content\/uploads\/sites\/5\/2022\/03\/RegionalPresidente.jpeg","width":2048,"height":1536},{"@type":"BreadcrumbList","@id":"https:\/\/www.salesianos.edu\/familiasalesiana\/nombrado-el-nuevo-presidente-regional-de-la-federacion-de-antiguos-alumnos-maria-auxiliadora\/#breadcrumb","itemListElement":[{"@type":"ListItem","position":1,"name":"Portada","item":"http:\/\/www.salesianos.edu\/familiasalesiana\/"},{"@type":"ListItem","position":2,"name":"Nombrado el nuevo presidente regional de la Federaci\u00f3n de Antiguos Alumnos \u2018Mar\u00eda Auxiliadora\u2019"}]},{"@type":"WebSite","@id":"http:\/\/www.salesianos.edu\/familiasalesiana\/#website","url":"http:\/\/www.salesianos.edu\/familiasalesiana\/","name":"Familia Salesiana","description":"P\u00e1gina oficial de Inspector\u00eda Salesiana Mar\u00eda Auxiliadora","potentialAction":[{"@type":"SearchAction","target":{"@type":"EntryPoint","urlTemplate":"http:\/\/www.salesianos.edu\/familiasalesiana\/?s={search_term_string}"},"query-input":{"@type":"PropertyValueSpecification","valueRequired":true,"valueName":"search_term_string"}}],"inLanguage":"es"},{"@type":"Person","@id":"http:\/\/www.salesianos.edu\/familiasalesiana\/#\/schema\/person\/20a80be1bb4e0ed82068c57facf5b237","name":"martapeirat","image":{"@type":"ImageObject","inLanguage":"es","@id":"https:\/\/secure.gravatar.com\/avatar\/1139b81b40ed1dde466563679597db378e7092bbfdd7ebb264c437fedde866d7?s=96&d=mm&r=g","url":"https:\/\/secure.gravatar.com\/avatar\/1139b81b40ed1dde466563679597db378e7092bbfdd7ebb264c437fedde866d7?s=96&d=mm&r=g","contentUrl":"https:\/\/secure.gravatar.com\/avatar\/1139b81b40ed1dde466563679597db378e7092bbfdd7ebb264c437fedde866d7?s=96&d=mm&r=g","caption":"martapeirat"}}]}},"_links":{"self":[{"href":"https:\/\/www.salesianos.edu\/familiasalesiana\/wp-json\/wp\/v2\/posts\/10117","targetHints":{"allow":["GET"]}}],"collection":[{"href":"https:\/\/www.salesianos.edu\/familiasalesiana\/wp-json\/wp\/v2\/posts"}],"about":[{"href":"https:\/\/www.salesianos.edu\/familiasalesiana\/wp-json\/wp\/v2\/types\/post"}],"author":[{"embeddable":true,"href":"https:\/\/www.salesianos.edu\/familiasalesiana\/wp-json\/wp\/v2\/users\/5"}],"replies":[{"embeddable":true,"href":"https:\/\/www.salesianos.edu\/familiasalesiana\/wp-json\/wp\/v2\/comments?post=10117"}],"version-history":[{"count":3,"href":"https:\/\/www.salesianos.edu\/familiasalesiana\/wp-json\/wp\/v2\/posts\/10117\/revisions"}],"predecessor-version":[{"id":10122,"href":"https:\/\/www.salesianos.edu\/familiasalesiana\/wp-json\/wp\/v2\/posts\/10117\/revisions\/10122"}],"wp:featuredmedia":[{"embeddable":true,"href":"https:\/\/www.salesianos.edu\/familiasalesiana\/wp-json\/wp\/v2\/media\/10120"}],"wp:attachment":[{"href":"https:\/\/www.salesianos.edu\/familiasalesiana\/wp-json\/wp\/v2\/media?parent=10117"}],"wp:term":[{"taxonomy":"category","embeddable":true,"href":"https:\/\/www.salesianos.edu\/familiasalesiana\/wp-json\/wp\/v2\/categories?post=10117"},{"taxonomy":"post_tag","embeddable":true,"href":"https:\/\/www.salesianos.edu\/familiasalesiana\/wp-json\/wp\/v2\/tags?post=10117"}],"curies":[{"name":"wp","href":"https:\/\/api.w.org\/{rel}","templated":true}]}}