{"id":10111,"date":"2022-03-21T11:45:22","date_gmt":"2022-03-21T10:45:22","guid":{"rendered":"https:\/\/www.salesianos.edu\/familiasalesiana\/?p=10111"},"modified":"2022-03-21T11:45:26","modified_gmt":"2022-03-21T10:45:26","slug":"todo-listo-para-la-fiesta-de-la-familia-salesiana-en-barcelona","status":"publish","type":"post","link":"https:\/\/www.salesianos.edu\/familiasalesiana\/todo-listo-para-la-fiesta-de-la-familia-salesiana-en-barcelona\/","title":{"rendered":"Todo listo para la fiesta de la Familia Salesiana en Barcelona"},"content":{"rendered":"<div id=\"fb-root\"><\/div>\n<p>[et_pb_section fb_built=\u00bb1&#8243; admin_label=\u00bbsection\u00bb _builder_version=\u00bb4.15&#8243; global_colors_info=\u00bb{}\u00bb][et_pb_row admin_label=\u00bbrow\u00bb _builder_version=\u00bb4.15&#8243; background_size=\u00bbinitial\u00bb background_position=\u00bbtop_left\u00bb background_repeat=\u00bbrepeat\u00bb global_colors_info=\u00bb{}\u00bb][et_pb_column type=\u00bb4_4&#8243; _builder_version=\u00bb4.15&#8243; custom_padding=\u00bb|||\u00bb global_colors_info=\u00bb{}\u00bb custom_padding__hover=\u00bb|||\u00bb][et_pb_text _builder_version=\u00bb4.15.1&#8243; _module_preset=\u00bbdefault\u00bb hover_enabled=\u00bb0&#8243; sticky_enabled=\u00bb0&#8243;]<\/p>\n<p><em>Josep Mascar\u00f3.<\/em><\/p>\n<p><strong>En la \u00faltima reuni\u00f3n del Consejo de la Familia Salesiana, celebrado en Barcelona, &#8211; Salesianos Rocafort &#8211; el domingo d\u00eda 13 de marzo se dejaron ultimados los \u00faltimos detalles de la IV Fiesta de la Familia Salesiana (FASA). El Consejo est\u00e1 formado por representantes de las siete ramas de la Familia Salesiana existentes en la zona inspectorial <em>Mare de D\u00e9u de la Merc\u00e8<\/em>, a la que asisten tambi\u00e9n, como invitados Hogares Don Bosco (en Salesianos Cooperadores) y dos miembros del Movimiento Juvenil Salesiano (MJS).<\/strong><\/p>\n<p>Contra viento y marea y con las expectativas mucho m\u00e1s positivas que ofrece la reducci\u00f3n de la pandemia, la Fiesta se celebrar\u00e1 en Salesianos-Rocafort (Barcelona) el pr\u00f3ximo domingo, d\u00eda 27 de marzo. Al encuentro est\u00e1n invitados todos cuantos ya participan en estas ramas de la FASA as\u00ed como aquellos que quieran conocerlas o recibir informaci\u00f3n. Por lo tanto, est\u00e1 abierta a todos y todas.<\/p>\n<p>En cada encuentro se prioriza la presentaci\u00f3n de una rama de la FASA. En\u00a02018 los Salesianos, en\u00a02019 las Hijas de Mar\u00eda Auxiliadora, en 2021 se trataron varios temas de la Familia Salesiana, en formato virtual. En este 2022 se dar\u00e1 una preferencia a la Asociaci\u00f3n de Devotos de Mar\u00eda Auxiliadora y a ADMA &#8211; Familia.<\/p>\n<p>El programa, de este a\u00f1o, en sesi\u00f3n matinal, constar\u00e1 de tres momentos:<\/p>\n<p>09:45.- Acogida, a la entrada del Santuario del centro (Sep\u00falveda,68).<\/p>\n<p>10:00.- <strong>Celebraci\u00f3n de la Eucarist\u00eda<\/strong>.<\/p>\n<p>11:00.- Recogida de distintivos.<\/p>\n<p>11:30.- <strong>Acto institucional.<\/strong><\/p>\n<p>13:00.- <strong>Juegos <\/strong>(sencillos y familiares), al estilo del primitivo Oratorio Salesiano.<\/p>\n<p>14:00.- Foto del grupo y fin de FIESTA.<\/p>\n<p>Como gran novedad extraordinaria, os anunciamos que en el momento de los juegos (aptos para todas las edades) \u201casistir\u00e1n\u201d a la fiesta, de forma presencial, los mismos D. Bosco, Madre Mazzarello y Mam\u00e1 Margarita. \u00a1Un motivo m\u00e1s para la asistencia!<\/p>\n<p>[\/et_pb_text][et_pb_button _builder_version=\u00bb4.15.1&#8243; _module_preset=\u00bbdefault\u00bb button_text=\u00bbMas informaci\u00f3n\u00bb hover_enabled=\u00bb0&#8243; sticky_enabled=\u00bb0&#8243; button_url=\u00bbhttp:\/\/www.salesianos.edu\/wp-content\/uploads\/2022\/03\/WhatsApp-Image-2022-03-15-at-10.30.06.jpeg\u00bb][\/et_pb_button][\/et_pb_column][\/et_pb_row][\/et_pb_section]<\/p>\n","protected":false},"excerpt":{"rendered":"<p>Que tendr\u00e1 lugar en Salesianos Rocafort el pr\u00f3ximo domingo 27 de marzo<\/p>\n","protected":false},"author":5,"featured_media":10114,"comment_status":"open","ping_status":"open","sticky":false,"template":"","format":"standard","meta":{"_et_pb_use_builder":"on","_et_pb_old_content":"","_et_gb_content_width":"","footnotes":""},"categories":[27],"tags":[],"class_list":["post-10111","post","type-post","status-publish","format-standard","has-post-thumbnail","hentry","category-fasa"],"yoast_head":"<!-- This site is optimized with the Yoast SEO plugin v27.5 - https:\/\/yoast.com\/product\/yoast-seo-wordpress\/ -->\n<title>Todo listo para la fiesta de la Familia Salesiana en Barcelona - Familia Salesiana<\/title>\n<meta name=\"robots\" content=\"index, follow, max-snippet:-1, max-image-preview:large, max-video-preview:-1\" \/>\n<link rel=\"canonical\" href=\"https:\/\/www.salesianos.edu\/familiasalesiana\/todo-listo-para-la-fiesta-de-la-familia-salesiana-en-barcelona\/\" \/>\n<meta property=\"og:locale\" content=\"es_ES\" \/>\n<meta property=\"og:type\" content=\"article\" \/>\n<meta property=\"og:title\" content=\"Todo listo para la fiesta de la Familia Salesiana en Barcelona - Familia Salesiana\" \/>\n<meta property=\"og:description\" content=\"Que tendr\u00e1 lugar en Salesianos Rocafort el pr\u00f3ximo domingo 27 de marzo\" \/>\n<meta property=\"og:url\" content=\"https:\/\/www.salesianos.edu\/familiasalesiana\/todo-listo-para-la-fiesta-de-la-familia-salesiana-en-barcelona\/\" \/>\n<meta property=\"og:site_name\" content=\"Familia Salesiana\" \/>\n<meta property=\"article:published_time\" content=\"2022-03-21T10:45:22+00:00\" \/>\n<meta property=\"article:modified_time\" content=\"2022-03-21T10:45:26+00:00\" \/>\n<meta property=\"og:image\" content=\"https:\/\/www.salesianos.edu\/familiasalesiana\/wp-content\/uploads\/sites\/5\/2022\/03\/mockup-of-woman-holding-the-tablet-in-the-cafe-2021-08-28-17-04-18-utc-scaled.jpg\" \/>\n\t<meta property=\"og:image:width\" content=\"2560\" \/>\n\t<meta property=\"og:image:height\" content=\"1439\" \/>\n\t<meta property=\"og:image:type\" content=\"image\/jpeg\" \/>\n<meta name=\"author\" content=\"martapeirat\" \/>\n<meta name=\"twitter:card\" content=\"summary_large_image\" \/>\n<meta name=\"twitter:label1\" content=\"Escrito por\" \/>\n\t<meta name=\"twitter:data1\" content=\"martapeirat\" \/>\n\t<meta name=\"twitter:label2\" content=\"Tiempo de lectura\" \/>\n\t<meta name=\"twitter:data2\" content=\"2 minutos\" \/>\n<script type=\"application\/ld+json\" class=\"yoast-schema-graph\">{\"@context\":\"https:\\\/\\\/schema.org\",\"@graph\":[{\"@type\":\"Article\",\"@id\":\"https:\\\/\\\/www.salesianos.edu\\\/familiasalesiana\\\/todo-listo-para-la-fiesta-de-la-familia-salesiana-en-barcelona\\\/#article\",\"isPartOf\":{\"@id\":\"https:\\\/\\\/www.salesianos.edu\\\/familiasalesiana\\\/todo-listo-para-la-fiesta-de-la-familia-salesiana-en-barcelona\\\/\"},\"author\":{\"name\":\"martapeirat\",\"@id\":\"http:\\\/\\\/www.salesianos.edu\\\/familiasalesiana\\\/#\\\/schema\\\/person\\\/20a80be1bb4e0ed82068c57facf5b237\"},\"headline\":\"Todo listo para la fiesta de la Familia Salesiana en Barcelona\",\"datePublished\":\"2022-03-21T10:45:22+00:00\",\"dateModified\":\"2022-03-21T10:45:26+00:00\",\"mainEntityOfPage\":{\"@id\":\"https:\\\/\\\/www.salesianos.edu\\\/familiasalesiana\\\/todo-listo-para-la-fiesta-de-la-familia-salesiana-en-barcelona\\\/\"},\"wordCount\":431,\"commentCount\":0,\"image\":{\"@id\":\"https:\\\/\\\/www.salesianos.edu\\\/familiasalesiana\\\/todo-listo-para-la-fiesta-de-la-familia-salesiana-en-barcelona\\\/#primaryimage\"},\"thumbnailUrl\":\"https:\\\/\\\/www.salesianos.edu\\\/familiasalesiana\\\/wp-content\\\/uploads\\\/sites\\\/5\\\/2022\\\/03\\\/mockup-of-woman-holding-the-tablet-in-the-cafe-2021-08-28-17-04-18-utc-scaled.jpg\",\"articleSection\":[\"Familia Salesiana\"],\"inLanguage\":\"es\",\"potentialAction\":[{\"@type\":\"CommentAction\",\"name\":\"Comment\",\"target\":[\"https:\\\/\\\/www.salesianos.edu\\\/familiasalesiana\\\/todo-listo-para-la-fiesta-de-la-familia-salesiana-en-barcelona\\\/#respond\"]}]},{\"@type\":\"WebPage\",\"@id\":\"https:\\\/\\\/www.salesianos.edu\\\/familiasalesiana\\\/todo-listo-para-la-fiesta-de-la-familia-salesiana-en-barcelona\\\/\",\"url\":\"https:\\\/\\\/www.salesianos.edu\\\/familiasalesiana\\\/todo-listo-para-la-fiesta-de-la-familia-salesiana-en-barcelona\\\/\",\"name\":\"Todo listo para la fiesta de la Familia Salesiana en Barcelona - Familia Salesiana\",\"isPartOf\":{\"@id\":\"http:\\\/\\\/www.salesianos.edu\\\/familiasalesiana\\\/#website\"},\"primaryImageOfPage\":{\"@id\":\"https:\\\/\\\/www.salesianos.edu\\\/familiasalesiana\\\/todo-listo-para-la-fiesta-de-la-familia-salesiana-en-barcelona\\\/#primaryimage\"},\"image\":{\"@id\":\"https:\\\/\\\/www.salesianos.edu\\\/familiasalesiana\\\/todo-listo-para-la-fiesta-de-la-familia-salesiana-en-barcelona\\\/#primaryimage\"},\"thumbnailUrl\":\"https:\\\/\\\/www.salesianos.edu\\\/familiasalesiana\\\/wp-content\\\/uploads\\\/sites\\\/5\\\/2022\\\/03\\\/mockup-of-woman-holding-the-tablet-in-the-cafe-2021-08-28-17-04-18-utc-scaled.jpg\",\"datePublished\":\"2022-03-21T10:45:22+00:00\",\"dateModified\":\"2022-03-21T10:45:26+00:00\",\"author\":{\"@id\":\"http:\\\/\\\/www.salesianos.edu\\\/familiasalesiana\\\/#\\\/schema\\\/person\\\/20a80be1bb4e0ed82068c57facf5b237\"},\"breadcrumb\":{\"@id\":\"https:\\\/\\\/www.salesianos.edu\\\/familiasalesiana\\\/todo-listo-para-la-fiesta-de-la-familia-salesiana-en-barcelona\\\/#breadcrumb\"},\"inLanguage\":\"es\",\"potentialAction\":[{\"@type\":\"ReadAction\",\"target\":[\"https:\\\/\\\/www.salesianos.edu\\\/familiasalesiana\\\/todo-listo-para-la-fiesta-de-la-familia-salesiana-en-barcelona\\\/\"]}]},{\"@type\":\"ImageObject\",\"inLanguage\":\"es\",\"@id\":\"https:\\\/\\\/www.salesianos.edu\\\/familiasalesiana\\\/todo-listo-para-la-fiesta-de-la-familia-salesiana-en-barcelona\\\/#primaryimage\",\"url\":\"https:\\\/\\\/www.salesianos.edu\\\/familiasalesiana\\\/wp-content\\\/uploads\\\/sites\\\/5\\\/2022\\\/03\\\/mockup-of-woman-holding-the-tablet-in-the-cafe-2021-08-28-17-04-18-utc-scaled.jpg\",\"contentUrl\":\"https:\\\/\\\/www.salesianos.edu\\\/familiasalesiana\\\/wp-content\\\/uploads\\\/sites\\\/5\\\/2022\\\/03\\\/mockup-of-woman-holding-the-tablet-in-the-cafe-2021-08-28-17-04-18-utc-scaled.jpg\",\"width\":2560,\"height\":1439,\"caption\":\"Mockup of Woman holding the tablet in the cafe.\"},{\"@type\":\"BreadcrumbList\",\"@id\":\"https:\\\/\\\/www.salesianos.edu\\\/familiasalesiana\\\/todo-listo-para-la-fiesta-de-la-familia-salesiana-en-barcelona\\\/#breadcrumb\",\"itemListElement\":[{\"@type\":\"ListItem\",\"position\":1,\"name\":\"Portada\",\"item\":\"http:\\\/\\\/www.salesianos.edu\\\/familiasalesiana\\\/\"},{\"@type\":\"ListItem\",\"position\":2,\"name\":\"Todo listo para la fiesta de la Familia Salesiana en Barcelona\"}]},{\"@type\":\"WebSite\",\"@id\":\"http:\\\/\\\/www.salesianos.edu\\\/familiasalesiana\\\/#website\",\"url\":\"http:\\\/\\\/www.salesianos.edu\\\/familiasalesiana\\\/\",\"name\":\"Familia Salesiana\",\"description\":\"P\u00e1gina oficial de Inspector\u00eda Salesiana Mar\u00eda Auxiliadora\",\"potentialAction\":[{\"@type\":\"SearchAction\",\"target\":{\"@type\":\"EntryPoint\",\"urlTemplate\":\"http:\\\/\\\/www.salesianos.edu\\\/familiasalesiana\\\/?s={search_term_string}\"},\"query-input\":{\"@type\":\"PropertyValueSpecification\",\"valueRequired\":true,\"valueName\":\"search_term_string\"}}],\"inLanguage\":\"es\"},{\"@type\":\"Person\",\"@id\":\"http:\\\/\\\/www.salesianos.edu\\\/familiasalesiana\\\/#\\\/schema\\\/person\\\/20a80be1bb4e0ed82068c57facf5b237\",\"name\":\"martapeirat\",\"image\":{\"@type\":\"ImageObject\",\"inLanguage\":\"es\",\"@id\":\"https:\\\/\\\/secure.gravatar.com\\\/avatar\\\/1139b81b40ed1dde466563679597db378e7092bbfdd7ebb264c437fedde866d7?s=96&d=mm&r=g\",\"url\":\"https:\\\/\\\/secure.gravatar.com\\\/avatar\\\/1139b81b40ed1dde466563679597db378e7092bbfdd7ebb264c437fedde866d7?s=96&d=mm&r=g\",\"contentUrl\":\"https:\\\/\\\/secure.gravatar.com\\\/avatar\\\/1139b81b40ed1dde466563679597db378e7092bbfdd7ebb264c437fedde866d7?s=96&d=mm&r=g\",\"caption\":\"martapeirat\"}}]}<\/script>\n<!-- \/ Yoast SEO plugin. -->","yoast_head_json":{"title":"Todo listo para la fiesta de la Familia Salesiana en Barcelona - Familia Salesiana","robots":{"index":"index","follow":"follow","max-snippet":"max-snippet:-1","max-image-preview":"max-image-preview:large","max-video-preview":"max-video-preview:-1"},"canonical":"https:\/\/www.salesianos.edu\/familiasalesiana\/todo-listo-para-la-fiesta-de-la-familia-salesiana-en-barcelona\/","og_locale":"es_ES","og_type":"article","og_title":"Todo listo para la fiesta de la Familia Salesiana en Barcelona - Familia Salesiana","og_description":"Que tendr\u00e1 lugar en Salesianos Rocafort el pr\u00f3ximo domingo 27 de marzo","og_url":"https:\/\/www.salesianos.edu\/familiasalesiana\/todo-listo-para-la-fiesta-de-la-familia-salesiana-en-barcelona\/","og_site_name":"Familia Salesiana","article_published_time":"2022-03-21T10:45:22+00:00","article_modified_time":"2022-03-21T10:45:26+00:00","og_image":[{"width":2560,"height":1439,"url":"https:\/\/www.salesianos.edu\/familiasalesiana\/wp-content\/uploads\/sites\/5\/2022\/03\/mockup-of-woman-holding-the-tablet-in-the-cafe-2021-08-28-17-04-18-utc-scaled.jpg","type":"image\/jpeg"}],"author":"martapeirat","twitter_card":"summary_large_image","twitter_misc":{"Escrito por":"martapeirat","Tiempo de lectura":"2 minutos"},"schema":{"@context":"https:\/\/schema.org","@graph":[{"@type":"Article","@id":"https:\/\/www.salesianos.edu\/familiasalesiana\/todo-listo-para-la-fiesta-de-la-familia-salesiana-en-barcelona\/#article","isPartOf":{"@id":"https:\/\/www.salesianos.edu\/familiasalesiana\/todo-listo-para-la-fiesta-de-la-familia-salesiana-en-barcelona\/"},"author":{"name":"martapeirat","@id":"http:\/\/www.salesianos.edu\/familiasalesiana\/#\/schema\/person\/20a80be1bb4e0ed82068c57facf5b237"},"headline":"Todo listo para la fiesta de la Familia Salesiana en Barcelona","datePublished":"2022-03-21T10:45:22+00:00","dateModified":"2022-03-21T10:45:26+00:00","mainEntityOfPage":{"@id":"https:\/\/www.salesianos.edu\/familiasalesiana\/todo-listo-para-la-fiesta-de-la-familia-salesiana-en-barcelona\/"},"wordCount":431,"commentCount":0,"image":{"@id":"https:\/\/www.salesianos.edu\/familiasalesiana\/todo-listo-para-la-fiesta-de-la-familia-salesiana-en-barcelona\/#primaryimage"},"thumbnailUrl":"https:\/\/www.salesianos.edu\/familiasalesiana\/wp-content\/uploads\/sites\/5\/2022\/03\/mockup-of-woman-holding-the-tablet-in-the-cafe-2021-08-28-17-04-18-utc-scaled.jpg","articleSection":["Familia Salesiana"],"inLanguage":"es","potentialAction":[{"@type":"CommentAction","name":"Comment","target":["https:\/\/www.salesianos.edu\/familiasalesiana\/todo-listo-para-la-fiesta-de-la-familia-salesiana-en-barcelona\/#respond"]}]},{"@type":"WebPage","@id":"https:\/\/www.salesianos.edu\/familiasalesiana\/todo-listo-para-la-fiesta-de-la-familia-salesiana-en-barcelona\/","url":"https:\/\/www.salesianos.edu\/familiasalesiana\/todo-listo-para-la-fiesta-de-la-familia-salesiana-en-barcelona\/","name":"Todo listo para la fiesta de la Familia Salesiana en Barcelona - Familia Salesiana","isPartOf":{"@id":"http:\/\/www.salesianos.edu\/familiasalesiana\/#website"},"primaryImageOfPage":{"@id":"https:\/\/www.salesianos.edu\/familiasalesiana\/todo-listo-para-la-fiesta-de-la-familia-salesiana-en-barcelona\/#primaryimage"},"image":{"@id":"https:\/\/www.salesianos.edu\/familiasalesiana\/todo-listo-para-la-fiesta-de-la-familia-salesiana-en-barcelona\/#primaryimage"},"thumbnailUrl":"https:\/\/www.salesianos.edu\/familiasalesiana\/wp-content\/uploads\/sites\/5\/2022\/03\/mockup-of-woman-holding-the-tablet-in-the-cafe-2021-08-28-17-04-18-utc-scaled.jpg","datePublished":"2022-03-21T10:45:22+00:00","dateModified":"2022-03-21T10:45:26+00:00","author":{"@id":"http:\/\/www.salesianos.edu\/familiasalesiana\/#\/schema\/person\/20a80be1bb4e0ed82068c57facf5b237"},"breadcrumb":{"@id":"https:\/\/www.salesianos.edu\/familiasalesiana\/todo-listo-para-la-fiesta-de-la-familia-salesiana-en-barcelona\/#breadcrumb"},"inLanguage":"es","potentialAction":[{"@type":"ReadAction","target":["https:\/\/www.salesianos.edu\/familiasalesiana\/todo-listo-para-la-fiesta-de-la-familia-salesiana-en-barcelona\/"]}]},{"@type":"ImageObject","inLanguage":"es","@id":"https:\/\/www.salesianos.edu\/familiasalesiana\/todo-listo-para-la-fiesta-de-la-familia-salesiana-en-barcelona\/#primaryimage","url":"https:\/\/www.salesianos.edu\/familiasalesiana\/wp-content\/uploads\/sites\/5\/2022\/03\/mockup-of-woman-holding-the-tablet-in-the-cafe-2021-08-28-17-04-18-utc-scaled.jpg","contentUrl":"https:\/\/www.salesianos.edu\/familiasalesiana\/wp-content\/uploads\/sites\/5\/2022\/03\/mockup-of-woman-holding-the-tablet-in-the-cafe-2021-08-28-17-04-18-utc-scaled.jpg","width":2560,"height":1439,"caption":"Mockup of Woman holding the tablet in the cafe."},{"@type":"BreadcrumbList","@id":"https:\/\/www.salesianos.edu\/familiasalesiana\/todo-listo-para-la-fiesta-de-la-familia-salesiana-en-barcelona\/#breadcrumb","itemListElement":[{"@type":"ListItem","position":1,"name":"Portada","item":"http:\/\/www.salesianos.edu\/familiasalesiana\/"},{"@type":"ListItem","position":2,"name":"Todo listo para la fiesta de la Familia Salesiana en Barcelona"}]},{"@type":"WebSite","@id":"http:\/\/www.salesianos.edu\/familiasalesiana\/#website","url":"http:\/\/www.salesianos.edu\/familiasalesiana\/","name":"Familia Salesiana","description":"P\u00e1gina oficial de Inspector\u00eda Salesiana Mar\u00eda Auxiliadora","potentialAction":[{"@type":"SearchAction","target":{"@type":"EntryPoint","urlTemplate":"http:\/\/www.salesianos.edu\/familiasalesiana\/?s={search_term_string}"},"query-input":{"@type":"PropertyValueSpecification","valueRequired":true,"valueName":"search_term_string"}}],"inLanguage":"es"},{"@type":"Person","@id":"http:\/\/www.salesianos.edu\/familiasalesiana\/#\/schema\/person\/20a80be1bb4e0ed82068c57facf5b237","name":"martapeirat","image":{"@type":"ImageObject","inLanguage":"es","@id":"https:\/\/secure.gravatar.com\/avatar\/1139b81b40ed1dde466563679597db378e7092bbfdd7ebb264c437fedde866d7?s=96&d=mm&r=g","url":"https:\/\/secure.gravatar.com\/avatar\/1139b81b40ed1dde466563679597db378e7092bbfdd7ebb264c437fedde866d7?s=96&d=mm&r=g","contentUrl":"https:\/\/secure.gravatar.com\/avatar\/1139b81b40ed1dde466563679597db378e7092bbfdd7ebb264c437fedde866d7?s=96&d=mm&r=g","caption":"martapeirat"}}]}},"_links":{"self":[{"href":"https:\/\/www.salesianos.edu\/familiasalesiana\/wp-json\/wp\/v2\/posts\/10111","targetHints":{"allow":["GET"]}}],"collection":[{"href":"https:\/\/www.salesianos.edu\/familiasalesiana\/wp-json\/wp\/v2\/posts"}],"about":[{"href":"https:\/\/www.salesianos.edu\/familiasalesiana\/wp-json\/wp\/v2\/types\/post"}],"author":[{"embeddable":true,"href":"https:\/\/www.salesianos.edu\/familiasalesiana\/wp-json\/wp\/v2\/users\/5"}],"replies":[{"embeddable":true,"href":"https:\/\/www.salesianos.edu\/familiasalesiana\/wp-json\/wp\/v2\/comments?post=10111"}],"version-history":[{"count":3,"href":"https:\/\/www.salesianos.edu\/familiasalesiana\/wp-json\/wp\/v2\/posts\/10111\/revisions"}],"predecessor-version":[{"id":10116,"href":"https:\/\/www.salesianos.edu\/familiasalesiana\/wp-json\/wp\/v2\/posts\/10111\/revisions\/10116"}],"wp:featuredmedia":[{"embeddable":true,"href":"https:\/\/www.salesianos.edu\/familiasalesiana\/wp-json\/wp\/v2\/media\/10114"}],"wp:attachment":[{"href":"https:\/\/www.salesianos.edu\/familiasalesiana\/wp-json\/wp\/v2\/media?parent=10111"}],"wp:term":[{"taxonomy":"category","embeddable":true,"href":"https:\/\/www.salesianos.edu\/familiasalesiana\/wp-json\/wp\/v2\/categories?post=10111"},{"taxonomy":"post_tag","embeddable":true,"href":"https:\/\/www.salesianos.edu\/familiasalesiana\/wp-json\/wp\/v2\/tags?post=10111"}],"curies":[{"name":"wp","href":"https:\/\/api.w.org\/{rel}","templated":true}]}}