{"id":10089,"date":"2022-03-15T12:12:52","date_gmt":"2022-03-15T11:12:52","guid":{"rendered":"https:\/\/www.salesianos.edu\/familiasalesiana\/?p=10089"},"modified":"2022-03-15T12:13:26","modified_gmt":"2022-03-15T11:13:26","slug":"ejercicios-espirituales-en-la-provincia-maria-auxiliadora","status":"publish","type":"post","link":"https:\/\/www.salesianos.edu\/familiasalesiana\/ejercicios-espirituales-en-la-provincia-maria-auxiliadora\/","title":{"rendered":"Ejercicios Espirituales en la Provincia Mar\u00eda Auxiliadora"},"content":{"rendered":"<div id=\"fb-root\"><\/div>\n<p>[et_pb_section fb_built=\u00bb1&#8243; admin_label=\u00bbsection\u00bb _builder_version=\u00bb3.22&#8243; global_colors_info=\u00bb{}\u00bb][et_pb_row admin_label=\u00bbrow\u00bb _builder_version=\u00bb3.25&#8243; background_size=\u00bbinitial\u00bb background_position=\u00bbtop_left\u00bb background_repeat=\u00bbrepeat\u00bb global_colors_info=\u00bb{}\u00bb][et_pb_column type=\u00bb4_4&#8243; _builder_version=\u00bb3.25&#8243; custom_padding=\u00bb|||\u00bb global_colors_info=\u00bb{}\u00bb custom_padding__hover=\u00bb|||\u00bb][et_pb_text _builder_version=\u00bb4.14.8&#8243; _module_preset=\u00bbdefault\u00bb global_colors_info=\u00bb{}\u00bb]<\/p>\n<p><strong>Desde el 11 de febrero se han ido sucediendo los ejercicios espirituales de salesianos cooperdores en la provincia Mar\u00eda Auxiliadora. La Cuaresma como tiempo propicio para la reflexi\u00f3n y la intimidad con Dios, es un camino que prepara para la Pascua, para vivir con intensidad la \u00faltima cena, el tiempo de la cruz y formar parte de la resurrecci\u00f3n.<\/strong><\/p>\n<p>Del 11 al 13 de febrero, la Casa de ejercicios del Obispado de <strong>Tenerife<\/strong> acogi\u00f3 los ejercios impartidos por sor <strong>Nieves Reboso<\/strong> (FMA), en Rota tuvieron lugar del\u00a0 4 al 6 de marzo en el Santuario de Regla en <strong>Chipiona<\/strong> de la mano de <strong>Rafael Cazorla<\/strong> los ejercicios de <strong>Rota<\/strong> y los de <strong>Sevilla Trinidad<\/strong> en el propio colegio salesiano gracias a las reflexiones de <strong>Miguel Canino<\/strong> y <strong>Javier Medina<\/strong>. Los d\u00edas 5 y 6 de marzo, el seminario de <strong>Ja\u00e9n<\/strong> acogi\u00f3 los ejercicions de los salesianos cooperadores impartidos por <strong>Juan Jes\u00fas Ca\u00f1ete<\/strong>.<\/p>\n<p>El fin de semana del 11 al 13 de marzo fueron varios las casas que acogieron ejercicios espirituales <strong>C\u00e1diz, Badajoz, C\u00f3rdoba, Pozoblanco, Granada y Huelva<\/strong>. Los encargados de impartirlos fueron <strong>Alfonso Conejo,\u00a0 Jos\u00e9 Miguel N\u00fa\u00f1ez, Rafael M\u00aa Heredia, Manuel del Rosal, Carlos S\u00e1nchez de la Cruz y Pedro Cabrera,<\/strong> respectivamente.<\/p>\n<p>Por su parte, del 12 al 13 de marzo tuvieron lugar los EEEE organizados por el Centro San Francisco de Sales de<strong> C\u00f3rdoba<\/strong>, en el monasterio de Nuestra Se\u00f1ora de la Sierra (San Calixto). \u201cEn plena Sierra Morena cordobesa, se ha ofrecido un tiempo de reflexi\u00f3n y profundizaci\u00f3n en nuestra Fe, de la mano de <strong>Rafael Mar\u00eda Heredia<\/strong>, sdb. Siguiendo nuestro PVA, hemos parado para echar una mirada al Evangelio y escuchar lo que nos pide el Se\u00f1or\u201d explican.<\/p>\n<p>Para el tiempo estival se ha organizado una propuesta de ejercicios espirituales en <strong>Buenafuente del Sistal<\/strong> dirigidos a toda la regi\u00f3n. El encargado de impartirlos ser\u00e1 el salesiano <strong>Jordi Latorre.<\/strong><\/p>\n<p>[\/et_pb_text][deg_elastic_gallery gallery_ids=\u00bb10092,10093,10094,10095,10096,10097,10098,10099,10100,10101,10102,10103,10104,10105&#8243; _builder_version=\u00bb4.14.8&#8243; _module_preset=\u00bbdefault\u00bb global_colors_info=\u00bb{}\u00bb][\/deg_elastic_gallery][\/et_pb_column][\/et_pb_row][\/et_pb_section]<\/p>\n","protected":false},"excerpt":{"rendered":"<p>Tiempo de reflexi\u00f3n e intimidad con Dios, camino de preparaci\u00f3n para vivir con intensidad la \u00faltima cena<\/p>\n","protected":false},"author":5,"featured_media":10092,"comment_status":"open","ping_status":"open","sticky":false,"template":"","format":"standard","meta":{"_et_pb_use_builder":"on","_et_pb_old_content":"","_et_gb_content_width":"","footnotes":""},"categories":[55],"tags":[],"class_list":["post-10089","post","type-post","status-publish","format-standard","has-post-thumbnail","hentry","category-sscc"],"yoast_head":"<!-- This site is optimized with the Yoast SEO plugin v27.5 - https:\/\/yoast.com\/product\/yoast-seo-wordpress\/ -->\n<title>Ejercicios Espirituales en la Provincia Mar\u00eda Auxiliadora - Familia Salesiana<\/title>\n<meta name=\"robots\" content=\"index, follow, max-snippet:-1, max-image-preview:large, max-video-preview:-1\" \/>\n<link rel=\"canonical\" href=\"https:\/\/www.salesianos.edu\/familiasalesiana\/ejercicios-espirituales-en-la-provincia-maria-auxiliadora\/\" \/>\n<meta property=\"og:locale\" content=\"es_ES\" \/>\n<meta property=\"og:type\" content=\"article\" \/>\n<meta property=\"og:title\" content=\"Ejercicios Espirituales en la Provincia Mar\u00eda Auxiliadora - Familia Salesiana\" \/>\n<meta property=\"og:description\" content=\"Tiempo de reflexi\u00f3n e intimidad con Dios, camino de preparaci\u00f3n para vivir con intensidad la \u00faltima cena\" \/>\n<meta property=\"og:url\" content=\"https:\/\/www.salesianos.edu\/familiasalesiana\/ejercicios-espirituales-en-la-provincia-maria-auxiliadora\/\" \/>\n<meta property=\"og:site_name\" content=\"Familia Salesiana\" \/>\n<meta property=\"article:published_time\" content=\"2022-03-15T11:12:52+00:00\" \/>\n<meta property=\"article:modified_time\" content=\"2022-03-15T11:13:26+00:00\" \/>\n<meta property=\"og:image\" content=\"https:\/\/www.salesianos.edu\/familiasalesiana\/wp-content\/uploads\/sites\/5\/2022\/03\/Chipiona.jpeg\" \/>\n\t<meta property=\"og:image:width\" content=\"600\" \/>\n\t<meta property=\"og:image:height\" content=\"450\" \/>\n\t<meta property=\"og:image:type\" content=\"image\/jpeg\" \/>\n<meta name=\"author\" content=\"martapeirat\" \/>\n<meta name=\"twitter:card\" content=\"summary_large_image\" \/>\n<meta name=\"twitter:label1\" content=\"Escrito por\" \/>\n\t<meta name=\"twitter:data1\" content=\"martapeirat\" \/>\n\t<meta name=\"twitter:label2\" content=\"Tiempo de lectura\" \/>\n\t<meta name=\"twitter:data2\" content=\"2 minutos\" \/>\n<script type=\"application\/ld+json\" class=\"yoast-schema-graph\">{\"@context\":\"https:\\\/\\\/schema.org\",\"@graph\":[{\"@type\":\"Article\",\"@id\":\"https:\\\/\\\/www.salesianos.edu\\\/familiasalesiana\\\/ejercicios-espirituales-en-la-provincia-maria-auxiliadora\\\/#article\",\"isPartOf\":{\"@id\":\"https:\\\/\\\/www.salesianos.edu\\\/familiasalesiana\\\/ejercicios-espirituales-en-la-provincia-maria-auxiliadora\\\/\"},\"author\":{\"name\":\"martapeirat\",\"@id\":\"http:\\\/\\\/www.salesianos.edu\\\/familiasalesiana\\\/#\\\/schema\\\/person\\\/20a80be1bb4e0ed82068c57facf5b237\"},\"headline\":\"Ejercicios Espirituales en la Provincia Mar\u00eda Auxiliadora\",\"datePublished\":\"2022-03-15T11:12:52+00:00\",\"dateModified\":\"2022-03-15T11:13:26+00:00\",\"mainEntityOfPage\":{\"@id\":\"https:\\\/\\\/www.salesianos.edu\\\/familiasalesiana\\\/ejercicios-espirituales-en-la-provincia-maria-auxiliadora\\\/\"},\"wordCount\":413,\"commentCount\":0,\"image\":{\"@id\":\"https:\\\/\\\/www.salesianos.edu\\\/familiasalesiana\\\/ejercicios-espirituales-en-la-provincia-maria-auxiliadora\\\/#primaryimage\"},\"thumbnailUrl\":\"https:\\\/\\\/www.salesianos.edu\\\/familiasalesiana\\\/wp-content\\\/uploads\\\/sites\\\/5\\\/2022\\\/03\\\/Chipiona.jpeg\",\"articleSection\":[\"SSCC\"],\"inLanguage\":\"es\",\"potentialAction\":[{\"@type\":\"CommentAction\",\"name\":\"Comment\",\"target\":[\"https:\\\/\\\/www.salesianos.edu\\\/familiasalesiana\\\/ejercicios-espirituales-en-la-provincia-maria-auxiliadora\\\/#respond\"]}]},{\"@type\":\"WebPage\",\"@id\":\"https:\\\/\\\/www.salesianos.edu\\\/familiasalesiana\\\/ejercicios-espirituales-en-la-provincia-maria-auxiliadora\\\/\",\"url\":\"https:\\\/\\\/www.salesianos.edu\\\/familiasalesiana\\\/ejercicios-espirituales-en-la-provincia-maria-auxiliadora\\\/\",\"name\":\"Ejercicios Espirituales en la Provincia Mar\u00eda Auxiliadora - Familia Salesiana\",\"isPartOf\":{\"@id\":\"http:\\\/\\\/www.salesianos.edu\\\/familiasalesiana\\\/#website\"},\"primaryImageOfPage\":{\"@id\":\"https:\\\/\\\/www.salesianos.edu\\\/familiasalesiana\\\/ejercicios-espirituales-en-la-provincia-maria-auxiliadora\\\/#primaryimage\"},\"image\":{\"@id\":\"https:\\\/\\\/www.salesianos.edu\\\/familiasalesiana\\\/ejercicios-espirituales-en-la-provincia-maria-auxiliadora\\\/#primaryimage\"},\"thumbnailUrl\":\"https:\\\/\\\/www.salesianos.edu\\\/familiasalesiana\\\/wp-content\\\/uploads\\\/sites\\\/5\\\/2022\\\/03\\\/Chipiona.jpeg\",\"datePublished\":\"2022-03-15T11:12:52+00:00\",\"dateModified\":\"2022-03-15T11:13:26+00:00\",\"author\":{\"@id\":\"http:\\\/\\\/www.salesianos.edu\\\/familiasalesiana\\\/#\\\/schema\\\/person\\\/20a80be1bb4e0ed82068c57facf5b237\"},\"breadcrumb\":{\"@id\":\"https:\\\/\\\/www.salesianos.edu\\\/familiasalesiana\\\/ejercicios-espirituales-en-la-provincia-maria-auxiliadora\\\/#breadcrumb\"},\"inLanguage\":\"es\",\"potentialAction\":[{\"@type\":\"ReadAction\",\"target\":[\"https:\\\/\\\/www.salesianos.edu\\\/familiasalesiana\\\/ejercicios-espirituales-en-la-provincia-maria-auxiliadora\\\/\"]}]},{\"@type\":\"ImageObject\",\"inLanguage\":\"es\",\"@id\":\"https:\\\/\\\/www.salesianos.edu\\\/familiasalesiana\\\/ejercicios-espirituales-en-la-provincia-maria-auxiliadora\\\/#primaryimage\",\"url\":\"https:\\\/\\\/www.salesianos.edu\\\/familiasalesiana\\\/wp-content\\\/uploads\\\/sites\\\/5\\\/2022\\\/03\\\/Chipiona.jpeg\",\"contentUrl\":\"https:\\\/\\\/www.salesianos.edu\\\/familiasalesiana\\\/wp-content\\\/uploads\\\/sites\\\/5\\\/2022\\\/03\\\/Chipiona.jpeg\",\"width\":600,\"height\":450},{\"@type\":\"BreadcrumbList\",\"@id\":\"https:\\\/\\\/www.salesianos.edu\\\/familiasalesiana\\\/ejercicios-espirituales-en-la-provincia-maria-auxiliadora\\\/#breadcrumb\",\"itemListElement\":[{\"@type\":\"ListItem\",\"position\":1,\"name\":\"Portada\",\"item\":\"http:\\\/\\\/www.salesianos.edu\\\/familiasalesiana\\\/\"},{\"@type\":\"ListItem\",\"position\":2,\"name\":\"Ejercicios Espirituales en la Provincia Mar\u00eda Auxiliadora\"}]},{\"@type\":\"WebSite\",\"@id\":\"http:\\\/\\\/www.salesianos.edu\\\/familiasalesiana\\\/#website\",\"url\":\"http:\\\/\\\/www.salesianos.edu\\\/familiasalesiana\\\/\",\"name\":\"Familia Salesiana\",\"description\":\"P\u00e1gina oficial de Inspector\u00eda Salesiana Mar\u00eda Auxiliadora\",\"potentialAction\":[{\"@type\":\"SearchAction\",\"target\":{\"@type\":\"EntryPoint\",\"urlTemplate\":\"http:\\\/\\\/www.salesianos.edu\\\/familiasalesiana\\\/?s={search_term_string}\"},\"query-input\":{\"@type\":\"PropertyValueSpecification\",\"valueRequired\":true,\"valueName\":\"search_term_string\"}}],\"inLanguage\":\"es\"},{\"@type\":\"Person\",\"@id\":\"http:\\\/\\\/www.salesianos.edu\\\/familiasalesiana\\\/#\\\/schema\\\/person\\\/20a80be1bb4e0ed82068c57facf5b237\",\"name\":\"martapeirat\",\"image\":{\"@type\":\"ImageObject\",\"inLanguage\":\"es\",\"@id\":\"https:\\\/\\\/secure.gravatar.com\\\/avatar\\\/1139b81b40ed1dde466563679597db378e7092bbfdd7ebb264c437fedde866d7?s=96&d=mm&r=g\",\"url\":\"https:\\\/\\\/secure.gravatar.com\\\/avatar\\\/1139b81b40ed1dde466563679597db378e7092bbfdd7ebb264c437fedde866d7?s=96&d=mm&r=g\",\"contentUrl\":\"https:\\\/\\\/secure.gravatar.com\\\/avatar\\\/1139b81b40ed1dde466563679597db378e7092bbfdd7ebb264c437fedde866d7?s=96&d=mm&r=g\",\"caption\":\"martapeirat\"}}]}<\/script>\n<!-- \/ Yoast SEO plugin. -->","yoast_head_json":{"title":"Ejercicios Espirituales en la Provincia Mar\u00eda Auxiliadora - Familia Salesiana","robots":{"index":"index","follow":"follow","max-snippet":"max-snippet:-1","max-image-preview":"max-image-preview:large","max-video-preview":"max-video-preview:-1"},"canonical":"https:\/\/www.salesianos.edu\/familiasalesiana\/ejercicios-espirituales-en-la-provincia-maria-auxiliadora\/","og_locale":"es_ES","og_type":"article","og_title":"Ejercicios Espirituales en la Provincia Mar\u00eda Auxiliadora - Familia Salesiana","og_description":"Tiempo de reflexi\u00f3n e intimidad con Dios, camino de preparaci\u00f3n para vivir con intensidad la \u00faltima cena","og_url":"https:\/\/www.salesianos.edu\/familiasalesiana\/ejercicios-espirituales-en-la-provincia-maria-auxiliadora\/","og_site_name":"Familia Salesiana","article_published_time":"2022-03-15T11:12:52+00:00","article_modified_time":"2022-03-15T11:13:26+00:00","og_image":[{"width":600,"height":450,"url":"https:\/\/www.salesianos.edu\/familiasalesiana\/wp-content\/uploads\/sites\/5\/2022\/03\/Chipiona.jpeg","type":"image\/jpeg"}],"author":"martapeirat","twitter_card":"summary_large_image","twitter_misc":{"Escrito por":"martapeirat","Tiempo de lectura":"2 minutos"},"schema":{"@context":"https:\/\/schema.org","@graph":[{"@type":"Article","@id":"https:\/\/www.salesianos.edu\/familiasalesiana\/ejercicios-espirituales-en-la-provincia-maria-auxiliadora\/#article","isPartOf":{"@id":"https:\/\/www.salesianos.edu\/familiasalesiana\/ejercicios-espirituales-en-la-provincia-maria-auxiliadora\/"},"author":{"name":"martapeirat","@id":"http:\/\/www.salesianos.edu\/familiasalesiana\/#\/schema\/person\/20a80be1bb4e0ed82068c57facf5b237"},"headline":"Ejercicios Espirituales en la Provincia Mar\u00eda Auxiliadora","datePublished":"2022-03-15T11:12:52+00:00","dateModified":"2022-03-15T11:13:26+00:00","mainEntityOfPage":{"@id":"https:\/\/www.salesianos.edu\/familiasalesiana\/ejercicios-espirituales-en-la-provincia-maria-auxiliadora\/"},"wordCount":413,"commentCount":0,"image":{"@id":"https:\/\/www.salesianos.edu\/familiasalesiana\/ejercicios-espirituales-en-la-provincia-maria-auxiliadora\/#primaryimage"},"thumbnailUrl":"https:\/\/www.salesianos.edu\/familiasalesiana\/wp-content\/uploads\/sites\/5\/2022\/03\/Chipiona.jpeg","articleSection":["SSCC"],"inLanguage":"es","potentialAction":[{"@type":"CommentAction","name":"Comment","target":["https:\/\/www.salesianos.edu\/familiasalesiana\/ejercicios-espirituales-en-la-provincia-maria-auxiliadora\/#respond"]}]},{"@type":"WebPage","@id":"https:\/\/www.salesianos.edu\/familiasalesiana\/ejercicios-espirituales-en-la-provincia-maria-auxiliadora\/","url":"https:\/\/www.salesianos.edu\/familiasalesiana\/ejercicios-espirituales-en-la-provincia-maria-auxiliadora\/","name":"Ejercicios Espirituales en la Provincia Mar\u00eda Auxiliadora - Familia Salesiana","isPartOf":{"@id":"http:\/\/www.salesianos.edu\/familiasalesiana\/#website"},"primaryImageOfPage":{"@id":"https:\/\/www.salesianos.edu\/familiasalesiana\/ejercicios-espirituales-en-la-provincia-maria-auxiliadora\/#primaryimage"},"image":{"@id":"https:\/\/www.salesianos.edu\/familiasalesiana\/ejercicios-espirituales-en-la-provincia-maria-auxiliadora\/#primaryimage"},"thumbnailUrl":"https:\/\/www.salesianos.edu\/familiasalesiana\/wp-content\/uploads\/sites\/5\/2022\/03\/Chipiona.jpeg","datePublished":"2022-03-15T11:12:52+00:00","dateModified":"2022-03-15T11:13:26+00:00","author":{"@id":"http:\/\/www.salesianos.edu\/familiasalesiana\/#\/schema\/person\/20a80be1bb4e0ed82068c57facf5b237"},"breadcrumb":{"@id":"https:\/\/www.salesianos.edu\/familiasalesiana\/ejercicios-espirituales-en-la-provincia-maria-auxiliadora\/#breadcrumb"},"inLanguage":"es","potentialAction":[{"@type":"ReadAction","target":["https:\/\/www.salesianos.edu\/familiasalesiana\/ejercicios-espirituales-en-la-provincia-maria-auxiliadora\/"]}]},{"@type":"ImageObject","inLanguage":"es","@id":"https:\/\/www.salesianos.edu\/familiasalesiana\/ejercicios-espirituales-en-la-provincia-maria-auxiliadora\/#primaryimage","url":"https:\/\/www.salesianos.edu\/familiasalesiana\/wp-content\/uploads\/sites\/5\/2022\/03\/Chipiona.jpeg","contentUrl":"https:\/\/www.salesianos.edu\/familiasalesiana\/wp-content\/uploads\/sites\/5\/2022\/03\/Chipiona.jpeg","width":600,"height":450},{"@type":"BreadcrumbList","@id":"https:\/\/www.salesianos.edu\/familiasalesiana\/ejercicios-espirituales-en-la-provincia-maria-auxiliadora\/#breadcrumb","itemListElement":[{"@type":"ListItem","position":1,"name":"Portada","item":"http:\/\/www.salesianos.edu\/familiasalesiana\/"},{"@type":"ListItem","position":2,"name":"Ejercicios Espirituales en la Provincia Mar\u00eda Auxiliadora"}]},{"@type":"WebSite","@id":"http:\/\/www.salesianos.edu\/familiasalesiana\/#website","url":"http:\/\/www.salesianos.edu\/familiasalesiana\/","name":"Familia Salesiana","description":"P\u00e1gina oficial de Inspector\u00eda Salesiana Mar\u00eda Auxiliadora","potentialAction":[{"@type":"SearchAction","target":{"@type":"EntryPoint","urlTemplate":"http:\/\/www.salesianos.edu\/familiasalesiana\/?s={search_term_string}"},"query-input":{"@type":"PropertyValueSpecification","valueRequired":true,"valueName":"search_term_string"}}],"inLanguage":"es"},{"@type":"Person","@id":"http:\/\/www.salesianos.edu\/familiasalesiana\/#\/schema\/person\/20a80be1bb4e0ed82068c57facf5b237","name":"martapeirat","image":{"@type":"ImageObject","inLanguage":"es","@id":"https:\/\/secure.gravatar.com\/avatar\/1139b81b40ed1dde466563679597db378e7092bbfdd7ebb264c437fedde866d7?s=96&d=mm&r=g","url":"https:\/\/secure.gravatar.com\/avatar\/1139b81b40ed1dde466563679597db378e7092bbfdd7ebb264c437fedde866d7?s=96&d=mm&r=g","contentUrl":"https:\/\/secure.gravatar.com\/avatar\/1139b81b40ed1dde466563679597db378e7092bbfdd7ebb264c437fedde866d7?s=96&d=mm&r=g","caption":"martapeirat"}}]}},"_links":{"self":[{"href":"https:\/\/www.salesianos.edu\/familiasalesiana\/wp-json\/wp\/v2\/posts\/10089","targetHints":{"allow":["GET"]}}],"collection":[{"href":"https:\/\/www.salesianos.edu\/familiasalesiana\/wp-json\/wp\/v2\/posts"}],"about":[{"href":"https:\/\/www.salesianos.edu\/familiasalesiana\/wp-json\/wp\/v2\/types\/post"}],"author":[{"embeddable":true,"href":"https:\/\/www.salesianos.edu\/familiasalesiana\/wp-json\/wp\/v2\/users\/5"}],"replies":[{"embeddable":true,"href":"https:\/\/www.salesianos.edu\/familiasalesiana\/wp-json\/wp\/v2\/comments?post=10089"}],"version-history":[{"count":5,"href":"https:\/\/www.salesianos.edu\/familiasalesiana\/wp-json\/wp\/v2\/posts\/10089\/revisions"}],"predecessor-version":[{"id":10109,"href":"https:\/\/www.salesianos.edu\/familiasalesiana\/wp-json\/wp\/v2\/posts\/10089\/revisions\/10109"}],"wp:featuredmedia":[{"embeddable":true,"href":"https:\/\/www.salesianos.edu\/familiasalesiana\/wp-json\/wp\/v2\/media\/10092"}],"wp:attachment":[{"href":"https:\/\/www.salesianos.edu\/familiasalesiana\/wp-json\/wp\/v2\/media?parent=10089"}],"wp:term":[{"taxonomy":"category","embeddable":true,"href":"https:\/\/www.salesianos.edu\/familiasalesiana\/wp-json\/wp\/v2\/categories?post=10089"},{"taxonomy":"post_tag","embeddable":true,"href":"https:\/\/www.salesianos.edu\/familiasalesiana\/wp-json\/wp\/v2\/tags?post=10089"}],"curies":[{"name":"wp","href":"https:\/\/api.w.org\/{rel}","templated":true}]}}