{"id":10043,"date":"2022-03-03T14:35:44","date_gmt":"2022-03-03T13:35:44","guid":{"rendered":"https:\/\/www.salesianos.edu\/familiasalesiana\/?p=10043"},"modified":"2022-03-07T09:32:43","modified_gmt":"2022-03-07T08:32:43","slug":"la-jornada-de-espiritualidad-recoge-sus-frutos-en-forma-de-suenos-hechos-realidad","status":"publish","type":"post","link":"https:\/\/www.salesianos.edu\/familiasalesiana\/la-jornada-de-espiritualidad-recoge-sus-frutos-en-forma-de-suenos-hechos-realidad\/","title":{"rendered":"Las Jornada de Espiritualidad de la Familia Salesiana recogen sus frutos en forma de sue\u00f1os hechos realidad"},"content":{"rendered":"<div id=\"fb-root\"><\/div>\n<p>[et_pb_section fb_built=\u00bb1&#8243; admin_label=\u00bbsection\u00bb _builder_version=\u00bb3.22&#8243; global_colors_info=\u00bb{}\u00bb][et_pb_row admin_label=\u00bbrow\u00bb _builder_version=\u00bb3.25&#8243; background_size=\u00bbinitial\u00bb background_position=\u00bbtop_left\u00bb background_repeat=\u00bbrepeat\u00bb global_colors_info=\u00bb{}\u00bb][et_pb_column type=\u00bb4_4&#8243; _builder_version=\u00bb3.25&#8243; custom_padding=\u00bb|||\u00bb global_colors_info=\u00bb{}\u00bb custom_padding__hover=\u00bb|||\u00bb][et_pb_text _builder_version=\u00bb4.14.7&#8243; _module_preset=\u00bbdefault\u00bb global_colors_info=\u00bb{}\u00bb]<\/p>\n<p>Viajar a <strong>Tur\u00edn<\/strong> y participar en las <strong>Jornadas de Espiritualidad de la Familia Salesiana<\/strong> ha sido un sue\u00f1o hecho realidad para muchos de los participantes. El pasado enero, <strong>Valdocco<\/strong> acogi\u00f3 la Jornada de Espiritualidad de la Familia Salesiana donde miles de miembros de los distintos grupos se reunieron en torno al Rector Mayor durante unos d\u00edas para reflexionar sobre el Aguinaldo de este a\u00f1o.<\/p>\n<p>La mayor parte de los participantes lo hizo de forma online pero tambi\u00e9n un grupo de unas 150 personas pudo vivirlo de forma presencial. \u201cBien es cierto que no hace falta ir a casa de tus padres para sentir su amor y cari\u00f1o pero a qui\u00e9n no le gusta sentir ese calor de hogar y fortalecerte al sentir tus ra\u00edces. Vivir una jornada compartiendo espiritualidad, sentirte familia en ese lugar donde se palpa la santidad forjada con sacrificio y trabajo y siempre con la confianza puesta en Mar\u00eda Auxiliadora. Soy una privilegiada por haber conseguido cumplir mi sue\u00f1o\u201d explica una de las participantes.<\/p>\n<p>Charo de ADMA de Algeciras, cuenta que \u201ccuando se participa en la jornada de espiritualidad de Tur\u00edn son muchas las sensaciones, experiencias y sentimientos, un lugar santo para todos los que nos sentimos parte de Don Bosco\u201d.<\/p>\n<p>[\/et_pb_text][\/et_pb_column][\/et_pb_row][et_pb_row column_structure=\u00bb1_3,1_3,1_3&#8243; _builder_version=\u00bb4.14.7&#8243; _module_preset=\u00bbdefault\u00bb global_colors_info=\u00bb{}\u00bb][et_pb_column type=\u00bb1_3&#8243; _builder_version=\u00bb4.14.7&#8243; _module_preset=\u00bbdefault\u00bb global_colors_info=\u00bb{}\u00bb][et_pb_video src=\u00bbhttp:\/\/www.salesianos.edu\/familiasalesiana\/wp-content\/uploads\/sites\/5\/2022\/03\/Vi\u0301deo-1.mp4&#8243; _builder_version=\u00bb4.14.7&#8243; _module_preset=\u00bbdefault\u00bb global_colors_info=\u00bb{}\u00bb][\/et_pb_video][\/et_pb_column][et_pb_column type=\u00bb1_3&#8243; _builder_version=\u00bb4.14.7&#8243; _module_preset=\u00bbdefault\u00bb global_colors_info=\u00bb{}\u00bb][et_pb_video src=\u00bbhttp:\/\/www.salesianos.edu\/familiasalesiana\/wp-content\/uploads\/sites\/5\/2022\/03\/Testimonio.mp4&#8243; _builder_version=\u00bb4.14.7&#8243; _module_preset=\u00bbdefault\u00bb global_colors_info=\u00bb{}\u00bb][\/et_pb_video][et_pb_video src=\u00bbhttp:\/\/www.salesianos.edu\/familiasalesiana\/wp-content\/uploads\/sites\/5\/2022\/03\/WhatsApp-Video-2022-03-03-at-09.02.24.mp4&#8243; _builder_version=\u00bb4.14.7&#8243; _module_preset=\u00bbdefault\u00bb global_colors_info=\u00bb{}\u00bb][\/et_pb_video][\/et_pb_column][et_pb_column type=\u00bb1_3&#8243; _builder_version=\u00bb4.14.7&#8243; _module_preset=\u00bbdefault\u00bb global_colors_info=\u00bb{}\u00bb][et_pb_video src=\u00bbhttp:\/\/www.salesianos.edu\/familiasalesiana\/wp-content\/uploads\/sites\/5\/2022\/03\/WhatsApp-Video-2022-03-05-at-12.27.31.mp4&#8243; _builder_version=\u00bb4.14.8&#8243; _module_preset=\u00bbdefault\u00bb global_colors_info=\u00bb{}\u00bb][\/et_pb_video][\/et_pb_column][\/et_pb_row][et_pb_row _builder_version=\u00bb4.14.7&#8243; _module_preset=\u00bbdefault\u00bb global_colors_info=\u00bb{}\u00bb][et_pb_column type=\u00bb4_4&#8243; _builder_version=\u00bb4.14.7&#8243; _module_preset=\u00bbdefault\u00bb global_colors_info=\u00bb{}\u00bb][et_pb_text _builder_version=\u00bb4.14.7&#8243; _module_preset=\u00bbdefault\u00bb global_colors_info=\u00bb{}\u00bb]<\/p>\n<p>Lee el reportaje completo sobre las Jornadas de Espiritualidad de la Familia Salesiana 2022<\/p>\n<blockquote class=\"wp-embedded-content\" data-secret=\"zGWZIRpl5o\"><p><a href=\"https:\/\/www.salesianos.edu\/revistasmx\/aguinaldo-2022-la-hoja-de-ruta-definida-para-la-familia-salesiana\/\">Aguinaldo 2022, la hoja de ruta definida para la Familia Salesiana<\/a><\/p><\/blockquote>\n<p><iframe loading=\"lazy\" class=\"wp-embedded-content\" sandbox=\"allow-scripts\" security=\"restricted\" style=\"position: absolute; clip: rect(1px, 1px, 1px, 1px);\" title=\"\u00abAguinaldo 2022, la hoja de ruta definida para la Familia Salesiana\u00bb \u2014 Revista SMX\" src=\"https:\/\/www.salesianos.edu\/revistasmx\/aguinaldo-2022-la-hoja-de-ruta-definida-para-la-familia-salesiana\/embed\/#?secret=byoqcZoHyL#?secret=zGWZIRpl5o\" data-secret=\"zGWZIRpl5o\" width=\"600\" height=\"338\" frameborder=\"0\" marginwidth=\"0\" marginheight=\"0\" scrolling=\"no\"><\/iframe><\/p>\n<p>[\/et_pb_text][\/et_pb_column][\/et_pb_row][\/et_pb_section]<\/p>\n","protected":false},"excerpt":{"rendered":"<p>El pasado enero miles de miembros de los distintos grupos se reunieron en torno al Rector Mayor <\/p>\n","protected":false},"author":5,"featured_media":10058,"comment_status":"open","ping_status":"open","sticky":false,"template":"","format":"standard","meta":{"_et_pb_use_builder":"on","_et_pb_old_content":"","_et_gb_content_width":"","footnotes":""},"categories":[53],"tags":[],"class_list":["post-10043","post","type-post","status-publish","format-standard","has-post-thumbnail","hentry","category-adma"],"yoast_head":"<!-- This site is optimized with the Yoast SEO plugin v27.5 - https:\/\/yoast.com\/product\/yoast-seo-wordpress\/ -->\n<title>Las Jornada de Espiritualidad de la Familia Salesiana recogen sus frutos en forma de sue\u00f1os hechos realidad - Familia Salesiana<\/title>\n<meta name=\"robots\" content=\"index, follow, max-snippet:-1, max-image-preview:large, max-video-preview:-1\" \/>\n<link rel=\"canonical\" href=\"https:\/\/www.salesianos.edu\/familiasalesiana\/la-jornada-de-espiritualidad-recoge-sus-frutos-en-forma-de-suenos-hechos-realidad\/\" \/>\n<meta property=\"og:locale\" content=\"es_ES\" \/>\n<meta property=\"og:type\" content=\"article\" \/>\n<meta property=\"og:title\" content=\"Las Jornada de Espiritualidad de la Familia Salesiana recogen sus frutos en forma de sue\u00f1os hechos realidad - Familia Salesiana\" \/>\n<meta property=\"og:description\" content=\"El pasado enero miles de miembros de los distintos grupos se reunieron en torno al Rector Mayor\" \/>\n<meta property=\"og:url\" content=\"https:\/\/www.salesianos.edu\/familiasalesiana\/la-jornada-de-espiritualidad-recoge-sus-frutos-en-forma-de-suenos-hechos-realidad\/\" \/>\n<meta property=\"og:site_name\" content=\"Familia Salesiana\" \/>\n<meta property=\"article:published_time\" content=\"2022-03-03T13:35:44+00:00\" \/>\n<meta property=\"article:modified_time\" content=\"2022-03-07T08:32:43+00:00\" \/>\n<meta property=\"og:image\" content=\"https:\/\/www.salesianos.edu\/familiasalesiana\/wp-content\/uploads\/sites\/5\/2022\/03\/Alejandro-scaled.jpeg\" \/>\n\t<meta property=\"og:image:width\" content=\"2560\" \/>\n\t<meta property=\"og:image:height\" content=\"1707\" \/>\n\t<meta property=\"og:image:type\" content=\"image\/jpeg\" \/>\n<meta name=\"author\" content=\"martapeirat\" \/>\n<meta name=\"twitter:card\" content=\"summary_large_image\" \/>\n<meta name=\"twitter:label1\" content=\"Escrito por\" \/>\n\t<meta name=\"twitter:data1\" content=\"martapeirat\" \/>\n\t<meta name=\"twitter:label2\" content=\"Tiempo de lectura\" \/>\n\t<meta name=\"twitter:data2\" content=\"3 minutos\" \/>\n<script type=\"application\/ld+json\" class=\"yoast-schema-graph\">{\"@context\":\"https:\\\/\\\/schema.org\",\"@graph\":[{\"@type\":\"Article\",\"@id\":\"https:\\\/\\\/www.salesianos.edu\\\/familiasalesiana\\\/la-jornada-de-espiritualidad-recoge-sus-frutos-en-forma-de-suenos-hechos-realidad\\\/#article\",\"isPartOf\":{\"@id\":\"https:\\\/\\\/www.salesianos.edu\\\/familiasalesiana\\\/la-jornada-de-espiritualidad-recoge-sus-frutos-en-forma-de-suenos-hechos-realidad\\\/\"},\"author\":{\"name\":\"martapeirat\",\"@id\":\"http:\\\/\\\/www.salesianos.edu\\\/familiasalesiana\\\/#\\\/schema\\\/person\\\/20a80be1bb4e0ed82068c57facf5b237\"},\"headline\":\"Las Jornada de Espiritualidad de la Familia Salesiana recogen sus frutos en forma de sue\u00f1os hechos realidad\",\"datePublished\":\"2022-03-03T13:35:44+00:00\",\"dateModified\":\"2022-03-07T08:32:43+00:00\",\"mainEntityOfPage\":{\"@id\":\"https:\\\/\\\/www.salesianos.edu\\\/familiasalesiana\\\/la-jornada-de-espiritualidad-recoge-sus-frutos-en-forma-de-suenos-hechos-realidad\\\/\"},\"wordCount\":534,\"commentCount\":0,\"image\":{\"@id\":\"https:\\\/\\\/www.salesianos.edu\\\/familiasalesiana\\\/la-jornada-de-espiritualidad-recoge-sus-frutos-en-forma-de-suenos-hechos-realidad\\\/#primaryimage\"},\"thumbnailUrl\":\"https:\\\/\\\/www.salesianos.edu\\\/familiasalesiana\\\/wp-content\\\/uploads\\\/sites\\\/5\\\/2022\\\/03\\\/Alejandro-scaled.jpeg\",\"articleSection\":[\"ADMA\"],\"inLanguage\":\"es\",\"potentialAction\":[{\"@type\":\"CommentAction\",\"name\":\"Comment\",\"target\":[\"https:\\\/\\\/www.salesianos.edu\\\/familiasalesiana\\\/la-jornada-de-espiritualidad-recoge-sus-frutos-en-forma-de-suenos-hechos-realidad\\\/#respond\"]}]},{\"@type\":\"WebPage\",\"@id\":\"https:\\\/\\\/www.salesianos.edu\\\/familiasalesiana\\\/la-jornada-de-espiritualidad-recoge-sus-frutos-en-forma-de-suenos-hechos-realidad\\\/\",\"url\":\"https:\\\/\\\/www.salesianos.edu\\\/familiasalesiana\\\/la-jornada-de-espiritualidad-recoge-sus-frutos-en-forma-de-suenos-hechos-realidad\\\/\",\"name\":\"Las Jornada de Espiritualidad de la Familia Salesiana recogen sus frutos en forma de sue\u00f1os hechos realidad - Familia Salesiana\",\"isPartOf\":{\"@id\":\"http:\\\/\\\/www.salesianos.edu\\\/familiasalesiana\\\/#website\"},\"primaryImageOfPage\":{\"@id\":\"https:\\\/\\\/www.salesianos.edu\\\/familiasalesiana\\\/la-jornada-de-espiritualidad-recoge-sus-frutos-en-forma-de-suenos-hechos-realidad\\\/#primaryimage\"},\"image\":{\"@id\":\"https:\\\/\\\/www.salesianos.edu\\\/familiasalesiana\\\/la-jornada-de-espiritualidad-recoge-sus-frutos-en-forma-de-suenos-hechos-realidad\\\/#primaryimage\"},\"thumbnailUrl\":\"https:\\\/\\\/www.salesianos.edu\\\/familiasalesiana\\\/wp-content\\\/uploads\\\/sites\\\/5\\\/2022\\\/03\\\/Alejandro-scaled.jpeg\",\"datePublished\":\"2022-03-03T13:35:44+00:00\",\"dateModified\":\"2022-03-07T08:32:43+00:00\",\"author\":{\"@id\":\"http:\\\/\\\/www.salesianos.edu\\\/familiasalesiana\\\/#\\\/schema\\\/person\\\/20a80be1bb4e0ed82068c57facf5b237\"},\"breadcrumb\":{\"@id\":\"https:\\\/\\\/www.salesianos.edu\\\/familiasalesiana\\\/la-jornada-de-espiritualidad-recoge-sus-frutos-en-forma-de-suenos-hechos-realidad\\\/#breadcrumb\"},\"inLanguage\":\"es\",\"potentialAction\":[{\"@type\":\"ReadAction\",\"target\":[\"https:\\\/\\\/www.salesianos.edu\\\/familiasalesiana\\\/la-jornada-de-espiritualidad-recoge-sus-frutos-en-forma-de-suenos-hechos-realidad\\\/\"]}]},{\"@type\":\"ImageObject\",\"inLanguage\":\"es\",\"@id\":\"https:\\\/\\\/www.salesianos.edu\\\/familiasalesiana\\\/la-jornada-de-espiritualidad-recoge-sus-frutos-en-forma-de-suenos-hechos-realidad\\\/#primaryimage\",\"url\":\"https:\\\/\\\/www.salesianos.edu\\\/familiasalesiana\\\/wp-content\\\/uploads\\\/sites\\\/5\\\/2022\\\/03\\\/Alejandro-scaled.jpeg\",\"contentUrl\":\"https:\\\/\\\/www.salesianos.edu\\\/familiasalesiana\\\/wp-content\\\/uploads\\\/sites\\\/5\\\/2022\\\/03\\\/Alejandro-scaled.jpeg\",\"width\":2560,\"height\":1707},{\"@type\":\"BreadcrumbList\",\"@id\":\"https:\\\/\\\/www.salesianos.edu\\\/familiasalesiana\\\/la-jornada-de-espiritualidad-recoge-sus-frutos-en-forma-de-suenos-hechos-realidad\\\/#breadcrumb\",\"itemListElement\":[{\"@type\":\"ListItem\",\"position\":1,\"name\":\"Portada\",\"item\":\"http:\\\/\\\/www.salesianos.edu\\\/familiasalesiana\\\/\"},{\"@type\":\"ListItem\",\"position\":2,\"name\":\"Las Jornada de Espiritualidad de la Familia Salesiana recogen sus frutos en forma de sue\u00f1os hechos realidad\"}]},{\"@type\":\"WebSite\",\"@id\":\"http:\\\/\\\/www.salesianos.edu\\\/familiasalesiana\\\/#website\",\"url\":\"http:\\\/\\\/www.salesianos.edu\\\/familiasalesiana\\\/\",\"name\":\"Familia Salesiana\",\"description\":\"P\u00e1gina oficial de Inspector\u00eda Salesiana Mar\u00eda Auxiliadora\",\"potentialAction\":[{\"@type\":\"SearchAction\",\"target\":{\"@type\":\"EntryPoint\",\"urlTemplate\":\"http:\\\/\\\/www.salesianos.edu\\\/familiasalesiana\\\/?s={search_term_string}\"},\"query-input\":{\"@type\":\"PropertyValueSpecification\",\"valueRequired\":true,\"valueName\":\"search_term_string\"}}],\"inLanguage\":\"es\"},{\"@type\":\"Person\",\"@id\":\"http:\\\/\\\/www.salesianos.edu\\\/familiasalesiana\\\/#\\\/schema\\\/person\\\/20a80be1bb4e0ed82068c57facf5b237\",\"name\":\"martapeirat\",\"image\":{\"@type\":\"ImageObject\",\"inLanguage\":\"es\",\"@id\":\"https:\\\/\\\/secure.gravatar.com\\\/avatar\\\/1139b81b40ed1dde466563679597db378e7092bbfdd7ebb264c437fedde866d7?s=96&d=mm&r=g\",\"url\":\"https:\\\/\\\/secure.gravatar.com\\\/avatar\\\/1139b81b40ed1dde466563679597db378e7092bbfdd7ebb264c437fedde866d7?s=96&d=mm&r=g\",\"contentUrl\":\"https:\\\/\\\/secure.gravatar.com\\\/avatar\\\/1139b81b40ed1dde466563679597db378e7092bbfdd7ebb264c437fedde866d7?s=96&d=mm&r=g\",\"caption\":\"martapeirat\"}}]}<\/script>\n<!-- \/ Yoast SEO plugin. -->","yoast_head_json":{"title":"Las Jornada de Espiritualidad de la Familia Salesiana recogen sus frutos en forma de sue\u00f1os hechos realidad - Familia Salesiana","robots":{"index":"index","follow":"follow","max-snippet":"max-snippet:-1","max-image-preview":"max-image-preview:large","max-video-preview":"max-video-preview:-1"},"canonical":"https:\/\/www.salesianos.edu\/familiasalesiana\/la-jornada-de-espiritualidad-recoge-sus-frutos-en-forma-de-suenos-hechos-realidad\/","og_locale":"es_ES","og_type":"article","og_title":"Las Jornada de Espiritualidad de la Familia Salesiana recogen sus frutos en forma de sue\u00f1os hechos realidad - Familia Salesiana","og_description":"El pasado enero miles de miembros de los distintos grupos se reunieron en torno al Rector Mayor","og_url":"https:\/\/www.salesianos.edu\/familiasalesiana\/la-jornada-de-espiritualidad-recoge-sus-frutos-en-forma-de-suenos-hechos-realidad\/","og_site_name":"Familia Salesiana","article_published_time":"2022-03-03T13:35:44+00:00","article_modified_time":"2022-03-07T08:32:43+00:00","og_image":[{"width":2560,"height":1707,"url":"https:\/\/www.salesianos.edu\/familiasalesiana\/wp-content\/uploads\/sites\/5\/2022\/03\/Alejandro-scaled.jpeg","type":"image\/jpeg"}],"author":"martapeirat","twitter_card":"summary_large_image","twitter_misc":{"Escrito por":"martapeirat","Tiempo de lectura":"3 minutos"},"schema":{"@context":"https:\/\/schema.org","@graph":[{"@type":"Article","@id":"https:\/\/www.salesianos.edu\/familiasalesiana\/la-jornada-de-espiritualidad-recoge-sus-frutos-en-forma-de-suenos-hechos-realidad\/#article","isPartOf":{"@id":"https:\/\/www.salesianos.edu\/familiasalesiana\/la-jornada-de-espiritualidad-recoge-sus-frutos-en-forma-de-suenos-hechos-realidad\/"},"author":{"name":"martapeirat","@id":"http:\/\/www.salesianos.edu\/familiasalesiana\/#\/schema\/person\/20a80be1bb4e0ed82068c57facf5b237"},"headline":"Las Jornada de Espiritualidad de la Familia Salesiana recogen sus frutos en forma de sue\u00f1os hechos realidad","datePublished":"2022-03-03T13:35:44+00:00","dateModified":"2022-03-07T08:32:43+00:00","mainEntityOfPage":{"@id":"https:\/\/www.salesianos.edu\/familiasalesiana\/la-jornada-de-espiritualidad-recoge-sus-frutos-en-forma-de-suenos-hechos-realidad\/"},"wordCount":534,"commentCount":0,"image":{"@id":"https:\/\/www.salesianos.edu\/familiasalesiana\/la-jornada-de-espiritualidad-recoge-sus-frutos-en-forma-de-suenos-hechos-realidad\/#primaryimage"},"thumbnailUrl":"https:\/\/www.salesianos.edu\/familiasalesiana\/wp-content\/uploads\/sites\/5\/2022\/03\/Alejandro-scaled.jpeg","articleSection":["ADMA"],"inLanguage":"es","potentialAction":[{"@type":"CommentAction","name":"Comment","target":["https:\/\/www.salesianos.edu\/familiasalesiana\/la-jornada-de-espiritualidad-recoge-sus-frutos-en-forma-de-suenos-hechos-realidad\/#respond"]}]},{"@type":"WebPage","@id":"https:\/\/www.salesianos.edu\/familiasalesiana\/la-jornada-de-espiritualidad-recoge-sus-frutos-en-forma-de-suenos-hechos-realidad\/","url":"https:\/\/www.salesianos.edu\/familiasalesiana\/la-jornada-de-espiritualidad-recoge-sus-frutos-en-forma-de-suenos-hechos-realidad\/","name":"Las Jornada de Espiritualidad de la Familia Salesiana recogen sus frutos en forma de sue\u00f1os hechos realidad - Familia Salesiana","isPartOf":{"@id":"http:\/\/www.salesianos.edu\/familiasalesiana\/#website"},"primaryImageOfPage":{"@id":"https:\/\/www.salesianos.edu\/familiasalesiana\/la-jornada-de-espiritualidad-recoge-sus-frutos-en-forma-de-suenos-hechos-realidad\/#primaryimage"},"image":{"@id":"https:\/\/www.salesianos.edu\/familiasalesiana\/la-jornada-de-espiritualidad-recoge-sus-frutos-en-forma-de-suenos-hechos-realidad\/#primaryimage"},"thumbnailUrl":"https:\/\/www.salesianos.edu\/familiasalesiana\/wp-content\/uploads\/sites\/5\/2022\/03\/Alejandro-scaled.jpeg","datePublished":"2022-03-03T13:35:44+00:00","dateModified":"2022-03-07T08:32:43+00:00","author":{"@id":"http:\/\/www.salesianos.edu\/familiasalesiana\/#\/schema\/person\/20a80be1bb4e0ed82068c57facf5b237"},"breadcrumb":{"@id":"https:\/\/www.salesianos.edu\/familiasalesiana\/la-jornada-de-espiritualidad-recoge-sus-frutos-en-forma-de-suenos-hechos-realidad\/#breadcrumb"},"inLanguage":"es","potentialAction":[{"@type":"ReadAction","target":["https:\/\/www.salesianos.edu\/familiasalesiana\/la-jornada-de-espiritualidad-recoge-sus-frutos-en-forma-de-suenos-hechos-realidad\/"]}]},{"@type":"ImageObject","inLanguage":"es","@id":"https:\/\/www.salesianos.edu\/familiasalesiana\/la-jornada-de-espiritualidad-recoge-sus-frutos-en-forma-de-suenos-hechos-realidad\/#primaryimage","url":"https:\/\/www.salesianos.edu\/familiasalesiana\/wp-content\/uploads\/sites\/5\/2022\/03\/Alejandro-scaled.jpeg","contentUrl":"https:\/\/www.salesianos.edu\/familiasalesiana\/wp-content\/uploads\/sites\/5\/2022\/03\/Alejandro-scaled.jpeg","width":2560,"height":1707},{"@type":"BreadcrumbList","@id":"https:\/\/www.salesianos.edu\/familiasalesiana\/la-jornada-de-espiritualidad-recoge-sus-frutos-en-forma-de-suenos-hechos-realidad\/#breadcrumb","itemListElement":[{"@type":"ListItem","position":1,"name":"Portada","item":"http:\/\/www.salesianos.edu\/familiasalesiana\/"},{"@type":"ListItem","position":2,"name":"Las Jornada de Espiritualidad de la Familia Salesiana recogen sus frutos en forma de sue\u00f1os hechos realidad"}]},{"@type":"WebSite","@id":"http:\/\/www.salesianos.edu\/familiasalesiana\/#website","url":"http:\/\/www.salesianos.edu\/familiasalesiana\/","name":"Familia Salesiana","description":"P\u00e1gina oficial de Inspector\u00eda Salesiana Mar\u00eda Auxiliadora","potentialAction":[{"@type":"SearchAction","target":{"@type":"EntryPoint","urlTemplate":"http:\/\/www.salesianos.edu\/familiasalesiana\/?s={search_term_string}"},"query-input":{"@type":"PropertyValueSpecification","valueRequired":true,"valueName":"search_term_string"}}],"inLanguage":"es"},{"@type":"Person","@id":"http:\/\/www.salesianos.edu\/familiasalesiana\/#\/schema\/person\/20a80be1bb4e0ed82068c57facf5b237","name":"martapeirat","image":{"@type":"ImageObject","inLanguage":"es","@id":"https:\/\/secure.gravatar.com\/avatar\/1139b81b40ed1dde466563679597db378e7092bbfdd7ebb264c437fedde866d7?s=96&d=mm&r=g","url":"https:\/\/secure.gravatar.com\/avatar\/1139b81b40ed1dde466563679597db378e7092bbfdd7ebb264c437fedde866d7?s=96&d=mm&r=g","contentUrl":"https:\/\/secure.gravatar.com\/avatar\/1139b81b40ed1dde466563679597db378e7092bbfdd7ebb264c437fedde866d7?s=96&d=mm&r=g","caption":"martapeirat"}}]}},"_links":{"self":[{"href":"https:\/\/www.salesianos.edu\/familiasalesiana\/wp-json\/wp\/v2\/posts\/10043","targetHints":{"allow":["GET"]}}],"collection":[{"href":"https:\/\/www.salesianos.edu\/familiasalesiana\/wp-json\/wp\/v2\/posts"}],"about":[{"href":"https:\/\/www.salesianos.edu\/familiasalesiana\/wp-json\/wp\/v2\/types\/post"}],"author":[{"embeddable":true,"href":"https:\/\/www.salesianos.edu\/familiasalesiana\/wp-json\/wp\/v2\/users\/5"}],"replies":[{"embeddable":true,"href":"https:\/\/www.salesianos.edu\/familiasalesiana\/wp-json\/wp\/v2\/comments?post=10043"}],"version-history":[{"count":13,"href":"https:\/\/www.salesianos.edu\/familiasalesiana\/wp-json\/wp\/v2\/posts\/10043\/revisions"}],"predecessor-version":[{"id":10071,"href":"https:\/\/www.salesianos.edu\/familiasalesiana\/wp-json\/wp\/v2\/posts\/10043\/revisions\/10071"}],"wp:featuredmedia":[{"embeddable":true,"href":"https:\/\/www.salesianos.edu\/familiasalesiana\/wp-json\/wp\/v2\/media\/10058"}],"wp:attachment":[{"href":"https:\/\/www.salesianos.edu\/familiasalesiana\/wp-json\/wp\/v2\/media?parent=10043"}],"wp:term":[{"taxonomy":"category","embeddable":true,"href":"https:\/\/www.salesianos.edu\/familiasalesiana\/wp-json\/wp\/v2\/categories?post=10043"},{"taxonomy":"post_tag","embeddable":true,"href":"https:\/\/www.salesianos.edu\/familiasalesiana\/wp-json\/wp\/v2\/tags?post=10043"}],"curies":[{"name":"wp","href":"https:\/\/api.w.org\/{rel}","templated":true}]}}