{"id":10035,"date":"2022-03-02T09:55:16","date_gmt":"2022-03-02T08:55:16","guid":{"rendered":"https:\/\/www.salesianos.edu\/familiasalesiana\/?p=10035"},"modified":"2023-07-10T08:18:41","modified_gmt":"2023-07-10T07:18:41","slug":"encuentros-24-en-guanarteme-y-arbol-bonito","status":"publish","type":"post","link":"https:\/\/www.salesianos.edu\/familiasalesiana\/encuentros-24-en-guanarteme-y-arbol-bonito\/","title":{"rendered":"Encuentros 24 en Guanarteme y \u00c1rbol Bonito"},"content":{"rendered":"<div id=\"fb-root\"><\/div>\n<p>[et_pb_section fb_built=\u00bb1&#8243; _builder_version=\u00bb4.16&#8243; global_colors_info=\u00bb{}\u00bb][et_pb_row _builder_version=\u00bb4.16&#8243; background_size=\u00bbinitial\u00bb background_position=\u00bbtop_left\u00bb background_repeat=\u00bbrepeat\u00bb global_colors_info=\u00bb{}\u00bb][et_pb_column type=\u00bb4_4&#8243; _builder_version=\u00bb4.16&#8243; custom_padding=\u00bb|||\u00bb global_colors_info=\u00bb{}\u00bb custom_padding__hover=\u00bb|||\u00bb][et_pb_text _builder_version=\u00bb4.16&#8243; background_size=\u00bbinitial\u00bb background_position=\u00bbtop_left\u00bb background_repeat=\u00bbrepeat\u00bb global_colors_info=\u00bb{}\u00bb]<\/p>\n<div><em>Por Comunicaci\u00f3n ADMA.<\/em><\/div>\n<div>\u00a0<\/div>\n<p>[\/et_pb_text][et_pb_text _builder_version=\u00bb4.16&#8243; background_size=\u00bbinitial\u00bb background_position=\u00bbtop_left\u00bb background_repeat=\u00bbrepeat\u00bb global_colors_info=\u00bb{}\u00bb]<\/p>\n<div>\n<p>El pasado jueves en <strong>Guanarteme<\/strong> tuvo lugar el primer 24 de este a\u00f1o en el que se reunieron participantes para la celebraci\u00f3n de la Eucarist\u00eda en honor a Mar\u00eda Auxiliadora. \u00abNos encontramos los grupos de Familia Salesiana, Exalumnas, SS.CC y ADMA. Despu\u00e9s de los saludos pasamos al sal\u00f3n del colegio, para rezar el \u00a0Rosario y a continuaci\u00f3n la Eucarist\u00eda celebrada por\u00a0\u00a0<strong>Alfredo Monagas<\/strong>\u00ab, compart\u00edan.<\/p>\n<p>Por otra parte, este 24 de febrero, han podido reunirse en \u00c1rbol Bonito algunos miembros de \u00a0los grupos de Exalumnas y ADMA para recordar y celebrar la Eucarist\u00eda en honor a la Madre Auxiliadora. \u00abDespu\u00e9s de la alegr\u00eda del encuentro y saludos, pasamos a la capilla para rezar el Rosario y la celebraci\u00f3n de la Eucarist\u00eda, amenizada por el coro de Exalumnas que con sus canto e instrumentos nos hace vibrar m\u00e1s en ese fervor a la Virgen. Tambi\u00e9n nos celebr\u00f3 Don Alfredo Monagas que con su generosidad hizo posible la doble participaci\u00f3n, celebrando aqu\u00ed a las 18 &#8217;00h. y en Guanarteme a las 19&#8217;30h.\u00a0Es un gesto que agradecemos\u00bb.<\/p>\n<\/div>\n<p>&nbsp;<\/p>\n<p>[\/et_pb_text][et_pb_gallery gallery_ids=\u00bb10038,10039&#8243; _builder_version=\u00bb4.16&#8243; _module_preset=\u00bbdefault\u00bb global_colors_info=\u00bb{}\u00bb][\/et_pb_gallery][\/et_pb_column][\/et_pb_row][\/et_pb_section]<\/p>\n","protected":false},"excerpt":{"rendered":"<p>Febrero ha sido un mes en el que se ha recuperado la presencialidad en diferentes asociaciones.<\/p>\n","protected":false},"author":5,"featured_media":10038,"comment_status":"open","ping_status":"open","sticky":false,"template":"","format":"standard","meta":{"_et_pb_use_builder":"on","_et_pb_old_content":"<div>Por Comunicaci\u00f3n ADMA.<\/div><div><br \/>El pasado jueves en Guanarteme tuvo\u00a0lugar el primer 24 de este a\u00f1o en el que se reunieron participantes para la celebraci\u00f3n de la Eucarist\u00eda en honor a Mar\u00eda Auxiliadora. \"Nos encontramos los grupos de Familia Salesiana, Exalumnas, SS.CC y ADMA. Despu\u00e9s de los saludos pasamos al sal\u00f3n del colegio, para rezar el \u00a0Rosario y a continuaci\u00f3n la Eucarist\u00eda celebrada por D. Alfredo Monagas\", compart\u00edan.<\/div><div>\u00a0<\/div><div>Por otra parte, este 24 de febrero, han podido reunirse en \u00c1rbol Bonito algunos miembros de \u00a0los grupos de Exalumnas y ADMA para recordar y celebrar la Eucarist\u00eda en honor a la Madre Auxiliadora. \"Despu\u00e9s de la alegr\u00eda del encuentro y saludos, pasamos a la capilla para rezar el Rosario y la celebraci\u00f3n de la Eucarist\u00eda, amenizada por el coro de Exalumnas que con sus canto e instrumentos nos hace vibrar m\u00e1s en ese fervor a la Virgen. Tambi\u00e9n nos celebr\u00f3 Don Alfredo Monagas que con su generosidad hizo posible la doble participaci\u00f3n, celebrando aqu\u00ed a las 18 '00h. y en Guanarteme a las 19'30h.\u00a0Es un gesto que agradecemos\".<\/div>","_et_gb_content_width":"","footnotes":""},"categories":[53,27],"tags":[],"class_list":["post-10035","post","type-post","status-publish","format-standard","has-post-thumbnail","hentry","category-adma","category-fasa"],"yoast_head":"<!-- This site is optimized with the Yoast SEO plugin v27.5 - https:\/\/yoast.com\/product\/yoast-seo-wordpress\/ -->\n<title>Encuentros 24 en Guanarteme y \u00c1rbol Bonito - Familia Salesiana<\/title>\n<meta name=\"robots\" content=\"index, follow, max-snippet:-1, max-image-preview:large, max-video-preview:-1\" \/>\n<link rel=\"canonical\" href=\"https:\/\/www.salesianos.edu\/familiasalesiana\/encuentros-24-en-guanarteme-y-arbol-bonito\/\" \/>\n<meta property=\"og:locale\" content=\"es_ES\" \/>\n<meta property=\"og:type\" content=\"article\" \/>\n<meta property=\"og:title\" content=\"Encuentros 24 en Guanarteme y \u00c1rbol Bonito - Familia Salesiana\" \/>\n<meta property=\"og:description\" content=\"Febrero ha sido un mes en el que se ha recuperado la presencialidad en diferentes asociaciones.\" \/>\n<meta property=\"og:url\" content=\"https:\/\/www.salesianos.edu\/familiasalesiana\/encuentros-24-en-guanarteme-y-arbol-bonito\/\" \/>\n<meta property=\"og:site_name\" content=\"Familia Salesiana\" \/>\n<meta property=\"article:published_time\" content=\"2022-03-02T08:55:16+00:00\" \/>\n<meta property=\"article:modified_time\" content=\"2023-07-10T07:18:41+00:00\" \/>\n<meta property=\"og:image\" content=\"https:\/\/www.salesianos.edu\/familiasalesiana\/wp-content\/uploads\/sites\/5\/2022\/03\/A\u0301rbol-Bonito.jpeg\" \/>\n\t<meta property=\"og:image:width\" content=\"2048\" \/>\n\t<meta property=\"og:image:height\" content=\"2048\" \/>\n\t<meta property=\"og:image:type\" content=\"image\/jpeg\" \/>\n<meta name=\"author\" content=\"martapeirat\" \/>\n<meta name=\"twitter:card\" content=\"summary_large_image\" \/>\n<meta name=\"twitter:label1\" content=\"Escrito por\" \/>\n\t<meta name=\"twitter:data1\" content=\"martapeirat\" \/>\n\t<meta name=\"twitter:label2\" content=\"Tiempo de lectura\" \/>\n\t<meta name=\"twitter:data2\" content=\"1 minuto\" \/>\n<script type=\"application\/ld+json\" class=\"yoast-schema-graph\">{\"@context\":\"https:\\\/\\\/schema.org\",\"@graph\":[{\"@type\":\"Article\",\"@id\":\"https:\\\/\\\/www.salesianos.edu\\\/familiasalesiana\\\/encuentros-24-en-guanarteme-y-arbol-bonito\\\/#article\",\"isPartOf\":{\"@id\":\"https:\\\/\\\/www.salesianos.edu\\\/familiasalesiana\\\/encuentros-24-en-guanarteme-y-arbol-bonito\\\/\"},\"author\":{\"name\":\"martapeirat\",\"@id\":\"http:\\\/\\\/www.salesianos.edu\\\/familiasalesiana\\\/#\\\/schema\\\/person\\\/20a80be1bb4e0ed82068c57facf5b237\"},\"headline\":\"Encuentros 24 en Guanarteme y \u00c1rbol Bonito\",\"datePublished\":\"2022-03-02T08:55:16+00:00\",\"dateModified\":\"2023-07-10T07:18:41+00:00\",\"mainEntityOfPage\":{\"@id\":\"https:\\\/\\\/www.salesianos.edu\\\/familiasalesiana\\\/encuentros-24-en-guanarteme-y-arbol-bonito\\\/\"},\"wordCount\":309,\"commentCount\":0,\"image\":{\"@id\":\"https:\\\/\\\/www.salesianos.edu\\\/familiasalesiana\\\/encuentros-24-en-guanarteme-y-arbol-bonito\\\/#primaryimage\"},\"thumbnailUrl\":\"https:\\\/\\\/www.salesianos.edu\\\/familiasalesiana\\\/wp-content\\\/uploads\\\/sites\\\/5\\\/2022\\\/03\\\/A\u0301rbol-Bonito.jpeg\",\"articleSection\":[\"ADMA\",\"Familia Salesiana\"],\"inLanguage\":\"es\",\"potentialAction\":[{\"@type\":\"CommentAction\",\"name\":\"Comment\",\"target\":[\"https:\\\/\\\/www.salesianos.edu\\\/familiasalesiana\\\/encuentros-24-en-guanarteme-y-arbol-bonito\\\/#respond\"]}]},{\"@type\":\"WebPage\",\"@id\":\"https:\\\/\\\/www.salesianos.edu\\\/familiasalesiana\\\/encuentros-24-en-guanarteme-y-arbol-bonito\\\/\",\"url\":\"https:\\\/\\\/www.salesianos.edu\\\/familiasalesiana\\\/encuentros-24-en-guanarteme-y-arbol-bonito\\\/\",\"name\":\"Encuentros 24 en Guanarteme y \u00c1rbol Bonito - Familia Salesiana\",\"isPartOf\":{\"@id\":\"http:\\\/\\\/www.salesianos.edu\\\/familiasalesiana\\\/#website\"},\"primaryImageOfPage\":{\"@id\":\"https:\\\/\\\/www.salesianos.edu\\\/familiasalesiana\\\/encuentros-24-en-guanarteme-y-arbol-bonito\\\/#primaryimage\"},\"image\":{\"@id\":\"https:\\\/\\\/www.salesianos.edu\\\/familiasalesiana\\\/encuentros-24-en-guanarteme-y-arbol-bonito\\\/#primaryimage\"},\"thumbnailUrl\":\"https:\\\/\\\/www.salesianos.edu\\\/familiasalesiana\\\/wp-content\\\/uploads\\\/sites\\\/5\\\/2022\\\/03\\\/A\u0301rbol-Bonito.jpeg\",\"datePublished\":\"2022-03-02T08:55:16+00:00\",\"dateModified\":\"2023-07-10T07:18:41+00:00\",\"author\":{\"@id\":\"http:\\\/\\\/www.salesianos.edu\\\/familiasalesiana\\\/#\\\/schema\\\/person\\\/20a80be1bb4e0ed82068c57facf5b237\"},\"breadcrumb\":{\"@id\":\"https:\\\/\\\/www.salesianos.edu\\\/familiasalesiana\\\/encuentros-24-en-guanarteme-y-arbol-bonito\\\/#breadcrumb\"},\"inLanguage\":\"es\",\"potentialAction\":[{\"@type\":\"ReadAction\",\"target\":[\"https:\\\/\\\/www.salesianos.edu\\\/familiasalesiana\\\/encuentros-24-en-guanarteme-y-arbol-bonito\\\/\"]}]},{\"@type\":\"ImageObject\",\"inLanguage\":\"es\",\"@id\":\"https:\\\/\\\/www.salesianos.edu\\\/familiasalesiana\\\/encuentros-24-en-guanarteme-y-arbol-bonito\\\/#primaryimage\",\"url\":\"https:\\\/\\\/www.salesianos.edu\\\/familiasalesiana\\\/wp-content\\\/uploads\\\/sites\\\/5\\\/2022\\\/03\\\/A\u0301rbol-Bonito.jpeg\",\"contentUrl\":\"https:\\\/\\\/www.salesianos.edu\\\/familiasalesiana\\\/wp-content\\\/uploads\\\/sites\\\/5\\\/2022\\\/03\\\/A\u0301rbol-Bonito.jpeg\",\"width\":2048,\"height\":2048},{\"@type\":\"BreadcrumbList\",\"@id\":\"https:\\\/\\\/www.salesianos.edu\\\/familiasalesiana\\\/encuentros-24-en-guanarteme-y-arbol-bonito\\\/#breadcrumb\",\"itemListElement\":[{\"@type\":\"ListItem\",\"position\":1,\"name\":\"Portada\",\"item\":\"http:\\\/\\\/www.salesianos.edu\\\/familiasalesiana\\\/\"},{\"@type\":\"ListItem\",\"position\":2,\"name\":\"Encuentros 24 en Guanarteme y \u00c1rbol Bonito\"}]},{\"@type\":\"WebSite\",\"@id\":\"http:\\\/\\\/www.salesianos.edu\\\/familiasalesiana\\\/#website\",\"url\":\"http:\\\/\\\/www.salesianos.edu\\\/familiasalesiana\\\/\",\"name\":\"Familia Salesiana\",\"description\":\"P\u00e1gina oficial de Inspector\u00eda Salesiana Mar\u00eda Auxiliadora\",\"potentialAction\":[{\"@type\":\"SearchAction\",\"target\":{\"@type\":\"EntryPoint\",\"urlTemplate\":\"http:\\\/\\\/www.salesianos.edu\\\/familiasalesiana\\\/?s={search_term_string}\"},\"query-input\":{\"@type\":\"PropertyValueSpecification\",\"valueRequired\":true,\"valueName\":\"search_term_string\"}}],\"inLanguage\":\"es\"},{\"@type\":\"Person\",\"@id\":\"http:\\\/\\\/www.salesianos.edu\\\/familiasalesiana\\\/#\\\/schema\\\/person\\\/20a80be1bb4e0ed82068c57facf5b237\",\"name\":\"martapeirat\",\"image\":{\"@type\":\"ImageObject\",\"inLanguage\":\"es\",\"@id\":\"https:\\\/\\\/secure.gravatar.com\\\/avatar\\\/1139b81b40ed1dde466563679597db378e7092bbfdd7ebb264c437fedde866d7?s=96&d=mm&r=g\",\"url\":\"https:\\\/\\\/secure.gravatar.com\\\/avatar\\\/1139b81b40ed1dde466563679597db378e7092bbfdd7ebb264c437fedde866d7?s=96&d=mm&r=g\",\"contentUrl\":\"https:\\\/\\\/secure.gravatar.com\\\/avatar\\\/1139b81b40ed1dde466563679597db378e7092bbfdd7ebb264c437fedde866d7?s=96&d=mm&r=g\",\"caption\":\"martapeirat\"}}]}<\/script>\n<!-- \/ Yoast SEO plugin. -->","yoast_head_json":{"title":"Encuentros 24 en Guanarteme y \u00c1rbol Bonito - Familia Salesiana","robots":{"index":"index","follow":"follow","max-snippet":"max-snippet:-1","max-image-preview":"max-image-preview:large","max-video-preview":"max-video-preview:-1"},"canonical":"https:\/\/www.salesianos.edu\/familiasalesiana\/encuentros-24-en-guanarteme-y-arbol-bonito\/","og_locale":"es_ES","og_type":"article","og_title":"Encuentros 24 en Guanarteme y \u00c1rbol Bonito - Familia Salesiana","og_description":"Febrero ha sido un mes en el que se ha recuperado la presencialidad en diferentes asociaciones.","og_url":"https:\/\/www.salesianos.edu\/familiasalesiana\/encuentros-24-en-guanarteme-y-arbol-bonito\/","og_site_name":"Familia Salesiana","article_published_time":"2022-03-02T08:55:16+00:00","article_modified_time":"2023-07-10T07:18:41+00:00","og_image":[{"width":2048,"height":2048,"url":"https:\/\/www.salesianos.edu\/familiasalesiana\/wp-content\/uploads\/sites\/5\/2022\/03\/A\u0301rbol-Bonito.jpeg","type":"image\/jpeg"}],"author":"martapeirat","twitter_card":"summary_large_image","twitter_misc":{"Escrito por":"martapeirat","Tiempo de lectura":"1 minuto"},"schema":{"@context":"https:\/\/schema.org","@graph":[{"@type":"Article","@id":"https:\/\/www.salesianos.edu\/familiasalesiana\/encuentros-24-en-guanarteme-y-arbol-bonito\/#article","isPartOf":{"@id":"https:\/\/www.salesianos.edu\/familiasalesiana\/encuentros-24-en-guanarteme-y-arbol-bonito\/"},"author":{"name":"martapeirat","@id":"http:\/\/www.salesianos.edu\/familiasalesiana\/#\/schema\/person\/20a80be1bb4e0ed82068c57facf5b237"},"headline":"Encuentros 24 en Guanarteme y \u00c1rbol Bonito","datePublished":"2022-03-02T08:55:16+00:00","dateModified":"2023-07-10T07:18:41+00:00","mainEntityOfPage":{"@id":"https:\/\/www.salesianos.edu\/familiasalesiana\/encuentros-24-en-guanarteme-y-arbol-bonito\/"},"wordCount":309,"commentCount":0,"image":{"@id":"https:\/\/www.salesianos.edu\/familiasalesiana\/encuentros-24-en-guanarteme-y-arbol-bonito\/#primaryimage"},"thumbnailUrl":"https:\/\/www.salesianos.edu\/familiasalesiana\/wp-content\/uploads\/sites\/5\/2022\/03\/A\u0301rbol-Bonito.jpeg","articleSection":["ADMA","Familia Salesiana"],"inLanguage":"es","potentialAction":[{"@type":"CommentAction","name":"Comment","target":["https:\/\/www.salesianos.edu\/familiasalesiana\/encuentros-24-en-guanarteme-y-arbol-bonito\/#respond"]}]},{"@type":"WebPage","@id":"https:\/\/www.salesianos.edu\/familiasalesiana\/encuentros-24-en-guanarteme-y-arbol-bonito\/","url":"https:\/\/www.salesianos.edu\/familiasalesiana\/encuentros-24-en-guanarteme-y-arbol-bonito\/","name":"Encuentros 24 en Guanarteme y \u00c1rbol Bonito - Familia Salesiana","isPartOf":{"@id":"http:\/\/www.salesianos.edu\/familiasalesiana\/#website"},"primaryImageOfPage":{"@id":"https:\/\/www.salesianos.edu\/familiasalesiana\/encuentros-24-en-guanarteme-y-arbol-bonito\/#primaryimage"},"image":{"@id":"https:\/\/www.salesianos.edu\/familiasalesiana\/encuentros-24-en-guanarteme-y-arbol-bonito\/#primaryimage"},"thumbnailUrl":"https:\/\/www.salesianos.edu\/familiasalesiana\/wp-content\/uploads\/sites\/5\/2022\/03\/A\u0301rbol-Bonito.jpeg","datePublished":"2022-03-02T08:55:16+00:00","dateModified":"2023-07-10T07:18:41+00:00","author":{"@id":"http:\/\/www.salesianos.edu\/familiasalesiana\/#\/schema\/person\/20a80be1bb4e0ed82068c57facf5b237"},"breadcrumb":{"@id":"https:\/\/www.salesianos.edu\/familiasalesiana\/encuentros-24-en-guanarteme-y-arbol-bonito\/#breadcrumb"},"inLanguage":"es","potentialAction":[{"@type":"ReadAction","target":["https:\/\/www.salesianos.edu\/familiasalesiana\/encuentros-24-en-guanarteme-y-arbol-bonito\/"]}]},{"@type":"ImageObject","inLanguage":"es","@id":"https:\/\/www.salesianos.edu\/familiasalesiana\/encuentros-24-en-guanarteme-y-arbol-bonito\/#primaryimage","url":"https:\/\/www.salesianos.edu\/familiasalesiana\/wp-content\/uploads\/sites\/5\/2022\/03\/A\u0301rbol-Bonito.jpeg","contentUrl":"https:\/\/www.salesianos.edu\/familiasalesiana\/wp-content\/uploads\/sites\/5\/2022\/03\/A\u0301rbol-Bonito.jpeg","width":2048,"height":2048},{"@type":"BreadcrumbList","@id":"https:\/\/www.salesianos.edu\/familiasalesiana\/encuentros-24-en-guanarteme-y-arbol-bonito\/#breadcrumb","itemListElement":[{"@type":"ListItem","position":1,"name":"Portada","item":"http:\/\/www.salesianos.edu\/familiasalesiana\/"},{"@type":"ListItem","position":2,"name":"Encuentros 24 en Guanarteme y \u00c1rbol Bonito"}]},{"@type":"WebSite","@id":"http:\/\/www.salesianos.edu\/familiasalesiana\/#website","url":"http:\/\/www.salesianos.edu\/familiasalesiana\/","name":"Familia Salesiana","description":"P\u00e1gina oficial de Inspector\u00eda Salesiana Mar\u00eda Auxiliadora","potentialAction":[{"@type":"SearchAction","target":{"@type":"EntryPoint","urlTemplate":"http:\/\/www.salesianos.edu\/familiasalesiana\/?s={search_term_string}"},"query-input":{"@type":"PropertyValueSpecification","valueRequired":true,"valueName":"search_term_string"}}],"inLanguage":"es"},{"@type":"Person","@id":"http:\/\/www.salesianos.edu\/familiasalesiana\/#\/schema\/person\/20a80be1bb4e0ed82068c57facf5b237","name":"martapeirat","image":{"@type":"ImageObject","inLanguage":"es","@id":"https:\/\/secure.gravatar.com\/avatar\/1139b81b40ed1dde466563679597db378e7092bbfdd7ebb264c437fedde866d7?s=96&d=mm&r=g","url":"https:\/\/secure.gravatar.com\/avatar\/1139b81b40ed1dde466563679597db378e7092bbfdd7ebb264c437fedde866d7?s=96&d=mm&r=g","contentUrl":"https:\/\/secure.gravatar.com\/avatar\/1139b81b40ed1dde466563679597db378e7092bbfdd7ebb264c437fedde866d7?s=96&d=mm&r=g","caption":"martapeirat"}}]}},"_links":{"self":[{"href":"https:\/\/www.salesianos.edu\/familiasalesiana\/wp-json\/wp\/v2\/posts\/10035","targetHints":{"allow":["GET"]}}],"collection":[{"href":"https:\/\/www.salesianos.edu\/familiasalesiana\/wp-json\/wp\/v2\/posts"}],"about":[{"href":"https:\/\/www.salesianos.edu\/familiasalesiana\/wp-json\/wp\/v2\/types\/post"}],"author":[{"embeddable":true,"href":"https:\/\/www.salesianos.edu\/familiasalesiana\/wp-json\/wp\/v2\/users\/5"}],"replies":[{"embeddable":true,"href":"https:\/\/www.salesianos.edu\/familiasalesiana\/wp-json\/wp\/v2\/comments?post=10035"}],"version-history":[{"count":5,"href":"https:\/\/www.salesianos.edu\/familiasalesiana\/wp-json\/wp\/v2\/posts\/10035\/revisions"}],"predecessor-version":[{"id":10511,"href":"https:\/\/www.salesianos.edu\/familiasalesiana\/wp-json\/wp\/v2\/posts\/10035\/revisions\/10511"}],"wp:featuredmedia":[{"embeddable":true,"href":"https:\/\/www.salesianos.edu\/familiasalesiana\/wp-json\/wp\/v2\/media\/10038"}],"wp:attachment":[{"href":"https:\/\/www.salesianos.edu\/familiasalesiana\/wp-json\/wp\/v2\/media?parent=10035"}],"wp:term":[{"taxonomy":"category","embeddable":true,"href":"https:\/\/www.salesianos.edu\/familiasalesiana\/wp-json\/wp\/v2\/categories?post=10035"},{"taxonomy":"post_tag","embeddable":true,"href":"https:\/\/www.salesianos.edu\/familiasalesiana\/wp-json\/wp\/v2\/tags?post=10035"}],"curies":[{"name":"wp","href":"https:\/\/api.w.org\/{rel}","templated":true}]}}