{"id":10025,"date":"2022-02-08T10:27:07","date_gmt":"2022-02-08T09:27:07","guid":{"rendered":"https:\/\/www.salesianos.edu\/familiasalesiana\/?p=10025"},"modified":"2022-02-08T10:27:11","modified_gmt":"2022-02-08T09:27:11","slug":"tiempo-de-renovacion-para-los-exalumnos-de-don-bosco-en-espana","status":"publish","type":"post","link":"https:\/\/www.salesianos.edu\/familiasalesiana\/tiempo-de-renovacion-para-los-exalumnos-de-don-bosco-en-espana\/","title":{"rendered":"Tiempo de renovaci\u00f3n para los Exalumnos de Don Bosco en Espa\u00f1a"},"content":{"rendered":"<div id=\"fb-root\"><\/div>\n<p>[et_pb_section fb_built=\u00bb1&#8243; admin_label=\u00bbsection\u00bb _builder_version=\u00bb3.22&#8243; global_colors_info=\u00bb{}\u00bb][et_pb_row admin_label=\u00bbrow\u00bb _builder_version=\u00bb3.25&#8243; background_size=\u00bbinitial\u00bb background_position=\u00bbtop_left\u00bb background_repeat=\u00bbrepeat\u00bb global_colors_info=\u00bb{}\u00bb][et_pb_column type=\u00bb4_4&#8243; _builder_version=\u00bb3.25&#8243; custom_padding=\u00bb|||\u00bb global_colors_info=\u00bb{}\u00bb custom_padding__hover=\u00bb|||\u00bb][et_pb_text _builder_version=\u00bb4.14.5&#8243; _module_preset=\u00bbdefault\u00bb hover_enabled=\u00bb0&#8243; sticky_enabled=\u00bb0&#8243;]<\/p>\n<div class=\"itemIntroText\">\n<p>Es un tiempo de renovaci\u00f3n para los Exalumnos de Don Bosco en Espa\u00f1a, que este a\u00f1o 2022 iniciaron un itinerario con una nueva gu\u00eda confederal y con el acompa\u00f1amiento personal y fraterno del Rector Mayor de los Salesianos, padre \u00c1ngel Fern\u00e1ndez Artime.<\/p>\n<\/div>\n<div class=\"itemFullText\">\n<p>El pasado s\u00e1bado 18 de diciembre, fueron convocados los encargos de los Antiguos Alumnos de Espa\u00f1a para as\u00ed poder celebrar la Asamblea Electiva destinada a elegir al nuevo Presidente Confederal. Tras la Eucarist\u00eda, inici\u00f3 la Asamblea. Entre las dos candidaturas presentadas, fue elegido por mayor\u00eda absoluta el actual Presidente Regional de la Zona Sur de Espa\u00f1a,\u00a0<strong>Diego Arag\u00f3n Yuste<\/strong>, quien prestar\u00e1 su nuevo servicio durante los pr\u00f3ximos cuatro a\u00f1os.<\/p>\n<p>La Asamblea agradeci\u00f3 en nombre de su Ejecutiva Confederal al presidente saliente,\u00a0<strong>Fernando N\u00fa\u00f1ez Arce<\/strong>, por el trabajo realizado durante los \u00faltimos ocho a\u00f1os.<\/p>\n<p><strong>La nueva Ejecutiva Confederal inici\u00f3 el trabajo, el pasado 21 y 22 de enero<\/strong>\u00a0en una reuni\u00f3n de traspaso,\u00a0<strong>con un regalo inesperado, un encuentro con el padre \u00c1ngel Fern\u00e1ndez \u00c1rtime<\/strong>, que felicit\u00f3 al nuevo equipo y le anim\u00f3 a mirar hacia el futuro y a contribuir al trabajo de toda la Familia Salesiana en Espa\u00f1a. Les invit\u00f3 a no dejarse llevar por la nostalgia sino a poner su granito de arena por los ni\u00f1os y j\u00f3venes en especial los m\u00e1s vulnerables.<\/p>\n<p>Adem\u00e1s de esto, se mantuvieron reuniones con la Secretar\u00eda T\u00e9cnica, la cual desarrolla el trabajo diario de la Confederaci\u00f3n Espa\u00f1ola de Antiguos Alumnos, para conocer en detalle el estado del movimiento de los exalumnos, as\u00ed como con los responsables de la Fundaci\u00f3n Juan\u00a0<strong>Bosco\u00a0<\/strong>Siglo XXI, que en los \u00faltimos a\u00f1os ha realizado un enorme trabajo de modernizaci\u00f3n y adaptaci\u00f3n para volverse una herramienta \u00fatil de apoyo a proyectos educativas y de empleo destinado a los j\u00f3venes en Espa\u00f1a.<\/p>\n<p><strong><em>Diego Arag\u00f3n Yuste<\/em><\/strong><em>, Antiguo Alumno de las Casas de Antequera y M\u00e1laga, Salesiano Cooperador del centro de M\u00e1laga, miembro activo de la Adoraci\u00f3n Nocturna, fundador de la Hermandad Salesiana de M\u00e1laga nacida del seno de los Antiguos Alumnos. Sirvi\u00f3 como Presidente en dos mandatos 2004-2012, y durante el a\u00f1o 2010 cuando la asociaci\u00f3n de M\u00e1laga celebraba el centenario fundacional, consigui\u00f3 la erecci\u00f3n del monumento a Don Bosco y la celebraci\u00f3n de cinco eventos relacionados con su movimiento, de car\u00e1cter regional, nacional e internacional. A partir del 2006, con la reunificaci\u00f3n de las regionales de C\u00f3rdoba y Sevilla, prest\u00f3 el servicio de secretario regional hasta el a\u00f1o 2015 cuando fue elegido Presidente Regional, cargo que mantiene al d\u00eda de hoy.<\/em><\/p>\n<\/div>\n<p>[\/et_pb_text][et_pb_gallery _builder_version=\u00bb4.14.5&#8243; _module_preset=\u00bbdefault\u00bb gallery_ids=\u00bb10028,10029,10030&#8243; hover_enabled=\u00bb0&#8243; sticky_enabled=\u00bb0&#8243;][\/et_pb_gallery][\/et_pb_column][\/et_pb_row][\/et_pb_section]<\/p>\n","protected":false},"excerpt":{"rendered":"<p>El Rector Mayor les acompa\u00f1a en la Asamblea Electiva destinada a elegir al nuevo Presidente Confederal<\/p>\n","protected":false},"author":5,"featured_media":10028,"comment_status":"open","ping_status":"open","sticky":false,"template":"","format":"standard","meta":{"_et_pb_use_builder":"on","_et_pb_old_content":"","_et_gb_content_width":"","footnotes":""},"categories":[54],"tags":[45],"class_list":["post-10025","post","type-post","status-publish","format-standard","has-post-thumbnail","hentry","category-antiguos-alumnos","tag-antiguos-alumnos"],"yoast_head":"<!-- This site is optimized with the Yoast SEO plugin v27.5 - https:\/\/yoast.com\/product\/yoast-seo-wordpress\/ -->\n<title>Tiempo de renovaci\u00f3n para los Exalumnos de Don Bosco en Espa\u00f1a - Familia Salesiana<\/title>\n<meta name=\"robots\" content=\"index, follow, max-snippet:-1, max-image-preview:large, max-video-preview:-1\" \/>\n<link rel=\"canonical\" href=\"https:\/\/www.salesianos.edu\/familiasalesiana\/tiempo-de-renovacion-para-los-exalumnos-de-don-bosco-en-espana\/\" \/>\n<meta property=\"og:locale\" content=\"es_ES\" \/>\n<meta property=\"og:type\" content=\"article\" \/>\n<meta property=\"og:title\" content=\"Tiempo de renovaci\u00f3n para los Exalumnos de Don Bosco en Espa\u00f1a - Familia Salesiana\" \/>\n<meta property=\"og:description\" content=\"El Rector Mayor les acompa\u00f1a en la Asamblea Electiva destinada a elegir al nuevo Presidente Confederal\" \/>\n<meta property=\"og:url\" content=\"https:\/\/www.salesianos.edu\/familiasalesiana\/tiempo-de-renovacion-para-los-exalumnos-de-don-bosco-en-espana\/\" \/>\n<meta property=\"og:site_name\" content=\"Familia Salesiana\" \/>\n<meta property=\"article:published_time\" content=\"2022-02-08T09:27:07+00:00\" \/>\n<meta property=\"article:modified_time\" content=\"2022-02-08T09:27:11+00:00\" \/>\n<meta property=\"og:image\" content=\"https:\/\/www.salesianos.edu\/familiasalesiana\/wp-content\/uploads\/sites\/5\/2022\/02\/aaaa.jpeg\" \/>\n\t<meta property=\"og:image:width\" content=\"655\" \/>\n\t<meta property=\"og:image:height\" content=\"437\" \/>\n\t<meta property=\"og:image:type\" content=\"image\/jpeg\" \/>\n<meta name=\"author\" content=\"martapeirat\" \/>\n<meta name=\"twitter:card\" content=\"summary_large_image\" \/>\n<meta name=\"twitter:label1\" content=\"Escrito por\" \/>\n\t<meta name=\"twitter:data1\" content=\"martapeirat\" \/>\n\t<meta name=\"twitter:label2\" content=\"Tiempo de lectura\" \/>\n\t<meta name=\"twitter:data2\" content=\"3 minutos\" \/>\n<script type=\"application\/ld+json\" class=\"yoast-schema-graph\">{\"@context\":\"https:\\\/\\\/schema.org\",\"@graph\":[{\"@type\":\"Article\",\"@id\":\"https:\\\/\\\/www.salesianos.edu\\\/familiasalesiana\\\/tiempo-de-renovacion-para-los-exalumnos-de-don-bosco-en-espana\\\/#article\",\"isPartOf\":{\"@id\":\"https:\\\/\\\/www.salesianos.edu\\\/familiasalesiana\\\/tiempo-de-renovacion-para-los-exalumnos-de-don-bosco-en-espana\\\/\"},\"author\":{\"name\":\"martapeirat\",\"@id\":\"http:\\\/\\\/www.salesianos.edu\\\/familiasalesiana\\\/#\\\/schema\\\/person\\\/20a80be1bb4e0ed82068c57facf5b237\"},\"headline\":\"Tiempo de renovaci\u00f3n para los Exalumnos de Don Bosco en Espa\u00f1a\",\"datePublished\":\"2022-02-08T09:27:07+00:00\",\"dateModified\":\"2022-02-08T09:27:11+00:00\",\"mainEntityOfPage\":{\"@id\":\"https:\\\/\\\/www.salesianos.edu\\\/familiasalesiana\\\/tiempo-de-renovacion-para-los-exalumnos-de-don-bosco-en-espana\\\/\"},\"wordCount\":558,\"commentCount\":0,\"image\":{\"@id\":\"https:\\\/\\\/www.salesianos.edu\\\/familiasalesiana\\\/tiempo-de-renovacion-para-los-exalumnos-de-don-bosco-en-espana\\\/#primaryimage\"},\"thumbnailUrl\":\"https:\\\/\\\/www.salesianos.edu\\\/familiasalesiana\\\/wp-content\\\/uploads\\\/sites\\\/5\\\/2022\\\/02\\\/aaaa.jpeg\",\"keywords\":[\"Antiguos Alumnos\"],\"articleSection\":[\"Antiguos Alumnos\"],\"inLanguage\":\"es\",\"potentialAction\":[{\"@type\":\"CommentAction\",\"name\":\"Comment\",\"target\":[\"https:\\\/\\\/www.salesianos.edu\\\/familiasalesiana\\\/tiempo-de-renovacion-para-los-exalumnos-de-don-bosco-en-espana\\\/#respond\"]}]},{\"@type\":\"WebPage\",\"@id\":\"https:\\\/\\\/www.salesianos.edu\\\/familiasalesiana\\\/tiempo-de-renovacion-para-los-exalumnos-de-don-bosco-en-espana\\\/\",\"url\":\"https:\\\/\\\/www.salesianos.edu\\\/familiasalesiana\\\/tiempo-de-renovacion-para-los-exalumnos-de-don-bosco-en-espana\\\/\",\"name\":\"Tiempo de renovaci\u00f3n para los Exalumnos de Don Bosco en Espa\u00f1a - Familia Salesiana\",\"isPartOf\":{\"@id\":\"http:\\\/\\\/www.salesianos.edu\\\/familiasalesiana\\\/#website\"},\"primaryImageOfPage\":{\"@id\":\"https:\\\/\\\/www.salesianos.edu\\\/familiasalesiana\\\/tiempo-de-renovacion-para-los-exalumnos-de-don-bosco-en-espana\\\/#primaryimage\"},\"image\":{\"@id\":\"https:\\\/\\\/www.salesianos.edu\\\/familiasalesiana\\\/tiempo-de-renovacion-para-los-exalumnos-de-don-bosco-en-espana\\\/#primaryimage\"},\"thumbnailUrl\":\"https:\\\/\\\/www.salesianos.edu\\\/familiasalesiana\\\/wp-content\\\/uploads\\\/sites\\\/5\\\/2022\\\/02\\\/aaaa.jpeg\",\"datePublished\":\"2022-02-08T09:27:07+00:00\",\"dateModified\":\"2022-02-08T09:27:11+00:00\",\"author\":{\"@id\":\"http:\\\/\\\/www.salesianos.edu\\\/familiasalesiana\\\/#\\\/schema\\\/person\\\/20a80be1bb4e0ed82068c57facf5b237\"},\"breadcrumb\":{\"@id\":\"https:\\\/\\\/www.salesianos.edu\\\/familiasalesiana\\\/tiempo-de-renovacion-para-los-exalumnos-de-don-bosco-en-espana\\\/#breadcrumb\"},\"inLanguage\":\"es\",\"potentialAction\":[{\"@type\":\"ReadAction\",\"target\":[\"https:\\\/\\\/www.salesianos.edu\\\/familiasalesiana\\\/tiempo-de-renovacion-para-los-exalumnos-de-don-bosco-en-espana\\\/\"]}]},{\"@type\":\"ImageObject\",\"inLanguage\":\"es\",\"@id\":\"https:\\\/\\\/www.salesianos.edu\\\/familiasalesiana\\\/tiempo-de-renovacion-para-los-exalumnos-de-don-bosco-en-espana\\\/#primaryimage\",\"url\":\"https:\\\/\\\/www.salesianos.edu\\\/familiasalesiana\\\/wp-content\\\/uploads\\\/sites\\\/5\\\/2022\\\/02\\\/aaaa.jpeg\",\"contentUrl\":\"https:\\\/\\\/www.salesianos.edu\\\/familiasalesiana\\\/wp-content\\\/uploads\\\/sites\\\/5\\\/2022\\\/02\\\/aaaa.jpeg\",\"width\":655,\"height\":437},{\"@type\":\"BreadcrumbList\",\"@id\":\"https:\\\/\\\/www.salesianos.edu\\\/familiasalesiana\\\/tiempo-de-renovacion-para-los-exalumnos-de-don-bosco-en-espana\\\/#breadcrumb\",\"itemListElement\":[{\"@type\":\"ListItem\",\"position\":1,\"name\":\"Portada\",\"item\":\"http:\\\/\\\/www.salesianos.edu\\\/familiasalesiana\\\/\"},{\"@type\":\"ListItem\",\"position\":2,\"name\":\"Tiempo de renovaci\u00f3n para los Exalumnos de Don Bosco en Espa\u00f1a\"}]},{\"@type\":\"WebSite\",\"@id\":\"http:\\\/\\\/www.salesianos.edu\\\/familiasalesiana\\\/#website\",\"url\":\"http:\\\/\\\/www.salesianos.edu\\\/familiasalesiana\\\/\",\"name\":\"Familia Salesiana\",\"description\":\"P\u00e1gina oficial de Inspector\u00eda Salesiana Mar\u00eda Auxiliadora\",\"potentialAction\":[{\"@type\":\"SearchAction\",\"target\":{\"@type\":\"EntryPoint\",\"urlTemplate\":\"http:\\\/\\\/www.salesianos.edu\\\/familiasalesiana\\\/?s={search_term_string}\"},\"query-input\":{\"@type\":\"PropertyValueSpecification\",\"valueRequired\":true,\"valueName\":\"search_term_string\"}}],\"inLanguage\":\"es\"},{\"@type\":\"Person\",\"@id\":\"http:\\\/\\\/www.salesianos.edu\\\/familiasalesiana\\\/#\\\/schema\\\/person\\\/20a80be1bb4e0ed82068c57facf5b237\",\"name\":\"martapeirat\",\"image\":{\"@type\":\"ImageObject\",\"inLanguage\":\"es\",\"@id\":\"https:\\\/\\\/secure.gravatar.com\\\/avatar\\\/1139b81b40ed1dde466563679597db378e7092bbfdd7ebb264c437fedde866d7?s=96&d=mm&r=g\",\"url\":\"https:\\\/\\\/secure.gravatar.com\\\/avatar\\\/1139b81b40ed1dde466563679597db378e7092bbfdd7ebb264c437fedde866d7?s=96&d=mm&r=g\",\"contentUrl\":\"https:\\\/\\\/secure.gravatar.com\\\/avatar\\\/1139b81b40ed1dde466563679597db378e7092bbfdd7ebb264c437fedde866d7?s=96&d=mm&r=g\",\"caption\":\"martapeirat\"}}]}<\/script>\n<!-- \/ Yoast SEO plugin. -->","yoast_head_json":{"title":"Tiempo de renovaci\u00f3n para los Exalumnos de Don Bosco en Espa\u00f1a - Familia Salesiana","robots":{"index":"index","follow":"follow","max-snippet":"max-snippet:-1","max-image-preview":"max-image-preview:large","max-video-preview":"max-video-preview:-1"},"canonical":"https:\/\/www.salesianos.edu\/familiasalesiana\/tiempo-de-renovacion-para-los-exalumnos-de-don-bosco-en-espana\/","og_locale":"es_ES","og_type":"article","og_title":"Tiempo de renovaci\u00f3n para los Exalumnos de Don Bosco en Espa\u00f1a - Familia Salesiana","og_description":"El Rector Mayor les acompa\u00f1a en la Asamblea Electiva destinada a elegir al nuevo Presidente Confederal","og_url":"https:\/\/www.salesianos.edu\/familiasalesiana\/tiempo-de-renovacion-para-los-exalumnos-de-don-bosco-en-espana\/","og_site_name":"Familia Salesiana","article_published_time":"2022-02-08T09:27:07+00:00","article_modified_time":"2022-02-08T09:27:11+00:00","og_image":[{"width":655,"height":437,"url":"https:\/\/www.salesianos.edu\/familiasalesiana\/wp-content\/uploads\/sites\/5\/2022\/02\/aaaa.jpeg","type":"image\/jpeg"}],"author":"martapeirat","twitter_card":"summary_large_image","twitter_misc":{"Escrito por":"martapeirat","Tiempo de lectura":"3 minutos"},"schema":{"@context":"https:\/\/schema.org","@graph":[{"@type":"Article","@id":"https:\/\/www.salesianos.edu\/familiasalesiana\/tiempo-de-renovacion-para-los-exalumnos-de-don-bosco-en-espana\/#article","isPartOf":{"@id":"https:\/\/www.salesianos.edu\/familiasalesiana\/tiempo-de-renovacion-para-los-exalumnos-de-don-bosco-en-espana\/"},"author":{"name":"martapeirat","@id":"http:\/\/www.salesianos.edu\/familiasalesiana\/#\/schema\/person\/20a80be1bb4e0ed82068c57facf5b237"},"headline":"Tiempo de renovaci\u00f3n para los Exalumnos de Don Bosco en Espa\u00f1a","datePublished":"2022-02-08T09:27:07+00:00","dateModified":"2022-02-08T09:27:11+00:00","mainEntityOfPage":{"@id":"https:\/\/www.salesianos.edu\/familiasalesiana\/tiempo-de-renovacion-para-los-exalumnos-de-don-bosco-en-espana\/"},"wordCount":558,"commentCount":0,"image":{"@id":"https:\/\/www.salesianos.edu\/familiasalesiana\/tiempo-de-renovacion-para-los-exalumnos-de-don-bosco-en-espana\/#primaryimage"},"thumbnailUrl":"https:\/\/www.salesianos.edu\/familiasalesiana\/wp-content\/uploads\/sites\/5\/2022\/02\/aaaa.jpeg","keywords":["Antiguos Alumnos"],"articleSection":["Antiguos Alumnos"],"inLanguage":"es","potentialAction":[{"@type":"CommentAction","name":"Comment","target":["https:\/\/www.salesianos.edu\/familiasalesiana\/tiempo-de-renovacion-para-los-exalumnos-de-don-bosco-en-espana\/#respond"]}]},{"@type":"WebPage","@id":"https:\/\/www.salesianos.edu\/familiasalesiana\/tiempo-de-renovacion-para-los-exalumnos-de-don-bosco-en-espana\/","url":"https:\/\/www.salesianos.edu\/familiasalesiana\/tiempo-de-renovacion-para-los-exalumnos-de-don-bosco-en-espana\/","name":"Tiempo de renovaci\u00f3n para los Exalumnos de Don Bosco en Espa\u00f1a - Familia Salesiana","isPartOf":{"@id":"http:\/\/www.salesianos.edu\/familiasalesiana\/#website"},"primaryImageOfPage":{"@id":"https:\/\/www.salesianos.edu\/familiasalesiana\/tiempo-de-renovacion-para-los-exalumnos-de-don-bosco-en-espana\/#primaryimage"},"image":{"@id":"https:\/\/www.salesianos.edu\/familiasalesiana\/tiempo-de-renovacion-para-los-exalumnos-de-don-bosco-en-espana\/#primaryimage"},"thumbnailUrl":"https:\/\/www.salesianos.edu\/familiasalesiana\/wp-content\/uploads\/sites\/5\/2022\/02\/aaaa.jpeg","datePublished":"2022-02-08T09:27:07+00:00","dateModified":"2022-02-08T09:27:11+00:00","author":{"@id":"http:\/\/www.salesianos.edu\/familiasalesiana\/#\/schema\/person\/20a80be1bb4e0ed82068c57facf5b237"},"breadcrumb":{"@id":"https:\/\/www.salesianos.edu\/familiasalesiana\/tiempo-de-renovacion-para-los-exalumnos-de-don-bosco-en-espana\/#breadcrumb"},"inLanguage":"es","potentialAction":[{"@type":"ReadAction","target":["https:\/\/www.salesianos.edu\/familiasalesiana\/tiempo-de-renovacion-para-los-exalumnos-de-don-bosco-en-espana\/"]}]},{"@type":"ImageObject","inLanguage":"es","@id":"https:\/\/www.salesianos.edu\/familiasalesiana\/tiempo-de-renovacion-para-los-exalumnos-de-don-bosco-en-espana\/#primaryimage","url":"https:\/\/www.salesianos.edu\/familiasalesiana\/wp-content\/uploads\/sites\/5\/2022\/02\/aaaa.jpeg","contentUrl":"https:\/\/www.salesianos.edu\/familiasalesiana\/wp-content\/uploads\/sites\/5\/2022\/02\/aaaa.jpeg","width":655,"height":437},{"@type":"BreadcrumbList","@id":"https:\/\/www.salesianos.edu\/familiasalesiana\/tiempo-de-renovacion-para-los-exalumnos-de-don-bosco-en-espana\/#breadcrumb","itemListElement":[{"@type":"ListItem","position":1,"name":"Portada","item":"http:\/\/www.salesianos.edu\/familiasalesiana\/"},{"@type":"ListItem","position":2,"name":"Tiempo de renovaci\u00f3n para los Exalumnos de Don Bosco en Espa\u00f1a"}]},{"@type":"WebSite","@id":"http:\/\/www.salesianos.edu\/familiasalesiana\/#website","url":"http:\/\/www.salesianos.edu\/familiasalesiana\/","name":"Familia Salesiana","description":"P\u00e1gina oficial de Inspector\u00eda Salesiana Mar\u00eda Auxiliadora","potentialAction":[{"@type":"SearchAction","target":{"@type":"EntryPoint","urlTemplate":"http:\/\/www.salesianos.edu\/familiasalesiana\/?s={search_term_string}"},"query-input":{"@type":"PropertyValueSpecification","valueRequired":true,"valueName":"search_term_string"}}],"inLanguage":"es"},{"@type":"Person","@id":"http:\/\/www.salesianos.edu\/familiasalesiana\/#\/schema\/person\/20a80be1bb4e0ed82068c57facf5b237","name":"martapeirat","image":{"@type":"ImageObject","inLanguage":"es","@id":"https:\/\/secure.gravatar.com\/avatar\/1139b81b40ed1dde466563679597db378e7092bbfdd7ebb264c437fedde866d7?s=96&d=mm&r=g","url":"https:\/\/secure.gravatar.com\/avatar\/1139b81b40ed1dde466563679597db378e7092bbfdd7ebb264c437fedde866d7?s=96&d=mm&r=g","contentUrl":"https:\/\/secure.gravatar.com\/avatar\/1139b81b40ed1dde466563679597db378e7092bbfdd7ebb264c437fedde866d7?s=96&d=mm&r=g","caption":"martapeirat"}}]}},"_links":{"self":[{"href":"https:\/\/www.salesianos.edu\/familiasalesiana\/wp-json\/wp\/v2\/posts\/10025","targetHints":{"allow":["GET"]}}],"collection":[{"href":"https:\/\/www.salesianos.edu\/familiasalesiana\/wp-json\/wp\/v2\/posts"}],"about":[{"href":"https:\/\/www.salesianos.edu\/familiasalesiana\/wp-json\/wp\/v2\/types\/post"}],"author":[{"embeddable":true,"href":"https:\/\/www.salesianos.edu\/familiasalesiana\/wp-json\/wp\/v2\/users\/5"}],"replies":[{"embeddable":true,"href":"https:\/\/www.salesianos.edu\/familiasalesiana\/wp-json\/wp\/v2\/comments?post=10025"}],"version-history":[{"count":3,"href":"https:\/\/www.salesianos.edu\/familiasalesiana\/wp-json\/wp\/v2\/posts\/10025\/revisions"}],"predecessor-version":[{"id":10032,"href":"https:\/\/www.salesianos.edu\/familiasalesiana\/wp-json\/wp\/v2\/posts\/10025\/revisions\/10032"}],"wp:featuredmedia":[{"embeddable":true,"href":"https:\/\/www.salesianos.edu\/familiasalesiana\/wp-json\/wp\/v2\/media\/10028"}],"wp:attachment":[{"href":"https:\/\/www.salesianos.edu\/familiasalesiana\/wp-json\/wp\/v2\/media?parent=10025"}],"wp:term":[{"taxonomy":"category","embeddable":true,"href":"https:\/\/www.salesianos.edu\/familiasalesiana\/wp-json\/wp\/v2\/categories?post=10025"},{"taxonomy":"post_tag","embeddable":true,"href":"https:\/\/www.salesianos.edu\/familiasalesiana\/wp-json\/wp\/v2\/tags?post=10025"}],"curies":[{"name":"wp","href":"https:\/\/api.w.org\/{rel}","templated":true}]}}