{"id":10005,"date":"2022-01-26T10:39:59","date_gmt":"2022-01-26T09:39:59","guid":{"rendered":"https:\/\/www.salesianos.edu\/familiasalesiana\/?p=10005"},"modified":"2022-01-26T10:39:59","modified_gmt":"2022-01-26T09:39:59","slug":"toma-de-posesion-de-la-nueva-junta-local-de-adma-en-palma-del-rio","status":"publish","type":"post","link":"https:\/\/www.salesianos.edu\/familiasalesiana\/toma-de-posesion-de-la-nueva-junta-local-de-adma-en-palma-del-rio\/","title":{"rendered":"Toma de posesi\u00f3n de la nueva Junta local de ADMA en Palma del R\u00edo"},"content":{"rendered":"<div id=\"fb-root\"><\/div>\n<p><b>Por Comunicaci\u00f3n ADMA<\/b><\/p>\n<p><span style=\"font-weight: 400;font-family: arial, helvetica, sans-serif;font-size: 12pt\">El pasado lunes 24 de enero, festividad de San Francisco de Sales, tom\u00f3 posesi\u00f3n la nueva junta local de ADMA en Palma del R\u00edo.\u00a0<\/span><\/p>\n<p><span style=\"font-weight: 400;font-family: arial, helvetica, sans-serif;font-size: 12pt\">\u201cCon mucha ilusi\u00f3n y entusiasmo renovado, se toma el relevo de la junta saliente, la cual ha tenido un complicado y arduo trabajo durante los dos a\u00f1os de pandemia.\u00a0 Un bienio que llevamos vivido, tambi\u00e9n aqu\u00ed en Palma del R\u00edo, sabiendo que en todo momento han llevado el nombre de\u00a0 Nuestra Madre Auxiliadora a todas las personas necesitadas, tanto de bienes materiales como espirituales y que de sobremanera han aflorado durante estos meses\u2026el grupo entrante es consciente de todo ello, y por ello aprovecha estas l\u00edneas para agradecer p\u00fablicamente el trabajo que han realizado de forma impecable, llevando la devoci\u00f3n de la Virgen y la presencia de Don Bosco a todos los rincones de nuestro pueblo\u201d, compart\u00edan desde la junta local ante el cambio.<\/span><\/p>\n<p><span style=\"font-weight: 400;font-family: arial, helvetica, sans-serif;font-size: 12pt\">Se abre un nuevo tiempo y un nuevo camino, donde la asociaci\u00f3n se centrar\u00e1, tal como dijo el Delegado Inspectorial para la familia Salesiana, D. Luis Fernando \u00c1lvarez, que ofici\u00f3, junto a al consiliario D. Javier Gonz\u00e1lez la eucarist\u00eda del d\u00eda 24 en la casa de Palma del R\u00edo), el estar presentes con las personas, estar siempre sirvientes al necesitado y cercano al pueblo de Dios, ellos son la verdadera devoci\u00f3n.<\/span><\/p>\n<p><span style=\"font-weight: 400;font-family: arial, helvetica, sans-serif;font-size: 12pt\">Que Mar\u00eda Auxiliadora y Don Bosco gu\u00eden en esta nueva andadura que acaba de comenzar.<\/span><\/p>\n","protected":false},"excerpt":{"rendered":"<p>El Delegado Inspectorial para la familia Salesiana, D. Luis Fernando \u00c1lvarez, ofici\u00f3 junto a al consiliario D. Javier Gonz\u00e1lez la eucarist\u00eda del d\u00eda 24 en la casa.<\/p>\n","protected":false},"author":5,"featured_media":10006,"comment_status":"open","ping_status":"open","sticky":false,"template":"","format":"standard","meta":{"_et_pb_use_builder":"","_et_pb_old_content":"","_et_gb_content_width":"","footnotes":""},"categories":[53],"tags":[],"class_list":["post-10005","post","type-post","status-publish","format-standard","has-post-thumbnail","hentry","category-adma"],"yoast_head":"<!-- This site is optimized with the Yoast SEO plugin v27.5 - https:\/\/yoast.com\/product\/yoast-seo-wordpress\/ -->\n<title>Toma de posesi\u00f3n de la nueva Junta local de ADMA en Palma del R\u00edo - Familia Salesiana<\/title>\n<meta name=\"robots\" content=\"index, follow, max-snippet:-1, max-image-preview:large, max-video-preview:-1\" \/>\n<link rel=\"canonical\" href=\"https:\/\/www.salesianos.edu\/familiasalesiana\/toma-de-posesion-de-la-nueva-junta-local-de-adma-en-palma-del-rio\/\" \/>\n<meta property=\"og:locale\" content=\"es_ES\" \/>\n<meta property=\"og:type\" content=\"article\" \/>\n<meta property=\"og:title\" content=\"Toma de posesi\u00f3n de la nueva Junta local de ADMA en Palma del R\u00edo - Familia Salesiana\" \/>\n<meta property=\"og:description\" content=\"El Delegado Inspectorial para la familia Salesiana, D. Luis Fernando \u00c1lvarez, ofici\u00f3 junto a al consiliario D. Javier Gonz\u00e1lez la eucarist\u00eda del d\u00eda 24 en la casa.\" \/>\n<meta property=\"og:url\" content=\"https:\/\/www.salesianos.edu\/familiasalesiana\/toma-de-posesion-de-la-nueva-junta-local-de-adma-en-palma-del-rio\/\" \/>\n<meta property=\"og:site_name\" content=\"Familia Salesiana\" \/>\n<meta property=\"article:published_time\" content=\"2022-01-26T09:39:59+00:00\" \/>\n<meta property=\"og:image\" content=\"https:\/\/www.salesianos.edu\/familiasalesiana\/wp-content\/uploads\/sites\/5\/2022\/01\/ADMAPalmaRio.png\" \/>\n\t<meta property=\"og:image:width\" content=\"682\" \/>\n\t<meta property=\"og:image:height\" content=\"454\" \/>\n\t<meta property=\"og:image:type\" content=\"image\/png\" \/>\n<meta name=\"author\" content=\"martapeirat\" \/>\n<meta name=\"twitter:card\" content=\"summary_large_image\" \/>\n<meta name=\"twitter:label1\" content=\"Escrito por\" \/>\n\t<meta name=\"twitter:data1\" content=\"martapeirat\" \/>\n\t<meta name=\"twitter:label2\" content=\"Tiempo de lectura\" \/>\n\t<meta name=\"twitter:data2\" content=\"2 minutos\" \/>\n<script type=\"application\/ld+json\" class=\"yoast-schema-graph\">{\"@context\":\"https:\\\/\\\/schema.org\",\"@graph\":[{\"@type\":\"Article\",\"@id\":\"https:\\\/\\\/www.salesianos.edu\\\/familiasalesiana\\\/toma-de-posesion-de-la-nueva-junta-local-de-adma-en-palma-del-rio\\\/#article\",\"isPartOf\":{\"@id\":\"https:\\\/\\\/www.salesianos.edu\\\/familiasalesiana\\\/toma-de-posesion-de-la-nueva-junta-local-de-adma-en-palma-del-rio\\\/\"},\"author\":{\"name\":\"martapeirat\",\"@id\":\"http:\\\/\\\/www.salesianos.edu\\\/familiasalesiana\\\/#\\\/schema\\\/person\\\/20a80be1bb4e0ed82068c57facf5b237\"},\"headline\":\"Toma de posesi\u00f3n de la nueva Junta local de ADMA en Palma del R\u00edo\",\"datePublished\":\"2022-01-26T09:39:59+00:00\",\"mainEntityOfPage\":{\"@id\":\"https:\\\/\\\/www.salesianos.edu\\\/familiasalesiana\\\/toma-de-posesion-de-la-nueva-junta-local-de-adma-en-palma-del-rio\\\/\"},\"wordCount\":271,\"commentCount\":0,\"image\":{\"@id\":\"https:\\\/\\\/www.salesianos.edu\\\/familiasalesiana\\\/toma-de-posesion-de-la-nueva-junta-local-de-adma-en-palma-del-rio\\\/#primaryimage\"},\"thumbnailUrl\":\"https:\\\/\\\/www.salesianos.edu\\\/familiasalesiana\\\/wp-content\\\/uploads\\\/sites\\\/5\\\/2022\\\/01\\\/ADMAPalmaRio.png\",\"articleSection\":[\"ADMA\"],\"inLanguage\":\"es\",\"potentialAction\":[{\"@type\":\"CommentAction\",\"name\":\"Comment\",\"target\":[\"https:\\\/\\\/www.salesianos.edu\\\/familiasalesiana\\\/toma-de-posesion-de-la-nueva-junta-local-de-adma-en-palma-del-rio\\\/#respond\"]}]},{\"@type\":\"WebPage\",\"@id\":\"https:\\\/\\\/www.salesianos.edu\\\/familiasalesiana\\\/toma-de-posesion-de-la-nueva-junta-local-de-adma-en-palma-del-rio\\\/\",\"url\":\"https:\\\/\\\/www.salesianos.edu\\\/familiasalesiana\\\/toma-de-posesion-de-la-nueva-junta-local-de-adma-en-palma-del-rio\\\/\",\"name\":\"Toma de posesi\u00f3n de la nueva Junta local de ADMA en Palma del R\u00edo - Familia Salesiana\",\"isPartOf\":{\"@id\":\"http:\\\/\\\/www.salesianos.edu\\\/familiasalesiana\\\/#website\"},\"primaryImageOfPage\":{\"@id\":\"https:\\\/\\\/www.salesianos.edu\\\/familiasalesiana\\\/toma-de-posesion-de-la-nueva-junta-local-de-adma-en-palma-del-rio\\\/#primaryimage\"},\"image\":{\"@id\":\"https:\\\/\\\/www.salesianos.edu\\\/familiasalesiana\\\/toma-de-posesion-de-la-nueva-junta-local-de-adma-en-palma-del-rio\\\/#primaryimage\"},\"thumbnailUrl\":\"https:\\\/\\\/www.salesianos.edu\\\/familiasalesiana\\\/wp-content\\\/uploads\\\/sites\\\/5\\\/2022\\\/01\\\/ADMAPalmaRio.png\",\"datePublished\":\"2022-01-26T09:39:59+00:00\",\"author\":{\"@id\":\"http:\\\/\\\/www.salesianos.edu\\\/familiasalesiana\\\/#\\\/schema\\\/person\\\/20a80be1bb4e0ed82068c57facf5b237\"},\"breadcrumb\":{\"@id\":\"https:\\\/\\\/www.salesianos.edu\\\/familiasalesiana\\\/toma-de-posesion-de-la-nueva-junta-local-de-adma-en-palma-del-rio\\\/#breadcrumb\"},\"inLanguage\":\"es\",\"potentialAction\":[{\"@type\":\"ReadAction\",\"target\":[\"https:\\\/\\\/www.salesianos.edu\\\/familiasalesiana\\\/toma-de-posesion-de-la-nueva-junta-local-de-adma-en-palma-del-rio\\\/\"]}]},{\"@type\":\"ImageObject\",\"inLanguage\":\"es\",\"@id\":\"https:\\\/\\\/www.salesianos.edu\\\/familiasalesiana\\\/toma-de-posesion-de-la-nueva-junta-local-de-adma-en-palma-del-rio\\\/#primaryimage\",\"url\":\"https:\\\/\\\/www.salesianos.edu\\\/familiasalesiana\\\/wp-content\\\/uploads\\\/sites\\\/5\\\/2022\\\/01\\\/ADMAPalmaRio.png\",\"contentUrl\":\"https:\\\/\\\/www.salesianos.edu\\\/familiasalesiana\\\/wp-content\\\/uploads\\\/sites\\\/5\\\/2022\\\/01\\\/ADMAPalmaRio.png\",\"width\":682,\"height\":454},{\"@type\":\"BreadcrumbList\",\"@id\":\"https:\\\/\\\/www.salesianos.edu\\\/familiasalesiana\\\/toma-de-posesion-de-la-nueva-junta-local-de-adma-en-palma-del-rio\\\/#breadcrumb\",\"itemListElement\":[{\"@type\":\"ListItem\",\"position\":1,\"name\":\"Portada\",\"item\":\"http:\\\/\\\/www.salesianos.edu\\\/familiasalesiana\\\/\"},{\"@type\":\"ListItem\",\"position\":2,\"name\":\"Toma de posesi\u00f3n de la nueva Junta local de ADMA en Palma del R\u00edo\"}]},{\"@type\":\"WebSite\",\"@id\":\"http:\\\/\\\/www.salesianos.edu\\\/familiasalesiana\\\/#website\",\"url\":\"http:\\\/\\\/www.salesianos.edu\\\/familiasalesiana\\\/\",\"name\":\"Familia Salesiana\",\"description\":\"P\u00e1gina oficial de Inspector\u00eda Salesiana Mar\u00eda Auxiliadora\",\"potentialAction\":[{\"@type\":\"SearchAction\",\"target\":{\"@type\":\"EntryPoint\",\"urlTemplate\":\"http:\\\/\\\/www.salesianos.edu\\\/familiasalesiana\\\/?s={search_term_string}\"},\"query-input\":{\"@type\":\"PropertyValueSpecification\",\"valueRequired\":true,\"valueName\":\"search_term_string\"}}],\"inLanguage\":\"es\"},{\"@type\":\"Person\",\"@id\":\"http:\\\/\\\/www.salesianos.edu\\\/familiasalesiana\\\/#\\\/schema\\\/person\\\/20a80be1bb4e0ed82068c57facf5b237\",\"name\":\"martapeirat\",\"image\":{\"@type\":\"ImageObject\",\"inLanguage\":\"es\",\"@id\":\"https:\\\/\\\/secure.gravatar.com\\\/avatar\\\/1139b81b40ed1dde466563679597db378e7092bbfdd7ebb264c437fedde866d7?s=96&d=mm&r=g\",\"url\":\"https:\\\/\\\/secure.gravatar.com\\\/avatar\\\/1139b81b40ed1dde466563679597db378e7092bbfdd7ebb264c437fedde866d7?s=96&d=mm&r=g\",\"contentUrl\":\"https:\\\/\\\/secure.gravatar.com\\\/avatar\\\/1139b81b40ed1dde466563679597db378e7092bbfdd7ebb264c437fedde866d7?s=96&d=mm&r=g\",\"caption\":\"martapeirat\"}}]}<\/script>\n<!-- \/ Yoast SEO plugin. -->","yoast_head_json":{"title":"Toma de posesi\u00f3n de la nueva Junta local de ADMA en Palma del R\u00edo - Familia Salesiana","robots":{"index":"index","follow":"follow","max-snippet":"max-snippet:-1","max-image-preview":"max-image-preview:large","max-video-preview":"max-video-preview:-1"},"canonical":"https:\/\/www.salesianos.edu\/familiasalesiana\/toma-de-posesion-de-la-nueva-junta-local-de-adma-en-palma-del-rio\/","og_locale":"es_ES","og_type":"article","og_title":"Toma de posesi\u00f3n de la nueva Junta local de ADMA en Palma del R\u00edo - Familia Salesiana","og_description":"El Delegado Inspectorial para la familia Salesiana, D. Luis Fernando \u00c1lvarez, ofici\u00f3 junto a al consiliario D. Javier Gonz\u00e1lez la eucarist\u00eda del d\u00eda 24 en la casa.","og_url":"https:\/\/www.salesianos.edu\/familiasalesiana\/toma-de-posesion-de-la-nueva-junta-local-de-adma-en-palma-del-rio\/","og_site_name":"Familia Salesiana","article_published_time":"2022-01-26T09:39:59+00:00","og_image":[{"width":682,"height":454,"url":"https:\/\/www.salesianos.edu\/familiasalesiana\/wp-content\/uploads\/sites\/5\/2022\/01\/ADMAPalmaRio.png","type":"image\/png"}],"author":"martapeirat","twitter_card":"summary_large_image","twitter_misc":{"Escrito por":"martapeirat","Tiempo de lectura":"2 minutos"},"schema":{"@context":"https:\/\/schema.org","@graph":[{"@type":"Article","@id":"https:\/\/www.salesianos.edu\/familiasalesiana\/toma-de-posesion-de-la-nueva-junta-local-de-adma-en-palma-del-rio\/#article","isPartOf":{"@id":"https:\/\/www.salesianos.edu\/familiasalesiana\/toma-de-posesion-de-la-nueva-junta-local-de-adma-en-palma-del-rio\/"},"author":{"name":"martapeirat","@id":"http:\/\/www.salesianos.edu\/familiasalesiana\/#\/schema\/person\/20a80be1bb4e0ed82068c57facf5b237"},"headline":"Toma de posesi\u00f3n de la nueva Junta local de ADMA en Palma del R\u00edo","datePublished":"2022-01-26T09:39:59+00:00","mainEntityOfPage":{"@id":"https:\/\/www.salesianos.edu\/familiasalesiana\/toma-de-posesion-de-la-nueva-junta-local-de-adma-en-palma-del-rio\/"},"wordCount":271,"commentCount":0,"image":{"@id":"https:\/\/www.salesianos.edu\/familiasalesiana\/toma-de-posesion-de-la-nueva-junta-local-de-adma-en-palma-del-rio\/#primaryimage"},"thumbnailUrl":"https:\/\/www.salesianos.edu\/familiasalesiana\/wp-content\/uploads\/sites\/5\/2022\/01\/ADMAPalmaRio.png","articleSection":["ADMA"],"inLanguage":"es","potentialAction":[{"@type":"CommentAction","name":"Comment","target":["https:\/\/www.salesianos.edu\/familiasalesiana\/toma-de-posesion-de-la-nueva-junta-local-de-adma-en-palma-del-rio\/#respond"]}]},{"@type":"WebPage","@id":"https:\/\/www.salesianos.edu\/familiasalesiana\/toma-de-posesion-de-la-nueva-junta-local-de-adma-en-palma-del-rio\/","url":"https:\/\/www.salesianos.edu\/familiasalesiana\/toma-de-posesion-de-la-nueva-junta-local-de-adma-en-palma-del-rio\/","name":"Toma de posesi\u00f3n de la nueva Junta local de ADMA en Palma del R\u00edo - Familia Salesiana","isPartOf":{"@id":"http:\/\/www.salesianos.edu\/familiasalesiana\/#website"},"primaryImageOfPage":{"@id":"https:\/\/www.salesianos.edu\/familiasalesiana\/toma-de-posesion-de-la-nueva-junta-local-de-adma-en-palma-del-rio\/#primaryimage"},"image":{"@id":"https:\/\/www.salesianos.edu\/familiasalesiana\/toma-de-posesion-de-la-nueva-junta-local-de-adma-en-palma-del-rio\/#primaryimage"},"thumbnailUrl":"https:\/\/www.salesianos.edu\/familiasalesiana\/wp-content\/uploads\/sites\/5\/2022\/01\/ADMAPalmaRio.png","datePublished":"2022-01-26T09:39:59+00:00","author":{"@id":"http:\/\/www.salesianos.edu\/familiasalesiana\/#\/schema\/person\/20a80be1bb4e0ed82068c57facf5b237"},"breadcrumb":{"@id":"https:\/\/www.salesianos.edu\/familiasalesiana\/toma-de-posesion-de-la-nueva-junta-local-de-adma-en-palma-del-rio\/#breadcrumb"},"inLanguage":"es","potentialAction":[{"@type":"ReadAction","target":["https:\/\/www.salesianos.edu\/familiasalesiana\/toma-de-posesion-de-la-nueva-junta-local-de-adma-en-palma-del-rio\/"]}]},{"@type":"ImageObject","inLanguage":"es","@id":"https:\/\/www.salesianos.edu\/familiasalesiana\/toma-de-posesion-de-la-nueva-junta-local-de-adma-en-palma-del-rio\/#primaryimage","url":"https:\/\/www.salesianos.edu\/familiasalesiana\/wp-content\/uploads\/sites\/5\/2022\/01\/ADMAPalmaRio.png","contentUrl":"https:\/\/www.salesianos.edu\/familiasalesiana\/wp-content\/uploads\/sites\/5\/2022\/01\/ADMAPalmaRio.png","width":682,"height":454},{"@type":"BreadcrumbList","@id":"https:\/\/www.salesianos.edu\/familiasalesiana\/toma-de-posesion-de-la-nueva-junta-local-de-adma-en-palma-del-rio\/#breadcrumb","itemListElement":[{"@type":"ListItem","position":1,"name":"Portada","item":"http:\/\/www.salesianos.edu\/familiasalesiana\/"},{"@type":"ListItem","position":2,"name":"Toma de posesi\u00f3n de la nueva Junta local de ADMA en Palma del R\u00edo"}]},{"@type":"WebSite","@id":"http:\/\/www.salesianos.edu\/familiasalesiana\/#website","url":"http:\/\/www.salesianos.edu\/familiasalesiana\/","name":"Familia Salesiana","description":"P\u00e1gina oficial de Inspector\u00eda Salesiana Mar\u00eda Auxiliadora","potentialAction":[{"@type":"SearchAction","target":{"@type":"EntryPoint","urlTemplate":"http:\/\/www.salesianos.edu\/familiasalesiana\/?s={search_term_string}"},"query-input":{"@type":"PropertyValueSpecification","valueRequired":true,"valueName":"search_term_string"}}],"inLanguage":"es"},{"@type":"Person","@id":"http:\/\/www.salesianos.edu\/familiasalesiana\/#\/schema\/person\/20a80be1bb4e0ed82068c57facf5b237","name":"martapeirat","image":{"@type":"ImageObject","inLanguage":"es","@id":"https:\/\/secure.gravatar.com\/avatar\/1139b81b40ed1dde466563679597db378e7092bbfdd7ebb264c437fedde866d7?s=96&d=mm&r=g","url":"https:\/\/secure.gravatar.com\/avatar\/1139b81b40ed1dde466563679597db378e7092bbfdd7ebb264c437fedde866d7?s=96&d=mm&r=g","contentUrl":"https:\/\/secure.gravatar.com\/avatar\/1139b81b40ed1dde466563679597db378e7092bbfdd7ebb264c437fedde866d7?s=96&d=mm&r=g","caption":"martapeirat"}}]}},"_links":{"self":[{"href":"https:\/\/www.salesianos.edu\/familiasalesiana\/wp-json\/wp\/v2\/posts\/10005","targetHints":{"allow":["GET"]}}],"collection":[{"href":"https:\/\/www.salesianos.edu\/familiasalesiana\/wp-json\/wp\/v2\/posts"}],"about":[{"href":"https:\/\/www.salesianos.edu\/familiasalesiana\/wp-json\/wp\/v2\/types\/post"}],"author":[{"embeddable":true,"href":"https:\/\/www.salesianos.edu\/familiasalesiana\/wp-json\/wp\/v2\/users\/5"}],"replies":[{"embeddable":true,"href":"https:\/\/www.salesianos.edu\/familiasalesiana\/wp-json\/wp\/v2\/comments?post=10005"}],"version-history":[{"count":1,"href":"https:\/\/www.salesianos.edu\/familiasalesiana\/wp-json\/wp\/v2\/posts\/10005\/revisions"}],"predecessor-version":[{"id":10007,"href":"https:\/\/www.salesianos.edu\/familiasalesiana\/wp-json\/wp\/v2\/posts\/10005\/revisions\/10007"}],"wp:featuredmedia":[{"embeddable":true,"href":"https:\/\/www.salesianos.edu\/familiasalesiana\/wp-json\/wp\/v2\/media\/10006"}],"wp:attachment":[{"href":"https:\/\/www.salesianos.edu\/familiasalesiana\/wp-json\/wp\/v2\/media?parent=10005"}],"wp:term":[{"taxonomy":"category","embeddable":true,"href":"https:\/\/www.salesianos.edu\/familiasalesiana\/wp-json\/wp\/v2\/categories?post=10005"},{"taxonomy":"post_tag","embeddable":true,"href":"https:\/\/www.salesianos.edu\/familiasalesiana\/wp-json\/wp\/v2\/tags?post=10005"}],"curies":[{"name":"wp","href":"https:\/\/api.w.org\/{rel}","templated":true}]}}