{"id":9926,"date":"2018-11-24T23:00:15","date_gmt":"2018-11-24T22:00:15","guid":{"rendered":"http:\/\/www.salesianos.edu\/revistasmx\/?p=9926"},"modified":"2018-12-03T09:19:45","modified_gmt":"2018-12-03T08:19:45","slug":"que-salesianos-para-los-jovenes-de-hoy","status":"publish","type":"post","link":"http:\/\/www.salesianos.edu\/revistasmx\/que-salesianos-para-los-jovenes-de-hoy\/","title":{"rendered":"\u00bfQu\u00e9 salesiano para los j\u00f3venes de hoy?"},"content":{"rendered":"<div id=\"fb-root\"><\/div>\n<p>[et_pb_section fb_built=\u00bb1&#8243; _builder_version=\u00bb3.0.47&#8243;][et_pb_row _builder_version=\u00bb3.0.48&#8243; background_size=\u00bbinitial\u00bb background_position=\u00bbtop_left\u00bb background_repeat=\u00bbrepeat\u00bb][et_pb_column type=\u00bb1_2&#8243; _builder_version=\u00bb3.0.47&#8243; parallax=\u00bboff\u00bb parallax_method=\u00bbon\u00bb][et_pb_text _builder_version=\u00bb3.0.74&#8243; background_size=\u00bbinitial\u00bb background_position=\u00bbtop_left\u00bb background_repeat=\u00bbrepeat\u00bb]<\/p>\n<p>La Inspector\u00eda Salesiana Mar\u00eda Auxiliadora celebra <strong><span style=\"color: #b3343b\">del 27 al 29 de diciembre el<\/span> <span style=\"color: #b3343b\">inicio de lo que ser\u00e1 su segundo Cap\u00edtulo Inspectorial (CI).<\/span><\/strong> El mismo se desarrollar\u00e1 en dos sesiones que tendr\u00e1n lugar en <span style=\"color: #b3343b\"><strong>Barcelona Mart\u00ed Codolar;<\/strong> <\/span>con una primera parte en diciembre, y otra <span style=\"color: #b3343b\"><strong>entre el 25 y el 27 de abril de 2019, con m\u00e1s de 130 participantes<\/strong>.<\/span><\/p>\n<p>Pero a las puertas de este nuevo evento, <span style=\"color: #b3343b\"><strong>\u00bfqu\u00e9 significado tiene el Cap\u00edtulo?<\/strong><\/span><\/p>\n<p>Desde la etimolog\u00eda, al sumergirse en el diccionario de la Real Academia de la Lengua, en su primera acepci\u00f3n, aparece este sustantivo masculino que se define como la divisi\u00f3n que se hace en los libros y en cualquier otro escrito para el mejor orden y m\u00e1s f\u00e1cil comprensi\u00f3n de la materia. Tambi\u00e9n hace referencia, en radio y televisi\u00f3n, a cada una de las partes en que se divide una obra dram\u00e1tica o documental para su emisi\u00f3n. Ambos casos quedan lejos de la vida salesiana. Tambi\u00e9n se descartan las locuciones verbales que hablan de ser \u201ccap\u00edtulo aparte\u201d o \u201cllamar a alguien a cap\u00edtulo\u201d, como una forma de ser diferente o para pedir cuenta por los actos. Para concebir el Cap\u00edtulo como Salesianos hay que dirigirse a la quinta acepci\u00f3n, esa que hace referencia a la <em>junta que hacen los religiosos y cl\u00e9rigos regulares a determinados tiempos, conforme a los estatutos de sus \u00f3rdenes, para las elecciones de prelados y para otros asuntos.<\/em><\/p>\n<p><span style=\"color: #b3343b\"><strong>\u00bfY qu\u00e9 dicen las Constituciones Salesianas?<\/strong><\/span> Si vamos a la ra\u00edz de la celebraci\u00f3n de este evento<a href=\"http:\/\/archivio.sdb.org\/images\/documenti\/Salesiani_DB\/Costituzioni\/pdf\/Costituzioni_es.pdf\">, seg\u00fan se recoge en el <strong>art\u00edculo 170<\/strong><\/a>, el <em>cap\u00edtulo inspectorial es la reuni\u00f3n fraterna donde las comunidades locales refuerzan su sentido de pertenencia a la comunidad inspectorial, mediante la solicitud com\u00fan por los problemas generales. Es, asimismo, la asamblea representativa de los hermanos y de las comunidades-locales<\/em>. Es el caso de Salesianos SMX, presentes en las Comunidades Aut\u00f3nomas de Catalu\u00f1a, Arag\u00f3n, Comunidad Valenciana, Regi\u00f3n de Murcia, Islas Baleares, Andaluc\u00eda, Extremadura y Canarias.<\/p>\n<p>En este contexto, <span style=\"color: #b3343b\"><strong>\u00c1ngel Asurmendi, provincial de la Inspector\u00eda Mar\u00eda Auxiliadora<\/strong>, <\/span>compart\u00eda en su carta de convocatoria como preparaci\u00f3n al CI\u00b419 que esta vivencia es un <span style=\"color: #b3343b\"><strong>momento clave en la vida de la inspector\u00eda<\/strong>.\u00a0<\/span> <em>\u201cNo solo por el influjo notable que tiene a trav\u00e9s de las decisiones que se toman, sino tambi\u00e9n porque en el proceso de preparaci\u00f3n se implican todos los hermanos\u201d,<\/em> comentaba.<\/p>\n<p><span style=\"font-size: 14px\">Adem\u00e1s, este Cap\u00edtulo es la <\/span><span style=\"color: #b3343b;font-size: 14px\"><strong>antesala de la celebraci\u00f3n del Cap\u00edtulo General 28<\/strong><\/span><span style=\"font-size: 14px\"> (CG28) convocado por el <\/span><span style=\"color: #b3343b;font-size: 14px\"><strong>Rector Mayor<\/strong><\/span><span style=\"font-size: 14px\"><span style=\"color: #b3343b\">. <\/span>Dicha convocatoria compromete a la inspector\u00eda con la reflexi\u00f3n para enviar aportaciones al regulador del Cap\u00edtulo General, y a elegir tambi\u00e9n a tres delegados de los hermanos para participar en \u00e9l, junto al Inspector.<\/span><\/p>\n<p><span style=\"font-size: 14px\">\u00a0<\/span><\/p>\n<p>[\/et_pb_text][\/et_pb_column][et_pb_column type=\u00bb1_2&#8243; _builder_version=\u00bb3.0.47&#8243; parallax=\u00bboff\u00bb parallax_method=\u00bbon\u00bb][et_pb_image src=\u00bbhttps:\/\/www.salesianos.edu\/revistasmx\/wp-content\/uploads\/sites\/8\/2018\/11\/Logo-CI-19.png\u00bb _builder_version=\u00bb3.13.1&#8243;][\/et_pb_image][et_pb_cta title=\u00bbEscuchar a los j\u00f3venes de hoy\u00bb button_text=\u00bbClick Here\u00bb _builder_version=\u00bb3.13.1&#8243;]<\/p>\n<p style=\"text-align: justify\">El tema central a abordar por el CI\u00b419, vinculado al CG28,\u00a0 ser\u00e1 responder la cuesti\u00f3n <strong>\u00bfQu\u00e9 salesiano para los j\u00f3venes de hoy?<\/strong> Este objetivo principal estar\u00e1 articulado en tres grupos tem\u00e1ticos:<span style=\"font-size: 14px\">\u00a0<\/span><\/p>\n<ol style=\"text-align: justify\">\n<li><strong> Prioridades de la misi\u00f3n,<\/strong><\/li>\n<li><strong> Perfil del salesiano,<\/strong><\/li>\n<li><strong> Compartir la misi\u00f3n y la formaci\u00f3n con los seglares<\/strong><\/li>\n<\/ol>\n<p style=\"text-align: justify\"><span style=\"font-size: 14px\">Por otra parte, el CG28 se ocupar\u00e1 de unos cuantos asuntos de naturaleza jur\u00eddica que hacen referencia a las Constituciones y a los Reglamentos Generales, a la vida de las inspector\u00edas y de las comunidades locales. Mientras que, en la Inspector\u00eda Salesiana Mar\u00eda Auxiliadora, adem\u00e1s, se tratar\u00e1n algunos puntos se\u00f1alados en la hoja de ruta de la unificaci\u00f3n y reestructuraci\u00f3n: funci\u00f3n de la comunidad religiosa en la casa, criterios para la reducci\u00f3n de comunidades y criterios para la atenci\u00f3n a las casas sin comunidad.<\/span><\/p>\n<p>[\/et_pb_cta][\/et_pb_column][\/et_pb_row][et_pb_row _builder_version=\u00bb3.13.1&#8243;][et_pb_column type=\u00bb1_2&#8243; _builder_version=\u00bb3.0.47&#8243; parallax=\u00bboff\u00bb parallax_method=\u00bbon\u00bb][et_pb_accordion open_toggle_text_color=\u00bb#b3343b\u00bb _builder_version=\u00bb3.13.1&#8243; toggle_font=\u00bb||||||||\u00bb][et_pb_accordion_item title=\u00bb\u00bfQu\u00e9 competencias tiene el Cap\u00edtulo Inspectorial?\u00bb open=\u00bbon\u00bb _builder_version=\u00bb3.13.1&#8243; title_text_shadow_horizontal_length=\u00bb0em\u00bb title_text_shadow_vertical_length=\u00bb0em\u00bb title_text_shadow_blur_strength=\u00bb0em\u00bb body_text_shadow_horizontal_length=\u00bb0em\u00bb body_text_shadow_vertical_length=\u00bb0em\u00bb body_text_shadow_blur_strength=\u00bb0em\u00bb]<a style=\"font-size: 14px\" href=\"http:\/\/archivio.sdb.org\/images\/documenti\/Salesiani_DB\/Costituzioni\/pdf\/Costituzioni_es.pdf\">Seg\u00fan el <strong>art\u00edculo 171<\/strong><\/a><span style=\"font-size: 14px\">, el CI <\/span><em style=\"font-size: 14px\">debe establecer cuanto se refiere a la buena marcha de la inspector\u00eda; \u2028buscar los medios adecuados para promover la vida religiosa y pastoral de la comunidad \u2028inspectorial; \u2028estudiar y revisar la actuaci\u00f3n concreta de las decisiones del Cap\u00edtulo General; \u2028hacer y revisar el directorio inspectorial, en el \u00e1mbito de las competencias asignadas a dicho nivel; \u2028elegir a uno o dos delegados para el Cap\u00edtulo General y sus suplentes, seg\u00fan se indica en los \u2028Reglamentos generales<\/em><span style=\"font-size: 14px\">. (R 167.190)<\/span><\/p>\n<p><a href=\"https:\/\/salesianos.edu\/Articulos\/7826\/1\/1\/El-Cap-tulo-Inspectorial-llega-a-buen-puerto\">Tras la edici\u00f3n de 2016<\/a>, llega esta nueva sesi\u00f3n debido a que, ordinariamente, el CI es convocado por el inspector cada tres a\u00f1os, y siempre que se convoque el Cap\u00edtulo General; de modo extraordinario, cuando el inspector, con el consentimiento de su Consejo y tras consulta al Rector Mayor, lo crea conveniente para el bien de la inspector\u00eda. (R 168).<br \/>\n[\/et_pb_accordion_item][et_pb_accordion_item title=\u00bb\u00bfQui\u00e9n participa en este evento?\u00bb open=\u00bboff\u00bb _builder_version=\u00bb3.13.1&#8243; title_text_shadow_horizontal_length=\u00bb0em\u00bb title_text_shadow_vertical_length=\u00bb0em\u00bb title_text_shadow_blur_strength=\u00bb0em\u00bb body_text_shadow_horizontal_length=\u00bb0em\u00bb body_text_shadow_vertical_length=\u00bb0em\u00bb body_text_shadow_blur_strength=\u00bb0em\u00bb]<span style=\"font-size: 14px\">En el CI\u00b419 intervienen con derecho a voto: \u00a0el inspector, que preside; \u2028los consejeros inspectoriales; \u2028el superior de cada delegaci\u00f3n inspectorial; \u2028el regulador del cap\u00edtulo inspectorial; \u2028el director de toda casa erigida can\u00f3nicamente o, si \u00e9ste se halla gravemente impedido, su vicario, \u2028previa aprobaci\u00f3n del inspector; \u2028el maestro de novicios; \u2028los delegados de las comunidades locales y de la comunidad inspectorial, elegidos entre los \u2028profesos perpetuos como establecen los Reglamentos generales. (R 161.165.168).<\/span><\/p>\n<p><span style=\"font-size: 14px\">Adem\u00e1s, en la elecci\u00f3n de los delegados de las comunidades locales y de la comunidad inspectorial, participan todos los profesos perpetuos y temporales. (R 165).<\/span><br \/>\n[\/et_pb_accordion_item][et_pb_accordion_item title=\u00bb\u00bfC\u00f3mo se prepara este evento?\u00bb open=\u00bboff\u00bb _builder_version=\u00bb3.13.1&#8243; title_text_shadow_horizontal_length=\u00bb0em\u00bb title_text_shadow_vertical_length=\u00bb0em\u00bb title_text_shadow_blur_strength=\u00bb0em\u00bb body_text_shadow_horizontal_length=\u00bb0em\u00bb body_text_shadow_vertical_length=\u00bb0em\u00bb body_text_shadow_blur_strength=\u00bb0em\u00bb]<span style=\"font-size: 14px\"><span style=\"color: #b3343b\">A nivel personal,<\/span> cada salesiano sigue la preparaci\u00f3n, el desarrollo y las conclusiones del CI por medio de la oraci\u00f3n y la informaci\u00f3n. Tambi\u00e9n se sugiere vivirlo en un clima de conversi\u00f3n personal, para asumir las implicaciones espirituales y pastorales del tema del CG\u201928. Da su propio voto para la elecci\u00f3n del delegado de la propia comunidad y de su suplente, participa en la elecci\u00f3n de los delegados de los hermanos de la Inspector\u00eda o estudia personalmente el tema, sirvi\u00e9ndose del material recibido y del intercambio de ideas en su comunidad.<\/span><\/p>\n<p><span style=\"font-size: 14px\">Por otra parte, <span style=\"color: #b3343b\">cada comunidad<\/span> acompa\u00f1a todo el proceso capitular con la oraci\u00f3n diaria; elige a su delegado para el CI y a su suplente; levanta acta de dicha elecci\u00f3n o estudia el tema propuesto manda sus aportaciones al Regulador del CI.<\/span><\/p>\n<p><span style=\"font-size: 14px\">Aunque pueda parecer que los trabajos del CI se concentran en las \u00faltimas semanas, los preparativos arrancan tiempo atr\u00e1s. Por ejemplo, con fecha 1 de julio, se publicaba la carta de convocatoria donde figuraba el nombramiento de <span style=\"color: #b3343b\"><strong>Miguel \u00c1ngel \u00c1lvarez Paulino, director del Colegio Mayor Universitario San Juan Bosco de Sevilla, como Regulador<\/strong><\/span> y los miembros de la comisi\u00f3n precapitular. En ella estaban salesianos y laicos, con diferentes responsabilidades en la marcha ordinaria de la inspector\u00eda, entre los que se encontraban <span style=\"color: #b3343b\"><strong>Fernando Miranda, Rosa Mar\u00eda Bellido, Carles Rubio, Segundo Garc\u00eda y Marco Antonio V\u00e1zquez.<\/strong><\/span><\/span><\/p>\n<p><span style=\"font-size: 14px\">Por otra parte, para abordar los asuntos de naturaleza jur\u00eddica que pide el CG\u201928, el inspector cre\u00f3 un grupo de trabajo ad hoc, presidido por el <span style=\"color: #b3343b\"><strong>salesiano Luis Onrubia.<\/strong><\/span><\/span><\/p>\n<p><span style=\"font-size: 14px\">El estudio de los trabajos de preparaci\u00f3n se iniciaron el pasado 9 de julio y, a lo largo de estos meses, se han llevado a cabo diferentes sesiones para elaborar materiales para que los salesianos, las comunidades salesianas, los j\u00f3venes, laicos y Familia Salesiana de las obras puedan participar en el CI\u201919 con sus aportaciones, como pide el Rector Mayor. Igualmente, para esta edici\u00f3n, atendiendo la petici\u00f3n del <strong><span style=\"color: #b3343b\">Regulador del CG\u201928, Stefano Vanoli,<\/span> <\/strong>se ped\u00eda a cada comunidad salesiana local ponerse a la escucha de los j\u00f3venes.<\/span><br \/>\n[\/et_pb_accordion_item][\/et_pb_accordion][\/et_pb_column][et_pb_column type=\u00bb1_2&#8243; _builder_version=\u00bb3.0.47&#8243; parallax=\u00bboff\u00bb parallax_method=\u00bbon\u00bb][et_pb_countdown_timer title=\u00bbD\u00edas que faltan para el CI\u00b419&#8243; date_time=\u00bb2018-12-27 12:56&#8243; _builder_version=\u00bb3.13.1&#8243;][\/et_pb_countdown_timer][et_pb_video src=\u00bbhttps:\/\/www.youtube.com\/watch?v=tK8qjiqjaI4&amp;index=17&amp;list=PLIQiy0ygYteNS5lNZ9YORsUH-3RaDwMp_\u00bb _builder_version=\u00bb3.13.1&#8243;][\/et_pb_video][et_pb_video src=\u00bbhttps:\/\/www.youtube.com\/watch?v=_SrY8l48NlQ&amp;index=7&amp;list=PLIQiy0ygYteNS5lNZ9YORsUH-3RaDwMp_\u00bb _builder_version=\u00bb3.13.1&#8243;][\/et_pb_video][et_pb_button button_url=\u00bbhttps:\/\/www.youtube.com\/watch?v=D9HFHXUXaaM&amp;list=PLIQiy0ygYteNS5lNZ9YORsUH-3RaDwMp_\u00bb button_text=\u00bbVisita m\u00e1s v\u00eddeos sobre el CI\u00b416&#8243; _builder_version=\u00bb3.13.1&#8243;][\/et_pb_button][\/et_pb_column][\/et_pb_row][et_pb_row _builder_version=\u00bb3.13.1&#8243;][et_pb_column type=\u00bb4_4&#8243; _builder_version=\u00bb3.0.47&#8243; parallax=\u00bboff\u00bb parallax_method=\u00bbon\u00bb][et_pb_divider _builder_version=\u00bb3.13.1&#8243;][\/et_pb_divider][\/et_pb_column][\/et_pb_row][et_pb_row _builder_version=\u00bb3.13.1&#8243;][et_pb_column type=\u00bb4_4&#8243; _builder_version=\u00bb3.0.47&#8243; parallax=\u00bboff\u00bb parallax_method=\u00bbon\u00bb][et_pb_testimonial portrait_url=\u00bbhttps:\/\/www.salesianos.edu\/revistasmx\/wp-content\/uploads\/sites\/8\/2018\/11\/MIGUEANGEL.jpg\u00bb _builder_version=\u00bb3.13.1&#8243;]<span style=\"color: #b3343b\"><strong>\u00bfQu\u00e9 esperas de este nuevo Cap\u00edtulo?<\/strong><\/span><\/p>\n<p>El a\u00f1o pasado acompa\u00f1\u00e9 el Camino de Santiago de un grupo de colegiales; durante el mismo, una idea que se repet\u00eda era que lo importante era el camino, no tanto llegar a Santiago.\u00a0 Algo parecido digo del Cap\u00edtulo. El poder en estos meses hablar entre nosotros, compartir nuestras inquietudes, temores y esperanzas con otros salesianos religiosos, pero tambi\u00e9n con j\u00f3venes, miembros de la Familia Salesiana y seglares, pienso que, m\u00e1s all\u00e1 de posibles decisiones operativas, es lo que aporta una experiencia como esta.<\/p>\n<p><span style=\"color: #b3343b\"><strong>\u00bfQu\u00e9 supone como salesiano ejercer la funci\u00f3n de Regulador?<\/strong><\/span><\/p>\n<p>\u201cUna gran responsabilidad; primero, por la confianza depositada en el Regulador por parte del inspector a la hora de nombrarlo; segundo, por la tarea\u00a0 de organizar y llevar adelante un momento de capital importancia para la vida de una Inspector\u00eda como es la celebraci\u00f3n de su Cap\u00edtulo, la \u201casamblea representativa de los hermanos y de las comunidades locales\u201d\u201d.<\/p>\n<p><span style=\"color: #b3343b\"><strong><em>Miguel \u00c1ngel \u00c1lvarez,<\/em><\/strong><\/span>\u00a0 sdb, director del Colegio Mayor Universitario San Juan Bosco de Sevilla y Regulador del CI\u00b419.<br \/>\n[\/et_pb_testimonial][et_pb_testimonial portrait_url=\u00bbhttps:\/\/www.salesianos.edu\/revistasmx\/wp-content\/uploads\/sites\/8\/2018\/11\/FernandoMiranda.jpg\u00bb _builder_version=\u00bb3.13.1&#8243;]<span style=\"color: #b3343b\"><strong>\u00bfQu\u00e9 supone este nuevo Cap\u00edtulo para la inspector\u00eda?<\/strong><\/span><\/p>\n<p>\u201cCreo que supone un paso de calidad muy importante. Por una parte, responder a la demanda que nos hace el Rector Mayor para mirar nuestro futuro como salesianos entre los j\u00f3venes y que se recoge en el t\u00edtulo del CG 28 \u00ab\u00bfQu\u00e9 salesianos para los j\u00f3venes de hoy?\u00bb.<\/p>\n<p>Hacer una reflexi\u00f3n seria sobre esto, puede hacerse de muchas formas, pero si no se hace dejando que nuestra vida, personal y comunitaria, se vea comprometida y afectada, creo que no tendr\u00e1 mucha repercusi\u00f3n.<\/p>\n<p>Por otra, la mirada a nuestra realidad como inspector\u00eda. Tomar en las manos algunos temas que nos preocupan como el camino que tenemos que seguir para reestructurar nuestras presencias, nuestras comunidades, nuestra forma de estar y acompa\u00f1ar, la misi\u00f3n compartida con los seglares.<\/p>\n<p>La respuesta de las comunidades ha sido muy positiva y muy rica. Verdaderamente las aportaciones nos lanzan a un escenario al que habr\u00e1 que responder con fidelidad y creatividad. Todo esto, sabiendo escuchar al Esp\u00edritu que no deja de guiarnos en este camino\u201d.<\/p>\n<p><strong><span style=\"color: #b3343b\">Fernando Miranda<\/span>,<\/strong> sdb, vicario inspectorial<br \/>\n[\/et_pb_testimonial][\/et_pb_column][\/et_pb_row][et_pb_row _builder_version=\u00bb3.13.1&#8243;][et_pb_column type=\u00bb1_2&#8243; _builder_version=\u00bb3.0.47&#8243; parallax=\u00bboff\u00bb parallax_method=\u00bbon\u00bb][et_pb_image src=\u00bbhttps:\/\/www.salesianos.edu\/revistasmx\/wp-content\/uploads\/sites\/8\/2018\/11\/Imagen1.jpg\u00bb _builder_version=\u00bb3.13.1&#8243;][\/et_pb_image][et_pb_text _builder_version=\u00bb3.13.1&#8243;]<span style=\"color: #b3343b\"><b>\u00bfQu\u00e9 supone como salesiano trabajar en la comisi\u00f3n precapitular?<\/b><\/span><\/p>\n<p><span style=\"font-size: 14px\">\u201cEn primer lugar, es una oportunidad de hacer tu peque\u00f1a aportaci\u00f3n a la manera de enfocar el trabajo del Cap\u00edtulo, en di\u00e1logo con otras personas de la comisi\u00f3n, tanto seglares como salesianos.\u00a0<\/span><span style=\"font-size: 14px\">En segundo lugar, supone el enriquecimiento de poder recoger las aportaciones de todas las comunidades, seglares y j\u00f3venes en torno al tema del cap\u00edtulo. Esto te permite captar por d\u00f3nde anda la sinton\u00eda inspectorial en cuanto al tema.<\/span><\/p>\n<p><span style=\"font-size: 14px\">Por \u00faltimo, supone la posibilidad de ejercer la corresponsabilidad con los seglares en temas importantes para nuestra Inspector\u00eda\u00bb.<\/span><span style=\"font-size: 14px\">\u00a0<\/span><\/p>\n<p>&nbsp;<\/p>\n<p><em><span style=\"color: #b3343b\"><strong>Segundo Garc\u00eda,<\/strong><\/span><\/em> sdb, director titular de Salesianos Valencia San Antonio Abad.<br \/>\n[\/et_pb_text][et_pb_image src=\u00bbhttps:\/\/www.salesianos.edu\/revistasmx\/wp-content\/uploads\/sites\/8\/2018\/11\/12642878_1087911077910355_1995724800113580428_n.jpg\u00bb _builder_version=\u00bb3.13.1&#8243;][\/et_pb_image][et_pb_text _builder_version=\u00bb3.13.1&#8243;]<span style=\"color: #b3343b\"><strong>\u00bfQu\u00e9 supone como laico trabajar en la Comisi\u00f3n Precapitular?\u00a0 <\/strong><\/span><\/p>\n<p>\u201cSupone la oportunidad de colaborar con un proceso de discernimiento clave para afianzar el futuro de la misi\u00f3n y la vida salesiana en nuestra Inspector\u00eda. Una experiencia que me ha permitido profundizar en la metodolog\u00eda de escuchar, interpretar y optar que se nos propone desde Roma\u201d.<\/p>\n<p><span style=\"color: #b3343b\"><strong><em>Carles Rubio<\/em><\/strong>, <\/span>coordinador de las Escuelas de Catalu\u00f1a, Baleares y Alto Arag\u00f3n.<br \/>\n[\/et_pb_text][\/et_pb_column][et_pb_column type=\u00bb1_2&#8243; _builder_version=\u00bb3.0.47&#8243; parallax=\u00bboff\u00bb parallax_method=\u00bbon\u00bb][et_pb_image src=\u00bbhttps:\/\/www.salesianos.edu\/revistasmx\/wp-content\/uploads\/sites\/8\/2018\/11\/marco.jpg\u00bb _builder_version=\u00bb3.13.1&#8243;][\/et_pb_image][et_pb_text _builder_version=\u00bb3.13.1&#8243;]<span style=\"color: #b3343b\"><strong>\u00bfC\u00f3mo influye la visi\u00f3n de los j\u00f3venes al trabajo del Cap\u00edtulo?<\/strong><\/span><\/p>\n<p><span style=\"font-size: 14px\">\u201cLa verdad es que la pregunta me parece importante y nuclear en medio del mundo en el que estamos y el Cap\u00edtulo que vamos a celebrar. Sencillamente con la mirada puesta en el Dios de la vida que nos da la luz cada ma\u00f1ana y con los j\u00f3venes como horizonte y oc\u00e9ano en el que navegar, la Familia Salesiana necesita de un modo vital, entrar en di\u00e1logo con los j\u00f3venes, all\u00ed donde se encuentran. Con sus deseos y aspiraciones. Con sus luces y sombras. Es el lugar en el que el Se\u00f1or nos sigue llamando a todos y cada uno por nuestro nombre personal, con cari\u00f1o y afecto inagotable. De otro modo, sin su aportaci\u00f3n, nuestra reflexi\u00f3n se queda hueca y en el aire\u201d.<\/span><\/p>\n<p><span style=\"color: #b3343b;font-size: 14px\"><strong><em>Marco V\u00e1zquez<\/em><\/strong><\/span><span style=\"font-size: 14px\">, sdb, director titular de Salesianos \u00dabeda y Linares<\/span><br \/>\n[\/et_pb_text][et_pb_image src=\u00bbhttps:\/\/www.salesianos.edu\/revistasmx\/wp-content\/uploads\/sites\/8\/2018\/11\/Captura-de-pantalla-2018-11-28-a-las-12.19.21.png\u00bb _builder_version=\u00bb3.13.1&#8243;][\/et_pb_image][et_pb_text _builder_version=\u00bb3.13.1&#8243;]<span style=\"color: #b3343b\"><strong>\u00bfQu\u00e9 supone como laico trabajar en la Comisi\u00f3n Precapitular?\u00a0 <\/strong><\/span><\/p>\n<p>\u201cDir\u00eda que orgullo y responsabilidad. Orgullo por ser elegida para ello. De alguna manera est\u00e1n depositando en ti la confianza de la misi\u00f3n compartida. Te est\u00e1n diciendo creemos en ti y queremos que\u00a0 ayudes a preparar el Cap\u00edtulo inspectorial.\u00a0 Responsabilidad por ser capaz de responder como se merece a esta invitaci\u00f3n y contribuir de la mejor manera posible a preparar los materiales y la organizaci\u00f3n del Cap\u00edtulo Inspectorial\u201d<\/p>\n<p><span style=\"color: #b3343b\"><strong><em>Rosa M\u00aa Bellido<\/em><\/strong>,<\/span> directora de centro de Salesianos C\u00f3rdoba<br \/>\n[\/et_pb_text][\/et_pb_column][\/et_pb_row][et_pb_row _builder_version=\u00bb3.13.1&#8243;][et_pb_column type=\u00bb4_4&#8243; _builder_version=\u00bb3.0.47&#8243; parallax=\u00bboff\u00bb parallax_method=\u00bbon\u00bb][et_pb_divider _builder_version=\u00bb3.13.1&#8243;][\/et_pb_divider][\/et_pb_column][\/et_pb_row][et_pb_row _builder_version=\u00bb3.13.1&#8243;][et_pb_column type=\u00bb4_4&#8243; _builder_version=\u00bb3.0.47&#8243; parallax=\u00bboff\u00bb parallax_method=\u00bbon\u00bb][et_pb_gallery gallery_ids=\u00bb9984,9983,9981,9979,9978,9977,9975,9974,9973,9972,9970,9969,9968,9967,9966,9965,9964,9963,9962,9961,9960,9959,9958,9957,9956,9955,9954,9953,9952,9951,9950,9949,9947,9946&#8243; fullwidth=\u00bbon\u00bb _builder_version=\u00bb3.13.1&#8243;][\/et_pb_gallery][\/et_pb_column][\/et_pb_row][\/et_pb_section]<\/p>\n","protected":false},"excerpt":{"rendered":"<p>La Inspector\u00eda Salesiana Mar\u00eda Auxiliadora celebra del 27 al 29 de diciembre el inicio de lo que ser\u00e1 su segundo Cap\u00edtulo Inspectorial (CI). El mismo se desarrollar\u00e1 en dos sesiones que tendr\u00e1n lugar en Barcelona Mart\u00ed Codolar; con una primera parte en diciembre, y otra entre el 25 y el 27 de abril de 2019, [&hellip;]<\/p>\n","protected":false},"author":5,"featured_media":10067,"comment_status":"open","ping_status":"closed","sticky":false,"template":"","format":"standard","meta":{"_et_pb_use_builder":"on","_et_pb_old_content":"<p>La Inspector\u00eda Salesiana Mar\u00eda Auxiliadora celebra <strong>del 27 al 29 de diciembre el inicio de lo que ser\u00e1 su segundo Cap\u00edtulo Inspectorial (CI).<\/strong> El mismo se desarrollar\u00e1 en dos sesiones que tendr\u00e1n lugar en <strong>Barcelona Mart\u00ed Codolar;<\/strong> con una primera parte en diciembre, y otra <strong>entre el 25 y el 27 de abril de 2019, con m\u00e1s de 130 participantes<\/strong>.<\/p><p>Pero a las puertas de este nuevo evento, <strong>\u00bfqu\u00e9 significado tiene el Cap\u00edtulo?<\/strong> \u00a0<\/p><p>Desde la etimolog\u00eda, al sumergirse en el diccionario de la Real Academia de la Lengua, en su primera acepci\u00f3n, aparece este sustantivo masculino que se define como la divisi\u00f3n que se hace en los libros y en cualquier otro escrito para el mejor orden y m\u00e1s f\u00e1cil comprensi\u00f3n de la materia. Tambi\u00e9n hace referencia, en radio y televisi\u00f3n, a cada una de las partes en que se divide una obra dram\u00e1tica o documental para su emisi\u00f3n. Ambos casos quedan lejos de la vida salesiana. Tambi\u00e9n se descartan las locuciones verbales que hablan de ser \u201ccap\u00edtulo aparte\u201d o \u201cllamar a alguien a cap\u00edtulo\u201d, como una forma de ser diferente o para pedir cuenta por los actos. Para concebir el Cap\u00edtulo como Salesianos hay que dirigirse a la quinta acepci\u00f3n, esa que hace referencia a la <em>junta que hacen los religiosos y cl\u00e9rigos regulares a determinados tiempos, conforme a los estatutos de sus \u00f3rdenes, para las elecciones de prelados y para otros asuntos.<\/em><\/p><p><strong>\u00bfY qu\u00e9 dicen las Constituciones Salesianas?<\/strong> Si vamos a la ra\u00edz de la celebraci\u00f3n de este evento<a href=\"http:\/\/archivio.sdb.org\/images\/documenti\/Salesiani_DB\/Costituzioni\/pdf\/Costituzioni_es.pdf\">, seg\u00fan se recoge en el <strong>art\u00edculo 170<\/strong><\/a>, el <em>cap\u00edtulo inspectorial es la reuni\u00f3n fraterna donde las comunidades locales refuerzan su sentido de pertenencia a la comunidad inspectorial, mediante la solicitud com\u00fan por los problemas generales. Es, asimismo, la asamblea representativa de los hermanos y de las comunidades-locales<\/em>. Es el caso de Salesianos SMX, presentes en las Comunidades Aut\u00f3nomas de Catalu\u00f1a, Arag\u00f3n, Comunidad Valenciana, Regi\u00f3n de Murcia, Islas Baleares, Andaluc\u00eda, Extremadura y Canarias.<\/p><p>\u00a0<\/p><p>En este contexto, <strong>\u00c1ngel Asurmendi, provincial de la Inspector\u00eda Mar\u00eda Auxiliadora<\/strong>, compart\u00eda en su carta de convocatoria como preparaci\u00f3n al CI\u00b419 que esta vivencia es un <strong>momento clave en la vida de la inspector\u00eda<\/strong>.\u00a0 <em>\u201cNo solo por el influjo notable que tiene a trav\u00e9s de las decisiones que se toman, sino tambi\u00e9n porque en el proceso de preparaci\u00f3n se implican todos los hermanos\u201d,<\/em> comentaba.<\/p><p>\u00a0<\/p><p>Adem\u00e1s, este Cap\u00edtulo es la <strong>antesala de la celebraci\u00f3n del Cap\u00edtulo General 28<\/strong> (CG28) convocado por el <strong>Rector Mayor<\/strong>. Dicha convocatoria compromete a la inspector\u00eda con la reflexi\u00f3n para enviar aportaciones al regulador del Cap\u00edtulo General, y a elegir tambi\u00e9n a tres delegados de los hermanos para participar en \u00e9l, junto al Inspector.<\/p><p>\u00a0<\/p><p>\u00a0<\/p><p>\u00a0<\/p><p>\u00a0<\/p><p>\u00a0<\/p><p>\u00a0<\/p><p>C\u00f3digo HTML v\u00eddeo 1<\/p><p>\u00a0<\/p><p><iframe src=\"https:\/\/www.youtube.com\/embed\/_SrY8l48NlQ\" width=\"560\" height=\"315\" frameborder=\"0\" allowfullscreen=\"allowfullscreen\"><\/iframe><\/p><p>\u00a0<\/p><p>\u00a0<\/p><p><strong>Escuchar a los j\u00f3venes de hoy<\/strong><\/p><p>\u00a0<\/p><p>El tema central a abordar por el CI\u00b419, vinculado al CG28,\u00a0 ser\u00e1 responder la cuesti\u00f3n <strong>\u00bfQu\u00e9 salesiano para los j\u00f3venes de hoy?<\/strong> Este objetivo principal estar\u00e1 articulado en tres grupos tem\u00e1ticos:<\/p><p>\u00a0<\/p><ol><li><strong> Prioridades de la misi\u00f3n,<\/strong><\/li><li><strong> Perfil del salesiano,<\/strong><\/li><li><strong> Compartir la misi\u00f3n y la formaci\u00f3n con los seglares<\/strong><\/li><\/ol><p>\u00a0<\/p><p>Por otra parte, el CG28 se ocupar\u00e1 de unos cuantos asuntos de naturaleza jur\u00eddica que hacen referencia a las Constituciones y a los Reglamentos Generales, a la vida de las inspector\u00edas y de las comunidades locales. Mientras que, en la Inspector\u00eda Salesiana Mar\u00eda Auxiliadora, adem\u00e1s, se tratar\u00e1n algunos puntos se\u00f1alados en la hoja de ruta de la unificaci\u00f3n y reestructuraci\u00f3n: funci\u00f3n de la comunidad religiosa en la casa, criterios para la reducci\u00f3n de comunidades y criterios para la atenci\u00f3n a las casas sin comunidad.<\/p><p><strong>\u00a0<\/strong><\/p><p><strong>\u00bfQu\u00e9 competencias tiene el Cap\u00edtulo Inspectorial?<\/strong><\/p><p>\u00a0<\/p><p><a href=\"http:\/\/archivio.sdb.org\/images\/documenti\/Salesiani_DB\/Costituzioni\/pdf\/Costituzioni_es.pdf\">Seg\u00fan el <strong>art\u00edculo 171<\/strong><\/a>, el CI <em>debe establecer cuanto se refiere a la buena marcha de la inspector\u00eda; \u2028buscar los medios adecuados para promover la vida religiosa y pastoral de la comunidad \u2028inspectorial; \u2028estudiar y revisar la actuaci\u00f3n concreta de las decisiones del Cap\u00edtulo General; \u2028hacer y revisar el directorio inspectorial, en el \u00e1mbito de las competencias asignadas a dicho nivel; \u2028elegir a uno o dos delegados para el Cap\u00edtulo General y sus suplentes, seg\u00fan se indica en los \u2028Reglamentos generales<\/em>. (R 167.190) \u2028<\/p><p>\u00a0<\/p><p><a href=\"https:\/\/salesianos.edu\/Articulos\/7826\/1\/1\/El-Cap-tulo-Inspectorial-llega-a-buen-puerto\">Tras la edici\u00f3n de 2016<\/a>, llega esta nueva sesi\u00f3n debido a que, ordinariamente, el CI es convocado por el inspector cada tres a\u00f1os, y siempre que se convoque el Cap\u00edtulo General; de modo extraordinario, cuando el inspector, con el consentimiento de su Consejo y tras consulta al Rector Mayor, lo crea conveniente para el bien de la inspector\u00eda. (R 168).<\/p><p>\u00a0<\/p><p><strong>\u00bfQui\u00e9n participa en este evento?<\/strong><\/p><p><strong>\u00a0<\/strong><\/p><p>En el CI\u00b419 intervienen con derecho a voto: \u00a0el inspector, que preside; \u2028los consejeros inspectoriales; \u2028el superior de cada delegaci\u00f3n inspectorial; \u2028el regulador del cap\u00edtulo inspectorial; \u2028el director de toda casa erigida can\u00f3nicamente o, si \u00e9ste se halla gravemente impedido, su vicario, \u2028previa aprobaci\u00f3n del inspector; \u2028el maestro de novicios; \u2028los delegados de las comunidades locales y de la comunidad inspectorial, elegidos entre los \u2028profesos perpetuos como establecen los Reglamentos generales. (R 161.165.168).\u2028<\/p><p>\u00a0<\/p><p>Adem\u00e1s, en la elecci\u00f3n de los delegados de las comunidades locales y de la comunidad inspectorial, participan todos los profesos perpetuos y temporales. (R 165).<\/p><p>\u00a0<\/p><p>C\u00f3digo HTML \u2013 V\u00eddeo 2 \u2013 Balance<\/p><p>\u00a0<\/p><p><iframe src=\"https:\/\/www.youtube.com\/embed\/tK8qjiqjaI4\" width=\"560\" height=\"315\" frameborder=\"0\" allowfullscreen=\"allowfullscreen\"><\/iframe><\/p><p>\u00a0<\/p><p>\u00a0<\/p><p><strong>\u00bfC\u00f3mo se prepara este evento?<\/strong><\/p><p>\u00a0<\/p><p>A nivel personal, cada salesiano sigue la preparaci\u00f3n, el desarrollo y las conclusiones del CI por medio de la oraci\u00f3n y la informaci\u00f3n. Tambi\u00e9n se sugiere vivirlo en un clima de conversi\u00f3n personal, para asumir las implicaciones espirituales y pastorales del tema del CG\u201928. Da su propio voto para la elecci\u00f3n del delegado de la propia comunidad y de su suplente, participa en la elecci\u00f3n de los delegados de los hermanos de la Inspector\u00eda o estudia personalmente el tema, sirvi\u00e9ndose del material recibido y del intercambio de ideas en su comunidad.<\/p><p>\u00a0<\/p><p>Por otra parte, cada comunidad acompa\u00f1a todo el proceso capitular con la oraci\u00f3n diaria; elige a su delegado para el CI y a su suplente; levanta acta de dicha elecci\u00f3n o estudia el tema propuesto manda sus aportaciones al Regulador del CI.<\/p><p>\u00a0<\/p><p>Aunque pueda parecer que los trabajos del CI se concentran en las \u00faltimas semanas, los preparativos \u00a0arrancan tiempo atr\u00e1s. Por ejemplo, con fecha 1 de julio, se publicaba la carta de convocatoria donde figuraba el nombramiento de Miguel \u00c1ngel \u00c1lvarez Paulino, director del Colegio Mayor Universitario San Juan Bosco de Sevilla, como Regulador y los miembros de la comisi\u00f3n precapitular. En ella estaban salesianos y laicos, con diferentes responsabilidades en la marcha ordinaria de la inspector\u00eda, entre los que se encontraban Fernando Miranda, Rosa Mar\u00eda Bellido, Carles Rubio, Segundo Garc\u00eda y Marco Antonio V\u00e1zquez.<\/p><p>\u00a0<\/p><p>Por otra parte, para abordar los asuntos de naturaleza jur\u00eddica que pide el CG\u201928, el inspector cre\u00f3 un grupo de trabajo ad hoc, presidido por el salesiano Luis Onrubia.<\/p><p>\u00a0<\/p><p>El estudio de los trabajos de preparaci\u00f3n se iniciaron el pasado 9 de julio y, a lo largo de estos meses, se han llevado a cabo diferentes sesiones para elaborar materiales para que los salesianos, las comunidades salesianas, los j\u00f3venes, laicos y Familia Salesiana de las obras puedan participar en el CI\u201919 con sus aportaciones, como pide el Rector Mayor. Igualmente, para esta edici\u00f3n, atendiendo la petici\u00f3n del Regulador del CG\u201928, Stefano Vanoli, se ped\u00eda a cada comunidad salesiana local ponerse a la escucha de los j\u00f3venes.<\/p><p>\u00a0<\/p><p><strong>Algunos testimonios a las puertas del Cap\u00edtulo<\/strong><\/p><p><strong>\u00a0<\/strong><\/p><p><strong>- \u00bfQu\u00e9 esperas de este nuevo Cap\u00edtulo?<\/strong><\/p><p>\u00a0<\/p><p>El a\u00f1o pasado acompa\u00f1\u00e9 el Camino de Santiago de un grupo de colegiales; durante el mismo, una idea que se repet\u00eda era que lo importante era el camino, no tanto llegar a Santiago.\u00a0 Algo parecido digo del Cap\u00edtulo. El poder en estos meses hablar entre nosotros, compartir nuestras inquietudes, temores y esperanzas con otros salesianos religiosos, pero tambi\u00e9n con j\u00f3venes, miembros de la Familia Salesiana y seglares, pienso que, m\u00e1s all\u00e1 de posibles decisiones operativas, es lo que aporta una experiencia como esta.\u00a0\u00a0<\/p><p>\u00a0<\/p><p><strong><em>Miguel \u00c1ngel \u00c1lvarez,<\/em><\/strong>\u00a0 sdb, director del Colegio Mayor Universitario San Juan Bosco de Sevilla y Regulador del CI\u00b419.<\/p><p><strong>\u00a0<\/strong><\/p><p><strong>\u00a0<\/strong><\/p><p><strong>\u00bfQu\u00e9 supone como laico trabajar en la Comisi\u00f3n Precapitular?\u00a0 <\/strong><\/p><p>\u00a0<\/p><p>\u201cSupone la oportunidad de colaborar con un proceso de discernimiento clave para afianzar el futuro de la misi\u00f3n y la vida salesiana en nuestra Inspector\u00eda. Una experiencia que me ha permitido profundizar en la metodolog\u00eda de escuchar, interpretar y optar que se nos propone desde Roma\u201d.<\/p><p>\u00a0<\/p><p><strong><em>Carles Rubio<\/em><\/strong>, coordinador de las Escuelas de Catalu\u00f1a, Baleares y Alto Arag\u00f3n.<\/p><p>\u00a0<\/p><p>\u201cDir\u00eda que orgullo y responsabilidad. Orgullo por ser elegida para ello. De alguna manera est\u00e1n depositando en ti la confianza de la misi\u00f3n compartida. Te est\u00e1n diciendo creemos en ti y queremos que\u00a0 ayudes a preparar el Cap\u00edtulo inspectorial.\u00a0 Responsabilidad por ser capaz de responder como se merece a esta invitaci\u00f3n y contribuir de la mejor manera posible a preparar los materiales y la organizaci\u00f3n del Cap\u00edtulo Inspectorial\u201d<\/p><p>\u00a0<\/p><p><strong><em>Rosa M\u00aa Bellido<\/em><\/strong>, directora de centro de Salesianos C\u00f3rdoba<\/p><p><strong>\u00a0<\/strong><\/p><p><strong>- \u00bfC\u00f3mo influye la visi\u00f3n de los j\u00f3venes al trabajo del Cap\u00edtulo?<\/strong><\/p><p>\u00a0<\/p><p>\u201cLa verdad es que la pregunta me parece importante y nuclear en medio del mundo en el que estamos y el Cap\u00edtulo que vamos a celebrar. Sencillamente con la mirada puesta en el Dios de la vida que nos da la luz cada ma\u00f1ana y con los j\u00f3venes como horizonte y oc\u00e9ano en el que navegar, la Familia Salesiana necesita de un modo vital, entrar en di\u00e1logo con los j\u00f3venes, all\u00ed donde se encuentran. Con sus deseos y aspiraciones. Con sus luces y sombras. Es el lugar en el que el Se\u00f1or nos sigue llamando a todos y cada uno por nuestro nombre personal, con cari\u00f1o y afecto inagotable. De otro modo, sin su aportaci\u00f3n, nuestra reflexi\u00f3n se queda hueca y en el aire\u201d.<\/p><p>\u00a0<\/p><p><strong><em>Marco V\u00e1zquez<\/em><\/strong>, sdb, director titular de Salesianos \u00dabeda y Linares<\/p><p>\u00a0<\/p><p>\u00a0<\/p><p><strong>- \u00bfQu\u00e9 supone como salesiano ejercer la funci\u00f3n de Regulador?<\/strong><\/p><p>\u00a0<\/p><p>\u201cUna gran responsabilidad; primero, por la confianza depositada en el Regulador por parte del inspector a la hora de nombrarlo; segundo, por la tarea\u00a0 de organizar y llevar adelante un momento de capital importancia para la vida de una Inspector\u00eda como es la celebraci\u00f3n de su Cap\u00edtulo, la \u201casamblea representativa de los hermanos y de las comunidades locales\u201d\u201d.<\/p><p><em>\u00a0<\/em><\/p><p><strong><em>Miguel \u00c1ngel \u00c1lvarez,<\/em><\/strong>\u00a0 sdb, director del Colegio Mayor Universitario San Juan Bosco de Sevilla y Regulador del CI\u00b419.<\/p><p>\u00a0<\/p><p>\u00a0<\/p><p><strong>\u00bfQu\u00e9 supone este nuevo Cap\u00edtulo para la inspector\u00eda?<\/strong><\/p><p>\u00a0<\/p><p>\u201cCreo que supone un paso de calidad muy importante. Por una parte, responder a la demanda que nos hace el Rector Mayor para mirar nuestro futuro como salesianos entre los j\u00f3venes y que se recoge en el t\u00edtulo del CG 28 \"\u00bfQu\u00e9 salesianos para los j\u00f3venes de hoy?\".<\/p><p>\u00a0<\/p><p>Hacer una reflexi\u00f3n seria sobre esto, puede hacerse de muchas formas, pero si no se hace dejando que nuestra vida, personal y comunitaria, se vea comprometida y afectada, creo que no tendr\u00e1 mucha repercusi\u00f3n.<\/p><p>\u00a0<\/p><p>Por otra, la mirada a nuestra realidad como inspector\u00eda. Tomar en las manos algunos temas que nos preocupan como el camino que tenemos que seguir para reestructurar nuestras presencias, nuestras comunidades, nuestra forma de estar y acompa\u00f1ar, la misi\u00f3n compartida con los seglares.<\/p><p>\u00a0<\/p><p>La respuesta de las comunidades ha sido muy positiva y muy rica. Verdaderamente las aportaciones nos lanzan a un escenario al que habr\u00e1 que responder con fidelidad y creatividad. Todo esto, sabiendo escuchar al Esp\u00edritu que no deja de guiarnos en este camino\u201d.<\/p><p>\u00a0<\/p><p><strong>Fernando Miranda,<\/strong> sdb, vicario inspectorial<\/p>","_et_gb_content_width":"","footnotes":""},"categories":[34],"tags":[239],"class_list":["post-9926","post","type-post","status-publish","format-standard","has-post-thumbnail","hentry","category-a-fondo","tag-smx42"],"yoast_head":"<!-- This site is optimized with the Yoast SEO plugin v27.5 - https:\/\/yoast.com\/product\/yoast-seo-wordpress\/ -->\n<title>\u00bfQu\u00e9 salesiano para los j\u00f3venes de hoy? - Revista SMX<\/title>\n<meta name=\"robots\" content=\"index, follow, max-snippet:-1, max-image-preview:large, max-video-preview:-1\" \/>\n<link rel=\"canonical\" href=\"http:\/\/www.salesianos.edu\/revistasmx\/que-salesianos-para-los-jovenes-de-hoy\/\" \/>\n<meta property=\"og:locale\" content=\"es_ES\" \/>\n<meta property=\"og:type\" content=\"article\" \/>\n<meta property=\"og:title\" content=\"\u00bfQu\u00e9 salesiano para los j\u00f3venes de hoy? - Revista SMX\" \/>\n<meta property=\"og:description\" content=\"Titulo p\u00e1ginas Subtitulo 1 Lorem Ipsum es simplemente el texto de relleno de las imprentas y archivos de texto. Lorem Ipsum ha sido el texto de relleno est\u00e1ndar de las industrias desde el a\u00f1o 1500, cuando un impresor (N. del T. persona que se dedica a la imprenta) desconocido us\u00f3 una galer\u00eda de textos y [&hellip;]\" \/>\n<meta property=\"og:url\" content=\"http:\/\/www.salesianos.edu\/revistasmx\/que-salesianos-para-los-jovenes-de-hoy\/\" \/>\n<meta property=\"og:site_name\" content=\"Revista SMX\" \/>\n<meta property=\"article:published_time\" content=\"2018-11-24T22:00:15+00:00\" \/>\n<meta property=\"article:modified_time\" content=\"2018-12-03T08:19:45+00:00\" \/>\n<meta property=\"og:image\" content=\"http:\/\/www.salesianos.edu\/revistasmx\/wp-content\/uploads\/sites\/8\/2018\/11\/LogoSalesianos_CapituloInspectorial_19.jpg\" \/>\n\t<meta property=\"og:image:width\" content=\"600\" \/>\n\t<meta property=\"og:image:height\" content=\"450\" \/>\n\t<meta property=\"og:image:type\" content=\"image\/jpeg\" \/>\n<meta name=\"author\" content=\"martapeirat\" \/>\n<meta name=\"twitter:card\" content=\"summary_large_image\" \/>\n<meta name=\"twitter:label1\" content=\"Escrito por\" \/>\n\t<meta name=\"twitter:data1\" content=\"martapeirat\" \/>\n\t<meta name=\"twitter:label2\" content=\"Tiempo de lectura\" \/>\n\t<meta name=\"twitter:data2\" content=\"14 minutos\" \/>\n<script type=\"application\/ld+json\" class=\"yoast-schema-graph\">{\"@context\":\"https:\\\/\\\/schema.org\",\"@graph\":[{\"@type\":\"Article\",\"@id\":\"http:\\\/\\\/www.salesianos.edu\\\/revistasmx\\\/que-salesianos-para-los-jovenes-de-hoy\\\/#article\",\"isPartOf\":{\"@id\":\"http:\\\/\\\/www.salesianos.edu\\\/revistasmx\\\/que-salesianos-para-los-jovenes-de-hoy\\\/\"},\"author\":{\"name\":\"martapeirat\",\"@id\":\"http:\\\/\\\/www.salesianos.edu\\\/revistasmx\\\/#\\\/schema\\\/person\\\/20a80be1bb4e0ed82068c57facf5b237\"},\"headline\":\"\u00bfQu\u00e9 salesiano para los j\u00f3venes de hoy?\",\"datePublished\":\"2018-11-24T22:00:15+00:00\",\"dateModified\":\"2018-12-03T08:19:45+00:00\",\"mainEntityOfPage\":{\"@id\":\"http:\\\/\\\/www.salesianos.edu\\\/revistasmx\\\/que-salesianos-para-los-jovenes-de-hoy\\\/\"},\"wordCount\":2828,\"commentCount\":0,\"image\":{\"@id\":\"http:\\\/\\\/www.salesianos.edu\\\/revistasmx\\\/que-salesianos-para-los-jovenes-de-hoy\\\/#primaryimage\"},\"thumbnailUrl\":\"http:\\\/\\\/www.salesianos.edu\\\/revistasmx\\\/wp-content\\\/uploads\\\/sites\\\/8\\\/2018\\\/11\\\/LogoSalesianos_CapituloInspectorial_19.jpg\",\"keywords\":[\"smx42\"],\"articleSection\":[\"A FONDO\"],\"inLanguage\":\"es\",\"potentialAction\":[{\"@type\":\"CommentAction\",\"name\":\"Comment\",\"target\":[\"http:\\\/\\\/www.salesianos.edu\\\/revistasmx\\\/que-salesianos-para-los-jovenes-de-hoy\\\/#respond\"]}]},{\"@type\":\"WebPage\",\"@id\":\"http:\\\/\\\/www.salesianos.edu\\\/revistasmx\\\/que-salesianos-para-los-jovenes-de-hoy\\\/\",\"url\":\"http:\\\/\\\/www.salesianos.edu\\\/revistasmx\\\/que-salesianos-para-los-jovenes-de-hoy\\\/\",\"name\":\"\u00bfQu\u00e9 salesiano para los j\u00f3venes de hoy? - Revista SMX\",\"isPartOf\":{\"@id\":\"http:\\\/\\\/www.salesianos.edu\\\/revistasmx\\\/#website\"},\"primaryImageOfPage\":{\"@id\":\"http:\\\/\\\/www.salesianos.edu\\\/revistasmx\\\/que-salesianos-para-los-jovenes-de-hoy\\\/#primaryimage\"},\"image\":{\"@id\":\"http:\\\/\\\/www.salesianos.edu\\\/revistasmx\\\/que-salesianos-para-los-jovenes-de-hoy\\\/#primaryimage\"},\"thumbnailUrl\":\"http:\\\/\\\/www.salesianos.edu\\\/revistasmx\\\/wp-content\\\/uploads\\\/sites\\\/8\\\/2018\\\/11\\\/LogoSalesianos_CapituloInspectorial_19.jpg\",\"datePublished\":\"2018-11-24T22:00:15+00:00\",\"dateModified\":\"2018-12-03T08:19:45+00:00\",\"author\":{\"@id\":\"http:\\\/\\\/www.salesianos.edu\\\/revistasmx\\\/#\\\/schema\\\/person\\\/20a80be1bb4e0ed82068c57facf5b237\"},\"breadcrumb\":{\"@id\":\"http:\\\/\\\/www.salesianos.edu\\\/revistasmx\\\/que-salesianos-para-los-jovenes-de-hoy\\\/#breadcrumb\"},\"inLanguage\":\"es\",\"potentialAction\":[{\"@type\":\"ReadAction\",\"target\":[\"http:\\\/\\\/www.salesianos.edu\\\/revistasmx\\\/que-salesianos-para-los-jovenes-de-hoy\\\/\"]}]},{\"@type\":\"ImageObject\",\"inLanguage\":\"es\",\"@id\":\"http:\\\/\\\/www.salesianos.edu\\\/revistasmx\\\/que-salesianos-para-los-jovenes-de-hoy\\\/#primaryimage\",\"url\":\"http:\\\/\\\/www.salesianos.edu\\\/revistasmx\\\/wp-content\\\/uploads\\\/sites\\\/8\\\/2018\\\/11\\\/LogoSalesianos_CapituloInspectorial_19.jpg\",\"contentUrl\":\"http:\\\/\\\/www.salesianos.edu\\\/revistasmx\\\/wp-content\\\/uploads\\\/sites\\\/8\\\/2018\\\/11\\\/LogoSalesianos_CapituloInspectorial_19.jpg\",\"width\":600,\"height\":450},{\"@type\":\"BreadcrumbList\",\"@id\":\"http:\\\/\\\/www.salesianos.edu\\\/revistasmx\\\/que-salesianos-para-los-jovenes-de-hoy\\\/#breadcrumb\",\"itemListElement\":[{\"@type\":\"ListItem\",\"position\":1,\"name\":\"Portada\",\"item\":\"https:\\\/\\\/www.salesianos.edu\\\/revistasmx\\\/\"},{\"@type\":\"ListItem\",\"position\":2,\"name\":\"\u00bfQu\u00e9 salesiano para los j\u00f3venes de hoy?\"}]},{\"@type\":\"WebSite\",\"@id\":\"http:\\\/\\\/www.salesianos.edu\\\/revistasmx\\\/#website\",\"url\":\"http:\\\/\\\/www.salesianos.edu\\\/revistasmx\\\/\",\"name\":\"Revista SMX\",\"description\":\"P\u00e1gina oficial de Inspector\u00eda Salesiana Mar\u00eda Auxiliadora\",\"potentialAction\":[{\"@type\":\"SearchAction\",\"target\":{\"@type\":\"EntryPoint\",\"urlTemplate\":\"http:\\\/\\\/www.salesianos.edu\\\/revistasmx\\\/?s={search_term_string}\"},\"query-input\":{\"@type\":\"PropertyValueSpecification\",\"valueRequired\":true,\"valueName\":\"search_term_string\"}}],\"inLanguage\":\"es\"},{\"@type\":\"Person\",\"@id\":\"http:\\\/\\\/www.salesianos.edu\\\/revistasmx\\\/#\\\/schema\\\/person\\\/20a80be1bb4e0ed82068c57facf5b237\",\"name\":\"martapeirat\",\"image\":{\"@type\":\"ImageObject\",\"inLanguage\":\"es\",\"@id\":\"https:\\\/\\\/secure.gravatar.com\\\/avatar\\\/1139b81b40ed1dde466563679597db378e7092bbfdd7ebb264c437fedde866d7?s=96&d=mm&r=g\",\"url\":\"https:\\\/\\\/secure.gravatar.com\\\/avatar\\\/1139b81b40ed1dde466563679597db378e7092bbfdd7ebb264c437fedde866d7?s=96&d=mm&r=g\",\"contentUrl\":\"https:\\\/\\\/secure.gravatar.com\\\/avatar\\\/1139b81b40ed1dde466563679597db378e7092bbfdd7ebb264c437fedde866d7?s=96&d=mm&r=g\",\"caption\":\"martapeirat\"}}]}<\/script>\n<!-- \/ Yoast SEO plugin. -->","yoast_head_json":{"title":"\u00bfQu\u00e9 salesiano para los j\u00f3venes de hoy? - Revista SMX","robots":{"index":"index","follow":"follow","max-snippet":"max-snippet:-1","max-image-preview":"max-image-preview:large","max-video-preview":"max-video-preview:-1"},"canonical":"http:\/\/www.salesianos.edu\/revistasmx\/que-salesianos-para-los-jovenes-de-hoy\/","og_locale":"es_ES","og_type":"article","og_title":"\u00bfQu\u00e9 salesiano para los j\u00f3venes de hoy? - Revista SMX","og_description":"Titulo p\u00e1ginas Subtitulo 1 Lorem Ipsum es simplemente el texto de relleno de las imprentas y archivos de texto. Lorem Ipsum ha sido el texto de relleno est\u00e1ndar de las industrias desde el a\u00f1o 1500, cuando un impresor (N. del T. persona que se dedica a la imprenta) desconocido us\u00f3 una galer\u00eda de textos y [&hellip;]","og_url":"http:\/\/www.salesianos.edu\/revistasmx\/que-salesianos-para-los-jovenes-de-hoy\/","og_site_name":"Revista SMX","article_published_time":"2018-11-24T22:00:15+00:00","article_modified_time":"2018-12-03T08:19:45+00:00","og_image":[{"width":600,"height":450,"url":"http:\/\/www.salesianos.edu\/revistasmx\/wp-content\/uploads\/sites\/8\/2018\/11\/LogoSalesianos_CapituloInspectorial_19.jpg","type":"image\/jpeg"}],"author":"martapeirat","twitter_card":"summary_large_image","twitter_misc":{"Escrito por":"martapeirat","Tiempo de lectura":"14 minutos"},"schema":{"@context":"https:\/\/schema.org","@graph":[{"@type":"Article","@id":"http:\/\/www.salesianos.edu\/revistasmx\/que-salesianos-para-los-jovenes-de-hoy\/#article","isPartOf":{"@id":"http:\/\/www.salesianos.edu\/revistasmx\/que-salesianos-para-los-jovenes-de-hoy\/"},"author":{"name":"martapeirat","@id":"http:\/\/www.salesianos.edu\/revistasmx\/#\/schema\/person\/20a80be1bb4e0ed82068c57facf5b237"},"headline":"\u00bfQu\u00e9 salesiano para los j\u00f3venes de hoy?","datePublished":"2018-11-24T22:00:15+00:00","dateModified":"2018-12-03T08:19:45+00:00","mainEntityOfPage":{"@id":"http:\/\/www.salesianos.edu\/revistasmx\/que-salesianos-para-los-jovenes-de-hoy\/"},"wordCount":2828,"commentCount":0,"image":{"@id":"http:\/\/www.salesianos.edu\/revistasmx\/que-salesianos-para-los-jovenes-de-hoy\/#primaryimage"},"thumbnailUrl":"http:\/\/www.salesianos.edu\/revistasmx\/wp-content\/uploads\/sites\/8\/2018\/11\/LogoSalesianos_CapituloInspectorial_19.jpg","keywords":["smx42"],"articleSection":["A FONDO"],"inLanguage":"es","potentialAction":[{"@type":"CommentAction","name":"Comment","target":["http:\/\/www.salesianos.edu\/revistasmx\/que-salesianos-para-los-jovenes-de-hoy\/#respond"]}]},{"@type":"WebPage","@id":"http:\/\/www.salesianos.edu\/revistasmx\/que-salesianos-para-los-jovenes-de-hoy\/","url":"http:\/\/www.salesianos.edu\/revistasmx\/que-salesianos-para-los-jovenes-de-hoy\/","name":"\u00bfQu\u00e9 salesiano para los j\u00f3venes de hoy? - Revista SMX","isPartOf":{"@id":"http:\/\/www.salesianos.edu\/revistasmx\/#website"},"primaryImageOfPage":{"@id":"http:\/\/www.salesianos.edu\/revistasmx\/que-salesianos-para-los-jovenes-de-hoy\/#primaryimage"},"image":{"@id":"http:\/\/www.salesianos.edu\/revistasmx\/que-salesianos-para-los-jovenes-de-hoy\/#primaryimage"},"thumbnailUrl":"http:\/\/www.salesianos.edu\/revistasmx\/wp-content\/uploads\/sites\/8\/2018\/11\/LogoSalesianos_CapituloInspectorial_19.jpg","datePublished":"2018-11-24T22:00:15+00:00","dateModified":"2018-12-03T08:19:45+00:00","author":{"@id":"http:\/\/www.salesianos.edu\/revistasmx\/#\/schema\/person\/20a80be1bb4e0ed82068c57facf5b237"},"breadcrumb":{"@id":"http:\/\/www.salesianos.edu\/revistasmx\/que-salesianos-para-los-jovenes-de-hoy\/#breadcrumb"},"inLanguage":"es","potentialAction":[{"@type":"ReadAction","target":["http:\/\/www.salesianos.edu\/revistasmx\/que-salesianos-para-los-jovenes-de-hoy\/"]}]},{"@type":"ImageObject","inLanguage":"es","@id":"http:\/\/www.salesianos.edu\/revistasmx\/que-salesianos-para-los-jovenes-de-hoy\/#primaryimage","url":"http:\/\/www.salesianos.edu\/revistasmx\/wp-content\/uploads\/sites\/8\/2018\/11\/LogoSalesianos_CapituloInspectorial_19.jpg","contentUrl":"http:\/\/www.salesianos.edu\/revistasmx\/wp-content\/uploads\/sites\/8\/2018\/11\/LogoSalesianos_CapituloInspectorial_19.jpg","width":600,"height":450},{"@type":"BreadcrumbList","@id":"http:\/\/www.salesianos.edu\/revistasmx\/que-salesianos-para-los-jovenes-de-hoy\/#breadcrumb","itemListElement":[{"@type":"ListItem","position":1,"name":"Portada","item":"https:\/\/www.salesianos.edu\/revistasmx\/"},{"@type":"ListItem","position":2,"name":"\u00bfQu\u00e9 salesiano para los j\u00f3venes de hoy?"}]},{"@type":"WebSite","@id":"http:\/\/www.salesianos.edu\/revistasmx\/#website","url":"http:\/\/www.salesianos.edu\/revistasmx\/","name":"Revista SMX","description":"P\u00e1gina oficial de Inspector\u00eda Salesiana Mar\u00eda Auxiliadora","potentialAction":[{"@type":"SearchAction","target":{"@type":"EntryPoint","urlTemplate":"http:\/\/www.salesianos.edu\/revistasmx\/?s={search_term_string}"},"query-input":{"@type":"PropertyValueSpecification","valueRequired":true,"valueName":"search_term_string"}}],"inLanguage":"es"},{"@type":"Person","@id":"http:\/\/www.salesianos.edu\/revistasmx\/#\/schema\/person\/20a80be1bb4e0ed82068c57facf5b237","name":"martapeirat","image":{"@type":"ImageObject","inLanguage":"es","@id":"https:\/\/secure.gravatar.com\/avatar\/1139b81b40ed1dde466563679597db378e7092bbfdd7ebb264c437fedde866d7?s=96&d=mm&r=g","url":"https:\/\/secure.gravatar.com\/avatar\/1139b81b40ed1dde466563679597db378e7092bbfdd7ebb264c437fedde866d7?s=96&d=mm&r=g","contentUrl":"https:\/\/secure.gravatar.com\/avatar\/1139b81b40ed1dde466563679597db378e7092bbfdd7ebb264c437fedde866d7?s=96&d=mm&r=g","caption":"martapeirat"}}]}},"_links":{"self":[{"href":"http:\/\/www.salesianos.edu\/revistasmx\/wp-json\/wp\/v2\/posts\/9926","targetHints":{"allow":["GET"]}}],"collection":[{"href":"http:\/\/www.salesianos.edu\/revistasmx\/wp-json\/wp\/v2\/posts"}],"about":[{"href":"http:\/\/www.salesianos.edu\/revistasmx\/wp-json\/wp\/v2\/types\/post"}],"author":[{"embeddable":true,"href":"http:\/\/www.salesianos.edu\/revistasmx\/wp-json\/wp\/v2\/users\/5"}],"replies":[{"embeddable":true,"href":"http:\/\/www.salesianos.edu\/revistasmx\/wp-json\/wp\/v2\/comments?post=9926"}],"version-history":[{"count":25,"href":"http:\/\/www.salesianos.edu\/revistasmx\/wp-json\/wp\/v2\/posts\/9926\/revisions"}],"predecessor-version":[{"id":10136,"href":"http:\/\/www.salesianos.edu\/revistasmx\/wp-json\/wp\/v2\/posts\/9926\/revisions\/10136"}],"wp:featuredmedia":[{"embeddable":true,"href":"http:\/\/www.salesianos.edu\/revistasmx\/wp-json\/wp\/v2\/media\/10067"}],"wp:attachment":[{"href":"http:\/\/www.salesianos.edu\/revistasmx\/wp-json\/wp\/v2\/media?parent=9926"}],"wp:term":[{"taxonomy":"category","embeddable":true,"href":"http:\/\/www.salesianos.edu\/revistasmx\/wp-json\/wp\/v2\/categories?post=9926"},{"taxonomy":"post_tag","embeddable":true,"href":"http:\/\/www.salesianos.edu\/revistasmx\/wp-json\/wp\/v2\/tags?post=9926"}],"curies":[{"name":"wp","href":"https:\/\/api.w.org\/{rel}","templated":true}]}}