{"id":9859,"date":"2018-11-24T14:00:07","date_gmt":"2018-11-24T13:00:07","guid":{"rendered":"http:\/\/www.salesianos.edu\/revistasmx\/?p=9859"},"modified":"2018-11-28T15:06:18","modified_gmt":"2018-11-28T14:06:18","slug":"testimoni-vocacional-josep-maria-sabe","status":"publish","type":"post","link":"http:\/\/www.salesianos.edu\/revistasmx\/ca\/testimoni-vocacional-josep-maria-sabe\/","title":{"rendered":"Testimoni vocacional Josep Maria Sab\u00e9"},"content":{"rendered":"<div id=\"fb-root\"><\/div>\n<p><em>Jos\u00e9 Maria Sab\u00e9, sdb, Missioner salesi\u00e0 al Camerun<\/em><\/p>\n<p>Em dic Jos\u00e9 Mar\u00eda Sab\u00e9, s\u00f3c salesi\u00e0 missioner al Camerun. Estic ara en una missi\u00f3 a la capital d&#8217;aquest pa\u00eds. Els salesians animem una parr\u00f2quia, un centre juvenil, un col\u00b7legi i un centre professional. Estem envoltats de joves que miren el futur amb esperan\u00e7a, envoltats de dificultats i de reptes.<\/p>\n<p>Despr\u00e9s de 18 anys en terres africanes dono gr\u00e0cies a D\u00e9u per la vida que he pogut compartir a l\u2019\u00c0frica al costat de gent a la qual he estimat i que m&#8217;han estimat. He experimentat el que \u00e9s l&#8217;Esgl\u00e9sia fam\u00edlia estant envoltat sempre d&#8217;amics amb qui hem treballat junts al servei de la joventut popular i pobra. He pogut sentir-me molt proper a gent d&#8217;altres cultures i or\u00edgens gr\u00e0cies a l&#8217;Esgl\u00e9sia. He pogut aprendre del poble afric\u00e0 l&#8217;alegria espont\u00e0nia, l&#8217;esperit de superaci\u00f3 davant les dificultats, el sentit de gran fam\u00edlia, l&#8217;acolliment, i tants valors que a Europa em semblen minvar. No idealitzo \u00c0frica, per\u00f2 reconec el que he apr\u00e8s d&#8217;ella.<\/p>\n<p>Avui estic a l&#8217;escola i els nois i noies al pati s&#8217;acostaran com cada dia a parlar i explicar el que fan. M&#8217;interessar\u00e9 pels seus estudis, fam\u00edlia i amics. Tamb\u00e9 farem bromes i parlarem del futbol. Dimecres celebrem la missa. A classe em tocar\u00e0 exigir i explicar, per\u00f2 em sento sempre el seu amic. Ho he deixat tot per estar amb ells i ells s\u00f3n ara la meva fam\u00edlia.<\/p>\n<p>&nbsp;<\/p>\n","protected":false},"excerpt":{"rendered":"<p>Jos\u00e9 Maria Sab\u00e9, sdb, Missioner salesi\u00e0 al Camerun, explica el seu testimoni vocacional per a SMX.<\/p>\n","protected":false},"author":5,"featured_media":9948,"comment_status":"open","ping_status":"closed","sticky":false,"template":"","format":"standard","meta":{"_et_pb_use_builder":"","_et_pb_old_content":"","_et_gb_content_width":"","footnotes":""},"categories":[144],"tags":[241],"class_list":["post-9859","post","type-post","status-publish","format-standard","has-post-thumbnail","hentry","category-testimoniatge","tag-smx42-ca"],"yoast_head":"<!-- This site is optimized with the Yoast SEO plugin v27.5 - https:\/\/yoast.com\/product\/yoast-seo-wordpress\/ -->\n<title>Testimoni vocacional Josep Maria Sab\u00e9 - Revista SMX<\/title>\n<meta name=\"robots\" content=\"index, follow, max-snippet:-1, max-image-preview:large, max-video-preview:-1\" \/>\n<link rel=\"canonical\" href=\"http:\/\/www.salesianos.edu\/revistasmx\/ca\/testimoni-vocacional-josep-maria-sabe\/\" \/>\n<meta property=\"og:locale\" content=\"es_ES\" \/>\n<meta property=\"og:type\" content=\"article\" \/>\n<meta property=\"og:title\" content=\"Testimoni vocacional Josep Maria Sab\u00e9 - Revista SMX\" \/>\n<meta property=\"og:description\" content=\"Jos\u00e9 Maria Sab\u00e9, sdb, Missioner salesi\u00e0 al Camerun, explica el seu testimoni vocacional per a SMX.\" \/>\n<meta property=\"og:url\" content=\"http:\/\/www.salesianos.edu\/revistasmx\/ca\/testimoni-vocacional-josep-maria-sabe\/\" \/>\n<meta property=\"og:site_name\" content=\"Revista SMX\" \/>\n<meta property=\"article:published_time\" content=\"2018-11-24T13:00:07+00:00\" \/>\n<meta property=\"article:modified_time\" content=\"2018-11-28T14:06:18+00:00\" \/>\n<meta property=\"og:image\" content=\"https:\/\/www.salesianos.edu\/revistasmx\/wp-content\/uploads\/sites\/8\/2018\/11\/foto-misionero-.jpg\" \/>\n\t<meta property=\"og:image:width\" content=\"504\" \/>\n\t<meta property=\"og:image:height\" content=\"378\" \/>\n\t<meta property=\"og:image:type\" content=\"image\/jpeg\" \/>\n<meta name=\"author\" content=\"martapeirat\" \/>\n<meta name=\"twitter:card\" content=\"summary_large_image\" \/>\n<meta name=\"twitter:label1\" content=\"Escrito por\" \/>\n\t<meta name=\"twitter:data1\" content=\"martapeirat\" \/>\n\t<meta name=\"twitter:label2\" content=\"Tiempo de lectura\" \/>\n\t<meta name=\"twitter:data2\" content=\"1 minuto\" \/>\n<script type=\"application\/ld+json\" class=\"yoast-schema-graph\">{\"@context\":\"https:\\\/\\\/schema.org\",\"@graph\":[{\"@type\":\"Article\",\"@id\":\"http:\\\/\\\/www.salesianos.edu\\\/revistasmx\\\/ca\\\/testimoni-vocacional-josep-maria-sabe\\\/#article\",\"isPartOf\":{\"@id\":\"http:\\\/\\\/www.salesianos.edu\\\/revistasmx\\\/ca\\\/testimoni-vocacional-josep-maria-sabe\\\/\"},\"author\":{\"name\":\"martapeirat\",\"@id\":\"http:\\\/\\\/www.salesianos.edu\\\/revistasmx\\\/#\\\/schema\\\/person\\\/20a80be1bb4e0ed82068c57facf5b237\"},\"headline\":\"Testimoni vocacional Josep Maria Sab\u00e9\",\"datePublished\":\"2018-11-24T13:00:07+00:00\",\"dateModified\":\"2018-11-28T14:06:18+00:00\",\"mainEntityOfPage\":{\"@id\":\"http:\\\/\\\/www.salesianos.edu\\\/revistasmx\\\/ca\\\/testimoni-vocacional-josep-maria-sabe\\\/\"},\"wordCount\":276,\"commentCount\":0,\"image\":{\"@id\":\"http:\\\/\\\/www.salesianos.edu\\\/revistasmx\\\/ca\\\/testimoni-vocacional-josep-maria-sabe\\\/#primaryimage\"},\"thumbnailUrl\":\"http:\\\/\\\/www.salesianos.edu\\\/revistasmx\\\/wp-content\\\/uploads\\\/sites\\\/8\\\/2018\\\/11\\\/foto-misionero-.jpg\",\"keywords\":[\"smx42\"],\"articleSection\":[\"Testimoniatge\"],\"inLanguage\":\"es\",\"potentialAction\":[{\"@type\":\"CommentAction\",\"name\":\"Comment\",\"target\":[\"http:\\\/\\\/www.salesianos.edu\\\/revistasmx\\\/ca\\\/testimoni-vocacional-josep-maria-sabe\\\/#respond\"]}]},{\"@type\":\"WebPage\",\"@id\":\"http:\\\/\\\/www.salesianos.edu\\\/revistasmx\\\/ca\\\/testimoni-vocacional-josep-maria-sabe\\\/\",\"url\":\"http:\\\/\\\/www.salesianos.edu\\\/revistasmx\\\/ca\\\/testimoni-vocacional-josep-maria-sabe\\\/\",\"name\":\"Testimoni vocacional Josep Maria Sab\u00e9 - Revista SMX\",\"isPartOf\":{\"@id\":\"http:\\\/\\\/www.salesianos.edu\\\/revistasmx\\\/#website\"},\"primaryImageOfPage\":{\"@id\":\"http:\\\/\\\/www.salesianos.edu\\\/revistasmx\\\/ca\\\/testimoni-vocacional-josep-maria-sabe\\\/#primaryimage\"},\"image\":{\"@id\":\"http:\\\/\\\/www.salesianos.edu\\\/revistasmx\\\/ca\\\/testimoni-vocacional-josep-maria-sabe\\\/#primaryimage\"},\"thumbnailUrl\":\"http:\\\/\\\/www.salesianos.edu\\\/revistasmx\\\/wp-content\\\/uploads\\\/sites\\\/8\\\/2018\\\/11\\\/foto-misionero-.jpg\",\"datePublished\":\"2018-11-24T13:00:07+00:00\",\"dateModified\":\"2018-11-28T14:06:18+00:00\",\"author\":{\"@id\":\"http:\\\/\\\/www.salesianos.edu\\\/revistasmx\\\/#\\\/schema\\\/person\\\/20a80be1bb4e0ed82068c57facf5b237\"},\"breadcrumb\":{\"@id\":\"http:\\\/\\\/www.salesianos.edu\\\/revistasmx\\\/ca\\\/testimoni-vocacional-josep-maria-sabe\\\/#breadcrumb\"},\"inLanguage\":\"es\",\"potentialAction\":[{\"@type\":\"ReadAction\",\"target\":[\"http:\\\/\\\/www.salesianos.edu\\\/revistasmx\\\/ca\\\/testimoni-vocacional-josep-maria-sabe\\\/\"]}]},{\"@type\":\"ImageObject\",\"inLanguage\":\"es\",\"@id\":\"http:\\\/\\\/www.salesianos.edu\\\/revistasmx\\\/ca\\\/testimoni-vocacional-josep-maria-sabe\\\/#primaryimage\",\"url\":\"http:\\\/\\\/www.salesianos.edu\\\/revistasmx\\\/wp-content\\\/uploads\\\/sites\\\/8\\\/2018\\\/11\\\/foto-misionero-.jpg\",\"contentUrl\":\"http:\\\/\\\/www.salesianos.edu\\\/revistasmx\\\/wp-content\\\/uploads\\\/sites\\\/8\\\/2018\\\/11\\\/foto-misionero-.jpg\",\"width\":504,\"height\":378},{\"@type\":\"BreadcrumbList\",\"@id\":\"http:\\\/\\\/www.salesianos.edu\\\/revistasmx\\\/ca\\\/testimoni-vocacional-josep-maria-sabe\\\/#breadcrumb\",\"itemListElement\":[{\"@type\":\"ListItem\",\"position\":1,\"name\":\"Portada\",\"item\":\"http:\\\/\\\/www.salesianos.edu\\\/revistasmx\\\/\"},{\"@type\":\"ListItem\",\"position\":2,\"name\":\"Testimoni vocacional Josep Maria Sab\u00e9\"}]},{\"@type\":\"WebSite\",\"@id\":\"http:\\\/\\\/www.salesianos.edu\\\/revistasmx\\\/#website\",\"url\":\"http:\\\/\\\/www.salesianos.edu\\\/revistasmx\\\/\",\"name\":\"Revista SMX\",\"description\":\"P\u00e1gina oficial de Inspector\u00eda Salesiana Mar\u00eda Auxiliadora\",\"potentialAction\":[{\"@type\":\"SearchAction\",\"target\":{\"@type\":\"EntryPoint\",\"urlTemplate\":\"http:\\\/\\\/www.salesianos.edu\\\/revistasmx\\\/?s={search_term_string}\"},\"query-input\":{\"@type\":\"PropertyValueSpecification\",\"valueRequired\":true,\"valueName\":\"search_term_string\"}}],\"inLanguage\":\"es\"},{\"@type\":\"Person\",\"@id\":\"http:\\\/\\\/www.salesianos.edu\\\/revistasmx\\\/#\\\/schema\\\/person\\\/20a80be1bb4e0ed82068c57facf5b237\",\"name\":\"martapeirat\",\"image\":{\"@type\":\"ImageObject\",\"inLanguage\":\"es\",\"@id\":\"https:\\\/\\\/secure.gravatar.com\\\/avatar\\\/1139b81b40ed1dde466563679597db378e7092bbfdd7ebb264c437fedde866d7?s=96&d=mm&r=g\",\"url\":\"https:\\\/\\\/secure.gravatar.com\\\/avatar\\\/1139b81b40ed1dde466563679597db378e7092bbfdd7ebb264c437fedde866d7?s=96&d=mm&r=g\",\"contentUrl\":\"https:\\\/\\\/secure.gravatar.com\\\/avatar\\\/1139b81b40ed1dde466563679597db378e7092bbfdd7ebb264c437fedde866d7?s=96&d=mm&r=g\",\"caption\":\"martapeirat\"}}]}<\/script>\n<!-- \/ Yoast SEO plugin. -->","yoast_head_json":{"title":"Testimoni vocacional Josep Maria Sab\u00e9 - Revista SMX","robots":{"index":"index","follow":"follow","max-snippet":"max-snippet:-1","max-image-preview":"max-image-preview:large","max-video-preview":"max-video-preview:-1"},"canonical":"http:\/\/www.salesianos.edu\/revistasmx\/ca\/testimoni-vocacional-josep-maria-sabe\/","og_locale":"es_ES","og_type":"article","og_title":"Testimoni vocacional Josep Maria Sab\u00e9 - Revista SMX","og_description":"Jos\u00e9 Maria Sab\u00e9, sdb, Missioner salesi\u00e0 al Camerun, explica el seu testimoni vocacional per a SMX.","og_url":"http:\/\/www.salesianos.edu\/revistasmx\/ca\/testimoni-vocacional-josep-maria-sabe\/","og_site_name":"Revista SMX","article_published_time":"2018-11-24T13:00:07+00:00","article_modified_time":"2018-11-28T14:06:18+00:00","og_image":[{"width":504,"height":378,"url":"https:\/\/www.salesianos.edu\/revistasmx\/wp-content\/uploads\/sites\/8\/2018\/11\/foto-misionero-.jpg","type":"image\/jpeg"}],"author":"martapeirat","twitter_card":"summary_large_image","twitter_misc":{"Escrito por":"martapeirat","Tiempo de lectura":"1 minuto"},"schema":{"@context":"https:\/\/schema.org","@graph":[{"@type":"Article","@id":"http:\/\/www.salesianos.edu\/revistasmx\/ca\/testimoni-vocacional-josep-maria-sabe\/#article","isPartOf":{"@id":"http:\/\/www.salesianos.edu\/revistasmx\/ca\/testimoni-vocacional-josep-maria-sabe\/"},"author":{"name":"martapeirat","@id":"http:\/\/www.salesianos.edu\/revistasmx\/#\/schema\/person\/20a80be1bb4e0ed82068c57facf5b237"},"headline":"Testimoni vocacional Josep Maria Sab\u00e9","datePublished":"2018-11-24T13:00:07+00:00","dateModified":"2018-11-28T14:06:18+00:00","mainEntityOfPage":{"@id":"http:\/\/www.salesianos.edu\/revistasmx\/ca\/testimoni-vocacional-josep-maria-sabe\/"},"wordCount":276,"commentCount":0,"image":{"@id":"http:\/\/www.salesianos.edu\/revistasmx\/ca\/testimoni-vocacional-josep-maria-sabe\/#primaryimage"},"thumbnailUrl":"http:\/\/www.salesianos.edu\/revistasmx\/wp-content\/uploads\/sites\/8\/2018\/11\/foto-misionero-.jpg","keywords":["smx42"],"articleSection":["Testimoniatge"],"inLanguage":"es","potentialAction":[{"@type":"CommentAction","name":"Comment","target":["http:\/\/www.salesianos.edu\/revistasmx\/ca\/testimoni-vocacional-josep-maria-sabe\/#respond"]}]},{"@type":"WebPage","@id":"http:\/\/www.salesianos.edu\/revistasmx\/ca\/testimoni-vocacional-josep-maria-sabe\/","url":"http:\/\/www.salesianos.edu\/revistasmx\/ca\/testimoni-vocacional-josep-maria-sabe\/","name":"Testimoni vocacional Josep Maria Sab\u00e9 - Revista SMX","isPartOf":{"@id":"http:\/\/www.salesianos.edu\/revistasmx\/#website"},"primaryImageOfPage":{"@id":"http:\/\/www.salesianos.edu\/revistasmx\/ca\/testimoni-vocacional-josep-maria-sabe\/#primaryimage"},"image":{"@id":"http:\/\/www.salesianos.edu\/revistasmx\/ca\/testimoni-vocacional-josep-maria-sabe\/#primaryimage"},"thumbnailUrl":"http:\/\/www.salesianos.edu\/revistasmx\/wp-content\/uploads\/sites\/8\/2018\/11\/foto-misionero-.jpg","datePublished":"2018-11-24T13:00:07+00:00","dateModified":"2018-11-28T14:06:18+00:00","author":{"@id":"http:\/\/www.salesianos.edu\/revistasmx\/#\/schema\/person\/20a80be1bb4e0ed82068c57facf5b237"},"breadcrumb":{"@id":"http:\/\/www.salesianos.edu\/revistasmx\/ca\/testimoni-vocacional-josep-maria-sabe\/#breadcrumb"},"inLanguage":"es","potentialAction":[{"@type":"ReadAction","target":["http:\/\/www.salesianos.edu\/revistasmx\/ca\/testimoni-vocacional-josep-maria-sabe\/"]}]},{"@type":"ImageObject","inLanguage":"es","@id":"http:\/\/www.salesianos.edu\/revistasmx\/ca\/testimoni-vocacional-josep-maria-sabe\/#primaryimage","url":"http:\/\/www.salesianos.edu\/revistasmx\/wp-content\/uploads\/sites\/8\/2018\/11\/foto-misionero-.jpg","contentUrl":"http:\/\/www.salesianos.edu\/revistasmx\/wp-content\/uploads\/sites\/8\/2018\/11\/foto-misionero-.jpg","width":504,"height":378},{"@type":"BreadcrumbList","@id":"http:\/\/www.salesianos.edu\/revistasmx\/ca\/testimoni-vocacional-josep-maria-sabe\/#breadcrumb","itemListElement":[{"@type":"ListItem","position":1,"name":"Portada","item":"http:\/\/www.salesianos.edu\/revistasmx\/"},{"@type":"ListItem","position":2,"name":"Testimoni vocacional Josep Maria Sab\u00e9"}]},{"@type":"WebSite","@id":"http:\/\/www.salesianos.edu\/revistasmx\/#website","url":"http:\/\/www.salesianos.edu\/revistasmx\/","name":"Revista SMX","description":"P\u00e1gina oficial de Inspector\u00eda Salesiana Mar\u00eda Auxiliadora","potentialAction":[{"@type":"SearchAction","target":{"@type":"EntryPoint","urlTemplate":"http:\/\/www.salesianos.edu\/revistasmx\/?s={search_term_string}"},"query-input":{"@type":"PropertyValueSpecification","valueRequired":true,"valueName":"search_term_string"}}],"inLanguage":"es"},{"@type":"Person","@id":"http:\/\/www.salesianos.edu\/revistasmx\/#\/schema\/person\/20a80be1bb4e0ed82068c57facf5b237","name":"martapeirat","image":{"@type":"ImageObject","inLanguage":"es","@id":"https:\/\/secure.gravatar.com\/avatar\/1139b81b40ed1dde466563679597db378e7092bbfdd7ebb264c437fedde866d7?s=96&d=mm&r=g","url":"https:\/\/secure.gravatar.com\/avatar\/1139b81b40ed1dde466563679597db378e7092bbfdd7ebb264c437fedde866d7?s=96&d=mm&r=g","contentUrl":"https:\/\/secure.gravatar.com\/avatar\/1139b81b40ed1dde466563679597db378e7092bbfdd7ebb264c437fedde866d7?s=96&d=mm&r=g","caption":"martapeirat"}}]}},"_links":{"self":[{"href":"http:\/\/www.salesianos.edu\/revistasmx\/wp-json\/wp\/v2\/posts\/9859","targetHints":{"allow":["GET"]}}],"collection":[{"href":"http:\/\/www.salesianos.edu\/revistasmx\/wp-json\/wp\/v2\/posts"}],"about":[{"href":"http:\/\/www.salesianos.edu\/revistasmx\/wp-json\/wp\/v2\/types\/post"}],"author":[{"embeddable":true,"href":"http:\/\/www.salesianos.edu\/revistasmx\/wp-json\/wp\/v2\/users\/5"}],"replies":[{"embeddable":true,"href":"http:\/\/www.salesianos.edu\/revistasmx\/wp-json\/wp\/v2\/comments?post=9859"}],"version-history":[{"count":1,"href":"http:\/\/www.salesianos.edu\/revistasmx\/wp-json\/wp\/v2\/posts\/9859\/revisions"}],"predecessor-version":[{"id":9860,"href":"http:\/\/www.salesianos.edu\/revistasmx\/wp-json\/wp\/v2\/posts\/9859\/revisions\/9860"}],"wp:featuredmedia":[{"embeddable":true,"href":"http:\/\/www.salesianos.edu\/revistasmx\/wp-json\/wp\/v2\/media\/9948"}],"wp:attachment":[{"href":"http:\/\/www.salesianos.edu\/revistasmx\/wp-json\/wp\/v2\/media?parent=9859"}],"wp:term":[{"taxonomy":"category","embeddable":true,"href":"http:\/\/www.salesianos.edu\/revistasmx\/wp-json\/wp\/v2\/categories?post=9859"},{"taxonomy":"post_tag","embeddable":true,"href":"http:\/\/www.salesianos.edu\/revistasmx\/wp-json\/wp\/v2\/tags?post=9859"}],"curies":[{"name":"wp","href":"https:\/\/api.w.org\/{rel}","templated":true}]}}