{"id":9781,"date":"2018-11-24T22:00:06","date_gmt":"2018-11-24T21:00:06","guid":{"rendered":"http:\/\/www.salesianos.edu\/revistasmx\/?p=9781"},"modified":"2018-11-27T15:32:47","modified_gmt":"2018-11-27T14:32:47","slug":"jordi-lleixa-escucharemos-a-dios-a-traves-de-los-jovenes","status":"publish","type":"post","link":"http:\/\/www.salesianos.edu\/revistasmx\/jordi-lleixa-escucharemos-a-dios-a-traves-de-los-jovenes\/","title":{"rendered":"Jordi Lleix\u00e0: \u201cEscucharemos a Dios a trav\u00e9s de los j\u00f3venes\u201d"},"content":{"rendered":"<div id=\"fb-root\"><\/div>\n<p>[et_pb_section bb_built=\u00bb1&#8243;][et_pb_row][et_pb_column type=\u00bb4_4&#8243;][et_pb_video _builder_version=\u00bb3.13.1&#8243; src=\u00bbhttps:\/\/youtu.be\/_VMygGKMJgM\u00bb \/][et_pb_text]<\/p>\n<p>Este a\u00f1o hemos sido convocados\u00a0 al Cap\u00edtulo Inspectorial. El Cap\u00edtulo Inspectorial es en primer lugar una experiencia de fraternidad, de darnos cuenta de que la comunidad en la que vivimos va m\u00e1s all\u00e1 de la comunidad local, es una comunidad inspectorial.<\/p>\n<p>Tambi\u00e9n es tomar conciencia de que la misi\u00f3n que tenemos entre manos, que el proyecto que compartimos es un proyecto global, de Inspector\u00eda, que tambi\u00e9n va m\u00e1s all\u00e1 del proyecto local. Y sobre todo, es un momento para darnos cuenta de que es un proyecto de Dios.<\/p>\n<p>Y es por eso que la actitud principal es la del discernimiento, escuchar que nos quiere decir Dios hoy a nosotros, que nos pide Dios hoy a los salesianos. Adem\u00e1s, este es el tema principal de nuestro Cap\u00edtulo que prepara el Cap\u00edtulo General, bajo el lema: \u00bfqu\u00e9 salesiano para los j\u00f3venes de hoy?<\/p>\n<p>Nos ponemos en actitud de escucha de la Palabra de Dios, \u00bfqu\u00e9 nos dice hoy Dios a nosotros, los salesianos? Y con el tema que se nos presenta \u00bfqu\u00e9 salesiano para los j\u00f3venes de hoy?, queremos decir que escucharemos a Dios a trav\u00e9s de los j\u00f3venes, porque Dios nos habla a trav\u00e9s suyo, siempre lo ha hecho en toda la historia de nuestra congregaci\u00f3n. Por eso ser\u00e1 importante qu\u00e9 nos dicen los j\u00f3venes de hoy, los j\u00f3venes actuales, los reales y qu\u00e9 esperan y desean de los salesianos, porque ah\u00ed Dios nos estar\u00e1 hablando.<\/p>\n<p>Y ojal\u00e1 que esta actitud de discernimiento y esta actitud de compartir esta vida con la Inspector\u00eda en este proyecto com\u00fan la hagamos realidad d\u00eda a d\u00eda en nuestras comunidades y en nuestras obras.<\/p>\n<p>[\/et_pb_text][\/et_pb_column][\/et_pb_row][\/et_pb_section]<\/p>\n","protected":false},"excerpt":{"rendered":"<p>Este es el tema principal de nuestro Cap\u00edtulo que prepara el Cap\u00edtulo General, bajo el lema: \u00bfqu\u00e9 salesiano para los j\u00f3venes de hoy?<\/p>\n","protected":false},"author":5,"featured_media":9787,"comment_status":"open","ping_status":"closed","sticky":false,"template":"","format":"standard","meta":{"_et_pb_use_builder":"on","_et_pb_old_content":"<p>Este a\u00f1o hemos sido convocados\u00a0 al Cap\u00edtulo Inspectorial. El Cap\u00edtulo Inspectorial es en primer lugar una experiencia de fraternidad, de darnos cuenta de que la comunidad en la que vivimos va m\u00e1s all\u00e1 de la comunidad local, es una comunidad inspectorial.<\/p><p>Tambi\u00e9n es tomar conciencia de que la misi\u00f3n que tenemos entre manos, que el proyecto que compartimos es un proyecto global, de Inspector\u00eda, que tambi\u00e9n va m\u00e1s all\u00e1 del proyecto local. Y sobre todo, es un momento para darnos cuenta de que es un proyecto de Dios.<\/p><p>Y es por eso que la actitud principal es la del discernimiento, escuchar que nos quiere decir Dios hoy a nosotros, que nos pide Dios hoy a los salesianos. Adem\u00e1s, este es el tema principal de nuestro Cap\u00edtulo que prepara el Cap\u00edtulo General, bajo el lema: \u00bfqu\u00e9 salesiano para los j\u00f3venes de hoy?<\/p><p>Nos ponemos en actitud de escucha de la Palabra de Dios, \u00bfqu\u00e9 nos dice hoy Dios a nosotros, los salesianos? Y con el tema que se nos presenta \u00bfqu\u00e9 salesiano para los j\u00f3venes de hoy?, queremos decir que escucharemos a Dios a trav\u00e9s de los j\u00f3venes, porque Dios nos habla a trav\u00e9s suyo, siempre lo ha hecho en toda la historia de nuestra congregaci\u00f3n. Por eso ser\u00e1 importante qu\u00e9 nos dicen los j\u00f3venes de hoy, los j\u00f3venes actuales, los reales y qu\u00e9 esperan y desean de los salesianos, porque ah\u00ed Dios nos estar\u00e1 hablando.<\/p><p>Y ojal\u00e1 que esta actitud de discernimiento y esta actitud de compartir esta vida con la Inspector\u00eda en este proyecto com\u00fan la hagamos realidad d\u00eda a d\u00eda en nuestras comunidades y en nuestras obras.<\/p>","_et_gb_content_width":"","footnotes":""},"categories":[32],"tags":[239],"class_list":["post-9781","post","type-post","status-publish","format-standard","has-post-thumbnail","hentry","category-en-confianza","tag-smx42"],"yoast_head":"<!-- This site is optimized with the Yoast SEO plugin v27.5 - https:\/\/yoast.com\/product\/yoast-seo-wordpress\/ -->\n<title>Jordi Lleix\u00e0: \u201cEscucharemos a Dios a trav\u00e9s de los j\u00f3venes\u201d - Revista SMX<\/title>\n<meta name=\"robots\" content=\"index, follow, max-snippet:-1, max-image-preview:large, max-video-preview:-1\" \/>\n<link rel=\"canonical\" href=\"http:\/\/www.salesianos.edu\/revistasmx\/jordi-lleixa-escucharemos-a-dios-a-traves-de-los-jovenes\/\" \/>\n<meta property=\"og:locale\" content=\"es_ES\" \/>\n<meta property=\"og:type\" content=\"article\" \/>\n<meta property=\"og:title\" content=\"Jordi Lleix\u00e0: \u201cEscucharemos a Dios a trav\u00e9s de los j\u00f3venes\u201d - Revista SMX\" \/>\n<meta property=\"og:description\" content=\"Este es el tema principal de nuestro Cap\u00edtulo que prepara el Cap\u00edtulo General, bajo el lema: \u00bfqu\u00e9 salesiano para los j\u00f3venes de hoy?\" \/>\n<meta property=\"og:url\" content=\"http:\/\/www.salesianos.edu\/revistasmx\/jordi-lleixa-escucharemos-a-dios-a-traves-de-los-jovenes\/\" \/>\n<meta property=\"og:site_name\" content=\"Revista SMX\" \/>\n<meta property=\"article:published_time\" content=\"2018-11-24T21:00:06+00:00\" \/>\n<meta property=\"article:modified_time\" content=\"2018-11-27T14:32:47+00:00\" \/>\n<meta property=\"og:image\" content=\"https:\/\/www.salesianos.edu\/revistasmx\/wp-content\/uploads\/sites\/8\/2018\/11\/Captura-de-pantalla-2018-11-22-a-las-13.18.08.png\" \/>\n\t<meta property=\"og:image:width\" content=\"667\" \/>\n\t<meta property=\"og:image:height\" content=\"430\" \/>\n\t<meta property=\"og:image:type\" content=\"image\/png\" \/>\n<meta name=\"author\" content=\"martapeirat\" \/>\n<meta name=\"twitter:card\" content=\"summary_large_image\" \/>\n<meta name=\"twitter:label1\" content=\"Escrito por\" \/>\n\t<meta name=\"twitter:data1\" content=\"martapeirat\" \/>\n\t<meta name=\"twitter:label2\" content=\"Tiempo de lectura\" \/>\n\t<meta name=\"twitter:data2\" content=\"2 minutos\" \/>\n<script type=\"application\/ld+json\" class=\"yoast-schema-graph\">{\"@context\":\"https:\\\/\\\/schema.org\",\"@graph\":[{\"@type\":\"Article\",\"@id\":\"http:\\\/\\\/www.salesianos.edu\\\/revistasmx\\\/jordi-lleixa-escucharemos-a-dios-a-traves-de-los-jovenes\\\/#article\",\"isPartOf\":{\"@id\":\"http:\\\/\\\/www.salesianos.edu\\\/revistasmx\\\/jordi-lleixa-escucharemos-a-dios-a-traves-de-los-jovenes\\\/\"},\"author\":{\"name\":\"martapeirat\",\"@id\":\"http:\\\/\\\/www.salesianos.edu\\\/revistasmx\\\/#\\\/schema\\\/person\\\/20a80be1bb4e0ed82068c57facf5b237\"},\"headline\":\"Jordi Lleix\u00e0: \u201cEscucharemos a Dios a trav\u00e9s de los j\u00f3venes\u201d\",\"datePublished\":\"2018-11-24T21:00:06+00:00\",\"dateModified\":\"2018-11-27T14:32:47+00:00\",\"mainEntityOfPage\":{\"@id\":\"http:\\\/\\\/www.salesianos.edu\\\/revistasmx\\\/jordi-lleixa-escucharemos-a-dios-a-traves-de-los-jovenes\\\/\"},\"wordCount\":342,\"commentCount\":0,\"image\":{\"@id\":\"http:\\\/\\\/www.salesianos.edu\\\/revistasmx\\\/jordi-lleixa-escucharemos-a-dios-a-traves-de-los-jovenes\\\/#primaryimage\"},\"thumbnailUrl\":\"http:\\\/\\\/www.salesianos.edu\\\/revistasmx\\\/wp-content\\\/uploads\\\/sites\\\/8\\\/2018\\\/11\\\/Captura-de-pantalla-2018-11-22-a-las-13.18.08.png\",\"keywords\":[\"smx42\"],\"articleSection\":[\"EN CONFIANZA\"],\"inLanguage\":\"es\",\"potentialAction\":[{\"@type\":\"CommentAction\",\"name\":\"Comment\",\"target\":[\"http:\\\/\\\/www.salesianos.edu\\\/revistasmx\\\/jordi-lleixa-escucharemos-a-dios-a-traves-de-los-jovenes\\\/#respond\"]}]},{\"@type\":\"WebPage\",\"@id\":\"http:\\\/\\\/www.salesianos.edu\\\/revistasmx\\\/jordi-lleixa-escucharemos-a-dios-a-traves-de-los-jovenes\\\/\",\"url\":\"http:\\\/\\\/www.salesianos.edu\\\/revistasmx\\\/jordi-lleixa-escucharemos-a-dios-a-traves-de-los-jovenes\\\/\",\"name\":\"Jordi Lleix\u00e0: \u201cEscucharemos a Dios a trav\u00e9s de los j\u00f3venes\u201d - Revista SMX\",\"isPartOf\":{\"@id\":\"http:\\\/\\\/www.salesianos.edu\\\/revistasmx\\\/#website\"},\"primaryImageOfPage\":{\"@id\":\"http:\\\/\\\/www.salesianos.edu\\\/revistasmx\\\/jordi-lleixa-escucharemos-a-dios-a-traves-de-los-jovenes\\\/#primaryimage\"},\"image\":{\"@id\":\"http:\\\/\\\/www.salesianos.edu\\\/revistasmx\\\/jordi-lleixa-escucharemos-a-dios-a-traves-de-los-jovenes\\\/#primaryimage\"},\"thumbnailUrl\":\"http:\\\/\\\/www.salesianos.edu\\\/revistasmx\\\/wp-content\\\/uploads\\\/sites\\\/8\\\/2018\\\/11\\\/Captura-de-pantalla-2018-11-22-a-las-13.18.08.png\",\"datePublished\":\"2018-11-24T21:00:06+00:00\",\"dateModified\":\"2018-11-27T14:32:47+00:00\",\"author\":{\"@id\":\"http:\\\/\\\/www.salesianos.edu\\\/revistasmx\\\/#\\\/schema\\\/person\\\/20a80be1bb4e0ed82068c57facf5b237\"},\"breadcrumb\":{\"@id\":\"http:\\\/\\\/www.salesianos.edu\\\/revistasmx\\\/jordi-lleixa-escucharemos-a-dios-a-traves-de-los-jovenes\\\/#breadcrumb\"},\"inLanguage\":\"es\",\"potentialAction\":[{\"@type\":\"ReadAction\",\"target\":[\"http:\\\/\\\/www.salesianos.edu\\\/revistasmx\\\/jordi-lleixa-escucharemos-a-dios-a-traves-de-los-jovenes\\\/\"]}]},{\"@type\":\"ImageObject\",\"inLanguage\":\"es\",\"@id\":\"http:\\\/\\\/www.salesianos.edu\\\/revistasmx\\\/jordi-lleixa-escucharemos-a-dios-a-traves-de-los-jovenes\\\/#primaryimage\",\"url\":\"http:\\\/\\\/www.salesianos.edu\\\/revistasmx\\\/wp-content\\\/uploads\\\/sites\\\/8\\\/2018\\\/11\\\/Captura-de-pantalla-2018-11-22-a-las-13.18.08.png\",\"contentUrl\":\"http:\\\/\\\/www.salesianos.edu\\\/revistasmx\\\/wp-content\\\/uploads\\\/sites\\\/8\\\/2018\\\/11\\\/Captura-de-pantalla-2018-11-22-a-las-13.18.08.png\",\"width\":667,\"height\":430},{\"@type\":\"BreadcrumbList\",\"@id\":\"http:\\\/\\\/www.salesianos.edu\\\/revistasmx\\\/jordi-lleixa-escucharemos-a-dios-a-traves-de-los-jovenes\\\/#breadcrumb\",\"itemListElement\":[{\"@type\":\"ListItem\",\"position\":1,\"name\":\"Portada\",\"item\":\"https:\\\/\\\/www.salesianos.edu\\\/revistasmx\\\/\"},{\"@type\":\"ListItem\",\"position\":2,\"name\":\"Jordi Lleix\u00e0: \u201cEscucharemos a Dios a trav\u00e9s de los j\u00f3venes\u201d\"}]},{\"@type\":\"WebSite\",\"@id\":\"http:\\\/\\\/www.salesianos.edu\\\/revistasmx\\\/#website\",\"url\":\"http:\\\/\\\/www.salesianos.edu\\\/revistasmx\\\/\",\"name\":\"Revista SMX\",\"description\":\"P\u00e1gina oficial de Inspector\u00eda Salesiana Mar\u00eda Auxiliadora\",\"potentialAction\":[{\"@type\":\"SearchAction\",\"target\":{\"@type\":\"EntryPoint\",\"urlTemplate\":\"http:\\\/\\\/www.salesianos.edu\\\/revistasmx\\\/?s={search_term_string}\"},\"query-input\":{\"@type\":\"PropertyValueSpecification\",\"valueRequired\":true,\"valueName\":\"search_term_string\"}}],\"inLanguage\":\"es\"},{\"@type\":\"Person\",\"@id\":\"http:\\\/\\\/www.salesianos.edu\\\/revistasmx\\\/#\\\/schema\\\/person\\\/20a80be1bb4e0ed82068c57facf5b237\",\"name\":\"martapeirat\",\"image\":{\"@type\":\"ImageObject\",\"inLanguage\":\"es\",\"@id\":\"https:\\\/\\\/secure.gravatar.com\\\/avatar\\\/1139b81b40ed1dde466563679597db378e7092bbfdd7ebb264c437fedde866d7?s=96&d=mm&r=g\",\"url\":\"https:\\\/\\\/secure.gravatar.com\\\/avatar\\\/1139b81b40ed1dde466563679597db378e7092bbfdd7ebb264c437fedde866d7?s=96&d=mm&r=g\",\"contentUrl\":\"https:\\\/\\\/secure.gravatar.com\\\/avatar\\\/1139b81b40ed1dde466563679597db378e7092bbfdd7ebb264c437fedde866d7?s=96&d=mm&r=g\",\"caption\":\"martapeirat\"}}]}<\/script>\n<!-- \/ Yoast SEO plugin. -->","yoast_head_json":{"title":"Jordi Lleix\u00e0: \u201cEscucharemos a Dios a trav\u00e9s de los j\u00f3venes\u201d - Revista SMX","robots":{"index":"index","follow":"follow","max-snippet":"max-snippet:-1","max-image-preview":"max-image-preview:large","max-video-preview":"max-video-preview:-1"},"canonical":"http:\/\/www.salesianos.edu\/revistasmx\/jordi-lleixa-escucharemos-a-dios-a-traves-de-los-jovenes\/","og_locale":"es_ES","og_type":"article","og_title":"Jordi Lleix\u00e0: \u201cEscucharemos a Dios a trav\u00e9s de los j\u00f3venes\u201d - Revista SMX","og_description":"Este es el tema principal de nuestro Cap\u00edtulo que prepara el Cap\u00edtulo General, bajo el lema: \u00bfqu\u00e9 salesiano para los j\u00f3venes de hoy?","og_url":"http:\/\/www.salesianos.edu\/revistasmx\/jordi-lleixa-escucharemos-a-dios-a-traves-de-los-jovenes\/","og_site_name":"Revista SMX","article_published_time":"2018-11-24T21:00:06+00:00","article_modified_time":"2018-11-27T14:32:47+00:00","og_image":[{"width":667,"height":430,"url":"https:\/\/www.salesianos.edu\/revistasmx\/wp-content\/uploads\/sites\/8\/2018\/11\/Captura-de-pantalla-2018-11-22-a-las-13.18.08.png","type":"image\/png"}],"author":"martapeirat","twitter_card":"summary_large_image","twitter_misc":{"Escrito por":"martapeirat","Tiempo de lectura":"2 minutos"},"schema":{"@context":"https:\/\/schema.org","@graph":[{"@type":"Article","@id":"http:\/\/www.salesianos.edu\/revistasmx\/jordi-lleixa-escucharemos-a-dios-a-traves-de-los-jovenes\/#article","isPartOf":{"@id":"http:\/\/www.salesianos.edu\/revistasmx\/jordi-lleixa-escucharemos-a-dios-a-traves-de-los-jovenes\/"},"author":{"name":"martapeirat","@id":"http:\/\/www.salesianos.edu\/revistasmx\/#\/schema\/person\/20a80be1bb4e0ed82068c57facf5b237"},"headline":"Jordi Lleix\u00e0: \u201cEscucharemos a Dios a trav\u00e9s de los j\u00f3venes\u201d","datePublished":"2018-11-24T21:00:06+00:00","dateModified":"2018-11-27T14:32:47+00:00","mainEntityOfPage":{"@id":"http:\/\/www.salesianos.edu\/revistasmx\/jordi-lleixa-escucharemos-a-dios-a-traves-de-los-jovenes\/"},"wordCount":342,"commentCount":0,"image":{"@id":"http:\/\/www.salesianos.edu\/revistasmx\/jordi-lleixa-escucharemos-a-dios-a-traves-de-los-jovenes\/#primaryimage"},"thumbnailUrl":"http:\/\/www.salesianos.edu\/revistasmx\/wp-content\/uploads\/sites\/8\/2018\/11\/Captura-de-pantalla-2018-11-22-a-las-13.18.08.png","keywords":["smx42"],"articleSection":["EN CONFIANZA"],"inLanguage":"es","potentialAction":[{"@type":"CommentAction","name":"Comment","target":["http:\/\/www.salesianos.edu\/revistasmx\/jordi-lleixa-escucharemos-a-dios-a-traves-de-los-jovenes\/#respond"]}]},{"@type":"WebPage","@id":"http:\/\/www.salesianos.edu\/revistasmx\/jordi-lleixa-escucharemos-a-dios-a-traves-de-los-jovenes\/","url":"http:\/\/www.salesianos.edu\/revistasmx\/jordi-lleixa-escucharemos-a-dios-a-traves-de-los-jovenes\/","name":"Jordi Lleix\u00e0: \u201cEscucharemos a Dios a trav\u00e9s de los j\u00f3venes\u201d - Revista SMX","isPartOf":{"@id":"http:\/\/www.salesianos.edu\/revistasmx\/#website"},"primaryImageOfPage":{"@id":"http:\/\/www.salesianos.edu\/revistasmx\/jordi-lleixa-escucharemos-a-dios-a-traves-de-los-jovenes\/#primaryimage"},"image":{"@id":"http:\/\/www.salesianos.edu\/revistasmx\/jordi-lleixa-escucharemos-a-dios-a-traves-de-los-jovenes\/#primaryimage"},"thumbnailUrl":"http:\/\/www.salesianos.edu\/revistasmx\/wp-content\/uploads\/sites\/8\/2018\/11\/Captura-de-pantalla-2018-11-22-a-las-13.18.08.png","datePublished":"2018-11-24T21:00:06+00:00","dateModified":"2018-11-27T14:32:47+00:00","author":{"@id":"http:\/\/www.salesianos.edu\/revistasmx\/#\/schema\/person\/20a80be1bb4e0ed82068c57facf5b237"},"breadcrumb":{"@id":"http:\/\/www.salesianos.edu\/revistasmx\/jordi-lleixa-escucharemos-a-dios-a-traves-de-los-jovenes\/#breadcrumb"},"inLanguage":"es","potentialAction":[{"@type":"ReadAction","target":["http:\/\/www.salesianos.edu\/revistasmx\/jordi-lleixa-escucharemos-a-dios-a-traves-de-los-jovenes\/"]}]},{"@type":"ImageObject","inLanguage":"es","@id":"http:\/\/www.salesianos.edu\/revistasmx\/jordi-lleixa-escucharemos-a-dios-a-traves-de-los-jovenes\/#primaryimage","url":"http:\/\/www.salesianos.edu\/revistasmx\/wp-content\/uploads\/sites\/8\/2018\/11\/Captura-de-pantalla-2018-11-22-a-las-13.18.08.png","contentUrl":"http:\/\/www.salesianos.edu\/revistasmx\/wp-content\/uploads\/sites\/8\/2018\/11\/Captura-de-pantalla-2018-11-22-a-las-13.18.08.png","width":667,"height":430},{"@type":"BreadcrumbList","@id":"http:\/\/www.salesianos.edu\/revistasmx\/jordi-lleixa-escucharemos-a-dios-a-traves-de-los-jovenes\/#breadcrumb","itemListElement":[{"@type":"ListItem","position":1,"name":"Portada","item":"https:\/\/www.salesianos.edu\/revistasmx\/"},{"@type":"ListItem","position":2,"name":"Jordi Lleix\u00e0: \u201cEscucharemos a Dios a trav\u00e9s de los j\u00f3venes\u201d"}]},{"@type":"WebSite","@id":"http:\/\/www.salesianos.edu\/revistasmx\/#website","url":"http:\/\/www.salesianos.edu\/revistasmx\/","name":"Revista SMX","description":"P\u00e1gina oficial de Inspector\u00eda Salesiana Mar\u00eda Auxiliadora","potentialAction":[{"@type":"SearchAction","target":{"@type":"EntryPoint","urlTemplate":"http:\/\/www.salesianos.edu\/revistasmx\/?s={search_term_string}"},"query-input":{"@type":"PropertyValueSpecification","valueRequired":true,"valueName":"search_term_string"}}],"inLanguage":"es"},{"@type":"Person","@id":"http:\/\/www.salesianos.edu\/revistasmx\/#\/schema\/person\/20a80be1bb4e0ed82068c57facf5b237","name":"martapeirat","image":{"@type":"ImageObject","inLanguage":"es","@id":"https:\/\/secure.gravatar.com\/avatar\/1139b81b40ed1dde466563679597db378e7092bbfdd7ebb264c437fedde866d7?s=96&d=mm&r=g","url":"https:\/\/secure.gravatar.com\/avatar\/1139b81b40ed1dde466563679597db378e7092bbfdd7ebb264c437fedde866d7?s=96&d=mm&r=g","contentUrl":"https:\/\/secure.gravatar.com\/avatar\/1139b81b40ed1dde466563679597db378e7092bbfdd7ebb264c437fedde866d7?s=96&d=mm&r=g","caption":"martapeirat"}}]}},"_links":{"self":[{"href":"http:\/\/www.salesianos.edu\/revistasmx\/wp-json\/wp\/v2\/posts\/9781","targetHints":{"allow":["GET"]}}],"collection":[{"href":"http:\/\/www.salesianos.edu\/revistasmx\/wp-json\/wp\/v2\/posts"}],"about":[{"href":"http:\/\/www.salesianos.edu\/revistasmx\/wp-json\/wp\/v2\/types\/post"}],"author":[{"embeddable":true,"href":"http:\/\/www.salesianos.edu\/revistasmx\/wp-json\/wp\/v2\/users\/5"}],"replies":[{"embeddable":true,"href":"http:\/\/www.salesianos.edu\/revistasmx\/wp-json\/wp\/v2\/comments?post=9781"}],"version-history":[{"count":3,"href":"http:\/\/www.salesianos.edu\/revistasmx\/wp-json\/wp\/v2\/posts\/9781\/revisions"}],"predecessor-version":[{"id":9790,"href":"http:\/\/www.salesianos.edu\/revistasmx\/wp-json\/wp\/v2\/posts\/9781\/revisions\/9790"}],"wp:featuredmedia":[{"embeddable":true,"href":"http:\/\/www.salesianos.edu\/revistasmx\/wp-json\/wp\/v2\/media\/9787"}],"wp:attachment":[{"href":"http:\/\/www.salesianos.edu\/revistasmx\/wp-json\/wp\/v2\/media?parent=9781"}],"wp:term":[{"taxonomy":"category","embeddable":true,"href":"http:\/\/www.salesianos.edu\/revistasmx\/wp-json\/wp\/v2\/categories?post=9781"},{"taxonomy":"post_tag","embeddable":true,"href":"http:\/\/www.salesianos.edu\/revistasmx\/wp-json\/wp\/v2\/tags?post=9781"}],"curies":[{"name":"wp","href":"https:\/\/api.w.org\/{rel}","templated":true}]}}