{"id":9607,"date":"2018-10-24T23:00:00","date_gmt":"2018-10-24T21:00:00","guid":{"rendered":"http:\/\/www.salesianos.edu\/revistasmx\/?p=9607"},"modified":"2018-11-06T11:26:32","modified_gmt":"2018-11-06T10:26:32","slug":"mirar-el-futuro-a-lo-ancho","status":"publish","type":"post","link":"http:\/\/www.salesianos.edu\/revistasmx\/mirar-el-futuro-a-lo-ancho\/","title":{"rendered":"Mirar el futuro a lo ancho"},"content":{"rendered":"<div id=\"fb-root\"><\/div>\n<p><img loading=\"lazy\" decoding=\"async\" class=\"alignnone size-medium wp-image-9579\" src=\"https:\/\/www.salesianos.edu\/revistasmx\/wp-content\/uploads\/sites\/8\/2018\/11\/2-2-300x169.jpeg\" alt=\"\" width=\"300\" height=\"169\" srcset=\"http:\/\/www.salesianos.edu\/revistasmx\/wp-content\/uploads\/sites\/8\/2018\/11\/2-2-300x169.jpeg 300w, http:\/\/www.salesianos.edu\/revistasmx\/wp-content\/uploads\/sites\/8\/2018\/11\/2-2.jpeg 750w\" sizes=\"(max-width: 300px) 100vw, 300px\" \/><\/p>\n<p>Percibir la realidad en profundidad nos permite mirar al futuro a lo ancho, algo que el papa Francisco nos est\u00e1 ense\u00f1ando: utilizar la mente y el coraz\u00f3n de una forma mucho m\u00e1s amplia y pr\u00e1ctica, en donde los problemas se afrontan desde la perspectiva de quien no quiere dejar a nadie detr\u00e1s y, en nuestro caso, a los j\u00f3venes.<\/p>\n<p>Es por ello que esta nueva entrega de la revista fija sus ojos en el reci\u00e9n acabado S\u00ednodo de los obispos sobre los j\u00f3venes, la fe y el discernimiento vocacional, y lo hace con una mirada salesiana, es decir: desde nuestra particular sensibilidad hacia ellos, algo que est\u00e1 en el n\u00facleo de nuestro propio carisma eclesial.<\/p>\n<p>Seguimos trayendo a nuestras p\u00e1ginas testimonios de quienes comparten con nosotros vida y entrega, en este caso, desde Matar\u00f3 y Valencia. Y el recuerdo de lo que hoy somos gracias a una historia fecunda se fija en nuestra casa gaditana de Campano, en donde estamos presentes desde hace 80 a\u00f1os.<\/p>\n<p>La Familia Salesiana y la Pastoral Vocacional consolidan sus secciones al tiempo que resultar\u00e1 quiz\u00e1s una novedad para muchos el saber m\u00e1s de las cofrad\u00edas y hermandades salesianas, una realidad de religiosidad popular no solo del sur sino de otras zonas de la inspector\u00eda.<\/p>\n","protected":false},"excerpt":{"rendered":"<p>Percibir la realidad en profundidad nos permite mirar al futuro a lo ancho, algo que el papa Francisco nos est\u00e1 ense\u00f1ando: utilizar la mente y el coraz\u00f3n de una forma mucho m\u00e1s amplia y pr\u00e1ctica, en donde los problemas se afrontan desde la perspectiva de quien no quiere dejar a nadie detr\u00e1s y, en nuestro [&hellip;]<\/p>\n","protected":false},"author":5,"featured_media":9564,"comment_status":"open","ping_status":"closed","sticky":false,"template":"","format":"standard","meta":{"_et_pb_use_builder":"","_et_pb_old_content":"","_et_gb_content_width":"","footnotes":""},"categories":[30],"tags":[221],"class_list":["post-9607","post","type-post","status-publish","format-standard","has-post-thumbnail","hentry","category-enfoque","tag-smx41-es"],"yoast_head":"<!-- This site is optimized with the Yoast SEO plugin v27.5 - https:\/\/yoast.com\/product\/yoast-seo-wordpress\/ -->\n<title>Mirar el futuro a lo ancho - Revista SMX<\/title>\n<meta name=\"robots\" content=\"index, follow, max-snippet:-1, max-image-preview:large, max-video-preview:-1\" \/>\n<link rel=\"canonical\" href=\"http:\/\/www.salesianos.edu\/revistasmx\/mirar-el-futuro-a-lo-ancho\/\" \/>\n<meta property=\"og:locale\" content=\"es_ES\" \/>\n<meta property=\"og:type\" content=\"article\" \/>\n<meta property=\"og:title\" content=\"Mirar el futuro a lo ancho - Revista SMX\" \/>\n<meta property=\"og:description\" content=\"Percibir la realidad en profundidad nos permite mirar al futuro a lo ancho, algo que el papa Francisco nos est\u00e1 ense\u00f1ando: utilizar la mente y el coraz\u00f3n de una forma mucho m\u00e1s amplia y pr\u00e1ctica, en donde los problemas se afrontan desde la perspectiva de quien no quiere dejar a nadie detr\u00e1s y, en nuestro [&hellip;]\" \/>\n<meta property=\"og:url\" content=\"http:\/\/www.salesianos.edu\/revistasmx\/mirar-el-futuro-a-lo-ancho\/\" \/>\n<meta property=\"og:site_name\" content=\"Revista SMX\" \/>\n<meta property=\"article:published_time\" content=\"2018-10-24T21:00:00+00:00\" \/>\n<meta property=\"article:modified_time\" content=\"2018-11-06T10:26:32+00:00\" \/>\n<meta property=\"og:image\" content=\"https:\/\/www.salesianos.edu\/revistasmx\/wp-content\/uploads\/sites\/8\/2018\/11\/2.jpeg\" \/>\n\t<meta property=\"og:image:width\" content=\"750\" \/>\n\t<meta property=\"og:image:height\" content=\"422\" \/>\n\t<meta property=\"og:image:type\" content=\"image\/jpeg\" \/>\n<meta name=\"author\" content=\"martapeirat\" \/>\n<meta name=\"twitter:card\" content=\"summary_large_image\" \/>\n<meta name=\"twitter:label1\" content=\"Escrito por\" \/>\n\t<meta name=\"twitter:data1\" content=\"martapeirat\" \/>\n\t<meta name=\"twitter:label2\" content=\"Tiempo de lectura\" \/>\n\t<meta name=\"twitter:data2\" content=\"1 minuto\" \/>\n<script type=\"application\/ld+json\" class=\"yoast-schema-graph\">{\"@context\":\"https:\\\/\\\/schema.org\",\"@graph\":[{\"@type\":\"Article\",\"@id\":\"http:\\\/\\\/www.salesianos.edu\\\/revistasmx\\\/mirar-el-futuro-a-lo-ancho\\\/#article\",\"isPartOf\":{\"@id\":\"http:\\\/\\\/www.salesianos.edu\\\/revistasmx\\\/mirar-el-futuro-a-lo-ancho\\\/\"},\"author\":{\"name\":\"martapeirat\",\"@id\":\"http:\\\/\\\/www.salesianos.edu\\\/revistasmx\\\/#\\\/schema\\\/person\\\/20a80be1bb4e0ed82068c57facf5b237\"},\"headline\":\"Mirar el futuro a lo ancho\",\"datePublished\":\"2018-10-24T21:00:00+00:00\",\"dateModified\":\"2018-11-06T10:26:32+00:00\",\"mainEntityOfPage\":{\"@id\":\"http:\\\/\\\/www.salesianos.edu\\\/revistasmx\\\/mirar-el-futuro-a-lo-ancho\\\/\"},\"wordCount\":230,\"commentCount\":0,\"image\":{\"@id\":\"http:\\\/\\\/www.salesianos.edu\\\/revistasmx\\\/mirar-el-futuro-a-lo-ancho\\\/#primaryimage\"},\"thumbnailUrl\":\"http:\\\/\\\/www.salesianos.edu\\\/revistasmx\\\/wp-content\\\/uploads\\\/sites\\\/8\\\/2018\\\/11\\\/2.jpeg\",\"keywords\":[\"smx41\"],\"articleSection\":[\"ENFOQUE\"],\"inLanguage\":\"es\",\"potentialAction\":[{\"@type\":\"CommentAction\",\"name\":\"Comment\",\"target\":[\"http:\\\/\\\/www.salesianos.edu\\\/revistasmx\\\/mirar-el-futuro-a-lo-ancho\\\/#respond\"]}]},{\"@type\":\"WebPage\",\"@id\":\"http:\\\/\\\/www.salesianos.edu\\\/revistasmx\\\/mirar-el-futuro-a-lo-ancho\\\/\",\"url\":\"http:\\\/\\\/www.salesianos.edu\\\/revistasmx\\\/mirar-el-futuro-a-lo-ancho\\\/\",\"name\":\"Mirar el futuro a lo ancho - Revista SMX\",\"isPartOf\":{\"@id\":\"http:\\\/\\\/www.salesianos.edu\\\/revistasmx\\\/#website\"},\"primaryImageOfPage\":{\"@id\":\"http:\\\/\\\/www.salesianos.edu\\\/revistasmx\\\/mirar-el-futuro-a-lo-ancho\\\/#primaryimage\"},\"image\":{\"@id\":\"http:\\\/\\\/www.salesianos.edu\\\/revistasmx\\\/mirar-el-futuro-a-lo-ancho\\\/#primaryimage\"},\"thumbnailUrl\":\"http:\\\/\\\/www.salesianos.edu\\\/revistasmx\\\/wp-content\\\/uploads\\\/sites\\\/8\\\/2018\\\/11\\\/2.jpeg\",\"datePublished\":\"2018-10-24T21:00:00+00:00\",\"dateModified\":\"2018-11-06T10:26:32+00:00\",\"author\":{\"@id\":\"http:\\\/\\\/www.salesianos.edu\\\/revistasmx\\\/#\\\/schema\\\/person\\\/20a80be1bb4e0ed82068c57facf5b237\"},\"breadcrumb\":{\"@id\":\"http:\\\/\\\/www.salesianos.edu\\\/revistasmx\\\/mirar-el-futuro-a-lo-ancho\\\/#breadcrumb\"},\"inLanguage\":\"es\",\"potentialAction\":[{\"@type\":\"ReadAction\",\"target\":[\"http:\\\/\\\/www.salesianos.edu\\\/revistasmx\\\/mirar-el-futuro-a-lo-ancho\\\/\"]}]},{\"@type\":\"ImageObject\",\"inLanguage\":\"es\",\"@id\":\"http:\\\/\\\/www.salesianos.edu\\\/revistasmx\\\/mirar-el-futuro-a-lo-ancho\\\/#primaryimage\",\"url\":\"http:\\\/\\\/www.salesianos.edu\\\/revistasmx\\\/wp-content\\\/uploads\\\/sites\\\/8\\\/2018\\\/11\\\/2.jpeg\",\"contentUrl\":\"http:\\\/\\\/www.salesianos.edu\\\/revistasmx\\\/wp-content\\\/uploads\\\/sites\\\/8\\\/2018\\\/11\\\/2.jpeg\",\"width\":750,\"height\":422},{\"@type\":\"BreadcrumbList\",\"@id\":\"http:\\\/\\\/www.salesianos.edu\\\/revistasmx\\\/mirar-el-futuro-a-lo-ancho\\\/#breadcrumb\",\"itemListElement\":[{\"@type\":\"ListItem\",\"position\":1,\"name\":\"Portada\",\"item\":\"https:\\\/\\\/www.salesianos.edu\\\/revistasmx\\\/\"},{\"@type\":\"ListItem\",\"position\":2,\"name\":\"Mirar el futuro a lo ancho\"}]},{\"@type\":\"WebSite\",\"@id\":\"http:\\\/\\\/www.salesianos.edu\\\/revistasmx\\\/#website\",\"url\":\"http:\\\/\\\/www.salesianos.edu\\\/revistasmx\\\/\",\"name\":\"Revista SMX\",\"description\":\"P\u00e1gina oficial de Inspector\u00eda Salesiana Mar\u00eda Auxiliadora\",\"potentialAction\":[{\"@type\":\"SearchAction\",\"target\":{\"@type\":\"EntryPoint\",\"urlTemplate\":\"http:\\\/\\\/www.salesianos.edu\\\/revistasmx\\\/?s={search_term_string}\"},\"query-input\":{\"@type\":\"PropertyValueSpecification\",\"valueRequired\":true,\"valueName\":\"search_term_string\"}}],\"inLanguage\":\"es\"},{\"@type\":\"Person\",\"@id\":\"http:\\\/\\\/www.salesianos.edu\\\/revistasmx\\\/#\\\/schema\\\/person\\\/20a80be1bb4e0ed82068c57facf5b237\",\"name\":\"martapeirat\",\"image\":{\"@type\":\"ImageObject\",\"inLanguage\":\"es\",\"@id\":\"https:\\\/\\\/secure.gravatar.com\\\/avatar\\\/1139b81b40ed1dde466563679597db378e7092bbfdd7ebb264c437fedde866d7?s=96&d=mm&r=g\",\"url\":\"https:\\\/\\\/secure.gravatar.com\\\/avatar\\\/1139b81b40ed1dde466563679597db378e7092bbfdd7ebb264c437fedde866d7?s=96&d=mm&r=g\",\"contentUrl\":\"https:\\\/\\\/secure.gravatar.com\\\/avatar\\\/1139b81b40ed1dde466563679597db378e7092bbfdd7ebb264c437fedde866d7?s=96&d=mm&r=g\",\"caption\":\"martapeirat\"}}]}<\/script>\n<!-- \/ Yoast SEO plugin. -->","yoast_head_json":{"title":"Mirar el futuro a lo ancho - Revista SMX","robots":{"index":"index","follow":"follow","max-snippet":"max-snippet:-1","max-image-preview":"max-image-preview:large","max-video-preview":"max-video-preview:-1"},"canonical":"http:\/\/www.salesianos.edu\/revistasmx\/mirar-el-futuro-a-lo-ancho\/","og_locale":"es_ES","og_type":"article","og_title":"Mirar el futuro a lo ancho - Revista SMX","og_description":"Percibir la realidad en profundidad nos permite mirar al futuro a lo ancho, algo que el papa Francisco nos est\u00e1 ense\u00f1ando: utilizar la mente y el coraz\u00f3n de una forma mucho m\u00e1s amplia y pr\u00e1ctica, en donde los problemas se afrontan desde la perspectiva de quien no quiere dejar a nadie detr\u00e1s y, en nuestro [&hellip;]","og_url":"http:\/\/www.salesianos.edu\/revistasmx\/mirar-el-futuro-a-lo-ancho\/","og_site_name":"Revista SMX","article_published_time":"2018-10-24T21:00:00+00:00","article_modified_time":"2018-11-06T10:26:32+00:00","og_image":[{"width":750,"height":422,"url":"https:\/\/www.salesianos.edu\/revistasmx\/wp-content\/uploads\/sites\/8\/2018\/11\/2.jpeg","type":"image\/jpeg"}],"author":"martapeirat","twitter_card":"summary_large_image","twitter_misc":{"Escrito por":"martapeirat","Tiempo de lectura":"1 minuto"},"schema":{"@context":"https:\/\/schema.org","@graph":[{"@type":"Article","@id":"http:\/\/www.salesianos.edu\/revistasmx\/mirar-el-futuro-a-lo-ancho\/#article","isPartOf":{"@id":"http:\/\/www.salesianos.edu\/revistasmx\/mirar-el-futuro-a-lo-ancho\/"},"author":{"name":"martapeirat","@id":"http:\/\/www.salesianos.edu\/revistasmx\/#\/schema\/person\/20a80be1bb4e0ed82068c57facf5b237"},"headline":"Mirar el futuro a lo ancho","datePublished":"2018-10-24T21:00:00+00:00","dateModified":"2018-11-06T10:26:32+00:00","mainEntityOfPage":{"@id":"http:\/\/www.salesianos.edu\/revistasmx\/mirar-el-futuro-a-lo-ancho\/"},"wordCount":230,"commentCount":0,"image":{"@id":"http:\/\/www.salesianos.edu\/revistasmx\/mirar-el-futuro-a-lo-ancho\/#primaryimage"},"thumbnailUrl":"http:\/\/www.salesianos.edu\/revistasmx\/wp-content\/uploads\/sites\/8\/2018\/11\/2.jpeg","keywords":["smx41"],"articleSection":["ENFOQUE"],"inLanguage":"es","potentialAction":[{"@type":"CommentAction","name":"Comment","target":["http:\/\/www.salesianos.edu\/revistasmx\/mirar-el-futuro-a-lo-ancho\/#respond"]}]},{"@type":"WebPage","@id":"http:\/\/www.salesianos.edu\/revistasmx\/mirar-el-futuro-a-lo-ancho\/","url":"http:\/\/www.salesianos.edu\/revistasmx\/mirar-el-futuro-a-lo-ancho\/","name":"Mirar el futuro a lo ancho - Revista SMX","isPartOf":{"@id":"http:\/\/www.salesianos.edu\/revistasmx\/#website"},"primaryImageOfPage":{"@id":"http:\/\/www.salesianos.edu\/revistasmx\/mirar-el-futuro-a-lo-ancho\/#primaryimage"},"image":{"@id":"http:\/\/www.salesianos.edu\/revistasmx\/mirar-el-futuro-a-lo-ancho\/#primaryimage"},"thumbnailUrl":"http:\/\/www.salesianos.edu\/revistasmx\/wp-content\/uploads\/sites\/8\/2018\/11\/2.jpeg","datePublished":"2018-10-24T21:00:00+00:00","dateModified":"2018-11-06T10:26:32+00:00","author":{"@id":"http:\/\/www.salesianos.edu\/revistasmx\/#\/schema\/person\/20a80be1bb4e0ed82068c57facf5b237"},"breadcrumb":{"@id":"http:\/\/www.salesianos.edu\/revistasmx\/mirar-el-futuro-a-lo-ancho\/#breadcrumb"},"inLanguage":"es","potentialAction":[{"@type":"ReadAction","target":["http:\/\/www.salesianos.edu\/revistasmx\/mirar-el-futuro-a-lo-ancho\/"]}]},{"@type":"ImageObject","inLanguage":"es","@id":"http:\/\/www.salesianos.edu\/revistasmx\/mirar-el-futuro-a-lo-ancho\/#primaryimage","url":"http:\/\/www.salesianos.edu\/revistasmx\/wp-content\/uploads\/sites\/8\/2018\/11\/2.jpeg","contentUrl":"http:\/\/www.salesianos.edu\/revistasmx\/wp-content\/uploads\/sites\/8\/2018\/11\/2.jpeg","width":750,"height":422},{"@type":"BreadcrumbList","@id":"http:\/\/www.salesianos.edu\/revistasmx\/mirar-el-futuro-a-lo-ancho\/#breadcrumb","itemListElement":[{"@type":"ListItem","position":1,"name":"Portada","item":"https:\/\/www.salesianos.edu\/revistasmx\/"},{"@type":"ListItem","position":2,"name":"Mirar el futuro a lo ancho"}]},{"@type":"WebSite","@id":"http:\/\/www.salesianos.edu\/revistasmx\/#website","url":"http:\/\/www.salesianos.edu\/revistasmx\/","name":"Revista SMX","description":"P\u00e1gina oficial de Inspector\u00eda Salesiana Mar\u00eda Auxiliadora","potentialAction":[{"@type":"SearchAction","target":{"@type":"EntryPoint","urlTemplate":"http:\/\/www.salesianos.edu\/revistasmx\/?s={search_term_string}"},"query-input":{"@type":"PropertyValueSpecification","valueRequired":true,"valueName":"search_term_string"}}],"inLanguage":"es"},{"@type":"Person","@id":"http:\/\/www.salesianos.edu\/revistasmx\/#\/schema\/person\/20a80be1bb4e0ed82068c57facf5b237","name":"martapeirat","image":{"@type":"ImageObject","inLanguage":"es","@id":"https:\/\/secure.gravatar.com\/avatar\/1139b81b40ed1dde466563679597db378e7092bbfdd7ebb264c437fedde866d7?s=96&d=mm&r=g","url":"https:\/\/secure.gravatar.com\/avatar\/1139b81b40ed1dde466563679597db378e7092bbfdd7ebb264c437fedde866d7?s=96&d=mm&r=g","contentUrl":"https:\/\/secure.gravatar.com\/avatar\/1139b81b40ed1dde466563679597db378e7092bbfdd7ebb264c437fedde866d7?s=96&d=mm&r=g","caption":"martapeirat"}}]}},"_links":{"self":[{"href":"http:\/\/www.salesianos.edu\/revistasmx\/wp-json\/wp\/v2\/posts\/9607","targetHints":{"allow":["GET"]}}],"collection":[{"href":"http:\/\/www.salesianos.edu\/revistasmx\/wp-json\/wp\/v2\/posts"}],"about":[{"href":"http:\/\/www.salesianos.edu\/revistasmx\/wp-json\/wp\/v2\/types\/post"}],"author":[{"embeddable":true,"href":"http:\/\/www.salesianos.edu\/revistasmx\/wp-json\/wp\/v2\/users\/5"}],"replies":[{"embeddable":true,"href":"http:\/\/www.salesianos.edu\/revistasmx\/wp-json\/wp\/v2\/comments?post=9607"}],"version-history":[{"count":1,"href":"http:\/\/www.salesianos.edu\/revistasmx\/wp-json\/wp\/v2\/posts\/9607\/revisions"}],"predecessor-version":[{"id":9608,"href":"http:\/\/www.salesianos.edu\/revistasmx\/wp-json\/wp\/v2\/posts\/9607\/revisions\/9608"}],"wp:featuredmedia":[{"embeddable":true,"href":"http:\/\/www.salesianos.edu\/revistasmx\/wp-json\/wp\/v2\/media\/9564"}],"wp:attachment":[{"href":"http:\/\/www.salesianos.edu\/revistasmx\/wp-json\/wp\/v2\/media?parent=9607"}],"wp:term":[{"taxonomy":"category","embeddable":true,"href":"http:\/\/www.salesianos.edu\/revistasmx\/wp-json\/wp\/v2\/categories?post=9607"},{"taxonomy":"post_tag","embeddable":true,"href":"http:\/\/www.salesianos.edu\/revistasmx\/wp-json\/wp\/v2\/tags?post=9607"}],"curies":[{"name":"wp","href":"https:\/\/api.w.org\/{rel}","templated":true}]}}