{"id":8822,"date":"2018-09-24T12:14:03","date_gmt":"2018-09-24T10:14:03","guid":{"rendered":"http:\/\/www.salesianos.edu\/revistasmx\/?p=8822"},"modified":"2018-11-05T16:00:29","modified_gmt":"2018-11-05T15:00:29","slug":"la-inspectoria-es-bolca-amb-la-campanya-primer-els-ultims","status":"publish","type":"post","link":"http:\/\/www.salesianos.edu\/revistasmx\/ca\/la-inspectoria-es-bolca-amb-la-campanya-primer-els-ultims\/","title":{"rendered":"La Inspectoria es bolca amb la Campanya \u00abPrimer, els \u00faltims\u00bb"},"content":{"rendered":"<div id=\"fb-root\"><\/div>\n<p>[et_pb_section bb_built=\u00bb1&#8243;][et_pb_row][et_pb_column type=\u00bb4_4&#8243;][et_pb_video _builder_version=\u00bb3.13.1&#8243; src=\u00bbhttps:\/\/youtu.be\/xDovATx7aZQ\u00bb \/][et_pb_text _builder_version=\u00bb3.13.1&#8243;]<\/p>\n<p><em>Amb el sublema \u00abD\u00e9u no vol que es perdi ni un de sol d&#8217;aquests petits\u00bb (Mt 18, 12 &#8211; 14), est\u00e0 centrada en les pobreses infantils i juvenils del nostre entorn.<\/em><\/p>\n<p>Xavier Costa. A finals del curs passat, al voltant del mes de juny, <strong>un v\u00eddeo es feia viral <\/strong>a les xarxes socials salesianes i en els grups de whatssap anunciant la <strong>Campanya Inspectorial 2018-19 \u00abPrimer, els \u00faltims\u00bb<\/strong>. Cares conegudes dels nostres referents salesians en diferents ambients l\u2019animaven. Al capdavant, \u00c1ngel Asurmendi, el Provincial de la nostra Inspectoria.<\/p>\n<p>\u00c1ngel explica que la Campanya \u00abens impulsa a anar all\u00e0 on encara no reben atenci\u00f3 les necessitats i demandes dels joves, especialment, <strong>els m\u00e9s pobres i en major risc d&#8217;exclusi\u00f3.<\/strong><\/p>\n<p>I afegeix, \u00abposar-nos en\u00bb mode campanya \u00abimplica, doncs, un renovat esperit missioner per <strong>caminar al costat dels infants, adolescents i joves <\/strong>de les nostres cases salesianes a fi d&#8217;acollir-los, tornar-los la paraula i ajudar-los a trobar-se a si mateixos, acompanyant-los amb paci\u00e8ncia i afecte al llarg del cam\u00ed de recuperaci\u00f3 dels seus valors i confian\u00e7a \u00ab.<\/p>\n<p><img loading=\"lazy\" decoding=\"async\" class=\"alignnone size-medium wp-image-8934\" src=\"https:\/\/www.salesianos.edu\/revistasmx\/wp-content\/uploads\/sites\/8\/2018\/10\/20180609CInsp-1-300x170.jpg\" alt=\"\" width=\"300\" height=\"170\" srcset=\"http:\/\/www.salesianos.edu\/revistasmx\/wp-content\/uploads\/sites\/8\/2018\/10\/20180609CInsp-1-300x170.jpg 300w, http:\/\/www.salesianos.edu\/revistasmx\/wp-content\/uploads\/sites\/8\/2018\/10\/20180609CInsp-1-768x436.jpg 768w, http:\/\/www.salesianos.edu\/revistasmx\/wp-content\/uploads\/sites\/8\/2018\/10\/20180609CInsp-1-1024x581.jpg 1024w, http:\/\/www.salesianos.edu\/revistasmx\/wp-content\/uploads\/sites\/8\/2018\/10\/20180609CInsp-1-1080x613.jpg 1080w, http:\/\/www.salesianos.edu\/revistasmx\/wp-content\/uploads\/sites\/8\/2018\/10\/20180609CInsp-1.jpg 1107w\" sizes=\"(max-width: 300px) 100vw, 300px\" \/><\/p>\n<p><strong>Objectiu de la Campanya i els seus destinataris<\/strong><\/p>\n<p>L&#8217;<strong>objectiu <\/strong>\u00e9s clar: Optar preferentment pels joves en risc d&#8217;exclusi\u00f3.<\/p>\n<p><strong>Com?<\/strong><\/p>\n<ol>\n<li><strong>Sensibilitzant<\/strong> sobre les situacions de pobresa i exclusi\u00f3 dels destinataris de tots els ambients de cada obra, i donant respostes concretes.<\/li>\n<li><strong>Coordinant<\/strong> l&#8217;acci\u00f3 i el suport mutu entre els diversos ambients de l&#8217;Obra en l&#8217;atenci\u00f3 als infants, adolescents i joves en risc d&#8217;exclusi\u00f3.<\/li>\n<li><strong>Fomentant<\/strong> noves iniciatives d&#8217;inclusi\u00f3 social, amb l&#8217;impuls i la implicaci\u00f3 de la comunitat educativo-pastoral.<\/li>\n<\/ol>\n<p>La campanya estar\u00e0 centrada en les <strong>pobreses infantils i juvenils <\/strong>de la pr\u00f2pia zona, obra i ambient, i va dirigida a tots els Salesians, agents pastorals i educatius i a tots els destinataris de totes les obres i de tots els ambients.<\/p>\n<p><img loading=\"lazy\" decoding=\"async\" class=\"alignnone size-medium wp-image-8935\" src=\"https:\/\/www.salesianos.edu\/revistasmx\/wp-content\/uploads\/sites\/8\/2018\/10\/20180609CInsp3-1-300x169.jpg\" alt=\"\" width=\"300\" height=\"169\" srcset=\"http:\/\/www.salesianos.edu\/revistasmx\/wp-content\/uploads\/sites\/8\/2018\/10\/20180609CInsp3-1-300x169.jpg 300w, http:\/\/www.salesianos.edu\/revistasmx\/wp-content\/uploads\/sites\/8\/2018\/10\/20180609CInsp3-1-768x433.jpg 768w, http:\/\/www.salesianos.edu\/revistasmx\/wp-content\/uploads\/sites\/8\/2018\/10\/20180609CInsp3-1-1024x578.jpg 1024w, http:\/\/www.salesianos.edu\/revistasmx\/wp-content\/uploads\/sites\/8\/2018\/10\/20180609CInsp3-1-1080x610.jpg 1080w, http:\/\/www.salesianos.edu\/revistasmx\/wp-content\/uploads\/sites\/8\/2018\/10\/20180609CInsp3-1.jpg 1102w\" sizes=\"(max-width: 300px) 100vw, 300px\" \/><\/p>\n<p><strong>Els Consells d&#8217;obra com a dinamitzadors de la Campanya<\/strong><\/p>\n<p>Tamb\u00e9 a finals de juny i principis de juliol, en la reuni\u00f3 dels diferents Consells d&#8217;Obra es va presentar la Campanya a trav\u00e9s del web <a href=\"https:\/\/www.primerelsultims.org\/\">https:\/\/www.primerelsultims.org\/<\/a> . Se&#8217;ls va confiar la dinamitzaci\u00f3 i la transversalitat de la Campanya en la seva pres\u00e8ncia salesiana.<\/p>\n<p>La Campanya est\u00e0 dividida en tres grans blocs; <strong>Escoltar, Comprendre i Proposar<\/strong>. En aquest enlla\u00e7 es pot accedir al tutorial explicatiu de la Campanya <a href=\"https:\/\/www.primerelsultims.org\/tutorial-explicatiu\/\">https:\/\/www.primerelsultims.org\/tutorial-explicatiu\/<\/a><\/p>\n<h1>V\u00eddeo principal de la Campanya: <a href=\"https:\/\/www.youtube.com\/results?search_query=%23SENTIRSEUNM%C3%89S\">#SENTIRSEUNM\u00c9S<\/a><\/h1>\n<p>Un cop ja incorporats de les vacances estivals i en el mes de setembre es va donar a con\u00e8ixer el <strong>v\u00eddeo de reflexi\u00f3 i treball de la Campanya<\/strong>: <a href=\"https:\/\/www.youtube.com\/results?search_query=%23SENTIRSEUNM%C3%89S\">#SENTIRSEUNM\u00c9S<\/a>, que aborda les pobreses des de diferents perspectives, tamb\u00e9 les emocionals i anima a comen\u00e7ar a <strong>distingir-nos<\/strong> perqu\u00e8 amb les nostres accions alg\u00fa aconsegueixi <a href=\"https:\/\/www.youtube.com\/results?search_query=%23DIRJOPUC\">#DIRJOPUC<\/a>, <a href=\"https:\/\/www.youtube.com\/results?search_query=%23MIRARENDAVANT\">#MIRARENDAVANT<\/a>, <a href=\"https:\/\/www.youtube.com\/results?search_query=%23SENTIRSEUNM%C3%89S\">#SENTIRSEUNM\u00c9S<\/a>, <a href=\"https:\/\/www.youtube.com\/results?search_query=%23TRASPASSARL%C3%8DMITS\">#TRASPASSARL\u00cdMITS<\/a>, perqu\u00e8 en Salesi\u00e0, \u00abPrimer, els \u00faltims, perqu\u00e8 totes i tots puguem ser els primers\u00bb.<\/p>\n<p><strong>El web com a referent dels continguts de la Campanya<\/strong><\/p>\n<p>A <a href=\"https:\/\/www.primerelsultims.org\/\">https:\/\/www.primerelsultims.org\/<\/a> es poden trobar tots els continguts de la Campanya organitzats en el seg\u00fcent men\u00fa: <strong>Campanya, Materials, Activitats de sensibilitzaci\u00f3, Concurs de curts i v\u00eddeos, Contacte<\/strong>, i en breu la secci\u00f3 <strong>\u00abEl v\u00eddeo de la teva casa\u00bb.<\/strong><\/p>\n<p>Els \u00faltims materials pujats a la s\u00f3n les <strong>activitats de sensibilitzaci\u00f3 <\/strong>(de moment en castell\u00e0, en breu disponibles en catal\u00e0) per a realitzar en els diferents centres educatius. Es divideixen per franges d&#8217;edat i ja us les podeu descarregar:<\/p>\n<ol>\n<li><a href=\"https:\/\/www.primerolosultimos.org\/actividades-3-a-5\/\">Guia activitats infantil (3 a 5 anys)<\/a><\/li>\n<li><a href=\"https:\/\/www.primerolosultimos.org\/actividades-6-a-7\/\">Guia activitats per a nens\/es (6 a 7 anys)<\/a><\/li>\n<li><a href=\"https:\/\/www.primerolosultimos.org\/actividades-8-a-9\/\">Guia activitats per a nens\/es (8 a 9 anys)<\/a><\/li>\n<li><a href=\"https:\/\/www.primerolosultimos.org\/actividades-10-a-11\/\">Guia activitats per a nens\/es (10 a 11 anys)<\/a><\/li>\n<li><a href=\"https:\/\/www.primerolosultimos.org\/actividades-12-a-15\/\">Guia activitats per a adolescents (12 a 15 anys)<\/a><\/li>\n<li><a href=\"https:\/\/www.primerolosultimos.org\/actividades-16-a-18\/\">Guia activitats per joves (16 a 18 anys)<\/a><\/li>\n<\/ol>\n<p>[\/et_pb_text][et_pb_video _builder_version=\u00bb3.13.1&#8243; src=\u00bbhttps:\/\/youtu.be\/1ZO9gRBsM6c\u00bb \/][\/et_pb_column][\/et_pb_row][\/et_pb_section]<\/p>\n","protected":false},"excerpt":{"rendered":"<p><div class=\"et_pb_row et_pb_row_0 et_pb_row_empty\">\n\t\t\t\t\n\t\t\t\t\n\t\t\t\t\n\t\t\t\t\n\t\t\t\t\n\t\t\t<\/div> Amb el sublema \u00abD\u00e9u no vol que es perdi ni un de sol d&#8217;aquests petits\u00bb (Mt 18, 12 &#8211; 14), est\u00e0 centrada en les pobreses infantils i juvenils del nostre entorn. Xavier Costa. A finals del curs passat, al voltant del mes de juny, un v\u00eddeo es feia viral a les xarxes socials salesianes [&hellip;]<\/p>\n","protected":false},"author":5,"featured_media":8720,"comment_status":"open","ping_status":"closed","sticky":false,"template":"","format":"standard","meta":{"_et_pb_use_builder":"on","_et_pb_old_content":"<p><em>Amb el sublema \"D\u00e9u no vol que es perdi ni un de sol d'aquests petits\" (Mt 18, 12 - 14), est\u00e0 centrada en les pobreses infantils i juvenils del nostre entorn.<\/em><\/p><p>A finals del curs passat, al voltant del mes de juny, <strong>un v\u00eddeo es feia viral <\/strong>a les xarxes socials salesianes i en els grups de whatssap anunciant la <strong>Campanya Inspectorial 2018-19 \"Primer, els \u00faltims\"<\/strong>. Cares conegudes dels nostres referents salesians en diferents ambients l\u2019animaven. Al capdavant, \u00c1ngel Asurmendi, el Provincial de la nostra Inspectoria.<\/p><p>\u00c1ngel explica que la Campanya \"ens impulsa a anar all\u00e0 on encara no reben atenci\u00f3 les necessitats i demandes dels joves, especialment, <strong>els m\u00e9s pobres i en major risc d'exclusi\u00f3.<\/strong><\/p><p>I afegeix, \"posar-nos en\" mode campanya \"implica, doncs, un renovat esperit missioner per <strong>caminar al costat dels infants, adolescents i joves <\/strong>de les nostres cases salesianes a fi d'acollir-los, tornar-los la paraula i ajudar-los a trobar-se a si mateixos, acompanyant-los amb paci\u00e8ncia i afecte al llarg del cam\u00ed de recuperaci\u00f3 dels seus valors i confian\u00e7a \".<\/p><p><strong>Objectiu de la Campanya i els seus destinataris<\/strong><\/p><p>L'<strong>objectiu <\/strong>\u00e9s clar: Optar preferentment pels joves en risc d'exclusi\u00f3.<\/p><p><strong>Com?<\/strong><\/p><ol><li><strong>Sensibilitzant<\/strong> sobre les situacions de pobresa i exclusi\u00f3 dels destinataris de tots els ambients de cada obra, i donant respostes concretes.<\/li><li><strong>Coordinant<\/strong> l'acci\u00f3 i el suport mutu entre els diversos ambients de l'Obra en l'atenci\u00f3 als infants, adolescents i joves en risc d'exclusi\u00f3.<\/li><li><strong>Fomentant<\/strong> noves iniciatives d'inclusi\u00f3 social, amb l'impuls i la implicaci\u00f3 de la comunitat educativo-pastoral.<\/li><\/ol><p>La campanya estar\u00e0 centrada en les <strong>pobreses infantils i juvenils <\/strong>de la pr\u00f2pia zona, obra i ambient, i va dirigida a tots els Salesians, agents pastorals i educatius i a tots els destinataris de totes les obres i de tots els ambients.<\/p><p><strong>Els Consells d'obra com a dinamitzadors de la Campanya<\/strong><\/p><p>Tamb\u00e9 a finals de juny i principis de juliol, en la reuni\u00f3 dels diferents Consells d'Obra es va presentar la Campanya a trav\u00e9s del web <a href=\"https:\/\/www.primerelsultims.org\/\">https:\/\/www.primerelsultims.org\/<\/a> . Se'ls va confiar la dinamitzaci\u00f3 i la transversalitat de la Campanya en la seva pres\u00e8ncia salesiana.<\/p><p>La Campanya est\u00e0 dividida en tres grans blocs; <strong>Escoltar, Comprendre i Proposar<\/strong>. En aquest enlla\u00e7 es pot accedir al tutorial explicatiu de la Campanya <a href=\"https:\/\/www.primerelsultims.org\/tutorial-explicatiu\/\">https:\/\/www.primerelsultims.org\/tutorial-explicatiu\/<\/a><\/p><h1>V\u00eddeo principal de la Campanya: <a href=\"https:\/\/www.youtube.com\/results?search_query=%23SENTIRSEUNM%C3%89S\">#SENTIRSEUNM\u00c9S<\/a><\/h1><p>Un cop ja incorporats de les vacances estivals i en el mes de setembre es va donar a con\u00e8ixer el <strong>v\u00eddeo de reflexi\u00f3 i treball de la Campanya<\/strong>: <a href=\"https:\/\/www.youtube.com\/results?search_query=%23SENTIRSEUNM%C3%89S\">#SENTIRSEUNM\u00c9S<\/a>, que aborda les pobreses des de diferents perspectives, tamb\u00e9 les emocionals i anima a comen\u00e7ar a <strong>distingir-nos<\/strong> perqu\u00e8 amb les nostres accions alg\u00fa aconsegueixi <a href=\"https:\/\/www.youtube.com\/results?search_query=%23DIRJOPUC\">#DIRJOPUC<\/a>, <a href=\"https:\/\/www.youtube.com\/results?search_query=%23MIRARENDAVANT\">#MIRARENDAVANT<\/a>, <a href=\"https:\/\/www.youtube.com\/results?search_query=%23SENTIRSEUNM%C3%89S\">#SENTIRSEUNM\u00c9S<\/a>, <a href=\"https:\/\/www.youtube.com\/results?search_query=%23TRASPASSARL%C3%8DMITS\">#TRASPASSARL\u00cdMITS<\/a>, perqu\u00e8 en Salesi\u00e0, \"Primer, els \u00faltims, perqu\u00e8 totes i tots puguem ser els primers\".<\/p><p><strong>El web com a referent dels continguts de la Campanya<\/strong><\/p><p>A <a href=\"https:\/\/www.primerelsultims.org\/\">https:\/\/www.primerelsultims.org\/<\/a> es poden trobar tots els continguts de la Campanya organitzats en el seg\u00fcent men\u00fa: <strong>Campanya, Materials, Activitats de sensibilitzaci\u00f3, Concurs de curts i v\u00eddeos, Contacte<\/strong>, i en breu la secci\u00f3 <strong>\"El v\u00eddeo de la teva casa\".<\/strong><\/p><p>Els \u00faltims materials pujats a la s\u00f3n les <strong>activitats de sensibilitzaci\u00f3 <\/strong>(de moment en castell\u00e0, en breu disponibles en catal\u00e0) per a realitzar en els diferents centres educatius. Es divideixen per franges d'edat i ja us les podeu descarregar:<\/p><ol><li><a href=\"https:\/\/www.primerolosultimos.org\/actividades-3-a-5\/\">Guia activitats infantil (3 a 5 anys)<\/a><\/li><li><a href=\"https:\/\/www.primerolosultimos.org\/actividades-6-a-7\/\">Guia activitats per a nens\/es (6 a 7 anys)<\/a><\/li><li><a href=\"https:\/\/www.primerolosultimos.org\/actividades-8-a-9\/\">Guia activitats per a nens\/es (8 a 9 anys)<\/a><\/li><li><a href=\"https:\/\/www.primerolosultimos.org\/actividades-10-a-11\/\">Guia activitats per a nens\/es (10 a 11 anys)<\/a><\/li><li><a href=\"https:\/\/www.primerolosultimos.org\/actividades-12-a-15\/\">Guia activitats per a adolescents (12 a 15 anys)<\/a><\/li><li><a href=\"https:\/\/www.primerolosultimos.org\/actividades-16-a-18\/\">Guia activitats per joves (16 a 18 anys)<\/a><\/li><\/ol>","_et_gb_content_width":"","footnotes":""},"categories":[53],"tags":[160],"class_list":["post-8822","post","type-post","status-publish","format-standard","has-post-thumbnail","hentry","category-a-fons","tag-smx40"],"yoast_head":"<!-- This site is optimized with the Yoast SEO plugin v27.5 - https:\/\/yoast.com\/product\/yoast-seo-wordpress\/ -->\n<title>La Inspectoria es bolca amb la Campanya &quot;Primer, els \u00faltims&quot; - Revista SMX<\/title>\n<meta name=\"robots\" content=\"index, follow, max-snippet:-1, max-image-preview:large, max-video-preview:-1\" \/>\n<link rel=\"canonical\" href=\"http:\/\/www.salesianos.edu\/revistasmx\/ca\/la-inspectoria-es-bolca-amb-la-campanya-primer-els-ultims\/\" \/>\n<meta property=\"og:locale\" content=\"es_ES\" \/>\n<meta property=\"og:type\" content=\"article\" \/>\n<meta property=\"og:title\" content=\"La Inspectoria es bolca amb la Campanya &quot;Primer, els \u00faltims&quot; - Revista SMX\" \/>\n<meta property=\"og:description\" content=\"Titulo p\u00e1ginas Subtitulo 1 Lorem Ipsum es simplemente el texto de relleno de las imprentas y archivos de texto. Lorem Ipsum ha sido el texto de relleno est\u00e1ndar de las industrias desde el a\u00f1o 1500, cuando un impresor (N. del T. persona que se dedica a la imprenta) desconocido us\u00f3 una galer\u00eda de textos y [&hellip;]\" \/>\n<meta property=\"og:url\" content=\"http:\/\/www.salesianos.edu\/revistasmx\/ca\/la-inspectoria-es-bolca-amb-la-campanya-primer-els-ultims\/\" \/>\n<meta property=\"og:site_name\" content=\"Revista SMX\" \/>\n<meta property=\"article:published_time\" content=\"2018-09-24T10:14:03+00:00\" \/>\n<meta property=\"article:modified_time\" content=\"2018-11-05T15:00:29+00:00\" \/>\n<meta property=\"og:image\" content=\"http:\/\/www.salesianos.edu\/revistasmx\/wp-content\/uploads\/sites\/8\/2018\/10\/20180609CInsp1.jpg\" \/>\n\t<meta property=\"og:image:width\" content=\"1102\" \/>\n\t<meta property=\"og:image:height\" content=\"622\" \/>\n\t<meta property=\"og:image:type\" content=\"image\/jpeg\" \/>\n<meta name=\"author\" content=\"martapeirat\" \/>\n<meta name=\"twitter:card\" content=\"summary_large_image\" \/>\n<meta name=\"twitter:label1\" content=\"Escrito por\" \/>\n\t<meta name=\"twitter:data1\" content=\"martapeirat\" \/>\n\t<meta name=\"twitter:label2\" content=\"Tiempo de lectura\" \/>\n\t<meta name=\"twitter:data2\" content=\"3 minutos\" \/>\n<script type=\"application\/ld+json\" class=\"yoast-schema-graph\">{\"@context\":\"https:\\\/\\\/schema.org\",\"@graph\":[{\"@type\":\"Article\",\"@id\":\"http:\\\/\\\/www.salesianos.edu\\\/revistasmx\\\/ca\\\/la-inspectoria-es-bolca-amb-la-campanya-primer-els-ultims\\\/#article\",\"isPartOf\":{\"@id\":\"http:\\\/\\\/www.salesianos.edu\\\/revistasmx\\\/ca\\\/la-inspectoria-es-bolca-amb-la-campanya-primer-els-ultims\\\/\"},\"author\":{\"name\":\"martapeirat\",\"@id\":\"http:\\\/\\\/www.salesianos.edu\\\/revistasmx\\\/#\\\/schema\\\/person\\\/20a80be1bb4e0ed82068c57facf5b237\"},\"headline\":\"La Inspectoria es bolca amb la Campanya \u00abPrimer, els \u00faltims\u00bb\",\"datePublished\":\"2018-09-24T10:14:03+00:00\",\"dateModified\":\"2018-11-05T15:00:29+00:00\",\"mainEntityOfPage\":{\"@id\":\"http:\\\/\\\/www.salesianos.edu\\\/revistasmx\\\/ca\\\/la-inspectoria-es-bolca-amb-la-campanya-primer-els-ultims\\\/\"},\"wordCount\":678,\"commentCount\":0,\"image\":{\"@id\":\"http:\\\/\\\/www.salesianos.edu\\\/revistasmx\\\/ca\\\/la-inspectoria-es-bolca-amb-la-campanya-primer-els-ultims\\\/#primaryimage\"},\"thumbnailUrl\":\"http:\\\/\\\/www.salesianos.edu\\\/revistasmx\\\/wp-content\\\/uploads\\\/sites\\\/8\\\/2018\\\/10\\\/20180609CInsp1.jpg\",\"keywords\":[\"smx40\"],\"articleSection\":[\"A FONS\"],\"inLanguage\":\"es\",\"potentialAction\":[{\"@type\":\"CommentAction\",\"name\":\"Comment\",\"target\":[\"http:\\\/\\\/www.salesianos.edu\\\/revistasmx\\\/ca\\\/la-inspectoria-es-bolca-amb-la-campanya-primer-els-ultims\\\/#respond\"]}]},{\"@type\":\"WebPage\",\"@id\":\"http:\\\/\\\/www.salesianos.edu\\\/revistasmx\\\/ca\\\/la-inspectoria-es-bolca-amb-la-campanya-primer-els-ultims\\\/\",\"url\":\"http:\\\/\\\/www.salesianos.edu\\\/revistasmx\\\/ca\\\/la-inspectoria-es-bolca-amb-la-campanya-primer-els-ultims\\\/\",\"name\":\"La Inspectoria es bolca amb la Campanya \\\"Primer, els \u00faltims\\\" - Revista SMX\",\"isPartOf\":{\"@id\":\"http:\\\/\\\/www.salesianos.edu\\\/revistasmx\\\/#website\"},\"primaryImageOfPage\":{\"@id\":\"http:\\\/\\\/www.salesianos.edu\\\/revistasmx\\\/ca\\\/la-inspectoria-es-bolca-amb-la-campanya-primer-els-ultims\\\/#primaryimage\"},\"image\":{\"@id\":\"http:\\\/\\\/www.salesianos.edu\\\/revistasmx\\\/ca\\\/la-inspectoria-es-bolca-amb-la-campanya-primer-els-ultims\\\/#primaryimage\"},\"thumbnailUrl\":\"http:\\\/\\\/www.salesianos.edu\\\/revistasmx\\\/wp-content\\\/uploads\\\/sites\\\/8\\\/2018\\\/10\\\/20180609CInsp1.jpg\",\"datePublished\":\"2018-09-24T10:14:03+00:00\",\"dateModified\":\"2018-11-05T15:00:29+00:00\",\"author\":{\"@id\":\"http:\\\/\\\/www.salesianos.edu\\\/revistasmx\\\/#\\\/schema\\\/person\\\/20a80be1bb4e0ed82068c57facf5b237\"},\"breadcrumb\":{\"@id\":\"http:\\\/\\\/www.salesianos.edu\\\/revistasmx\\\/ca\\\/la-inspectoria-es-bolca-amb-la-campanya-primer-els-ultims\\\/#breadcrumb\"},\"inLanguage\":\"es\",\"potentialAction\":[{\"@type\":\"ReadAction\",\"target\":[\"http:\\\/\\\/www.salesianos.edu\\\/revistasmx\\\/ca\\\/la-inspectoria-es-bolca-amb-la-campanya-primer-els-ultims\\\/\"]}]},{\"@type\":\"ImageObject\",\"inLanguage\":\"es\",\"@id\":\"http:\\\/\\\/www.salesianos.edu\\\/revistasmx\\\/ca\\\/la-inspectoria-es-bolca-amb-la-campanya-primer-els-ultims\\\/#primaryimage\",\"url\":\"http:\\\/\\\/www.salesianos.edu\\\/revistasmx\\\/wp-content\\\/uploads\\\/sites\\\/8\\\/2018\\\/10\\\/20180609CInsp1.jpg\",\"contentUrl\":\"http:\\\/\\\/www.salesianos.edu\\\/revistasmx\\\/wp-content\\\/uploads\\\/sites\\\/8\\\/2018\\\/10\\\/20180609CInsp1.jpg\",\"width\":1102,\"height\":622},{\"@type\":\"BreadcrumbList\",\"@id\":\"http:\\\/\\\/www.salesianos.edu\\\/revistasmx\\\/ca\\\/la-inspectoria-es-bolca-amb-la-campanya-primer-els-ultims\\\/#breadcrumb\",\"itemListElement\":[{\"@type\":\"ListItem\",\"position\":1,\"name\":\"Portada\",\"item\":\"http:\\\/\\\/www.salesianos.edu\\\/revistasmx\\\/\"},{\"@type\":\"ListItem\",\"position\":2,\"name\":\"La Inspectoria es bolca amb la Campanya \u00abPrimer, els \u00faltims\u00bb\"}]},{\"@type\":\"WebSite\",\"@id\":\"http:\\\/\\\/www.salesianos.edu\\\/revistasmx\\\/#website\",\"url\":\"http:\\\/\\\/www.salesianos.edu\\\/revistasmx\\\/\",\"name\":\"Revista SMX\",\"description\":\"P\u00e1gina oficial de Inspector\u00eda Salesiana Mar\u00eda Auxiliadora\",\"potentialAction\":[{\"@type\":\"SearchAction\",\"target\":{\"@type\":\"EntryPoint\",\"urlTemplate\":\"http:\\\/\\\/www.salesianos.edu\\\/revistasmx\\\/?s={search_term_string}\"},\"query-input\":{\"@type\":\"PropertyValueSpecification\",\"valueRequired\":true,\"valueName\":\"search_term_string\"}}],\"inLanguage\":\"es\"},{\"@type\":\"Person\",\"@id\":\"http:\\\/\\\/www.salesianos.edu\\\/revistasmx\\\/#\\\/schema\\\/person\\\/20a80be1bb4e0ed82068c57facf5b237\",\"name\":\"martapeirat\",\"image\":{\"@type\":\"ImageObject\",\"inLanguage\":\"es\",\"@id\":\"https:\\\/\\\/secure.gravatar.com\\\/avatar\\\/1139b81b40ed1dde466563679597db378e7092bbfdd7ebb264c437fedde866d7?s=96&d=mm&r=g\",\"url\":\"https:\\\/\\\/secure.gravatar.com\\\/avatar\\\/1139b81b40ed1dde466563679597db378e7092bbfdd7ebb264c437fedde866d7?s=96&d=mm&r=g\",\"contentUrl\":\"https:\\\/\\\/secure.gravatar.com\\\/avatar\\\/1139b81b40ed1dde466563679597db378e7092bbfdd7ebb264c437fedde866d7?s=96&d=mm&r=g\",\"caption\":\"martapeirat\"}}]}<\/script>\n<!-- \/ Yoast SEO plugin. -->","yoast_head_json":{"title":"La Inspectoria es bolca amb la Campanya \"Primer, els \u00faltims\" - Revista SMX","robots":{"index":"index","follow":"follow","max-snippet":"max-snippet:-1","max-image-preview":"max-image-preview:large","max-video-preview":"max-video-preview:-1"},"canonical":"http:\/\/www.salesianos.edu\/revistasmx\/ca\/la-inspectoria-es-bolca-amb-la-campanya-primer-els-ultims\/","og_locale":"es_ES","og_type":"article","og_title":"La Inspectoria es bolca amb la Campanya \"Primer, els \u00faltims\" - Revista SMX","og_description":"Titulo p\u00e1ginas Subtitulo 1 Lorem Ipsum es simplemente el texto de relleno de las imprentas y archivos de texto. Lorem Ipsum ha sido el texto de relleno est\u00e1ndar de las industrias desde el a\u00f1o 1500, cuando un impresor (N. del T. persona que se dedica a la imprenta) desconocido us\u00f3 una galer\u00eda de textos y [&hellip;]","og_url":"http:\/\/www.salesianos.edu\/revistasmx\/ca\/la-inspectoria-es-bolca-amb-la-campanya-primer-els-ultims\/","og_site_name":"Revista SMX","article_published_time":"2018-09-24T10:14:03+00:00","article_modified_time":"2018-11-05T15:00:29+00:00","og_image":[{"width":1102,"height":622,"url":"http:\/\/www.salesianos.edu\/revistasmx\/wp-content\/uploads\/sites\/8\/2018\/10\/20180609CInsp1.jpg","type":"image\/jpeg"}],"author":"martapeirat","twitter_card":"summary_large_image","twitter_misc":{"Escrito por":"martapeirat","Tiempo de lectura":"3 minutos"},"schema":{"@context":"https:\/\/schema.org","@graph":[{"@type":"Article","@id":"http:\/\/www.salesianos.edu\/revistasmx\/ca\/la-inspectoria-es-bolca-amb-la-campanya-primer-els-ultims\/#article","isPartOf":{"@id":"http:\/\/www.salesianos.edu\/revistasmx\/ca\/la-inspectoria-es-bolca-amb-la-campanya-primer-els-ultims\/"},"author":{"name":"martapeirat","@id":"http:\/\/www.salesianos.edu\/revistasmx\/#\/schema\/person\/20a80be1bb4e0ed82068c57facf5b237"},"headline":"La Inspectoria es bolca amb la Campanya \u00abPrimer, els \u00faltims\u00bb","datePublished":"2018-09-24T10:14:03+00:00","dateModified":"2018-11-05T15:00:29+00:00","mainEntityOfPage":{"@id":"http:\/\/www.salesianos.edu\/revistasmx\/ca\/la-inspectoria-es-bolca-amb-la-campanya-primer-els-ultims\/"},"wordCount":678,"commentCount":0,"image":{"@id":"http:\/\/www.salesianos.edu\/revistasmx\/ca\/la-inspectoria-es-bolca-amb-la-campanya-primer-els-ultims\/#primaryimage"},"thumbnailUrl":"http:\/\/www.salesianos.edu\/revistasmx\/wp-content\/uploads\/sites\/8\/2018\/10\/20180609CInsp1.jpg","keywords":["smx40"],"articleSection":["A FONS"],"inLanguage":"es","potentialAction":[{"@type":"CommentAction","name":"Comment","target":["http:\/\/www.salesianos.edu\/revistasmx\/ca\/la-inspectoria-es-bolca-amb-la-campanya-primer-els-ultims\/#respond"]}]},{"@type":"WebPage","@id":"http:\/\/www.salesianos.edu\/revistasmx\/ca\/la-inspectoria-es-bolca-amb-la-campanya-primer-els-ultims\/","url":"http:\/\/www.salesianos.edu\/revistasmx\/ca\/la-inspectoria-es-bolca-amb-la-campanya-primer-els-ultims\/","name":"La Inspectoria es bolca amb la Campanya \"Primer, els \u00faltims\" - Revista SMX","isPartOf":{"@id":"http:\/\/www.salesianos.edu\/revistasmx\/#website"},"primaryImageOfPage":{"@id":"http:\/\/www.salesianos.edu\/revistasmx\/ca\/la-inspectoria-es-bolca-amb-la-campanya-primer-els-ultims\/#primaryimage"},"image":{"@id":"http:\/\/www.salesianos.edu\/revistasmx\/ca\/la-inspectoria-es-bolca-amb-la-campanya-primer-els-ultims\/#primaryimage"},"thumbnailUrl":"http:\/\/www.salesianos.edu\/revistasmx\/wp-content\/uploads\/sites\/8\/2018\/10\/20180609CInsp1.jpg","datePublished":"2018-09-24T10:14:03+00:00","dateModified":"2018-11-05T15:00:29+00:00","author":{"@id":"http:\/\/www.salesianos.edu\/revistasmx\/#\/schema\/person\/20a80be1bb4e0ed82068c57facf5b237"},"breadcrumb":{"@id":"http:\/\/www.salesianos.edu\/revistasmx\/ca\/la-inspectoria-es-bolca-amb-la-campanya-primer-els-ultims\/#breadcrumb"},"inLanguage":"es","potentialAction":[{"@type":"ReadAction","target":["http:\/\/www.salesianos.edu\/revistasmx\/ca\/la-inspectoria-es-bolca-amb-la-campanya-primer-els-ultims\/"]}]},{"@type":"ImageObject","inLanguage":"es","@id":"http:\/\/www.salesianos.edu\/revistasmx\/ca\/la-inspectoria-es-bolca-amb-la-campanya-primer-els-ultims\/#primaryimage","url":"http:\/\/www.salesianos.edu\/revistasmx\/wp-content\/uploads\/sites\/8\/2018\/10\/20180609CInsp1.jpg","contentUrl":"http:\/\/www.salesianos.edu\/revistasmx\/wp-content\/uploads\/sites\/8\/2018\/10\/20180609CInsp1.jpg","width":1102,"height":622},{"@type":"BreadcrumbList","@id":"http:\/\/www.salesianos.edu\/revistasmx\/ca\/la-inspectoria-es-bolca-amb-la-campanya-primer-els-ultims\/#breadcrumb","itemListElement":[{"@type":"ListItem","position":1,"name":"Portada","item":"http:\/\/www.salesianos.edu\/revistasmx\/"},{"@type":"ListItem","position":2,"name":"La Inspectoria es bolca amb la Campanya \u00abPrimer, els \u00faltims\u00bb"}]},{"@type":"WebSite","@id":"http:\/\/www.salesianos.edu\/revistasmx\/#website","url":"http:\/\/www.salesianos.edu\/revistasmx\/","name":"Revista SMX","description":"P\u00e1gina oficial de Inspector\u00eda Salesiana Mar\u00eda Auxiliadora","potentialAction":[{"@type":"SearchAction","target":{"@type":"EntryPoint","urlTemplate":"http:\/\/www.salesianos.edu\/revistasmx\/?s={search_term_string}"},"query-input":{"@type":"PropertyValueSpecification","valueRequired":true,"valueName":"search_term_string"}}],"inLanguage":"es"},{"@type":"Person","@id":"http:\/\/www.salesianos.edu\/revistasmx\/#\/schema\/person\/20a80be1bb4e0ed82068c57facf5b237","name":"martapeirat","image":{"@type":"ImageObject","inLanguage":"es","@id":"https:\/\/secure.gravatar.com\/avatar\/1139b81b40ed1dde466563679597db378e7092bbfdd7ebb264c437fedde866d7?s=96&d=mm&r=g","url":"https:\/\/secure.gravatar.com\/avatar\/1139b81b40ed1dde466563679597db378e7092bbfdd7ebb264c437fedde866d7?s=96&d=mm&r=g","contentUrl":"https:\/\/secure.gravatar.com\/avatar\/1139b81b40ed1dde466563679597db378e7092bbfdd7ebb264c437fedde866d7?s=96&d=mm&r=g","caption":"martapeirat"}}]}},"_links":{"self":[{"href":"http:\/\/www.salesianos.edu\/revistasmx\/wp-json\/wp\/v2\/posts\/8822","targetHints":{"allow":["GET"]}}],"collection":[{"href":"http:\/\/www.salesianos.edu\/revistasmx\/wp-json\/wp\/v2\/posts"}],"about":[{"href":"http:\/\/www.salesianos.edu\/revistasmx\/wp-json\/wp\/v2\/types\/post"}],"author":[{"embeddable":true,"href":"http:\/\/www.salesianos.edu\/revistasmx\/wp-json\/wp\/v2\/users\/5"}],"replies":[{"embeddable":true,"href":"http:\/\/www.salesianos.edu\/revistasmx\/wp-json\/wp\/v2\/comments?post=8822"}],"version-history":[{"count":4,"href":"http:\/\/www.salesianos.edu\/revistasmx\/wp-json\/wp\/v2\/posts\/8822\/revisions"}],"predecessor-version":[{"id":8936,"href":"http:\/\/www.salesianos.edu\/revistasmx\/wp-json\/wp\/v2\/posts\/8822\/revisions\/8936"}],"wp:featuredmedia":[{"embeddable":true,"href":"http:\/\/www.salesianos.edu\/revistasmx\/wp-json\/wp\/v2\/media\/8720"}],"wp:attachment":[{"href":"http:\/\/www.salesianos.edu\/revistasmx\/wp-json\/wp\/v2\/media?parent=8822"}],"wp:term":[{"taxonomy":"category","embeddable":true,"href":"http:\/\/www.salesianos.edu\/revistasmx\/wp-json\/wp\/v2\/categories?post=8822"},{"taxonomy":"post_tag","embeddable":true,"href":"http:\/\/www.salesianos.edu\/revistasmx\/wp-json\/wp\/v2\/tags?post=8822"}],"curies":[{"name":"wp","href":"https:\/\/api.w.org\/{rel}","templated":true}]}}