{"id":8710,"date":"2018-09-24T10:15:47","date_gmt":"2018-09-24T08:15:47","guid":{"rendered":"http:\/\/www.salesianos.edu\/revistasmx\/?p=8710"},"modified":"2018-11-12T18:31:49","modified_gmt":"2018-11-12T17:31:49","slug":"la-inspectoria-se-vuelca-con-la-campana-primero-los-ultimos","status":"publish","type":"post","link":"http:\/\/www.salesianos.edu\/revistasmx\/la-inspectoria-se-vuelca-con-la-campana-primero-los-ultimos\/","title":{"rendered":"La Inspector\u00eda se vuelca con la Campa\u00f1a \u201cPrimero, los \u00faltimos\u201d"},"content":{"rendered":"<div id=\"fb-root\"><\/div>\n<p>[et_pb_section bb_built=\u00bb1&#8243;][et_pb_row][et_pb_column type=\u00bb4_4&#8243;][et_pb_video _builder_version=\u00bb3.13.1&#8243; src=\u00bbhttps:\/\/youtu.be\/BM7CsHBWCho\u00bb \/][et_pb_text _builder_version=\u00bb3.13.1&#8243;]<\/p>\n<p class=\"p2\"><i>Xavier Costa. <\/i><\/p>\n<p class=\"p2\"><i>Con el sublema \u201cDios no quiere que se pierda ni uno s\u00f3lo de estos peque\u00f1os\u201d (Mt. 18, 12 \u2013 14), est\u00e1 centrada en las pobrezas infantiles y juveniles de nuestro entorno.<\/i><\/p>\n<p class=\"p2\">A finales del curso pasado, por all\u00e1 en el mes de junio, <b>un v\u00eddeo<\/b> <b>se hac\u00eda viral<\/b> en las redes sociales salesianas y en los grupos de whatssap anunciando la <b>Campa\u00f1a Inspectorial 2018-19 \u201cPrimero, los \u00faltimos<\/b>\u201d. Caras conocidas de nuestros referentes salesianos en diferentes ambientes la animaban. Al frente, \u00c1ngel Asurmendi, el Provincial de nuestra Inspector\u00eda.<\/p>\n<p class=\"p2\">\u00c1ngel explica que la Campa\u00f1a \u201cnos impulsa a ir all\u00ed donde todav\u00eda no reciban atenci\u00f3n las necesidades y demandas de los j\u00f3venes, en especial, <b>los m\u00e1s pobres y en mayor riesgo de exclusi\u00f3n<\/b>.<\/p>\n<p class=\"p2\">Y a\u00f1ade, \u201cponernos en \u201cmodo campa\u00f1a\u201d implica, pues, un renovado esp\u00edritu misionero para <b>caminar junto a los ni\u00f1os, adolescentes y j\u00f3venes<\/b> de nuestras casas salesianas a fin de acogerlos, devolverles la palabra y ayudarlos a encontrarse a s\u00ed mismos, acompa\u00f1\u00e1ndolos con paciencia y afecto a lo largo del camino de recuperaci\u00f3n de sus valores y confianza\u201d.<\/p>\n<p><img loading=\"lazy\" decoding=\"async\" class=\"alignnone size-medium wp-image-8719\" src=\"https:\/\/www.salesianos.edu\/revistasmx\/wp-content\/uploads\/sites\/8\/2018\/10\/20180609CInsp-300x170.jpg\" alt=\"\" width=\"300\" height=\"170\" srcset=\"http:\/\/www.salesianos.edu\/revistasmx\/wp-content\/uploads\/sites\/8\/2018\/10\/20180609CInsp-300x170.jpg 300w, http:\/\/www.salesianos.edu\/revistasmx\/wp-content\/uploads\/sites\/8\/2018\/10\/20180609CInsp-768x436.jpg 768w, http:\/\/www.salesianos.edu\/revistasmx\/wp-content\/uploads\/sites\/8\/2018\/10\/20180609CInsp-1024x581.jpg 1024w, http:\/\/www.salesianos.edu\/revistasmx\/wp-content\/uploads\/sites\/8\/2018\/10\/20180609CInsp-1080x613.jpg 1080w, http:\/\/www.salesianos.edu\/revistasmx\/wp-content\/uploads\/sites\/8\/2018\/10\/20180609CInsp.jpg 1107w\" sizes=\"(max-width: 300px) 100vw, 300px\" \/><\/p>\n<p class=\"p2\"><b>Objetivo de la Campa\u00f1a y sus destinatarios<\/b><\/p>\n<p class=\"p2\">El <b>Objetivo<\/b> es claro: Optar preferentemente por los j\u00f3venes en riesgo de exclusi\u00f3n.<\/p>\n<p class=\"p2\"><b>\u00bfC\u00f3mo?<\/b><\/p>\n<p class=\"p2\"><span class=\"s1\">1. <\/span><b>Sensibilizando<\/b> sobre las situaciones de pobreza y exclusi\u00f3n de los destinatarios de todos los ambientes de cada Obra, y dando respuestas concretas.<\/p>\n<p class=\"p2\"><span class=\"s1\">2. <\/span> <b>Coordinando<\/b> la acci\u00f3n y el apoyo mutuo entre los diversos ambientes de la Obra en la atenci\u00f3n a los ni\u00f1os, adolescentes y j\u00f3venes en riesgo de exclusi\u00f3n.<\/p>\n<p class=\"p2\"><span class=\"s1\">3. <\/span> <b>Fomentando<\/b> nuevas iniciativas de inclusi\u00f3n social, con el impulso y la implicaci\u00f3n de la comunidad educativo-pastoral.<\/p>\n<p class=\"p2\">La campa\u00f1a estar\u00e1 centrada en las <b>pobrezas infantiles y juveniles<\/b> de la propia zona, obra y ambiente, y va dirigida a todos los Salesianos, agentes pastorales y educativos y a todos los destinatarios de todas las obras y de todos los ambientes.<\/p>\n<p><img loading=\"lazy\" decoding=\"async\" class=\"alignnone size-medium wp-image-8722\" src=\"https:\/\/www.salesianos.edu\/revistasmx\/wp-content\/uploads\/sites\/8\/2018\/10\/20180609CInsp3-300x169.jpg\" alt=\"\" width=\"300\" height=\"169\" srcset=\"http:\/\/www.salesianos.edu\/revistasmx\/wp-content\/uploads\/sites\/8\/2018\/10\/20180609CInsp3-300x169.jpg 300w, http:\/\/www.salesianos.edu\/revistasmx\/wp-content\/uploads\/sites\/8\/2018\/10\/20180609CInsp3-768x433.jpg 768w, http:\/\/www.salesianos.edu\/revistasmx\/wp-content\/uploads\/sites\/8\/2018\/10\/20180609CInsp3-1024x578.jpg 1024w, http:\/\/www.salesianos.edu\/revistasmx\/wp-content\/uploads\/sites\/8\/2018\/10\/20180609CInsp3-1080x610.jpg 1080w, http:\/\/www.salesianos.edu\/revistasmx\/wp-content\/uploads\/sites\/8\/2018\/10\/20180609CInsp3.jpg 1102w\" sizes=\"(max-width: 300px) 100vw, 300px\" \/><\/p>\n<p class=\"p2\"><b>Los Consejos de obra como dinamizadores de la Campa\u00f1a<\/b><\/p>\n<p class=\"p2\">Tambi\u00e9n a finales de junio y principios de julio, en la reuni\u00f3n de los diferentes Consejos de Obra se present\u00f3 la Campa\u00f1a a trav\u00e9s de la web <a href=\"https:\/\/www.primerolosultimos.org\/\"><span class=\"s2\">https:\/\/www.primerolosultimos.org\/<\/span><\/a>. Se les confi\u00f3 la dinamizaci\u00f3n y la transversalidad de la Campa\u00f1a en su presencia salesiana.<\/p>\n<p class=\"p2\">La Campa\u00f1a est\u00e1 dividida en tres grandes bloques; <b>Escuchar<\/b>, <b>Comprender<\/b> y <b>Proponer<\/b>. En este hiperv\u00ednculo se puede acceder al tutorial explicativo de la Campa\u00f1a <a href=\"https:\/\/www.primerolosultimos.org\/tutorial-explicativo\/\"><span class=\"s2\">https:\/\/www.primerolosultimos.org\/tutorial-explicativo\/<\/span><\/a><\/p>\n<p class=\"p2\"><b>V\u00eddeo principal de la Campa\u00f1a: <\/b><a href=\"https:\/\/www.youtube.com\/results?search_query=%23SENTIRSEUNOM%C3%81S\"><span class=\"s2\"><b>#SENTIRSEUNOM\u00c1S<\/b><\/span><\/a><b>. <\/b><\/p>\n<p class=\"p2\">Una vez ya incorporados de las vacaciones estivales y en el mes de septiembre se dio a conocer el <b>v\u00eddeo de reflexi\u00f3n y trabajo de la Campa\u00f1a<\/b>: <a href=\"https:\/\/www.youtube.com\/results?search_query=%23SENTIRSEUNOM%C3%81S\"><span class=\"s2\">#SENTIRSEUNOM\u00c1S<\/span><\/a>, que aborda las pobrezas desde diferentes perspectivas, tambi\u00e9n las emocionales y anima a comenzar<span class=\"Apple-converted-space\">\u00a0 <\/span>a <b>distinguirnos<\/b> para que con nuestras acciones alguien logre <a href=\"https:\/\/www.youtube.com\/results?search_query=%23DECIRYOPUEDO\"><span class=\"s2\">#DECIRYOPUEDO<\/span><\/a>, <a href=\"https:\/\/www.youtube.com\/results?search_query=%23MIRARHACIADELANTE\"><span class=\"s2\">#MIRARHACIADELANTE<\/span><\/a>, <a href=\"https:\/\/www.youtube.com\/results?search_query=%23SENTIRSEUNOM%C3%81S\"><span class=\"s2\">#SENTIRSEUNOM\u00c1S<\/span><\/a>, <a href=\"https:\/\/www.youtube.com\/results?search_query=%23SUPERARSUSL%C3%8DMITES\"><span class=\"s2\">#SUPERARSUSL\u00cdMITES<\/span><\/a>, porque en Salesiano, \u00abPrimero, los \u00faltimos, para que todas y todos podamos ser los primeros\u00bb.<\/p>\n<p class=\"p2\"><b>La web como referente de los contenidos de la Campa\u00f1a<\/b><\/p>\n<p class=\"p2\">En <a href=\"https:\/\/www.primerolosultimos.org\/\"><span class=\"s2\">https:\/\/www.primerolosultimos.org\/<\/span><\/a> se pueden encontrar todos los contenidos de la Campa\u00f1a organizados en el siguiente men\u00fa: <b>Campa\u00f1a, Materiales, Actividades de sensibilizaci\u00f3n, Concurso de cortos y v\u00eddeos, Contacto<\/b>, y en breve la secci\u00f3n <b>\u201cEl v\u00eddeo de tu casa\u201d.<\/b><\/p>\n<p class=\"p2\">Los \u00faltimos materiales subidos a la son las <b>actividades de sensibilizaci\u00f3n<\/b> para realizar en los diferentes centros educativos. Se dividen por franjas de edad y ya os los pod\u00e9is descargar:<\/p>\n<ol class=\"ol1\">\n<li class=\"li3\"><span class=\"s3\"><a href=\"https:\/\/www.primerolosultimos.org\/actividades-3-a-5\/\"><span class=\"s4\">Gu\u00eda actividades para infantil (3 a 5 a\u00f1os)<\/span><\/a> <\/span><\/li>\n<li class=\"li4\"><span class=\"s3\"><a href=\"https:\/\/www.primerolosultimos.org\/actividades-6-a-7\/\"><span class=\"s5\">Gu\u00eda actividades para ni\u00f1os\/as (6 a 7 a\u00f1os)<\/span><\/a><\/span><\/li>\n<li class=\"li4\"><span class=\"s6\"><a href=\"https:\/\/www.primerolosultimos.org\/actividades-8-a-9\/\"><span class=\"s5\">Gu\u00eda actividades para ni\u00f1os\/as (8 a 9 a\u00f1os)<\/span><\/a><\/span><\/li>\n<li class=\"li4\"><span class=\"s6\"><a href=\"https:\/\/www.primerolosultimos.org\/actividades-10-a-11\/\"><span class=\"s5\">Gu\u00eda actividades para ni\u00f1os\/as (10 a 11 a\u00f1os)<\/span><\/a><\/span><\/li>\n<li class=\"li4\"><span class=\"s6\"><a href=\"https:\/\/www.primerolosultimos.org\/actividades-12-a-15\/\"><span class=\"s5\">Gu\u00eda actividades para adolescentes (12 a 15 a\u00f1os)<\/span><\/a><\/span><\/li>\n<li class=\"li4\"><span class=\"s6\"><a href=\"https:\/\/www.primerolosultimos.org\/actividades-16-a-18\/\"><span class=\"s5\">Gu\u00eda actividades para j\u00f3venes (16 a 18 a\u00f1os)<\/span><\/a><\/span><\/li>\n<\/ol>\n<p>[\/et_pb_text][et_pb_video _builder_version=\u00bb3.13.1&#8243; src=\u00bbhttps:\/\/youtu.be\/iJpQtkr2E6Y\u00bb \/][\/et_pb_column][\/et_pb_row][\/et_pb_section]<\/p>\n","protected":false},"excerpt":{"rendered":"<p><div class=\"et_pb_row et_pb_row_0 et_pb_row_empty\">\n\t\t\t\t\n\t\t\t\t\n\t\t\t\t\n\t\t\t\t\n\t\t\t\t\n\t\t\t<\/div> Xavier Costa. Con el sublema \u201cDios no quiere que se pierda ni uno s\u00f3lo de estos peque\u00f1os\u201d (Mt. 18, 12 \u2013 14), est\u00e1 centrada en las pobrezas infantiles y juveniles de nuestro entorno. A finales del curso pasado, por all\u00e1 en el mes de junio, un v\u00eddeo se hac\u00eda viral en las redes sociales [&hellip;]<\/p>\n","protected":false},"author":5,"featured_media":8720,"comment_status":"open","ping_status":"closed","sticky":false,"template":"","format":"standard","meta":{"_et_pb_use_builder":"on","_et_pb_old_content":"<p class=\"p2\"><i>Xavier Costa. <\/i><\/p><p class=\"p2\"><i>Con el sublema \u201cDios no quiere que se pierda ni uno s\u00f3lo de estos peque\u00f1os\u201d (Mt. 18, 12 \u2013 14), est\u00e1 centrada en las pobrezas infantiles y juveniles de nuestro entorno.<\/i><\/p><p class=\"p2\">A finales del curso pasado, por all\u00e1 en el mes de junio, <b>un v\u00eddeo<\/b> <b>se hac\u00eda viral<\/b> en las redes sociales salesianas y en los grupos de whatssap anunciando la <b>Campa\u00f1a Inspectorial 2018-19 \u201cPrimero, los \u00faltimos<\/b>\u201d. Caras conocidas de nuestros referentes salesianos en diferentes ambientes la animaban. Al frente, \u00c1ngel Asurmendi, el Provincial de nuestra Inspector\u00eda.<\/p><p class=\"p2\">\u00c1ngel explica que la Campa\u00f1a \u201cnos impulsa a ir all\u00ed donde todav\u00eda no reciban atenci\u00f3n las necesidades y demandas de los j\u00f3venes, en especial, <b>los m\u00e1s pobres y en mayor riesgo de exclusi\u00f3n<\/b>.<\/p><p class=\"p2\">Y a\u00f1ade, \u201cponernos en \u201cmodo campa\u00f1a\u201d implica, pues, un renovado esp\u00edritu misionero para <b>caminar junto a los ni\u00f1os, adolescentes y j\u00f3venes<\/b> de nuestras casas salesianas a fin de acogerlos, devolverles la palabra y ayudarlos a encontrarse a s\u00ed mismos, acompa\u00f1\u00e1ndolos con paciencia y afecto a lo largo del camino de recuperaci\u00f3n de sus valores y confianza\u201d.<\/p><p><img class=\"alignnone size-medium wp-image-8719\" src=\"https:\/\/www.salesianos.edu\/revistasmx\/wp-content\/uploads\/sites\/8\/2018\/10\/20180609CInsp-300x170.jpg\" alt=\"\" width=\"300\" height=\"170\" \/><\/p><p class=\"p2\"><b>Objetivo de la Campa\u00f1a y sus destinatarios<\/b><\/p><p class=\"p2\">El <b>Objetivo<\/b> es claro: Optar preferentemente por los j\u00f3venes en riesgo de exclusi\u00f3n.<\/p><p class=\"p2\"><b>\u00bfC\u00f3mo?<\/b><\/p><ol class=\"ol1\"><li class=\"li2\"><span class=\"s1\">1. <\/span><b>Sensibilizando<\/b> sobre las situaciones de pobreza y exclusi\u00f3n de los destinatarios de todos los ambientes de cada Obra, y dando respuestas concretas.<\/li><li class=\"li2\"><span class=\"s1\">2. <\/span> <b>Coordinando<\/b> la acci\u00f3n y el apoyo mutuo entre los diversos ambientes de la Obra en la atenci\u00f3n a los ni\u00f1os, adolescentes y j\u00f3venes en riesgo de exclusi\u00f3n.<\/li><li class=\"li2\"><span class=\"s1\">3. <\/span> <b>Fomentando<\/b> nuevas iniciativas de inclusi\u00f3n social, con el impulso y la implicaci\u00f3n de la comunidad educativo-pastoral.<\/li><\/ol><p class=\"p2\">La campa\u00f1a estar\u00e1 centrada en las <b>pobrezas infantiles y juveniles<\/b> de la propia zona, obra y ambiente, y va dirigida a todos los Salesianos, agentes pastorales y educativos y a todos los destinatarios de todas las obras y de todos los ambientes.<\/p><p><img class=\"alignnone size-medium wp-image-8722\" src=\"https:\/\/www.salesianos.edu\/revistasmx\/wp-content\/uploads\/sites\/8\/2018\/10\/20180609CInsp3-300x169.jpg\" alt=\"\" width=\"300\" height=\"169\" \/><\/p><p class=\"p2\"><b>Los Consejos de obra como dinamizadores de la Campa\u00f1a<\/b><\/p><p class=\"p2\">Tambi\u00e9n a finales de junio y principios de julio, en la reuni\u00f3n de los diferentes Consejos de Obra se present\u00f3 la Campa\u00f1a a trav\u00e9s de la web <a href=\"https:\/\/www.primerolosultimos.org\/\"><span class=\"s2\">https:\/\/www.primerolosultimos.org\/<\/span><\/a>. Se les confi\u00f3 la dinamizaci\u00f3n y la transversalidad de la Campa\u00f1a en su presencia salesiana.<\/p><p class=\"p2\">La Campa\u00f1a est\u00e1 dividida en tres grandes bloques; <b>Escuchar<\/b>, <b>Comprender<\/b> y <b>Proponer<\/b>. En este hiperv\u00ednculo se puede acceder al tutorial explicativo de la Campa\u00f1a <a href=\"https:\/\/www.primerolosultimos.org\/tutorial-explicativo\/\"><span class=\"s2\">https:\/\/www.primerolosultimos.org\/tutorial-explicativo\/<\/span><\/a><\/p><p class=\"p2\"><b>V\u00eddeo principal de la Campa\u00f1a: <\/b><a href=\"https:\/\/www.youtube.com\/results?search_query=%23SENTIRSEUNOM%C3%81S\"><span class=\"s2\"><b>#SENTIRSEUNOM\u00c1S<\/b><\/span><\/a><b>. <\/b><\/p><p class=\"p2\">Una vez ya incorporados de las vacaciones estivales y en el mes de septiembre se dio a conocer el <b>v\u00eddeo de reflexi\u00f3n y trabajo de la Campa\u00f1a<\/b>: <a href=\"https:\/\/www.youtube.com\/results?search_query=%23SENTIRSEUNOM%C3%81S\"><span class=\"s2\">#SENTIRSEUNOM\u00c1S<\/span><\/a>, que aborda las pobrezas desde diferentes perspectivas, tambi\u00e9n las emocionales y anima a comenzar<span class=\"Apple-converted-space\">\u00a0 <\/span>a <b>distinguirnos<\/b> para que con nuestras acciones alguien logre <a href=\"https:\/\/www.youtube.com\/results?search_query=%23DECIRYOPUEDO\"><span class=\"s2\">#DECIRYOPUEDO<\/span><\/a>, <a href=\"https:\/\/www.youtube.com\/results?search_query=%23MIRARHACIADELANTE\"><span class=\"s2\">#MIRARHACIADELANTE<\/span><\/a>, <a href=\"https:\/\/www.youtube.com\/results?search_query=%23SENTIRSEUNOM%C3%81S\"><span class=\"s2\">#SENTIRSEUNOM\u00c1S<\/span><\/a>, <a href=\"https:\/\/www.youtube.com\/results?search_query=%23SUPERARSUSL%C3%8DMITES\"><span class=\"s2\">#SUPERARSUSL\u00cdMITES<\/span><\/a>, porque en Salesiano, \"Primero, los \u00faltimos, para que todas y todos podamos ser los primeros\".<\/p><p class=\"p2\">Incrustar v\u00eddeo<\/p><p class=\"p2\"><b>La web como referente de los contenidos de la Campa\u00f1a<\/b><\/p><p class=\"p2\">En <a href=\"https:\/\/www.primerolosultimos.org\/\"><span class=\"s2\">https:\/\/www.primerolosultimos.org\/<\/span><\/a> se pueden encontrar todos los contenidos de la Campa\u00f1a organizados en el siguiente men\u00fa: <b>Campa\u00f1a, Materiales, Actividades de sensibilizaci\u00f3n, Concurso de cortos y v\u00eddeos, Contacto<\/b>, y en breve la secci\u00f3n <b>\u201cEl v\u00eddeo de tu casa\u201d.<\/b><\/p><p class=\"p2\">Los \u00faltimos materiales subidos a la son las <b>actividades de sensibilizaci\u00f3n<\/b> para realizar en los diferentes centros educativos. Se dividen por franjas de edad y ya os los pod\u00e9is descargar:<\/p><ol class=\"ol1\"><li class=\"li3\"><span class=\"s3\">1. <a href=\"https:\/\/www.primerolosultimos.org\/actividades-3-a-5\/\"><span class=\"s4\">Gu\u00eda actividades para infantil (3 a 5 a\u00f1os)<\/span><\/a> <\/span><\/li><li class=\"li4\"><span class=\"s3\">2. <a href=\"https:\/\/www.primerolosultimos.org\/actividades-6-a-7\/\"><span class=\"s5\">Gu\u00eda actividades para ni\u00f1os\/as (6 a 7 a\u00f1os)<\/span><\/a><\/span><\/li><li class=\"li4\"><span class=\"s6\">3. <a href=\"https:\/\/www.primerolosultimos.org\/actividades-8-a-9\/\"><span class=\"s5\">Gu\u00eda actividades para ni\u00f1os\/as (8 a 9 a\u00f1os)<\/span><\/a><\/span><\/li><li class=\"li4\"><span class=\"s6\">4. <a href=\"https:\/\/www.primerolosultimos.org\/actividades-10-a-11\/\"><span class=\"s5\">Gu\u00eda actividades para ni\u00f1os\/as (10 a 11 a\u00f1os)<\/span><\/a><\/span><\/li><li class=\"li4\"><span class=\"s6\">5. <a href=\"https:\/\/www.primerolosultimos.org\/actividades-12-a-15\/\"><span class=\"s5\">Gu\u00eda actividades para adolescentes (12 a 15 a\u00f1os)<\/span><\/a><\/span><\/li><li class=\"li4\"><span class=\"s6\">6. <a href=\"https:\/\/www.primerolosultimos.org\/actividades-16-a-18\/\"><span class=\"s5\">Gu\u00eda actividades para j\u00f3venes (16 a 18 a\u00f1os)<\/span><\/a><\/span><\/li><\/ol>","_et_gb_content_width":"","footnotes":""},"categories":[34],"tags":[162],"class_list":["post-8710","post","type-post","status-publish","format-standard","has-post-thumbnail","hentry","category-a-fondo","tag-smx40-es"],"yoast_head":"<!-- This site is optimized with the Yoast SEO plugin v27.5 - https:\/\/yoast.com\/product\/yoast-seo-wordpress\/ -->\n<title>La Inspector\u00eda se vuelca con la Campa\u00f1a \u201cPrimero, los \u00faltimos\u201d - Revista SMX<\/title>\n<meta name=\"robots\" content=\"index, follow, max-snippet:-1, max-image-preview:large, max-video-preview:-1\" \/>\n<link rel=\"canonical\" href=\"http:\/\/www.salesianos.edu\/revistasmx\/la-inspectoria-se-vuelca-con-la-campana-primero-los-ultimos\/\" \/>\n<meta property=\"og:locale\" content=\"es_ES\" \/>\n<meta property=\"og:type\" content=\"article\" \/>\n<meta property=\"og:title\" content=\"La Inspector\u00eda se vuelca con la Campa\u00f1a \u201cPrimero, los \u00faltimos\u201d - Revista SMX\" \/>\n<meta property=\"og:description\" content=\"Titulo p\u00e1ginas Subtitulo 1 Lorem Ipsum es simplemente el texto de relleno de las imprentas y archivos de texto. Lorem Ipsum ha sido el texto de relleno est\u00e1ndar de las industrias desde el a\u00f1o 1500, cuando un impresor (N. del T. persona que se dedica a la imprenta) desconocido us\u00f3 una galer\u00eda de textos y [&hellip;]\" \/>\n<meta property=\"og:url\" content=\"http:\/\/www.salesianos.edu\/revistasmx\/la-inspectoria-se-vuelca-con-la-campana-primero-los-ultimos\/\" \/>\n<meta property=\"og:site_name\" content=\"Revista SMX\" \/>\n<meta property=\"article:published_time\" content=\"2018-09-24T08:15:47+00:00\" \/>\n<meta property=\"article:modified_time\" content=\"2018-11-12T17:31:49+00:00\" \/>\n<meta property=\"og:image\" content=\"http:\/\/www.salesianos.edu\/revistasmx\/wp-content\/uploads\/sites\/8\/2018\/10\/20180609CInsp1.jpg\" \/>\n\t<meta property=\"og:image:width\" content=\"1102\" \/>\n\t<meta property=\"og:image:height\" content=\"622\" \/>\n\t<meta property=\"og:image:type\" content=\"image\/jpeg\" \/>\n<meta name=\"author\" content=\"martapeirat\" \/>\n<meta name=\"twitter:card\" content=\"summary_large_image\" \/>\n<meta name=\"twitter:label1\" content=\"Escrito por\" \/>\n\t<meta name=\"twitter:data1\" content=\"martapeirat\" \/>\n\t<meta name=\"twitter:label2\" content=\"Tiempo de lectura\" \/>\n\t<meta name=\"twitter:data2\" content=\"4 minutos\" \/>\n<script type=\"application\/ld+json\" class=\"yoast-schema-graph\">{\"@context\":\"https:\\\/\\\/schema.org\",\"@graph\":[{\"@type\":\"Article\",\"@id\":\"http:\\\/\\\/www.salesianos.edu\\\/revistasmx\\\/la-inspectoria-se-vuelca-con-la-campana-primero-los-ultimos\\\/#article\",\"isPartOf\":{\"@id\":\"http:\\\/\\\/www.salesianos.edu\\\/revistasmx\\\/la-inspectoria-se-vuelca-con-la-campana-primero-los-ultimos\\\/\"},\"author\":{\"name\":\"martapeirat\",\"@id\":\"http:\\\/\\\/www.salesianos.edu\\\/revistasmx\\\/#\\\/schema\\\/person\\\/20a80be1bb4e0ed82068c57facf5b237\"},\"headline\":\"La Inspector\u00eda se vuelca con la Campa\u00f1a \u201cPrimero, los \u00faltimos\u201d\",\"datePublished\":\"2018-09-24T08:15:47+00:00\",\"dateModified\":\"2018-11-12T17:31:49+00:00\",\"mainEntityOfPage\":{\"@id\":\"http:\\\/\\\/www.salesianos.edu\\\/revistasmx\\\/la-inspectoria-se-vuelca-con-la-campana-primero-los-ultimos\\\/\"},\"wordCount\":722,\"commentCount\":0,\"image\":{\"@id\":\"http:\\\/\\\/www.salesianos.edu\\\/revistasmx\\\/la-inspectoria-se-vuelca-con-la-campana-primero-los-ultimos\\\/#primaryimage\"},\"thumbnailUrl\":\"http:\\\/\\\/www.salesianos.edu\\\/revistasmx\\\/wp-content\\\/uploads\\\/sites\\\/8\\\/2018\\\/10\\\/20180609CInsp1.jpg\",\"keywords\":[\"smx40\"],\"articleSection\":[\"A FONDO\"],\"inLanguage\":\"es\",\"potentialAction\":[{\"@type\":\"CommentAction\",\"name\":\"Comment\",\"target\":[\"http:\\\/\\\/www.salesianos.edu\\\/revistasmx\\\/la-inspectoria-se-vuelca-con-la-campana-primero-los-ultimos\\\/#respond\"]}]},{\"@type\":\"WebPage\",\"@id\":\"http:\\\/\\\/www.salesianos.edu\\\/revistasmx\\\/la-inspectoria-se-vuelca-con-la-campana-primero-los-ultimos\\\/\",\"url\":\"http:\\\/\\\/www.salesianos.edu\\\/revistasmx\\\/la-inspectoria-se-vuelca-con-la-campana-primero-los-ultimos\\\/\",\"name\":\"La Inspector\u00eda se vuelca con la Campa\u00f1a \u201cPrimero, los \u00faltimos\u201d - Revista SMX\",\"isPartOf\":{\"@id\":\"http:\\\/\\\/www.salesianos.edu\\\/revistasmx\\\/#website\"},\"primaryImageOfPage\":{\"@id\":\"http:\\\/\\\/www.salesianos.edu\\\/revistasmx\\\/la-inspectoria-se-vuelca-con-la-campana-primero-los-ultimos\\\/#primaryimage\"},\"image\":{\"@id\":\"http:\\\/\\\/www.salesianos.edu\\\/revistasmx\\\/la-inspectoria-se-vuelca-con-la-campana-primero-los-ultimos\\\/#primaryimage\"},\"thumbnailUrl\":\"http:\\\/\\\/www.salesianos.edu\\\/revistasmx\\\/wp-content\\\/uploads\\\/sites\\\/8\\\/2018\\\/10\\\/20180609CInsp1.jpg\",\"datePublished\":\"2018-09-24T08:15:47+00:00\",\"dateModified\":\"2018-11-12T17:31:49+00:00\",\"author\":{\"@id\":\"http:\\\/\\\/www.salesianos.edu\\\/revistasmx\\\/#\\\/schema\\\/person\\\/20a80be1bb4e0ed82068c57facf5b237\"},\"breadcrumb\":{\"@id\":\"http:\\\/\\\/www.salesianos.edu\\\/revistasmx\\\/la-inspectoria-se-vuelca-con-la-campana-primero-los-ultimos\\\/#breadcrumb\"},\"inLanguage\":\"es\",\"potentialAction\":[{\"@type\":\"ReadAction\",\"target\":[\"http:\\\/\\\/www.salesianos.edu\\\/revistasmx\\\/la-inspectoria-se-vuelca-con-la-campana-primero-los-ultimos\\\/\"]}]},{\"@type\":\"ImageObject\",\"inLanguage\":\"es\",\"@id\":\"http:\\\/\\\/www.salesianos.edu\\\/revistasmx\\\/la-inspectoria-se-vuelca-con-la-campana-primero-los-ultimos\\\/#primaryimage\",\"url\":\"http:\\\/\\\/www.salesianos.edu\\\/revistasmx\\\/wp-content\\\/uploads\\\/sites\\\/8\\\/2018\\\/10\\\/20180609CInsp1.jpg\",\"contentUrl\":\"http:\\\/\\\/www.salesianos.edu\\\/revistasmx\\\/wp-content\\\/uploads\\\/sites\\\/8\\\/2018\\\/10\\\/20180609CInsp1.jpg\",\"width\":1102,\"height\":622},{\"@type\":\"BreadcrumbList\",\"@id\":\"http:\\\/\\\/www.salesianos.edu\\\/revistasmx\\\/la-inspectoria-se-vuelca-con-la-campana-primero-los-ultimos\\\/#breadcrumb\",\"itemListElement\":[{\"@type\":\"ListItem\",\"position\":1,\"name\":\"Portada\",\"item\":\"http:\\\/\\\/www.salesianos.edu\\\/revistasmx\\\/\"},{\"@type\":\"ListItem\",\"position\":2,\"name\":\"La Inspector\u00eda se vuelca con la Campa\u00f1a \u201cPrimero, los \u00faltimos\u201d\"}]},{\"@type\":\"WebSite\",\"@id\":\"http:\\\/\\\/www.salesianos.edu\\\/revistasmx\\\/#website\",\"url\":\"http:\\\/\\\/www.salesianos.edu\\\/revistasmx\\\/\",\"name\":\"Revista SMX\",\"description\":\"P\u00e1gina oficial de Inspector\u00eda Salesiana Mar\u00eda Auxiliadora\",\"potentialAction\":[{\"@type\":\"SearchAction\",\"target\":{\"@type\":\"EntryPoint\",\"urlTemplate\":\"http:\\\/\\\/www.salesianos.edu\\\/revistasmx\\\/?s={search_term_string}\"},\"query-input\":{\"@type\":\"PropertyValueSpecification\",\"valueRequired\":true,\"valueName\":\"search_term_string\"}}],\"inLanguage\":\"es\"},{\"@type\":\"Person\",\"@id\":\"http:\\\/\\\/www.salesianos.edu\\\/revistasmx\\\/#\\\/schema\\\/person\\\/20a80be1bb4e0ed82068c57facf5b237\",\"name\":\"martapeirat\",\"image\":{\"@type\":\"ImageObject\",\"inLanguage\":\"es\",\"@id\":\"https:\\\/\\\/secure.gravatar.com\\\/avatar\\\/1139b81b40ed1dde466563679597db378e7092bbfdd7ebb264c437fedde866d7?s=96&d=mm&r=g\",\"url\":\"https:\\\/\\\/secure.gravatar.com\\\/avatar\\\/1139b81b40ed1dde466563679597db378e7092bbfdd7ebb264c437fedde866d7?s=96&d=mm&r=g\",\"contentUrl\":\"https:\\\/\\\/secure.gravatar.com\\\/avatar\\\/1139b81b40ed1dde466563679597db378e7092bbfdd7ebb264c437fedde866d7?s=96&d=mm&r=g\",\"caption\":\"martapeirat\"}}]}<\/script>\n<!-- \/ Yoast SEO plugin. -->","yoast_head_json":{"title":"La Inspector\u00eda se vuelca con la Campa\u00f1a \u201cPrimero, los \u00faltimos\u201d - Revista SMX","robots":{"index":"index","follow":"follow","max-snippet":"max-snippet:-1","max-image-preview":"max-image-preview:large","max-video-preview":"max-video-preview:-1"},"canonical":"http:\/\/www.salesianos.edu\/revistasmx\/la-inspectoria-se-vuelca-con-la-campana-primero-los-ultimos\/","og_locale":"es_ES","og_type":"article","og_title":"La Inspector\u00eda se vuelca con la Campa\u00f1a \u201cPrimero, los \u00faltimos\u201d - Revista SMX","og_description":"Titulo p\u00e1ginas Subtitulo 1 Lorem Ipsum es simplemente el texto de relleno de las imprentas y archivos de texto. Lorem Ipsum ha sido el texto de relleno est\u00e1ndar de las industrias desde el a\u00f1o 1500, cuando un impresor (N. del T. persona que se dedica a la imprenta) desconocido us\u00f3 una galer\u00eda de textos y [&hellip;]","og_url":"http:\/\/www.salesianos.edu\/revistasmx\/la-inspectoria-se-vuelca-con-la-campana-primero-los-ultimos\/","og_site_name":"Revista SMX","article_published_time":"2018-09-24T08:15:47+00:00","article_modified_time":"2018-11-12T17:31:49+00:00","og_image":[{"width":1102,"height":622,"url":"http:\/\/www.salesianos.edu\/revistasmx\/wp-content\/uploads\/sites\/8\/2018\/10\/20180609CInsp1.jpg","type":"image\/jpeg"}],"author":"martapeirat","twitter_card":"summary_large_image","twitter_misc":{"Escrito por":"martapeirat","Tiempo de lectura":"4 minutos"},"schema":{"@context":"https:\/\/schema.org","@graph":[{"@type":"Article","@id":"http:\/\/www.salesianos.edu\/revistasmx\/la-inspectoria-se-vuelca-con-la-campana-primero-los-ultimos\/#article","isPartOf":{"@id":"http:\/\/www.salesianos.edu\/revistasmx\/la-inspectoria-se-vuelca-con-la-campana-primero-los-ultimos\/"},"author":{"name":"martapeirat","@id":"http:\/\/www.salesianos.edu\/revistasmx\/#\/schema\/person\/20a80be1bb4e0ed82068c57facf5b237"},"headline":"La Inspector\u00eda se vuelca con la Campa\u00f1a \u201cPrimero, los \u00faltimos\u201d","datePublished":"2018-09-24T08:15:47+00:00","dateModified":"2018-11-12T17:31:49+00:00","mainEntityOfPage":{"@id":"http:\/\/www.salesianos.edu\/revistasmx\/la-inspectoria-se-vuelca-con-la-campana-primero-los-ultimos\/"},"wordCount":722,"commentCount":0,"image":{"@id":"http:\/\/www.salesianos.edu\/revistasmx\/la-inspectoria-se-vuelca-con-la-campana-primero-los-ultimos\/#primaryimage"},"thumbnailUrl":"http:\/\/www.salesianos.edu\/revistasmx\/wp-content\/uploads\/sites\/8\/2018\/10\/20180609CInsp1.jpg","keywords":["smx40"],"articleSection":["A FONDO"],"inLanguage":"es","potentialAction":[{"@type":"CommentAction","name":"Comment","target":["http:\/\/www.salesianos.edu\/revistasmx\/la-inspectoria-se-vuelca-con-la-campana-primero-los-ultimos\/#respond"]}]},{"@type":"WebPage","@id":"http:\/\/www.salesianos.edu\/revistasmx\/la-inspectoria-se-vuelca-con-la-campana-primero-los-ultimos\/","url":"http:\/\/www.salesianos.edu\/revistasmx\/la-inspectoria-se-vuelca-con-la-campana-primero-los-ultimos\/","name":"La Inspector\u00eda se vuelca con la Campa\u00f1a \u201cPrimero, los \u00faltimos\u201d - Revista SMX","isPartOf":{"@id":"http:\/\/www.salesianos.edu\/revistasmx\/#website"},"primaryImageOfPage":{"@id":"http:\/\/www.salesianos.edu\/revistasmx\/la-inspectoria-se-vuelca-con-la-campana-primero-los-ultimos\/#primaryimage"},"image":{"@id":"http:\/\/www.salesianos.edu\/revistasmx\/la-inspectoria-se-vuelca-con-la-campana-primero-los-ultimos\/#primaryimage"},"thumbnailUrl":"http:\/\/www.salesianos.edu\/revistasmx\/wp-content\/uploads\/sites\/8\/2018\/10\/20180609CInsp1.jpg","datePublished":"2018-09-24T08:15:47+00:00","dateModified":"2018-11-12T17:31:49+00:00","author":{"@id":"http:\/\/www.salesianos.edu\/revistasmx\/#\/schema\/person\/20a80be1bb4e0ed82068c57facf5b237"},"breadcrumb":{"@id":"http:\/\/www.salesianos.edu\/revistasmx\/la-inspectoria-se-vuelca-con-la-campana-primero-los-ultimos\/#breadcrumb"},"inLanguage":"es","potentialAction":[{"@type":"ReadAction","target":["http:\/\/www.salesianos.edu\/revistasmx\/la-inspectoria-se-vuelca-con-la-campana-primero-los-ultimos\/"]}]},{"@type":"ImageObject","inLanguage":"es","@id":"http:\/\/www.salesianos.edu\/revistasmx\/la-inspectoria-se-vuelca-con-la-campana-primero-los-ultimos\/#primaryimage","url":"http:\/\/www.salesianos.edu\/revistasmx\/wp-content\/uploads\/sites\/8\/2018\/10\/20180609CInsp1.jpg","contentUrl":"http:\/\/www.salesianos.edu\/revistasmx\/wp-content\/uploads\/sites\/8\/2018\/10\/20180609CInsp1.jpg","width":1102,"height":622},{"@type":"BreadcrumbList","@id":"http:\/\/www.salesianos.edu\/revistasmx\/la-inspectoria-se-vuelca-con-la-campana-primero-los-ultimos\/#breadcrumb","itemListElement":[{"@type":"ListItem","position":1,"name":"Portada","item":"http:\/\/www.salesianos.edu\/revistasmx\/"},{"@type":"ListItem","position":2,"name":"La Inspector\u00eda se vuelca con la Campa\u00f1a \u201cPrimero, los \u00faltimos\u201d"}]},{"@type":"WebSite","@id":"http:\/\/www.salesianos.edu\/revistasmx\/#website","url":"http:\/\/www.salesianos.edu\/revistasmx\/","name":"Revista SMX","description":"P\u00e1gina oficial de Inspector\u00eda Salesiana Mar\u00eda Auxiliadora","potentialAction":[{"@type":"SearchAction","target":{"@type":"EntryPoint","urlTemplate":"http:\/\/www.salesianos.edu\/revistasmx\/?s={search_term_string}"},"query-input":{"@type":"PropertyValueSpecification","valueRequired":true,"valueName":"search_term_string"}}],"inLanguage":"es"},{"@type":"Person","@id":"http:\/\/www.salesianos.edu\/revistasmx\/#\/schema\/person\/20a80be1bb4e0ed82068c57facf5b237","name":"martapeirat","image":{"@type":"ImageObject","inLanguage":"es","@id":"https:\/\/secure.gravatar.com\/avatar\/1139b81b40ed1dde466563679597db378e7092bbfdd7ebb264c437fedde866d7?s=96&d=mm&r=g","url":"https:\/\/secure.gravatar.com\/avatar\/1139b81b40ed1dde466563679597db378e7092bbfdd7ebb264c437fedde866d7?s=96&d=mm&r=g","contentUrl":"https:\/\/secure.gravatar.com\/avatar\/1139b81b40ed1dde466563679597db378e7092bbfdd7ebb264c437fedde866d7?s=96&d=mm&r=g","caption":"martapeirat"}}]}},"_links":{"self":[{"href":"http:\/\/www.salesianos.edu\/revistasmx\/wp-json\/wp\/v2\/posts\/8710","targetHints":{"allow":["GET"]}}],"collection":[{"href":"http:\/\/www.salesianos.edu\/revistasmx\/wp-json\/wp\/v2\/posts"}],"about":[{"href":"http:\/\/www.salesianos.edu\/revistasmx\/wp-json\/wp\/v2\/types\/post"}],"author":[{"embeddable":true,"href":"http:\/\/www.salesianos.edu\/revistasmx\/wp-json\/wp\/v2\/users\/5"}],"replies":[{"embeddable":true,"href":"http:\/\/www.salesianos.edu\/revistasmx\/wp-json\/wp\/v2\/comments?post=8710"}],"version-history":[{"count":12,"href":"http:\/\/www.salesianos.edu\/revistasmx\/wp-json\/wp\/v2\/posts\/8710\/revisions"}],"predecessor-version":[{"id":9186,"href":"http:\/\/www.salesianos.edu\/revistasmx\/wp-json\/wp\/v2\/posts\/8710\/revisions\/9186"}],"wp:featuredmedia":[{"embeddable":true,"href":"http:\/\/www.salesianos.edu\/revistasmx\/wp-json\/wp\/v2\/media\/8720"}],"wp:attachment":[{"href":"http:\/\/www.salesianos.edu\/revistasmx\/wp-json\/wp\/v2\/media?parent=8710"}],"wp:term":[{"taxonomy":"category","embeddable":true,"href":"http:\/\/www.salesianos.edu\/revistasmx\/wp-json\/wp\/v2\/categories?post=8710"},{"taxonomy":"post_tag","embeddable":true,"href":"http:\/\/www.salesianos.edu\/revistasmx\/wp-json\/wp\/v2\/tags?post=8710"}],"curies":[{"name":"wp","href":"https:\/\/api.w.org\/{rel}","templated":true}]}}