{"id":19960,"date":"2023-03-03T11:30:16","date_gmt":"2023-03-03T10:30:16","guid":{"rendered":"https:\/\/www.salesianos.edu\/revistasmx\/?p=19960"},"modified":"2023-03-03T11:51:26","modified_gmt":"2023-03-03T10:51:26","slug":"la-comunicacio-salesiana-es-troba-en-madrid-tres-anys-despres","status":"publish","type":"post","link":"http:\/\/www.salesianos.edu\/revistasmx\/ca\/la-comunicacio-salesiana-es-troba-en-madrid-tres-anys-despres\/","title":{"rendered":"La comunicaci\u00f3 salesiana es retroba en Madrid tres anys despr\u00e9s"},"content":{"rendered":"<div id=\"fb-root\"><\/div>\n<p>[et_pb_section fb_built=\u00bb1&#8243; admin_label=\u00bbsection\u00bb _builder_version=\u00bb4.16&#8243; global_colors_info=\u00bb{}\u00bb][et_pb_row admin_label=\u00bbrow\u00bb _builder_version=\u00bb4.16&#8243; background_size=\u00bbinitial\u00bb background_position=\u00bbtop_left\u00bb background_repeat=\u00bbrepeat\u00bb global_colors_info=\u00bb{}\u00bb][et_pb_column type=\u00bb4_4&#8243; _builder_version=\u00bb4.16&#8243; custom_padding=\u00bb|||\u00bb global_colors_info=\u00bb{}\u00bb custom_padding__hover=\u00bb|||\u00bb][et_pb_text _builder_version=\u00bb4.20.0&#8243; _module_preset=\u00bbdefault\u00bb global_colors_info=\u00bb{}\u00bb]<\/p>\n<p><span style=\"font-weight: 400\">La novena Jornada nacional de comunicaci\u00f3 ha pres el pols a la realitat comunicativa de les cases salesianes amb la 9a jornada nacional de la comunicaci\u00f3 amb qu\u00e8 ha deixat enrere els anys de pand\u00e8mia i ha tornat a la presencialitat. L&#8217;1 de mar\u00e7 a Madrid, la darrera edici\u00f3 va convocar 90 responsables de comunicaci\u00f3, juntament amb directors de pres\u00e8ncies salesianes i col\u00b7legis, entre altres destinataris, van participar en aquesta edici\u00f3 que va ser guiada pel delegat nacional de comunicaci\u00f3 <\/span><b>Fco. Javier Valiente<\/b><span style=\"font-weight: 400\"> i el delegat inspectorial de SMX, <\/span><b>Carlos Mart\u00edn<\/b><span style=\"font-weight: 400\">.\u00a0<\/span><\/p>\n<p><span style=\"font-weight: 400\">La jornada que portava per t\u00edtol &#8216;Obrim camins: noves tend\u00e8ncies de la comunicaci\u00f3, compartint experi\u00e8ncies i dissenyant projectes per millorar la nostra comunicaci\u00f3 i pres\u00e8ncia salesiana a l&#8217;entorn digital&#8217; va tenir com a ponent principal a <\/span><b>Jordi Sanildefonso<\/b><span style=\"font-weight: 400\">, SEO de l&#8217;empresa Metricool, que va analitzar les Noves tend\u00e8ncies digitals i els reptes i oportunitats que ofereixen.\u00a0<\/span><\/p>\n<p><span style=\"font-weight: 400\">La trobada va servir per reflexionar sobre com integrar i adaptar aquestes tend\u00e8ncies a la tasca comunicadora del dia a dia. I tenir ocasi\u00f3 de comen\u00e7ar a treballar en una proposta formal d&#8217;educaci\u00f3 en comunicaci\u00f3, per als col\u00b7legis, aprofitant la possibilitat que ofereix la nova llei educativa. I aix\u00ed, continuar obrint camins per a la comunicaci\u00f3.\u00a0<\/span><\/p>\n<p>[\/et_pb_text][et_pb_cta title=\u00bbValoraci\u00f3 de la Jornada \u00bb _builder_version=\u00bb4.20.0&#8243; _module_preset=\u00bbdefault\u00bb hover_enabled=\u00bb0&#8243; global_colors_info=\u00bb{}\u00bb sticky_enabled=\u00bb0&#8243;]<\/p>\n<p><b><i><img loading=\"lazy\" decoding=\"async\" class=\"size-thumbnail wp-image-19982 alignleft\" src=\"http:\/\/www.salesianos.edu\/revistasmx\/wp-content\/uploads\/sites\/8\/2023\/03\/Captura-de-pantalla-2023-03-02-a-las-12.11.44-1-150x150.png\" alt=\"\" width=\"150\" height=\"150\" \/>Carlos Mart\u00edn, <\/i><\/b><i>delegat inspectorial de Comunicaci\u00f3 SMX\u00a0<\/i><\/p>\n<blockquote>\n<p><strong><em>La conclusi\u00f3 d&#8217;aquesta trobada \u00e9s molt positiva, no nom\u00e9s per all\u00f2 que hem viscut avui sin\u00f3 per tot all\u00f2 que portem sembrat en aquestes 9 edicions. Tenim clar d&#8217;on venim i on volem anar. Continuarem amb la premissa de continuar invertint en comunicaci\u00f3 i fent passos perqu\u00e8 volem que la comunicaci\u00f3 salesiana sigui una refer\u00e8ncia en les nostres pres\u00e8ncies gr\u00e0cies al treball en xarxa dels delegats locals.<\/em><\/strong><\/p>\n<\/blockquote>\n<p>[\/et_pb_cta][et_pb_cta title=\u00bbEl paper de la comunicaci\u00f3 per a l&#8217;Espanya Salesiana \u00bb _builder_version=\u00bb4.20.0&#8243; _module_preset=\u00bbdefault\u00bb hover_enabled=\u00bb0&#8243; global_colors_info=\u00bb{}\u00bb sticky_enabled=\u00bb0&#8243;]<\/p>\n<p><b><i><img loading=\"lazy\" decoding=\"async\" class=\"size-thumbnail wp-image-19978 alignright\" src=\"http:\/\/www.salesianos.edu\/revistasmx\/wp-content\/uploads\/sites\/8\/2023\/03\/Captura-de-pantalla-2023-03-02-a-las-12.13.30-1-150x150.png\" alt=\"\" width=\"150\" height=\"150\" \/>Javier Valiente, delegat nacional de Comunicaci\u00f3<\/i><\/b><span style=\"font-weight: 400\">\u00a0<\/span><\/p>\n<p><span style=\"font-weight: 400\">\u201cLa comunicaci\u00f3 per als salesians ens serveix per explicar la nostra vida, all\u00f2 que som, all\u00f2 que fem, i per estendre ponts i posar-nos en relaci\u00f3 utilitzant tots els canals possibles amb el nostre entorn. Com a instituci\u00f3 a nivell inspectorial o local ens serveix per posar-nos en relaci\u00f3 amb els nostres p\u00fablics, amb la fam\u00edlia salesiana, educadors, treballadors, amb les fam\u00edlies, altres entitats, administraci\u00f3 p\u00fablica, la societat en general. En aquesta l\u00ednia, un altre repte \u00e9s incidir en l&#8217;opini\u00f3 p\u00fablica, traslladar la nostra visi\u00f3 des del nostre \u00e9sser salesians i esgl\u00e9sia, per ajudar a construir un m\u00f3n segons la l\u00f2gica de l&#8217;evangeli. I a exemple de Don Bosco ens serveix tamb\u00e9 per posar el focus en la vida dels joves, donar-los veu i mobilitzar-se per treballar en favor especialment d\u2019aquells que pateixen m\u00e9s dificultat\u201d.\u00a0<\/span><\/p>\n<p>[\/et_pb_cta][et_pb_cta title=\u00bbQu\u00e8 ha aportat la comunicaci\u00f3 a la Inspectoria?\u00bb _builder_version=\u00bb4.20.0&#8243; _module_preset=\u00bbdefault\u00bb hover_enabled=\u00bb0&#8243; global_colors_info=\u00bb{}\u00bb sticky_enabled=\u00bb0&#8243;]<\/p>\n<p><b><i><img loading=\"lazy\" decoding=\"async\" class=\"size-thumbnail wp-image-19980 alignleft\" src=\"http:\/\/www.salesianos.edu\/revistasmx\/wp-content\/uploads\/sites\/8\/2023\/03\/Captura-de-pantalla-2023-03-02-a-las-12.13.00-1-150x150.png\" alt=\"\" width=\"150\" height=\"150\" \/>Josep Llu\u00eds Burguera, <\/i><\/b><i>antic delegat inspectorial de comunicaci\u00f3 SMX<\/i><\/p>\n<p><span style=\"font-weight: 400\">\u00a0<\/span><em><strong>\u201cAd intra ha millorat en coneixement entre tots els salesians, entre el que fem a casa nostra i a la Fam\u00edlia Salesiana i ad extra, tota la feina que s&#8217;ha fet amb la imatge corporativa, amb les xarxes socials, amb les p\u00e0gines web locals i amb els articles d&#8217;opini\u00f3 salesians sobre esdeveniments del m\u00f3n i la joventut. En aquest sentit, s&#8217;ha notat la inversi\u00f3 de la inspectoria en comunicaci\u00f3 perqu\u00e8 cada cop \u00e9s m\u00e9s professional, organitzada i efica\u00e7. Sent conscients que ocuparem un petit espai a l&#8217;opini\u00f3 p\u00fablica per\u00f2 que aquest petit espai cal saber com ocupar-lo b\u00e9, amb significativitat, per aportar a la societat el nostre granet de sorra\u201d.\u00a0<\/strong><\/em><\/p>\n<p>[\/et_pb_cta][et_pb_cta title=\u00bbPer qu\u00e8 \u00e9s imprescindible la comunicaci\u00f3 en una casa salesiana? \u00bb _builder_version=\u00bb4.20.0&#8243; _module_preset=\u00bbdefault\u00bb hover_enabled=\u00bb0&#8243; global_colors_info=\u00bb{}\u00bb sticky_enabled=\u00bb0&#8243;]<\/p>\n<p><b><i>Juan Miguel Salvador, <\/i><\/b><i>director titular de Salesians Ibi, participant a la Jornada de Comunicaci\u00f3 des de la primera edici\u00f3.<\/i><b><i><img loading=\"lazy\" decoding=\"async\" class=\"size-thumbnail wp-image-19981 alignright\" src=\"http:\/\/www.salesianos.edu\/revistasmx\/wp-content\/uploads\/sites\/8\/2023\/03\/Captura-de-pantalla-2023-03-02-a-las-12.11.53-1-150x150.png\" alt=\"\" width=\"150\" height=\"150\" \/><\/i><\/b><\/p>\n<blockquote>\n<p><em><strong>\u00abLa comunicaci\u00f3 \u00e9s un element primordial per establir un di\u00e0leg amb les nostres fam\u00edlies i promoure els valors que emanen de les nostres cases salesianes, que sigui fiable i que promulgui una mica la nostra idea d\u00b4educaci\u00f3 integral que oferim als infants i joves\u00bb.\u00a0<\/strong><\/em><\/p>\n<\/blockquote>\n<p>&nbsp;<\/p>\n<p><b><i><img loading=\"lazy\" decoding=\"async\" class=\"size-thumbnail wp-image-19983 alignleft\" src=\"http:\/\/www.salesianos.edu\/revistasmx\/wp-content\/uploads\/sites\/8\/2023\/03\/Captura-de-pantalla-2023-03-02-a-las-12.11.18-1-150x150.png\" alt=\"\" width=\"150\" height=\"150\" \/>Antonio Zaragoza, <\/i><\/b><i>director de la pres\u00e8ncia salesiana de El Campello, fidel a la Jornada de Comunicaci\u00f3\u00a0<\/i><\/p>\n<p><em><strong>\u201cConsidero que la jornada de comunicaci\u00f3 \u00e9s la base fonamental per seguir amb la feina de tot l&#8217;any amb l&#8217;equip de comunicaci\u00f3 per presentar a les nostres fam\u00edlies i a aquelles persones interessades en el projecte educatiu salesi\u00e0 de la casa salesiana de El Campello.\u00a0<\/strong><\/em><\/p>\n<p>[\/et_pb_cta][et_pb_cta title=\u00bbEl moment m\u00e9s valorat de la Jornada de Comunicaci\u00f3 \u00bb _builder_version=\u00bb4.20.0&#8243; _module_preset=\u00bbdefault\u00bb hover_enabled=\u00bb0&#8243; global_colors_info=\u00bb{}\u00bb sticky_enabled=\u00bb0&#8243;]<\/p>\n<p><b><i><img loading=\"lazy\" decoding=\"async\" class=\"size-thumbnail wp-image-19975 alignright\" src=\"http:\/\/www.salesianos.edu\/revistasmx\/wp-content\/uploads\/sites\/8\/2023\/03\/Captura-de-pantalla-2023-03-02-a-las-12.39.19-1-150x150.png\" alt=\"\" width=\"150\" height=\"150\" \/>Elena Mart\u00ednez de Salesians Soto del Real, <\/i><\/b><i>porta des de 2016 participant a la Jornada<\/i><\/p>\n<blockquote>\n<p><em><strong>\u201c\u00c9s molt important enriquir-nos a trav\u00e9s de les experi\u00e8ncies de comunicaci\u00f3 de les diferents escoles salesianes, especialment en els moments de compartir \u00e9s on realment sorgeixen idees noves. Les jornades de comunicaci\u00f3 s\u00f3n una experi\u00e8ncia extraordin\u00e0ria per compartir tot all\u00f2 que fem en l&#8217;\u00e0mbit de la comunicaci\u00f3\u201d.\u00a0<\/strong><\/em><\/p>\n<\/blockquote>\n<p>&nbsp;<\/p>\n<p><b><i>Jerem\u00edas Gonz\u00e1lez, <\/i><\/b><i>des de Salesians La Cuesta en la seva vuitena jornada<\/i><b><i><img loading=\"lazy\" decoding=\"async\" class=\"size-thumbnail wp-image-19974 alignright\" src=\"http:\/\/www.salesianos.edu\/revistasmx\/wp-content\/uploads\/sites\/8\/2023\/03\/Captura-de-pantalla-2023-03-02-a-las-12.41.38-1-150x150.png\" alt=\"\" width=\"150\" height=\"150\" \/><\/i><\/b><\/p>\n<p><em><strong>\u00a0\u201cCom a educador salesi\u00e0 aquesta jornada cada any m&#8217;ajuda a construir i refor\u00e7ar la identitat pr\u00f2pia de la comunicaci\u00f3, cohesionar i generar un sentiment de pertinen\u00e7a des d&#8217;un punt de vista local i amb la inspectoria i, per \u00faltim, con\u00e8ixer referents en el camp de la comunicaci\u00f3 i l&#8217;educaci\u00f3\u201d.\u00a0<\/strong><\/em><\/p>\n<p>&nbsp;<\/p>\n<p><b><i><img loading=\"lazy\" decoding=\"async\" class=\"size-thumbnail wp-image-19973 alignleft\" src=\"http:\/\/www.salesianos.edu\/revistasmx\/wp-content\/uploads\/sites\/8\/2023\/03\/Captura-de-pantalla-2023-03-02-a-las-12.43.41-1-150x150.png\" alt=\"\" width=\"150\" height=\"150\" \/>Ruth Gonz\u00e1lez, <\/i><\/b><i>mestra de Salesians Ourense<\/i><i>\u00a0<\/i><\/p>\n<p><strong>\u201cAquesta jornada sempre convida a compartir experi\u00e8ncies des de l&#8217;\u00e0mbit local, els tallers s\u00f3n molt interessants i m&#8217;han ajudat molt a l&#8217;hora de dur a terme la meva tasca d&#8217;educaci\u00f3 i comunicaci\u00f3 a la casa salesiana. Crec que la comunicaci\u00f3 \u00e9s una part essencial del nostre carisma salesi\u00e0, som una fam\u00edlia carism\u00e0tica a nivell mundial i vivim interconnectats. Aix\u00f2 ens fa m\u00e9s forts si ens escoltem els uns als altres. El m\u00f3n digital i les xarxes \u00e9s una realitat on s\u00f3n els joves, i \u00e9s un magn\u00edfic espai per evangelitzar\u201d.\u00a0<\/strong><\/p>\n<p><span style=\"font-weight: 400\">La desena Jornada Nacional de Comunicaci\u00f3 que ser\u00e0 el 2024 promet posar el colof\u00f3 a deu anys d&#8217;inversi\u00f3 salesiana en comunicaci\u00f3 i impulsar les pres\u00e8ncies salesianes continuar apostant per la comunicaci\u00f3.\u00a0<\/span><\/p>\n<p>[\/et_pb_cta][\/et_pb_column][\/et_pb_row][et_pb_row column_structure=\u00bb1_2,1_2&#8243; _builder_version=\u00bb4.20.0&#8243; _module_preset=\u00bbdefault\u00bb global_colors_info=\u00bb{}\u00bb][et_pb_column type=\u00bb1_2&#8243; _builder_version=\u00bb4.20.0&#8243; _module_preset=\u00bbdefault\u00bb global_colors_info=\u00bb{}\u00bb][et_pb_button button_url=\u00bbhttps:\/\/photos.google.com\/share\/AF1QipNKjRPhO-5k0iA2lPS2tSObE4yewKxwKmmG6kYbyokNTyr52m6P3Ae3dI1U9Bm8-w?key=TDN1T3FMSy1ncE43elJKUnZhbUQ3UVRNLTkta2N3&#8243; button_text=\u00bbVore m\u00e9s fotos\u00bb button_alignment=\u00bbcenter\u00bb _builder_version=\u00bb4.20.0&#8243; _module_preset=\u00bbdefault\u00bb custom_button=\u00bbon\u00bb button_text_color=\u00bb#FFFFFF\u00bb button_bg_color=\u00bb#DC001B\u00bb global_colors_info=\u00bb{}\u00bb][\/et_pb_button][\/et_pb_column][et_pb_column type=\u00bb1_2&#8243; _builder_version=\u00bb4.20.0&#8243; _module_preset=\u00bbdefault\u00bb global_colors_info=\u00bb{}\u00bb][et_pb_button button_url=\u00bbhttps:\/\/salesianos.info\/jornadadecomunicacion\/\u00bb button_text=\u00bbDescarrega els materials\u00bb button_alignment=\u00bbcenter\u00bb _builder_version=\u00bb4.20.0&#8243; _module_preset=\u00bbdefault\u00bb custom_button=\u00bbon\u00bb button_text_color=\u00bb#FFFFFF\u00bb button_bg_color=\u00bb#DC001B\u00bb global_colors_info=\u00bb{}\u00bb][\/et_pb_button][\/et_pb_column][\/et_pb_row][\/et_pb_section]<\/p>\n","protected":false},"excerpt":{"rendered":"<p>La 9\u00aa Jornada Nacional de Comunicaci\u00f3 ha reunit a 90 responsables de comunicaci\u00f3 que han conegut els nous reptes comunicatius.<\/p>\n","protected":false},"author":5,"featured_media":19946,"comment_status":"open","ping_status":"closed","sticky":false,"template":"","format":"standard","meta":{"_et_pb_use_builder":"on","_et_pb_old_content":"","_et_gb_content_width":"","footnotes":""},"categories":[53],"tags":[],"class_list":["post-19960","post","type-post","status-publish","format-standard","has-post-thumbnail","hentry","category-a-fons"],"yoast_head":"<!-- This site is optimized with the Yoast SEO plugin v27.5 - https:\/\/yoast.com\/product\/yoast-seo-wordpress\/ -->\n<title>La comunicaci\u00f3 salesiana es retroba en Madrid tres anys despr\u00e9s - Revista SMX<\/title>\n<meta name=\"robots\" content=\"index, follow, max-snippet:-1, max-image-preview:large, max-video-preview:-1\" \/>\n<link rel=\"canonical\" href=\"http:\/\/www.salesianos.edu\/revistasmx\/ca\/la-comunicacio-salesiana-es-troba-en-madrid-tres-anys-despres\/\" \/>\n<meta property=\"og:locale\" content=\"es_ES\" \/>\n<meta property=\"og:type\" content=\"article\" \/>\n<meta property=\"og:title\" content=\"La comunicaci\u00f3 salesiana es retroba en Madrid tres anys despr\u00e9s - Revista SMX\" \/>\n<meta property=\"og:description\" content=\"La 9\u00aa Jornada Nacional de Comunicaci\u00f3 ha reunit a 90 responsables de comunicaci\u00f3 que han conegut els nous reptes comunicatius.\" \/>\n<meta property=\"og:url\" content=\"http:\/\/www.salesianos.edu\/revistasmx\/ca\/la-comunicacio-salesiana-es-troba-en-madrid-tres-anys-despres\/\" \/>\n<meta property=\"og:site_name\" content=\"Revista SMX\" \/>\n<meta property=\"article:published_time\" content=\"2023-03-03T10:30:16+00:00\" \/>\n<meta property=\"article:modified_time\" content=\"2023-03-03T10:51:26+00:00\" \/>\n<meta property=\"og:image\" content=\"http:\/\/www.salesianos.edu\/revistasmx\/wp-content\/uploads\/sites\/8\/2023\/03\/WhatsApp-Image-2023-03-01-at-14.02.18.jpeg\" \/>\n\t<meta property=\"og:image:width\" content=\"2048\" \/>\n\t<meta property=\"og:image:height\" content=\"1360\" \/>\n\t<meta property=\"og:image:type\" content=\"image\/jpeg\" \/>\n<meta name=\"author\" content=\"martapeirat\" \/>\n<meta name=\"twitter:card\" content=\"summary_large_image\" \/>\n<meta name=\"twitter:label1\" content=\"Escrito por\" \/>\n\t<meta name=\"twitter:data1\" content=\"martapeirat\" \/>\n\t<meta name=\"twitter:label2\" content=\"Tiempo de lectura\" \/>\n\t<meta name=\"twitter:data2\" content=\"5 minutos\" \/>\n<script type=\"application\/ld+json\" class=\"yoast-schema-graph\">{\"@context\":\"https:\\\/\\\/schema.org\",\"@graph\":[{\"@type\":\"Article\",\"@id\":\"http:\\\/\\\/www.salesianos.edu\\\/revistasmx\\\/ca\\\/la-comunicacio-salesiana-es-troba-en-madrid-tres-anys-despres\\\/#article\",\"isPartOf\":{\"@id\":\"http:\\\/\\\/www.salesianos.edu\\\/revistasmx\\\/ca\\\/la-comunicacio-salesiana-es-troba-en-madrid-tres-anys-despres\\\/\"},\"author\":{\"name\":\"martapeirat\",\"@id\":\"http:\\\/\\\/www.salesianos.edu\\\/revistasmx\\\/#\\\/schema\\\/person\\\/20a80be1bb4e0ed82068c57facf5b237\"},\"headline\":\"La comunicaci\u00f3 salesiana es retroba en Madrid tres anys despr\u00e9s\",\"datePublished\":\"2023-03-03T10:30:16+00:00\",\"dateModified\":\"2023-03-03T10:51:26+00:00\",\"mainEntityOfPage\":{\"@id\":\"http:\\\/\\\/www.salesianos.edu\\\/revistasmx\\\/ca\\\/la-comunicacio-salesiana-es-troba-en-madrid-tres-anys-despres\\\/\"},\"wordCount\":1363,\"commentCount\":0,\"image\":{\"@id\":\"http:\\\/\\\/www.salesianos.edu\\\/revistasmx\\\/ca\\\/la-comunicacio-salesiana-es-troba-en-madrid-tres-anys-despres\\\/#primaryimage\"},\"thumbnailUrl\":\"http:\\\/\\\/www.salesianos.edu\\\/revistasmx\\\/wp-content\\\/uploads\\\/sites\\\/8\\\/2023\\\/03\\\/WhatsApp-Image-2023-03-01-at-14.02.18.jpeg\",\"articleSection\":[\"A FONS\"],\"inLanguage\":\"es\",\"potentialAction\":[{\"@type\":\"CommentAction\",\"name\":\"Comment\",\"target\":[\"http:\\\/\\\/www.salesianos.edu\\\/revistasmx\\\/ca\\\/la-comunicacio-salesiana-es-troba-en-madrid-tres-anys-despres\\\/#respond\"]}]},{\"@type\":\"WebPage\",\"@id\":\"http:\\\/\\\/www.salesianos.edu\\\/revistasmx\\\/ca\\\/la-comunicacio-salesiana-es-troba-en-madrid-tres-anys-despres\\\/\",\"url\":\"http:\\\/\\\/www.salesianos.edu\\\/revistasmx\\\/ca\\\/la-comunicacio-salesiana-es-troba-en-madrid-tres-anys-despres\\\/\",\"name\":\"La comunicaci\u00f3 salesiana es retroba en Madrid tres anys despr\u00e9s - Revista SMX\",\"isPartOf\":{\"@id\":\"http:\\\/\\\/www.salesianos.edu\\\/revistasmx\\\/#website\"},\"primaryImageOfPage\":{\"@id\":\"http:\\\/\\\/www.salesianos.edu\\\/revistasmx\\\/ca\\\/la-comunicacio-salesiana-es-troba-en-madrid-tres-anys-despres\\\/#primaryimage\"},\"image\":{\"@id\":\"http:\\\/\\\/www.salesianos.edu\\\/revistasmx\\\/ca\\\/la-comunicacio-salesiana-es-troba-en-madrid-tres-anys-despres\\\/#primaryimage\"},\"thumbnailUrl\":\"http:\\\/\\\/www.salesianos.edu\\\/revistasmx\\\/wp-content\\\/uploads\\\/sites\\\/8\\\/2023\\\/03\\\/WhatsApp-Image-2023-03-01-at-14.02.18.jpeg\",\"datePublished\":\"2023-03-03T10:30:16+00:00\",\"dateModified\":\"2023-03-03T10:51:26+00:00\",\"author\":{\"@id\":\"http:\\\/\\\/www.salesianos.edu\\\/revistasmx\\\/#\\\/schema\\\/person\\\/20a80be1bb4e0ed82068c57facf5b237\"},\"breadcrumb\":{\"@id\":\"http:\\\/\\\/www.salesianos.edu\\\/revistasmx\\\/ca\\\/la-comunicacio-salesiana-es-troba-en-madrid-tres-anys-despres\\\/#breadcrumb\"},\"inLanguage\":\"es\",\"potentialAction\":[{\"@type\":\"ReadAction\",\"target\":[\"http:\\\/\\\/www.salesianos.edu\\\/revistasmx\\\/ca\\\/la-comunicacio-salesiana-es-troba-en-madrid-tres-anys-despres\\\/\"]}]},{\"@type\":\"ImageObject\",\"inLanguage\":\"es\",\"@id\":\"http:\\\/\\\/www.salesianos.edu\\\/revistasmx\\\/ca\\\/la-comunicacio-salesiana-es-troba-en-madrid-tres-anys-despres\\\/#primaryimage\",\"url\":\"http:\\\/\\\/www.salesianos.edu\\\/revistasmx\\\/wp-content\\\/uploads\\\/sites\\\/8\\\/2023\\\/03\\\/WhatsApp-Image-2023-03-01-at-14.02.18.jpeg\",\"contentUrl\":\"http:\\\/\\\/www.salesianos.edu\\\/revistasmx\\\/wp-content\\\/uploads\\\/sites\\\/8\\\/2023\\\/03\\\/WhatsApp-Image-2023-03-01-at-14.02.18.jpeg\",\"width\":2048,\"height\":1360},{\"@type\":\"BreadcrumbList\",\"@id\":\"http:\\\/\\\/www.salesianos.edu\\\/revistasmx\\\/ca\\\/la-comunicacio-salesiana-es-troba-en-madrid-tres-anys-despres\\\/#breadcrumb\",\"itemListElement\":[{\"@type\":\"ListItem\",\"position\":1,\"name\":\"Portada\",\"item\":\"https:\\\/\\\/www.salesianos.edu\\\/revistasmx\\\/\"},{\"@type\":\"ListItem\",\"position\":2,\"name\":\"La comunicaci\u00f3 salesiana es retroba en Madrid tres anys despr\u00e9s\"}]},{\"@type\":\"WebSite\",\"@id\":\"http:\\\/\\\/www.salesianos.edu\\\/revistasmx\\\/#website\",\"url\":\"http:\\\/\\\/www.salesianos.edu\\\/revistasmx\\\/\",\"name\":\"Revista SMX\",\"description\":\"P\u00e1gina oficial de Inspector\u00eda Salesiana Mar\u00eda Auxiliadora\",\"potentialAction\":[{\"@type\":\"SearchAction\",\"target\":{\"@type\":\"EntryPoint\",\"urlTemplate\":\"http:\\\/\\\/www.salesianos.edu\\\/revistasmx\\\/?s={search_term_string}\"},\"query-input\":{\"@type\":\"PropertyValueSpecification\",\"valueRequired\":true,\"valueName\":\"search_term_string\"}}],\"inLanguage\":\"es\"},{\"@type\":\"Person\",\"@id\":\"http:\\\/\\\/www.salesianos.edu\\\/revistasmx\\\/#\\\/schema\\\/person\\\/20a80be1bb4e0ed82068c57facf5b237\",\"name\":\"martapeirat\",\"image\":{\"@type\":\"ImageObject\",\"inLanguage\":\"es\",\"@id\":\"https:\\\/\\\/secure.gravatar.com\\\/avatar\\\/1139b81b40ed1dde466563679597db378e7092bbfdd7ebb264c437fedde866d7?s=96&d=mm&r=g\",\"url\":\"https:\\\/\\\/secure.gravatar.com\\\/avatar\\\/1139b81b40ed1dde466563679597db378e7092bbfdd7ebb264c437fedde866d7?s=96&d=mm&r=g\",\"contentUrl\":\"https:\\\/\\\/secure.gravatar.com\\\/avatar\\\/1139b81b40ed1dde466563679597db378e7092bbfdd7ebb264c437fedde866d7?s=96&d=mm&r=g\",\"caption\":\"martapeirat\"}}]}<\/script>\n<!-- \/ Yoast SEO plugin. -->","yoast_head_json":{"title":"La comunicaci\u00f3 salesiana es retroba en Madrid tres anys despr\u00e9s - Revista SMX","robots":{"index":"index","follow":"follow","max-snippet":"max-snippet:-1","max-image-preview":"max-image-preview:large","max-video-preview":"max-video-preview:-1"},"canonical":"http:\/\/www.salesianos.edu\/revistasmx\/ca\/la-comunicacio-salesiana-es-troba-en-madrid-tres-anys-despres\/","og_locale":"es_ES","og_type":"article","og_title":"La comunicaci\u00f3 salesiana es retroba en Madrid tres anys despr\u00e9s - Revista SMX","og_description":"La 9\u00aa Jornada Nacional de Comunicaci\u00f3 ha reunit a 90 responsables de comunicaci\u00f3 que han conegut els nous reptes comunicatius.","og_url":"http:\/\/www.salesianos.edu\/revistasmx\/ca\/la-comunicacio-salesiana-es-troba-en-madrid-tres-anys-despres\/","og_site_name":"Revista SMX","article_published_time":"2023-03-03T10:30:16+00:00","article_modified_time":"2023-03-03T10:51:26+00:00","og_image":[{"width":2048,"height":1360,"url":"http:\/\/www.salesianos.edu\/revistasmx\/wp-content\/uploads\/sites\/8\/2023\/03\/WhatsApp-Image-2023-03-01-at-14.02.18.jpeg","type":"image\/jpeg"}],"author":"martapeirat","twitter_card":"summary_large_image","twitter_misc":{"Escrito por":"martapeirat","Tiempo de lectura":"5 minutos"},"schema":{"@context":"https:\/\/schema.org","@graph":[{"@type":"Article","@id":"http:\/\/www.salesianos.edu\/revistasmx\/ca\/la-comunicacio-salesiana-es-troba-en-madrid-tres-anys-despres\/#article","isPartOf":{"@id":"http:\/\/www.salesianos.edu\/revistasmx\/ca\/la-comunicacio-salesiana-es-troba-en-madrid-tres-anys-despres\/"},"author":{"name":"martapeirat","@id":"http:\/\/www.salesianos.edu\/revistasmx\/#\/schema\/person\/20a80be1bb4e0ed82068c57facf5b237"},"headline":"La comunicaci\u00f3 salesiana es retroba en Madrid tres anys despr\u00e9s","datePublished":"2023-03-03T10:30:16+00:00","dateModified":"2023-03-03T10:51:26+00:00","mainEntityOfPage":{"@id":"http:\/\/www.salesianos.edu\/revistasmx\/ca\/la-comunicacio-salesiana-es-troba-en-madrid-tres-anys-despres\/"},"wordCount":1363,"commentCount":0,"image":{"@id":"http:\/\/www.salesianos.edu\/revistasmx\/ca\/la-comunicacio-salesiana-es-troba-en-madrid-tres-anys-despres\/#primaryimage"},"thumbnailUrl":"http:\/\/www.salesianos.edu\/revistasmx\/wp-content\/uploads\/sites\/8\/2023\/03\/WhatsApp-Image-2023-03-01-at-14.02.18.jpeg","articleSection":["A FONS"],"inLanguage":"es","potentialAction":[{"@type":"CommentAction","name":"Comment","target":["http:\/\/www.salesianos.edu\/revistasmx\/ca\/la-comunicacio-salesiana-es-troba-en-madrid-tres-anys-despres\/#respond"]}]},{"@type":"WebPage","@id":"http:\/\/www.salesianos.edu\/revistasmx\/ca\/la-comunicacio-salesiana-es-troba-en-madrid-tres-anys-despres\/","url":"http:\/\/www.salesianos.edu\/revistasmx\/ca\/la-comunicacio-salesiana-es-troba-en-madrid-tres-anys-despres\/","name":"La comunicaci\u00f3 salesiana es retroba en Madrid tres anys despr\u00e9s - Revista SMX","isPartOf":{"@id":"http:\/\/www.salesianos.edu\/revistasmx\/#website"},"primaryImageOfPage":{"@id":"http:\/\/www.salesianos.edu\/revistasmx\/ca\/la-comunicacio-salesiana-es-troba-en-madrid-tres-anys-despres\/#primaryimage"},"image":{"@id":"http:\/\/www.salesianos.edu\/revistasmx\/ca\/la-comunicacio-salesiana-es-troba-en-madrid-tres-anys-despres\/#primaryimage"},"thumbnailUrl":"http:\/\/www.salesianos.edu\/revistasmx\/wp-content\/uploads\/sites\/8\/2023\/03\/WhatsApp-Image-2023-03-01-at-14.02.18.jpeg","datePublished":"2023-03-03T10:30:16+00:00","dateModified":"2023-03-03T10:51:26+00:00","author":{"@id":"http:\/\/www.salesianos.edu\/revistasmx\/#\/schema\/person\/20a80be1bb4e0ed82068c57facf5b237"},"breadcrumb":{"@id":"http:\/\/www.salesianos.edu\/revistasmx\/ca\/la-comunicacio-salesiana-es-troba-en-madrid-tres-anys-despres\/#breadcrumb"},"inLanguage":"es","potentialAction":[{"@type":"ReadAction","target":["http:\/\/www.salesianos.edu\/revistasmx\/ca\/la-comunicacio-salesiana-es-troba-en-madrid-tres-anys-despres\/"]}]},{"@type":"ImageObject","inLanguage":"es","@id":"http:\/\/www.salesianos.edu\/revistasmx\/ca\/la-comunicacio-salesiana-es-troba-en-madrid-tres-anys-despres\/#primaryimage","url":"http:\/\/www.salesianos.edu\/revistasmx\/wp-content\/uploads\/sites\/8\/2023\/03\/WhatsApp-Image-2023-03-01-at-14.02.18.jpeg","contentUrl":"http:\/\/www.salesianos.edu\/revistasmx\/wp-content\/uploads\/sites\/8\/2023\/03\/WhatsApp-Image-2023-03-01-at-14.02.18.jpeg","width":2048,"height":1360},{"@type":"BreadcrumbList","@id":"http:\/\/www.salesianos.edu\/revistasmx\/ca\/la-comunicacio-salesiana-es-troba-en-madrid-tres-anys-despres\/#breadcrumb","itemListElement":[{"@type":"ListItem","position":1,"name":"Portada","item":"https:\/\/www.salesianos.edu\/revistasmx\/"},{"@type":"ListItem","position":2,"name":"La comunicaci\u00f3 salesiana es retroba en Madrid tres anys despr\u00e9s"}]},{"@type":"WebSite","@id":"http:\/\/www.salesianos.edu\/revistasmx\/#website","url":"http:\/\/www.salesianos.edu\/revistasmx\/","name":"Revista SMX","description":"P\u00e1gina oficial de Inspector\u00eda Salesiana Mar\u00eda Auxiliadora","potentialAction":[{"@type":"SearchAction","target":{"@type":"EntryPoint","urlTemplate":"http:\/\/www.salesianos.edu\/revistasmx\/?s={search_term_string}"},"query-input":{"@type":"PropertyValueSpecification","valueRequired":true,"valueName":"search_term_string"}}],"inLanguage":"es"},{"@type":"Person","@id":"http:\/\/www.salesianos.edu\/revistasmx\/#\/schema\/person\/20a80be1bb4e0ed82068c57facf5b237","name":"martapeirat","image":{"@type":"ImageObject","inLanguage":"es","@id":"https:\/\/secure.gravatar.com\/avatar\/1139b81b40ed1dde466563679597db378e7092bbfdd7ebb264c437fedde866d7?s=96&d=mm&r=g","url":"https:\/\/secure.gravatar.com\/avatar\/1139b81b40ed1dde466563679597db378e7092bbfdd7ebb264c437fedde866d7?s=96&d=mm&r=g","contentUrl":"https:\/\/secure.gravatar.com\/avatar\/1139b81b40ed1dde466563679597db378e7092bbfdd7ebb264c437fedde866d7?s=96&d=mm&r=g","caption":"martapeirat"}}]}},"_links":{"self":[{"href":"http:\/\/www.salesianos.edu\/revistasmx\/wp-json\/wp\/v2\/posts\/19960","targetHints":{"allow":["GET"]}}],"collection":[{"href":"http:\/\/www.salesianos.edu\/revistasmx\/wp-json\/wp\/v2\/posts"}],"about":[{"href":"http:\/\/www.salesianos.edu\/revistasmx\/wp-json\/wp\/v2\/types\/post"}],"author":[{"embeddable":true,"href":"http:\/\/www.salesianos.edu\/revistasmx\/wp-json\/wp\/v2\/users\/5"}],"replies":[{"embeddable":true,"href":"http:\/\/www.salesianos.edu\/revistasmx\/wp-json\/wp\/v2\/comments?post=19960"}],"version-history":[{"count":7,"href":"http:\/\/www.salesianos.edu\/revistasmx\/wp-json\/wp\/v2\/posts\/19960\/revisions"}],"predecessor-version":[{"id":19984,"href":"http:\/\/www.salesianos.edu\/revistasmx\/wp-json\/wp\/v2\/posts\/19960\/revisions\/19984"}],"wp:featuredmedia":[{"embeddable":true,"href":"http:\/\/www.salesianos.edu\/revistasmx\/wp-json\/wp\/v2\/media\/19946"}],"wp:attachment":[{"href":"http:\/\/www.salesianos.edu\/revistasmx\/wp-json\/wp\/v2\/media?parent=19960"}],"wp:term":[{"taxonomy":"category","embeddable":true,"href":"http:\/\/www.salesianos.edu\/revistasmx\/wp-json\/wp\/v2\/categories?post=19960"},{"taxonomy":"post_tag","embeddable":true,"href":"http:\/\/www.salesianos.edu\/revistasmx\/wp-json\/wp\/v2\/tags?post=19960"}],"curies":[{"name":"wp","href":"https:\/\/api.w.org\/{rel}","templated":true}]}}