{"id":19411,"date":"2022-11-04T10:12:26","date_gmt":"2022-11-04T09:12:26","guid":{"rendered":"https:\/\/www.salesianos.edu\/revistasmx\/?p=19411"},"modified":"2022-11-04T11:22:51","modified_gmt":"2022-11-04T10:22:51","slug":"projecte-liban-la-missio-salesiana-no-enten-de-fronteres","status":"publish","type":"post","link":"http:\/\/www.salesianos.edu\/revistasmx\/ca\/projecte-liban-la-missio-salesiana-no-enten-de-fronteres\/","title":{"rendered":"Projecte L\u00edban: la missi\u00f3 salesiana no ent\u00e9n de fronteres"},"content":{"rendered":"<div id=\"fb-root\"><\/div>\n<p>[et_pb_section fb_built=\u00bb1&#8243; admin_label=\u00bbsection\u00bb _builder_version=\u00bb4.16&#8243; global_colors_info=\u00bb{}\u00bb][et_pb_row admin_label=\u00bbrow\u00bb _builder_version=\u00bb4.16&#8243; background_size=\u00bbinitial\u00bb background_position=\u00bbtop_left\u00bb background_repeat=\u00bbrepeat\u00bb global_colors_info=\u00bb{}\u00bb][et_pb_column type=\u00bb4_4&#8243; _builder_version=\u00bb4.16&#8243; custom_padding=\u00bb|||\u00bb global_colors_info=\u00bb{}\u00bb custom_padding__hover=\u00bb|||\u00bb][et_pb_code _builder_version=\u00bb4.18.1&#8243; _module_preset=\u00bbdefault\u00bb hover_enabled=\u00bb0&#8243; sticky_enabled=\u00bb0&#8243; admin_label=\u00bbCode\u00bb]<iframe id='audio_95430770' frameborder='0' allowfullscreen='' scrolling='no' height='200' style='width:100%;' src='https:\/\/www.ivoox.com\/player_ej_95430770_6_1.html' loading='lazy'><\/iframe>[\/et_pb_code][et_pb_text _builder_version=\u00bb4.18.1&#8243; _module_preset=\u00bbdefault\u00bb global_colors_info=\u00bb{}\u00bb]<\/p>\n<p><span style=\"font-weight: 400\">Des d\u2019<\/span><a href=\"https:\/\/www.infoans.org\/es\/secciones\/noticias\/item\/14508-libano-el-llamamiento-de-los-salesianos-ante-un-pais-en-crisis\"><span style=\"font-weight: 400\">octubre de 2019 el L\u00edban es troba en una crisis que continua aguditzant-se.<\/span><\/a> <span style=\"font-weight: 400\">\u00a0<\/span><span style=\"font-weight: 400\">La fallida del sistema financer i la devaluaci\u00f3 de la seva moneda va derivar en conseq\u00fc\u00e8ncies catastr\u00f2fiques sobre salaris i ingressos on els preus han escalat de manera descontrolada. A m\u00e9s, la tr\u00e0gica explosi\u00f3 l&#8217;agost del 2020 i la posterior onada de contagis del Covid-19 va agreujar encara m\u00e9s la situaci\u00f3 amb una sortida massiva del pa\u00eds passant de ser un pa\u00eds-model, destacat pel Papa Sant Joan Pau II, a veure&#8217;s castigat per diferents factors socials, pol\u00edtics i econ\u00f2mics on l&#8217;Estat va retirar gaireb\u00e9 tots els subsidis. La majoria de la poblaci\u00f3 s&#8217;ha vist sobtadament empobrida i incapa\u00e7 de satisfer les necessitats d&#8217;una vida normal, havent de renunciar no nom\u00e9s a all\u00f2 superflu, sin\u00f3 tamb\u00e9 a all\u00f2 necessari.<\/span><\/p>\n<blockquote>\n<p><span style=\"font-size: 14pt\"><em><span style=\"font-weight: 400\">\u201cDemanem oracions per aquest poble, per aquests joves i infants que tant pateixen\u201d, assenyalen en descriure la situaci\u00f3, els Fills de Don Bosco al L\u00edban. En aquest dram\u00e0tic context, els salesians al territori, juntament amb persones laiques que participen en la missi\u00f3, continuen treballant amb serenitat i determinaci\u00f3 i amb tots els mitjans a la seva disposici\u00f3, com a signe de solidaritat i participaci\u00f3, especialment amb els que s\u00f3n m\u00e9s febles o marginats. I s\u00f3n molts, massa els nens, les nenes i els joves de la classe obrera, les persones refugiades sirianes i iraquianes, les fam\u00edlies necessitades&#8230; Tots, sense distinci\u00f3, s\u00f3n recolzats a trav\u00e9s de l&#8217;educaci\u00f3 afavorida per beques, suport psicol\u00f2gic i material (distribuci\u00f3 d&#8217;aliments, medicines, articles per a la higiene i neteja&#8230;) i de proximitat (oratoris, centres juvenils, escoles&#8230;).<\/span><\/em><\/span><\/p>\n<\/blockquote>\n<h4><b>Projecte L\u00edban: una resposta coordinada<\/b><\/h4>\n<p><span style=\"font-weight: 400\">Per a <\/span><b>Jos\u00e9 Luis Navarro<\/b> <span style=\"font-weight: 400\">la primera impressi\u00f3 en con\u00e8ixer les pres\u00e8ncies salesianes del L\u00edban va ser molt positiva. \u201cUn se sent a casa, un sent que l&#8217;esperit de Don Bosco no t\u00e9 fronteres ni barreres, ans al contrari s&#8217;incultura dins de cada territori intentant acollir el millor que t\u00e9. Escoltar i veure com all\u00f2 salesi\u00e0 tamb\u00e9 s&#8217;expressa en llengua \u00e0rab \u00e9s una experi\u00e8ncia molt gratificant a nivell personal\u201d, explica.\u00a0<\/span><\/p>\n<blockquote>\n<p><span style=\"font-size: 14pt\"><em><span style=\"font-weight: 400\">\u201cQuan hom s&#8217;apropa a aquesta realitat s&#8217;adona de com \u00e9s possible una tasca salesiana en situacions tan complexes, amb aquesta pobresa, l&#8217;acolliment de refugiats o la dif\u00edcil conviv\u00e8ncia. Tot aix\u00f2 fa veure que el granet de sorra de la congregaci\u00f3 salesiana \u00e9s una r\u00e0fega de llum en aques<\/span><span style=\"font-weight: 400\">L&#8217;inspector de l&#8217;Orient Mitj\u00e0, Alejandro Le\u00f3n, explica que els salesians del L\u00edban estan intentant ser \u201csignes i portadors de l&#8217;amor de D\u00e9u als nens i joves m\u00e9s necessitats\u201d. Al L\u00edban hi ha 6 milions de persones de les quals 2 s\u00f3n refugiats sirians, cristians i musulmans i treballen tamb\u00e9 amb la poblaci\u00f3 libanesa. \u201cAgra\u00efm de cor a la inspectoria Maria Auxiliadora aquest agermanament que ens ajuda a estar sempre units al carisma\u201d, afegeixen.\u00a0<\/span><\/em><\/span><\/p>\n<\/blockquote>\n<p><span style=\"font-weight: 400\">\u00a0\u00a0El Projecte L\u00edban sorgeix del comprom\u00eds que van prendre les inspectories de la Regi\u00f3 Mediterr\u00e0nia en suport de la de l&#8217;Orient Mitj\u00e0 el 2019 on el Rector Major va presentar aquesta inspectoria com a \u201cfrontera missionera\u201d. \u00abCada inspectoria occidental havia d&#8217;establir vincles de relaci\u00f3 amb algunes cases concretes de la Inspectoria MOR. A la nostra SMX li va correspondre establir una relaci\u00f3 amb les obres salesianes al L\u00edban\u00bb, comparteix Jos\u00e9 Luis Navarro, coordinador inspectorial d\u2019Animaci\u00f3 Missionera.\u00a0<\/span><\/p>\n<p><span style=\"font-weight: 400\">Despr\u00e9s de l&#8217;aturada de la pand\u00e8mia, el tema es reactiva el novembre del 2021 per part dels inspectors de SMX i MOR, i el gener del 2022 el vicari inspectorial i el coordinador inspectorial d&#8217;Animaci\u00f3 Missionera viatgen al pa\u00eds dels cedres per con\u00e8ixer de primera m\u00e0 la situaci\u00f3 en una <\/span><span style=\"font-weight: 400\">primera presa de contacte que va tenir lloc del 31 de gener al 7 de febrer amb la primera visita oficial.<\/span><span style=\"font-weight: 400\">\u00a0<\/span><\/p>\n<blockquote>\n<p><span style=\"font-size: 14pt\"><em>Per a <strong>Fernando Miranda<\/strong>, vicari inspectorial, viatjar al L\u00edban ha estat una oportunitat de con\u00e8ixer salesians, laics, Fam\u00edlia Salesiana compromesos i vinculats al carisma de Don Bosco. \u201cAmb una experi\u00e8ncia de vida, marcada per alguns elements que la condicionen de manera forta, com la crisi o moments de guerra, em va arribar profundament veure que aquella realitat \u00e9s tan salesiana com la meva. Amb uns infants i joves que viuen a Don Bosco i el testimonien amb la seva alegria, la trobada, la felicitat tot i que moltes vegades trobes l&#8217;ex\u00e8rcit o els llocs de control, per\u00f2 el comprom\u00eds i la fe d&#8217;aquest poble continua sent molt gran \u201d explicava.\u00a0<\/em><\/span><\/p>\n<\/blockquote>\n<h4><b>Tres pres\u00e8ncies salesianes amb molta vitalitat<\/b><span style=\"font-weight: 400\">\u00a0<\/span><\/h4>\n<p><span style=\"font-weight: 400\">La pres\u00e8ncia salesiana al L\u00edban es concreta actualment en tres obres ateses per una \u00fanica comunitat salesiana de quatre germans:<\/span><span style=\"font-weight: 400\">\u00a0<\/span><\/p>\n<p><span style=\"font-weight: 400\">1-<\/span><b>Salesians El Fidar, Jbeil (Byblos)<\/b><\/p>\n<p><span style=\"font-weight: 400\">El centre de la pres\u00e8ncia salesiana, on resideix la comunitat, \u00e9s a la poblaci\u00f3 de<\/span> <b><i>Jbeil<\/i><\/b><span style=\"font-weight: 400\"> en el barri de <\/span><b><i>El Fidar<\/i><\/b><span style=\"font-weight: 400\">, <\/span><span style=\"font-weight: 400\">al costat de la costa mediterr\u00e0nia.<\/span><span style=\"font-weight: 400\">\u00a0<\/span><\/p>\n<p><span style=\"font-weight: 400\">L&#8217;escola de Formaci\u00f3 Professional &#8216;Lyc\u00e9e professionnel Don Bosco Technique&#8217; compta amb 250 alumnes per\u00f2 en podria acollir 500. \u00c9s la segona escola del pa\u00eds en qualitat educativa i nombre d&#8217;alumnes. La pres\u00e8ncia tamb\u00e9 compta amb un alberg juvenil per a 30 persones, on es fan cursos d&#8217;animadors i recessos.<\/span><span style=\"font-weight: 400\">\u00a0<\/span><\/p>\n<p><b>2-Salesians El Houssoun, Jbeil (Byblos)<\/b><span style=\"font-weight: 400\">\u00a0<\/span><\/p>\n<p><span style=\"font-weight: 400\">A les muntanyes, a la mateixa poblaci\u00f3 de<\/span> <i><span style=\"font-weight: 400\">Jbeil<\/span><\/i><span style=\"font-weight: 400\">, <\/span><span style=\"font-weight: 400\">hi ha la casa salesiana de<\/span> <b><i>El Houssoun<\/i><\/b> <span style=\"font-weight: 400\">distant uns 13 km del barri del Fidar. Acull les activitats dels oratoris juvenils els divendres i els dissabtes per a nens i nenes libanesos i per a nenes i nens refugiats iraquians i sirians. Per facilitar la participaci\u00f3 de nens, nenes i joves a les activitats de lleure els salesians han de llogar petits autobusos que els recullen des de molt diferents pobles i barris de Beirut per traslladar-los fins al Houssoum. La principal activitat de la casa es desenvolupa durant l&#8217;estiu amb la participaci\u00f3 de m\u00e9s de 800 nens, nenes i joves atesos per la comunitat salesiana, joves voluntaris i volunt\u00e0ries missioners de la inspectoria MOR i voluntaris del MJS que viuen al L\u00edban.<\/span><\/p>\n<p><b>3- <\/b><b><i>Angels of pace<\/i><\/b><b>, Beirut<\/b><span style=\"font-weight: 400\">\u00a0<\/span><\/p>\n<p><span style=\"font-weight: 400\">En un dels suburbis de Beirut hi ha aquesta petita escola privada des d&#8217;Infantil fins a Secund\u00e0ria per a 230 alumnes iraquians cristians, tots ells fills de refugiats. Donada la crisi tan gran soferta al pa\u00eds les escoles p\u00fabliques no es poden fer c\u00e0rrec d&#8217;aquests nens, nenes i adolescents refugiats. L&#8217;escola, no governamental, no t\u00e9, per tant, un reconeixement oficial, per\u00f2 realitza una tasca educativa de primer ordre. Est\u00e0 sostinguda principalment pel Vatic\u00e0 a trav\u00e9s de la<\/span> <i><span style=\"font-weight: 400\">Catholic Near East Welfare Association<\/span><\/i> <span style=\"font-weight: 400\">i diversos fons privats.<\/span><span style=\"font-weight: 400\">\u00a0<\/span><\/p>\n<h4><b>En qu\u00e8 es concreta la relaci\u00f3 entre Espanya i el L\u00edban?<\/b><span style=\"font-weight: 400\">\u00a0<\/span><\/h4>\n<p><span style=\"font-weight: 400\">L&#8217;objectiu principal del Projecte L\u00edban \u00e9s generar i refor\u00e7ar una relaci\u00f3 afectiva i espiritual cap a la Inspectoria MOR animant la preg\u00e0ria per la pau a l&#8217;Orient Mitj\u00e0 i la col\u00b7laboraci\u00f3 m\u00fatua. Tamb\u00e9 es vol establir a trav\u00e9s de l&#8217;ONGD Bosco Global i l&#8217;Oficina de Desenvolupament Salesiana de la Inspectoria de MOR una xarxa de suport a nivell econ\u00f2mic per afavorir aquells projectes que arriben directament a les persones i la millora de la qualitat de vida, aix\u00ed com altres iniciatives que s&#8217;estan preparant i programant per als propers cursos.\u00a0<\/span><\/p>\n<p><span style=\"font-weight: 400\">En aquesta coordinaci\u00f3 amb Bosco Global s&#8217;est\u00e0 treballant conjuntament per configurar tres accions concretes al L\u00edban:<\/span><\/p>\n<ul>\n<li><span style=\"font-weight: 400\"> una proposta de voluntariat internacional per al proper estiu de 2023, que es llan\u00e7ar\u00e0 al mes de novembre.<\/span><\/li>\n<li><span style=\"font-weight: 400\"> desenvolupar una campanya de sensibilitzaci\u00f3 que permeti donar a con\u00e8ixer als ambients la realitat social, cultural i econ\u00f2mica,<\/span><\/li>\n<li><span style=\"font-weight: 400\"> col\u00b7laborar en projecte de Cooperaci\u00f3 Internacional de suport a l&#8217;escola t\u00e8cnica, aix\u00ed com altres intervencions que estrenyeran lla\u00e7os fraternals amb la missi\u00f3 salesiana de mig orient.<\/span><\/li>\n<\/ul>\n<p><a href=\"https:\/\/salesianos.info\/blog\/verano-salesiano-en-el-oriente-medio\/\"><span style=\"font-weight: 400\">En aquest sentit, durant les activitats pr\u00f2pies de l\u2019estiu salesi\u00e0, va tenir lloc una primera trobada. Del 16 al 22 de juliol de 2022, Pablo Baltasar, Cristina Mart\u00ednez i Jos\u00e9 Luis Navarro<\/span><\/a><span style=\"font-weight: 400\">, <\/span><span style=\"font-weight: 400\">com a representants de SMX, van viatjar per con\u00e8ixer de primera m\u00e0 la tasca que els salesians realitzen en atenci\u00f3 a nens, nenes i joves de S\u00edria, l&#8217;Iraq i el L\u00edban que resideixen al pa\u00eds.<\/span><span style=\"font-weight: 400\">\u00a0<\/span><\/p>\n<p><span style=\"font-weight: 400\">Aquestes visites tindran dues noves dates al calendari durant el 10 al 16 d&#8217;abril a<\/span><span style=\"font-weight: 400\"> El Fidar, <\/span><span style=\"font-weight: 400\">i la posada en marxa de l&#8217;escola d&#8217;animadors del 19 al 29 de juny a la casa de<\/span><span style=\"font-weight: 400\"> El Houssoum.<\/span><\/p>\n<blockquote>\n<p><span style=\"font-size: 14pt\"><em><span style=\"font-weight: 400\"><strong>Cristina Mart\u00ednez<\/strong> <\/span><span style=\"font-weight: 400\">explica que per a ella va ser molt cridaner que la manera de tractar amb els nens i joves, fins i tot la pr\u00f2pia din\u00e0mica de les activitats era molt similar al que es fa als centres juvenils d&#8217;Espanya. \u201cEra molt bonic que, malgrat les dificultats, les persones fan un gran esfor\u00e7 perqu\u00e8 els nens i les nenes se sentin acollits i puguin sentir per un moment que estan en un lloc on se&#8217;ls vol i on poden cr\u00e9ixer tranquils \u201d.\u00a0<\/span><\/em><\/span><\/p>\n<p><span style=\"font-size: 14pt\"><em><span style=\"font-weight: 400\">Tot i aix\u00f2, per a <strong>Pablo Baltasar<\/strong> con\u00e8ixer les pres\u00e8ncies del L\u00edban va suposar un descobriment \u00fanic que li va obrir la ment i les fronteres personals d&#8217;una manera espectacular. \u201cL&#8217;acostament a aquesta viv\u00e8ncia missionera em va portar un canvi a la meva vida a l&#8217;hora de pensar pels altres, per als altres i cap als altres a l&#8217;hora de donar la vida pensant en \u201cObrir camins\u201d m\u00e9s enll\u00e0 del que \u00e9s local. Va ser una experi\u00e8ncia d&#8217;enriquiment, vida i alegria en plenitud\u201d, conclou.<\/span><span style=\"font-weight: 400\">\u00a0<\/span><\/em><\/span><\/p>\n<\/blockquote>\n<p>[\/et_pb_text][\/et_pb_column][\/et_pb_row][et_pb_row column_structure=\u00bb1_3,1_3,1_3&#8243; _builder_version=\u00bb4.18.1&#8243; _module_preset=\u00bbdefault\u00bb global_colors_info=\u00bb{}\u00bb][et_pb_column type=\u00bb1_3&#8243; _builder_version=\u00bb4.18.1&#8243; _module_preset=\u00bbdefault\u00bb global_colors_info=\u00bb{}\u00bb][et_pb_image src=\u00bbhttps:\/\/www.salesianos.edu\/revistasmx\/wp-content\/uploads\/sites\/8\/2022\/11\/Senza-titolo-1-1.jpeg\u00bb title_text=\u00bbSenza titolo-1&#8243; _builder_version=\u00bb4.18.1&#8243; _module_preset=\u00bbdefault\u00bb global_colors_info=\u00bb{}\u00bb][\/et_pb_image][\/et_pb_column][et_pb_column type=\u00bb1_3&#8243; _builder_version=\u00bb4.18.1&#8243; _module_preset=\u00bbdefault\u00bb global_colors_info=\u00bb{}\u00bb][et_pb_image src=\u00bbhttps:\/\/www.salesianos.edu\/revistasmx\/wp-content\/uploads\/sites\/8\/2022\/11\/Captura-de-pantalla-2022-11-04-a-las-9.57.09-1.png\u00bb title_text=\u00bbCaptura de pantalla 2022-11-04 a las 9.57.09&#8243; _builder_version=\u00bb4.18.1&#8243; _module_preset=\u00bbdefault\u00bb global_colors_info=\u00bb{}\u00bb][\/et_pb_image][\/et_pb_column][et_pb_column type=\u00bb1_3&#8243; _builder_version=\u00bb4.18.1&#8243; _module_preset=\u00bbdefault\u00bb global_colors_info=\u00bb{}\u00bb][et_pb_image src=\u00bbhttps:\/\/www.salesianos.edu\/revistasmx\/wp-content\/uploads\/sites\/8\/2022\/11\/Senza-titolo-12-2.jpeg\u00bb title_text=\u00bbSenza titolo-12&#8243; _builder_version=\u00bb4.18.1&#8243; _module_preset=\u00bbdefault\u00bb global_colors_info=\u00bb{}\u00bb][\/et_pb_image][\/et_pb_column][\/et_pb_row][et_pb_row _builder_version=\u00bb4.18.1&#8243; _module_preset=\u00bbdefault\u00bb global_colors_info=\u00bb{}\u00bb][et_pb_column type=\u00bb4_4&#8243; _builder_version=\u00bb4.18.1&#8243; _module_preset=\u00bbdefault\u00bb global_colors_info=\u00bb{}\u00bb][et_pb_text _builder_version=\u00bb4.18.1&#8243; _module_preset=\u00bbdefault\u00bb global_colors_info=\u00bb{}\u00bb]<\/p>\n<p><b>El &#8216;pa\u00eds missatge&#8217;, com va dir Sant Joan Pau II<\/b><span style=\"font-weight: 400\">\u00a0<\/span><\/p>\n<p><span style=\"font-weight: 400\">Sembrar alegria, confian\u00e7a i esperan\u00e7a, aix\u00ed com donar ajut concret, continua sent l&#8217;objectiu primordial dels Salesians en la situaci\u00f3 actual del L\u00edban. S&#8217;espera el dia que la llum finalment triomfi i el L\u00edban torni a convertir-se en el<\/span><a href=\"https:\/\/www.vaticannews.va\/es\/papa\/news\/2020-08\/los-papas-y-el-llbano-un-vinculo-de-amor-y-de-compasion.html\"> <span style=\"font-weight: 400\">\u00abpa\u00eds missatge\u00bb descrit pel Papa Sant Joan Pau II,<\/span><\/a> <span style=\"font-weight: 400\">pa\u00eds amb una missi\u00f3 particular al concert de les nacions i al pla de D\u00e9u. Que el Projecte L\u00edban serveixi per obrir nous camins en la construcci\u00f3 d\u2019aquest projecte com\u00fa.<\/span><span style=\"font-weight: 400\">\u00a0<\/span><\/p>\n<p>[\/et_pb_text][deg_elastic_gallery gallery_ids=\u00bb19414,19415,19416,19417,19418,19419,19420,19421,19422,19423,19424,19425,19426,19427,19428,19429,19430,19431&#8243; _builder_version=\u00bb4.18.1&#8243; _module_preset=\u00bbdefault\u00bb global_colors_info=\u00bb{}\u00bb][\/deg_elastic_gallery][\/et_pb_column][\/et_pb_row][\/et_pb_section]<\/p>\n","protected":false},"excerpt":{"rendered":"<p>Salesians Maria Auxiliadora (SMX) est\u00e9n la seva m\u00e0 cap a Salesians Orient Mitj\u00e0 (MOR) amb un projecte de col\u00b7laboraci\u00f3 m\u00fatua que busca establir una relaci\u00f3 afectiva i espiritual entre ambdues inspectories. <\/p>\n","protected":false},"author":5,"featured_media":19351,"comment_status":"open","ping_status":"closed","sticky":false,"template":"","format":"standard","meta":{"_et_pb_use_builder":"on","_et_pb_old_content":"","_et_gb_content_width":"","footnotes":""},"categories":[53],"tags":[],"class_list":["post-19411","post","type-post","status-publish","format-standard","has-post-thumbnail","hentry","category-a-fons"],"yoast_head":"<!-- This site is optimized with the Yoast SEO plugin v27.5 - https:\/\/yoast.com\/product\/yoast-seo-wordpress\/ -->\n<title>Projecte L\u00edban: la missi\u00f3 salesiana no ent\u00e9n de fronteres - Revista SMX<\/title>\n<meta name=\"robots\" content=\"index, follow, max-snippet:-1, max-image-preview:large, max-video-preview:-1\" \/>\n<link rel=\"canonical\" href=\"http:\/\/www.salesianos.edu\/revistasmx\/ca\/projecte-liban-la-missio-salesiana-no-enten-de-fronteres\/\" \/>\n<meta property=\"og:locale\" content=\"es_ES\" \/>\n<meta property=\"og:type\" content=\"article\" \/>\n<meta property=\"og:title\" content=\"Projecte L\u00edban: la missi\u00f3 salesiana no ent\u00e9n de fronteres - Revista SMX\" \/>\n<meta property=\"og:description\" content=\"Salesians Maria Auxiliadora (SMX) est\u00e9n la seva m\u00e0 cap a Salesians Orient Mitj\u00e0 (MOR) amb un projecte de col\u00b7laboraci\u00f3 m\u00fatua que busca establir una relaci\u00f3 afectiva i espiritual entre ambdues inspectories.\" \/>\n<meta property=\"og:url\" content=\"http:\/\/www.salesianos.edu\/revistasmx\/ca\/projecte-liban-la-missio-salesiana-no-enten-de-fronteres\/\" \/>\n<meta property=\"og:site_name\" content=\"Revista SMX\" \/>\n<meta property=\"article:published_time\" content=\"2022-11-04T09:12:26+00:00\" \/>\n<meta property=\"article:modified_time\" content=\"2022-11-04T10:22:51+00:00\" \/>\n<meta property=\"og:image\" content=\"http:\/\/www.salesianos.edu\/revistasmx\/wp-content\/uploads\/sites\/8\/2022\/11\/622fec47e46f5c9dcecda23fcacec88c_XL.jpeg\" \/>\n\t<meta property=\"og:image:width\" content=\"1024\" \/>\n\t<meta property=\"og:image:height\" content=\"768\" \/>\n\t<meta property=\"og:image:type\" content=\"image\/jpeg\" \/>\n<meta name=\"author\" content=\"martapeirat\" \/>\n<meta name=\"twitter:card\" content=\"summary_large_image\" \/>\n<meta name=\"twitter:label1\" content=\"Escrito por\" \/>\n\t<meta name=\"twitter:data1\" content=\"martapeirat\" \/>\n\t<meta name=\"twitter:label2\" content=\"Tiempo de lectura\" \/>\n\t<meta name=\"twitter:data2\" content=\"8 minutos\" \/>\n<script type=\"application\/ld+json\" class=\"yoast-schema-graph\">{\"@context\":\"https:\\\/\\\/schema.org\",\"@graph\":[{\"@type\":\"Article\",\"@id\":\"http:\\\/\\\/www.salesianos.edu\\\/revistasmx\\\/ca\\\/projecte-liban-la-missio-salesiana-no-enten-de-fronteres\\\/#article\",\"isPartOf\":{\"@id\":\"http:\\\/\\\/www.salesianos.edu\\\/revistasmx\\\/ca\\\/projecte-liban-la-missio-salesiana-no-enten-de-fronteres\\\/\"},\"author\":{\"name\":\"martapeirat\",\"@id\":\"http:\\\/\\\/www.salesianos.edu\\\/revistasmx\\\/#\\\/schema\\\/person\\\/20a80be1bb4e0ed82068c57facf5b237\"},\"headline\":\"Projecte L\u00edban: la missi\u00f3 salesiana no ent\u00e9n de fronteres\",\"datePublished\":\"2022-11-04T09:12:26+00:00\",\"dateModified\":\"2022-11-04T10:22:51+00:00\",\"mainEntityOfPage\":{\"@id\":\"http:\\\/\\\/www.salesianos.edu\\\/revistasmx\\\/ca\\\/projecte-liban-la-missio-salesiana-no-enten-de-fronteres\\\/\"},\"wordCount\":2041,\"commentCount\":0,\"image\":{\"@id\":\"http:\\\/\\\/www.salesianos.edu\\\/revistasmx\\\/ca\\\/projecte-liban-la-missio-salesiana-no-enten-de-fronteres\\\/#primaryimage\"},\"thumbnailUrl\":\"http:\\\/\\\/www.salesianos.edu\\\/revistasmx\\\/wp-content\\\/uploads\\\/sites\\\/8\\\/2022\\\/11\\\/622fec47e46f5c9dcecda23fcacec88c_XL.jpeg\",\"articleSection\":[\"A FONS\"],\"inLanguage\":\"es\",\"potentialAction\":[{\"@type\":\"CommentAction\",\"name\":\"Comment\",\"target\":[\"http:\\\/\\\/www.salesianos.edu\\\/revistasmx\\\/ca\\\/projecte-liban-la-missio-salesiana-no-enten-de-fronteres\\\/#respond\"]}]},{\"@type\":\"WebPage\",\"@id\":\"http:\\\/\\\/www.salesianos.edu\\\/revistasmx\\\/ca\\\/projecte-liban-la-missio-salesiana-no-enten-de-fronteres\\\/\",\"url\":\"http:\\\/\\\/www.salesianos.edu\\\/revistasmx\\\/ca\\\/projecte-liban-la-missio-salesiana-no-enten-de-fronteres\\\/\",\"name\":\"Projecte L\u00edban: la missi\u00f3 salesiana no ent\u00e9n de fronteres - Revista SMX\",\"isPartOf\":{\"@id\":\"http:\\\/\\\/www.salesianos.edu\\\/revistasmx\\\/#website\"},\"primaryImageOfPage\":{\"@id\":\"http:\\\/\\\/www.salesianos.edu\\\/revistasmx\\\/ca\\\/projecte-liban-la-missio-salesiana-no-enten-de-fronteres\\\/#primaryimage\"},\"image\":{\"@id\":\"http:\\\/\\\/www.salesianos.edu\\\/revistasmx\\\/ca\\\/projecte-liban-la-missio-salesiana-no-enten-de-fronteres\\\/#primaryimage\"},\"thumbnailUrl\":\"http:\\\/\\\/www.salesianos.edu\\\/revistasmx\\\/wp-content\\\/uploads\\\/sites\\\/8\\\/2022\\\/11\\\/622fec47e46f5c9dcecda23fcacec88c_XL.jpeg\",\"datePublished\":\"2022-11-04T09:12:26+00:00\",\"dateModified\":\"2022-11-04T10:22:51+00:00\",\"author\":{\"@id\":\"http:\\\/\\\/www.salesianos.edu\\\/revistasmx\\\/#\\\/schema\\\/person\\\/20a80be1bb4e0ed82068c57facf5b237\"},\"breadcrumb\":{\"@id\":\"http:\\\/\\\/www.salesianos.edu\\\/revistasmx\\\/ca\\\/projecte-liban-la-missio-salesiana-no-enten-de-fronteres\\\/#breadcrumb\"},\"inLanguage\":\"es\",\"potentialAction\":[{\"@type\":\"ReadAction\",\"target\":[\"http:\\\/\\\/www.salesianos.edu\\\/revistasmx\\\/ca\\\/projecte-liban-la-missio-salesiana-no-enten-de-fronteres\\\/\"]}]},{\"@type\":\"ImageObject\",\"inLanguage\":\"es\",\"@id\":\"http:\\\/\\\/www.salesianos.edu\\\/revistasmx\\\/ca\\\/projecte-liban-la-missio-salesiana-no-enten-de-fronteres\\\/#primaryimage\",\"url\":\"http:\\\/\\\/www.salesianos.edu\\\/revistasmx\\\/wp-content\\\/uploads\\\/sites\\\/8\\\/2022\\\/11\\\/622fec47e46f5c9dcecda23fcacec88c_XL.jpeg\",\"contentUrl\":\"http:\\\/\\\/www.salesianos.edu\\\/revistasmx\\\/wp-content\\\/uploads\\\/sites\\\/8\\\/2022\\\/11\\\/622fec47e46f5c9dcecda23fcacec88c_XL.jpeg\",\"width\":1024,\"height\":768},{\"@type\":\"BreadcrumbList\",\"@id\":\"http:\\\/\\\/www.salesianos.edu\\\/revistasmx\\\/ca\\\/projecte-liban-la-missio-salesiana-no-enten-de-fronteres\\\/#breadcrumb\",\"itemListElement\":[{\"@type\":\"ListItem\",\"position\":1,\"name\":\"Portada\",\"item\":\"https:\\\/\\\/www.salesianos.edu\\\/revistasmx\\\/\"},{\"@type\":\"ListItem\",\"position\":2,\"name\":\"Projecte L\u00edban: la missi\u00f3 salesiana no ent\u00e9n de fronteres\"}]},{\"@type\":\"WebSite\",\"@id\":\"http:\\\/\\\/www.salesianos.edu\\\/revistasmx\\\/#website\",\"url\":\"http:\\\/\\\/www.salesianos.edu\\\/revistasmx\\\/\",\"name\":\"Revista SMX\",\"description\":\"P\u00e1gina oficial de Inspector\u00eda Salesiana Mar\u00eda Auxiliadora\",\"potentialAction\":[{\"@type\":\"SearchAction\",\"target\":{\"@type\":\"EntryPoint\",\"urlTemplate\":\"http:\\\/\\\/www.salesianos.edu\\\/revistasmx\\\/?s={search_term_string}\"},\"query-input\":{\"@type\":\"PropertyValueSpecification\",\"valueRequired\":true,\"valueName\":\"search_term_string\"}}],\"inLanguage\":\"es\"},{\"@type\":\"Person\",\"@id\":\"http:\\\/\\\/www.salesianos.edu\\\/revistasmx\\\/#\\\/schema\\\/person\\\/20a80be1bb4e0ed82068c57facf5b237\",\"name\":\"martapeirat\",\"image\":{\"@type\":\"ImageObject\",\"inLanguage\":\"es\",\"@id\":\"https:\\\/\\\/secure.gravatar.com\\\/avatar\\\/1139b81b40ed1dde466563679597db378e7092bbfdd7ebb264c437fedde866d7?s=96&d=mm&r=g\",\"url\":\"https:\\\/\\\/secure.gravatar.com\\\/avatar\\\/1139b81b40ed1dde466563679597db378e7092bbfdd7ebb264c437fedde866d7?s=96&d=mm&r=g\",\"contentUrl\":\"https:\\\/\\\/secure.gravatar.com\\\/avatar\\\/1139b81b40ed1dde466563679597db378e7092bbfdd7ebb264c437fedde866d7?s=96&d=mm&r=g\",\"caption\":\"martapeirat\"}}]}<\/script>\n<!-- \/ Yoast SEO plugin. -->","yoast_head_json":{"title":"Projecte L\u00edban: la missi\u00f3 salesiana no ent\u00e9n de fronteres - Revista SMX","robots":{"index":"index","follow":"follow","max-snippet":"max-snippet:-1","max-image-preview":"max-image-preview:large","max-video-preview":"max-video-preview:-1"},"canonical":"http:\/\/www.salesianos.edu\/revistasmx\/ca\/projecte-liban-la-missio-salesiana-no-enten-de-fronteres\/","og_locale":"es_ES","og_type":"article","og_title":"Projecte L\u00edban: la missi\u00f3 salesiana no ent\u00e9n de fronteres - Revista SMX","og_description":"Salesians Maria Auxiliadora (SMX) est\u00e9n la seva m\u00e0 cap a Salesians Orient Mitj\u00e0 (MOR) amb un projecte de col\u00b7laboraci\u00f3 m\u00fatua que busca establir una relaci\u00f3 afectiva i espiritual entre ambdues inspectories.","og_url":"http:\/\/www.salesianos.edu\/revistasmx\/ca\/projecte-liban-la-missio-salesiana-no-enten-de-fronteres\/","og_site_name":"Revista SMX","article_published_time":"2022-11-04T09:12:26+00:00","article_modified_time":"2022-11-04T10:22:51+00:00","og_image":[{"width":1024,"height":768,"url":"http:\/\/www.salesianos.edu\/revistasmx\/wp-content\/uploads\/sites\/8\/2022\/11\/622fec47e46f5c9dcecda23fcacec88c_XL.jpeg","type":"image\/jpeg"}],"author":"martapeirat","twitter_card":"summary_large_image","twitter_misc":{"Escrito por":"martapeirat","Tiempo de lectura":"8 minutos"},"schema":{"@context":"https:\/\/schema.org","@graph":[{"@type":"Article","@id":"http:\/\/www.salesianos.edu\/revistasmx\/ca\/projecte-liban-la-missio-salesiana-no-enten-de-fronteres\/#article","isPartOf":{"@id":"http:\/\/www.salesianos.edu\/revistasmx\/ca\/projecte-liban-la-missio-salesiana-no-enten-de-fronteres\/"},"author":{"name":"martapeirat","@id":"http:\/\/www.salesianos.edu\/revistasmx\/#\/schema\/person\/20a80be1bb4e0ed82068c57facf5b237"},"headline":"Projecte L\u00edban: la missi\u00f3 salesiana no ent\u00e9n de fronteres","datePublished":"2022-11-04T09:12:26+00:00","dateModified":"2022-11-04T10:22:51+00:00","mainEntityOfPage":{"@id":"http:\/\/www.salesianos.edu\/revistasmx\/ca\/projecte-liban-la-missio-salesiana-no-enten-de-fronteres\/"},"wordCount":2041,"commentCount":0,"image":{"@id":"http:\/\/www.salesianos.edu\/revistasmx\/ca\/projecte-liban-la-missio-salesiana-no-enten-de-fronteres\/#primaryimage"},"thumbnailUrl":"http:\/\/www.salesianos.edu\/revistasmx\/wp-content\/uploads\/sites\/8\/2022\/11\/622fec47e46f5c9dcecda23fcacec88c_XL.jpeg","articleSection":["A FONS"],"inLanguage":"es","potentialAction":[{"@type":"CommentAction","name":"Comment","target":["http:\/\/www.salesianos.edu\/revistasmx\/ca\/projecte-liban-la-missio-salesiana-no-enten-de-fronteres\/#respond"]}]},{"@type":"WebPage","@id":"http:\/\/www.salesianos.edu\/revistasmx\/ca\/projecte-liban-la-missio-salesiana-no-enten-de-fronteres\/","url":"http:\/\/www.salesianos.edu\/revistasmx\/ca\/projecte-liban-la-missio-salesiana-no-enten-de-fronteres\/","name":"Projecte L\u00edban: la missi\u00f3 salesiana no ent\u00e9n de fronteres - Revista SMX","isPartOf":{"@id":"http:\/\/www.salesianos.edu\/revistasmx\/#website"},"primaryImageOfPage":{"@id":"http:\/\/www.salesianos.edu\/revistasmx\/ca\/projecte-liban-la-missio-salesiana-no-enten-de-fronteres\/#primaryimage"},"image":{"@id":"http:\/\/www.salesianos.edu\/revistasmx\/ca\/projecte-liban-la-missio-salesiana-no-enten-de-fronteres\/#primaryimage"},"thumbnailUrl":"http:\/\/www.salesianos.edu\/revistasmx\/wp-content\/uploads\/sites\/8\/2022\/11\/622fec47e46f5c9dcecda23fcacec88c_XL.jpeg","datePublished":"2022-11-04T09:12:26+00:00","dateModified":"2022-11-04T10:22:51+00:00","author":{"@id":"http:\/\/www.salesianos.edu\/revistasmx\/#\/schema\/person\/20a80be1bb4e0ed82068c57facf5b237"},"breadcrumb":{"@id":"http:\/\/www.salesianos.edu\/revistasmx\/ca\/projecte-liban-la-missio-salesiana-no-enten-de-fronteres\/#breadcrumb"},"inLanguage":"es","potentialAction":[{"@type":"ReadAction","target":["http:\/\/www.salesianos.edu\/revistasmx\/ca\/projecte-liban-la-missio-salesiana-no-enten-de-fronteres\/"]}]},{"@type":"ImageObject","inLanguage":"es","@id":"http:\/\/www.salesianos.edu\/revistasmx\/ca\/projecte-liban-la-missio-salesiana-no-enten-de-fronteres\/#primaryimage","url":"http:\/\/www.salesianos.edu\/revistasmx\/wp-content\/uploads\/sites\/8\/2022\/11\/622fec47e46f5c9dcecda23fcacec88c_XL.jpeg","contentUrl":"http:\/\/www.salesianos.edu\/revistasmx\/wp-content\/uploads\/sites\/8\/2022\/11\/622fec47e46f5c9dcecda23fcacec88c_XL.jpeg","width":1024,"height":768},{"@type":"BreadcrumbList","@id":"http:\/\/www.salesianos.edu\/revistasmx\/ca\/projecte-liban-la-missio-salesiana-no-enten-de-fronteres\/#breadcrumb","itemListElement":[{"@type":"ListItem","position":1,"name":"Portada","item":"https:\/\/www.salesianos.edu\/revistasmx\/"},{"@type":"ListItem","position":2,"name":"Projecte L\u00edban: la missi\u00f3 salesiana no ent\u00e9n de fronteres"}]},{"@type":"WebSite","@id":"http:\/\/www.salesianos.edu\/revistasmx\/#website","url":"http:\/\/www.salesianos.edu\/revistasmx\/","name":"Revista SMX","description":"P\u00e1gina oficial de Inspector\u00eda Salesiana Mar\u00eda Auxiliadora","potentialAction":[{"@type":"SearchAction","target":{"@type":"EntryPoint","urlTemplate":"http:\/\/www.salesianos.edu\/revistasmx\/?s={search_term_string}"},"query-input":{"@type":"PropertyValueSpecification","valueRequired":true,"valueName":"search_term_string"}}],"inLanguage":"es"},{"@type":"Person","@id":"http:\/\/www.salesianos.edu\/revistasmx\/#\/schema\/person\/20a80be1bb4e0ed82068c57facf5b237","name":"martapeirat","image":{"@type":"ImageObject","inLanguage":"es","@id":"https:\/\/secure.gravatar.com\/avatar\/1139b81b40ed1dde466563679597db378e7092bbfdd7ebb264c437fedde866d7?s=96&d=mm&r=g","url":"https:\/\/secure.gravatar.com\/avatar\/1139b81b40ed1dde466563679597db378e7092bbfdd7ebb264c437fedde866d7?s=96&d=mm&r=g","contentUrl":"https:\/\/secure.gravatar.com\/avatar\/1139b81b40ed1dde466563679597db378e7092bbfdd7ebb264c437fedde866d7?s=96&d=mm&r=g","caption":"martapeirat"}}]}},"_links":{"self":[{"href":"http:\/\/www.salesianos.edu\/revistasmx\/wp-json\/wp\/v2\/posts\/19411","targetHints":{"allow":["GET"]}}],"collection":[{"href":"http:\/\/www.salesianos.edu\/revistasmx\/wp-json\/wp\/v2\/posts"}],"about":[{"href":"http:\/\/www.salesianos.edu\/revistasmx\/wp-json\/wp\/v2\/types\/post"}],"author":[{"embeddable":true,"href":"http:\/\/www.salesianos.edu\/revistasmx\/wp-json\/wp\/v2\/users\/5"}],"replies":[{"embeddable":true,"href":"http:\/\/www.salesianos.edu\/revistasmx\/wp-json\/wp\/v2\/comments?post=19411"}],"version-history":[{"count":5,"href":"http:\/\/www.salesianos.edu\/revistasmx\/wp-json\/wp\/v2\/posts\/19411\/revisions"}],"predecessor-version":[{"id":19468,"href":"http:\/\/www.salesianos.edu\/revistasmx\/wp-json\/wp\/v2\/posts\/19411\/revisions\/19468"}],"wp:featuredmedia":[{"embeddable":true,"href":"http:\/\/www.salesianos.edu\/revistasmx\/wp-json\/wp\/v2\/media\/19351"}],"wp:attachment":[{"href":"http:\/\/www.salesianos.edu\/revistasmx\/wp-json\/wp\/v2\/media?parent=19411"}],"wp:term":[{"taxonomy":"category","embeddable":true,"href":"http:\/\/www.salesianos.edu\/revistasmx\/wp-json\/wp\/v2\/categories?post=19411"},{"taxonomy":"post_tag","embeddable":true,"href":"http:\/\/www.salesianos.edu\/revistasmx\/wp-json\/wp\/v2\/tags?post=19411"}],"curies":[{"name":"wp","href":"https:\/\/api.w.org\/{rel}","templated":true}]}}