{"id":19322,"date":"2022-11-04T09:30:31","date_gmt":"2022-11-04T08:30:31","guid":{"rendered":"https:\/\/www.salesianos.edu\/revistasmx\/?p=19322"},"modified":"2022-11-14T08:52:08","modified_gmt":"2022-11-14T07:52:08","slug":"proyecto-libano-la-mision-salesiana-no-entiende-de-fronteras","status":"publish","type":"post","link":"http:\/\/www.salesianos.edu\/revistasmx\/proyecto-libano-la-mision-salesiana-no-entiende-de-fronteras\/","title":{"rendered":"Proyecto L\u00edbano: la misi\u00f3n salesiana no entiende de fronteras"},"content":{"rendered":"<div id=\"fb-root\"><\/div>\n<p>[et_pb_section fb_built=\u00bb1&#8243; admin_label=\u00bbsection\u00bb _builder_version=\u00bb4.16&#8243; global_colors_info=\u00bb{}\u00bb][et_pb_row admin_label=\u00bbrow\u00bb _builder_version=\u00bb4.16&#8243; background_size=\u00bbinitial\u00bb background_position=\u00bbtop_left\u00bb background_repeat=\u00bbrepeat\u00bb global_colors_info=\u00bb{}\u00bb][et_pb_column type=\u00bb4_4&#8243; _builder_version=\u00bb4.16&#8243; custom_padding=\u00bb|||\u00bb global_colors_info=\u00bb{}\u00bb custom_padding__hover=\u00bb|||\u00bb][et_pb_code _builder_version=\u00bb4.19.0&#8243; _module_preset=\u00bbdefault\u00bb global_colors_info=\u00bb{}\u00bb]<iframe id='audio_96156734' frameborder='0' allowfullscreen='' scrolling='no' height='200' style='width:100%;' src='https:\/\/www.ivoox.com\/player_ej_96156734_6_1.html' loading='lazy'><\/iframe>[\/et_pb_code][et_pb_text _builder_version=\u00bb4.18.1&#8243; _module_preset=\u00bbdefault\u00bb global_colors_info=\u00bb{}\u00bb]<\/p>\n<p><span style=\"font-weight: 400\">Desde <\/span><a href=\"https:\/\/www.infoans.org\/es\/secciones\/noticias\/item\/14508-libano-el-llamamiento-de-los-salesianos-ante-un-pais-en-crisis\"><span style=\"font-weight: 400\"><strong>octubre de 2019 el L\u00edbano se encuentra en una crisis que contin\u00faa agudiz\u00e1ndose<\/strong>. <\/span><\/a><span style=\"font-weight: 400\">La quiebra de su sistema financiero y la devaluaci\u00f3n de su moneda deriv\u00f3 en consecuencias catastr\u00f3ficas sobre salarios e ingresos donde los precios han escalado de forma descontrolada. Adem\u00e1s, la tr\u00e1gica explosi\u00f3n en agosto de 2020 y la posterior ola de contagios del Covid-19 agrav\u00f3 a\u00fan m\u00e1s la situaci\u00f3n con una salida masiva del pa\u00eds pasando de ser un <span style=\"color: #ff0000\"><strong>pa\u00eds-modelo<\/strong><\/span>, destacado por el <strong>Papa San Juan Pablo II,<\/strong> a verse castigado por diferentes factores sociales, pol\u00edticos y econ\u00f3micos donde el Estado retir\u00f3 casi todos los subsidios. La mayor\u00eda de la poblaci\u00f3n se ha visto repentinamente empobrecida e incapaz de satisfacer las necesidades de una vida normal, teniendo que renunciar no s\u00f3lo a lo superfluo, sino tambi\u00e9n a lo necesario.<\/span><\/p>\n<blockquote>\n<p><span style=\"font-size: 14pt\"><em><span style=\"font-weight: 400\">\u201cPedimos oraciones por este pueblo, por estos j\u00f3venes y ni\u00f1os que tanto sufren\u201d, se\u00f1alan al describir la situaci\u00f3n, los Hijos de Don Bosco en el L\u00edbano. En este dram\u00e1tico contexto, los salesianos en el territorio, junto a personas laicas que participan en la misi\u00f3n, contin\u00faan trabajando con serenidad y determinaci\u00f3n y con todos los medios a su disposici\u00f3n, como signo de solidaridad y participaci\u00f3n, especialmente con quienes son m\u00e1s d\u00e9biles o marginados. Y son muchos, demasiados los ni\u00f1os, las ni\u00f1as y j\u00f3venes de la clase obrera, las personas refugiadas sirias e iraqu\u00edes, las familias necesitadas&#8230; Todos, sin distinci\u00f3n, son apoyados a trav\u00e9s de la educaci\u00f3n favorecida por becas, apoyo psicol\u00f3gico y material (distribuci\u00f3n de alimentos, medicinas, art\u00edculos para la higiene y limpieza&#8230;) y de proximidad (oratorios, centros juveniles, escuelas&#8230;).<\/span><\/em><\/span><\/p>\n<\/blockquote>\n<p>[\/et_pb_text][et_pb_blurb title=\u00bbProyecto L\u00edbano: una respuesta coordinada\u00bb content_max_width=\u00bb700px\u00bb _builder_version=\u00bb4.18.1&#8243; _module_preset=\u00bbdefault\u00bb global_colors_info=\u00bb{}\u00bb]<\/p>\n<p><span style=\"font-weight: 400\">El <span style=\"color: #ff0000\"><strong>inspector de Oriente Medio, Alejandro Leon<\/strong><\/span>, explica que los salesianos del L\u00edbano est\u00e1n tratando de ser <em><strong>\u201csignos y portadores del amor de Dios a los ni\u00f1os y j\u00f3venes m\u00e1s necesitados\u201d<\/strong><\/em>. En L\u00edbano hay 6 millones de personas de los cuales 2 son refugiados sirios, cristianos y musulmanes y trabajan tambi\u00e9n con la poblaci\u00f3n libanesa. \u201cAgradecemos de coraz\u00f3n a la inspector\u00eda Mar\u00eda Auxiliadora este hermanamiento que nos ayuda a estar siempre unidos en el carisma\u201d, a\u00f1aden.<\/span><\/p>\n<p><span style=\"font-weight: 400\">El Proyecto L\u00edbano surge del <\/span><span style=\"font-weight: 400\">compromiso que tomaron las inspector\u00edas de la Regi\u00f3n Mediterr\u00e1nea en apoyo de la del Medio Oriente en 2019 donde el<img loading=\"lazy\" decoding=\"async\" class=\"wp-image-19346  alignright\" src=\"https:\/\/www.salesianos.edu\/revistasmx\/wp-content\/uploads\/sites\/8\/2022\/11\/Libano-SMX--150x150.jpg\" alt=\"\" width=\"221\" height=\"221\" \/> Rector Mayor <\/span><span style=\"font-weight: 400\">present\u00f3 est\u00e1 inspector\u00eda como \u201cfrontera misionera\u201d.<\/span><span style=\"font-weight: 400\"><em><strong> \u00abCada inspector\u00eda occidental deb\u00eda establecer v\u00ednculos de relaci\u00f3n con algunas casas concretas de la Inspector\u00eda MOR. A la nuestra SMX le correspondi\u00f3 establecer una relaci\u00f3n con las obras salesianas en L\u00edbano\u00bb<\/strong><\/em>, comparte <span style=\"color: #ff0000\"><strong>Jos\u00e9 Luis Navarro, coordinador inspectorial de Animaci\u00f3n Misionera<\/strong><\/span>.\u00a0<\/span><\/p>\n<p><span style=\"font-weight: 400\">Tras el par\u00f3n de la pandemia, el tema se reactiva en noviembre de 2021 por parte de los inspectores de SMX y MOR, y en enero de 2022 el vicario inspectorial y el coordinador inspectorial de Animaci\u00f3n Misionera viajan al pa\u00eds de los cedros para conocer de primera mano la situaci\u00f3n en una <\/span><strong><a href=\"https:\/\/salesianos.info\/blog\/una-mirada-salesiana-a-oriente-medio-el-sueno-de-don-bosco-en-el-libano\/\">primera toma de contacto desarrollada del 31 de enero al 7 de febrero con la primera visita oficial.<\/a><\/strong><\/p>\n<blockquote>\n<p><span style=\"font-size: 14pt\"><em><span style=\"font-weight: 400\">Para <\/span><b>Jos\u00e9 Luis Navarro<\/b><span style=\"font-weight: 400\"> la primera impresi\u00f3n al conocer las presencias salesianas del L\u00edbano fue muy positiva. \u201cUno se siente en casa, uno siente que el esp\u00edritu de Don Bosco no tiene fronteras ni barreras, al contrario se incultura dentro de cada territorio tratando de acoger lo mejor que tiene. Escuchar y ver c\u00f3mo lo salesiano tambi\u00e9n se expresa en lengua \u00e1rabe es una experiencia muy gratificante a nivel personal\u201d, explica.<\/span><\/em><\/span><\/p>\n<\/blockquote>\n<p><span style=\"font-weight: 400\">\u201cCuando uno va acerc\u00e1ndose a esta realidad se da cuenta de c\u00f3mo es posible una labor salesiana en situaciones tan complejas, con esa pobreza, la acogida de refugiados o la dif\u00edcil convivencia. Todo esto hace ver que el granito de arena de la congregaci\u00f3n salesiana es un destello de luz en esa regi\u00f3n\u201d, comparte sobre algunos de los detalles que marcaron la primera toma de contacto.<\/span><\/p>\n<blockquote>\n<p><span style=\"font-size: 14pt\"><em><span style=\"font-weight: 400\">Para <\/span><b>Fernando Miranda, vicario inspectorial<\/b><span style=\"font-weight: 400\">, viajar al L\u00edbano ha sido una oportunidad de conocer a salesianos, laicos, Familia Salesiana comprometidos y vinculados al\u00a0 carisma de Don Bosco. \u201cCon una experiencia de vida, marcada por algunos elementos que la condicionan de manera fuerte, como la crisis o momentos de guerra, me lleg\u00f3 profundamente el ver que aquella realidad es tan salesiana como la m\u00eda. Con unos ni\u00f1os y j\u00f3venes que viven a Don Bosco y lo testimonian con su alegr\u00eda, el encuentro, la felicidad a pesar de que muchas veces encuentras al ej\u00e9rcito o\u00a0 los puestos de control, pero el compromiso y la fe de este pueblo sigue siendo muy grande\u201d explicaba.\u00a0<\/span><\/em><\/span><\/p>\n<\/blockquote>\n<p>[\/et_pb_blurb][\/et_pb_column][\/et_pb_row][et_pb_row column_structure=\u00bb1_3,1_3,1_3&#8243; _builder_version=\u00bb4.18.1&#8243; _module_preset=\u00bbdefault\u00bb global_colors_info=\u00bb{}\u00bb][et_pb_column type=\u00bb1_3&#8243; _builder_version=\u00bb4.18.1&#8243; _module_preset=\u00bbdefault\u00bb global_colors_info=\u00bb{}\u00bb][et_pb_image src=\u00bbhttps:\/\/www.salesianos.edu\/revistasmx\/wp-content\/uploads\/sites\/8\/2022\/11\/IMG-20220721-WA0001.jpg\u00bb title_text=\u00bbIMG-20220721-WA0001&#8243; _builder_version=\u00bb4.18.1&#8243; _module_preset=\u00bbdefault\u00bb global_colors_info=\u00bb{}\u00bb][\/et_pb_image][\/et_pb_column][et_pb_column type=\u00bb1_3&#8243; _builder_version=\u00bb4.18.1&#8243; _module_preset=\u00bbdefault\u00bb global_colors_info=\u00bb{}\u00bb][et_pb_image src=\u00bbhttps:\/\/www.salesianos.edu\/revistasmx\/wp-content\/uploads\/sites\/8\/2022\/11\/Captura-de-pantalla-2022-11-04-a-las-9.57.09.png\u00bb title_text=\u00bbCaptura de pantalla 2022-11-04 a las 9.57.09&#8243; _builder_version=\u00bb4.18.1&#8243; _module_preset=\u00bbdefault\u00bb global_colors_info=\u00bb{}\u00bb][\/et_pb_image][\/et_pb_column][et_pb_column type=\u00bb1_3&#8243; _builder_version=\u00bb4.18.1&#8243; _module_preset=\u00bbdefault\u00bb global_colors_info=\u00bb{}\u00bb][et_pb_image src=\u00bbhttps:\/\/www.salesianos.edu\/revistasmx\/wp-content\/uploads\/sites\/8\/2022\/11\/IMG-20220722-WA0050.jpg\u00bb title_text=\u00bbIMG-20220722-WA0050&#8243; _builder_version=\u00bb4.18.1&#8243; _module_preset=\u00bbdefault\u00bb global_colors_info=\u00bb{}\u00bb][\/et_pb_image][\/et_pb_column][\/et_pb_row][et_pb_row _builder_version=\u00bb4.18.1&#8243; _module_preset=\u00bbdefault\u00bb global_colors_info=\u00bb{}\u00bb][et_pb_column type=\u00bb4_4&#8243; _builder_version=\u00bb4.18.1&#8243; _module_preset=\u00bbdefault\u00bb global_colors_info=\u00bb{}\u00bb][et_pb_blurb title=\u00bbTres presencias salesianas con mucha vitalidad\u00bb content_max_width=\u00bb700px\u00bb _builder_version=\u00bb4.18.1&#8243; _module_preset=\u00bbdefault\u00bb global_colors_info=\u00bb{}\u00bb]<\/p>\n<p><span style=\"font-weight: 400\">La presencia salesiana en el L\u00edbano se concreta actualmente en tres obras atendidas por una \u00fanica comunidad salesiana de cuatro hermanos:<img loading=\"lazy\" decoding=\"async\" class=\"wp-image-19345  alignright\" src=\"https:\/\/www.salesianos.edu\/revistasmx\/wp-content\/uploads\/sites\/8\/2022\/11\/Libano-SMX-6-150x150.jpg\" alt=\"\" width=\"193\" height=\"193\" \/><\/span><\/p>\n<p><span style=\"font-weight: 400\">1-<\/span><b>Salesianos El Fidar, Jbeil (Byblos)<\/b><\/p>\n<p><span style=\"font-weight: 400\">El centro de la presencia salesiana, donde reside la comunidad, est\u00e1 en la poblaci\u00f3n de <\/span><b><i>Jbeil<\/i><\/b><span style=\"font-weight: 400\"> en el barrio de <\/span><b><i>El Fidar<\/i><\/b><span style=\"font-weight: 400\">, junto a la costa mediterr\u00e1nea.\u00a0<\/span><\/p>\n<p><span style=\"font-weight: 400\">La escuela de Formaci\u00f3n Profesional \u2018Lyc\u00e9e professionnel Don Bosco Technique\u2019 cuenta con 250 alumnos pero podr\u00eda acoger a 500. Es la segunda escuela del pa\u00eds en calidad educativa y n\u00famero de alumnos. La presencia tambi\u00e9n cuenta con un albergue juvenil para 30 personas, donde se realizan cursos de animadores y retiros.<\/span><\/p>\n<p><b>2-Salesianos El Houssoun, Jbeil (Byblos)<img loading=\"lazy\" decoding=\"async\" class=\"wp-image-19347  alignright\" src=\"https:\/\/www.salesianos.edu\/revistasmx\/wp-content\/uploads\/sites\/8\/2022\/11\/IMG-20220721-WA0055-150x150.jpg\" alt=\"\" width=\"187\" height=\"187\" \/><\/b><\/p>\n<p><span style=\"font-weight: 400\">En las monta\u00f1as, en la misma poblaci\u00f3n de <\/span><i><span style=\"font-weight: 400\">Jbeil<\/span><\/i><span style=\"font-weight: 400\">, est\u00e1 la casa salesiana de <\/span><b><i>El Houssoun<\/i><\/b><span style=\"font-weight: 400\"> distante unos 13 km del barrio de <\/span><i><span style=\"font-weight: 400\">El Fidar<\/span><\/i><span style=\"font-weight: 400\">. Acoge las actividades de los oratorios juveniles los viernes y los s\u00e1bados para ni\u00f1os y ni\u00f1as libaneses y para ni\u00f1as y ni\u00f1os refugiados iraqu\u00edes y sirios. Para facilitar la participaci\u00f3n de ni\u00f1os, ni\u00f1as y j\u00f3venes en las actividades de tiempo libre los salesianos deben alquilar peque\u00f1os autobuses que los recogen desde muy diferentes pueblos y barrios de Beirut para trasladarlos hasta el Houssoum. La principal actividad de la casa se desarrolla durante el verano con la participaci\u00f3n de m\u00e1s de 800 ni\u00f1os, ni\u00f1as y j\u00f3venes atendidos por la comunidad salesiana, j\u00f3venes voluntarios y voluntarias misioneros de la inspector\u00eda MOR y voluntarios del MJS que viven en L\u00edbano.<\/span><\/p>\n<p><b>3- <\/b><b><i>Angels of pace<\/i><\/b><b>, Beirut<img loading=\"lazy\" decoding=\"async\" class=\"wp-image-19342  alignright\" src=\"https:\/\/www.salesianos.edu\/revistasmx\/wp-content\/uploads\/sites\/8\/2022\/11\/271728220_1325949337858745_5377808458784482134_n-150x150.jpeg\" alt=\"\" width=\"181\" height=\"181\" \/><\/b><\/p>\n<p><span style=\"font-weight: 400\">En uno de los suburbios de Beirut se encuentra esta peque\u00f1a escuela privada desde Infantil hasta Secundaria para 230 alumnos iraqu\u00edes cristianos, todos ellos hijos de refugiados. Dada la crisis tan grande sufrida en el pa\u00eds las escuelas p\u00fablicas no pueden hacerse cargo de estos ni\u00f1os, ni\u00f1as y adolescentes refugiados. La escuela, no gubernamental, no tiene por tanto un reconocimiento oficial, pero realiza una labor educativa de primer orden. Est\u00e1 sostenida principalmente por El Vaticano a trav\u00e9s de la <\/span><i><span style=\"font-weight: 400\">Catholic Near East Welfare Association<\/span><\/i><span style=\"font-weight: 400\"> y diversos fondos privados.<\/span><\/p>\n<p>[\/et_pb_blurb][et_pb_blurb title=\u00bb\u00bfEn qu\u00e9 se concreta la relaci\u00f3n entre Espa\u00f1a y el L\u00edbano?\u00bb content_max_width=\u00bb700px\u00bb _builder_version=\u00bb4.18.1&#8243; _module_preset=\u00bbdefault\u00bb global_colors_info=\u00bb{}\u00bb]<\/p>\n<p><span style=\"font-weight: 400\">El objetivo principal del <span style=\"color: #ff0000\"><strong>Proyecto L\u00edbano<\/strong><\/span> es <\/span><span style=\"font-weight: 400\">generar y reforzar una relaci\u00f3n afectiva y espiritual hacia la Inspector\u00eda MOR animando la oraci\u00f3n por la paz en el Medio Oriente y la colaboraci\u00f3n mutua. Tambi\u00e9n se quiere establecer a trav\u00e9s de la ONGD Bosco Global y la Oficina de Desarrollo Salesiana de la Inspector\u00eda de MOR una red de apoyo a nivel econ\u00f3mico para favorecer aquellos proyectos que llegan directamente a las personas y a la mejora de la calidad de vida, as\u00ed como otras iniciativas que se est\u00e1n preparando y programando para los pr\u00f3ximos cursos.<\/span><\/p>\n<p><img loading=\"lazy\" decoding=\"async\" class=\"wp-image-19344  alignright\" src=\"https:\/\/www.salesianos.edu\/revistasmx\/wp-content\/uploads\/sites\/8\/2022\/11\/IMG-20220721-WA0040-150x150.jpg\" alt=\"\" width=\"214\" height=\"214\" \/><\/p>\n<p><span style=\"font-weight: 400\">En esta coordinaci\u00f3n con Bosco Global\u00a0 se est\u00e1 trabajando conjuntamente para configurar tres acciones concretas en L\u00edbano:<\/span><span style=\"font-weight: 400\"><br \/><\/span><\/p>\n<ul>\n<li style=\"font-weight: 400\"><span style=\"font-weight: 400\">una propuesta de voluntariado internacional para el pr\u00f3ximo verano de 2023, que se lanzar\u00e1 en el mes de noviembre.<\/span><\/li>\n<li style=\"font-weight: 400\"><span style=\"font-weight: 400\">desarrollar una campa\u00f1a de sensibilizaci\u00f3n que permita dar a conocer en los ambientes la realidad social, cultural y econ\u00f3mica,<\/span><\/li>\n<li style=\"font-weight: 400\"><span style=\"font-weight: 400\">colaborar en proyecto de Cooperaci\u00f3n Internacional de apoyo a la escuela t\u00e9cnica, y as\u00ed como otras intervenciones que estrechar\u00e1n lazos fraternales con la misi\u00f3n salesiana de medio oriente.<\/span><\/li>\n<\/ul>\n<p><a href=\"https:\/\/salesianos.info\/blog\/verano-salesiano-en-el-oriente-medio\/\"><span style=\"font-weight: 400\"><strong>En este sentido, durante las actividades propias del verano salesiano, se desarroll\u00f3 el primer encuentro. Del 16 al 22 de julio de 2022, PabloBaltasar, Cristina Mart\u00ednez y Jos\u00e9 Luis Navarro<\/strong><\/span><\/a><span style=\"font-weight: 400\">, como representantes de SMX, viajaron para conocer de primera mano la labor que los salesianos realizan en atenci\u00f3n a ni\u00f1os, ni\u00f1as y j\u00f3venes de Siria, Iraq y el L\u00edbano que residen en el pa\u00eds.\u00a0<\/span><\/p>\n<p><span style=\"font-weight: 400\">Estas visitas tendr\u00e1n dos nuevas fechas en el calendario durante del 10 al 16 de abril en El Fidar, y la puesta en marcha de la escuela de animadores del 19 al 29 de junio en la casa de El Houssoum.<\/span><\/p>\n<blockquote>\n<p><span style=\"font-size: 14pt\"><em><span style=\"font-weight: 400\"><span style=\"color: #ff0000\"><strong>Cristina Mart\u00ednez<\/strong> <\/span>explica que para ella fue muy llamativo que la forma de tratar con los ni\u00f1os\u00a0 y j\u00f3venes, incluso la propia din\u00e1mica de las actividades era muy similar a lo que se hace en los centros juveniles de Espa\u00f1a. \u201cEra muy bonito que, a pesar de las dificultades, las personas hacen un gran esfuerzo para que los ni\u00f1os y las ni\u00f1as se sientan acogidos y puedan sentir por un momento que est\u00e1n en un lugar en el que se les quiere y donde pueden crecer tranquilos\u201d.<\/span><\/em><\/span><\/p>\n<p><span style=\"font-size: 14pt\"><em><span style=\"font-weight: 400\">Sin embargo para <span style=\"color: #ff0000\"><strong>Pablo Baltasar<\/strong><\/span> conocer las presencias del L\u00edbano supuso un descubrimiento \u00fanico que le abri\u00f3 la mente y las fronteras personales de una manera espectacular. \u201cEl acercamiento a esta vivencia misionera me trajo un cambio en mi vida a la hora de pensar por los dem\u00e1s, para los dem\u00e1s y hacia los dem\u00e1s a la hora de dar la vida pensando en \u2018Abrir caminos\u2019 m\u00e1s all\u00e1 de lo local. Fue una experiencia de enriquecimiento, de vida y de alegr\u00eda en plenitud\u201d, concluye.<\/span><\/em><\/span><\/p>\n<\/blockquote>\n<p>[\/et_pb_blurb][et_pb_text _builder_version=\u00bb4.18.1&#8243; _module_preset=\u00bbdefault\u00bb global_colors_info=\u00bb{}\u00bb]<\/p>\n<p><span style=\"font-size: 18pt\"><b>El \u2018pa\u00eds mensaje\u2019, como dijo San Juan Pablo II<\/b><\/span><\/p>\n<p><span style=\"font-weight: 400\"><strong>Sembrar alegr\u00eda, confianza y esperanza<\/strong>, as\u00ed como dar ayuda concreta, sigue siendo el objetivo primordial de los Salesianos en la situaci\u00f3n actual del L\u00edbano. Se espera el d\u00eda en que la luz finalmente triunfe y el L\u00edbano vuelva a convertirse en el <\/span><strong><a href=\"https:\/\/www.vaticannews.va\/es\/papa\/news\/2020-08\/los-papas-y-el-llbano-un-vinculo-de-amor-y-de-compasion.html\">\u00abpa\u00eds mensaje\u00bb descrito por el Papa San Juan Pablo II,<\/a><\/strong><span style=\"font-weight: 400\"> pa\u00eds con una misi\u00f3n particular en el concierto de las naciones y en el plan de Dios. Que el Proyecto L\u00edbano sirva para <strong>abrir nuevos caminos en la construcci\u00f3n de este proyecto com\u00fan.<\/strong><\/span><\/p>\n<p>[\/et_pb_text][deg_elastic_gallery gallery_ids=\u00bb19349,19350,19351,19352,19353,19354,19355,19356,19357,19358,19359,19360,19361,19362,19363,19364,19365,19366,19367,19368,19369,19370,19371,19372,19373,19374,19375,19376,19377,19378,19379,19380,19381,19382,19383,19384,19385,19386,19387,19388,19389,19390,19391,19392,19393,19394,19395,19396,19397&#8243; _builder_version=\u00bb4.18.1&#8243; _module_preset=\u00bbdefault\u00bb global_colors_info=\u00bb{}\u00bb][\/deg_elastic_gallery][et_pb_cta _builder_version=\u00bb4.18.1&#8243; _module_preset=\u00bbdefault\u00bb global_colors_info=\u00bb{}\u00bb][\/et_pb_cta][\/et_pb_column][\/et_pb_row][\/et_pb_section]<\/p>\n","protected":false},"excerpt":{"rendered":"<p>Salesianos Mar\u00eda Auxiliadora (SMX) tiende su mano hacia Salesianos Medio Oriente (MOR) con un proyecto de colaboraci\u00f3n mutua que busca establecer una relaci\u00f3n afectiva y espiritual entre ambas inspector\u00edas.<\/p>\n","protected":false},"author":5,"featured_media":19351,"comment_status":"open","ping_status":"closed","sticky":false,"template":"","format":"standard","meta":{"_et_pb_use_builder":"on","_et_pb_old_content":"","_et_gb_content_width":"","footnotes":""},"categories":[34],"tags":[],"class_list":["post-19322","post","type-post","status-publish","format-standard","has-post-thumbnail","hentry","category-a-fondo"],"yoast_head":"<!-- This site is optimized with the Yoast SEO plugin v27.5 - https:\/\/yoast.com\/product\/yoast-seo-wordpress\/ -->\n<title>Proyecto L\u00edbano: la misi\u00f3n salesiana no entiende de fronteras - Revista SMX<\/title>\n<meta name=\"robots\" content=\"index, follow, max-snippet:-1, max-image-preview:large, max-video-preview:-1\" \/>\n<link rel=\"canonical\" href=\"http:\/\/www.salesianos.edu\/revistasmx\/proyecto-libano-la-mision-salesiana-no-entiende-de-fronteras\/\" \/>\n<meta property=\"og:locale\" content=\"es_ES\" \/>\n<meta property=\"og:type\" content=\"article\" \/>\n<meta property=\"og:title\" content=\"Proyecto L\u00edbano: la misi\u00f3n salesiana no entiende de fronteras - Revista SMX\" \/>\n<meta property=\"og:description\" content=\"Salesianos Mar\u00eda Auxiliadora (SMX) tiende su mano hacia Salesianos Medio Oriente (MOR) con un proyecto de colaboraci\u00f3n mutua que busca establecer una relaci\u00f3n afectiva y espiritual entre ambas inspector\u00edas.\" \/>\n<meta property=\"og:url\" content=\"http:\/\/www.salesianos.edu\/revistasmx\/proyecto-libano-la-mision-salesiana-no-entiende-de-fronteras\/\" \/>\n<meta property=\"og:site_name\" content=\"Revista SMX\" \/>\n<meta property=\"article:published_time\" content=\"2022-11-04T08:30:31+00:00\" \/>\n<meta property=\"article:modified_time\" content=\"2022-11-14T07:52:08+00:00\" \/>\n<meta property=\"og:image\" content=\"http:\/\/www.salesianos.edu\/revistasmx\/wp-content\/uploads\/sites\/8\/2022\/11\/622fec47e46f5c9dcecda23fcacec88c_XL.jpeg\" \/>\n\t<meta property=\"og:image:width\" content=\"1024\" \/>\n\t<meta property=\"og:image:height\" content=\"768\" \/>\n\t<meta property=\"og:image:type\" content=\"image\/jpeg\" \/>\n<meta name=\"author\" content=\"martapeirat\" \/>\n<meta name=\"twitter:card\" content=\"summary_large_image\" \/>\n<meta name=\"twitter:label1\" content=\"Escrito por\" \/>\n\t<meta name=\"twitter:data1\" content=\"martapeirat\" \/>\n\t<meta name=\"twitter:label2\" content=\"Tiempo de lectura\" \/>\n\t<meta name=\"twitter:data2\" content=\"9 minutos\" \/>\n<script type=\"application\/ld+json\" class=\"yoast-schema-graph\">{\"@context\":\"https:\\\/\\\/schema.org\",\"@graph\":[{\"@type\":\"Article\",\"@id\":\"http:\\\/\\\/www.salesianos.edu\\\/revistasmx\\\/proyecto-libano-la-mision-salesiana-no-entiende-de-fronteras\\\/#article\",\"isPartOf\":{\"@id\":\"http:\\\/\\\/www.salesianos.edu\\\/revistasmx\\\/proyecto-libano-la-mision-salesiana-no-entiende-de-fronteras\\\/\"},\"author\":{\"name\":\"martapeirat\",\"@id\":\"http:\\\/\\\/www.salesianos.edu\\\/revistasmx\\\/#\\\/schema\\\/person\\\/20a80be1bb4e0ed82068c57facf5b237\"},\"headline\":\"Proyecto L\u00edbano: la misi\u00f3n salesiana no entiende de fronteras\",\"datePublished\":\"2022-11-04T08:30:31+00:00\",\"dateModified\":\"2022-11-14T07:52:08+00:00\",\"mainEntityOfPage\":{\"@id\":\"http:\\\/\\\/www.salesianos.edu\\\/revistasmx\\\/proyecto-libano-la-mision-salesiana-no-entiende-de-fronteras\\\/\"},\"wordCount\":2179,\"commentCount\":0,\"image\":{\"@id\":\"http:\\\/\\\/www.salesianos.edu\\\/revistasmx\\\/proyecto-libano-la-mision-salesiana-no-entiende-de-fronteras\\\/#primaryimage\"},\"thumbnailUrl\":\"http:\\\/\\\/www.salesianos.edu\\\/revistasmx\\\/wp-content\\\/uploads\\\/sites\\\/8\\\/2022\\\/11\\\/622fec47e46f5c9dcecda23fcacec88c_XL.jpeg\",\"articleSection\":[\"A FONDO\"],\"inLanguage\":\"es\",\"potentialAction\":[{\"@type\":\"CommentAction\",\"name\":\"Comment\",\"target\":[\"http:\\\/\\\/www.salesianos.edu\\\/revistasmx\\\/proyecto-libano-la-mision-salesiana-no-entiende-de-fronteras\\\/#respond\"]}]},{\"@type\":\"WebPage\",\"@id\":\"http:\\\/\\\/www.salesianos.edu\\\/revistasmx\\\/proyecto-libano-la-mision-salesiana-no-entiende-de-fronteras\\\/\",\"url\":\"http:\\\/\\\/www.salesianos.edu\\\/revistasmx\\\/proyecto-libano-la-mision-salesiana-no-entiende-de-fronteras\\\/\",\"name\":\"Proyecto L\u00edbano: la misi\u00f3n salesiana no entiende de fronteras - Revista SMX\",\"isPartOf\":{\"@id\":\"http:\\\/\\\/www.salesianos.edu\\\/revistasmx\\\/#website\"},\"primaryImageOfPage\":{\"@id\":\"http:\\\/\\\/www.salesianos.edu\\\/revistasmx\\\/proyecto-libano-la-mision-salesiana-no-entiende-de-fronteras\\\/#primaryimage\"},\"image\":{\"@id\":\"http:\\\/\\\/www.salesianos.edu\\\/revistasmx\\\/proyecto-libano-la-mision-salesiana-no-entiende-de-fronteras\\\/#primaryimage\"},\"thumbnailUrl\":\"http:\\\/\\\/www.salesianos.edu\\\/revistasmx\\\/wp-content\\\/uploads\\\/sites\\\/8\\\/2022\\\/11\\\/622fec47e46f5c9dcecda23fcacec88c_XL.jpeg\",\"datePublished\":\"2022-11-04T08:30:31+00:00\",\"dateModified\":\"2022-11-14T07:52:08+00:00\",\"author\":{\"@id\":\"http:\\\/\\\/www.salesianos.edu\\\/revistasmx\\\/#\\\/schema\\\/person\\\/20a80be1bb4e0ed82068c57facf5b237\"},\"breadcrumb\":{\"@id\":\"http:\\\/\\\/www.salesianos.edu\\\/revistasmx\\\/proyecto-libano-la-mision-salesiana-no-entiende-de-fronteras\\\/#breadcrumb\"},\"inLanguage\":\"es\",\"potentialAction\":[{\"@type\":\"ReadAction\",\"target\":[\"http:\\\/\\\/www.salesianos.edu\\\/revistasmx\\\/proyecto-libano-la-mision-salesiana-no-entiende-de-fronteras\\\/\"]}]},{\"@type\":\"ImageObject\",\"inLanguage\":\"es\",\"@id\":\"http:\\\/\\\/www.salesianos.edu\\\/revistasmx\\\/proyecto-libano-la-mision-salesiana-no-entiende-de-fronteras\\\/#primaryimage\",\"url\":\"http:\\\/\\\/www.salesianos.edu\\\/revistasmx\\\/wp-content\\\/uploads\\\/sites\\\/8\\\/2022\\\/11\\\/622fec47e46f5c9dcecda23fcacec88c_XL.jpeg\",\"contentUrl\":\"http:\\\/\\\/www.salesianos.edu\\\/revistasmx\\\/wp-content\\\/uploads\\\/sites\\\/8\\\/2022\\\/11\\\/622fec47e46f5c9dcecda23fcacec88c_XL.jpeg\",\"width\":1024,\"height\":768},{\"@type\":\"BreadcrumbList\",\"@id\":\"http:\\\/\\\/www.salesianos.edu\\\/revistasmx\\\/proyecto-libano-la-mision-salesiana-no-entiende-de-fronteras\\\/#breadcrumb\",\"itemListElement\":[{\"@type\":\"ListItem\",\"position\":1,\"name\":\"Portada\",\"item\":\"https:\\\/\\\/www.salesianos.edu\\\/revistasmx\\\/\"},{\"@type\":\"ListItem\",\"position\":2,\"name\":\"Proyecto L\u00edbano: la misi\u00f3n salesiana no entiende de fronteras\"}]},{\"@type\":\"WebSite\",\"@id\":\"http:\\\/\\\/www.salesianos.edu\\\/revistasmx\\\/#website\",\"url\":\"http:\\\/\\\/www.salesianos.edu\\\/revistasmx\\\/\",\"name\":\"Revista SMX\",\"description\":\"P\u00e1gina oficial de Inspector\u00eda Salesiana Mar\u00eda Auxiliadora\",\"potentialAction\":[{\"@type\":\"SearchAction\",\"target\":{\"@type\":\"EntryPoint\",\"urlTemplate\":\"http:\\\/\\\/www.salesianos.edu\\\/revistasmx\\\/?s={search_term_string}\"},\"query-input\":{\"@type\":\"PropertyValueSpecification\",\"valueRequired\":true,\"valueName\":\"search_term_string\"}}],\"inLanguage\":\"es\"},{\"@type\":\"Person\",\"@id\":\"http:\\\/\\\/www.salesianos.edu\\\/revistasmx\\\/#\\\/schema\\\/person\\\/20a80be1bb4e0ed82068c57facf5b237\",\"name\":\"martapeirat\",\"image\":{\"@type\":\"ImageObject\",\"inLanguage\":\"es\",\"@id\":\"https:\\\/\\\/secure.gravatar.com\\\/avatar\\\/1139b81b40ed1dde466563679597db378e7092bbfdd7ebb264c437fedde866d7?s=96&d=mm&r=g\",\"url\":\"https:\\\/\\\/secure.gravatar.com\\\/avatar\\\/1139b81b40ed1dde466563679597db378e7092bbfdd7ebb264c437fedde866d7?s=96&d=mm&r=g\",\"contentUrl\":\"https:\\\/\\\/secure.gravatar.com\\\/avatar\\\/1139b81b40ed1dde466563679597db378e7092bbfdd7ebb264c437fedde866d7?s=96&d=mm&r=g\",\"caption\":\"martapeirat\"}}]}<\/script>\n<!-- \/ Yoast SEO plugin. -->","yoast_head_json":{"title":"Proyecto L\u00edbano: la misi\u00f3n salesiana no entiende de fronteras - Revista SMX","robots":{"index":"index","follow":"follow","max-snippet":"max-snippet:-1","max-image-preview":"max-image-preview:large","max-video-preview":"max-video-preview:-1"},"canonical":"http:\/\/www.salesianos.edu\/revistasmx\/proyecto-libano-la-mision-salesiana-no-entiende-de-fronteras\/","og_locale":"es_ES","og_type":"article","og_title":"Proyecto L\u00edbano: la misi\u00f3n salesiana no entiende de fronteras - Revista SMX","og_description":"Salesianos Mar\u00eda Auxiliadora (SMX) tiende su mano hacia Salesianos Medio Oriente (MOR) con un proyecto de colaboraci\u00f3n mutua que busca establecer una relaci\u00f3n afectiva y espiritual entre ambas inspector\u00edas.","og_url":"http:\/\/www.salesianos.edu\/revistasmx\/proyecto-libano-la-mision-salesiana-no-entiende-de-fronteras\/","og_site_name":"Revista SMX","article_published_time":"2022-11-04T08:30:31+00:00","article_modified_time":"2022-11-14T07:52:08+00:00","og_image":[{"width":1024,"height":768,"url":"http:\/\/www.salesianos.edu\/revistasmx\/wp-content\/uploads\/sites\/8\/2022\/11\/622fec47e46f5c9dcecda23fcacec88c_XL.jpeg","type":"image\/jpeg"}],"author":"martapeirat","twitter_card":"summary_large_image","twitter_misc":{"Escrito por":"martapeirat","Tiempo de lectura":"9 minutos"},"schema":{"@context":"https:\/\/schema.org","@graph":[{"@type":"Article","@id":"http:\/\/www.salesianos.edu\/revistasmx\/proyecto-libano-la-mision-salesiana-no-entiende-de-fronteras\/#article","isPartOf":{"@id":"http:\/\/www.salesianos.edu\/revistasmx\/proyecto-libano-la-mision-salesiana-no-entiende-de-fronteras\/"},"author":{"name":"martapeirat","@id":"http:\/\/www.salesianos.edu\/revistasmx\/#\/schema\/person\/20a80be1bb4e0ed82068c57facf5b237"},"headline":"Proyecto L\u00edbano: la misi\u00f3n salesiana no entiende de fronteras","datePublished":"2022-11-04T08:30:31+00:00","dateModified":"2022-11-14T07:52:08+00:00","mainEntityOfPage":{"@id":"http:\/\/www.salesianos.edu\/revistasmx\/proyecto-libano-la-mision-salesiana-no-entiende-de-fronteras\/"},"wordCount":2179,"commentCount":0,"image":{"@id":"http:\/\/www.salesianos.edu\/revistasmx\/proyecto-libano-la-mision-salesiana-no-entiende-de-fronteras\/#primaryimage"},"thumbnailUrl":"http:\/\/www.salesianos.edu\/revistasmx\/wp-content\/uploads\/sites\/8\/2022\/11\/622fec47e46f5c9dcecda23fcacec88c_XL.jpeg","articleSection":["A FONDO"],"inLanguage":"es","potentialAction":[{"@type":"CommentAction","name":"Comment","target":["http:\/\/www.salesianos.edu\/revistasmx\/proyecto-libano-la-mision-salesiana-no-entiende-de-fronteras\/#respond"]}]},{"@type":"WebPage","@id":"http:\/\/www.salesianos.edu\/revistasmx\/proyecto-libano-la-mision-salesiana-no-entiende-de-fronteras\/","url":"http:\/\/www.salesianos.edu\/revistasmx\/proyecto-libano-la-mision-salesiana-no-entiende-de-fronteras\/","name":"Proyecto L\u00edbano: la misi\u00f3n salesiana no entiende de fronteras - Revista SMX","isPartOf":{"@id":"http:\/\/www.salesianos.edu\/revistasmx\/#website"},"primaryImageOfPage":{"@id":"http:\/\/www.salesianos.edu\/revistasmx\/proyecto-libano-la-mision-salesiana-no-entiende-de-fronteras\/#primaryimage"},"image":{"@id":"http:\/\/www.salesianos.edu\/revistasmx\/proyecto-libano-la-mision-salesiana-no-entiende-de-fronteras\/#primaryimage"},"thumbnailUrl":"http:\/\/www.salesianos.edu\/revistasmx\/wp-content\/uploads\/sites\/8\/2022\/11\/622fec47e46f5c9dcecda23fcacec88c_XL.jpeg","datePublished":"2022-11-04T08:30:31+00:00","dateModified":"2022-11-14T07:52:08+00:00","author":{"@id":"http:\/\/www.salesianos.edu\/revistasmx\/#\/schema\/person\/20a80be1bb4e0ed82068c57facf5b237"},"breadcrumb":{"@id":"http:\/\/www.salesianos.edu\/revistasmx\/proyecto-libano-la-mision-salesiana-no-entiende-de-fronteras\/#breadcrumb"},"inLanguage":"es","potentialAction":[{"@type":"ReadAction","target":["http:\/\/www.salesianos.edu\/revistasmx\/proyecto-libano-la-mision-salesiana-no-entiende-de-fronteras\/"]}]},{"@type":"ImageObject","inLanguage":"es","@id":"http:\/\/www.salesianos.edu\/revistasmx\/proyecto-libano-la-mision-salesiana-no-entiende-de-fronteras\/#primaryimage","url":"http:\/\/www.salesianos.edu\/revistasmx\/wp-content\/uploads\/sites\/8\/2022\/11\/622fec47e46f5c9dcecda23fcacec88c_XL.jpeg","contentUrl":"http:\/\/www.salesianos.edu\/revistasmx\/wp-content\/uploads\/sites\/8\/2022\/11\/622fec47e46f5c9dcecda23fcacec88c_XL.jpeg","width":1024,"height":768},{"@type":"BreadcrumbList","@id":"http:\/\/www.salesianos.edu\/revistasmx\/proyecto-libano-la-mision-salesiana-no-entiende-de-fronteras\/#breadcrumb","itemListElement":[{"@type":"ListItem","position":1,"name":"Portada","item":"https:\/\/www.salesianos.edu\/revistasmx\/"},{"@type":"ListItem","position":2,"name":"Proyecto L\u00edbano: la misi\u00f3n salesiana no entiende de fronteras"}]},{"@type":"WebSite","@id":"http:\/\/www.salesianos.edu\/revistasmx\/#website","url":"http:\/\/www.salesianos.edu\/revistasmx\/","name":"Revista SMX","description":"P\u00e1gina oficial de Inspector\u00eda Salesiana Mar\u00eda Auxiliadora","potentialAction":[{"@type":"SearchAction","target":{"@type":"EntryPoint","urlTemplate":"http:\/\/www.salesianos.edu\/revistasmx\/?s={search_term_string}"},"query-input":{"@type":"PropertyValueSpecification","valueRequired":true,"valueName":"search_term_string"}}],"inLanguage":"es"},{"@type":"Person","@id":"http:\/\/www.salesianos.edu\/revistasmx\/#\/schema\/person\/20a80be1bb4e0ed82068c57facf5b237","name":"martapeirat","image":{"@type":"ImageObject","inLanguage":"es","@id":"https:\/\/secure.gravatar.com\/avatar\/1139b81b40ed1dde466563679597db378e7092bbfdd7ebb264c437fedde866d7?s=96&d=mm&r=g","url":"https:\/\/secure.gravatar.com\/avatar\/1139b81b40ed1dde466563679597db378e7092bbfdd7ebb264c437fedde866d7?s=96&d=mm&r=g","contentUrl":"https:\/\/secure.gravatar.com\/avatar\/1139b81b40ed1dde466563679597db378e7092bbfdd7ebb264c437fedde866d7?s=96&d=mm&r=g","caption":"martapeirat"}}]}},"_links":{"self":[{"href":"http:\/\/www.salesianos.edu\/revistasmx\/wp-json\/wp\/v2\/posts\/19322","targetHints":{"allow":["GET"]}}],"collection":[{"href":"http:\/\/www.salesianos.edu\/revistasmx\/wp-json\/wp\/v2\/posts"}],"about":[{"href":"http:\/\/www.salesianos.edu\/revistasmx\/wp-json\/wp\/v2\/types\/post"}],"author":[{"embeddable":true,"href":"http:\/\/www.salesianos.edu\/revistasmx\/wp-json\/wp\/v2\/users\/5"}],"replies":[{"embeddable":true,"href":"http:\/\/www.salesianos.edu\/revistasmx\/wp-json\/wp\/v2\/comments?post=19322"}],"version-history":[{"count":18,"href":"http:\/\/www.salesianos.edu\/revistasmx\/wp-json\/wp\/v2\/posts\/19322\/revisions"}],"predecessor-version":[{"id":19478,"href":"http:\/\/www.salesianos.edu\/revistasmx\/wp-json\/wp\/v2\/posts\/19322\/revisions\/19478"}],"wp:featuredmedia":[{"embeddable":true,"href":"http:\/\/www.salesianos.edu\/revistasmx\/wp-json\/wp\/v2\/media\/19351"}],"wp:attachment":[{"href":"http:\/\/www.salesianos.edu\/revistasmx\/wp-json\/wp\/v2\/media?parent=19322"}],"wp:term":[{"taxonomy":"category","embeddable":true,"href":"http:\/\/www.salesianos.edu\/revistasmx\/wp-json\/wp\/v2\/categories?post=19322"},{"taxonomy":"post_tag","embeddable":true,"href":"http:\/\/www.salesianos.edu\/revistasmx\/wp-json\/wp\/v2\/tags?post=19322"}],"curies":[{"name":"wp","href":"https:\/\/api.w.org\/{rel}","templated":true}]}}