{"id":19086,"date":"2022-06-03T09:09:55","date_gmt":"2022-06-03T07:09:55","guid":{"rendered":"https:\/\/www.salesianos.edu\/revistasmx\/?p=19086"},"modified":"2022-06-03T09:10:00","modified_gmt":"2022-06-03T07:10:00","slug":"de-santiago-a-tori-un-estiu-salesia-illusionant","status":"publish","type":"post","link":"http:\/\/www.salesianos.edu\/revistasmx\/ca\/de-santiago-a-tori-un-estiu-salesia-illusionant\/","title":{"rendered":"De Santiago a Tor\u00ed: Un Estiu salesi\u00e0 il\u00b7lusionant"},"content":{"rendered":"<div id=\"fb-root\"><\/div>\n<p>[et_pb_section fb_built=\u00bb1&#8243; admin_label=\u00bbsection\u00bb _builder_version=\u00bb4.16&#8243; global_colors_info=\u00bb{}\u00bb][et_pb_row admin_label=\u00bbrow\u00bb _builder_version=\u00bb4.16&#8243; background_size=\u00bbinitial\u00bb background_position=\u00bbtop_left\u00bb background_repeat=\u00bbrepeat\u00bb global_colors_info=\u00bb{}\u00bb][et_pb_column type=\u00bb4_4&#8243; _builder_version=\u00bb4.16&#8243; custom_padding=\u00bb|||\u00bb global_colors_info=\u00bb{}\u00bb custom_padding__hover=\u00bb|||\u00bb][et_pb_text _builder_version=\u00bb4.17.4&#8243; _module_preset=\u00bbdefault\u00bb hover_enabled=\u00bb0&#8243; sticky_enabled=\u00bb0&#8243;]<\/p>\n<p><span style=\"font-weight: 400\">Atreveix-te, confia, viu! Aquest lema, escollit per al Campobosco 2022 \u00e9s el millor missatge possible per anunciar el que ha de venir en un estiu molt especial. Despr\u00e9s de l&#8217;exigent temps de pand\u00e8mia, condicionat per les restriccions sanit\u00e0ries, la joventut salesiana torna a mirar amb il\u00b7lusi\u00f3 els mesos d&#8217;estiu sabent que moltes de les activitats centrals de l&#8217;any han tornat amb m\u00e9s for\u00e7a que mai.<\/span><\/p>\n<p><span style=\"font-weight: 400\">Per aix\u00f2, aquest <\/span><b>#EstiuSalesi\u00e0<\/b><span style=\"font-weight: 400\"> compta amb la tornada del Campobosco, una trobada organitzada per la pastoral juvenil salesiana d&#8217;Espanya i Portugal que tindr\u00e0 lloc del 30 de juliol al 8 d&#8217;agost i en qu\u00e8 es recorrer\u00e0 la terra on va n\u00e9ixer el carisma salesi\u00e0, la terra de Don Bosco i Mare Mazarello, apropant-se a la seva experi\u00e8ncia espiritual i a la seva resposta creient.<\/span><\/p>\n<blockquote>\n<p><em>Per a <strong>Xabier Camino <\/strong>i <strong>Jordi Lleix\u00e0<\/strong>, delegats inspectorials de Pastoral Juvenil, l&#8217;estiu es presenta emocionant amb el Campobosco a la vista.\u00a0\u201cEl CampoBosco sempre \u00e9s un regal de trobada. L&#8217;experi\u00e8ncia toca el m\u00e9s profund dels qui hi participen, afavorint un viatge interior a les arrels del nostre carisma salesi\u00e0 que enforteix encara m\u00e9s el que som i fem a cadascuna de les nostres Cases\u201d explica Xabi. \u201cVisitar els llocs dels nostres or\u00edgens remou el nostre cor i ens retrotrau a les nostres arrels, que ens recorden qui som i qui estem cridats a ser a l&#8217;Esgl\u00e9sia i al m\u00f3n. L&#8217;experi\u00e8ncia no deixa indiferent ning\u00fa i, certament, marca un abans i un despr\u00e9s a la vida cristiana dels joves que hi participen\u201d afegeix.<\/em><\/p>\n<\/blockquote>\n<p><span style=\"font-weight: 400\">\u201cHe tingut l&#8217;oportunitat de participar en sis CampoBoscos. Aquest del 2022 ser\u00e0 el set\u00e8 per a mi, en aquesta ocasi\u00f3 com a Delegat inspectorial de Pastoral Juvenil. Les expectatives s\u00f3n molt altes perqu\u00e8, despr\u00e9s d&#8217;aquests anys de pand\u00e8mia, la il\u00b7lusi\u00f3 per trobar-nos a la Terra Santa salesiana encara \u00e9s m\u00e9s gran i es palpa en l&#8217;ambient dels que ja esperen la trobada amb moltes ganes. Ser\u00e0 una oportunitat per sentir-nos fam\u00edlia, celebrar junts la nostra fe, compartir la joia pr\u00f2pia de la nostra espiritualitat juvenil salesiana i continuar comprometent la nostra vida en un projecte vocacional ple de sentit a la llum de l&#8217;Evangeli\u201d conclou.<\/span><\/p>\n<blockquote>\n<p><em><span style=\"font-weight: 400\">D&#8217;altra banda, Jordi espera que \u201caquesta trobada sigui per als seus participants, i per a totes les persones que els acompanyem, una experi\u00e8ncia de trobada amb Jes\u00fas Ressuscitat que ens impulsi a implicar-nos m\u00e9s en l&#8217;apassionant missi\u00f3 salesiana. Anar als or\u00edgens de les vides de Don Bosco i Maria Mazzarello ens ha d&#8217;ajudar a veure que tot \u00e9s obra de D\u00e9u, que ells van sentir la crida a donar la seva vida pels joves, i que ara aquesta crida s\u2019adre\u00e7a \u200b\u200ba nosaltres. El Campobosco sempre ha estat un moment de revitalitzaci\u00f3 pastoral per a les Inspectories i cadascuna de les cases que hi participen. El meu desig \u00e9s que aquesta vegada ho torni a ser.\u00bb\u00a0<\/span><\/em><\/p>\n<\/blockquote>\n<p><span style=\"font-weight: 400\">\u201cA l&#8217;horitz\u00f3 de <\/span><b>l&#8217;Any de la Fam\u00edlia<\/b><span style=\"font-weight: 400\">, del quart centenari de la mort de Sant Francesc de Sales i del 150\u00e8 aniversari de la fundaci\u00f3 de l&#8217;Institut de les Filles de Maria Auxiliadora, amb el Campobosco ens aproparem a Jes\u00fas i el seu Evangeli a trav\u00e9s de la Paraula de D\u00e9u, ens fixarem en el rostre de Jes\u00fas que va inspirar els nostres fundadors, ens deixarem confrontar per la fe que van viure Don Bosco, Mare Mazzarello, i els joves del primer Oratori. En aquest Campobosco volem encoratjar el protagonisme dels joves fent cam\u00ed sinodal amb l&#8217;Esgl\u00e9sia del nostre temps\u201d, comenten des de l&#8217;organitzaci\u00f3 despr\u00e9s del llan\u00e7ament de la convocat\u00f2ria.<\/span><\/p>\n<p>[\/et_pb_text][deg_elastic_gallery _builder_version=\u00bb4.17.4&#8243; _module_preset=\u00bbdefault\u00bb hover_enabled=\u00bb0&#8243; sticky_enabled=\u00bb0&#8243; gallery_ids=\u00bb19094,19102&#8243;][\/deg_elastic_gallery][et_pb_text _builder_version=\u00bb4.17.4&#8243; _module_preset=\u00bbdefault\u00bb hover_enabled=\u00bb0&#8243; sticky_enabled=\u00bb0&#8243;]<\/p>\n<p><b>Els objectius d\u00b4aquesta trobada s\u00f3n <\/b><span style=\"font-weight: 400\">fer experi\u00e8ncia de vida cristiana recorrent els llocs on va n\u00e9ixer el carisma salesi\u00e0, trobant-nos amb Jes\u00fas a trav\u00e9s de l\u00b4experi\u00e8ncia de vida cristiana que van viure Don Bosco, Mare Mazzarello i els joves del primer Oratori. Proposar les figures dels joves sants que van florir a Valdocco i Mornese com a inspiraci\u00f3 per al projecte de vida evang\u00e8lic propi i viure l&#8217;eclesialitat des del protagonisme juvenil i la comuni\u00f3 carism\u00e0tica en sintonia amb tota la comunitat cristiana que camina cap al s\u00ednode.<\/span><\/p>\n<p><span style=\"font-weight: 400\">Per a <\/span><b>\u00c1lvaro Blanco<\/b><span style=\"font-weight: 400\">, <\/span><span style=\"font-weight: 400\">animador salesi\u00e0, ser\u00e0 el seu primer Campobosco i espera que sigui una experi\u00e8ncia \u00abque no deixi indiferent cap dels assistents, que ens faci sentir fills d\u00b4un mateix D\u00e9u i participants d\u00b4una mateixa comunitat salesiana i eclesial\u00bb. \u201c\u00c9s una gran oportunitat per acudir a la matriu de tots els nostres ambients, all\u00e0 on Don Bosco va somiar i va comen\u00e7ar a construir des de zero. S\u00f3n dies per compartir experi\u00e8ncies, con\u00e8ixer altres realitats i amarar-se de tot lo bo que suposa donar-se als altres\u201d afegeix.<\/span><\/p>\n<p>[\/et_pb_text][deg_elastic_gallery _builder_version=\u00bb4.17.4&#8243; _module_preset=\u00bbdefault\u00bb hover_enabled=\u00bb0&#8243; sticky_enabled=\u00bb0&#8243; gallery_ids=\u00bb19103,19101&#8243;][\/deg_elastic_gallery][et_pb_text _builder_version=\u00bb4.17.4&#8243; _module_preset=\u00bbdefault\u00bb hover_enabled=\u00bb0&#8243; sticky_enabled=\u00bb0&#8243;]<\/p>\n<p><b>Peregrinaci\u00f3 Europea de Joves<\/b><\/p>\n<p><span style=\"font-weight: 400\">D&#8217;altra banda, aquest temps estival tamb\u00e9 compta amb una invitaci\u00f3 molt especial. El Moviment Juvenil Salesi\u00e0 (MJS) ofereix la possibilitat, en aquest il\u00b7lusionant any sant, de participar en la Peregrinaci\u00f3 Europea de Joves (PEJ) a Santiago de Compostel\u00b7la. Aquesta experi\u00e8ncia es desenvolupar\u00e0 de l&#8217;1 al 7 d&#8217;agost, amb la realitzaci\u00f3 d&#8217;un tram del <\/span><b>Cam\u00ed de Sant Jaume<\/b><span style=\"font-weight: 400\">. El pelegrinatge per a joves del 2022 porta per lema <\/span><b>\u201cJove, aixeca&#8217;t i sigues testimoni. L&#8217;ap\u00f2stol Sant Jaume t&#8217;espera\u201d<\/b><span style=\"font-weight: 400\"> i es convoca amb motiu de l&#8217;Any Sant Compostel\u00b7l\u00e0 2021 que va ser prorrogat fins a finals del 2022 pel Papa Francesc.<\/span><\/p>\n<p><span style=\"font-weight: 400\">La capital gallega esdevindr\u00e0 uns dies un punt de trobada de <\/span><b>joves<\/b><span style=\"font-weight: 400\"> arribats de diferents punts <\/span><b>d&#8217;Europa<\/b><span style=\"font-weight: 400\">. Una nova oportunitat perqu\u00e8 els joves de les cases salesianes es posin en cam\u00ed en comunitat, compartint moments de preg\u00e0ria i creixement personal, a m\u00e9s d&#8217;activitats com ara concerts i altres experi\u00e8ncies l\u00fadiques.<\/span><\/p>\n<p>[\/et_pb_text][deg_elastic_gallery _builder_version=\u00bb4.17.4&#8243; _module_preset=\u00bbdefault\u00bb hover_enabled=\u00bb0&#8243; sticky_enabled=\u00bb0&#8243; gallery_ids=\u00bb19108,19091&#8243;][\/deg_elastic_gallery][et_pb_text _builder_version=\u00bb4.17.4&#8243; _module_preset=\u00bbdefault\u00bb hover_enabled=\u00bb0&#8243; sticky_enabled=\u00bb0&#8243;]<\/p>\n<p><b>Altres activitats formatives i d&#8217;estiu<\/b><\/p>\n<p><span style=\"font-weight: 400\">A m\u00e9s d&#8217;aquests dos esdeveniments, en qu\u00e8 es concentraran milers de joves, es comptar\u00e0 amb l&#8217;habitual programa amb una \u00e0mplia programaci\u00f3 d&#8217;activitats desenvolupades des dels Centres Juvenils, per als destinataris dels grups de l&#8217;Itinerari d&#8217;Educaci\u00f3 a la Fe o pensant en la formaci\u00f3 dels futurs animadors des de les Federacions i Escoles de Temps de Lleure.<\/span><\/p>\n<p><span style=\"font-weight: 400\">El coordinador inspectorial d&#8217;Educaci\u00f3 a la Fe, <\/span><b>Jos\u00e9 Luis Navarro<\/b><span style=\"font-weight: 400\">, explica que <\/span><span style=\"font-weight: 400\">\u201cl&#8217;experi\u00e8ncia d&#8217;aquests anys de pand\u00e8mia ha posat de manifest la necessitat de continuar oferint espais de relaci\u00f3 per al creixement hum\u00e0 i espiritual de tants infants, adolescents i joves que necessiten viure moments de trobada de qualitat\u201d. Certament la pand\u00e8mia ha passat factura i moltes activitats que ja eren tradicionals han de ser repensades i tornades a lluitar, per\u00f2 \u00e9s meravell\u00f3s veure com des de la Inspectoria i des de cadascuna de les cases a nivell local s&#8217;estan multiplicant les programacions d&#8217;activitats que van a tractar sens dubte de generar aquests espais de vida durant l&#8217;estiu\u201d.<\/span><\/p>\n<p><span style=\"font-weight: 400\">Des de la Delegaci\u00f3 de Pastoral juvenil es presenta any rere any una \u00e0mplia oferta de campaments i activitats per als destinataris de l&#8217;Itinerari d&#8217;Educaci\u00f3 a la Fe (IEF), compresos entre els darrers cursos de prim\u00e0ria i els joves universitaris. Cada etapa pot participar en aquestes iniciatives celebrades de juny a agost catalogades per molts com el millor moment del curs on participen salesians, animadors, seglars i nois implicats a les activitats de campaments, oratoris, col\u00f2nies, escoles d&#8217;animadors, etc.\u00a0<\/span><\/p>\n<p><span style=\"font-weight: 400\">Per aix\u00f2 desitjo que les activitats d&#8217;estiu agafin molta empenta i puguin arribar amb m\u00e9s for\u00e7a despr\u00e9s de la pand\u00e8mia. Especialment espero que els campaments de l&#8217;IEF ajudin a continuar educant i evangelitzant des del temps de lleure. A portar la bona not\u00edcia de l&#8217;Evangeli tants joves de la nostra inspectoria que des de la diversi\u00f3, el grup, la celebraci\u00f3 de la fe, l&#8217;amistat&#8230; tinguin experi\u00e8ncies significatives que vagin canviant a poc a poc la seva vida al descobriment de la pr\u00f2pia vocaci\u00f3 .<\/span><\/p>\n<p><span style=\"font-weight: 400\">Els campaments de l&#8217;IEF volen ser un moment fort a la vida de tots els que participen de l&#8217;itinerari de creixement en la fe.<\/span><\/p>\n<p><span style=\"font-weight: 400\">Com recull el <\/span><b>Llibre Guia de l\u2019Animador<\/b><span style=\"font-weight: 400\">, \u00abels campaments d&#8217;estiu, organitzats a nivell local o inspectorial, per viure una experi\u00e8ncia de conviv\u00e8ncia, reflexi\u00f3 i celebraci\u00f3, que serveixi de s\u00edntesi del proc\u00e9s de fe seguit durant el curs i de p\u00f2rtic del seg\u00fcent.\u00bb<\/span><\/p>\n<p><span style=\"font-weight: 400\">Com a fil conductor d&#8217;aquestes experi\u00e8ncies estar\u00e0 a les xarxes socials el hashtag <\/span><b>#EstiuSalesi\u00e0<\/b><span style=\"font-weight: 400\"> on, igual que en anys anteriors, es compartiran els moments viscuts per diferents punts de la geografia inspectorial.<\/span><\/p>\n<p>[\/et_pb_text][deg_elastic_gallery _builder_version=\u00bb4.17.4&#8243; _module_preset=\u00bbdefault\u00bb gallery_ids=\u00bb19095,19098&#8243; hover_enabled=\u00bb0&#8243; sticky_enabled=\u00bb0&#8243;][\/deg_elastic_gallery][et_pb_button _builder_version=\u00bb4.17.4&#8243; _module_preset=\u00bbdefault\u00bb button_text=\u00bbDates i llocs\u00bb hover_enabled=\u00bb0&#8243; sticky_enabled=\u00bb0&#8243; button_url=\u00bbhttps:\/\/salesianos.info\/blog\/fechas-a-tener-en-cuenta-para-vivir-con-intensidad-el-veranosalesiano\/ \u00ab][\/et_pb_button][deg_elastic_gallery _builder_version=\u00bb4.17.4&#8243; _module_preset=\u00bbdefault\u00bb gallery_ids=\u00bb19109,19108,19107,19106,19105,19104,19098,19099,19100,19101,19102,19103,19097,19096,19095,19094,19093,19092,19091,19090&#8243; hover_enabled=\u00bb0&#8243; sticky_enabled=\u00bb0&#8243;][\/deg_elastic_gallery][\/et_pb_column][\/et_pb_row][\/et_pb_section]<\/p>\n","protected":false},"excerpt":{"rendered":"<p>Atreveix-te, confia, viu! Aquest lema, escollit per al Campobosco 2022 \u00e9s el millor missatge possible per anunciar el que ha de venir en un estiu molt especial. Despr\u00e9s de l&#8217;exigent temps de pand\u00e8mia, condicionat per les restriccions sanit\u00e0ries, la joventut salesiana torna a mirar amb il\u00b7lusi\u00f3 els mesos d&#8217;estiu sabent que moltes de les activitats centrals de l&#8217;any han tornat amb m\u00e9s for\u00e7a que mai.<\/p>\n","protected":false},"author":5,"featured_media":19062,"comment_status":"open","ping_status":"closed","sticky":false,"template":"","format":"standard","meta":{"_et_pb_use_builder":"on","_et_pb_old_content":"","_et_gb_content_width":"","footnotes":""},"categories":[53],"tags":[],"class_list":["post-19086","post","type-post","status-publish","format-standard","has-post-thumbnail","hentry","category-a-fons"],"yoast_head":"<!-- This site is optimized with the Yoast SEO plugin v27.5 - https:\/\/yoast.com\/product\/yoast-seo-wordpress\/ -->\n<title>De Santiago a Tor\u00ed: Un Estiu salesi\u00e0 il\u00b7lusionant - Revista SMX<\/title>\n<meta name=\"robots\" content=\"index, follow, max-snippet:-1, max-image-preview:large, max-video-preview:-1\" \/>\n<link rel=\"canonical\" href=\"http:\/\/www.salesianos.edu\/revistasmx\/ca\/de-santiago-a-tori-un-estiu-salesia-illusionant\/\" \/>\n<meta property=\"og:locale\" content=\"es_ES\" \/>\n<meta property=\"og:type\" content=\"article\" \/>\n<meta property=\"og:title\" content=\"De Santiago a Tor\u00ed: Un Estiu salesi\u00e0 il\u00b7lusionant - Revista SMX\" \/>\n<meta property=\"og:description\" content=\"Atreveix-te, confia, viu! Aquest lema, escollit per al Campobosco 2022 \u00e9s el millor missatge possible per anunciar el que ha de venir en un estiu molt especial. Despr\u00e9s de l&#039;exigent temps de pand\u00e8mia, condicionat per les restriccions sanit\u00e0ries, la joventut salesiana torna a mirar amb il\u00b7lusi\u00f3 els mesos d&#039;estiu sabent que moltes de les activitats centrals de l&#039;any han tornat amb m\u00e9s for\u00e7a que mai.\" \/>\n<meta property=\"og:url\" content=\"http:\/\/www.salesianos.edu\/revistasmx\/ca\/de-santiago-a-tori-un-estiu-salesia-illusionant\/\" \/>\n<meta property=\"og:site_name\" content=\"Revista SMX\" \/>\n<meta property=\"article:published_time\" content=\"2022-06-03T07:09:55+00:00\" \/>\n<meta property=\"article:modified_time\" content=\"2022-06-03T07:10:00+00:00\" \/>\n<meta property=\"og:image\" content=\"https:\/\/www.salesianos.edu\/revistasmx\/wp-content\/uploads\/sites\/8\/2022\/06\/noticia_Impeesa_22_04_17_Grupo-scout-carrasqueta_1.jpeg\" \/>\n\t<meta property=\"og:image:width\" content=\"1000\" \/>\n\t<meta property=\"og:image:height\" content=\"450\" \/>\n\t<meta property=\"og:image:type\" content=\"image\/jpeg\" \/>\n<meta name=\"author\" content=\"martapeirat\" \/>\n<meta name=\"twitter:card\" content=\"summary_large_image\" \/>\n<meta name=\"twitter:label1\" content=\"Escrito por\" \/>\n\t<meta name=\"twitter:data1\" content=\"martapeirat\" \/>\n\t<meta name=\"twitter:label2\" content=\"Tiempo de lectura\" \/>\n\t<meta name=\"twitter:data2\" content=\"8 minutos\" \/>\n<script type=\"application\/ld+json\" class=\"yoast-schema-graph\">{\"@context\":\"https:\\\/\\\/schema.org\",\"@graph\":[{\"@type\":\"Article\",\"@id\":\"http:\\\/\\\/www.salesianos.edu\\\/revistasmx\\\/ca\\\/de-santiago-a-tori-un-estiu-salesia-illusionant\\\/#article\",\"isPartOf\":{\"@id\":\"http:\\\/\\\/www.salesianos.edu\\\/revistasmx\\\/ca\\\/de-santiago-a-tori-un-estiu-salesia-illusionant\\\/\"},\"author\":{\"name\":\"martapeirat\",\"@id\":\"http:\\\/\\\/www.salesianos.edu\\\/revistasmx\\\/#\\\/schema\\\/person\\\/20a80be1bb4e0ed82068c57facf5b237\"},\"headline\":\"De Santiago a Tor\u00ed: Un Estiu salesi\u00e0 il\u00b7lusionant\",\"datePublished\":\"2022-06-03T07:09:55+00:00\",\"dateModified\":\"2022-06-03T07:10:00+00:00\",\"mainEntityOfPage\":{\"@id\":\"http:\\\/\\\/www.salesianos.edu\\\/revistasmx\\\/ca\\\/de-santiago-a-tori-un-estiu-salesia-illusionant\\\/\"},\"wordCount\":1711,\"commentCount\":0,\"image\":{\"@id\":\"http:\\\/\\\/www.salesianos.edu\\\/revistasmx\\\/ca\\\/de-santiago-a-tori-un-estiu-salesia-illusionant\\\/#primaryimage\"},\"thumbnailUrl\":\"http:\\\/\\\/www.salesianos.edu\\\/revistasmx\\\/wp-content\\\/uploads\\\/sites\\\/8\\\/2022\\\/06\\\/noticia_Impeesa_22_04_17_Grupo-scout-carrasqueta_1.jpeg\",\"articleSection\":[\"A FONS\"],\"inLanguage\":\"es\",\"potentialAction\":[{\"@type\":\"CommentAction\",\"name\":\"Comment\",\"target\":[\"http:\\\/\\\/www.salesianos.edu\\\/revistasmx\\\/ca\\\/de-santiago-a-tori-un-estiu-salesia-illusionant\\\/#respond\"]}]},{\"@type\":\"WebPage\",\"@id\":\"http:\\\/\\\/www.salesianos.edu\\\/revistasmx\\\/ca\\\/de-santiago-a-tori-un-estiu-salesia-illusionant\\\/\",\"url\":\"http:\\\/\\\/www.salesianos.edu\\\/revistasmx\\\/ca\\\/de-santiago-a-tori-un-estiu-salesia-illusionant\\\/\",\"name\":\"De Santiago a Tor\u00ed: Un Estiu salesi\u00e0 il\u00b7lusionant - Revista SMX\",\"isPartOf\":{\"@id\":\"http:\\\/\\\/www.salesianos.edu\\\/revistasmx\\\/#website\"},\"primaryImageOfPage\":{\"@id\":\"http:\\\/\\\/www.salesianos.edu\\\/revistasmx\\\/ca\\\/de-santiago-a-tori-un-estiu-salesia-illusionant\\\/#primaryimage\"},\"image\":{\"@id\":\"http:\\\/\\\/www.salesianos.edu\\\/revistasmx\\\/ca\\\/de-santiago-a-tori-un-estiu-salesia-illusionant\\\/#primaryimage\"},\"thumbnailUrl\":\"http:\\\/\\\/www.salesianos.edu\\\/revistasmx\\\/wp-content\\\/uploads\\\/sites\\\/8\\\/2022\\\/06\\\/noticia_Impeesa_22_04_17_Grupo-scout-carrasqueta_1.jpeg\",\"datePublished\":\"2022-06-03T07:09:55+00:00\",\"dateModified\":\"2022-06-03T07:10:00+00:00\",\"author\":{\"@id\":\"http:\\\/\\\/www.salesianos.edu\\\/revistasmx\\\/#\\\/schema\\\/person\\\/20a80be1bb4e0ed82068c57facf5b237\"},\"breadcrumb\":{\"@id\":\"http:\\\/\\\/www.salesianos.edu\\\/revistasmx\\\/ca\\\/de-santiago-a-tori-un-estiu-salesia-illusionant\\\/#breadcrumb\"},\"inLanguage\":\"es\",\"potentialAction\":[{\"@type\":\"ReadAction\",\"target\":[\"http:\\\/\\\/www.salesianos.edu\\\/revistasmx\\\/ca\\\/de-santiago-a-tori-un-estiu-salesia-illusionant\\\/\"]}]},{\"@type\":\"ImageObject\",\"inLanguage\":\"es\",\"@id\":\"http:\\\/\\\/www.salesianos.edu\\\/revistasmx\\\/ca\\\/de-santiago-a-tori-un-estiu-salesia-illusionant\\\/#primaryimage\",\"url\":\"http:\\\/\\\/www.salesianos.edu\\\/revistasmx\\\/wp-content\\\/uploads\\\/sites\\\/8\\\/2022\\\/06\\\/noticia_Impeesa_22_04_17_Grupo-scout-carrasqueta_1.jpeg\",\"contentUrl\":\"http:\\\/\\\/www.salesianos.edu\\\/revistasmx\\\/wp-content\\\/uploads\\\/sites\\\/8\\\/2022\\\/06\\\/noticia_Impeesa_22_04_17_Grupo-scout-carrasqueta_1.jpeg\",\"width\":1000,\"height\":450},{\"@type\":\"BreadcrumbList\",\"@id\":\"http:\\\/\\\/www.salesianos.edu\\\/revistasmx\\\/ca\\\/de-santiago-a-tori-un-estiu-salesia-illusionant\\\/#breadcrumb\",\"itemListElement\":[{\"@type\":\"ListItem\",\"position\":1,\"name\":\"Portada\",\"item\":\"https:\\\/\\\/www.salesianos.edu\\\/revistasmx\\\/\"},{\"@type\":\"ListItem\",\"position\":2,\"name\":\"De Santiago a Tor\u00ed: Un Estiu salesi\u00e0 il\u00b7lusionant\"}]},{\"@type\":\"WebSite\",\"@id\":\"http:\\\/\\\/www.salesianos.edu\\\/revistasmx\\\/#website\",\"url\":\"http:\\\/\\\/www.salesianos.edu\\\/revistasmx\\\/\",\"name\":\"Revista SMX\",\"description\":\"P\u00e1gina oficial de Inspector\u00eda Salesiana Mar\u00eda Auxiliadora\",\"potentialAction\":[{\"@type\":\"SearchAction\",\"target\":{\"@type\":\"EntryPoint\",\"urlTemplate\":\"http:\\\/\\\/www.salesianos.edu\\\/revistasmx\\\/?s={search_term_string}\"},\"query-input\":{\"@type\":\"PropertyValueSpecification\",\"valueRequired\":true,\"valueName\":\"search_term_string\"}}],\"inLanguage\":\"es\"},{\"@type\":\"Person\",\"@id\":\"http:\\\/\\\/www.salesianos.edu\\\/revistasmx\\\/#\\\/schema\\\/person\\\/20a80be1bb4e0ed82068c57facf5b237\",\"name\":\"martapeirat\",\"image\":{\"@type\":\"ImageObject\",\"inLanguage\":\"es\",\"@id\":\"https:\\\/\\\/secure.gravatar.com\\\/avatar\\\/1139b81b40ed1dde466563679597db378e7092bbfdd7ebb264c437fedde866d7?s=96&d=mm&r=g\",\"url\":\"https:\\\/\\\/secure.gravatar.com\\\/avatar\\\/1139b81b40ed1dde466563679597db378e7092bbfdd7ebb264c437fedde866d7?s=96&d=mm&r=g\",\"contentUrl\":\"https:\\\/\\\/secure.gravatar.com\\\/avatar\\\/1139b81b40ed1dde466563679597db378e7092bbfdd7ebb264c437fedde866d7?s=96&d=mm&r=g\",\"caption\":\"martapeirat\"}}]}<\/script>\n<!-- \/ Yoast SEO plugin. -->","yoast_head_json":{"title":"De Santiago a Tor\u00ed: Un Estiu salesi\u00e0 il\u00b7lusionant - Revista SMX","robots":{"index":"index","follow":"follow","max-snippet":"max-snippet:-1","max-image-preview":"max-image-preview:large","max-video-preview":"max-video-preview:-1"},"canonical":"http:\/\/www.salesianos.edu\/revistasmx\/ca\/de-santiago-a-tori-un-estiu-salesia-illusionant\/","og_locale":"es_ES","og_type":"article","og_title":"De Santiago a Tor\u00ed: Un Estiu salesi\u00e0 il\u00b7lusionant - Revista SMX","og_description":"Atreveix-te, confia, viu! Aquest lema, escollit per al Campobosco 2022 \u00e9s el millor missatge possible per anunciar el que ha de venir en un estiu molt especial. Despr\u00e9s de l'exigent temps de pand\u00e8mia, condicionat per les restriccions sanit\u00e0ries, la joventut salesiana torna a mirar amb il\u00b7lusi\u00f3 els mesos d'estiu sabent que moltes de les activitats centrals de l'any han tornat amb m\u00e9s for\u00e7a que mai.","og_url":"http:\/\/www.salesianos.edu\/revistasmx\/ca\/de-santiago-a-tori-un-estiu-salesia-illusionant\/","og_site_name":"Revista SMX","article_published_time":"2022-06-03T07:09:55+00:00","article_modified_time":"2022-06-03T07:10:00+00:00","og_image":[{"width":1000,"height":450,"url":"https:\/\/www.salesianos.edu\/revistasmx\/wp-content\/uploads\/sites\/8\/2022\/06\/noticia_Impeesa_22_04_17_Grupo-scout-carrasqueta_1.jpeg","type":"image\/jpeg"}],"author":"martapeirat","twitter_card":"summary_large_image","twitter_misc":{"Escrito por":"martapeirat","Tiempo de lectura":"8 minutos"},"schema":{"@context":"https:\/\/schema.org","@graph":[{"@type":"Article","@id":"http:\/\/www.salesianos.edu\/revistasmx\/ca\/de-santiago-a-tori-un-estiu-salesia-illusionant\/#article","isPartOf":{"@id":"http:\/\/www.salesianos.edu\/revistasmx\/ca\/de-santiago-a-tori-un-estiu-salesia-illusionant\/"},"author":{"name":"martapeirat","@id":"http:\/\/www.salesianos.edu\/revistasmx\/#\/schema\/person\/20a80be1bb4e0ed82068c57facf5b237"},"headline":"De Santiago a Tor\u00ed: Un Estiu salesi\u00e0 il\u00b7lusionant","datePublished":"2022-06-03T07:09:55+00:00","dateModified":"2022-06-03T07:10:00+00:00","mainEntityOfPage":{"@id":"http:\/\/www.salesianos.edu\/revistasmx\/ca\/de-santiago-a-tori-un-estiu-salesia-illusionant\/"},"wordCount":1711,"commentCount":0,"image":{"@id":"http:\/\/www.salesianos.edu\/revistasmx\/ca\/de-santiago-a-tori-un-estiu-salesia-illusionant\/#primaryimage"},"thumbnailUrl":"http:\/\/www.salesianos.edu\/revistasmx\/wp-content\/uploads\/sites\/8\/2022\/06\/noticia_Impeesa_22_04_17_Grupo-scout-carrasqueta_1.jpeg","articleSection":["A FONS"],"inLanguage":"es","potentialAction":[{"@type":"CommentAction","name":"Comment","target":["http:\/\/www.salesianos.edu\/revistasmx\/ca\/de-santiago-a-tori-un-estiu-salesia-illusionant\/#respond"]}]},{"@type":"WebPage","@id":"http:\/\/www.salesianos.edu\/revistasmx\/ca\/de-santiago-a-tori-un-estiu-salesia-illusionant\/","url":"http:\/\/www.salesianos.edu\/revistasmx\/ca\/de-santiago-a-tori-un-estiu-salesia-illusionant\/","name":"De Santiago a Tor\u00ed: Un Estiu salesi\u00e0 il\u00b7lusionant - Revista SMX","isPartOf":{"@id":"http:\/\/www.salesianos.edu\/revistasmx\/#website"},"primaryImageOfPage":{"@id":"http:\/\/www.salesianos.edu\/revistasmx\/ca\/de-santiago-a-tori-un-estiu-salesia-illusionant\/#primaryimage"},"image":{"@id":"http:\/\/www.salesianos.edu\/revistasmx\/ca\/de-santiago-a-tori-un-estiu-salesia-illusionant\/#primaryimage"},"thumbnailUrl":"http:\/\/www.salesianos.edu\/revistasmx\/wp-content\/uploads\/sites\/8\/2022\/06\/noticia_Impeesa_22_04_17_Grupo-scout-carrasqueta_1.jpeg","datePublished":"2022-06-03T07:09:55+00:00","dateModified":"2022-06-03T07:10:00+00:00","author":{"@id":"http:\/\/www.salesianos.edu\/revistasmx\/#\/schema\/person\/20a80be1bb4e0ed82068c57facf5b237"},"breadcrumb":{"@id":"http:\/\/www.salesianos.edu\/revistasmx\/ca\/de-santiago-a-tori-un-estiu-salesia-illusionant\/#breadcrumb"},"inLanguage":"es","potentialAction":[{"@type":"ReadAction","target":["http:\/\/www.salesianos.edu\/revistasmx\/ca\/de-santiago-a-tori-un-estiu-salesia-illusionant\/"]}]},{"@type":"ImageObject","inLanguage":"es","@id":"http:\/\/www.salesianos.edu\/revistasmx\/ca\/de-santiago-a-tori-un-estiu-salesia-illusionant\/#primaryimage","url":"http:\/\/www.salesianos.edu\/revistasmx\/wp-content\/uploads\/sites\/8\/2022\/06\/noticia_Impeesa_22_04_17_Grupo-scout-carrasqueta_1.jpeg","contentUrl":"http:\/\/www.salesianos.edu\/revistasmx\/wp-content\/uploads\/sites\/8\/2022\/06\/noticia_Impeesa_22_04_17_Grupo-scout-carrasqueta_1.jpeg","width":1000,"height":450},{"@type":"BreadcrumbList","@id":"http:\/\/www.salesianos.edu\/revistasmx\/ca\/de-santiago-a-tori-un-estiu-salesia-illusionant\/#breadcrumb","itemListElement":[{"@type":"ListItem","position":1,"name":"Portada","item":"https:\/\/www.salesianos.edu\/revistasmx\/"},{"@type":"ListItem","position":2,"name":"De Santiago a Tor\u00ed: Un Estiu salesi\u00e0 il\u00b7lusionant"}]},{"@type":"WebSite","@id":"http:\/\/www.salesianos.edu\/revistasmx\/#website","url":"http:\/\/www.salesianos.edu\/revistasmx\/","name":"Revista SMX","description":"P\u00e1gina oficial de Inspector\u00eda Salesiana Mar\u00eda Auxiliadora","potentialAction":[{"@type":"SearchAction","target":{"@type":"EntryPoint","urlTemplate":"http:\/\/www.salesianos.edu\/revistasmx\/?s={search_term_string}"},"query-input":{"@type":"PropertyValueSpecification","valueRequired":true,"valueName":"search_term_string"}}],"inLanguage":"es"},{"@type":"Person","@id":"http:\/\/www.salesianos.edu\/revistasmx\/#\/schema\/person\/20a80be1bb4e0ed82068c57facf5b237","name":"martapeirat","image":{"@type":"ImageObject","inLanguage":"es","@id":"https:\/\/secure.gravatar.com\/avatar\/1139b81b40ed1dde466563679597db378e7092bbfdd7ebb264c437fedde866d7?s=96&d=mm&r=g","url":"https:\/\/secure.gravatar.com\/avatar\/1139b81b40ed1dde466563679597db378e7092bbfdd7ebb264c437fedde866d7?s=96&d=mm&r=g","contentUrl":"https:\/\/secure.gravatar.com\/avatar\/1139b81b40ed1dde466563679597db378e7092bbfdd7ebb264c437fedde866d7?s=96&d=mm&r=g","caption":"martapeirat"}}]}},"_links":{"self":[{"href":"http:\/\/www.salesianos.edu\/revistasmx\/wp-json\/wp\/v2\/posts\/19086","targetHints":{"allow":["GET"]}}],"collection":[{"href":"http:\/\/www.salesianos.edu\/revistasmx\/wp-json\/wp\/v2\/posts"}],"about":[{"href":"http:\/\/www.salesianos.edu\/revistasmx\/wp-json\/wp\/v2\/types\/post"}],"author":[{"embeddable":true,"href":"http:\/\/www.salesianos.edu\/revistasmx\/wp-json\/wp\/v2\/users\/5"}],"replies":[{"embeddable":true,"href":"http:\/\/www.salesianos.edu\/revistasmx\/wp-json\/wp\/v2\/comments?post=19086"}],"version-history":[{"count":3,"href":"http:\/\/www.salesianos.edu\/revistasmx\/wp-json\/wp\/v2\/posts\/19086\/revisions"}],"predecessor-version":[{"id":19111,"href":"http:\/\/www.salesianos.edu\/revistasmx\/wp-json\/wp\/v2\/posts\/19086\/revisions\/19111"}],"wp:featuredmedia":[{"embeddable":true,"href":"http:\/\/www.salesianos.edu\/revistasmx\/wp-json\/wp\/v2\/media\/19062"}],"wp:attachment":[{"href":"http:\/\/www.salesianos.edu\/revistasmx\/wp-json\/wp\/v2\/media?parent=19086"}],"wp:term":[{"taxonomy":"category","embeddable":true,"href":"http:\/\/www.salesianos.edu\/revistasmx\/wp-json\/wp\/v2\/categories?post=19086"},{"taxonomy":"post_tag","embeddable":true,"href":"http:\/\/www.salesianos.edu\/revistasmx\/wp-json\/wp\/v2\/tags?post=19086"}],"curies":[{"name":"wp","href":"https:\/\/api.w.org\/{rel}","templated":true}]}}